{"id":22684,"date":"2022-05-01T12:00:06","date_gmt":"2022-05-01T10:00:06","guid":{"rendered":"http:\/\/pakosc-kalwaria.franciszkanie.net\/?p=22684"},"modified":"2022-05-01T12:50:53","modified_gmt":"2022-05-01T10:50:53","slug":"do-medytacji-z-kalwaryjskiego-wzgorza-z-niedzieli-01-05-2022","status":"publish","type":"post","link":"https:\/\/pakosc-kalwaria.franciszkanie.net\/index.php\/2022\/05\/01\/do-medytacji-z-kalwaryjskiego-wzgorza-z-niedzieli-01-05-2022\/","title":{"rendered":"Do medytacji z kalwaryjskiego Wzg\u00f3rza \u2013 z niedzieli 01.05.2022"},"content":{"rendered":"<p><strong><span style=\"color: #ff0000;\">Z liturgii III Niedzieli Wielkanocy \u2013 01.05.2022<\/span><\/strong><\/p>\n<p><strong><span style=\"color: #ff0000;\">1. czytanie<\/span> <\/strong>(Dz 5, 27b-32. 40b-41) <em>Cierpienie dla Imienia Jezusa<br \/>\n<\/em><strong>Czytanie z Dziej\u00f3w Apostolskich<br \/>\n<\/strong>Arcykap\u0142an zapyta\u0142 aposto\u0142\u00f3w: \u00abSurowo wam zakazali\u015bmy naucza\u0107 w to imi\u0119, a oto nape\u0142nili\u015bcie Jeruzalem wasz\u0105 nauk\u0105 i chcecie \u015bci\u0105gn\u0105\u0107 na nas odpowiedzialno\u015b\u0107 za krew tego Cz\u0142owieka?\u00bb \u00abTrzeba bardziej s\u0142ucha\u0107 Boga ni\u017c ludzi \u2013 odpowiedzia\u0142 Piotr, a tak\u017ce aposto\u0142owie. B\u00f3g naszych ojc\u00f3w wskrzesi\u0142 Jezusa, kt\u00f3rego wy stracili\u015bcie, zawiesiwszy na drzewie. B\u00f3g wywy\u017cszy\u0142 Go na miejscu po prawicy swojej jako W\u0142adc\u0119 i Zbawiciela, aby zapewni\u0107 Izraelowi nawr\u00f3cenie i odpuszczenie grzech\u00f3w. Dajemy temu \u015bwiadectwo my w\u0142a\u015bnie oraz Duch \u015awi\u0119ty, kt\u00f3rego B\u00f3g udzieli\u0142 tym, kt\u00f3rzy Mu s\u0105 pos\u0142uszni\u00bb. I zabronili aposto\u0142om przemawia\u0107 w imi\u0119 Jezusa, a potem zwolnili. A oni odchodzili sprzed Sanhedrynu i cieszyli si\u0119, \u017ce stali si\u0119 godni cierpie\u0107 dla Imienia Jezusa. Oto S\u0142owo Bo\u017ce<\/p>\n<p><span style=\"color: #ff0000;\"><strong>Psalm<\/strong><\/span> (Ps 30 (29), 2 i 4. 5-6. 11-12a i 13b (R.: 2a))<br \/>\n<strong>S\u0142awi\u0119 Ci\u0119, Panie, bo mnie wybawi\u0142e\u015b<br \/>\n<\/strong>S\u0142awi\u0119 Ci\u0119, Panie, bo mnie wybawi\u0142e\u015b *<br \/>\ni nie pozwoli\u0142e\u015b mym wrogom na\u015bmiewa\u0107 si\u0119 ze mnie.<br \/>\nPanie m\u00f3j, Bo\u017ce, \u2020<br \/>\nz krainy umar\u0142ych wywo\u0142a\u0142e\u015b moj\u0105 dusz\u0119 *<br \/>\ni ocali\u0142e\u015b mi \u017cycie spo\u015br\u00f3d schodz\u0105cych do grobu.<\/p>\n<p><strong>S\u0142awi\u0119 Ci\u0119, Panie, bo mnie wybawi\u0142e\u015b<br \/>\n<\/strong>\u015apiewajcie psalm, wszyscy mi\u0142uj\u0105cy Pana, *<br \/>\ni pami\u0119tajcie o Jego \u015bwi\u0119to\u015bci.<br \/>\nGniew Jego bowiem trwa tylko przez chwil\u0119, \u2020<br \/>\na Jego \u0142aska przez ca\u0142e \u017cycie. *<br \/>\nP\u0142acz nadchodzi z wieczora, a rankiem wesele.<\/p>\n<p><strong>S\u0142awi\u0119 Ci\u0119, Panie, bo mnie wybawi\u0142e\u015b<br \/>\n<\/strong>Wys\u0142uchaj mnie, Panie, zmi\u0142uj si\u0119 nade mn\u0105, *<br \/>\nPanie, b\u0105d\u017a moj\u0105 pomoc\u0105.<br \/>\nZamieni\u0142e\u015b w taniec m\u00f3j \u017ca\u0142obny lament, *<br \/>\nBo\u017ce m\u00f3j i Panie, b\u0119d\u0119 Ci\u0119 s\u0142awi\u0142 na wieki.<br \/>\n<strong>S\u0142awi\u0119 Ci\u0119, Panie, bo mnie wybawi\u0142e\u015b<\/strong><\/p>\n<p><span style=\"color: #ff0000;\"><strong>2. czytanie<\/strong><\/span> (Ap 5, 11-14) <em>Chwa\u0142a Baranka<br \/>\n<\/em><strong>Czytanie z Apokalipsy \u015awi\u0119tego Jana Aposto\u0142a<br \/>\n<\/strong>Ja, Jan, ujrza\u0142em i us\u0142ysza\u0142em g\u0142os wielu anio\u0142\u00f3w doko\u0142a tronu i Istot \u017cyj\u0105cych, i Starc\u00f3w, a liczba ich by\u0142a miriady miriad i tysi\u0105ce tysi\u0119cy, m\u00f3wi\u0105cych g\u0142osem dono\u015bnym: \u00abBaranek zabity jest godzien otrzyma\u0107 pot\u0119g\u0119 i bogactwo, i m\u0105dro\u015b\u0107, i moc, i cze\u015b\u0107, i chwa\u0142\u0119, i b\u0142ogos\u0142awie\u0144stwo\u00bb. A wszelkie stworzenie, kt\u00f3re jest w niebie i na ziemi, i pod ziemi\u0105, i na morzu, i wszystko, co w nich przebywa, us\u0142ysza\u0142em, jak m\u00f3wi\u0142o: \u00abZasiadaj\u0105cemu na tronie i Barankowi b\u0142ogos\u0142awie\u0144stwo i cze\u015b\u0107, i chwa\u0142a, i moc, na wieki wiek\u00f3w!\u00bb A cztery Istoty \u017cyj\u0105ce m\u00f3wi\u0142y: \u00abAmen\u00bb. Starcy za\u015b upadli i oddali pok\u0142on. Oto S\u0142owo Bo\u017ce.<\/p>\n<p><span style=\"color: #ff0000;\"><strong>Aklamacja<\/strong><\/span><br \/>\n<strong>Alleluja, alleluja, alleluja<br \/>\n<\/strong>Zmartwychwsta\u0142 Chrystus, kt\u00f3ry wszystko stworzy\u0142<br \/>\ni zlitowa\u0142 si\u0119 nad lud\u017ami.<br \/>\n<strong>Alleluja, alleluja, alleluja<\/strong><\/p>\n<p><strong><span style=\"color: #ff0000;\">Ewangelia<\/span><\/strong> (J 21, 1-19) <em>Trzecie zjawienie si\u0119 Zmartwychwsta\u0142ego aposto\u0142om|<br \/>\n<\/em><strong>S\u0142owa Ewangelii wed\u0142ug \u015awi\u0119tego Jana<br \/>\n<\/strong>Jezus znowu ukaza\u0142 si\u0119 nad Jeziorem Tyberiadzkim. A ukaza\u0142 si\u0119 w ten spos\u00f3b: Byli razem Szymon Piotr, Tomasz, zwany Didymos, Natanael z Kany Galilejskiej, synowie Zebedeusza oraz dwaj inni z Jego uczni\u00f3w. Szymon Piotr powiedzia\u0142 do nich: \u00abId\u0119 \u0142owi\u0107 ryby\u00bb. Odpowiedzieli mu: \u00abIdziemy i my z tob\u0105\u00bb. Wyszli wi\u0119c i wsiedli do \u0142odzi, ale tej nocy nic nie u\u0142owili. A gdy ranek za\u015bwita\u0142, Jezus stan\u0105\u0142 na brzegu. Jednak\u017ce uczniowie nie wiedzieli, \u017ce to by\u0142 Jezus. A Jezus rzek\u0142 do nich: \u00abDzieci, macie co\u015b do jedzenia?\u00bb Odpowiedzieli Mu: \u00abNie\u00bb. On rzek\u0142 do nich: \u00abZarzu\u0107cie sie\u0107 po prawej stronie \u0142odzi, a znajdziecie\u00bb. Zarzucili wi\u0119c i z powodu mn\u00f3stwa ryb nie mogli jej wyci\u0105gn\u0105\u0107. Powiedzia\u0142 wi\u0119c do Piotra \u00f3w ucze\u0144, kt\u00f3rego Jezus mi\u0142owa\u0142: \u00abTo jest Pan!\u00bb Szymon Piotr, us\u0142yszawszy, \u017ce to jest Pan, przywdzia\u0142 na siebie wierzchni\u0105 szat\u0119 \u2013 by\u0142 bowiem prawie nagi \u2013 i rzuci\u0142 si\u0119 wp\u0142aw do jeziora. Pozostali uczniowie przyp\u0142yn\u0119li \u0142\u00f3dk\u0105, ci\u0105gn\u0105c za sob\u0105 sie\u0107 z rybami. Od brzegu bowiem nie by\u0142o daleko \u2013 tylko oko\u0142o dwustu \u0142okci. A kiedy zeszli na l\u0105d, ujrzeli roz\u0142o\u017cone ognisko, a na nim u\u0142o\u017con\u0105 ryb\u0119 oraz chleb. Rzek\u0142 do nich Jezus: \u00abPrzynie\u015bcie jeszcze ryb, kt\u00f3re teraz z\u0142owili\u015bcie\u00bb. Poszed\u0142 Szymon Piotr i wyci\u0105gn\u0105\u0142 na brzeg sie\u0107 pe\u0142n\u0105 wielkich ryb w liczbie stu pi\u0119\u0107dziesi\u0119ciu trzech. A pomimo tak wielkiej ilo\u015bci sie\u0107 nie rozerwa\u0142a si\u0119. Rzek\u0142 do nich Jezus: \u00abChod\u017acie, posilcie si\u0119!\u00bb \u017baden z uczni\u00f3w nie odwa\u017cy\u0142 si\u0119 zada\u0107 Mu pytania: \u00abKto Ty jeste\u015b?\u00bb, bo wiedzieli, \u017ce to jest Pan. A Jezus przyszed\u0142, wzi\u0105\u0142 chleb i poda\u0142 im \u2013 podobnie i ryb\u0119. To ju\u017c trzeci raz Jezus ukaza\u0142 si\u0119 uczniom od chwili, gdy zmartwychwsta\u0142.<br \/>\nA gdy spo\u017cyli \u015bniadanie, rzek\u0142 Jezus do Szymona Piotra: \u00abSzymonie, synu Jana, czy mi\u0142ujesz Mnie wi\u0119cej ani\u017celi ci?\u00bb Odpowiedzia\u0142 Mu: \u00abTak, Panie, Ty wiesz, \u017ce Ci\u0119 kocham\u00bb. Rzek\u0142 do niego: \u00abPa\u015b baranki moje\u00bb. I znowu, po raz drugi, powiedzia\u0142 do niego: \u00abSzymonie, synu Jana, czy mi\u0142ujesz Mnie?\u00bb Odpar\u0142 Mu: \u00abTak, Panie, Ty wiesz, \u017ce Ci\u0119 kocham\u00bb. Rzek\u0142 do niego: \u00abPa\u015b owce moje\u00bb. Powiedzia\u0142 mu po raz trzeci: \u00abSzymonie, synu Jana, czy kochasz Mnie?\u00bb Zasmuci\u0142 si\u0119 Piotr, \u017ce mu po raz trzeci powiedzia\u0142: \u00abCzy kochasz Mnie?\u00bb I rzek\u0142 do Niego: \u00abPanie, Ty wszystko wiesz, Ty wiesz, \u017ce Ci\u0119 kocham\u00bb. Rzek\u0142 do niego Jezus: \u00abPa\u015b owce moje. Zaprawd\u0119, zaprawd\u0119, powiadam ci: Gdy by\u0142e\u015b m\u0142odszy, opasywa\u0142e\u015b si\u0119 sam i chodzi\u0142e\u015b, gdzie chcia\u0142e\u015b. Ale gdy si\u0119 zestarzejesz, wyci\u0105gniesz r\u0119ce swoje, a inny ci\u0119 opasze i poprowadzi, dok\u0105d nie chcesz\u00bb. To powiedzia\u0142, aby zaznaczy\u0107, jak\u0105 \u015bmierci\u0105 uwielbi Boga. A wypowiedziawszy to, rzek\u0142 do niego: \u00abP\u00f3jd\u017a za Mn\u0105!\u00bb Oto S\u0142owo Pa\u0144skie.<\/p>\n<p><strong><span style=\"color: #ff0000;\">Z kazania na kalwaryjskim Wzg\u00f3rzu \u2013\u00a0 z niedzieli 01.05.2022r.<br \/>\n<\/span><\/strong><strong> Jak rozpozna\u0107 Zmartwychwsta\u0142ego Jezusa?<br \/>\n<\/strong>Okres Wielkanocny, kt\u00f3ry obecnie prze\u017cywamy w Liturgii Ko\u015bcio\u0142a, jest czasem rado\u015bci. Rado\u015bci, kt\u00f3rej \u017ar\u00f3d\u0142em jest Zmartwychwstanie Chrystusa, Jego zwyci\u0119stwo nad \u015bmierci\u0105 i szatanem oraz przywr\u00f3cenia nam dzieci\u0119ctwa Bo\u017cego.<br \/>\nGdy czytamy w Ewangelii opisy spotka\u0144 z Jezusem Zmartwychwsta\u0142ym, to zauwa\u017camy, \u017ce ka\u017cde spotkanie naznaczone by\u0142o pewn\u0105 tajemnic\u0105. Trudno by\u0142o tym ludziom rozpozna\u0107 Jezusa po zmartwychwstaniu. Maria Magdalena widz\u0105c Jezusa przy pustym grobie my\u015bli, \u017ce to ogrodnik. Uczniowie id\u0105cy do Emaus w przypadkowym towarzyszu drogi r\u00f3wnie\u017c nie rozpoznaj\u0105 Jezusa. R\u00f3wnie\u017c ci uczniowie \u0142owi\u0105cy ryby na Jeziorze Galilejskim nie rozpoznaj\u0105 Jezusa, kiedy rankiem ukazuje si\u0119 im na brzegu. Pomimo, \u017ce Jezus si\u0119 do nich odezwa\u0142, to ani Piotr, ani pozostali uczniowie Jezusa nie rozpoznaj\u0105.<br \/>\nOd czego wi\u0119c zale\u017ca\u0142o rozpoznanie Jezusa po Jego zmartwychwstaniu? Nale\u017cy zauwa\u017cy\u0107, \u017ce to Jezus sam pomaga ludziom siebie rozpozna\u0107! Do Marii Magdaleny zwraca si\u0119 po imieniu, i wtedy ona Go rozpoznaje. Uczniom z Eamus Jezus wyja\u015bnia po drodze Pismo \u015bwi\u0119te, a w czasie wieczerzy \u0142amie chleb i wtedy Go rozpoznaj\u0105. Aposto\u0142owie na jeziorze rozpoznaj\u0105 Jezusa po tym jak wyci\u0105gaj\u0105 z jeziora sie\u0107 pe\u0142n\u0105 ryb, a potem po posi\u0142ku przygotowanym przez Jezusa, sk\u0142adaj\u0105cym si\u0119 z chleba i ryb. Oni przecie\u017c dobrze pami\u0119tali to wcze\u015bniejsze cudowne rozmno\u017cenie chleba i ryb przez Jezusa.<br \/>\nA jak jest w naszym \u017cyciu? Czy ka\u017cdy z nas spotka\u0142 ju\u017c \u017cyciu Zmartwychwsta\u0142ego Jezusa? Czy uda\u0142o nam si\u0119 Go rozpozna\u0107? Je\u017celi tak, to w jaki spos\u00f3b? Czy jeste\u015bmy dzisiaj przekonani, \u017ce Jezus naprawd\u0119 \u017cyje? Niestety wielu ludzi ochrzczonych ma dzisiaj ogromny problem z wiar\u0105 w zmartwychwstanie i \u017cycie Jezusa Chrystusa! A przecie\u017c Jezusa nie trzeba szuka\u0107 gdzie\u015b daleko w Niebie, albo jak to w bajkach bywa \u201eza siedmioma g\u00f3rami i za siedmioma lasami\u201d. Jezus jest zawsze blisko nas, tak jak wtedy by\u0142 blisko swoich uczni\u00f3w! Nawet teraz Jezus jest w\u015br\u00f3d nas obecny w ko\u015bciele w tabernakulum. Za chwil\u0119, tak jak w czasie ka\u017cdej Mszy \u015bw. b\u0119dzie blisko nas pod postaciami Chleba i Wina. To w\u0142a\u015bnie Msza \u015bwi\u0119ta, Komunia \u015bwi\u0119ta, adoracja Naj\u015bwi\u0119tszego Sakramentu, daj\u0105 nam najpi\u0119kniejsz\u0105 mo\u017cliwo\u015b\u0107 spotkania z \u017cywym i zmartwychwsta\u0142ym Chrystusem.<br \/>\nAle aby by\u0107 blisko Jezusa trzeba Go kocha\u0107 i pragn\u0105\u0107 spotka\u0144 z Nim. Dla ka\u017cdego, kto wierzy, \u017ce Jezus zmartwychwsta\u0142 i \u017cyje, ka\u017cda Msza \u015bw., a szczeg\u00f3lnie Msza \u015bw. ta niedzielna, b\u0119dzie zawsze najwa\u017cniejszym i najcudowniejszym spotkaniem z Jezusem. Dla kogo\u015b kto nie wierzy w zmartwychwstanie Chrystusa i nie wierzy, \u017ce Jezus \u017cyje, Msza \u015bw. albo nie b\u0119dzie mia\u0142a \u017cadnego znaczenia, albo stanie si\u0119 tylko dodatkiem do \u015bwi\u0105t, chrzt\u00f3w, \u015blub\u00f3w i pogrzeb\u00f3w. Czy wierzysz w obecno\u015b\u0107 \u017cyj\u0105cego w\u015br\u00f3d nas Jezusa w Sakramencie Eucharystii, w Jego obecno\u015b\u0107 w czasie ka\u017cdej Mszy \u015bwi\u0119tej? Czy wierzysz w obecno\u015b\u0107 \u017cywego Jezusa w ka\u017cdym z siedmiu sakrament\u00f3w \u015bwi\u0119tych? Czy wierzysz w Jego obecno\u015b\u0107 w ka\u017cdym ko\u015bciele, gdzie przechowywany jest Naj\u015bwi\u0119tszy Sakrament?<br \/>\nJak jeszcze mo\u017cna spotka\u0107 Zmartwychwsta\u0142ego Jezusa? Wielu z nas spotka\u0142o Jezusa i uwierzy\u0142o w Niego, dzi\u0119ki \u015bwiadectwu wiary naszych rodzic\u00f3w. To oni nauczyli nas modlitwy, prowadzili do ko\u015bcio\u0142a na Msze \u015bwi\u0119te, zach\u0119cali do cz\u0119stej Spowiedzi i Komunii \u015bwi\u0119tej. A Jezus swoj\u0105 \u0142ask\u0105 pom\u00f3g\u0142 nam uwierzy\u0107! Inni uwierzyli dzi\u0119ki rozmowom i \u015bwiadectwu ludzi wierz\u0105cych w Chrystusa, tak\u017ce dzi\u0119ki kap\u0142anom. S\u0105 i tacy, kt\u00f3rzy \u00a0spotkali Zmartwychwsta\u0142ego Jezusa czytaj\u0105c Pismo \u015bwi\u0119te, szczeg\u00f3lnie Ewangelie,\u00a0 m\u00f3wi\u0105ce o \u017cyciu i nauczaniu Jezusa.<br \/>\nJezusa mo\u017cna spotka\u0107 tak\u017ce w czasie modlitwy, kt\u00f3r\u0105 z wiar\u0105 odmawiamy. Warto jednak na modlitwie nie tylko m\u00f3wi\u0107 do Jezusa, ale nauczy\u0107 si\u0119 Go s\u0142ucha\u0107. Podobnie jak ci aposto\u0142owie, kt\u00f3rzy pos\u0142uchali Jezusa i zarzucili sieci, cho\u0107 po ludzku wydawa\u0142o si\u0119 im to strat\u0105 czasu i nie mia\u0142o sensu. S\u0142uchaj\u0105c Jezusa do\u015bwiadczyli cudownego po\u0142owu ryb. Ilu\u017c z nas do\u015bwiadczy\u0142o w \u017cyciu cudownej pomocy ze strony Jezusa, w\u0142a\u015bnie dzi\u0119ki modlitwie i pos\u0142usze\u0144stwu Bogu!<br \/>\nDzisiejsze Bo\u017ce S\u0142owo u\u015bwiadamia nam ,,\u017ce na co dzie\u0144 \u201ebardziej trzeba s\u0142ucha\u0107 Boga ni\u017c ludzi\u201d. Niestety wielu zamiast s\u0142ucha\u0107 Boga i \u017cy\u0107 wed\u0142ug Jego Przykaza\u0144, s\u0142ucha ludzi, i to cz\u0119sto niewierz\u0105cych lub s\u0142abo wierz\u0105cych?<br \/>\nOdpowiedzmy te\u017c dzisiaj na pytanie, kt\u00f3re Chrystus postawi\u0142 Piotrowi: Czy ty Mnie mi\u0142ujesz, czy ty Mnie kochasz? Ilu z nas mo\u017ce dzisiaj szczerze powt\u00f3rzy\u0107 za \u015bw. Piotrem: \u201ePanie, Ty wszystko wiesz, Ty wiesz, \u017ce Ci\u0119 kocham\u201d. Amen.<br \/>\n(o.R.)<\/p>\n","protected":false},"excerpt":{"rendered":"<p>Z liturgii III Niedzieli Wielkanocy \u2013 01.05.2022 1. czytanie (Dz 5, 27b-32. 40b-41) Cierpienie dla Imienia Jezusa Czytanie z Dziej\u00f3w Apostolskich Arcykap\u0142an zapyta\u0142 aposto\u0142\u00f3w: \u00abSurowo wam zakazali\u015bmy naucza\u0107 w to imi\u0119, a oto nape\u0142nili\u015bcie Jeruzalem wasz\u0105 nauk\u0105 i chcecie \u015bci\u0105gn\u0105\u0107 na nas odpowiedzialno\u015b\u0107 za krew tego Cz\u0142owieka?\u00bb \u00abTrzeba bardziej s\u0142ucha\u0107 Boga ni\u017c ludzi \u2013 odpowiedzia\u0142 &hellip;<\/p>\n","protected":false},"author":2,"featured_media":22685,"comment_status":"closed","ping_status":"closed","sticky":false,"template":"","format":"standard","meta":{"_mi_skip_tracking":false,"_exactmetrics_sitenote_active":false,"_exactmetrics_sitenote_note":"","_exactmetrics_sitenote_category":0},"categories":[14],"tags":[],"yoast_head":"<!-- This site is optimized with the Yoast SEO plugin v18.1 - https:\/\/yoast.com\/wordpress\/plugins\/seo\/ -->\n<title>Do medytacji z kalwaryjskiego Wzg\u00f3rza \u2013 z niedzieli 01.05.2022 - Pako\u015b\u0107 \u2013 Kalwaria<\/title>\n<meta name=\"robots\" content=\"index, follow, max-snippet:-1, max-image-preview:large, max-video-preview:-1\" \/>\n<link rel=\"canonical\" href=\"https:\/\/pakosc-kalwaria.franciszkanie.net\/index.php\/2022\/05\/01\/do-medytacji-z-kalwaryjskiego-wzgorza-z-niedzieli-01-05-2022\/\" \/>\n<meta property=\"og:locale\" content=\"pl_PL\" \/>\n<meta property=\"og:type\" content=\"article\" \/>\n<meta property=\"og:title\" content=\"Do medytacji z kalwaryjskiego Wzg\u00f3rza \u2013 z niedzieli 01.05.2022 - Pako\u015b\u0107 \u2013 Kalwaria\" \/>\n<meta property=\"og:description\" content=\"Z liturgii III Niedzieli Wielkanocy \u2013 01.05.2022 1. czytanie (Dz 5, 27b-32. 40b-41) Cierpienie dla Imienia Jezusa Czytanie z Dziej\u00f3w Apostolskich Arcykap\u0142an zapyta\u0142 aposto\u0142\u00f3w: \u00abSurowo wam zakazali\u015bmy naucza\u0107 w to imi\u0119, a oto nape\u0142nili\u015bcie Jeruzalem wasz\u0105 nauk\u0105 i chcecie \u015bci\u0105gn\u0105\u0107 na nas odpowiedzialno\u015b\u0107 za krew tego Cz\u0142owieka?\u00bb \u00abTrzeba bardziej s\u0142ucha\u0107 Boga ni\u017c ludzi \u2013 odpowiedzia\u0142 &hellip;\" \/>\n<meta property=\"og:url\" content=\"https:\/\/pakosc-kalwaria.franciszkanie.net\/index.php\/2022\/05\/01\/do-medytacji-z-kalwaryjskiego-wzgorza-z-niedzieli-01-05-2022\/\" \/>\n<meta property=\"og:site_name\" content=\"Pako\u015b\u0107 \u2013 Kalwaria\" \/>\n<meta property=\"article:author\" content=\"https:\/\/www.facebook.com\/KalwariaPakosc\/\" \/>\n<meta property=\"article:published_time\" content=\"2022-05-01T10:00:06+00:00\" \/>\n<meta property=\"article:modified_time\" content=\"2022-05-01T10:50:53+00:00\" \/>\n<meta property=\"og:image\" content=\"https:\/\/pakosc-kalwaria.franciszkanie.net\/wp-content\/uploads\/2022\/05\/0.jpg\" \/>\n\t<meta property=\"og:image:width\" content=\"350\" \/>\n\t<meta property=\"og:image:height\" content=\"233\" \/>\n\t<meta property=\"og:image:type\" content=\"image\/jpeg\" \/>\n<meta name=\"twitter:card\" content=\"summary\" \/>\n<meta name=\"twitter:label1\" content=\"Napisane przez\" \/>\n\t<meta name=\"twitter:data1\" content=\"pakosc-kalwaria\" \/>\n\t<meta name=\"twitter:label2\" content=\"Szacowany czas czytania\" \/>\n\t<meta name=\"twitter:data2\" content=\"9 minut\" \/>\n<script type=\"application\/ld+json\" class=\"yoast-schema-graph\">{\"@context\":\"https:\/\/schema.org\",\"@graph\":[{\"@type\":\"WebSite\",\"@id\":\"https:\/\/pakosc-kalwaria.franciszkanie.net\/#website\",\"url\":\"https:\/\/pakosc-kalwaria.franciszkanie.net\/\",\"name\":\"Pako\u015b\u0107 \u2013 Kalwaria\",\"description\":\"Parafia Rzymsko \u2013 Katolicka p.w. Pana Jezusa Ukrzy\u017cowanego i  Matki Bo\u017cej Bolesnej ul. Barci\u0144ska 60, 88\u2013170 Pako\u015b\u0107 \u2013 Kalwaria\",\"potentialAction\":[{\"@type\":\"SearchAction\",\"target\":{\"@type\":\"EntryPoint\",\"urlTemplate\":\"https:\/\/pakosc-kalwaria.franciszkanie.net\/?s={search_term_string}\"},\"query-input\":\"required name=search_term_string\"}],\"inLanguage\":\"pl-PL\"},{\"@type\":\"ImageObject\",\"@id\":\"https:\/\/pakosc-kalwaria.franciszkanie.net\/index.php\/2022\/05\/01\/do-medytacji-z-kalwaryjskiego-wzgorza-z-niedzieli-01-05-2022\/#primaryimage\",\"inLanguage\":\"pl-PL\",\"url\":\"https:\/\/pakosc-kalwaria.franciszkanie.net\/wp-content\/uploads\/2022\/05\/0.jpg\",\"contentUrl\":\"https:\/\/pakosc-kalwaria.franciszkanie.net\/wp-content\/uploads\/2022\/05\/0.jpg\",\"width\":350,\"height\":233},{\"@type\":\"WebPage\",\"@id\":\"https:\/\/pakosc-kalwaria.franciszkanie.net\/index.php\/2022\/05\/01\/do-medytacji-z-kalwaryjskiego-wzgorza-z-niedzieli-01-05-2022\/#webpage\",\"url\":\"https:\/\/pakosc-kalwaria.franciszkanie.net\/index.php\/2022\/05\/01\/do-medytacji-z-kalwaryjskiego-wzgorza-z-niedzieli-01-05-2022\/\",\"name\":\"Do medytacji z kalwaryjskiego Wzg\u00f3rza \u2013 z niedzieli 01.05.2022 - Pako\u015b\u0107 \u2013 Kalwaria\",\"isPartOf\":{\"@id\":\"https:\/\/pakosc-kalwaria.franciszkanie.net\/#website\"},\"primaryImageOfPage\":{\"@id\":\"https:\/\/pakosc-kalwaria.franciszkanie.net\/index.php\/2022\/05\/01\/do-medytacji-z-kalwaryjskiego-wzgorza-z-niedzieli-01-05-2022\/#primaryimage\"},\"datePublished\":\"2022-05-01T10:00:06+00:00\",\"dateModified\":\"2022-05-01T10:50:53+00:00\",\"author\":{\"@id\":\"https:\/\/pakosc-kalwaria.franciszkanie.net\/#\/schema\/person\/af10b943be0760709227d060eadcb2aa\"},\"breadcrumb\":{\"@id\":\"https:\/\/pakosc-kalwaria.franciszkanie.net\/index.php\/2022\/05\/01\/do-medytacji-z-kalwaryjskiego-wzgorza-z-niedzieli-01-05-2022\/#breadcrumb\"},\"inLanguage\":\"pl-PL\",\"potentialAction\":[{\"@type\":\"ReadAction\",\"target\":[\"https:\/\/pakosc-kalwaria.franciszkanie.net\/index.php\/2022\/05\/01\/do-medytacji-z-kalwaryjskiego-wzgorza-z-niedzieli-01-05-2022\/\"]}]},{\"@type\":\"BreadcrumbList\",\"@id\":\"https:\/\/pakosc-kalwaria.franciszkanie.net\/index.php\/2022\/05\/01\/do-medytacji-z-kalwaryjskiego-wzgorza-z-niedzieli-01-05-2022\/#breadcrumb\",\"itemListElement\":[{\"@type\":\"ListItem\",\"position\":1,\"name\":\"Strona g\u0142\u00f3wna\",\"item\":\"https:\/\/pakosc-kalwaria.franciszkanie.net\/\"},{\"@type\":\"ListItem\",\"position\":2,\"name\":\"Do medytacji z kalwaryjskiego Wzg\u00f3rza \u2013 z niedzieli 01.05.2022\"}]},{\"@type\":\"Person\",\"@id\":\"https:\/\/pakosc-kalwaria.franciszkanie.net\/#\/schema\/person\/af10b943be0760709227d060eadcb2aa\",\"name\":\"pakosc-kalwaria\",\"image\":{\"@type\":\"ImageObject\",\"@id\":\"https:\/\/pakosc-kalwaria.franciszkanie.net\/#personlogo\",\"inLanguage\":\"pl-PL\",\"url\":\"https:\/\/secure.gravatar.com\/avatar\/e7049d338b55eac6a0027ff3218b8d02?s=96&d=mm&r=g\",\"contentUrl\":\"https:\/\/secure.gravatar.com\/avatar\/e7049d338b55eac6a0027ff3218b8d02?s=96&d=mm&r=g\",\"caption\":\"pakosc-kalwaria\"},\"sameAs\":[\"https:\/\/www.facebook.com\/KalwariaPakosc\/\"],\"url\":\"https:\/\/pakosc-kalwaria.franciszkanie.net\/index.php\/author\/pakosc-kalwaria\/\"}]}<\/script>\n<!-- \/ Yoast SEO plugin. -->","yoast_head_json":{"title":"Do medytacji z kalwaryjskiego Wzg\u00f3rza \u2013 z niedzieli 01.05.2022 - Pako\u015b\u0107 \u2013 Kalwaria","robots":{"index":"index","follow":"follow","max-snippet":"max-snippet:-1","max-image-preview":"max-image-preview:large","max-video-preview":"max-video-preview:-1"},"canonical":"https:\/\/pakosc-kalwaria.franciszkanie.net\/index.php\/2022\/05\/01\/do-medytacji-z-kalwaryjskiego-wzgorza-z-niedzieli-01-05-2022\/","og_locale":"pl_PL","og_type":"article","og_title":"Do medytacji z kalwaryjskiego Wzg\u00f3rza \u2013 z niedzieli 01.05.2022 - Pako\u015b\u0107 \u2013 Kalwaria","og_description":"Z liturgii III Niedzieli Wielkanocy \u2013 01.05.2022 1. czytanie (Dz 5, 27b-32. 40b-41) Cierpienie dla Imienia Jezusa Czytanie z Dziej\u00f3w Apostolskich Arcykap\u0142an zapyta\u0142 aposto\u0142\u00f3w: \u00abSurowo wam zakazali\u015bmy naucza\u0107 w to imi\u0119, a oto nape\u0142nili\u015bcie Jeruzalem wasz\u0105 nauk\u0105 i chcecie \u015bci\u0105gn\u0105\u0107 na nas odpowiedzialno\u015b\u0107 za krew tego Cz\u0142owieka?\u00bb \u00abTrzeba bardziej s\u0142ucha\u0107 Boga ni\u017c ludzi \u2013 odpowiedzia\u0142 &hellip;","og_url":"https:\/\/pakosc-kalwaria.franciszkanie.net\/index.php\/2022\/05\/01\/do-medytacji-z-kalwaryjskiego-wzgorza-z-niedzieli-01-05-2022\/","og_site_name":"Pako\u015b\u0107 \u2013 Kalwaria","article_author":"https:\/\/www.facebook.com\/KalwariaPakosc\/","article_published_time":"2022-05-01T10:00:06+00:00","article_modified_time":"2022-05-01T10:50:53+00:00","og_image":[{"width":350,"height":233,"url":"https:\/\/pakosc-kalwaria.franciszkanie.net\/wp-content\/uploads\/2022\/05\/0.jpg","type":"image\/jpeg"}],"twitter_card":"summary","twitter_misc":{"Napisane przez":"pakosc-kalwaria","Szacowany czas czytania":"9 minut"},"schema":{"@context":"https:\/\/schema.org","@graph":[{"@type":"WebSite","@id":"https:\/\/pakosc-kalwaria.franciszkanie.net\/#website","url":"https:\/\/pakosc-kalwaria.franciszkanie.net\/","name":"Pako\u015b\u0107 \u2013 Kalwaria","description":"Parafia Rzymsko \u2013 Katolicka p.w. Pana Jezusa Ukrzy\u017cowanego i  Matki Bo\u017cej Bolesnej ul. Barci\u0144ska 60, 88\u2013170 Pako\u015b\u0107 \u2013 Kalwaria","potentialAction":[{"@type":"SearchAction","target":{"@type":"EntryPoint","urlTemplate":"https:\/\/pakosc-kalwaria.franciszkanie.net\/?s={search_term_string}"},"query-input":"required name=search_term_string"}],"inLanguage":"pl-PL"},{"@type":"ImageObject","@id":"https:\/\/pakosc-kalwaria.franciszkanie.net\/index.php\/2022\/05\/01\/do-medytacji-z-kalwaryjskiego-wzgorza-z-niedzieli-01-05-2022\/#primaryimage","inLanguage":"pl-PL","url":"https:\/\/pakosc-kalwaria.franciszkanie.net\/wp-content\/uploads\/2022\/05\/0.jpg","contentUrl":"https:\/\/pakosc-kalwaria.franciszkanie.net\/wp-content\/uploads\/2022\/05\/0.jpg","width":350,"height":233},{"@type":"WebPage","@id":"https:\/\/pakosc-kalwaria.franciszkanie.net\/index.php\/2022\/05\/01\/do-medytacji-z-kalwaryjskiego-wzgorza-z-niedzieli-01-05-2022\/#webpage","url":"https:\/\/pakosc-kalwaria.franciszkanie.net\/index.php\/2022\/05\/01\/do-medytacji-z-kalwaryjskiego-wzgorza-z-niedzieli-01-05-2022\/","name":"Do medytacji z kalwaryjskiego Wzg\u00f3rza \u2013 z niedzieli 01.05.2022 - Pako\u015b\u0107 \u2013 Kalwaria","isPartOf":{"@id":"https:\/\/pakosc-kalwaria.franciszkanie.net\/#website"},"primaryImageOfPage":{"@id":"https:\/\/pakosc-kalwaria.franciszkanie.net\/index.php\/2022\/05\/01\/do-medytacji-z-kalwaryjskiego-wzgorza-z-niedzieli-01-05-2022\/#primaryimage"},"datePublished":"2022-05-01T10:00:06+00:00","dateModified":"2022-05-01T10:50:53+00:00","author":{"@id":"https:\/\/pakosc-kalwaria.franciszkanie.net\/#\/schema\/person\/af10b943be0760709227d060eadcb2aa"},"breadcrumb":{"@id":"https:\/\/pakosc-kalwaria.franciszkanie.net\/index.php\/2022\/05\/01\/do-medytacji-z-kalwaryjskiego-wzgorza-z-niedzieli-01-05-2022\/#breadcrumb"},"inLanguage":"pl-PL","potentialAction":[{"@type":"ReadAction","target":["https:\/\/pakosc-kalwaria.franciszkanie.net\/index.php\/2022\/05\/01\/do-medytacji-z-kalwaryjskiego-wzgorza-z-niedzieli-01-05-2022\/"]}]},{"@type":"BreadcrumbList","@id":"https:\/\/pakosc-kalwaria.franciszkanie.net\/index.php\/2022\/05\/01\/do-medytacji-z-kalwaryjskiego-wzgorza-z-niedzieli-01-05-2022\/#breadcrumb","itemListElement":[{"@type":"ListItem","position":1,"name":"Strona g\u0142\u00f3wna","item":"https:\/\/pakosc-kalwaria.franciszkanie.net\/"},{"@type":"ListItem","position":2,"name":"Do medytacji z kalwaryjskiego Wzg\u00f3rza \u2013 z niedzieli 01.05.2022"}]},{"@type":"Person","@id":"https:\/\/pakosc-kalwaria.franciszkanie.net\/#\/schema\/person\/af10b943be0760709227d060eadcb2aa","name":"pakosc-kalwaria","image":{"@type":"ImageObject","@id":"https:\/\/pakosc-kalwaria.franciszkanie.net\/#personlogo","inLanguage":"pl-PL","url":"https:\/\/secure.gravatar.com\/avatar\/e7049d338b55eac6a0027ff3218b8d02?s=96&d=mm&r=g","contentUrl":"https:\/\/secure.gravatar.com\/avatar\/e7049d338b55eac6a0027ff3218b8d02?s=96&d=mm&r=g","caption":"pakosc-kalwaria"},"sameAs":["https:\/\/www.facebook.com\/KalwariaPakosc\/"],"url":"https:\/\/pakosc-kalwaria.franciszkanie.net\/index.php\/author\/pakosc-kalwaria\/"}]}},"_links":{"self":[{"href":"https:\/\/pakosc-kalwaria.franciszkanie.net\/index.php\/wp-json\/wp\/v2\/posts\/22684"}],"collection":[{"href":"https:\/\/pakosc-kalwaria.franciszkanie.net\/index.php\/wp-json\/wp\/v2\/posts"}],"about":[{"href":"https:\/\/pakosc-kalwaria.franciszkanie.net\/index.php\/wp-json\/wp\/v2\/types\/post"}],"author":[{"embeddable":true,"href":"https:\/\/pakosc-kalwaria.franciszkanie.net\/index.php\/wp-json\/wp\/v2\/users\/2"}],"replies":[{"embeddable":true,"href":"https:\/\/pakosc-kalwaria.franciszkanie.net\/index.php\/wp-json\/wp\/v2\/comments?post=22684"}],"version-history":[{"count":2,"href":"https:\/\/pakosc-kalwaria.franciszkanie.net\/index.php\/wp-json\/wp\/v2\/posts\/22684\/revisions"}],"predecessor-version":[{"id":22687,"href":"https:\/\/pakosc-kalwaria.franciszkanie.net\/index.php\/wp-json\/wp\/v2\/posts\/22684\/revisions\/22687"}],"wp:featuredmedia":[{"embeddable":true,"href":"https:\/\/pakosc-kalwaria.franciszkanie.net\/index.php\/wp-json\/wp\/v2\/media\/22685"}],"wp:attachment":[{"href":"https:\/\/pakosc-kalwaria.franciszkanie.net\/index.php\/wp-json\/wp\/v2\/media?parent=22684"}],"wp:term":[{"taxonomy":"category","embeddable":true,"href":"https:\/\/pakosc-kalwaria.franciszkanie.net\/index.php\/wp-json\/wp\/v2\/categories?post=22684"},{"taxonomy":"post_tag","embeddable":true,"href":"https:\/\/pakosc-kalwaria.franciszkanie.net\/index.php\/wp-json\/wp\/v2\/tags?post=22684"}],"curies":[{"name":"wp","href":"https:\/\/api.w.org\/{rel}","templated":true}]}}