{"id":22703,"date":"2022-05-03T12:00:48","date_gmt":"2022-05-03T10:00:48","guid":{"rendered":"http:\/\/pakosc-kalwaria.franciszkanie.net\/?p=22703"},"modified":"2022-05-03T08:28:05","modified_gmt":"2022-05-03T06:28:05","slug":"do-medytacji-z-kalwaryjskiego-wzgorza-z-03-05-2022","status":"publish","type":"post","link":"https:\/\/pakosc-kalwaria.franciszkanie.net\/index.php\/2022\/05\/03\/do-medytacji-z-kalwaryjskiego-wzgorza-z-03-05-2022\/","title":{"rendered":"Do medytacji z kalwaryjskiego Wzg\u00f3rza \u2013 z 03.05.2022"},"content":{"rendered":"<p><strong><span style=\"color: #ff0000;\">Z liturgii uroczysto\u015bci NMP Kr\u00f3lowej Polski \u2013 03.05.2022<\/span><\/strong><\/p>\n<p><strong><span style=\"color: #ff0000;\">1. czytanie<\/span><\/strong> (Ap 11, 19a; 12, 1. 3-6a. 10ab) <em>Wielki znak ukaza\u0142 si\u0119 na niebie<br \/>\n<\/em><strong>Czytanie z Ksi\u0119gi Apokalipsy \u015bwi\u0119tego Jana Aposto\u0142a<br \/>\n<\/strong>\u015awi\u0105tynia Boga w niebie si\u0119 otwar\u0142a, i Arka Jego Przymierza ukaza\u0142a si\u0119 w Jego \u015bwi\u0105tyni. Potem wielki znak si\u0119 ukaza\u0142 na niebie: Niewiasta obleczona w s\u0142o\u0144ce i ksi\u0119\u017cyc pod jej stopami, a na jej g\u0142owie wieniec z gwiazd dwunastu. Ukaza\u0142 si\u0119 te\u017c inny znak na niebie: Oto wielki Smok ognisty; ma siedem g\u0142\u00f3w i dziesi\u0119\u0107 rog\u00f3w, a na g\u0142owach siedem diadem\u00f3w. Ogon jego zmiata trzeci\u0105 cz\u0119\u015b\u0107 gwiazd z nieba i rzuci\u0142 je na ziemi\u0119. Smok stan\u0105\u0142 przed maj\u0105c\u0105 urodzi\u0107 Niewiast\u0105, a\u017ceby skoro porodzi, po\u017cre\u0107 jej Dziecko. I porodzi\u0142a syna \u2013 m\u0119\u017cczyzn\u0119, kt\u00f3ry b\u0119dzie pas\u0142 wszystkie narody r\u00f3zg\u0105 \u017celazn\u0105. Dziecko jej zosta\u0142o porwane do Boga i do Jego tronu. Niewiasta za\u015b zbieg\u0142a na pustyni\u0119, gdzie miejsce ma przygotowane przez Boga. I us\u0142ysza\u0142em dono\u015bny g\u0142os m\u00f3wi\u0105cy w niebie: \u00abTeraz nasta\u0142o zbawienie, pot\u0119ga i kr\u00f3lowanie Boga naszego i w\u0142adza Jego Pomaza\u0144ca\u00bb Oto S\u0142owo Bo\u017ce.<\/p>\n<p><span style=\"color: #ff0000;\"><strong>Psalm<\/strong><\/span> (Jdt 13, 18bcda. 19-20 (R.: 15, 9d))<br \/>\n<strong>Ty\u015b wielk\u0105 chlub\u0105 naszego narodu<\/strong><em><br \/>\n<\/em>B\u0142ogos\u0142awiona jeste\u015b, c\u00f3rko, przez Boga Najwy\u017cszego, *<br \/>\nspomi\u0119dzy wszystkich niewiast na ziemi,<br \/>\ni niech b\u0119dzie b\u0142ogos\u0142awiony Pan B\u00f3g, *<br \/>\nStw\u00f3rca nieba i ziemi.<\/p>\n<div id=\"tabstary0all\" class=\"tab-pane fade active in\">\n<p><strong>Ty\u015b wielk\u0105 chlub\u0105 naszego narodu<br \/>\n<\/strong>Twoja ufno\u015b\u0107 nie zatrze si\u0119 a\u017c na wieki *<br \/>\nw sercach ludzkich wspominaj\u0105cych moc Boga.<br \/>\nNiech B\u00f3g to sprawi, *<br \/>\naby\u015b by\u0142a wywy\u017cszona na wieki.<br \/>\n<strong>Ty\u015b wielk\u0105 chlub\u0105 naszego narodu<\/strong><\/p>\n<p><strong><span style=\"color: #ff0000;\">2. czytanie<\/span><\/strong> (Kol 1, 12-16) <em>B\u00f3g nas przeni\u00f3s\u0142 do kr\u00f3lestwa swojego Syna<br \/>\n<\/em><strong>Czytanie z Listu \u015bwi\u0119tego Paw\u0142a Aposto\u0142a do Kolosan<br \/>\n<\/strong>Bracia: Z rado\u015bci\u0105 dzi\u0119kujcie Ojcu, kt\u00f3ry was uzdolni\u0142 do uczestnictwa w dziale \u015bwi\u0119tych w \u015bwiat\u0142o\u015bci. On uwolni\u0142 nas spod w\u0142adzy ciemno\u015bci i przeni\u00f3s\u0142 do kr\u00f3lestwa swego umi\u0142owanego Syna, w kt\u00f3rym mamy odkupienie, odpuszczenie grzech\u00f3w. On jest obrazem Boga niewidzialnego, Pierworodnym wobec ka\u017cdego stworzenia, bo w Nim zosta\u0142o wszystko stworzone: i to, co w niebiosach, i to, co na ziemi, byty widzialne i niewidzialne, czy Trony, czy Panowania, czy Zwierzchno\u015bci, czy W\u0142adze. Wszystko przez Niego i dla Niego zosta\u0142o stworzone. On jest przed wszystkim i wszystko w Nim ma istnienie. Oto S\u0142owo Bo\u017ce.<\/p>\n<p><span style=\"color: #ff0000;\"><strong>Aklamacja<\/strong> <\/span>(J 19, 27)<br \/>\n<strong>Alleluja, alleluja, alleluja<br \/>\n<\/strong>Jezus powiedzia\u0142 do ucznia: \u00abOto Matka twoja\u00bb,<br \/>\ni od tej godziny ucze\u0144 wzi\u0105\u0142 J\u0105 do siebie.<br \/>\n<strong>Alleluja, alleluja, alleluja<\/strong><\/p>\n<p><strong><span style=\"color: #ff0000;\">Ewangelia<\/span> <\/strong>(J 19, 25-27) <em>Oto Matka twoja<br \/>\n<\/em><strong>S\u0142owa Ewangelii wed\u0142ug \u015bwi\u0119tego Jana<br \/>\n<\/strong>Obok krzy\u017ca Jezusa sta\u0142y: Matka Jego i siostra Matki Jego, Maria, \u017cona Kleofasa, i Maria Magdalena. Kiedy wi\u0119c Jezus ujrza\u0142 Matk\u0119 i stoj\u0105cego obok Niej ucznia, kt\u00f3rego mi\u0142owa\u0142, rzek\u0142 do Matki: \u00abNiewiasto, oto syn Tw\u00f3j\u00bb. Nast\u0119pnie rzek\u0142 do ucznia: \u00abOto Matka twoja\u00bb. I od tej godziny ucze\u0144 wzi\u0105\u0142 J\u0105 do siebie. Oto S\u0142owo Pa\u0144skie.<\/p>\n<p><strong><span style=\"color: #ff0000;\">Z kazania na kalwaryjskim Wzg\u00f3rzu \u2013\u00a0 03.05.2022r.<br \/>\n<\/span><\/strong><strong>Maryja prowadzi do Jezusa i Eucharystii.<br \/>\n<\/strong>Jako ludzie wierz\u0105cy w Boga i czciciele Matki Bo\u017cej oddajemy dzisiaj w naszej Ojczy\u017anie cze\u015b\u0107 Maryi, kt\u00f3ra jako wybrana przez Boga, jest nie tylko nasz\u0105 Kr\u00f3low\u0105, ale jest dla nas szczeg\u00f3ln\u0105 pomoc\u0105 i obron\u0105, Pocieszycielk\u0105 i Po\u015bredniczk\u0105 \u0142ask, kochaj\u0105c\u0105 Matk\u0105, kt\u00f3ra nieustannie wspiera nas na drodze do wieczno\u015bci. W \u017cyciu wiary Maryja jako Matka i Kr\u00f3lowa wskazuje nam nieustannie na Swojego Syna Jezusa Chrystusa, kt\u00f3ry Drog\u0105, Prawd\u0105 i \u017byciem. Maryi bardzo zale\u017cy, aby\u015bmy jako Jej dzieci i jako Jej czciciele, jak najcz\u0119\u015bciej spotykali si\u0119 z Jej Synem Jezusem Chrystusem, i post\u0119powali w \u017cyciu tak jak uczy nas Jej Syn.<br \/>\nDo najpi\u0119kniejszych i najwa\u017cniejszych spotka\u0144 z Jezusem, Synem Maryi, nale\u017c\u0105 spotkania na Eucharystii. W\u0142a\u015bnie o tej prawdzie i zarazem wielkiej tajemnicy naszej wiary, jak\u0105 Eucharystia i obecny w niej Jezus, m\u00f3wi\u0142 \u015bw. Jan Pawe\u0142 II do m\u0142odzie\u017cy, na zako\u0144czenie \u015awiatowych Dni M\u0142odzie\u017cy w Rzymie (20 sierpnia 2000r.): \u201eTak, drodzy przyjaciele, taka jest zadziwiaj\u0105ca prawda: S\u0142owo, kt\u00f3re sta\u0142o si\u0119 Cia\u0142em 2000 lat temu, obecne jest dzisiaj w Eucharystii (\u2026). Eucharystia jest sakramentem obecno\u015bci Chrystusa, kt\u00f3ry daje nam siebie, bo nas kocha. Kocha On ka\u017cdego z nas, w spos\u00f3b osobisty i jedyny, w konkretnym \u017cyciu ka\u017cdego dnia (\u2026).<br \/>\nNie ulega w\u0105tpliwo\u015bci, \u017ce gdzie wzrasta wiara w Jezusa Chrystusa, tam te\u017c widoczny jest wzrost liczby wiernych, kt\u00f3rzy coraz cz\u0119\u015bciej uczestnicz\u0105 we Mszy \u015bwi\u0119tej, zar\u00f3wno w niedziele, jak i w tygodniu. Tam gdzie wzrasta wiara w Jezusa Chrystusa coraz wi\u0119cej wiernych, systematycznie w ka\u017cd\u0105 niedziel\u0119, a niekt\u00f3rzy nawet codziennie, przyst\u0119puje do Komunii \u015bwi\u0119tej.<br \/>\nOkazuje si\u0119, \u017ce r\u00f3wnie\u017c pobo\u017cno\u015b\u0107 maryjna mo\u017ce pom\u00f3c cz\u0142owiekowi wierz\u0105cemu bardziej pokocha\u0107 Jezusa i w \u017cyciu Go na\u015bladowa\u0107. Bo to nie kto inny, jak w\u0142a\u015bnie Maryja w czasie ka\u017cdej Mszy \u015bwi\u0119tej, w czasie ka\u017cdej adoracji Naj\u015bwi\u0119tszego Sakramentu, z wielk\u0105 trosk\u0105 i mi\u0142o\u015bci\u0105 przypomina nam te bardzo wa\u017cne s\u0142owa zapisane na kartach Ewangelii: \u201eZr\u00f3bcie wszystko, cokolwiek m\u00f3j Syn wam powie\u201d. Dlaczego? Bo najwa\u017cniejsze jest zawsze to czego uczy was m\u00f3j Syn Jezus Chrystus, to czego uczy B\u00f3g. Utwierdza nas w tym przekonaniu nauczanie b\u0142. Stefana kardyna\u0142a Wyszy\u0144skiego, kt\u00f3ry drog\u0119 do Jezusa wskazywa\u0142 przez Maryj\u0119. Prymas Tysi\u0105clecia by\u0142 przekonany, \u017ce prawdziwa mi\u0142o\u015b\u0107 do Maryi, b\u0119dzie zawsze zbli\u017ca\u0142a do Jezusa, b\u0119dzie umacnia\u0142a wiar\u0119 w Jezusa i mi\u0142o\u015b\u0107 do Niego. R\u00f3wnie\u017c \u015bw. Jan Pawe\u0142 II, kt\u00f3ry ca\u0142y sw\u00f3j pontyfikat zawierzy\u0142 Maryi, u progu trzeciego tysi\u0105clecia chrze\u015bcija\u0144stwa wzywa\u0142 wszystkich wierz\u0105cych w Chrystusa: \u201ePostawicie Eucharysti\u0119 w centrum swojego \u017cycia osobistego i wsp\u00f3lnotowego. Kochajcie j\u0105, adorujcie j\u0105 (\u2026). \u017byjcie Eucharysti\u0105, daj\u0105c \u015bwiadectwo mi\u0142o\u015bci Boga do ludzi. Eucharystia jest najwi\u0119kszym darem Boga dla nas, pielgrzym\u00f3w na tej ziemi. Oby w ka\u017cdej wsp\u00f3lnocie m\u00f3g\u0142 by\u0107 zawsze kap\u0142an, kt\u00f3ry sprawuje Eucharysti\u0119. Dlatego prosz\u0119 Boga, aby rozkwita\u0142y w\u015br\u00f3d was liczne\u00a0 i \u015bwi\u0119te powo\u0142ania do kap\u0142a\u0144stwa. Ko\u015bci\u00f3\u0142 nie mo\u017ce by\u0107 pozbawiony nape\u0142nionej mi\u0142o\u015bci\u0105 i wyzwalaj\u0105cej obecno\u015bci Jezusa \u017cywego w Eucharystii. Wy sami jeste\u015bcie \u017carliwymi \u015bwiadkami obecno\u015bci Chrystusa na naszych o\u0142tarzach (\u2026). Niech Eucharystia kszta\u0142tuje wasze \u017cycie i \u017cycie waszych rodzin. Niech ona kieruje wszystkimi waszymi \u017cyciowymi wyborami. Z uczestnictwa w Eucharystii niech wyp\u0142ynie nowy rozkwit powo\u0142a\u0144 do \u017cycia zakonnego, kt\u00f3ry zapewni w Ko\u015bciele obecno\u015b\u0107 \u015bwie\u017cych i wielkodusznych si\u0142 do wielkiego zadania nowej ewangelizacji\u201d.<br \/>\nW roku duszpasterskim po\u015bwi\u0119conym Eucharystii warto przypomnie\u0107 s\u0142owa b\u0142. Stefana Kardyna\u0142a Wyszy\u0144skiego na temat znaczenia Eucharystii zawarte w ksi\u0105\u017cce pt. \u201eKromka chleba\u201d: \u201eGdyby cz\u0142owiek by\u0142 czym\u015b niewa\u017cnym, skromnym i ma\u0142ym, bez znaczenia, na pewno B\u00f3g nie podejmowa\u0142by tak niezwyk\u0142ych \u201ewysi\u0142k\u00f3w&#8221;, aby go ratowa\u0107, zbawia\u0107 i \u017cywi\u0107 swoim Cia\u0142em&#8221;\u2026 \u201eChrystus do tego stopnia jest dla ludzi, \u017ce da\u0142 im samego siebie na pokarm w Eucharystii\u201d. Maryjo, nasza Matko i Kr\u00f3lowo, prowad\u017a nas drogami wiary w Twojego Syna Jezusa Chrystusa. Niech w naszych sercach i w naszych rodzinach nieustannie wzrasta pragnienie cz\u0119stych spotka\u0144 z Jezusem na Mszy \u015bwi\u0119tej i w Komunii \u015bwi\u0119tej. Amen.<br \/>\n(o.R.)<\/p>\n<\/div>\n","protected":false},"excerpt":{"rendered":"<p>Z liturgii uroczysto\u015bci NMP Kr\u00f3lowej Polski \u2013 03.05.2022 1. czytanie (Ap 11, 19a; 12, 1. 3-6a. 10ab) Wielki znak ukaza\u0142 si\u0119 na niebie Czytanie z Ksi\u0119gi Apokalipsy \u015bwi\u0119tego Jana Aposto\u0142a \u015awi\u0105tynia Boga w niebie si\u0119 otwar\u0142a, i Arka Jego Przymierza ukaza\u0142a si\u0119 w Jego \u015bwi\u0105tyni. Potem wielki znak si\u0119 ukaza\u0142 na niebie: Niewiasta obleczona w &hellip;<\/p>\n","protected":false},"author":2,"featured_media":22685,"comment_status":"closed","ping_status":"closed","sticky":false,"template":"","format":"standard","meta":{"_mi_skip_tracking":false,"_exactmetrics_sitenote_active":false,"_exactmetrics_sitenote_note":"","_exactmetrics_sitenote_category":0},"categories":[14],"tags":[],"yoast_head":"<!-- This site is optimized with the Yoast SEO plugin v18.1 - https:\/\/yoast.com\/wordpress\/plugins\/seo\/ -->\n<title>Do medytacji z kalwaryjskiego Wzg\u00f3rza \u2013 z 03.05.2022 - Pako\u015b\u0107 \u2013 Kalwaria<\/title>\n<meta name=\"robots\" content=\"index, follow, max-snippet:-1, max-image-preview:large, max-video-preview:-1\" \/>\n<link rel=\"canonical\" href=\"https:\/\/pakosc-kalwaria.franciszkanie.net\/index.php\/2022\/05\/03\/do-medytacji-z-kalwaryjskiego-wzgorza-z-03-05-2022\/\" \/>\n<meta property=\"og:locale\" content=\"pl_PL\" \/>\n<meta property=\"og:type\" content=\"article\" \/>\n<meta property=\"og:title\" content=\"Do medytacji z kalwaryjskiego Wzg\u00f3rza \u2013 z 03.05.2022 - Pako\u015b\u0107 \u2013 Kalwaria\" \/>\n<meta property=\"og:description\" content=\"Z liturgii uroczysto\u015bci NMP Kr\u00f3lowej Polski \u2013 03.05.2022 1. czytanie (Ap 11, 19a; 12, 1. 3-6a. 10ab) Wielki znak ukaza\u0142 si\u0119 na niebie Czytanie z Ksi\u0119gi Apokalipsy \u015bwi\u0119tego Jana Aposto\u0142a \u015awi\u0105tynia Boga w niebie si\u0119 otwar\u0142a, i Arka Jego Przymierza ukaza\u0142a si\u0119 w Jego \u015bwi\u0105tyni. Potem wielki znak si\u0119 ukaza\u0142 na niebie: Niewiasta obleczona w &hellip;\" \/>\n<meta property=\"og:url\" content=\"https:\/\/pakosc-kalwaria.franciszkanie.net\/index.php\/2022\/05\/03\/do-medytacji-z-kalwaryjskiego-wzgorza-z-03-05-2022\/\" \/>\n<meta property=\"og:site_name\" content=\"Pako\u015b\u0107 \u2013 Kalwaria\" \/>\n<meta property=\"article:author\" content=\"https:\/\/www.facebook.com\/KalwariaPakosc\/\" \/>\n<meta property=\"article:published_time\" content=\"2022-05-03T10:00:48+00:00\" \/>\n<meta property=\"article:modified_time\" content=\"2022-05-03T06:28:05+00:00\" \/>\n<meta property=\"og:image\" content=\"https:\/\/pakosc-kalwaria.franciszkanie.net\/wp-content\/uploads\/2022\/05\/0.jpg\" \/>\n\t<meta property=\"og:image:width\" content=\"350\" \/>\n\t<meta property=\"og:image:height\" content=\"233\" \/>\n\t<meta property=\"og:image:type\" content=\"image\/jpeg\" \/>\n<meta name=\"twitter:card\" content=\"summary\" \/>\n<meta name=\"twitter:label1\" content=\"Napisane przez\" \/>\n\t<meta name=\"twitter:data1\" content=\"pakosc-kalwaria\" \/>\n\t<meta name=\"twitter:label2\" content=\"Szacowany czas czytania\" \/>\n\t<meta name=\"twitter:data2\" content=\"7 minut\" \/>\n<script type=\"application\/ld+json\" class=\"yoast-schema-graph\">{\"@context\":\"https:\/\/schema.org\",\"@graph\":[{\"@type\":\"WebSite\",\"@id\":\"https:\/\/pakosc-kalwaria.franciszkanie.net\/#website\",\"url\":\"https:\/\/pakosc-kalwaria.franciszkanie.net\/\",\"name\":\"Pako\u015b\u0107 \u2013 Kalwaria\",\"description\":\"Parafia Rzymsko \u2013 Katolicka p.w. Pana Jezusa Ukrzy\u017cowanego i  Matki Bo\u017cej Bolesnej ul. Barci\u0144ska 60, 88\u2013170 Pako\u015b\u0107 \u2013 Kalwaria\",\"potentialAction\":[{\"@type\":\"SearchAction\",\"target\":{\"@type\":\"EntryPoint\",\"urlTemplate\":\"https:\/\/pakosc-kalwaria.franciszkanie.net\/?s={search_term_string}\"},\"query-input\":\"required name=search_term_string\"}],\"inLanguage\":\"pl-PL\"},{\"@type\":\"ImageObject\",\"@id\":\"https:\/\/pakosc-kalwaria.franciszkanie.net\/index.php\/2022\/05\/03\/do-medytacji-z-kalwaryjskiego-wzgorza-z-03-05-2022\/#primaryimage\",\"inLanguage\":\"pl-PL\",\"url\":\"https:\/\/pakosc-kalwaria.franciszkanie.net\/wp-content\/uploads\/2022\/05\/0.jpg\",\"contentUrl\":\"https:\/\/pakosc-kalwaria.franciszkanie.net\/wp-content\/uploads\/2022\/05\/0.jpg\",\"width\":350,\"height\":233},{\"@type\":\"WebPage\",\"@id\":\"https:\/\/pakosc-kalwaria.franciszkanie.net\/index.php\/2022\/05\/03\/do-medytacji-z-kalwaryjskiego-wzgorza-z-03-05-2022\/#webpage\",\"url\":\"https:\/\/pakosc-kalwaria.franciszkanie.net\/index.php\/2022\/05\/03\/do-medytacji-z-kalwaryjskiego-wzgorza-z-03-05-2022\/\",\"name\":\"Do medytacji z kalwaryjskiego Wzg\u00f3rza \u2013 z 03.05.2022 - Pako\u015b\u0107 \u2013 Kalwaria\",\"isPartOf\":{\"@id\":\"https:\/\/pakosc-kalwaria.franciszkanie.net\/#website\"},\"primaryImageOfPage\":{\"@id\":\"https:\/\/pakosc-kalwaria.franciszkanie.net\/index.php\/2022\/05\/03\/do-medytacji-z-kalwaryjskiego-wzgorza-z-03-05-2022\/#primaryimage\"},\"datePublished\":\"2022-05-03T10:00:48+00:00\",\"dateModified\":\"2022-05-03T06:28:05+00:00\",\"author\":{\"@id\":\"https:\/\/pakosc-kalwaria.franciszkanie.net\/#\/schema\/person\/af10b943be0760709227d060eadcb2aa\"},\"breadcrumb\":{\"@id\":\"https:\/\/pakosc-kalwaria.franciszkanie.net\/index.php\/2022\/05\/03\/do-medytacji-z-kalwaryjskiego-wzgorza-z-03-05-2022\/#breadcrumb\"},\"inLanguage\":\"pl-PL\",\"potentialAction\":[{\"@type\":\"ReadAction\",\"target\":[\"https:\/\/pakosc-kalwaria.franciszkanie.net\/index.php\/2022\/05\/03\/do-medytacji-z-kalwaryjskiego-wzgorza-z-03-05-2022\/\"]}]},{\"@type\":\"BreadcrumbList\",\"@id\":\"https:\/\/pakosc-kalwaria.franciszkanie.net\/index.php\/2022\/05\/03\/do-medytacji-z-kalwaryjskiego-wzgorza-z-03-05-2022\/#breadcrumb\",\"itemListElement\":[{\"@type\":\"ListItem\",\"position\":1,\"name\":\"Strona g\u0142\u00f3wna\",\"item\":\"https:\/\/pakosc-kalwaria.franciszkanie.net\/\"},{\"@type\":\"ListItem\",\"position\":2,\"name\":\"Do medytacji z kalwaryjskiego Wzg\u00f3rza \u2013 z 03.05.2022\"}]},{\"@type\":\"Person\",\"@id\":\"https:\/\/pakosc-kalwaria.franciszkanie.net\/#\/schema\/person\/af10b943be0760709227d060eadcb2aa\",\"name\":\"pakosc-kalwaria\",\"image\":{\"@type\":\"ImageObject\",\"@id\":\"https:\/\/pakosc-kalwaria.franciszkanie.net\/#personlogo\",\"inLanguage\":\"pl-PL\",\"url\":\"https:\/\/secure.gravatar.com\/avatar\/e7049d338b55eac6a0027ff3218b8d02?s=96&d=mm&r=g\",\"contentUrl\":\"https:\/\/secure.gravatar.com\/avatar\/e7049d338b55eac6a0027ff3218b8d02?s=96&d=mm&r=g\",\"caption\":\"pakosc-kalwaria\"},\"sameAs\":[\"https:\/\/www.facebook.com\/KalwariaPakosc\/\"],\"url\":\"https:\/\/pakosc-kalwaria.franciszkanie.net\/index.php\/author\/pakosc-kalwaria\/\"}]}<\/script>\n<!-- \/ Yoast SEO plugin. -->","yoast_head_json":{"title":"Do medytacji z kalwaryjskiego Wzg\u00f3rza \u2013 z 03.05.2022 - Pako\u015b\u0107 \u2013 Kalwaria","robots":{"index":"index","follow":"follow","max-snippet":"max-snippet:-1","max-image-preview":"max-image-preview:large","max-video-preview":"max-video-preview:-1"},"canonical":"https:\/\/pakosc-kalwaria.franciszkanie.net\/index.php\/2022\/05\/03\/do-medytacji-z-kalwaryjskiego-wzgorza-z-03-05-2022\/","og_locale":"pl_PL","og_type":"article","og_title":"Do medytacji z kalwaryjskiego Wzg\u00f3rza \u2013 z 03.05.2022 - Pako\u015b\u0107 \u2013 Kalwaria","og_description":"Z liturgii uroczysto\u015bci NMP Kr\u00f3lowej Polski \u2013 03.05.2022 1. czytanie (Ap 11, 19a; 12, 1. 3-6a. 10ab) Wielki znak ukaza\u0142 si\u0119 na niebie Czytanie z Ksi\u0119gi Apokalipsy \u015bwi\u0119tego Jana Aposto\u0142a \u015awi\u0105tynia Boga w niebie si\u0119 otwar\u0142a, i Arka Jego Przymierza ukaza\u0142a si\u0119 w Jego \u015bwi\u0105tyni. Potem wielki znak si\u0119 ukaza\u0142 na niebie: Niewiasta obleczona w &hellip;","og_url":"https:\/\/pakosc-kalwaria.franciszkanie.net\/index.php\/2022\/05\/03\/do-medytacji-z-kalwaryjskiego-wzgorza-z-03-05-2022\/","og_site_name":"Pako\u015b\u0107 \u2013 Kalwaria","article_author":"https:\/\/www.facebook.com\/KalwariaPakosc\/","article_published_time":"2022-05-03T10:00:48+00:00","article_modified_time":"2022-05-03T06:28:05+00:00","og_image":[{"width":350,"height":233,"url":"https:\/\/pakosc-kalwaria.franciszkanie.net\/wp-content\/uploads\/2022\/05\/0.jpg","type":"image\/jpeg"}],"twitter_card":"summary","twitter_misc":{"Napisane przez":"pakosc-kalwaria","Szacowany czas czytania":"7 minut"},"schema":{"@context":"https:\/\/schema.org","@graph":[{"@type":"WebSite","@id":"https:\/\/pakosc-kalwaria.franciszkanie.net\/#website","url":"https:\/\/pakosc-kalwaria.franciszkanie.net\/","name":"Pako\u015b\u0107 \u2013 Kalwaria","description":"Parafia Rzymsko \u2013 Katolicka p.w. Pana Jezusa Ukrzy\u017cowanego i  Matki Bo\u017cej Bolesnej ul. Barci\u0144ska 60, 88\u2013170 Pako\u015b\u0107 \u2013 Kalwaria","potentialAction":[{"@type":"SearchAction","target":{"@type":"EntryPoint","urlTemplate":"https:\/\/pakosc-kalwaria.franciszkanie.net\/?s={search_term_string}"},"query-input":"required name=search_term_string"}],"inLanguage":"pl-PL"},{"@type":"ImageObject","@id":"https:\/\/pakosc-kalwaria.franciszkanie.net\/index.php\/2022\/05\/03\/do-medytacji-z-kalwaryjskiego-wzgorza-z-03-05-2022\/#primaryimage","inLanguage":"pl-PL","url":"https:\/\/pakosc-kalwaria.franciszkanie.net\/wp-content\/uploads\/2022\/05\/0.jpg","contentUrl":"https:\/\/pakosc-kalwaria.franciszkanie.net\/wp-content\/uploads\/2022\/05\/0.jpg","width":350,"height":233},{"@type":"WebPage","@id":"https:\/\/pakosc-kalwaria.franciszkanie.net\/index.php\/2022\/05\/03\/do-medytacji-z-kalwaryjskiego-wzgorza-z-03-05-2022\/#webpage","url":"https:\/\/pakosc-kalwaria.franciszkanie.net\/index.php\/2022\/05\/03\/do-medytacji-z-kalwaryjskiego-wzgorza-z-03-05-2022\/","name":"Do medytacji z kalwaryjskiego Wzg\u00f3rza \u2013 z 03.05.2022 - Pako\u015b\u0107 \u2013 Kalwaria","isPartOf":{"@id":"https:\/\/pakosc-kalwaria.franciszkanie.net\/#website"},"primaryImageOfPage":{"@id":"https:\/\/pakosc-kalwaria.franciszkanie.net\/index.php\/2022\/05\/03\/do-medytacji-z-kalwaryjskiego-wzgorza-z-03-05-2022\/#primaryimage"},"datePublished":"2022-05-03T10:00:48+00:00","dateModified":"2022-05-03T06:28:05+00:00","author":{"@id":"https:\/\/pakosc-kalwaria.franciszkanie.net\/#\/schema\/person\/af10b943be0760709227d060eadcb2aa"},"breadcrumb":{"@id":"https:\/\/pakosc-kalwaria.franciszkanie.net\/index.php\/2022\/05\/03\/do-medytacji-z-kalwaryjskiego-wzgorza-z-03-05-2022\/#breadcrumb"},"inLanguage":"pl-PL","potentialAction":[{"@type":"ReadAction","target":["https:\/\/pakosc-kalwaria.franciszkanie.net\/index.php\/2022\/05\/03\/do-medytacji-z-kalwaryjskiego-wzgorza-z-03-05-2022\/"]}]},{"@type":"BreadcrumbList","@id":"https:\/\/pakosc-kalwaria.franciszkanie.net\/index.php\/2022\/05\/03\/do-medytacji-z-kalwaryjskiego-wzgorza-z-03-05-2022\/#breadcrumb","itemListElement":[{"@type":"ListItem","position":1,"name":"Strona g\u0142\u00f3wna","item":"https:\/\/pakosc-kalwaria.franciszkanie.net\/"},{"@type":"ListItem","position":2,"name":"Do medytacji z kalwaryjskiego Wzg\u00f3rza \u2013 z 03.05.2022"}]},{"@type":"Person","@id":"https:\/\/pakosc-kalwaria.franciszkanie.net\/#\/schema\/person\/af10b943be0760709227d060eadcb2aa","name":"pakosc-kalwaria","image":{"@type":"ImageObject","@id":"https:\/\/pakosc-kalwaria.franciszkanie.net\/#personlogo","inLanguage":"pl-PL","url":"https:\/\/secure.gravatar.com\/avatar\/e7049d338b55eac6a0027ff3218b8d02?s=96&d=mm&r=g","contentUrl":"https:\/\/secure.gravatar.com\/avatar\/e7049d338b55eac6a0027ff3218b8d02?s=96&d=mm&r=g","caption":"pakosc-kalwaria"},"sameAs":["https:\/\/www.facebook.com\/KalwariaPakosc\/"],"url":"https:\/\/pakosc-kalwaria.franciszkanie.net\/index.php\/author\/pakosc-kalwaria\/"}]}},"_links":{"self":[{"href":"https:\/\/pakosc-kalwaria.franciszkanie.net\/index.php\/wp-json\/wp\/v2\/posts\/22703"}],"collection":[{"href":"https:\/\/pakosc-kalwaria.franciszkanie.net\/index.php\/wp-json\/wp\/v2\/posts"}],"about":[{"href":"https:\/\/pakosc-kalwaria.franciszkanie.net\/index.php\/wp-json\/wp\/v2\/types\/post"}],"author":[{"embeddable":true,"href":"https:\/\/pakosc-kalwaria.franciszkanie.net\/index.php\/wp-json\/wp\/v2\/users\/2"}],"replies":[{"embeddable":true,"href":"https:\/\/pakosc-kalwaria.franciszkanie.net\/index.php\/wp-json\/wp\/v2\/comments?post=22703"}],"version-history":[{"count":4,"href":"https:\/\/pakosc-kalwaria.franciszkanie.net\/index.php\/wp-json\/wp\/v2\/posts\/22703\/revisions"}],"predecessor-version":[{"id":22707,"href":"https:\/\/pakosc-kalwaria.franciszkanie.net\/index.php\/wp-json\/wp\/v2\/posts\/22703\/revisions\/22707"}],"wp:featuredmedia":[{"embeddable":true,"href":"https:\/\/pakosc-kalwaria.franciszkanie.net\/index.php\/wp-json\/wp\/v2\/media\/22685"}],"wp:attachment":[{"href":"https:\/\/pakosc-kalwaria.franciszkanie.net\/index.php\/wp-json\/wp\/v2\/media?parent=22703"}],"wp:term":[{"taxonomy":"category","embeddable":true,"href":"https:\/\/pakosc-kalwaria.franciszkanie.net\/index.php\/wp-json\/wp\/v2\/categories?post=22703"},{"taxonomy":"post_tag","embeddable":true,"href":"https:\/\/pakosc-kalwaria.franciszkanie.net\/index.php\/wp-json\/wp\/v2\/tags?post=22703"}],"curies":[{"name":"wp","href":"https:\/\/api.w.org\/{rel}","templated":true}]}}