{"id":22716,"date":"2022-05-03T07:00:43","date_gmt":"2022-05-03T05:00:43","guid":{"rendered":"http:\/\/pakosc-kalwaria.franciszkanie.net\/?p=22716"},"modified":"2022-05-09T23:21:00","modified_gmt":"2022-05-09T21:21:00","slug":"zapraszamy-na-wzgorze-kalwaryjskie-w-pierwsza-sobote-miesiaca-7-maja","status":"publish","type":"post","link":"https:\/\/pakosc-kalwaria.franciszkanie.net\/index.php\/2022\/05\/03\/zapraszamy-na-wzgorze-kalwaryjskie-w-pierwsza-sobote-miesiaca-7-maja\/","title":{"rendered":"Zapraszamy na Wzg\u00f3rze Kalwaryjskie w Pierwsz\u0105 Sobot\u0119 Miesi\u0105ca \u2013 7 maja"},"content":{"rendered":"<div class=\"entry-content\">\n<div class=\"entry-content\">\n<div class=\"entry-content\">\n<div class=\"entry-content\">\n<div class=\"entry-content\">\n<div class=\"entry-content\">\n<div class=\"entry-content\">\n<div class=\"entry-content\">\n<div class=\"entry-content\">\n<div class=\"entry-content\">\n<div class=\"entry-content\">\n<div class=\"entry-content\">\n<div class=\"entry-content\">\n<div class=\"entry-content\">\n<div class=\"entry-content\">\n<div class=\"entry-content\">\n<p><strong>Na kalwaryjskim Wzg\u00f3rzu <span style=\"color: #ff0000;\">w Pierwsze Soboty Miesi\u0105ca<\/span> odprawiamy <span style=\"color: #ff0000;\">nabo\u017ce\u0144stwo wynagradzaj\u0105c Niepokalanemu Sercu Maryi.<\/span><br \/>\nWsp\u00f3lna modlitwa w Pierwsze Soboty Miesi\u0105ca jest zarazem <span style=\"color: #ff0000;\">duchowym przygotowaniem do Nawiedzenia Kopii Obrazu Matki Bo\u017cej Jasnog\u00f3rskiej<\/span> w Archidiecezji Gnie\u017anie\u0144skiej i w naszych pakoskich Parafiach.\u00a0 Nawiedzenie rozpocz\u0119\u0142o si\u0119 w Gnie\u017anie 23 kwietnia 2022r. <span style=\"color: #ff0000;\">W Pako\u015bci Nawiedzenie Jasnog\u00f3rskiego Obrazu b\u0119dzie mia\u0142o miejsce w Parafii \u015bw. Bonawentury <\/span><\/strong><strong><span style=\"color: #ff0000;\">1 \u2013 2\u00a0 czerwca, w kalwaryjskiej Parafii 2 \u2013 3 czerwca 2022r.<\/span><br \/>\n<\/strong><\/p>\n<p><strong><span style=\"text-decoration: underline;\"><span style=\"color: #ff0000; text-decoration: underline;\">Najbli\u017csze pierwszosobotnie nabo\u017ce\u0144stwo \u2013 7 maja:<\/span><\/span><br \/>\n<span style=\"color: #ff0000;\">\u2013 <\/span><\/strong><span style=\"color: #ff0000;\"><strong>16.30 <\/strong><\/span><strong><span style=\"color: #ff0000;\">Spowied\u017a \u015bwi\u0119ta<\/span><br \/>\n<\/strong><strong><span style=\"color: #ff0000;\">\u2013 17.00 Msza \u015bwi\u0119ta<\/span> z Komuni\u0105 \u015bwi\u0119t\u0105 wynagradzaj\u0105c\u0105 Niepokalanemu Sercu Maryi. Przyj\u0119cie kolejnych os\u00f3b do \u017bywego R\u00f3\u017ca\u0144ca do R\u00f3\u017cy R\u00f3\u017ca\u0144cowej Matki Bo\u017cej Cz\u0119stochowskiej.<br \/>\n<span style=\"color: #ff0000;\">\u2013 po Mszy \u015awi\u0119tej:<\/span> Litania do Matki Bo\u017cej, R\u00f3\u017caniec wynagradzaj\u0105cy Niepokalanemu Sercu Maryi oraz 15-to minutowe rozwa\u017canie tajemnic r\u00f3\u017ca\u0144cowych.<br \/>\n<span style=\"color: #ff0000;\">\u2013\u00a0 zako\u0144czenie Apelem Jasnog\u00f3rskim.<\/span><br \/>\nSerdecznie zapraszamy!<br \/>\n<\/strong><strong>W tym dniu nie b\u0119dzie R\u00f3\u017ca\u0144ca o 20.30 i Apelu Jasnog\u00f3rskiego o 21.00.<\/strong><\/p>\n<p>&nbsp;<\/p>\n<p><span style=\"color: #ff0000;\"><strong>Nabo\u017ce\u0144stwo Pierwszych Sob\u00f3t Miesiaca \u2013 to pro\u015bba Matki Bo\u017cej!<\/strong><\/span><br \/>\nW 1917 w Fatimie Portugalii Matka Naj\u015bwi\u0119tsza objawi\u0142a si\u0119 tr\u00f3jce dzieci: Franciszkowi, Hiacyncie i \u0141ucji. Przychodzi\u0142a przez kolejnych sze\u015b\u0107 miesi\u0119cy, od maja do pa\u017adziernika, ka\u017cdego trzynastego dnia miesi\u0105ca. W sierpniu Pi\u0119kna Pani pojawi\u0142a si\u0119 p\u00f3\u017aniej, gdy\u017c trzynastego dzieci by\u0142y wi\u0119zione. Ukazuj\u0105c si\u0119 po raz drugi, 13 czerwca, Matka Bo\u017ca zapowiedzia\u0142a, \u017ce nied\u0142ugo zabierze Franciszka i Hiacynt\u0119 do nieba, a \u0141ucj\u0119 pozostawi, gdy\u017c Jezus pragnie pos\u0142u\u017cy\u0107 si\u0119 ni\u0105, aby ustanowi\u0107 na \u015bwiecie nabo\u017ce\u0144stwo do Jej Niepokalanego Serca. Tego dnia dzieci ujrza\u0142y Niepokalane Serce Maryi zniewa\u017cane przez grzechy ludzko\u015bci, co symbolizowa\u0142y otaczaj\u0105ce Je ciernie. Maryja powiedzia\u0142a te\u017c do dzieci i innych zgromadzonych: <strong><em>Chc\u0119, \u017ceby\u015bcie codziennie odmawiali r\u00f3\u017caniec.<\/em><\/strong><\/p>\n<p>Innym razem Matka Bo\u017ca prosi\u0142a o ofiarowanie modlitw i cierpie\u0144 w intencji grzesznik\u00f3w: \u00a0<strong><em>M\u00f3dlcie si\u0119, m\u00f3dlcie si\u0119 du\u017co i dokonujcie umartwie\u0144 za grzesznik\u00f3w, bo wiele dusz idzie do piek\u0142a, bo nikt nie chce si\u0119 umartwia\u0107 za nie i za nimi wstawia\u0107<\/em><\/strong> (sierpie\u0144).<\/p>\n<p>Dzieci ujrza\u0142y tak\u017ce przera\u017caj\u0105c\u0105 wizj\u0119 piek\u0142a. Matka Bo\u017ca powiedzia\u0142a do nich:<br \/>\n<strong><em>Widzia\u0142y\u015bcie piek\u0142o, do kt\u00f3rego trafiaj\u0105 dusze biednych grzesznik\u00f3w. Aby ich zbawi\u0107, B\u00f3g chce ustanowi\u0107 na \u015bwiecie nabo\u017ce\u0144stwo do mego Niepokalanego Serca. Je\u017celi uczyni\u0105 to, co wam powiem, wiele dusz si\u0119 zbawi i zazna pokoju\u2026. Przyb\u0119d\u0119, aby za\u017c\u0105da\u0107 po\u015bwi\u0119cenia Rosji memu Niepokalanemu Sercu i zado\u015b\u0107czyni\u0105cej Komunii w pierwsze soboty miesi\u0105ca. Je\u017celi wys\u0142uchaj\u0105 moich pr\u00f3\u015bb, Rosja nawr\u00f3ci si\u0119 i zapanuje pok\u00f3j<\/em><\/strong> (13 lipca).<\/p>\n<p>Zgodnie z zapowiedzi\u0105 Matka Bo\u017ca ukaza\u0142a si\u0119 siostrze \u0141ucji ponownie, ju\u017c po \u015bmierci Franciszka i Hiacynty, <strong>10 grudnia 1925 r.,<\/strong> w Pontevedra (Hiszpania), tym razem z Dzieci\u0105tkiem Jezus. W czasie tego objawienia po raz kolejny Maryja zwr\u00f3ci\u0142a uwag\u0119 na Jej Niepokalane Serce otoczone cierniami, a Jezus powiedzia\u0142: <strong><em>Wsp\u00f3\u0142czuj Sercu swojej Naj\u015bwi\u0119tszej Matki, kt\u00f3re jest ukoronowane cierniami, jakie przez ca\u0142y czas niewdzi\u0119czni ludzie we\u0144 wbijaj\u0105, a nie ma nikogo, kto czyni\u0142by akt zado\u015b\u0107uczynienia, \u017ceby owe kolce wyrwa\u0107.<\/em><\/strong><\/p>\n<p>Wtedy Matka Bo\u017ca wezwa\u0142a do podj\u0119cia wynagradzaj\u0105cego nabo\u017ce\u0144stwa pierwszych sob\u00f3t miesi\u0105ca: <strong><em>Sp\u00f3jrz, moja c\u00f3rko, na moje Serce ukoronowane cierniami, kt\u00f3re niewdzi\u0119czni ludzie bez ustanku wbijaj\u0105 w Nie przez swoje blu\u017anierstwa i brak wdzi\u0119czno\u015bci. Przynajmniej ty staraj si\u0119 Mnie pocieszy\u0107. W godzin\u0119 \u015bmierci obiecuj\u0119 przyj\u015b\u0107 na pomoc z \u0142askami potrzebnymi do zbawienia tym, kt\u00f3rzy przez pi\u0119\u0107 miesi\u0119cy w pierwsze soboty odprawia spowied\u017a, przyjm\u0105 Komuni\u0119 \u015bw., odm\u00f3wi\u0105 jeden r\u00f3\u017caniec i przez pi\u0119tna\u015bcie minut rozmy\u015blania nad pi\u0119tnastu tajemnicami r\u00f3\u017ca\u0144cowymi towarzyszy\u0107 mi b\u0119d\u0105 w intencji zado\u015b\u0107uczynienia.<\/em><\/strong><\/p>\n<p><strong>13 wrze\u015bnia 1939 r.<\/strong> <strong>Nabo\u017ce\u0144stwo pierwszych sob\u00f3t miesi\u0105ca uzyska\u0142o aprobat\u0119 ko\u015bcieln\u0105 i rozwija si\u0119 na ca\u0142ym \u015bwiecie.<\/strong><\/p>\n<p><strong>Przez to nabo\u017ce\u0144stwo wynagradzamy pi\u0119\u0107 r\u00f3\u017cnych zniewag i blu\u017anierstw rani\u0105cych Niepokalane Serce Maryi:<br \/>\n<\/strong><strong>1. blu\u017anierstwa przeciwko Jej Niepokalanemu Pocz\u0119ciu,<br \/>\n2. <\/strong><strong>blu\u017anierstwa przeciw Jej Dziewictwu,<br \/>\n3. <\/strong><strong>blu\u017anierstwa przeciw Jej Boskiemu Macierzy\u0144stwu i nieuznawanie w Niej Matki ludzi,<br \/>\n4. <\/strong><strong>zniewa\u017canie czynione przez tych, kt\u00f3rzy wpajaj\u0105 w serca dzieci oboj\u0119tno\u015b\u0107, pogard\u0119,\u00a0a nawet odraz\u0119 do Niepokalanej Matki,<br \/>\n5. <\/strong><strong>obraz\u0119 czynion\u0105 przez tych, kt\u00f3rzy zniewa\u017caj\u0105 J\u0105 w Jej \u015bwi\u0119tych wizerunkach.<\/strong><\/p>\n<p><strong><br \/>\nIstot\u0105 tego nabo\u017ce\u0144stwa jest wynagrodzenie za grzechy pope\u0142nione przeciwko Niepokalanemu Sercu Naj\u015bwi\u0119tszej Maryi Panny<\/strong>. Obra\u017caj\u0105 one Boga i Jej Niepokalane Serce, s\u0105 pogard\u0105 wobec Bo\u017cej mi\u0142o\u015bci oraz powodem piekielnych m\u0105k ludzi, za kt\u00f3rych umar\u0142 Jej Syn. Pragnie Ona ocali\u0107 jak najwi\u0119cej os\u00f3b, dlatego przychodzi, aby ostrzec przed konsekwencjami grzechu, aby ocali\u0107 grzesznik\u00f3w od piek\u0142a, aby sk\u0142oni\u0107 ich do nawr\u00f3cenia. Maryja chce naszego zaanga\u017cowania w t\u0119 misj\u0119.<\/p>\n<p>Nabo\u017ce\u0144stwo pierwszych sob\u00f3t miesi\u0105ca to forma pomocy grzesznikom, zaproponowana przez Maryj\u0119 i Jezusa. Przez to nabo\u017ce\u0144stwo mo\u017cemy przeprasza\u0107 Boga i wynagradza\u0107 za grzechy obra\u017caj\u0105ce Niepokalane Serce Maryi, a gdy b\u0119dziemy t\u0119 modlitw\u0119 praktykowa\u0107, tak\u017ce w naszych sercach wzro\u015bnie mi\u0142o\u015b\u0107 ku Bogu i bli\u017anim.<\/p>\n<p><strong><br \/>\n<span style=\"color: #ff0000;\">Cztery warunki Nabo\u017ce\u0144stwa Pierwszych Sob\u00f3t Miesi\u0105ca:<\/span><br \/>\n<\/strong>Naj\u015bwi\u0119tsza Panna i Jezus ukazali si\u0119 siostrze \u0141ucji dnia <strong>10 grudnia 1925 r<\/strong>., aby opisa\u0107 nabo\u017ce\u0144stwo wynagradzaj\u0105ce grzechy pope\u0142nione przeciw Niepokalanemu Sercu Maryi. W jego ramach powinni\u015bmy:<br \/>\n<strong>1. w pierwsze soboty miesi\u0105ca przyst\u0105pi\u0107 do spowiedzi z intencj\u0105 wynagrodzenia za grzechy pope\u0142nione przeciw Niepokalanemu Sercu Maryi. Mo\u017cna tak\u017ce skorzysta\u0107 z \u0142aski sakramentu pojednania wcze\u015bniej, byleby w tym dniu by\u0107 w stanie \u0142aski u\u015bwi\u0119caj\u0105cej, bez grzechu ci\u0119\u017ckiego;<br \/>\n2. <\/strong><strong>przyj\u0105\u0107 Komuni\u0119 \u015bw. przez pi\u0119\u0107 pierwszych sob\u00f3t miesi\u0105ca w powy\u017cszej intencji;<br \/>\n3. <\/strong><strong>odm\u00f3wi\u0107 pi\u0119\u0107 tajemnic r\u00f3\u017ca\u0144cowych;<br \/>\n4. <\/strong><strong>przez pi\u0119tna\u015bcie minut rozwa\u017ca\u0107 tajemnice r\u00f3\u017ca\u0144cowe ofiaruj\u0105c t\u0119 medytacj\u0119 w wymienionej intencji.<\/strong><\/p>\n<p>Niezb\u0119dnym warunkiem dobrego odprawienia nabo\u017ce\u0144stwa jest nastawienie, z jakim te praktyki wype\u0142niamy, co Jezus podkre\u015bli\u0142 w objawieniu <strong>15 lutego 1926 r.:<\/strong> <strong><em>To jest prawda, moja c\u00f3rko, ze wiele dusz zaczyna, lecz ma\u0142o kto ko\u0144czy, i ci, kt\u00f3rzy ko\u0144cz\u0105, maj\u0105 za cel otrzyma\u0107 przyrzeczone \u0142aski; Ja jednak wol\u0119, \u017ceby odprawiali pi\u0119\u0107 pierwszych sob\u00f3t miesi\u0105ca w celu wynagrodzenia Niepokalanemu Sercu twojej Matki Niebieskiej, ni\u017c \u017ceby odprawia\u0107 pi\u0119tna\u015bcie bezdusznie i z oboj\u0119tno\u015bci\u0105\u2026<\/em><\/strong><\/p>\n<p>W pobo\u017cnym wzbudzaniu w\u0142a\u015bciwej intencji potrzebnej do dobrego odprawienia nabo\u017ce\u0144stwa do Niepokalanego Serca Maryi pomo\u017ce nam modlitwa pozostawiona przez Pi\u0119kn\u0105 Pani\u0105: <strong><em>Jezu, to z mi\u0142o\u015bci do Ciebie, za nawr\u00f3cenie grzesznik\u00f3w i dla zado\u015b\u0107uczynienia za grzechy pope\u0142nione przeciwko Niepokalanemu Sercu Maryi<\/em><\/strong> (13 lipca 1917 r.).<\/p>\n<\/div>\n<\/div>\n<\/div>\n<\/div>\n<\/div>\n<\/div>\n<\/div>\n<\/div>\n<\/div>\n<\/div>\n<\/div>\n<\/div>\n<\/div>\n<\/div>\n<\/div>\n<\/div>\n","protected":false},"excerpt":{"rendered":"<p>Na kalwaryjskim Wzg\u00f3rzu w Pierwsze Soboty Miesi\u0105ca odprawiamy nabo\u017ce\u0144stwo wynagradzaj\u0105c Niepokalanemu Sercu Maryi. Wsp\u00f3lna modlitwa w Pierwsze Soboty Miesi\u0105ca jest zarazem duchowym przygotowaniem do Nawiedzenia Kopii Obrazu Matki Bo\u017cej Jasnog\u00f3rskiej w Archidiecezji Gnie\u017anie\u0144skiej i w naszych pakoskich Parafiach.\u00a0 Nawiedzenie rozpocz\u0119\u0142o si\u0119 w Gnie\u017anie 23 kwietnia 2022r. W Pako\u015bci Nawiedzenie Jasnog\u00f3rskiego Obrazu b\u0119dzie mia\u0142o miejsce w &hellip;<\/p>\n","protected":false},"author":2,"featured_media":22717,"comment_status":"closed","ping_status":"closed","sticky":false,"template":"","format":"standard","meta":{"_mi_skip_tracking":false,"_exactmetrics_sitenote_active":false,"_exactmetrics_sitenote_note":"","_exactmetrics_sitenote_category":0},"categories":[14],"tags":[],"yoast_head":"<!-- This site is optimized with the Yoast SEO plugin v18.1 - https:\/\/yoast.com\/wordpress\/plugins\/seo\/ -->\n<title>Zapraszamy na Wzg\u00f3rze Kalwaryjskie w Pierwsz\u0105 Sobot\u0119 Miesi\u0105ca \u2013 7 maja - Pako\u015b\u0107 \u2013 Kalwaria<\/title>\n<meta name=\"robots\" content=\"index, follow, max-snippet:-1, max-image-preview:large, max-video-preview:-1\" \/>\n<link rel=\"canonical\" href=\"https:\/\/pakosc-kalwaria.franciszkanie.net\/index.php\/2022\/05\/03\/zapraszamy-na-wzgorze-kalwaryjskie-w-pierwsza-sobote-miesiaca-7-maja\/\" \/>\n<meta property=\"og:locale\" content=\"pl_PL\" \/>\n<meta property=\"og:type\" content=\"article\" \/>\n<meta property=\"og:title\" content=\"Zapraszamy na Wzg\u00f3rze Kalwaryjskie w Pierwsz\u0105 Sobot\u0119 Miesi\u0105ca \u2013 7 maja - Pako\u015b\u0107 \u2013 Kalwaria\" \/>\n<meta property=\"og:description\" content=\"Na kalwaryjskim Wzg\u00f3rzu w Pierwsze Soboty Miesi\u0105ca odprawiamy nabo\u017ce\u0144stwo wynagradzaj\u0105c Niepokalanemu Sercu Maryi. Wsp\u00f3lna modlitwa w Pierwsze Soboty Miesi\u0105ca jest zarazem duchowym przygotowaniem do Nawiedzenia Kopii Obrazu Matki Bo\u017cej Jasnog\u00f3rskiej w Archidiecezji Gnie\u017anie\u0144skiej i w naszych pakoskich Parafiach.\u00a0 Nawiedzenie rozpocz\u0119\u0142o si\u0119 w Gnie\u017anie 23 kwietnia 2022r. W Pako\u015bci Nawiedzenie Jasnog\u00f3rskiego Obrazu b\u0119dzie mia\u0142o miejsce w &hellip;\" \/>\n<meta property=\"og:url\" content=\"https:\/\/pakosc-kalwaria.franciszkanie.net\/index.php\/2022\/05\/03\/zapraszamy-na-wzgorze-kalwaryjskie-w-pierwsza-sobote-miesiaca-7-maja\/\" \/>\n<meta property=\"og:site_name\" content=\"Pako\u015b\u0107 \u2013 Kalwaria\" \/>\n<meta property=\"article:author\" content=\"https:\/\/www.facebook.com\/KalwariaPakosc\/\" \/>\n<meta property=\"article:published_time\" content=\"2022-05-03T05:00:43+00:00\" \/>\n<meta property=\"article:modified_time\" content=\"2022-05-09T21:21:00+00:00\" \/>\n<meta property=\"og:image\" content=\"https:\/\/pakosc-kalwaria.franciszkanie.net\/wp-content\/uploads\/2022\/05\/Niepokalane-Serce-Maryi.jpg\" \/>\n\t<meta property=\"og:image:width\" content=\"220\" \/>\n\t<meta property=\"og:image:height\" content=\"291\" \/>\n\t<meta property=\"og:image:type\" content=\"image\/jpeg\" \/>\n<meta name=\"twitter:card\" content=\"summary\" \/>\n<meta name=\"twitter:label1\" content=\"Napisane przez\" \/>\n\t<meta name=\"twitter:data1\" content=\"pakosc-kalwaria\" \/>\n\t<meta name=\"twitter:label2\" content=\"Szacowany czas czytania\" \/>\n\t<meta name=\"twitter:data2\" content=\"6 minut\" \/>\n<script type=\"application\/ld+json\" class=\"yoast-schema-graph\">{\"@context\":\"https:\/\/schema.org\",\"@graph\":[{\"@type\":\"WebSite\",\"@id\":\"https:\/\/pakosc-kalwaria.franciszkanie.net\/#website\",\"url\":\"https:\/\/pakosc-kalwaria.franciszkanie.net\/\",\"name\":\"Pako\u015b\u0107 \u2013 Kalwaria\",\"description\":\"Parafia Rzymsko \u2013 Katolicka p.w. Pana Jezusa Ukrzy\u017cowanego i  Matki Bo\u017cej Bolesnej ul. Barci\u0144ska 60, 88\u2013170 Pako\u015b\u0107 \u2013 Kalwaria\",\"potentialAction\":[{\"@type\":\"SearchAction\",\"target\":{\"@type\":\"EntryPoint\",\"urlTemplate\":\"https:\/\/pakosc-kalwaria.franciszkanie.net\/?s={search_term_string}\"},\"query-input\":\"required name=search_term_string\"}],\"inLanguage\":\"pl-PL\"},{\"@type\":\"ImageObject\",\"@id\":\"https:\/\/pakosc-kalwaria.franciszkanie.net\/index.php\/2022\/05\/03\/zapraszamy-na-wzgorze-kalwaryjskie-w-pierwsza-sobote-miesiaca-7-maja\/#primaryimage\",\"inLanguage\":\"pl-PL\",\"url\":\"https:\/\/pakosc-kalwaria.franciszkanie.net\/wp-content\/uploads\/2022\/05\/Niepokalane-Serce-Maryi.jpg\",\"contentUrl\":\"https:\/\/pakosc-kalwaria.franciszkanie.net\/wp-content\/uploads\/2022\/05\/Niepokalane-Serce-Maryi.jpg\",\"width\":220,\"height\":291},{\"@type\":\"WebPage\",\"@id\":\"https:\/\/pakosc-kalwaria.franciszkanie.net\/index.php\/2022\/05\/03\/zapraszamy-na-wzgorze-kalwaryjskie-w-pierwsza-sobote-miesiaca-7-maja\/#webpage\",\"url\":\"https:\/\/pakosc-kalwaria.franciszkanie.net\/index.php\/2022\/05\/03\/zapraszamy-na-wzgorze-kalwaryjskie-w-pierwsza-sobote-miesiaca-7-maja\/\",\"name\":\"Zapraszamy na Wzg\u00f3rze Kalwaryjskie w Pierwsz\u0105 Sobot\u0119 Miesi\u0105ca \u2013 7 maja - Pako\u015b\u0107 \u2013 Kalwaria\",\"isPartOf\":{\"@id\":\"https:\/\/pakosc-kalwaria.franciszkanie.net\/#website\"},\"primaryImageOfPage\":{\"@id\":\"https:\/\/pakosc-kalwaria.franciszkanie.net\/index.php\/2022\/05\/03\/zapraszamy-na-wzgorze-kalwaryjskie-w-pierwsza-sobote-miesiaca-7-maja\/#primaryimage\"},\"datePublished\":\"2022-05-03T05:00:43+00:00\",\"dateModified\":\"2022-05-09T21:21:00+00:00\",\"author\":{\"@id\":\"https:\/\/pakosc-kalwaria.franciszkanie.net\/#\/schema\/person\/af10b943be0760709227d060eadcb2aa\"},\"breadcrumb\":{\"@id\":\"https:\/\/pakosc-kalwaria.franciszkanie.net\/index.php\/2022\/05\/03\/zapraszamy-na-wzgorze-kalwaryjskie-w-pierwsza-sobote-miesiaca-7-maja\/#breadcrumb\"},\"inLanguage\":\"pl-PL\",\"potentialAction\":[{\"@type\":\"ReadAction\",\"target\":[\"https:\/\/pakosc-kalwaria.franciszkanie.net\/index.php\/2022\/05\/03\/zapraszamy-na-wzgorze-kalwaryjskie-w-pierwsza-sobote-miesiaca-7-maja\/\"]}]},{\"@type\":\"BreadcrumbList\",\"@id\":\"https:\/\/pakosc-kalwaria.franciszkanie.net\/index.php\/2022\/05\/03\/zapraszamy-na-wzgorze-kalwaryjskie-w-pierwsza-sobote-miesiaca-7-maja\/#breadcrumb\",\"itemListElement\":[{\"@type\":\"ListItem\",\"position\":1,\"name\":\"Strona g\u0142\u00f3wna\",\"item\":\"https:\/\/pakosc-kalwaria.franciszkanie.net\/\"},{\"@type\":\"ListItem\",\"position\":2,\"name\":\"Zapraszamy na Wzg\u00f3rze Kalwaryjskie w Pierwsz\u0105 Sobot\u0119 Miesi\u0105ca \u2013 7 maja\"}]},{\"@type\":\"Person\",\"@id\":\"https:\/\/pakosc-kalwaria.franciszkanie.net\/#\/schema\/person\/af10b943be0760709227d060eadcb2aa\",\"name\":\"pakosc-kalwaria\",\"image\":{\"@type\":\"ImageObject\",\"@id\":\"https:\/\/pakosc-kalwaria.franciszkanie.net\/#personlogo\",\"inLanguage\":\"pl-PL\",\"url\":\"https:\/\/secure.gravatar.com\/avatar\/e7049d338b55eac6a0027ff3218b8d02?s=96&d=mm&r=g\",\"contentUrl\":\"https:\/\/secure.gravatar.com\/avatar\/e7049d338b55eac6a0027ff3218b8d02?s=96&d=mm&r=g\",\"caption\":\"pakosc-kalwaria\"},\"sameAs\":[\"https:\/\/www.facebook.com\/KalwariaPakosc\/\"],\"url\":\"https:\/\/pakosc-kalwaria.franciszkanie.net\/index.php\/author\/pakosc-kalwaria\/\"}]}<\/script>\n<!-- \/ Yoast SEO plugin. -->","yoast_head_json":{"title":"Zapraszamy na Wzg\u00f3rze Kalwaryjskie w Pierwsz\u0105 Sobot\u0119 Miesi\u0105ca \u2013 7 maja - Pako\u015b\u0107 \u2013 Kalwaria","robots":{"index":"index","follow":"follow","max-snippet":"max-snippet:-1","max-image-preview":"max-image-preview:large","max-video-preview":"max-video-preview:-1"},"canonical":"https:\/\/pakosc-kalwaria.franciszkanie.net\/index.php\/2022\/05\/03\/zapraszamy-na-wzgorze-kalwaryjskie-w-pierwsza-sobote-miesiaca-7-maja\/","og_locale":"pl_PL","og_type":"article","og_title":"Zapraszamy na Wzg\u00f3rze Kalwaryjskie w Pierwsz\u0105 Sobot\u0119 Miesi\u0105ca \u2013 7 maja - Pako\u015b\u0107 \u2013 Kalwaria","og_description":"Na kalwaryjskim Wzg\u00f3rzu w Pierwsze Soboty Miesi\u0105ca odprawiamy nabo\u017ce\u0144stwo wynagradzaj\u0105c Niepokalanemu Sercu Maryi. Wsp\u00f3lna modlitwa w Pierwsze Soboty Miesi\u0105ca jest zarazem duchowym przygotowaniem do Nawiedzenia Kopii Obrazu Matki Bo\u017cej Jasnog\u00f3rskiej w Archidiecezji Gnie\u017anie\u0144skiej i w naszych pakoskich Parafiach.\u00a0 Nawiedzenie rozpocz\u0119\u0142o si\u0119 w Gnie\u017anie 23 kwietnia 2022r. W Pako\u015bci Nawiedzenie Jasnog\u00f3rskiego Obrazu b\u0119dzie mia\u0142o miejsce w &hellip;","og_url":"https:\/\/pakosc-kalwaria.franciszkanie.net\/index.php\/2022\/05\/03\/zapraszamy-na-wzgorze-kalwaryjskie-w-pierwsza-sobote-miesiaca-7-maja\/","og_site_name":"Pako\u015b\u0107 \u2013 Kalwaria","article_author":"https:\/\/www.facebook.com\/KalwariaPakosc\/","article_published_time":"2022-05-03T05:00:43+00:00","article_modified_time":"2022-05-09T21:21:00+00:00","og_image":[{"width":220,"height":291,"url":"https:\/\/pakosc-kalwaria.franciszkanie.net\/wp-content\/uploads\/2022\/05\/Niepokalane-Serce-Maryi.jpg","type":"image\/jpeg"}],"twitter_card":"summary","twitter_misc":{"Napisane przez":"pakosc-kalwaria","Szacowany czas czytania":"6 minut"},"schema":{"@context":"https:\/\/schema.org","@graph":[{"@type":"WebSite","@id":"https:\/\/pakosc-kalwaria.franciszkanie.net\/#website","url":"https:\/\/pakosc-kalwaria.franciszkanie.net\/","name":"Pako\u015b\u0107 \u2013 Kalwaria","description":"Parafia Rzymsko \u2013 Katolicka p.w. Pana Jezusa Ukrzy\u017cowanego i  Matki Bo\u017cej Bolesnej ul. Barci\u0144ska 60, 88\u2013170 Pako\u015b\u0107 \u2013 Kalwaria","potentialAction":[{"@type":"SearchAction","target":{"@type":"EntryPoint","urlTemplate":"https:\/\/pakosc-kalwaria.franciszkanie.net\/?s={search_term_string}"},"query-input":"required name=search_term_string"}],"inLanguage":"pl-PL"},{"@type":"ImageObject","@id":"https:\/\/pakosc-kalwaria.franciszkanie.net\/index.php\/2022\/05\/03\/zapraszamy-na-wzgorze-kalwaryjskie-w-pierwsza-sobote-miesiaca-7-maja\/#primaryimage","inLanguage":"pl-PL","url":"https:\/\/pakosc-kalwaria.franciszkanie.net\/wp-content\/uploads\/2022\/05\/Niepokalane-Serce-Maryi.jpg","contentUrl":"https:\/\/pakosc-kalwaria.franciszkanie.net\/wp-content\/uploads\/2022\/05\/Niepokalane-Serce-Maryi.jpg","width":220,"height":291},{"@type":"WebPage","@id":"https:\/\/pakosc-kalwaria.franciszkanie.net\/index.php\/2022\/05\/03\/zapraszamy-na-wzgorze-kalwaryjskie-w-pierwsza-sobote-miesiaca-7-maja\/#webpage","url":"https:\/\/pakosc-kalwaria.franciszkanie.net\/index.php\/2022\/05\/03\/zapraszamy-na-wzgorze-kalwaryjskie-w-pierwsza-sobote-miesiaca-7-maja\/","name":"Zapraszamy na Wzg\u00f3rze Kalwaryjskie w Pierwsz\u0105 Sobot\u0119 Miesi\u0105ca \u2013 7 maja - Pako\u015b\u0107 \u2013 Kalwaria","isPartOf":{"@id":"https:\/\/pakosc-kalwaria.franciszkanie.net\/#website"},"primaryImageOfPage":{"@id":"https:\/\/pakosc-kalwaria.franciszkanie.net\/index.php\/2022\/05\/03\/zapraszamy-na-wzgorze-kalwaryjskie-w-pierwsza-sobote-miesiaca-7-maja\/#primaryimage"},"datePublished":"2022-05-03T05:00:43+00:00","dateModified":"2022-05-09T21:21:00+00:00","author":{"@id":"https:\/\/pakosc-kalwaria.franciszkanie.net\/#\/schema\/person\/af10b943be0760709227d060eadcb2aa"},"breadcrumb":{"@id":"https:\/\/pakosc-kalwaria.franciszkanie.net\/index.php\/2022\/05\/03\/zapraszamy-na-wzgorze-kalwaryjskie-w-pierwsza-sobote-miesiaca-7-maja\/#breadcrumb"},"inLanguage":"pl-PL","potentialAction":[{"@type":"ReadAction","target":["https:\/\/pakosc-kalwaria.franciszkanie.net\/index.php\/2022\/05\/03\/zapraszamy-na-wzgorze-kalwaryjskie-w-pierwsza-sobote-miesiaca-7-maja\/"]}]},{"@type":"BreadcrumbList","@id":"https:\/\/pakosc-kalwaria.franciszkanie.net\/index.php\/2022\/05\/03\/zapraszamy-na-wzgorze-kalwaryjskie-w-pierwsza-sobote-miesiaca-7-maja\/#breadcrumb","itemListElement":[{"@type":"ListItem","position":1,"name":"Strona g\u0142\u00f3wna","item":"https:\/\/pakosc-kalwaria.franciszkanie.net\/"},{"@type":"ListItem","position":2,"name":"Zapraszamy na Wzg\u00f3rze Kalwaryjskie w Pierwsz\u0105 Sobot\u0119 Miesi\u0105ca \u2013 7 maja"}]},{"@type":"Person","@id":"https:\/\/pakosc-kalwaria.franciszkanie.net\/#\/schema\/person\/af10b943be0760709227d060eadcb2aa","name":"pakosc-kalwaria","image":{"@type":"ImageObject","@id":"https:\/\/pakosc-kalwaria.franciszkanie.net\/#personlogo","inLanguage":"pl-PL","url":"https:\/\/secure.gravatar.com\/avatar\/e7049d338b55eac6a0027ff3218b8d02?s=96&d=mm&r=g","contentUrl":"https:\/\/secure.gravatar.com\/avatar\/e7049d338b55eac6a0027ff3218b8d02?s=96&d=mm&r=g","caption":"pakosc-kalwaria"},"sameAs":["https:\/\/www.facebook.com\/KalwariaPakosc\/"],"url":"https:\/\/pakosc-kalwaria.franciszkanie.net\/index.php\/author\/pakosc-kalwaria\/"}]}},"_links":{"self":[{"href":"https:\/\/pakosc-kalwaria.franciszkanie.net\/index.php\/wp-json\/wp\/v2\/posts\/22716"}],"collection":[{"href":"https:\/\/pakosc-kalwaria.franciszkanie.net\/index.php\/wp-json\/wp\/v2\/posts"}],"about":[{"href":"https:\/\/pakosc-kalwaria.franciszkanie.net\/index.php\/wp-json\/wp\/v2\/types\/post"}],"author":[{"embeddable":true,"href":"https:\/\/pakosc-kalwaria.franciszkanie.net\/index.php\/wp-json\/wp\/v2\/users\/2"}],"replies":[{"embeddable":true,"href":"https:\/\/pakosc-kalwaria.franciszkanie.net\/index.php\/wp-json\/wp\/v2\/comments?post=22716"}],"version-history":[{"count":4,"href":"https:\/\/pakosc-kalwaria.franciszkanie.net\/index.php\/wp-json\/wp\/v2\/posts\/22716\/revisions"}],"predecessor-version":[{"id":22725,"href":"https:\/\/pakosc-kalwaria.franciszkanie.net\/index.php\/wp-json\/wp\/v2\/posts\/22716\/revisions\/22725"}],"wp:featuredmedia":[{"embeddable":true,"href":"https:\/\/pakosc-kalwaria.franciszkanie.net\/index.php\/wp-json\/wp\/v2\/media\/22717"}],"wp:attachment":[{"href":"https:\/\/pakosc-kalwaria.franciszkanie.net\/index.php\/wp-json\/wp\/v2\/media?parent=22716"}],"wp:term":[{"taxonomy":"category","embeddable":true,"href":"https:\/\/pakosc-kalwaria.franciszkanie.net\/index.php\/wp-json\/wp\/v2\/categories?post=22716"},{"taxonomy":"post_tag","embeddable":true,"href":"https:\/\/pakosc-kalwaria.franciszkanie.net\/index.php\/wp-json\/wp\/v2\/tags?post=22716"}],"curies":[{"name":"wp","href":"https:\/\/api.w.org\/{rel}","templated":true}]}}