{"id":22726,"date":"2022-05-06T18:00:48","date_gmt":"2022-05-06T16:00:48","guid":{"rendered":"http:\/\/pakosc-kalwaria.franciszkanie.net\/?p=22726"},"modified":"2022-05-06T16:27:57","modified_gmt":"2022-05-06T14:27:57","slug":"do-medytacji-z-kalwaryjskiego-wzgorza-piatek-06-05-2022r","status":"publish","type":"post","link":"https:\/\/pakosc-kalwaria.franciszkanie.net\/index.php\/2022\/05\/06\/do-medytacji-z-kalwaryjskiego-wzgorza-piatek-06-05-2022r\/","title":{"rendered":"Do medytacji z kalwaryjskiego Wzg\u00f3rza \u2013 pi\u0105tek 06.05.2022r."},"content":{"rendered":"<p><strong><span style=\"color: #ff0000;\">Z kazania na kalwaryjskim Wzg\u00f3rzu \u2013 06.05.2022r.<\/span><br \/>\n<\/strong><\/p>\n<p><strong>\u015awi\u0119to \u015aw. Aposto\u0142\u00f3w Filipa i Jakuba.<br \/>\n<\/strong>Trwamy w Tygodniu Biblijnym, kt\u00f3ry w spos\u00f3b szczeg\u00f3lny przypomina nam i na nowo u\u015bwiadamia, jak wa\u017cne miejsce powinno zajmowa\u0107 w naszym \u017cyciu Pismo \u015awi\u0119te, S\u0142owo Boga zapisana na kartach Starego i Nowego Testamentu.<br \/>\nW pierwszym czytaniu \u015bw. Pawe\u0142 przypomina dzi\u015b podstawowe prawdy naszej chrze\u015bcija\u0144skiej wiary, \u017ce: Chrystus umar\u0142 za nasze grzechy, zosta\u0142 pogrzebany i zmartwychwsta\u0142 trzeciego dnia. To wyznanie \u015bw. Paw\u0142a mo\u017cna nazwa\u0107 skr\u00f3conym Credo Ko\u015bcio\u0142a. \u015aw. Pawe\u0142 jednocze\u015bnie przypomina , \u017ce nie wystarczy uwierzy\u0107 i przyj\u0105\u0107 Ewangeli\u0119, ale aby si\u0119 zbawi\u0107 nale\u017cy Ewangeli\u0119 w \u017cyciu zachowywa\u0107, bo inaczej na pr\u00f3\u017cno by\u015bmy uwierzyli.<br \/>\nW Ewangelii dzisiejszej Mszy \u015bwi\u0119tej Jezus poucza, \u017ce to On jest Drog\u0105, kt\u00f3ra prowadzi do Ojca, prowadzi do Nieba, \u017ce to On jest Prawd\u0105 kt\u00f3ra objawia prawdziwego Boga, i to On jest \u017byciem, kt\u00f3re od Boga pochodzi. To nauczanie Jezusa, jak s\u0142yszymy w dzisiejszej Ewangelii, nie by\u0142o wtedy dla tych uczni\u00f3w takie proste. Dlatego w rozmowie z Jezusem padaj\u0105 ze strony uczni\u00f3w kolejne pytania, a Jezus na nie odpowiada.\u00a0 Z ciekaw\u0105 pro\u015bb\u0105 i propozycj\u0105 wyst\u0119puje Filip. Jego pro\u015bba mo\u017ce wydawa\u0107 si\u0119 wprost niezwyk\u0142a, ale jest bardzo szczera: \u201ePanie, poka\u017c nam Ojca, a to nam wystarczy\u201d\u2026 \u201ePoka\u017c nam Ojca\u2026\u201d Jezus odpowiada na t\u0119 propozycj\u0119 Filipa z takim mo\u017cna rzec, serdecznym wyrzutem: \u201eFilipie, tak d\u0142ugo jestem z wami, a jeszcze Mnie nie pozna\u0142e\u015b? Kto Mnie zobaczy\u0142. zobaczy\u0142 tak\u017ce i Ojca. Dlaczego wi\u0119c m\u00f3wisz: Poka\u017c nam Ojca?\u201d. Ile\u017c razy i ka\u017cdemu z nas Jezus musia\u0142 postawi\u0107 taki zarzut jak Filipowi: \u201etak d\u0142ugo jestem z tob\u0105, a jeszcze Mnie nie pozna\u0142e\u015b? To Jezus objawia nam Ojca, objawia nam Boga. Naj\u015bwi\u0119tsze Cz\u0142owiecze\u0144stwo Chrystusa jest drog\u0105 do poznania i wi\u0119zi z Bogiem Ojcem. To wpatrywanie si\u0119 w Jezusa jest drog\u0105 do poznania Boga w Tr\u00f3jcy Jedynego. B\u00f3g objawi\u0142 nam\u00a0 siebie w\u0142a\u015bnie w Jezusie Chrystusie. Jak uczy Sob\u00f3r Watyka\u0144ski II \u201eJezus \u015bwiadectwem Bo\u017cym potwierdza, \u017ce B\u00f3g jest z nami, by nas z mrok\u00f3w grzechu i \u015bmierci wybawi\u0107 i wskrzesi\u0107 do \u017cycia wiecznego\u201d. Dlatego Jezus powinien nam wystarczy\u0107, by pozna\u0107 Boga w kt\u00f3rego wierzymy. \u015aw. Augustyn powie wprost: \u201eOn Ci wystarczy, poza Nim nikt tego nie mo\u017ce uczyni\u0107\u201d.<br \/>\nPatronowie dnia dzisiejszego, Aposto\u0142owie Filip i Jakub, gdy poznali Jezusa, w Niego uwierzyli i Go pokochali, poczuli si\u0119 zarazem odpowiedzialni, by prawd\u0119 o Jezusie i wiar\u0119 w Niego przekazywa\u0107 innym. I tak to do dzisiaj Dobra Nowina o Jezusie przekazywana jest z pokolenia na pokolenie. Dobra Nowina o tym, \u017ce Jezus Chrystus umar\u0142 na Krzy\u017cu za nasze grzechy, \u017ce zmartwychwsta\u0142, \u017ce w\u015br\u00f3d nas \u017cyje, obecny w Sakramencie Eucharystii. Dobra Nowina o Bogu, kt\u00f3ry nas kocha jak nikt inny na \u015bwiecie, kt\u00f3ry przeznaczy\u0142 nas do wiecznej szcz\u0119\u015bliwo\u015bci i przygotowa\u0142 nam mieszkania w Niebie, gdzie b\u0119dziemy Go ogl\u0105da\u0107 twarz\u0105 w twarz. To apostolskie zadanie, g\u0142oszenia Dobrej Nowiny o Jezusie spoczywa tak\u017ce na nas, uczniach Jezusa w XXI wieku. Mamy wsz\u0119dzie i na wszelkie mo\u017cliwe sposoby g\u0142osi\u0107 Dobr\u0105 Nowin\u0119 o Jezusie i o Bogu w kt\u00f3rego wierzymy. Mamy naszych krewnych, przyjaci\u00f3\u0142, znajomych i nieznajomych prowadzi\u0107 do Jezusa. Mamy im pokaza\u0107 drog\u0119 do ko\u015bcio\u0142a \u00a0drog\u0119 do Jezusa, aby mogli Go zobaczy\u0107, aby mogli si\u0119 z Nim spotka\u0107 i moc\u0105 Bo\u017cej \u0142aski w Niego uwierzy\u0107. Bycie aposto\u0142em i g\u0142oszenie Dobrej Nowiny o Jezusie nie by\u0142o \u0142atwe ani w czasach apostolskich Filipa i Jakuba, ani nie jest \u0142atwe tak\u017ce i dzisiaj. Dlatego w g\u0142oszeniu Dobrej Nowiny o Jezusie nie mo\u017cemy liczy\u0107 tylko na w\u0142asne si\u0142y i mo\u017cliwo\u015bci. Musimy pami\u0119ta\u0107, \u017ce Jezus jest zawsze przy nas obecny, ze swoj\u0105 moc\u0105, \u0142ask\u0105 i mi\u0142osierdziem. Im wi\u0119ksze b\u0119d\u0105 w apostolstwie potrzeby i trudno\u015bci, tym wi\u0119ksz\u0105 od Jezusa otrzymamy pomoc! Wa\u017cne jest zatem, by\u015bmy w codziennej modlitwie prosili nieustannie Boga o \u0142aski potrzebne do odwa\u017cnego aposto\u0142owania i do g\u0142oszenia Dobrej Nowiny o Jezusie Chrystusie. Amen.<br \/>\n(o.R.)<\/p>\n","protected":false},"excerpt":{"rendered":"<p>Z kazania na kalwaryjskim Wzg\u00f3rzu \u2013 06.05.2022r. \u015awi\u0119to \u015aw. Aposto\u0142\u00f3w Filipa i Jakuba. Trwamy w Tygodniu Biblijnym, kt\u00f3ry w spos\u00f3b szczeg\u00f3lny przypomina nam i na nowo u\u015bwiadamia, jak wa\u017cne miejsce powinno zajmowa\u0107 w naszym \u017cyciu Pismo \u015awi\u0119te, S\u0142owo Boga zapisana na kartach Starego i Nowego Testamentu. W pierwszym czytaniu \u015bw. Pawe\u0142 przypomina dzi\u015b podstawowe prawdy &hellip;<\/p>\n","protected":false},"author":2,"featured_media":22685,"comment_status":"closed","ping_status":"closed","sticky":false,"template":"","format":"standard","meta":{"_mi_skip_tracking":false,"_exactmetrics_sitenote_active":false,"_exactmetrics_sitenote_note":"","_exactmetrics_sitenote_category":0},"categories":[14],"tags":[],"yoast_head":"<!-- This site is optimized with the Yoast SEO plugin v18.1 - https:\/\/yoast.com\/wordpress\/plugins\/seo\/ -->\n<title>Do medytacji z kalwaryjskiego Wzg\u00f3rza \u2013 pi\u0105tek 06.05.2022r. - Pako\u015b\u0107 \u2013 Kalwaria<\/title>\n<meta name=\"robots\" content=\"index, follow, max-snippet:-1, max-image-preview:large, max-video-preview:-1\" \/>\n<link rel=\"canonical\" href=\"https:\/\/pakosc-kalwaria.franciszkanie.net\/index.php\/2022\/05\/06\/do-medytacji-z-kalwaryjskiego-wzgorza-piatek-06-05-2022r\/\" \/>\n<meta property=\"og:locale\" content=\"pl_PL\" \/>\n<meta property=\"og:type\" content=\"article\" \/>\n<meta property=\"og:title\" content=\"Do medytacji z kalwaryjskiego Wzg\u00f3rza \u2013 pi\u0105tek 06.05.2022r. - Pako\u015b\u0107 \u2013 Kalwaria\" \/>\n<meta property=\"og:description\" content=\"Z kazania na kalwaryjskim Wzg\u00f3rzu \u2013 06.05.2022r. \u015awi\u0119to \u015aw. Aposto\u0142\u00f3w Filipa i Jakuba. Trwamy w Tygodniu Biblijnym, kt\u00f3ry w spos\u00f3b szczeg\u00f3lny przypomina nam i na nowo u\u015bwiadamia, jak wa\u017cne miejsce powinno zajmowa\u0107 w naszym \u017cyciu Pismo \u015awi\u0119te, S\u0142owo Boga zapisana na kartach Starego i Nowego Testamentu. W pierwszym czytaniu \u015bw. Pawe\u0142 przypomina dzi\u015b podstawowe prawdy &hellip;\" \/>\n<meta property=\"og:url\" content=\"https:\/\/pakosc-kalwaria.franciszkanie.net\/index.php\/2022\/05\/06\/do-medytacji-z-kalwaryjskiego-wzgorza-piatek-06-05-2022r\/\" \/>\n<meta property=\"og:site_name\" content=\"Pako\u015b\u0107 \u2013 Kalwaria\" \/>\n<meta property=\"article:author\" content=\"https:\/\/www.facebook.com\/KalwariaPakosc\/\" \/>\n<meta property=\"article:published_time\" content=\"2022-05-06T16:00:48+00:00\" \/>\n<meta property=\"article:modified_time\" content=\"2022-05-06T14:27:57+00:00\" \/>\n<meta property=\"og:image\" content=\"https:\/\/pakosc-kalwaria.franciszkanie.net\/wp-content\/uploads\/2022\/05\/0.jpg\" \/>\n\t<meta property=\"og:image:width\" content=\"350\" \/>\n\t<meta property=\"og:image:height\" content=\"233\" \/>\n\t<meta property=\"og:image:type\" content=\"image\/jpeg\" \/>\n<meta name=\"twitter:card\" content=\"summary\" \/>\n<meta name=\"twitter:label1\" content=\"Napisane przez\" \/>\n\t<meta name=\"twitter:data1\" content=\"pakosc-kalwaria\" \/>\n\t<meta name=\"twitter:label2\" content=\"Szacowany czas czytania\" \/>\n\t<meta name=\"twitter:data2\" content=\"4 minuty\" \/>\n<script type=\"application\/ld+json\" class=\"yoast-schema-graph\">{\"@context\":\"https:\/\/schema.org\",\"@graph\":[{\"@type\":\"WebSite\",\"@id\":\"https:\/\/pakosc-kalwaria.franciszkanie.net\/#website\",\"url\":\"https:\/\/pakosc-kalwaria.franciszkanie.net\/\",\"name\":\"Pako\u015b\u0107 \u2013 Kalwaria\",\"description\":\"Parafia Rzymsko \u2013 Katolicka p.w. Pana Jezusa Ukrzy\u017cowanego i  Matki Bo\u017cej Bolesnej ul. Barci\u0144ska 60, 88\u2013170 Pako\u015b\u0107 \u2013 Kalwaria\",\"potentialAction\":[{\"@type\":\"SearchAction\",\"target\":{\"@type\":\"EntryPoint\",\"urlTemplate\":\"https:\/\/pakosc-kalwaria.franciszkanie.net\/?s={search_term_string}\"},\"query-input\":\"required name=search_term_string\"}],\"inLanguage\":\"pl-PL\"},{\"@type\":\"ImageObject\",\"@id\":\"https:\/\/pakosc-kalwaria.franciszkanie.net\/index.php\/2022\/05\/06\/do-medytacji-z-kalwaryjskiego-wzgorza-piatek-06-05-2022r\/#primaryimage\",\"inLanguage\":\"pl-PL\",\"url\":\"https:\/\/pakosc-kalwaria.franciszkanie.net\/wp-content\/uploads\/2022\/05\/0.jpg\",\"contentUrl\":\"https:\/\/pakosc-kalwaria.franciszkanie.net\/wp-content\/uploads\/2022\/05\/0.jpg\",\"width\":350,\"height\":233},{\"@type\":\"WebPage\",\"@id\":\"https:\/\/pakosc-kalwaria.franciszkanie.net\/index.php\/2022\/05\/06\/do-medytacji-z-kalwaryjskiego-wzgorza-piatek-06-05-2022r\/#webpage\",\"url\":\"https:\/\/pakosc-kalwaria.franciszkanie.net\/index.php\/2022\/05\/06\/do-medytacji-z-kalwaryjskiego-wzgorza-piatek-06-05-2022r\/\",\"name\":\"Do medytacji z kalwaryjskiego Wzg\u00f3rza \u2013 pi\u0105tek 06.05.2022r. - Pako\u015b\u0107 \u2013 Kalwaria\",\"isPartOf\":{\"@id\":\"https:\/\/pakosc-kalwaria.franciszkanie.net\/#website\"},\"primaryImageOfPage\":{\"@id\":\"https:\/\/pakosc-kalwaria.franciszkanie.net\/index.php\/2022\/05\/06\/do-medytacji-z-kalwaryjskiego-wzgorza-piatek-06-05-2022r\/#primaryimage\"},\"datePublished\":\"2022-05-06T16:00:48+00:00\",\"dateModified\":\"2022-05-06T14:27:57+00:00\",\"author\":{\"@id\":\"https:\/\/pakosc-kalwaria.franciszkanie.net\/#\/schema\/person\/af10b943be0760709227d060eadcb2aa\"},\"breadcrumb\":{\"@id\":\"https:\/\/pakosc-kalwaria.franciszkanie.net\/index.php\/2022\/05\/06\/do-medytacji-z-kalwaryjskiego-wzgorza-piatek-06-05-2022r\/#breadcrumb\"},\"inLanguage\":\"pl-PL\",\"potentialAction\":[{\"@type\":\"ReadAction\",\"target\":[\"https:\/\/pakosc-kalwaria.franciszkanie.net\/index.php\/2022\/05\/06\/do-medytacji-z-kalwaryjskiego-wzgorza-piatek-06-05-2022r\/\"]}]},{\"@type\":\"BreadcrumbList\",\"@id\":\"https:\/\/pakosc-kalwaria.franciszkanie.net\/index.php\/2022\/05\/06\/do-medytacji-z-kalwaryjskiego-wzgorza-piatek-06-05-2022r\/#breadcrumb\",\"itemListElement\":[{\"@type\":\"ListItem\",\"position\":1,\"name\":\"Strona g\u0142\u00f3wna\",\"item\":\"https:\/\/pakosc-kalwaria.franciszkanie.net\/\"},{\"@type\":\"ListItem\",\"position\":2,\"name\":\"Do medytacji z kalwaryjskiego Wzg\u00f3rza \u2013 pi\u0105tek 06.05.2022r.\"}]},{\"@type\":\"Person\",\"@id\":\"https:\/\/pakosc-kalwaria.franciszkanie.net\/#\/schema\/person\/af10b943be0760709227d060eadcb2aa\",\"name\":\"pakosc-kalwaria\",\"image\":{\"@type\":\"ImageObject\",\"@id\":\"https:\/\/pakosc-kalwaria.franciszkanie.net\/#personlogo\",\"inLanguage\":\"pl-PL\",\"url\":\"https:\/\/secure.gravatar.com\/avatar\/e7049d338b55eac6a0027ff3218b8d02?s=96&d=mm&r=g\",\"contentUrl\":\"https:\/\/secure.gravatar.com\/avatar\/e7049d338b55eac6a0027ff3218b8d02?s=96&d=mm&r=g\",\"caption\":\"pakosc-kalwaria\"},\"sameAs\":[\"https:\/\/www.facebook.com\/KalwariaPakosc\/\"],\"url\":\"https:\/\/pakosc-kalwaria.franciszkanie.net\/index.php\/author\/pakosc-kalwaria\/\"}]}<\/script>\n<!-- \/ Yoast SEO plugin. -->","yoast_head_json":{"title":"Do medytacji z kalwaryjskiego Wzg\u00f3rza \u2013 pi\u0105tek 06.05.2022r. - Pako\u015b\u0107 \u2013 Kalwaria","robots":{"index":"index","follow":"follow","max-snippet":"max-snippet:-1","max-image-preview":"max-image-preview:large","max-video-preview":"max-video-preview:-1"},"canonical":"https:\/\/pakosc-kalwaria.franciszkanie.net\/index.php\/2022\/05\/06\/do-medytacji-z-kalwaryjskiego-wzgorza-piatek-06-05-2022r\/","og_locale":"pl_PL","og_type":"article","og_title":"Do medytacji z kalwaryjskiego Wzg\u00f3rza \u2013 pi\u0105tek 06.05.2022r. - Pako\u015b\u0107 \u2013 Kalwaria","og_description":"Z kazania na kalwaryjskim Wzg\u00f3rzu \u2013 06.05.2022r. \u015awi\u0119to \u015aw. Aposto\u0142\u00f3w Filipa i Jakuba. Trwamy w Tygodniu Biblijnym, kt\u00f3ry w spos\u00f3b szczeg\u00f3lny przypomina nam i na nowo u\u015bwiadamia, jak wa\u017cne miejsce powinno zajmowa\u0107 w naszym \u017cyciu Pismo \u015awi\u0119te, S\u0142owo Boga zapisana na kartach Starego i Nowego Testamentu. W pierwszym czytaniu \u015bw. Pawe\u0142 przypomina dzi\u015b podstawowe prawdy &hellip;","og_url":"https:\/\/pakosc-kalwaria.franciszkanie.net\/index.php\/2022\/05\/06\/do-medytacji-z-kalwaryjskiego-wzgorza-piatek-06-05-2022r\/","og_site_name":"Pako\u015b\u0107 \u2013 Kalwaria","article_author":"https:\/\/www.facebook.com\/KalwariaPakosc\/","article_published_time":"2022-05-06T16:00:48+00:00","article_modified_time":"2022-05-06T14:27:57+00:00","og_image":[{"width":350,"height":233,"url":"https:\/\/pakosc-kalwaria.franciszkanie.net\/wp-content\/uploads\/2022\/05\/0.jpg","type":"image\/jpeg"}],"twitter_card":"summary","twitter_misc":{"Napisane przez":"pakosc-kalwaria","Szacowany czas czytania":"4 minuty"},"schema":{"@context":"https:\/\/schema.org","@graph":[{"@type":"WebSite","@id":"https:\/\/pakosc-kalwaria.franciszkanie.net\/#website","url":"https:\/\/pakosc-kalwaria.franciszkanie.net\/","name":"Pako\u015b\u0107 \u2013 Kalwaria","description":"Parafia Rzymsko \u2013 Katolicka p.w. Pana Jezusa Ukrzy\u017cowanego i  Matki Bo\u017cej Bolesnej ul. Barci\u0144ska 60, 88\u2013170 Pako\u015b\u0107 \u2013 Kalwaria","potentialAction":[{"@type":"SearchAction","target":{"@type":"EntryPoint","urlTemplate":"https:\/\/pakosc-kalwaria.franciszkanie.net\/?s={search_term_string}"},"query-input":"required name=search_term_string"}],"inLanguage":"pl-PL"},{"@type":"ImageObject","@id":"https:\/\/pakosc-kalwaria.franciszkanie.net\/index.php\/2022\/05\/06\/do-medytacji-z-kalwaryjskiego-wzgorza-piatek-06-05-2022r\/#primaryimage","inLanguage":"pl-PL","url":"https:\/\/pakosc-kalwaria.franciszkanie.net\/wp-content\/uploads\/2022\/05\/0.jpg","contentUrl":"https:\/\/pakosc-kalwaria.franciszkanie.net\/wp-content\/uploads\/2022\/05\/0.jpg","width":350,"height":233},{"@type":"WebPage","@id":"https:\/\/pakosc-kalwaria.franciszkanie.net\/index.php\/2022\/05\/06\/do-medytacji-z-kalwaryjskiego-wzgorza-piatek-06-05-2022r\/#webpage","url":"https:\/\/pakosc-kalwaria.franciszkanie.net\/index.php\/2022\/05\/06\/do-medytacji-z-kalwaryjskiego-wzgorza-piatek-06-05-2022r\/","name":"Do medytacji z kalwaryjskiego Wzg\u00f3rza \u2013 pi\u0105tek 06.05.2022r. - Pako\u015b\u0107 \u2013 Kalwaria","isPartOf":{"@id":"https:\/\/pakosc-kalwaria.franciszkanie.net\/#website"},"primaryImageOfPage":{"@id":"https:\/\/pakosc-kalwaria.franciszkanie.net\/index.php\/2022\/05\/06\/do-medytacji-z-kalwaryjskiego-wzgorza-piatek-06-05-2022r\/#primaryimage"},"datePublished":"2022-05-06T16:00:48+00:00","dateModified":"2022-05-06T14:27:57+00:00","author":{"@id":"https:\/\/pakosc-kalwaria.franciszkanie.net\/#\/schema\/person\/af10b943be0760709227d060eadcb2aa"},"breadcrumb":{"@id":"https:\/\/pakosc-kalwaria.franciszkanie.net\/index.php\/2022\/05\/06\/do-medytacji-z-kalwaryjskiego-wzgorza-piatek-06-05-2022r\/#breadcrumb"},"inLanguage":"pl-PL","potentialAction":[{"@type":"ReadAction","target":["https:\/\/pakosc-kalwaria.franciszkanie.net\/index.php\/2022\/05\/06\/do-medytacji-z-kalwaryjskiego-wzgorza-piatek-06-05-2022r\/"]}]},{"@type":"BreadcrumbList","@id":"https:\/\/pakosc-kalwaria.franciszkanie.net\/index.php\/2022\/05\/06\/do-medytacji-z-kalwaryjskiego-wzgorza-piatek-06-05-2022r\/#breadcrumb","itemListElement":[{"@type":"ListItem","position":1,"name":"Strona g\u0142\u00f3wna","item":"https:\/\/pakosc-kalwaria.franciszkanie.net\/"},{"@type":"ListItem","position":2,"name":"Do medytacji z kalwaryjskiego Wzg\u00f3rza \u2013 pi\u0105tek 06.05.2022r."}]},{"@type":"Person","@id":"https:\/\/pakosc-kalwaria.franciszkanie.net\/#\/schema\/person\/af10b943be0760709227d060eadcb2aa","name":"pakosc-kalwaria","image":{"@type":"ImageObject","@id":"https:\/\/pakosc-kalwaria.franciszkanie.net\/#personlogo","inLanguage":"pl-PL","url":"https:\/\/secure.gravatar.com\/avatar\/e7049d338b55eac6a0027ff3218b8d02?s=96&d=mm&r=g","contentUrl":"https:\/\/secure.gravatar.com\/avatar\/e7049d338b55eac6a0027ff3218b8d02?s=96&d=mm&r=g","caption":"pakosc-kalwaria"},"sameAs":["https:\/\/www.facebook.com\/KalwariaPakosc\/"],"url":"https:\/\/pakosc-kalwaria.franciszkanie.net\/index.php\/author\/pakosc-kalwaria\/"}]}},"_links":{"self":[{"href":"https:\/\/pakosc-kalwaria.franciszkanie.net\/index.php\/wp-json\/wp\/v2\/posts\/22726"}],"collection":[{"href":"https:\/\/pakosc-kalwaria.franciszkanie.net\/index.php\/wp-json\/wp\/v2\/posts"}],"about":[{"href":"https:\/\/pakosc-kalwaria.franciszkanie.net\/index.php\/wp-json\/wp\/v2\/types\/post"}],"author":[{"embeddable":true,"href":"https:\/\/pakosc-kalwaria.franciszkanie.net\/index.php\/wp-json\/wp\/v2\/users\/2"}],"replies":[{"embeddable":true,"href":"https:\/\/pakosc-kalwaria.franciszkanie.net\/index.php\/wp-json\/wp\/v2\/comments?post=22726"}],"version-history":[{"count":2,"href":"https:\/\/pakosc-kalwaria.franciszkanie.net\/index.php\/wp-json\/wp\/v2\/posts\/22726\/revisions"}],"predecessor-version":[{"id":22741,"href":"https:\/\/pakosc-kalwaria.franciszkanie.net\/index.php\/wp-json\/wp\/v2\/posts\/22726\/revisions\/22741"}],"wp:featuredmedia":[{"embeddable":true,"href":"https:\/\/pakosc-kalwaria.franciszkanie.net\/index.php\/wp-json\/wp\/v2\/media\/22685"}],"wp:attachment":[{"href":"https:\/\/pakosc-kalwaria.franciszkanie.net\/index.php\/wp-json\/wp\/v2\/media?parent=22726"}],"wp:term":[{"taxonomy":"category","embeddable":true,"href":"https:\/\/pakosc-kalwaria.franciszkanie.net\/index.php\/wp-json\/wp\/v2\/categories?post=22726"},{"taxonomy":"post_tag","embeddable":true,"href":"https:\/\/pakosc-kalwaria.franciszkanie.net\/index.php\/wp-json\/wp\/v2\/tags?post=22726"}],"curies":[{"name":"wp","href":"https:\/\/api.w.org\/{rel}","templated":true}]}}