{"id":22728,"date":"2022-05-07T21:00:25","date_gmt":"2022-05-07T19:00:25","guid":{"rendered":"http:\/\/pakosc-kalwaria.franciszkanie.net\/?p=22728"},"modified":"2022-05-08T07:26:58","modified_gmt":"2022-05-08T05:26:58","slug":"list-ks-prymasa-do-wiernych-archidiecezji-gnieznienskiej","status":"publish","type":"post","link":"https:\/\/pakosc-kalwaria.franciszkanie.net\/index.php\/2022\/05\/07\/list-ks-prymasa-do-wiernych-archidiecezji-gnieznienskiej\/","title":{"rendered":"List Ks. Prymasa do wiernych Archidiecezji Gnie\u017anie\u0144skiej na Niedziel\u0119 Dobrego Pasterza"},"content":{"rendered":"<p><strong>List do wiernych Archidiecezji Gnie\u017anie\u0144skiej<br \/>\n<\/strong><strong>z okazji 59. \u015awiatowego Dnia Modlitwy o Powo\u0142ania<br \/>\nNiedziela Dobrego Pasterza \u2013 8 maja 2022 r.<\/strong><\/p>\n<p>Umi\u0142owani w Panu, Siostry i Bracia!<br \/>\nCelebracja uroczysto\u015bci Zmartwychwstania Pa\u0144skiego rozpoczyna si\u0119 antyfon\u0105, czyli specjalnym wersetem, kt\u00f3ry brzmi nast\u0119puj\u0105co: <em>Zmartwychwsta\u0142em i zawsze jestem z Tob\u0105, po\u0142o\u017cy\u0142e\u015b na mnie sw\u0105 r\u0119k\u0119, przedziwna jest Twoja wiedza. Alleluja. <\/em>S\u0142owa te oddaj\u0105 wyznanie Jezusa Chrystusa, kt\u00f3ry ze \u015bmierci przeszed\u0142 do \u017cycia i uwielbia Boga za to, \u017ce swoj\u0105 ojcowsk\u0105 d\u0142oni\u0105 przeprowadzi\u0142 Go przez t\u0119 szczeg\u00f3ln\u0105 paschaln\u0105 drog\u0119. Ws\u0142uchuj\u0105c si\u0119 w nie r\u00f3wnocze\u015bnie prosimy, aby\u015bmy tak\u017ce i my mogli do\u015bwiadczy\u0107 blisko\u015bci Zmartwychwsta\u0142ego Pana i dotkni\u0119cia Jego \u0142ask\u0105.<br \/>\nEcho tych s\u0142\u00f3w powraca wyra\u017anie we fragmencie Ewangelii odczytywanym w dzisiejsz\u0105, czwart\u0105 ju\u017c niedziel\u0119 wielkanocn\u0105. Pan Jezus objawia nam siebie jako Dobrego Pasterza, a o nas, swoich owcach, m\u00f3wi: <em>Nie zgin\u0105 na wieki i nikt nie wyrwie ich z mojej r\u0119ki<\/em>. Nast\u0119pnie, jakby dla przypiecz\u0119towania tej prawdy, dodaje jeszcze: <em>I nikt nie mo\u017ce ich wyrwa\u0107 z r\u0119ki mego Ojca <\/em>(por. J 10, 27-30)<em>.<br \/>\n<\/em>Faktycznie, wobec zewn\u0119trznych zagro\u017ce\u0144, kt\u00f3re ostatnio zdaj\u0105 si\u0119 przybiera\u0107 na sile i mocno oddzia\u0142ywuj\u0105 na nasz\u0105 codzienno\u015b\u0107, bardzo potrzebujemy wiary nie tylko w jaki\u015b \u201epalec Bo\u017cy\u201d \u2013 jak to czasem m\u00f3wimy \u2013 lecz w to, \u017ce naprawd\u0119 wyszli\u015bmy z r\u0119ki Boga. On zechcia\u0142 ka\u017cdego i ka\u017cdej z nas, wybra\u0142 sobie i nigdy nie przestanie kocha\u0107. Im wi\u0119cej spraw, przyzwyczaje\u0144 i l\u0119k\u00f3w odci\u0105ga nas od Pana, tym mocniej mamy uchwyci\u0107 si\u0119 Jego d\u0142oni. Im bole\u015bniej dotyka nas bezradno\u015b\u0107, im bardziej po ludzku \u201eopadaj\u0105 nam r\u0119ce\u201d czy te\u017c silniej \u201ezaciskamy pi\u0119\u015bci\u201d, tym gor\u0119cej Jezus Chrystus zach\u0119ca nas do zaufania Jego przebitym i chwalebnym d\u0142oniom, zaprawionym do walki o nasze zbawienie. Niejednokrotnie prze\u017cywamy chwile niepewno\u015bci lub odczuwamy pokus\u0119 p\u00f3j\u015bcia w\u0142asnymi \u015bcie\u017ckami, tymczasem On nie przestaje wskazywa\u0107 nam drogi. Co wi\u0119cej, szuka nas, bierze na ramiona i sam chce by\u0107 nasz\u0105 Drog\u0105.<br \/>\nNie ma takiego upadku, z kt\u00f3rego nie mog\u0142oby nas pod\u017awign\u0105\u0107 mi\u0142osierdzie Bo\u017ce! Nie ma takiej \u0142zy, kt\u00f3rej B\u00f3g nie chcia\u0142by otrze\u0107 z naszych oczu (por. <em>Ap<\/em> 7,17)! Nie ma takiego z\u0142a, kt\u00f3rego B\u00f3g by nie zwyci\u0119\u017cy\u0142!<\/p>\n<p>Moi Kochani!<br \/>\nS\u0142owo Bo\u017ce, kt\u00f3rego s\u0142uchamy podczas Mszy \u015bwi\u0119tej, jest nie tylko drogowskazem i zaproszeniem. Ono ma moc sprawi\u0107 w nas to, do czego zach\u0119ca. Pan B\u00f3g przemawia do naszych serc i pragnie, aby\u015bmy dali Mu odpowied\u017a ca\u0142ym naszym \u017cyciem, a wi\u0119c przez s\u0142owa maj\u0105ce pokrycie i konkretne gesty, przez dojrzale prze\u017cywane relacje i dokonywane wybory, przez wiern\u0105 modlitw\u0119 i \u015bwiadectwo, czyli najkr\u00f3cej m\u00f3wi\u0105c przez realizacj\u0119 naszego powo\u0142ania.<br \/>\nSpogl\u0105daj\u0105c w Niedziel\u0119 Dobrego Pasterza na nasz\u0105 w\u0142asn\u0105 drog\u0119 \u017cyciow\u0105 i umacniaj\u0105c si\u0119 na niej, razem z ca\u0142ym Ko\u015bcio\u0142em rozpoczynamy tydzie\u0144 szczeg\u00f3lnej modlitwy o powo\u0142ania kap\u0142a\u0144skie i zakonne. Wobec zmniejszaj\u0105cej si\u0119 liczby os\u00f3b gotowych odda\u0107 si\u0119 na wy\u0142\u0105czn\u0105 s\u0142u\u017cb\u0119 Bogu i ludziom, nie chcemy podda\u0107 si\u0119 narzekaniu. Nie mo\u017cemy te\u017c ograniczy\u0107 si\u0119 jedynie do nowego podzia\u0142u obowi\u0105zk\u00f3w czy rozwi\u0105za\u0144 administracyjnych. Jak niedawno przypomnia\u0142 papie\u017c Franciszek, <em>stoimy w obliczu zmiany epoki, <\/em>a to <em>stawia nas przed r\u00f3\u017cnymi sposobami stawiania jej czo\u0142a<\/em>. Nie mo\u017cemy ani <em>chowa\u0107 si\u0119 w \u015bwiecie lub spo\u0142ecze\u0144stwie, kt\u00f3re ju\u017c nie istnieje<\/em>, ani te\u017c pozwala\u0107 sobie na <em>przesadny optymizm \u2013 \u201ewszystko b\u0119dzie dobrze\u201d, na posuwanie si\u0119 za daleko bez rozeznania i bez niezb\u0119dnych decyzji. <\/em>[\u2026] <em>Jezus, w tym momencie dziejowym zaprasza nas ponownie, aby\u015bmy \u201ewyp\u0142yn\u0119li na g\u0142\u0119bi\u0119\u201d (por. \u0141k 5, 4) z ufno\u015bci\u0105, \u017ce On jest Panem dziej\u00f3w i \u017ce prowadzeni przez Niego, b\u0119dziemy potrafili rozezna\u0107 perspektyw\u0119, do kt\u00f3rej trzeba d\u0105\u017cy\u0107 <\/em>(por. Przem\u00f3wienie, 17 lutego 2022 r.).<br \/>\nPotrzeba nam wiernego wo\u0142ania do Pana, troski o wiar\u0119 i mi\u0142o\u015b\u0107 przekazywane w rodzinach, dostrzegania m\u0142odego pokolenia i towarzyszenia mu, a tak\u017ce nieustannego powracania do pierwotnej gorliwo\u015bci i odnawiania zapa\u0142u apostolskiego. Jak zauwa\u017ca papie\u017c z charakterystyczn\u0105 dla siebie bezpo\u015brednio\u015bci\u0105, istniej\u0105 <em>na przyk\u0142ad wsp\u00f3lnoty dobrze funkcjonuj\u0105ce, ale pozbawione entuzjazmu, \u201ewszystko jest na swoim miejscu\u201d, ale brakuje ognia ducha. <\/em>Tymczasem<em> tam, gdzie jest \u017cycie, \u017carliwo\u015b\u0107 i pragnienie niesienia Chrystusa innym, tam rodz\u0105 si\u0119 prawdziwe powo\u0142ania<\/em> (por. Przem\u00f3wienie).<br \/>\nZach\u0119cam zatem wsp\u00f3lnoty parafialne, stowarzyszenia i grupy, kap\u0142an\u00f3w i osoby konsekrowane, rodziny i poszczeg\u00f3lnych wiernych do wytrwa\u0142ej modlitwy o dar nowych powo\u0142a\u0144. Prosz\u0119, aby ta intencja powraca\u0142a jak najcz\u0119\u015bciej w naszej osobistej rozmowie z Chrystusem, podczas Eucharystii, nabo\u017ce\u0144stw i czuwa\u0144, a zw\u0142aszcza przy okazji kolejnych stacji Nawiedzenia Ikony Jasnog\u00f3rskiej w naszej Archidiecezji.<br \/>\nM\u00f3dlmy si\u0119 za kleryk\u00f3w naszego Prymasowskiego Wy\u017cszego Seminarium Duchownego w Gnie\u017anie, a szczeg\u00f3lnie za Kacpra, kt\u00f3ry w dniu dzisiejszym przyjmuje \u015bwi\u0119cenia diakonatu oraz za czterech diakon\u00f3w \u2013 Marcina, Adama, Marcina i Arkadiusza \u2013 kt\u00f3rzy 28 maja przyjm\u0105 \u015bwi\u0119cenia prezbiteratu i zostan\u0105 pos\u0142ani do poszczeg\u00f3lnych parafii. Polecajmy r\u00f3wnie\u017c kap\u0142an\u00f3w i osoby zakonne pos\u0142uguj\u0105ce w Archidiecezji Gnie\u017anie\u0144skiej, ale tak\u017ce siebie nawzajem. <em>Ka\u017cdy, patrz\u0105c na swoje cz\u0142owiecze\u0144stwo, swoj\u0105 histori\u0119, sw\u00f3j temperament <\/em>\u2013 jak przypomina Ojciec \u015bwi\u0119ty<em> \u2013 nie powinien pyta\u0107 siebie, czy wyb\u00f3r powo\u0142ania jest wygodny czy nie, ale czy w sumieniu to powo\u0142anie otwiera w nim ten potencja\u0142 Mi\u0142o\u015bci, kt\u00f3ry otrzymali\u015bmy w dniu naszego chrztu <\/em>(por. Przem\u00f3wienie).<\/p>\n<p>Drodzy Siostry i Bracia!<br \/>\nPodobnie jak w latach ubieg\u0142ych, chcia\u0142bym Was poprosi\u0107 nie tylko o duchowe, ale tak\u017ce i materialne wsparcie dla naszego seminarium duchownego. Utrzymuje si\u0119 ono przede wszystkim z ofiar wiernych i kap\u0142an\u00f3w, a zatem to dzi\u0119ki Wam mo\u017ce realizowa\u0107 swoj\u0105 misj\u0119 formacyjn\u0105. W imieniu w\u0142asnym oraz ca\u0142ej wsp\u00f3lnoty seminaryjnej wyra\u017cam wdzi\u0119czno\u015b\u0107 za zebrane dzisiaj na ten cel ofiary, kt\u00f3re s\u0105 konkretnym przejawem Waszej troski o powo\u0142ania.<br \/>\nDzi\u0119kuj\u0119 cz\u0142onkom Stowarzyszenia Wspierania Powo\u0142a\u0144 Kap\u0142a\u0144skich, a tak\u017ce osobom chorym i cierpi\u0105cym, kt\u00f3re cz\u0119sto ofiaruj\u0105 niesiony krzy\u017c w intencji nowych powo\u0142a\u0144 i o \u015bwi\u0119to\u015b\u0107 \u017cycia powo\u0142anych. Dzi\u0119kuj\u0119 rodzinom, kt\u00f3re ze zrozumieniem przyjmuj\u0105 dar rodz\u0105cych si\u0119 powo\u0142a\u0144, a p\u00f3\u017aniej nie przestaj\u0105 by\u0107 dla nich oparciem. Dzi\u0119kuj\u0119 ksi\u0119\u017com, kt\u00f3rzy staraj\u0105 si\u0119 \u017cy\u0107 Ewangeli\u0105 i swoim \u017cyciem zach\u0119caj\u0105 innych do podj\u0119cia podobnej drogi. W ko\u0144cu dzi\u0119kuj\u0119 Wam, moi Drodzy M\u0142odzi Przyjaciele, kt\u00f3rzy nas\u0142uchujecie g\u0142osu Boga w Waszych sercach i chcecie za Nim p\u00f3j\u015b\u0107 w ma\u0142\u017ce\u0144stwie i rodzinie, ale niekt\u00f3rzy r\u00f3wnie\u017c w kap\u0142a\u0144stwie czy \u017cyciu konsekrowanym. Pomimo wszelkich przeszk\u00f3d i w\u0105tpliwo\u015bci nie b\u00f3jcie si\u0119 zaufa\u0107 Chrystusowi! B\u0105d\u017acie pewni, \u017ce zw\u0142aszcza teraz, w okresie egzamin\u00f3w maturalnych i \u017cyciowych wybor\u00f3w, towarzyszy Wam modlitwa Ko\u015bcio\u0142a i pasterskie b\u0142ogos\u0142awie\u0144stwo Waszego biskupa.<br \/>\nW tych dniach w naszych ko\u015bcio\u0142ach i kaplicach, a tak\u017ce przy przydro\u017cnych krzy\u017cach i figurach chwalimy Maryj\u0119, <em>Pani\u0105 \u015bwiata, kt\u00f3rej d\u0142o\u0144 nasza wieniec splata<\/em>. Niech Jej wstawiennictwo wyprasza nam \u0142ask\u0119 rozeznania, podejmowania i wytrwania na drodze naszego powo\u0142ania do \u015bwi\u0119to\u015bci. Niech Kr\u00f3lowa Aposto\u0142\u00f3w i Kr\u00f3lowa Rodzin wyjedna nam niezachwian\u0105 wiar\u0119 w to, \u017ce Dobry Pasterz trzyma pewnie ka\u017cdego i ka\u017cd\u0105 z nas w swojej d\u0142oni. A kiedy Jej Cudowny Wizerunek nawiedzi nasz\u0105 wsp\u00f3lnot\u0119, czy to podczas sprawowanej powo\u0142aniowej Pasterki czy te\u017c w cichej osobistej modlitwie, spogl\u0105daj\u0105c w Jej oczy polecajmy tych, kt\u00f3rzy tak jak Ona, jako kap\u0142ani i osoby zakonne, maj\u0105 by\u0107 znakiem blisko\u015bci Boga we wsp\u00f3\u0142czesnym \u015bwiecie.<\/p>\n<p><em>\u2020 Wojciech Polak<br \/>\n<\/em>Arcybiskup Metropolita Gnie\u017anie\u0144ski<br \/>\nPrymas Polski<\/p>\n","protected":false},"excerpt":{"rendered":"<p>List do wiernych Archidiecezji Gnie\u017anie\u0144skiej z okazji 59. \u015awiatowego Dnia Modlitwy o Powo\u0142ania Niedziela Dobrego Pasterza \u2013 8 maja 2022 r. Umi\u0142owani w Panu, Siostry i Bracia! Celebracja uroczysto\u015bci Zmartwychwstania Pa\u0144skiego rozpoczyna si\u0119 antyfon\u0105, czyli specjalnym wersetem, kt\u00f3ry brzmi nast\u0119puj\u0105co: Zmartwychwsta\u0142em i zawsze jestem z Tob\u0105, po\u0142o\u017cy\u0142e\u015b na mnie sw\u0105 r\u0119k\u0119, przedziwna jest Twoja wiedza. &hellip;<\/p>\n","protected":false},"author":2,"featured_media":22729,"comment_status":"closed","ping_status":"closed","sticky":false,"template":"","format":"standard","meta":{"_mi_skip_tracking":false,"_exactmetrics_sitenote_active":false,"_exactmetrics_sitenote_note":"","_exactmetrics_sitenote_category":0},"categories":[7],"tags":[],"yoast_head":"<!-- This site is optimized with the Yoast SEO plugin v18.1 - https:\/\/yoast.com\/wordpress\/plugins\/seo\/ -->\n<title>List Ks. Prymasa do wiernych Archidiecezji Gnie\u017anie\u0144skiej na Niedziel\u0119 Dobrego Pasterza - Pako\u015b\u0107 \u2013 Kalwaria<\/title>\n<meta name=\"robots\" content=\"index, follow, max-snippet:-1, max-image-preview:large, max-video-preview:-1\" \/>\n<link rel=\"canonical\" href=\"https:\/\/pakosc-kalwaria.franciszkanie.net\/index.php\/2022\/05\/07\/list-ks-prymasa-do-wiernych-archidiecezji-gnieznienskiej\/\" \/>\n<meta property=\"og:locale\" content=\"pl_PL\" \/>\n<meta property=\"og:type\" content=\"article\" \/>\n<meta property=\"og:title\" content=\"List Ks. Prymasa do wiernych Archidiecezji Gnie\u017anie\u0144skiej na Niedziel\u0119 Dobrego Pasterza - Pako\u015b\u0107 \u2013 Kalwaria\" \/>\n<meta property=\"og:description\" content=\"List do wiernych Archidiecezji Gnie\u017anie\u0144skiej z okazji 59. \u015awiatowego Dnia Modlitwy o Powo\u0142ania Niedziela Dobrego Pasterza \u2013 8 maja 2022 r. Umi\u0142owani w Panu, Siostry i Bracia! Celebracja uroczysto\u015bci Zmartwychwstania Pa\u0144skiego rozpoczyna si\u0119 antyfon\u0105, czyli specjalnym wersetem, kt\u00f3ry brzmi nast\u0119puj\u0105co: Zmartwychwsta\u0142em i zawsze jestem z Tob\u0105, po\u0142o\u017cy\u0142e\u015b na mnie sw\u0105 r\u0119k\u0119, przedziwna jest Twoja wiedza. &hellip;\" \/>\n<meta property=\"og:url\" content=\"https:\/\/pakosc-kalwaria.franciszkanie.net\/index.php\/2022\/05\/07\/list-ks-prymasa-do-wiernych-archidiecezji-gnieznienskiej\/\" \/>\n<meta property=\"og:site_name\" content=\"Pako\u015b\u0107 \u2013 Kalwaria\" \/>\n<meta property=\"article:author\" content=\"https:\/\/www.facebook.com\/KalwariaPakosc\/\" \/>\n<meta property=\"article:published_time\" content=\"2022-05-07T19:00:25+00:00\" \/>\n<meta property=\"article:modified_time\" content=\"2022-05-08T05:26:58+00:00\" \/>\n<meta property=\"og:image\" content=\"https:\/\/pakosc-kalwaria.franciszkanie.net\/wp-content\/uploads\/2022\/05\/herb_polak-1.jpg\" \/>\n\t<meta property=\"og:image:width\" content=\"200\" \/>\n\t<meta property=\"og:image:height\" content=\"218\" \/>\n\t<meta property=\"og:image:type\" content=\"image\/jpeg\" \/>\n<meta name=\"twitter:card\" content=\"summary\" \/>\n<meta name=\"twitter:label1\" content=\"Napisane przez\" \/>\n\t<meta name=\"twitter:data1\" content=\"pakosc-kalwaria\" \/>\n\t<meta name=\"twitter:label2\" content=\"Szacowany czas czytania\" \/>\n\t<meta name=\"twitter:data2\" content=\"7 minut\" \/>\n<script type=\"application\/ld+json\" class=\"yoast-schema-graph\">{\"@context\":\"https:\/\/schema.org\",\"@graph\":[{\"@type\":\"WebSite\",\"@id\":\"https:\/\/pakosc-kalwaria.franciszkanie.net\/#website\",\"url\":\"https:\/\/pakosc-kalwaria.franciszkanie.net\/\",\"name\":\"Pako\u015b\u0107 \u2013 Kalwaria\",\"description\":\"Parafia Rzymsko \u2013 Katolicka p.w. Pana Jezusa Ukrzy\u017cowanego i  Matki Bo\u017cej Bolesnej ul. Barci\u0144ska 60, 88\u2013170 Pako\u015b\u0107 \u2013 Kalwaria\",\"potentialAction\":[{\"@type\":\"SearchAction\",\"target\":{\"@type\":\"EntryPoint\",\"urlTemplate\":\"https:\/\/pakosc-kalwaria.franciszkanie.net\/?s={search_term_string}\"},\"query-input\":\"required name=search_term_string\"}],\"inLanguage\":\"pl-PL\"},{\"@type\":\"ImageObject\",\"@id\":\"https:\/\/pakosc-kalwaria.franciszkanie.net\/index.php\/2022\/05\/07\/list-ks-prymasa-do-wiernych-archidiecezji-gnieznienskiej\/#primaryimage\",\"inLanguage\":\"pl-PL\",\"url\":\"https:\/\/pakosc-kalwaria.franciszkanie.net\/wp-content\/uploads\/2022\/05\/herb_polak-1.jpg\",\"contentUrl\":\"https:\/\/pakosc-kalwaria.franciszkanie.net\/wp-content\/uploads\/2022\/05\/herb_polak-1.jpg\",\"width\":200,\"height\":218},{\"@type\":\"WebPage\",\"@id\":\"https:\/\/pakosc-kalwaria.franciszkanie.net\/index.php\/2022\/05\/07\/list-ks-prymasa-do-wiernych-archidiecezji-gnieznienskiej\/#webpage\",\"url\":\"https:\/\/pakosc-kalwaria.franciszkanie.net\/index.php\/2022\/05\/07\/list-ks-prymasa-do-wiernych-archidiecezji-gnieznienskiej\/\",\"name\":\"List Ks. Prymasa do wiernych Archidiecezji Gnie\u017anie\u0144skiej na Niedziel\u0119 Dobrego Pasterza - Pako\u015b\u0107 \u2013 Kalwaria\",\"isPartOf\":{\"@id\":\"https:\/\/pakosc-kalwaria.franciszkanie.net\/#website\"},\"primaryImageOfPage\":{\"@id\":\"https:\/\/pakosc-kalwaria.franciszkanie.net\/index.php\/2022\/05\/07\/list-ks-prymasa-do-wiernych-archidiecezji-gnieznienskiej\/#primaryimage\"},\"datePublished\":\"2022-05-07T19:00:25+00:00\",\"dateModified\":\"2022-05-08T05:26:58+00:00\",\"author\":{\"@id\":\"https:\/\/pakosc-kalwaria.franciszkanie.net\/#\/schema\/person\/af10b943be0760709227d060eadcb2aa\"},\"breadcrumb\":{\"@id\":\"https:\/\/pakosc-kalwaria.franciszkanie.net\/index.php\/2022\/05\/07\/list-ks-prymasa-do-wiernych-archidiecezji-gnieznienskiej\/#breadcrumb\"},\"inLanguage\":\"pl-PL\",\"potentialAction\":[{\"@type\":\"ReadAction\",\"target\":[\"https:\/\/pakosc-kalwaria.franciszkanie.net\/index.php\/2022\/05\/07\/list-ks-prymasa-do-wiernych-archidiecezji-gnieznienskiej\/\"]}]},{\"@type\":\"BreadcrumbList\",\"@id\":\"https:\/\/pakosc-kalwaria.franciszkanie.net\/index.php\/2022\/05\/07\/list-ks-prymasa-do-wiernych-archidiecezji-gnieznienskiej\/#breadcrumb\",\"itemListElement\":[{\"@type\":\"ListItem\",\"position\":1,\"name\":\"Strona g\u0142\u00f3wna\",\"item\":\"https:\/\/pakosc-kalwaria.franciszkanie.net\/\"},{\"@type\":\"ListItem\",\"position\":2,\"name\":\"List Ks. Prymasa do wiernych Archidiecezji Gnie\u017anie\u0144skiej na Niedziel\u0119 Dobrego Pasterza\"}]},{\"@type\":\"Person\",\"@id\":\"https:\/\/pakosc-kalwaria.franciszkanie.net\/#\/schema\/person\/af10b943be0760709227d060eadcb2aa\",\"name\":\"pakosc-kalwaria\",\"image\":{\"@type\":\"ImageObject\",\"@id\":\"https:\/\/pakosc-kalwaria.franciszkanie.net\/#personlogo\",\"inLanguage\":\"pl-PL\",\"url\":\"https:\/\/secure.gravatar.com\/avatar\/e7049d338b55eac6a0027ff3218b8d02?s=96&d=mm&r=g\",\"contentUrl\":\"https:\/\/secure.gravatar.com\/avatar\/e7049d338b55eac6a0027ff3218b8d02?s=96&d=mm&r=g\",\"caption\":\"pakosc-kalwaria\"},\"sameAs\":[\"https:\/\/www.facebook.com\/KalwariaPakosc\/\"],\"url\":\"https:\/\/pakosc-kalwaria.franciszkanie.net\/index.php\/author\/pakosc-kalwaria\/\"}]}<\/script>\n<!-- \/ Yoast SEO plugin. -->","yoast_head_json":{"title":"List Ks. Prymasa do wiernych Archidiecezji Gnie\u017anie\u0144skiej na Niedziel\u0119 Dobrego Pasterza - Pako\u015b\u0107 \u2013 Kalwaria","robots":{"index":"index","follow":"follow","max-snippet":"max-snippet:-1","max-image-preview":"max-image-preview:large","max-video-preview":"max-video-preview:-1"},"canonical":"https:\/\/pakosc-kalwaria.franciszkanie.net\/index.php\/2022\/05\/07\/list-ks-prymasa-do-wiernych-archidiecezji-gnieznienskiej\/","og_locale":"pl_PL","og_type":"article","og_title":"List Ks. Prymasa do wiernych Archidiecezji Gnie\u017anie\u0144skiej na Niedziel\u0119 Dobrego Pasterza - Pako\u015b\u0107 \u2013 Kalwaria","og_description":"List do wiernych Archidiecezji Gnie\u017anie\u0144skiej z okazji 59. \u015awiatowego Dnia Modlitwy o Powo\u0142ania Niedziela Dobrego Pasterza \u2013 8 maja 2022 r. Umi\u0142owani w Panu, Siostry i Bracia! Celebracja uroczysto\u015bci Zmartwychwstania Pa\u0144skiego rozpoczyna si\u0119 antyfon\u0105, czyli specjalnym wersetem, kt\u00f3ry brzmi nast\u0119puj\u0105co: Zmartwychwsta\u0142em i zawsze jestem z Tob\u0105, po\u0142o\u017cy\u0142e\u015b na mnie sw\u0105 r\u0119k\u0119, przedziwna jest Twoja wiedza. &hellip;","og_url":"https:\/\/pakosc-kalwaria.franciszkanie.net\/index.php\/2022\/05\/07\/list-ks-prymasa-do-wiernych-archidiecezji-gnieznienskiej\/","og_site_name":"Pako\u015b\u0107 \u2013 Kalwaria","article_author":"https:\/\/www.facebook.com\/KalwariaPakosc\/","article_published_time":"2022-05-07T19:00:25+00:00","article_modified_time":"2022-05-08T05:26:58+00:00","og_image":[{"width":200,"height":218,"url":"https:\/\/pakosc-kalwaria.franciszkanie.net\/wp-content\/uploads\/2022\/05\/herb_polak-1.jpg","type":"image\/jpeg"}],"twitter_card":"summary","twitter_misc":{"Napisane przez":"pakosc-kalwaria","Szacowany czas czytania":"7 minut"},"schema":{"@context":"https:\/\/schema.org","@graph":[{"@type":"WebSite","@id":"https:\/\/pakosc-kalwaria.franciszkanie.net\/#website","url":"https:\/\/pakosc-kalwaria.franciszkanie.net\/","name":"Pako\u015b\u0107 \u2013 Kalwaria","description":"Parafia Rzymsko \u2013 Katolicka p.w. Pana Jezusa Ukrzy\u017cowanego i  Matki Bo\u017cej Bolesnej ul. Barci\u0144ska 60, 88\u2013170 Pako\u015b\u0107 \u2013 Kalwaria","potentialAction":[{"@type":"SearchAction","target":{"@type":"EntryPoint","urlTemplate":"https:\/\/pakosc-kalwaria.franciszkanie.net\/?s={search_term_string}"},"query-input":"required name=search_term_string"}],"inLanguage":"pl-PL"},{"@type":"ImageObject","@id":"https:\/\/pakosc-kalwaria.franciszkanie.net\/index.php\/2022\/05\/07\/list-ks-prymasa-do-wiernych-archidiecezji-gnieznienskiej\/#primaryimage","inLanguage":"pl-PL","url":"https:\/\/pakosc-kalwaria.franciszkanie.net\/wp-content\/uploads\/2022\/05\/herb_polak-1.jpg","contentUrl":"https:\/\/pakosc-kalwaria.franciszkanie.net\/wp-content\/uploads\/2022\/05\/herb_polak-1.jpg","width":200,"height":218},{"@type":"WebPage","@id":"https:\/\/pakosc-kalwaria.franciszkanie.net\/index.php\/2022\/05\/07\/list-ks-prymasa-do-wiernych-archidiecezji-gnieznienskiej\/#webpage","url":"https:\/\/pakosc-kalwaria.franciszkanie.net\/index.php\/2022\/05\/07\/list-ks-prymasa-do-wiernych-archidiecezji-gnieznienskiej\/","name":"List Ks. Prymasa do wiernych Archidiecezji Gnie\u017anie\u0144skiej na Niedziel\u0119 Dobrego Pasterza - Pako\u015b\u0107 \u2013 Kalwaria","isPartOf":{"@id":"https:\/\/pakosc-kalwaria.franciszkanie.net\/#website"},"primaryImageOfPage":{"@id":"https:\/\/pakosc-kalwaria.franciszkanie.net\/index.php\/2022\/05\/07\/list-ks-prymasa-do-wiernych-archidiecezji-gnieznienskiej\/#primaryimage"},"datePublished":"2022-05-07T19:00:25+00:00","dateModified":"2022-05-08T05:26:58+00:00","author":{"@id":"https:\/\/pakosc-kalwaria.franciszkanie.net\/#\/schema\/person\/af10b943be0760709227d060eadcb2aa"},"breadcrumb":{"@id":"https:\/\/pakosc-kalwaria.franciszkanie.net\/index.php\/2022\/05\/07\/list-ks-prymasa-do-wiernych-archidiecezji-gnieznienskiej\/#breadcrumb"},"inLanguage":"pl-PL","potentialAction":[{"@type":"ReadAction","target":["https:\/\/pakosc-kalwaria.franciszkanie.net\/index.php\/2022\/05\/07\/list-ks-prymasa-do-wiernych-archidiecezji-gnieznienskiej\/"]}]},{"@type":"BreadcrumbList","@id":"https:\/\/pakosc-kalwaria.franciszkanie.net\/index.php\/2022\/05\/07\/list-ks-prymasa-do-wiernych-archidiecezji-gnieznienskiej\/#breadcrumb","itemListElement":[{"@type":"ListItem","position":1,"name":"Strona g\u0142\u00f3wna","item":"https:\/\/pakosc-kalwaria.franciszkanie.net\/"},{"@type":"ListItem","position":2,"name":"List Ks. Prymasa do wiernych Archidiecezji Gnie\u017anie\u0144skiej na Niedziel\u0119 Dobrego Pasterza"}]},{"@type":"Person","@id":"https:\/\/pakosc-kalwaria.franciszkanie.net\/#\/schema\/person\/af10b943be0760709227d060eadcb2aa","name":"pakosc-kalwaria","image":{"@type":"ImageObject","@id":"https:\/\/pakosc-kalwaria.franciszkanie.net\/#personlogo","inLanguage":"pl-PL","url":"https:\/\/secure.gravatar.com\/avatar\/e7049d338b55eac6a0027ff3218b8d02?s=96&d=mm&r=g","contentUrl":"https:\/\/secure.gravatar.com\/avatar\/e7049d338b55eac6a0027ff3218b8d02?s=96&d=mm&r=g","caption":"pakosc-kalwaria"},"sameAs":["https:\/\/www.facebook.com\/KalwariaPakosc\/"],"url":"https:\/\/pakosc-kalwaria.franciszkanie.net\/index.php\/author\/pakosc-kalwaria\/"}]}},"_links":{"self":[{"href":"https:\/\/pakosc-kalwaria.franciszkanie.net\/index.php\/wp-json\/wp\/v2\/posts\/22728"}],"collection":[{"href":"https:\/\/pakosc-kalwaria.franciszkanie.net\/index.php\/wp-json\/wp\/v2\/posts"}],"about":[{"href":"https:\/\/pakosc-kalwaria.franciszkanie.net\/index.php\/wp-json\/wp\/v2\/types\/post"}],"author":[{"embeddable":true,"href":"https:\/\/pakosc-kalwaria.franciszkanie.net\/index.php\/wp-json\/wp\/v2\/users\/2"}],"replies":[{"embeddable":true,"href":"https:\/\/pakosc-kalwaria.franciszkanie.net\/index.php\/wp-json\/wp\/v2\/comments?post=22728"}],"version-history":[{"count":3,"href":"https:\/\/pakosc-kalwaria.franciszkanie.net\/index.php\/wp-json\/wp\/v2\/posts\/22728\/revisions"}],"predecessor-version":[{"id":22759,"href":"https:\/\/pakosc-kalwaria.franciszkanie.net\/index.php\/wp-json\/wp\/v2\/posts\/22728\/revisions\/22759"}],"wp:featuredmedia":[{"embeddable":true,"href":"https:\/\/pakosc-kalwaria.franciszkanie.net\/index.php\/wp-json\/wp\/v2\/media\/22729"}],"wp:attachment":[{"href":"https:\/\/pakosc-kalwaria.franciszkanie.net\/index.php\/wp-json\/wp\/v2\/media?parent=22728"}],"wp:term":[{"taxonomy":"category","embeddable":true,"href":"https:\/\/pakosc-kalwaria.franciszkanie.net\/index.php\/wp-json\/wp\/v2\/categories?post=22728"},{"taxonomy":"post_tag","embeddable":true,"href":"https:\/\/pakosc-kalwaria.franciszkanie.net\/index.php\/wp-json\/wp\/v2\/tags?post=22728"}],"curies":[{"name":"wp","href":"https:\/\/api.w.org\/{rel}","templated":true}]}}