{"id":22743,"date":"2022-05-07T20:00:58","date_gmt":"2022-05-07T18:00:58","guid":{"rendered":"http:\/\/pakosc-kalwaria.franciszkanie.net\/?p=22743"},"modified":"2022-05-08T07:26:16","modified_gmt":"2022-05-08T05:26:16","slug":"oredzie-papieza-na-59-swiatowy-dzien-modlitw-o-powolania","status":"publish","type":"post","link":"https:\/\/pakosc-kalwaria.franciszkanie.net\/index.php\/2022\/05\/07\/oredzie-papieza-na-59-swiatowy-dzien-modlitw-o-powolania\/","title":{"rendered":"Or\u0119dzie Papie\u017ca na 59. \u015awiatowy Dzie\u0144 Modlitw o Powo\u0142ania"},"content":{"rendered":"<p><span style=\"color: #ff0000;\"><strong>Or\u0119dzie Papie\u017ca na 59. \u015awiatowy Dzie\u0144 Modlitw o Powo\u0142ania &#8211; 8 maja<\/strong><\/span><\/p>\n<p><span style=\"color: #ff0000;\"><strong><span style=\"color: #000000;\">Powo\u0142ani do budowania rodziny ludzkiej<\/span><br \/>\n<\/strong><\/span><strong>Drodzy Bracia i Siostry!<\/strong><br \/>\nChocia\u017c w naszych czasach ci\u0105gle wiej\u0105 lodowate wiatry wojny i ucisku, i cz\u0119sto jeste\u015bmy \u015bwiadkami zjawisk polaryzacji, to jako Ko\u015bci\u00f3\u0142 zainicjowali\u015bmy proces synodalny odczuwamy piln\u0105 potrzeb\u0119 pod\u0105\u017cania razem, piel\u0119gnuj\u0105c wymiary s\u0142uchania, uczestnictwa i dzielenia si\u0119. Razem ze wszystkimi m\u0119\u017cczyznami i kobietami dobrej woli chcemy przyczyni\u0107 si\u0119 do budowania rodziny ludzkiej, do leczenia jej ran i do prowadzenia jej ku lepszej przysz\u0142o\u015bci. W tej perspektywie z okazji 59. \u015awiatowego Dnia Modlitw o Powo\u0142ania chcia\u0142bym wsp\u00f3lnie z wami zastanowi\u0107 si\u0119 nad szerokim znaczeniem s\u0142owa \u201epowo\u0142anie\u201d w kontek\u015bcie Ko\u015bcio\u0142a synodalnego, kt\u00f3ry ws\u0142uchuje si\u0119 w Boga i \u015bwiat.<\/p>\n<p><strong>Wszyscy powo\u0142ani do czynnego udzia\u0142u w misji<\/strong><br \/>\nSynodalno\u015b\u0107, pod\u0105\u017canie razem jest podstawowym powo\u0142aniem Ko\u015bcio\u0142a i tylko w tej perspektywie mo\u017cna odkry\u0107 i doceni\u0107 r\u00f3\u017cne powo\u0142ania, charyzmaty i pos\u0142ugi. Jednocze\u015bnie wiemy, \u017ce Ko\u015bci\u00f3\u0142 istnieje po to, by ewangelizowa\u0107, wychodz\u0105c poza siebie i siej\u0105c ziarno Ewangelii w dziejach. Dlatego taka misja jest mo\u017cliwa w\u0142a\u015bnie dzi\u0119ki zsynchronizowaniu wszystkich obszar\u00f3w duszpasterskich, a jeszcze wcze\u015bniej dzi\u0119ki zaanga\u017cowaniu wszystkich uczni\u00f3w Pana. Istotnie, \u201ena mocy otrzymanego Chrztu, ka\u017cdy cz\u0142onek Ludu Bo\u017cego sta\u0142 si\u0119 uczniem misjonarzem (por. Mt 28, 19). Ka\u017cdy ochrzczony, niezale\u017cnie od swojej funkcji w Ko\u015bciele i stopnia pouczenia w swojej wierze, jest aktywnym podmiotem ewangelizacji\u201d (adhort. apost. Evangelii gaudium, 120). Musimy wystrzega\u0107 si\u0119 mentalno\u015bci, rozdzielaj\u0105cej kap\u0142an\u00f3w i \u015bwieckich, kt\u00f3ra uwa\u017ca tych pierwszych za protagonist\u00f3w, a drugich za wykonawc\u00f3w, i realizowa\u0107 misj\u0119 chrze\u015bcija\u0144sk\u0105 jako jeden lud Bo\u017cy, \u015bwieccy i pasterze razem. Ca\u0142y Ko\u015bci\u00f3\u0142 jest wsp\u00f3lnot\u0105 ewangelizuj\u0105c\u0105.<\/p>\n<p><strong>Powo\u0142ani, by by\u0107 str\u00f3\u017cami jedni drugich i stworzenia<\/strong><br \/>\nS\u0142owa \u201epowo\u0142anie\u201d nie nale\u017cy rozumie\u0107 w sensie zaw\u0119\u017caj\u0105cym, odnosz\u0105c je jedynie do tych, kt\u00f3rzy id\u0105 za Panem drog\u0105 szczeg\u00f3lnej konsekracji. Wszyscy jeste\u015bmy powo\u0142ani do uczestniczenia w misji Chrystusa, polegaj\u0105cej na zjednoczeniu rozproszonej ludzko\u015bci i jednaniu jej z Bogiem. M\u00f3wi\u0105c bardziej og\u00f3lnie, ka\u017cdy cz\u0142owiek, jeszcze zanim do\u015bwiadczy spotkania z Chrystusem i przyjmie wiar\u0119 chrze\u015bcija\u0144sk\u0105, otrzymuje wraz z darem \u017cycia fundamentalne powo\u0142anie \u2014 ka\u017cdy z nas jest stworzeniem upragnionym i umi\u0142owanym przez Boga, wobec kt\u00f3rego mia\u0142 On pewien wyj\u0105tkowy i szczeg\u00f3lny zamys\u0142. I t\u0119 Bo\u017c\u0105 iskr\u0119, kt\u00f3ra jest obecna w sercu ka\u017cdego m\u0119\u017cczyzny i ka\u017cdej kobiety, mamy rozwija\u0107 w ci\u0105gu naszego \u017cycia, przyczyniaj\u0105c si\u0119 do rozwoju ludzko\u015bci o\u017cywianej mi\u0142o\u015bci\u0105 i wzajemn\u0105 akceptacj\u0105. Jeste\u015bmy powo\u0142ani, aby by\u0107 str\u00f3\u017cami jedni drugich, by tworzy\u0107 wi\u0119zi zgody i dzielenia si\u0119, by leczy\u0107 rany stworzenia, \u017ceby nie zosta\u0142o zniszczone jego pi\u0119kno. Kr\u00f3tko m\u00f3wi\u0105c, do tego, aby sta\u0107 si\u0119 jedn\u0105 rodzin\u0105 we wspania\u0142ym wsp\u00f3lnym domu stworzenia, w harmonijnej r\u00f3\u017cnorodno\u015bci jego element\u00f3w. W tym szerokim znaczeniu swoiste \u201epowo\u0142anie\u201d maj\u0105 nie tylko jednostki, ale tak\u017ce narody, wsp\u00f3lnoty i r\u00f3\u017cnego rodzaju stowarzyszenia.<\/p>\n<p><strong>Powo\u0142ani do przyj\u0119cia spojrzenia Boga<\/strong><br \/>\nW ramy tego wielkiego wsp\u00f3lnego powo\u0142ania wpisuje si\u0119 powo\u0142anie bardziej szczeg\u00f3lne, kt\u00f3re B\u00f3g kieruje do nas, docieraj\u0105c ze swoj\u0105 mi\u0142o\u015bci\u0105 do naszego \u017cycia i ukierunkowuj\u0105c je ku ostatecznemu celowi, ku pe\u0142ni, kt\u00f3ra przekracza nawet pr\u00f3g \u015bmierci. Tak w\u0142a\u015bnie B\u00f3g zechcia\u0142 spojrze\u0107 i patrzy na nasze \u017cycie.<br \/>\nMicha\u0142owi Anio\u0142owi Buonarrotiemu przypisuje si\u0119 s\u0142owa: \u201eKa\u017cdy blok kamienia ma w sobie pos\u0105g, a odkrycie go jest zadaniem rze\u017abiarza\u201d. Je\u015bli takie mo\u017ce by\u0107 spojrzenie artysty, to tym bardziej B\u00f3g patrzy na nas w ten spos\u00f3b \u2014 w tamtej dziewczynie z Nazaretu dostrzeg\u0142 Matk\u0119 Boga; w rybaku Szymonie, synu Jony, dostrzeg\u0142 Piotra, opok\u0119, na kt\u00f3rej zbuduje sw\u00f3j Ko\u015bci\u00f3\u0142; w celniku Lewim dostrzeg\u0142 aposto\u0142a i ewangelist\u0119 Mateusza; w Szawle, surowym prze\u015bladowcy chrze\u015bcijan, zobaczy\u0142 Paw\u0142a, Aposto\u0142a Narod\u00f3w. Jego mi\u0142uj\u0105ce spojrzenie zawsze nas dosi\u0119ga, porusza, wyzwala i przemienia, czyni\u0105c nowymi lud\u017ami.<br \/>\nTaka jest dynamika ka\u017cdego powo\u0142ania: dosi\u0119ga nas spojrzenie Boga, kt\u00f3ry nas powo\u0142uje. Powo\u0142anie, podobnie jak \u015bwi\u0119to\u015b\u0107, nie jest nadzwyczajnym do\u015bwiadczeniem, zarezerwowanym dla nielicznych. Tak jak istnieje \u201e\u015bwi\u0119to\u015b\u0107 z s\u0105siedztwa\u201d (por. adhort. apost. Gaudete et exsultate, 6-9), tak r\u00f3wnie\u017c powo\u0142anie jest dla wszystkich, poniewa\u017c B\u00f3g patrzy na ka\u017cdego i ka\u017cdego powo\u0142uje.<br \/>\nJedno z przys\u0142\u00f3w Dalekiego Wschodu m\u00f3wi: \u201eM\u0105dry cz\u0142owiek, patrz\u0105c na jajko, potrafi dostrzec or\u0142a; patrz\u0105c na ziarno, dostrzega wielkie drzewo; patrz\u0105c na grzesznika, potrafi dostrzec \u015bwi\u0119tego\u201d. Tak w\u0142a\u015bnie patrzy na nas B\u00f3g \u2014 w ka\u017cdym z nas widzi mo\u017cliwo\u015bci, czasem nieznane nam samym, i przez ca\u0142e \u017cycie niestrudzenie pracuje nad tym, aby\u015bmy mogli je wykorzysta\u0107 w s\u0142u\u017cbie dobra wsp\u00f3lnego.<br \/>\nPowo\u0142anie rodzi si\u0119 w ten spos\u00f3b, dzi\u0119ki sztuce Boskiego Rze\u017abiarza, kt\u00f3ry swoimi \u201er\u0119kami\u201d wydobywa nas z naszych ogranicze\u0144, aby ujawni\u0142o si\u0119 w nas to arcydzie\u0142o, kt\u00f3rym winni\u015bmy by\u0107. Zw\u0142aszcza S\u0142owo Bo\u017ce, kt\u00f3re wyzwala nas z egocentryzmu, jest w stanie nas oczy\u015bci\u0107, o\u015bwieci\u0107 i stworzy\u0107 na nowo. Ws\u0142uchujmy si\u0119 zatem w S\u0142owo, aby otworzy\u0107 si\u0119 na powo\u0142anie, kt\u00f3re powierza nam B\u00f3g! Uczmy si\u0119 s\u0142ucha\u0107 tak\u017ce braci i si\u00f3str w wierze, poniewa\u017c w ich radach i w ich przyk\u0142adzie mo\u017ce kry\u0107 si\u0119 inicjatywa Bo\u017ca, kt\u00f3ra wskazuje nam coraz to nowe drogi do przebycia.<\/p>\n<p><strong>Powo\u0142ani do odpowiadania na spojrzenie Boga<\/strong><br \/>\nMi\u0142uj\u0105ce i stw\u00f3rcze spojrzenie Boga dosi\u0119g\u0142o nas w spos\u00f3b wyj\u0105tkowy w Jezusie. Ewangelista Marek, m\u00f3wi\u0105c o bogatym m\u0142odzie\u0144cu, zauwa\u017ca: \u201eJezus spojrza\u0142 na niego z mi\u0142o\u015bci\u0105\u201d (10, 21). To pe\u0142ne mi\u0142o\u015bci spojrzenie Jezusa spoczywa na ka\u017cdym i na ka\u017cdej z nas. Bracia i siostry, pozw\u00f3lmy, by poruszy\u0142o nas to spojrzenie i pozw\u00f3lmy si\u0119 Mu wyprowadzi\u0107 poza nas samych! Uczmy si\u0119 te\u017c patrze\u0107 na siebie nawzajem w taki spos\u00f3b, aby osoby, z kt\u00f3rymi \u017cyjemy i kt\u00f3re spotykamy \u2013 kimkolwiek s\u0105 \u2014 czu\u0142y si\u0119 akceptowane i odkrywa\u0142y, \u017ce jest Kto\u015b, kto patrzy na nie z mi\u0142o\u015bci\u0105 i zach\u0119ca do rozwijania wszystkich swoich mo\u017cliwo\u015bci.<br \/>\nNasze \u017cycie zmienia si\u0119, gdy przyjmujemy to spojrzenie. Wszystko staje si\u0119 dialogiem powo\u0142aniowym mi\u0119dzy nami a Panem, ale tak\u017ce mi\u0119dzy nami a innymi. Dialogiem, kt\u00f3ry prze\u017cywany dog\u0142\u0119bnie, sprawia, \u017ce stajemy si\u0119 coraz bardziej tym, kim jeste\u015bmy: w powo\u0142aniu do kap\u0142a\u0144stwa s\u0142u\u017cebnego \u2014 narz\u0119dziami \u0142aski i mi\u0142osierdzia Chrystusa; w powo\u0142aniu do \u017cycia konsekrowanego \u2014 uwielbieniem Boga i proroctwem nowej ludzko\u015bci; w powo\u0142aniu do ma\u0142\u017ce\u0144stwa \u2014 wzajemnym darem, rodzicami i nauczycielami \u017cycia. Og\u00f3lnie rzecz bior\u0105c, w ka\u017cdym powo\u0142aniu i pos\u0142udze w Ko\u015bciele, kt\u00f3ry wzywa nas do patrzenia na innych i na \u015bwiat oczami Boga \u2014 do s\u0142u\u017cenia dobru i do szerzenia mi\u0142o\u015bci, przez czyny i s\u0142owa.<br \/>\nW tym miejscu chcia\u0142bym wspomnie\u0107 o do\u015bwiadczeniu doktora J\u00f3zefa Grzegorza Hern\u00e1ndeza Cisnerosa. Kiedy pracowa\u0142 jako lekarz w Caracas w Wenezueli, zapragn\u0105\u0142 zosta\u0107 tercjarzem franciszka\u0144skim. P\u00f3\u017aniej my\u015bla\u0142 o zostaniu mnichem i ksi\u0119dzem, ale zdrowie mu na to nie pozwoli\u0142o. Wtedy zrozumia\u0142, \u017ce jego powo\u0142aniem jest w\u0142a\u015bnie zaw\u00f3d lekarza, w kt\u00f3rym po\u015bwi\u0119ca si\u0119 przede wszystkim ubogim. Bezgranicznie po\u015bwi\u0119ci\u0142 si\u0119 wi\u0119c chorym dotkni\u0119tym epidemi\u0105 grypy zwanej hiszpank\u0105, kt\u00f3ra w tamtym czasie szerzy\u0142a si\u0119 w \u015bwiecie. Zmar\u0142 w wyniku potr\u0105cenia przez samoch\u00f3d, gdy wychodzi\u0142 z apteki, gdzie postara\u0142 si\u0119 o leki dla swojej pacjentki w podesz\u0142ym wieku. Rok temu zosta\u0142 beatyfikowany jako wzorowy \u015bwiadek tego, co oznacza przyj\u0119cie powo\u0142ania Pana i przylgni\u0119cie do Niego w pe\u0142ni.<\/p>\n<p><strong>Wezwani do budowania braterskiego \u015bwiata<\/strong><br \/>\nJako chrze\u015bcijanie jeste\u015bmy nie tylko powo\u0142ani, to znaczy wezwani osobi\u015bcie przez powo\u0142anie, ale tak\u017ce wsp\u00f3\u0142powo\u0142ani. Jeste\u015bmy jak elementy mozaiki \u2014 pi\u0119kne ju\u017c wtedy, gdy bierze si\u0119 je pojedynczo, ale kt\u00f3re tylko razem tworz\u0105 obraz. Ka\u017cdy i ka\u017cda z nas \u015bwieci jak gwiazda w sercu Boga i na firmamencie wszech\u015bwiata, ale jeste\u015bmy wezwani do tworzenia konstelacji, kt\u00f3re ukierunkowuj\u0105 i roz\u015bwietlaj\u0105 drog\u0119 ludzko\u015bci, poczynaj\u0105c od \u015brodowiska, w kt\u00f3rym \u017cyjemy. Na tym polega tajemnica Ko\u015bcio\u0142a: we wsp\u00f3\u0142istnieniu r\u00f3\u017cnic jest on znakiem i narz\u0119dziem tego, do czego powo\u0142ana jest ca\u0142a ludzko\u015b\u0107. Dlatego Ko\u015bci\u00f3\u0142 musi stawa\u0107 si\u0119 coraz bardziej synodalny \u2014 zdolny do pod\u0105\u017cania razem w harmonii r\u00f3\u017cnorodno\u015bci, w kt\u00f3r\u0105 wszyscy mog\u0105 wnie\u015b\u0107 sw\u00f3j wk\u0142ad i aktywnie uczestniczy\u0107.<br \/>\nKiedy wi\u0119c m\u00f3wimy o \u201epowo\u0142aniu\u201d, nie chodzi tylko o wyb\u00f3r takiej czy innej formy \u017cycia, o po\u015bwi\u0119cenie swojego \u017cycia okre\u015blonej pos\u0142udze czy pod\u0105\u017canie za urokiem charyzmatu danej rodziny zakonnej, ruchu czy wsp\u00f3lnoty ko\u015bcielnej. Chodzi o realizacj\u0119 Bo\u017cego marzenia, wielkiego planu braterstwa, kt\u00f3ry Jezus mia\u0142 w sercu, gdy modli\u0142 si\u0119 do Ojca \u201eaby wszyscy stanowili jedno\u201d (J 17, 21). Ka\u017cde powo\u0142anie w Ko\u015bciele, a w szerokim uj\u0119ciu tak\u017ce w spo\u0142ecze\u0144stwie przyczynia si\u0119 do osi\u0105gni\u0119cia wsp\u00f3lnego celu \u2014 aby w\u015br\u00f3d m\u0119\u017cczyzn i kobiet rozbrzmiewa\u0142a harmonia licznych i r\u00f3\u017cnorodnych dar\u00f3w, kt\u00f3r\u0105 mo\u017ce urzeczywistni\u0107 tylko Duch \u015awi\u0119ty. Kap\u0142ani, osoby konsekrowane i wierni \u015bwieccy, id\u017amy i pracujmy razem, aby dawa\u0107 \u015bwiadectwo tego, \u017ce wielka rodzina ludzka, zjednoczona w mi\u0142o\u015bci, nie jest utopi\u0105, ale projektem, do kt\u00f3rego stworzy\u0142 nas B\u00f3g.<br \/>\nM\u00f3dlmy si\u0119, bracia i siostry, aby lud Bo\u017cy, po\u015br\u00f3d dramatycznych wydarze\u0144 dziej\u00f3w, coraz bardziej odpowiada\u0142 na to powo\u0142anie. Pro\u015bmy o \u015bwiat\u0142o Ducha \u015awi\u0119tego, aby ka\u017cdy z nas m\u00f3g\u0142 znale\u017a\u0107 swoje miejsce i da\u0107 z siebie wszystko, co najlepsze w tym wielkim planie!<\/p>\n<p>Rzym, u \u015bw. Jana na Lateranie, 8 maja 2022 r., w czwart\u0105 niedziel\u0119 wielkanocn\u0105<\/p>\n<p>FRANCISZEK<\/p>\n","protected":false},"excerpt":{"rendered":"<p>Or\u0119dzie Papie\u017ca na 59. \u015awiatowy Dzie\u0144 Modlitw o Powo\u0142ania &#8211; 8 maja Powo\u0142ani do budowania rodziny ludzkiej Drodzy Bracia i Siostry! Chocia\u017c w naszych czasach ci\u0105gle wiej\u0105 lodowate wiatry wojny i ucisku, i cz\u0119sto jeste\u015bmy \u015bwiadkami zjawisk polaryzacji, to jako Ko\u015bci\u00f3\u0142 zainicjowali\u015bmy proces synodalny odczuwamy piln\u0105 potrzeb\u0119 pod\u0105\u017cania razem, piel\u0119gnuj\u0105c wymiary s\u0142uchania, uczestnictwa i dzielenia &hellip;<\/p>\n","protected":false},"author":2,"featured_media":22744,"comment_status":"closed","ping_status":"closed","sticky":false,"template":"","format":"standard","meta":{"_mi_skip_tracking":false,"_exactmetrics_sitenote_active":false,"_exactmetrics_sitenote_note":"","_exactmetrics_sitenote_category":0},"categories":[7],"tags":[],"yoast_head":"<!-- This site is optimized with the Yoast SEO plugin v18.1 - https:\/\/yoast.com\/wordpress\/plugins\/seo\/ -->\n<title>Or\u0119dzie Papie\u017ca na 59. \u015awiatowy Dzie\u0144 Modlitw o Powo\u0142ania - Pako\u015b\u0107 \u2013 Kalwaria<\/title>\n<meta name=\"robots\" content=\"index, follow, max-snippet:-1, max-image-preview:large, max-video-preview:-1\" \/>\n<link rel=\"canonical\" href=\"https:\/\/pakosc-kalwaria.franciszkanie.net\/index.php\/2022\/05\/07\/oredzie-papieza-na-59-swiatowy-dzien-modlitw-o-powolania\/\" \/>\n<meta property=\"og:locale\" content=\"pl_PL\" \/>\n<meta property=\"og:type\" content=\"article\" \/>\n<meta property=\"og:title\" content=\"Or\u0119dzie Papie\u017ca na 59. \u015awiatowy Dzie\u0144 Modlitw o Powo\u0142ania - Pako\u015b\u0107 \u2013 Kalwaria\" \/>\n<meta property=\"og:description\" content=\"Or\u0119dzie Papie\u017ca na 59. \u015awiatowy Dzie\u0144 Modlitw o Powo\u0142ania &#8211; 8 maja Powo\u0142ani do budowania rodziny ludzkiej Drodzy Bracia i Siostry! Chocia\u017c w naszych czasach ci\u0105gle wiej\u0105 lodowate wiatry wojny i ucisku, i cz\u0119sto jeste\u015bmy \u015bwiadkami zjawisk polaryzacji, to jako Ko\u015bci\u00f3\u0142 zainicjowali\u015bmy proces synodalny odczuwamy piln\u0105 potrzeb\u0119 pod\u0105\u017cania razem, piel\u0119gnuj\u0105c wymiary s\u0142uchania, uczestnictwa i dzielenia &hellip;\" \/>\n<meta property=\"og:url\" content=\"https:\/\/pakosc-kalwaria.franciszkanie.net\/index.php\/2022\/05\/07\/oredzie-papieza-na-59-swiatowy-dzien-modlitw-o-powolania\/\" \/>\n<meta property=\"og:site_name\" content=\"Pako\u015b\u0107 \u2013 Kalwaria\" \/>\n<meta property=\"article:author\" content=\"https:\/\/www.facebook.com\/KalwariaPakosc\/\" \/>\n<meta property=\"article:published_time\" content=\"2022-05-07T18:00:58+00:00\" \/>\n<meta property=\"article:modified_time\" content=\"2022-05-08T05:26:16+00:00\" \/>\n<meta property=\"og:image\" content=\"https:\/\/pakosc-kalwaria.franciszkanie.net\/wp-content\/uploads\/2022\/05\/Oredzie-pap-Franciszka.jpg\" \/>\n\t<meta property=\"og:image:width\" content=\"350\" \/>\n\t<meta property=\"og:image:height\" content=\"222\" \/>\n\t<meta property=\"og:image:type\" content=\"image\/jpeg\" \/>\n<meta name=\"twitter:card\" content=\"summary\" \/>\n<meta name=\"twitter:label1\" content=\"Napisane przez\" \/>\n\t<meta name=\"twitter:data1\" content=\"pakosc-kalwaria\" \/>\n\t<meta name=\"twitter:label2\" content=\"Szacowany czas czytania\" \/>\n\t<meta name=\"twitter:data2\" content=\"9 minut\" \/>\n<script type=\"application\/ld+json\" class=\"yoast-schema-graph\">{\"@context\":\"https:\/\/schema.org\",\"@graph\":[{\"@type\":\"WebSite\",\"@id\":\"https:\/\/pakosc-kalwaria.franciszkanie.net\/#website\",\"url\":\"https:\/\/pakosc-kalwaria.franciszkanie.net\/\",\"name\":\"Pako\u015b\u0107 \u2013 Kalwaria\",\"description\":\"Parafia Rzymsko \u2013 Katolicka p.w. Pana Jezusa Ukrzy\u017cowanego i  Matki Bo\u017cej Bolesnej ul. Barci\u0144ska 60, 88\u2013170 Pako\u015b\u0107 \u2013 Kalwaria\",\"potentialAction\":[{\"@type\":\"SearchAction\",\"target\":{\"@type\":\"EntryPoint\",\"urlTemplate\":\"https:\/\/pakosc-kalwaria.franciszkanie.net\/?s={search_term_string}\"},\"query-input\":\"required name=search_term_string\"}],\"inLanguage\":\"pl-PL\"},{\"@type\":\"ImageObject\",\"@id\":\"https:\/\/pakosc-kalwaria.franciszkanie.net\/index.php\/2022\/05\/07\/oredzie-papieza-na-59-swiatowy-dzien-modlitw-o-powolania\/#primaryimage\",\"inLanguage\":\"pl-PL\",\"url\":\"https:\/\/pakosc-kalwaria.franciszkanie.net\/wp-content\/uploads\/2022\/05\/Oredzie-pap-Franciszka.jpg\",\"contentUrl\":\"https:\/\/pakosc-kalwaria.franciszkanie.net\/wp-content\/uploads\/2022\/05\/Oredzie-pap-Franciszka.jpg\",\"width\":350,\"height\":222},{\"@type\":\"WebPage\",\"@id\":\"https:\/\/pakosc-kalwaria.franciszkanie.net\/index.php\/2022\/05\/07\/oredzie-papieza-na-59-swiatowy-dzien-modlitw-o-powolania\/#webpage\",\"url\":\"https:\/\/pakosc-kalwaria.franciszkanie.net\/index.php\/2022\/05\/07\/oredzie-papieza-na-59-swiatowy-dzien-modlitw-o-powolania\/\",\"name\":\"Or\u0119dzie Papie\u017ca na 59. \u015awiatowy Dzie\u0144 Modlitw o Powo\u0142ania - Pako\u015b\u0107 \u2013 Kalwaria\",\"isPartOf\":{\"@id\":\"https:\/\/pakosc-kalwaria.franciszkanie.net\/#website\"},\"primaryImageOfPage\":{\"@id\":\"https:\/\/pakosc-kalwaria.franciszkanie.net\/index.php\/2022\/05\/07\/oredzie-papieza-na-59-swiatowy-dzien-modlitw-o-powolania\/#primaryimage\"},\"datePublished\":\"2022-05-07T18:00:58+00:00\",\"dateModified\":\"2022-05-08T05:26:16+00:00\",\"author\":{\"@id\":\"https:\/\/pakosc-kalwaria.franciszkanie.net\/#\/schema\/person\/af10b943be0760709227d060eadcb2aa\"},\"breadcrumb\":{\"@id\":\"https:\/\/pakosc-kalwaria.franciszkanie.net\/index.php\/2022\/05\/07\/oredzie-papieza-na-59-swiatowy-dzien-modlitw-o-powolania\/#breadcrumb\"},\"inLanguage\":\"pl-PL\",\"potentialAction\":[{\"@type\":\"ReadAction\",\"target\":[\"https:\/\/pakosc-kalwaria.franciszkanie.net\/index.php\/2022\/05\/07\/oredzie-papieza-na-59-swiatowy-dzien-modlitw-o-powolania\/\"]}]},{\"@type\":\"BreadcrumbList\",\"@id\":\"https:\/\/pakosc-kalwaria.franciszkanie.net\/index.php\/2022\/05\/07\/oredzie-papieza-na-59-swiatowy-dzien-modlitw-o-powolania\/#breadcrumb\",\"itemListElement\":[{\"@type\":\"ListItem\",\"position\":1,\"name\":\"Strona g\u0142\u00f3wna\",\"item\":\"https:\/\/pakosc-kalwaria.franciszkanie.net\/\"},{\"@type\":\"ListItem\",\"position\":2,\"name\":\"Or\u0119dzie Papie\u017ca na 59. \u015awiatowy Dzie\u0144 Modlitw o Powo\u0142ania\"}]},{\"@type\":\"Person\",\"@id\":\"https:\/\/pakosc-kalwaria.franciszkanie.net\/#\/schema\/person\/af10b943be0760709227d060eadcb2aa\",\"name\":\"pakosc-kalwaria\",\"image\":{\"@type\":\"ImageObject\",\"@id\":\"https:\/\/pakosc-kalwaria.franciszkanie.net\/#personlogo\",\"inLanguage\":\"pl-PL\",\"url\":\"https:\/\/secure.gravatar.com\/avatar\/e7049d338b55eac6a0027ff3218b8d02?s=96&d=mm&r=g\",\"contentUrl\":\"https:\/\/secure.gravatar.com\/avatar\/e7049d338b55eac6a0027ff3218b8d02?s=96&d=mm&r=g\",\"caption\":\"pakosc-kalwaria\"},\"sameAs\":[\"https:\/\/www.facebook.com\/KalwariaPakosc\/\"],\"url\":\"https:\/\/pakosc-kalwaria.franciszkanie.net\/index.php\/author\/pakosc-kalwaria\/\"}]}<\/script>\n<!-- \/ Yoast SEO plugin. -->","yoast_head_json":{"title":"Or\u0119dzie Papie\u017ca na 59. \u015awiatowy Dzie\u0144 Modlitw o Powo\u0142ania - Pako\u015b\u0107 \u2013 Kalwaria","robots":{"index":"index","follow":"follow","max-snippet":"max-snippet:-1","max-image-preview":"max-image-preview:large","max-video-preview":"max-video-preview:-1"},"canonical":"https:\/\/pakosc-kalwaria.franciszkanie.net\/index.php\/2022\/05\/07\/oredzie-papieza-na-59-swiatowy-dzien-modlitw-o-powolania\/","og_locale":"pl_PL","og_type":"article","og_title":"Or\u0119dzie Papie\u017ca na 59. \u015awiatowy Dzie\u0144 Modlitw o Powo\u0142ania - Pako\u015b\u0107 \u2013 Kalwaria","og_description":"Or\u0119dzie Papie\u017ca na 59. \u015awiatowy Dzie\u0144 Modlitw o Powo\u0142ania &#8211; 8 maja Powo\u0142ani do budowania rodziny ludzkiej Drodzy Bracia i Siostry! Chocia\u017c w naszych czasach ci\u0105gle wiej\u0105 lodowate wiatry wojny i ucisku, i cz\u0119sto jeste\u015bmy \u015bwiadkami zjawisk polaryzacji, to jako Ko\u015bci\u00f3\u0142 zainicjowali\u015bmy proces synodalny odczuwamy piln\u0105 potrzeb\u0119 pod\u0105\u017cania razem, piel\u0119gnuj\u0105c wymiary s\u0142uchania, uczestnictwa i dzielenia &hellip;","og_url":"https:\/\/pakosc-kalwaria.franciszkanie.net\/index.php\/2022\/05\/07\/oredzie-papieza-na-59-swiatowy-dzien-modlitw-o-powolania\/","og_site_name":"Pako\u015b\u0107 \u2013 Kalwaria","article_author":"https:\/\/www.facebook.com\/KalwariaPakosc\/","article_published_time":"2022-05-07T18:00:58+00:00","article_modified_time":"2022-05-08T05:26:16+00:00","og_image":[{"width":350,"height":222,"url":"https:\/\/pakosc-kalwaria.franciszkanie.net\/wp-content\/uploads\/2022\/05\/Oredzie-pap-Franciszka.jpg","type":"image\/jpeg"}],"twitter_card":"summary","twitter_misc":{"Napisane przez":"pakosc-kalwaria","Szacowany czas czytania":"9 minut"},"schema":{"@context":"https:\/\/schema.org","@graph":[{"@type":"WebSite","@id":"https:\/\/pakosc-kalwaria.franciszkanie.net\/#website","url":"https:\/\/pakosc-kalwaria.franciszkanie.net\/","name":"Pako\u015b\u0107 \u2013 Kalwaria","description":"Parafia Rzymsko \u2013 Katolicka p.w. Pana Jezusa Ukrzy\u017cowanego i  Matki Bo\u017cej Bolesnej ul. Barci\u0144ska 60, 88\u2013170 Pako\u015b\u0107 \u2013 Kalwaria","potentialAction":[{"@type":"SearchAction","target":{"@type":"EntryPoint","urlTemplate":"https:\/\/pakosc-kalwaria.franciszkanie.net\/?s={search_term_string}"},"query-input":"required name=search_term_string"}],"inLanguage":"pl-PL"},{"@type":"ImageObject","@id":"https:\/\/pakosc-kalwaria.franciszkanie.net\/index.php\/2022\/05\/07\/oredzie-papieza-na-59-swiatowy-dzien-modlitw-o-powolania\/#primaryimage","inLanguage":"pl-PL","url":"https:\/\/pakosc-kalwaria.franciszkanie.net\/wp-content\/uploads\/2022\/05\/Oredzie-pap-Franciszka.jpg","contentUrl":"https:\/\/pakosc-kalwaria.franciszkanie.net\/wp-content\/uploads\/2022\/05\/Oredzie-pap-Franciszka.jpg","width":350,"height":222},{"@type":"WebPage","@id":"https:\/\/pakosc-kalwaria.franciszkanie.net\/index.php\/2022\/05\/07\/oredzie-papieza-na-59-swiatowy-dzien-modlitw-o-powolania\/#webpage","url":"https:\/\/pakosc-kalwaria.franciszkanie.net\/index.php\/2022\/05\/07\/oredzie-papieza-na-59-swiatowy-dzien-modlitw-o-powolania\/","name":"Or\u0119dzie Papie\u017ca na 59. \u015awiatowy Dzie\u0144 Modlitw o Powo\u0142ania - Pako\u015b\u0107 \u2013 Kalwaria","isPartOf":{"@id":"https:\/\/pakosc-kalwaria.franciszkanie.net\/#website"},"primaryImageOfPage":{"@id":"https:\/\/pakosc-kalwaria.franciszkanie.net\/index.php\/2022\/05\/07\/oredzie-papieza-na-59-swiatowy-dzien-modlitw-o-powolania\/#primaryimage"},"datePublished":"2022-05-07T18:00:58+00:00","dateModified":"2022-05-08T05:26:16+00:00","author":{"@id":"https:\/\/pakosc-kalwaria.franciszkanie.net\/#\/schema\/person\/af10b943be0760709227d060eadcb2aa"},"breadcrumb":{"@id":"https:\/\/pakosc-kalwaria.franciszkanie.net\/index.php\/2022\/05\/07\/oredzie-papieza-na-59-swiatowy-dzien-modlitw-o-powolania\/#breadcrumb"},"inLanguage":"pl-PL","potentialAction":[{"@type":"ReadAction","target":["https:\/\/pakosc-kalwaria.franciszkanie.net\/index.php\/2022\/05\/07\/oredzie-papieza-na-59-swiatowy-dzien-modlitw-o-powolania\/"]}]},{"@type":"BreadcrumbList","@id":"https:\/\/pakosc-kalwaria.franciszkanie.net\/index.php\/2022\/05\/07\/oredzie-papieza-na-59-swiatowy-dzien-modlitw-o-powolania\/#breadcrumb","itemListElement":[{"@type":"ListItem","position":1,"name":"Strona g\u0142\u00f3wna","item":"https:\/\/pakosc-kalwaria.franciszkanie.net\/"},{"@type":"ListItem","position":2,"name":"Or\u0119dzie Papie\u017ca na 59. \u015awiatowy Dzie\u0144 Modlitw o Powo\u0142ania"}]},{"@type":"Person","@id":"https:\/\/pakosc-kalwaria.franciszkanie.net\/#\/schema\/person\/af10b943be0760709227d060eadcb2aa","name":"pakosc-kalwaria","image":{"@type":"ImageObject","@id":"https:\/\/pakosc-kalwaria.franciszkanie.net\/#personlogo","inLanguage":"pl-PL","url":"https:\/\/secure.gravatar.com\/avatar\/e7049d338b55eac6a0027ff3218b8d02?s=96&d=mm&r=g","contentUrl":"https:\/\/secure.gravatar.com\/avatar\/e7049d338b55eac6a0027ff3218b8d02?s=96&d=mm&r=g","caption":"pakosc-kalwaria"},"sameAs":["https:\/\/www.facebook.com\/KalwariaPakosc\/"],"url":"https:\/\/pakosc-kalwaria.franciszkanie.net\/index.php\/author\/pakosc-kalwaria\/"}]}},"_links":{"self":[{"href":"https:\/\/pakosc-kalwaria.franciszkanie.net\/index.php\/wp-json\/wp\/v2\/posts\/22743"}],"collection":[{"href":"https:\/\/pakosc-kalwaria.franciszkanie.net\/index.php\/wp-json\/wp\/v2\/posts"}],"about":[{"href":"https:\/\/pakosc-kalwaria.franciszkanie.net\/index.php\/wp-json\/wp\/v2\/types\/post"}],"author":[{"embeddable":true,"href":"https:\/\/pakosc-kalwaria.franciszkanie.net\/index.php\/wp-json\/wp\/v2\/users\/2"}],"replies":[{"embeddable":true,"href":"https:\/\/pakosc-kalwaria.franciszkanie.net\/index.php\/wp-json\/wp\/v2\/comments?post=22743"}],"version-history":[{"count":2,"href":"https:\/\/pakosc-kalwaria.franciszkanie.net\/index.php\/wp-json\/wp\/v2\/posts\/22743\/revisions"}],"predecessor-version":[{"id":22758,"href":"https:\/\/pakosc-kalwaria.franciszkanie.net\/index.php\/wp-json\/wp\/v2\/posts\/22743\/revisions\/22758"}],"wp:featuredmedia":[{"embeddable":true,"href":"https:\/\/pakosc-kalwaria.franciszkanie.net\/index.php\/wp-json\/wp\/v2\/media\/22744"}],"wp:attachment":[{"href":"https:\/\/pakosc-kalwaria.franciszkanie.net\/index.php\/wp-json\/wp\/v2\/media?parent=22743"}],"wp:term":[{"taxonomy":"category","embeddable":true,"href":"https:\/\/pakosc-kalwaria.franciszkanie.net\/index.php\/wp-json\/wp\/v2\/categories?post=22743"},{"taxonomy":"post_tag","embeddable":true,"href":"https:\/\/pakosc-kalwaria.franciszkanie.net\/index.php\/wp-json\/wp\/v2\/tags?post=22743"}],"curies":[{"name":"wp","href":"https:\/\/api.w.org\/{rel}","templated":true}]}}