{"id":22754,"date":"2022-05-19T16:00:36","date_gmt":"2022-05-19T14:00:36","guid":{"rendered":"http:\/\/pakosc-kalwaria.franciszkanie.net\/?p=22754"},"modified":"2022-05-22T14:51:23","modified_gmt":"2022-05-22T12:51:23","slug":"rocznica-pierwszej-komunii-swietej-niedziela-22-maja","status":"publish","type":"post","link":"https:\/\/pakosc-kalwaria.franciszkanie.net\/index.php\/2022\/05\/19\/rocznica-pierwszej-komunii-swietej-niedziela-22-maja\/","title":{"rendered":"Rocznica Pierwszej Komunii \u015bwi\u0119tej \u2013 niedziela 22 maja"},"content":{"rendered":"<div class=\"entry-content\">\n<div class=\"entry-content\">\n<p><span style=\"color: #ff0000;\"><strong>W niedziel\u0119 22 maja o 11.00<\/strong><\/span><strong><span style=\"color: #ff0000;\"> \u2013 Msza \u015bwi\u0119ta<\/span> z okazji Rocznicy Pierwszej Komunii \u015bw. <\/strong><strong>Zapraszamy dzieci klas IV, kt\u00f3re w ubieg\u0142ym roku przyst\u0105pi\u0142y do Pierwszej Komunii \u015bwi\u0119tej w naszym kalwaryjskim ko\u015bciele oraz ich rodzic\u00f3w i rodziny.<\/strong><\/p>\n<p><strong><span style=\"color: #ff0000;\">W pi\u0105tek 20 maja\u00a0 o 16.30 \u2013 Spowied\u017a \u015bwi\u0119ta<\/span> dla dzieci klas IV przed Rocznic\u0105 Pierwszej Komunii \u015bw. Okazja do Spowiedzi b\u0119dzie tak\u017ce dla rodzic\u00f3w i krewnych.\u00a0 \u00a0\u00a0 <\/strong><\/p>\n<\/div>\n<\/div>\n","protected":false},"excerpt":{"rendered":"<p>W niedziel\u0119 22 maja o 11.00 \u2013 Msza \u015bwi\u0119ta z okazji Rocznicy Pierwszej Komunii \u015bw. Zapraszamy dzieci klas IV, kt\u00f3re w ubieg\u0142ym roku przyst\u0105pi\u0142y do Pierwszej Komunii \u015bwi\u0119tej w naszym kalwaryjskim ko\u015bciele oraz ich rodzic\u00f3w i rodziny. W pi\u0105tek 20 maja\u00a0 o 16.30 \u2013 Spowied\u017a \u015bwi\u0119ta dla dzieci klas IV przed Rocznic\u0105 Pierwszej Komunii \u015bw. &hellip;<\/p>\n","protected":false},"author":2,"featured_media":22755,"comment_status":"closed","ping_status":"closed","sticky":false,"template":"","format":"standard","meta":{"_mi_skip_tracking":false,"_exactmetrics_sitenote_active":false,"_exactmetrics_sitenote_note":"","_exactmetrics_sitenote_category":0},"categories":[13],"tags":[],"yoast_head":"<!-- This site is optimized with the Yoast SEO plugin v18.1 - https:\/\/yoast.com\/wordpress\/plugins\/seo\/ -->\n<title>Rocznica Pierwszej Komunii \u015bwi\u0119tej \u2013 niedziela 22 maja - Pako\u015b\u0107 \u2013 Kalwaria<\/title>\n<meta name=\"robots\" content=\"index, follow, max-snippet:-1, max-image-preview:large, max-video-preview:-1\" \/>\n<link rel=\"canonical\" href=\"https:\/\/pakosc-kalwaria.franciszkanie.net\/index.php\/2022\/05\/19\/rocznica-pierwszej-komunii-swietej-niedziela-22-maja\/\" \/>\n<meta property=\"og:locale\" content=\"pl_PL\" \/>\n<meta property=\"og:type\" content=\"article\" \/>\n<meta property=\"og:title\" content=\"Rocznica Pierwszej Komunii \u015bwi\u0119tej \u2013 niedziela 22 maja - Pako\u015b\u0107 \u2013 Kalwaria\" \/>\n<meta property=\"og:description\" content=\"W niedziel\u0119 22 maja o 11.00 \u2013 Msza \u015bwi\u0119ta z okazji Rocznicy Pierwszej Komunii \u015bw. Zapraszamy dzieci klas IV, kt\u00f3re w ubieg\u0142ym roku przyst\u0105pi\u0142y do Pierwszej Komunii \u015bwi\u0119tej w naszym kalwaryjskim ko\u015bciele oraz ich rodzic\u00f3w i rodziny. W pi\u0105tek 20 maja\u00a0 o 16.30 \u2013 Spowied\u017a \u015bwi\u0119ta dla dzieci klas IV przed Rocznic\u0105 Pierwszej Komunii \u015bw. &hellip;\" \/>\n<meta property=\"og:url\" content=\"https:\/\/pakosc-kalwaria.franciszkanie.net\/index.php\/2022\/05\/19\/rocznica-pierwszej-komunii-swietej-niedziela-22-maja\/\" \/>\n<meta property=\"og:site_name\" content=\"Pako\u015b\u0107 \u2013 Kalwaria\" \/>\n<meta property=\"article:author\" content=\"https:\/\/www.facebook.com\/KalwariaPakosc\/\" \/>\n<meta property=\"article:published_time\" content=\"2022-05-19T14:00:36+00:00\" \/>\n<meta property=\"article:modified_time\" content=\"2022-05-22T12:51:23+00:00\" \/>\n<meta property=\"og:image\" content=\"https:\/\/pakosc-kalwaria.franciszkanie.net\/wp-content\/uploads\/2022\/05\/Baner-boze-cialo.jpg\" \/>\n\t<meta property=\"og:image:width\" content=\"200\" \/>\n\t<meta property=\"og:image:height\" content=\"278\" \/>\n\t<meta property=\"og:image:type\" content=\"image\/jpeg\" \/>\n<meta name=\"twitter:card\" content=\"summary\" \/>\n<meta name=\"twitter:label1\" content=\"Napisane przez\" \/>\n\t<meta name=\"twitter:data1\" content=\"pakosc-kalwaria\" \/>\n\t<meta name=\"twitter:label2\" content=\"Szacowany czas czytania\" \/>\n\t<meta name=\"twitter:data2\" content=\"1 minuta\" \/>\n<script type=\"application\/ld+json\" class=\"yoast-schema-graph\">{\"@context\":\"https:\/\/schema.org\",\"@graph\":[{\"@type\":\"WebSite\",\"@id\":\"https:\/\/pakosc-kalwaria.franciszkanie.net\/#website\",\"url\":\"https:\/\/pakosc-kalwaria.franciszkanie.net\/\",\"name\":\"Pako\u015b\u0107 \u2013 Kalwaria\",\"description\":\"Parafia Rzymsko \u2013 Katolicka p.w. Pana Jezusa Ukrzy\u017cowanego i  Matki Bo\u017cej Bolesnej ul. Barci\u0144ska 60, 88\u2013170 Pako\u015b\u0107 \u2013 Kalwaria\",\"potentialAction\":[{\"@type\":\"SearchAction\",\"target\":{\"@type\":\"EntryPoint\",\"urlTemplate\":\"https:\/\/pakosc-kalwaria.franciszkanie.net\/?s={search_term_string}\"},\"query-input\":\"required name=search_term_string\"}],\"inLanguage\":\"pl-PL\"},{\"@type\":\"ImageObject\",\"@id\":\"https:\/\/pakosc-kalwaria.franciszkanie.net\/index.php\/2022\/05\/19\/rocznica-pierwszej-komunii-swietej-niedziela-22-maja\/#primaryimage\",\"inLanguage\":\"pl-PL\",\"url\":\"https:\/\/pakosc-kalwaria.franciszkanie.net\/wp-content\/uploads\/2022\/05\/Baner-boze-cialo.jpg\",\"contentUrl\":\"https:\/\/pakosc-kalwaria.franciszkanie.net\/wp-content\/uploads\/2022\/05\/Baner-boze-cialo.jpg\",\"width\":200,\"height\":278},{\"@type\":\"WebPage\",\"@id\":\"https:\/\/pakosc-kalwaria.franciszkanie.net\/index.php\/2022\/05\/19\/rocznica-pierwszej-komunii-swietej-niedziela-22-maja\/#webpage\",\"url\":\"https:\/\/pakosc-kalwaria.franciszkanie.net\/index.php\/2022\/05\/19\/rocznica-pierwszej-komunii-swietej-niedziela-22-maja\/\",\"name\":\"Rocznica Pierwszej Komunii \u015bwi\u0119tej \u2013 niedziela 22 maja - Pako\u015b\u0107 \u2013 Kalwaria\",\"isPartOf\":{\"@id\":\"https:\/\/pakosc-kalwaria.franciszkanie.net\/#website\"},\"primaryImageOfPage\":{\"@id\":\"https:\/\/pakosc-kalwaria.franciszkanie.net\/index.php\/2022\/05\/19\/rocznica-pierwszej-komunii-swietej-niedziela-22-maja\/#primaryimage\"},\"datePublished\":\"2022-05-19T14:00:36+00:00\",\"dateModified\":\"2022-05-22T12:51:23+00:00\",\"author\":{\"@id\":\"https:\/\/pakosc-kalwaria.franciszkanie.net\/#\/schema\/person\/af10b943be0760709227d060eadcb2aa\"},\"breadcrumb\":{\"@id\":\"https:\/\/pakosc-kalwaria.franciszkanie.net\/index.php\/2022\/05\/19\/rocznica-pierwszej-komunii-swietej-niedziela-22-maja\/#breadcrumb\"},\"inLanguage\":\"pl-PL\",\"potentialAction\":[{\"@type\":\"ReadAction\",\"target\":[\"https:\/\/pakosc-kalwaria.franciszkanie.net\/index.php\/2022\/05\/19\/rocznica-pierwszej-komunii-swietej-niedziela-22-maja\/\"]}]},{\"@type\":\"BreadcrumbList\",\"@id\":\"https:\/\/pakosc-kalwaria.franciszkanie.net\/index.php\/2022\/05\/19\/rocznica-pierwszej-komunii-swietej-niedziela-22-maja\/#breadcrumb\",\"itemListElement\":[{\"@type\":\"ListItem\",\"position\":1,\"name\":\"Strona g\u0142\u00f3wna\",\"item\":\"https:\/\/pakosc-kalwaria.franciszkanie.net\/\"},{\"@type\":\"ListItem\",\"position\":2,\"name\":\"Rocznica Pierwszej Komunii \u015bwi\u0119tej \u2013 niedziela 22 maja\"}]},{\"@type\":\"Person\",\"@id\":\"https:\/\/pakosc-kalwaria.franciszkanie.net\/#\/schema\/person\/af10b943be0760709227d060eadcb2aa\",\"name\":\"pakosc-kalwaria\",\"image\":{\"@type\":\"ImageObject\",\"@id\":\"https:\/\/pakosc-kalwaria.franciszkanie.net\/#personlogo\",\"inLanguage\":\"pl-PL\",\"url\":\"https:\/\/secure.gravatar.com\/avatar\/e7049d338b55eac6a0027ff3218b8d02?s=96&d=mm&r=g\",\"contentUrl\":\"https:\/\/secure.gravatar.com\/avatar\/e7049d338b55eac6a0027ff3218b8d02?s=96&d=mm&r=g\",\"caption\":\"pakosc-kalwaria\"},\"sameAs\":[\"https:\/\/www.facebook.com\/KalwariaPakosc\/\"],\"url\":\"https:\/\/pakosc-kalwaria.franciszkanie.net\/index.php\/author\/pakosc-kalwaria\/\"}]}<\/script>\n<!-- \/ Yoast SEO plugin. -->","yoast_head_json":{"title":"Rocznica Pierwszej Komunii \u015bwi\u0119tej \u2013 niedziela 22 maja - Pako\u015b\u0107 \u2013 Kalwaria","robots":{"index":"index","follow":"follow","max-snippet":"max-snippet:-1","max-image-preview":"max-image-preview:large","max-video-preview":"max-video-preview:-1"},"canonical":"https:\/\/pakosc-kalwaria.franciszkanie.net\/index.php\/2022\/05\/19\/rocznica-pierwszej-komunii-swietej-niedziela-22-maja\/","og_locale":"pl_PL","og_type":"article","og_title":"Rocznica Pierwszej Komunii \u015bwi\u0119tej \u2013 niedziela 22 maja - Pako\u015b\u0107 \u2013 Kalwaria","og_description":"W niedziel\u0119 22 maja o 11.00 \u2013 Msza \u015bwi\u0119ta z okazji Rocznicy Pierwszej Komunii \u015bw. Zapraszamy dzieci klas IV, kt\u00f3re w ubieg\u0142ym roku przyst\u0105pi\u0142y do Pierwszej Komunii \u015bwi\u0119tej w naszym kalwaryjskim ko\u015bciele oraz ich rodzic\u00f3w i rodziny. W pi\u0105tek 20 maja\u00a0 o 16.30 \u2013 Spowied\u017a \u015bwi\u0119ta dla dzieci klas IV przed Rocznic\u0105 Pierwszej Komunii \u015bw. &hellip;","og_url":"https:\/\/pakosc-kalwaria.franciszkanie.net\/index.php\/2022\/05\/19\/rocznica-pierwszej-komunii-swietej-niedziela-22-maja\/","og_site_name":"Pako\u015b\u0107 \u2013 Kalwaria","article_author":"https:\/\/www.facebook.com\/KalwariaPakosc\/","article_published_time":"2022-05-19T14:00:36+00:00","article_modified_time":"2022-05-22T12:51:23+00:00","og_image":[{"width":200,"height":278,"url":"https:\/\/pakosc-kalwaria.franciszkanie.net\/wp-content\/uploads\/2022\/05\/Baner-boze-cialo.jpg","type":"image\/jpeg"}],"twitter_card":"summary","twitter_misc":{"Napisane przez":"pakosc-kalwaria","Szacowany czas czytania":"1 minuta"},"schema":{"@context":"https:\/\/schema.org","@graph":[{"@type":"WebSite","@id":"https:\/\/pakosc-kalwaria.franciszkanie.net\/#website","url":"https:\/\/pakosc-kalwaria.franciszkanie.net\/","name":"Pako\u015b\u0107 \u2013 Kalwaria","description":"Parafia Rzymsko \u2013 Katolicka p.w. Pana Jezusa Ukrzy\u017cowanego i  Matki Bo\u017cej Bolesnej ul. Barci\u0144ska 60, 88\u2013170 Pako\u015b\u0107 \u2013 Kalwaria","potentialAction":[{"@type":"SearchAction","target":{"@type":"EntryPoint","urlTemplate":"https:\/\/pakosc-kalwaria.franciszkanie.net\/?s={search_term_string}"},"query-input":"required name=search_term_string"}],"inLanguage":"pl-PL"},{"@type":"ImageObject","@id":"https:\/\/pakosc-kalwaria.franciszkanie.net\/index.php\/2022\/05\/19\/rocznica-pierwszej-komunii-swietej-niedziela-22-maja\/#primaryimage","inLanguage":"pl-PL","url":"https:\/\/pakosc-kalwaria.franciszkanie.net\/wp-content\/uploads\/2022\/05\/Baner-boze-cialo.jpg","contentUrl":"https:\/\/pakosc-kalwaria.franciszkanie.net\/wp-content\/uploads\/2022\/05\/Baner-boze-cialo.jpg","width":200,"height":278},{"@type":"WebPage","@id":"https:\/\/pakosc-kalwaria.franciszkanie.net\/index.php\/2022\/05\/19\/rocznica-pierwszej-komunii-swietej-niedziela-22-maja\/#webpage","url":"https:\/\/pakosc-kalwaria.franciszkanie.net\/index.php\/2022\/05\/19\/rocznica-pierwszej-komunii-swietej-niedziela-22-maja\/","name":"Rocznica Pierwszej Komunii \u015bwi\u0119tej \u2013 niedziela 22 maja - Pako\u015b\u0107 \u2013 Kalwaria","isPartOf":{"@id":"https:\/\/pakosc-kalwaria.franciszkanie.net\/#website"},"primaryImageOfPage":{"@id":"https:\/\/pakosc-kalwaria.franciszkanie.net\/index.php\/2022\/05\/19\/rocznica-pierwszej-komunii-swietej-niedziela-22-maja\/#primaryimage"},"datePublished":"2022-05-19T14:00:36+00:00","dateModified":"2022-05-22T12:51:23+00:00","author":{"@id":"https:\/\/pakosc-kalwaria.franciszkanie.net\/#\/schema\/person\/af10b943be0760709227d060eadcb2aa"},"breadcrumb":{"@id":"https:\/\/pakosc-kalwaria.franciszkanie.net\/index.php\/2022\/05\/19\/rocznica-pierwszej-komunii-swietej-niedziela-22-maja\/#breadcrumb"},"inLanguage":"pl-PL","potentialAction":[{"@type":"ReadAction","target":["https:\/\/pakosc-kalwaria.franciszkanie.net\/index.php\/2022\/05\/19\/rocznica-pierwszej-komunii-swietej-niedziela-22-maja\/"]}]},{"@type":"BreadcrumbList","@id":"https:\/\/pakosc-kalwaria.franciszkanie.net\/index.php\/2022\/05\/19\/rocznica-pierwszej-komunii-swietej-niedziela-22-maja\/#breadcrumb","itemListElement":[{"@type":"ListItem","position":1,"name":"Strona g\u0142\u00f3wna","item":"https:\/\/pakosc-kalwaria.franciszkanie.net\/"},{"@type":"ListItem","position":2,"name":"Rocznica Pierwszej Komunii \u015bwi\u0119tej \u2013 niedziela 22 maja"}]},{"@type":"Person","@id":"https:\/\/pakosc-kalwaria.franciszkanie.net\/#\/schema\/person\/af10b943be0760709227d060eadcb2aa","name":"pakosc-kalwaria","image":{"@type":"ImageObject","@id":"https:\/\/pakosc-kalwaria.franciszkanie.net\/#personlogo","inLanguage":"pl-PL","url":"https:\/\/secure.gravatar.com\/avatar\/e7049d338b55eac6a0027ff3218b8d02?s=96&d=mm&r=g","contentUrl":"https:\/\/secure.gravatar.com\/avatar\/e7049d338b55eac6a0027ff3218b8d02?s=96&d=mm&r=g","caption":"pakosc-kalwaria"},"sameAs":["https:\/\/www.facebook.com\/KalwariaPakosc\/"],"url":"https:\/\/pakosc-kalwaria.franciszkanie.net\/index.php\/author\/pakosc-kalwaria\/"}]}},"_links":{"self":[{"href":"https:\/\/pakosc-kalwaria.franciszkanie.net\/index.php\/wp-json\/wp\/v2\/posts\/22754"}],"collection":[{"href":"https:\/\/pakosc-kalwaria.franciszkanie.net\/index.php\/wp-json\/wp\/v2\/posts"}],"about":[{"href":"https:\/\/pakosc-kalwaria.franciszkanie.net\/index.php\/wp-json\/wp\/v2\/types\/post"}],"author":[{"embeddable":true,"href":"https:\/\/pakosc-kalwaria.franciszkanie.net\/index.php\/wp-json\/wp\/v2\/users\/2"}],"replies":[{"embeddable":true,"href":"https:\/\/pakosc-kalwaria.franciszkanie.net\/index.php\/wp-json\/wp\/v2\/comments?post=22754"}],"version-history":[{"count":2,"href":"https:\/\/pakosc-kalwaria.franciszkanie.net\/index.php\/wp-json\/wp\/v2\/posts\/22754\/revisions"}],"predecessor-version":[{"id":22757,"href":"https:\/\/pakosc-kalwaria.franciszkanie.net\/index.php\/wp-json\/wp\/v2\/posts\/22754\/revisions\/22757"}],"wp:featuredmedia":[{"embeddable":true,"href":"https:\/\/pakosc-kalwaria.franciszkanie.net\/index.php\/wp-json\/wp\/v2\/media\/22755"}],"wp:attachment":[{"href":"https:\/\/pakosc-kalwaria.franciszkanie.net\/index.php\/wp-json\/wp\/v2\/media?parent=22754"}],"wp:term":[{"taxonomy":"category","embeddable":true,"href":"https:\/\/pakosc-kalwaria.franciszkanie.net\/index.php\/wp-json\/wp\/v2\/categories?post=22754"},{"taxonomy":"post_tag","embeddable":true,"href":"https:\/\/pakosc-kalwaria.franciszkanie.net\/index.php\/wp-json\/wp\/v2\/tags?post=22754"}],"curies":[{"name":"wp","href":"https:\/\/api.w.org\/{rel}","templated":true}]}}