{"id":22992,"date":"2022-05-19T17:00:21","date_gmt":"2022-05-19T15:00:21","guid":{"rendered":"http:\/\/pakosc-kalwaria.franciszkanie.net\/?p=22992"},"modified":"2022-05-23T13:33:14","modified_gmt":"2022-05-23T11:33:14","slug":"22992","status":"publish","type":"post","link":"https:\/\/pakosc-kalwaria.franciszkanie.net\/index.php\/2022\/05\/19\/22992\/","title":{"rendered":"S\u0142owo Moderatora \u017bywego R\u00f3\u017ca\u0144ca"},"content":{"rendered":"<p><strong><span style=\"color: #ff0000;\">\u201eUczyni\u0107 r\u00f3\u017caniec modlitw\u0105 wszystkich\u201d-<\/span> Paulina Jaricot<\/strong><\/p>\n<p><strong>S\u0141OWO MODERATORA KRAJOWEGO PRZED BEATYFIKACJ\u0104 PAULINY JARICOT<\/strong><\/p>\n<p>Cz\u0142owiek zosta\u0142 stworzony do komunii z Bogiem. Na ziemi komunia ta urzeczywistnia si\u0119 w modlitwie. Modlitwa to najprostsza droga do \u015bwi\u0119to\u015bci. Chrze\u015bcijanin, a wi\u0119c ka\u017cdy z nas powinien zastanawia\u0107 si\u0119 nad swoj\u0105 \u015bwi\u0119to\u015bci\u0105. Wynoszenie przez Ko\u015bci\u00f3\u0142 na o\u0142tarze nowych \u015bwi\u0119tych jest dobr\u0105 okazj\u0105 i potwierdzeniem, \u017ce \u015bwi\u0119to\u015b\u0107 jest mo\u017cliwa nie tylko dla wybra\u0144c\u00f3w, ale dla ka\u017cdego, kto \u017cyje zgonie z wol\u0105 Boga. 22 maja 2022 w Lyonie zostanie zaliczona w poczet b\u0142ogos\u0142awionych s\u0142uga Bo\u017ca Paulina Jaricot za\u0142o\u017cycielka dw\u00f3ch wielkich dzie\u0142 w Ko\u015bciele: Dzie\u0142a Rozkrzewiania Wiara, kt\u00f3re w tym roku b\u0119dzie obchodzi\u0107 200 lecie swego istnienia i \u017bywego R\u00f3\u017ca\u0144ca powsta\u0142ego 4 lata p\u00f3\u017aniej. Dla nas ludzi modl\u0105cych si\u0119 na r\u00f3\u017ca\u0144cu i nale\u017c\u0105cych do K\u00f3\u0142 R\u00f3\u017ca\u0144cowych to wielka \u0142aska i rado\u015b\u0107, \u017ce b\u0119dziemy mie\u0107 kolejn\u0105 or\u0119downiczk\u0119 w naszych sprawach w niebie.\u00a0 Ten fakt wymaga od nas dobrego przygotowania, by w my\u015bl za\u0142o\u017cycielki:<strong> \u201eUczyni\u0107 r\u00f3\u017caniec modlitw\u0105 wszystkich\u201d<\/strong>&#8230; Niech s\u0142owa Pauliny <strong>\u201ewszystkie dobra przysz\u0142y do mnie przez r\u00f3\u017caniec\u201d<\/strong> stan\u0105 si\u0119 zach\u0119t\u0105 o owoce naszej codziennej modlitwy r\u00f3\u017ca\u0144cowej. Zr\u00f3bmy wszystko, by\u00a0 ukaza\u0107 wsp\u00f3\u0142czesnym Polakom i \u015bwiatu r\u00f3\u017caniec jako modlitw\u0119 na dzisiejsze czasy, w kt\u00f3rej widzimy ocalenie wiary i mi\u0142o\u015bci do Boga w polskich rodzinach, parafiach, w sercach dzieci i m\u0142odzie\u017cy oraz w \u015bwiecie. W czasie trwaj\u0105cej wojny na Ukrainie i w innych cz\u0119\u015bciach \u015bwiata modlitwa r\u00f3\u017ca\u0144cowa staje si\u0119 najbardziej sprawdzonym lekarstwem na te choroby o czym przypomina Maryja; <strong>\u201eZapomnieli\u015bcie, \u017ce dzi\u0119ki modlitwie i postom mo\u017cecie oddali\u0107 wojny\u201d. <\/strong>Wszystkich zapraszam na \u201ePolskie Dzi\u0119kczynnie\u201d za beatyfikacj\u0119 Pauliny, kt\u00f3re b\u0119dzie mia\u0142o miejsce w czasie\u00a0 II Krajowego Kongresu R\u00f3\u017ca\u0144cowego kt\u00f3ry \u0142\u0105czy si\u0119 w tym roku z X Og\u00f3lnopolsk\u0105 Pielgrzymk\u0105 \u017bywego R\u00f3\u017ca\u0144ca na Jasn\u0105 G\u00f3r\u0119 3 i\u00a0 4 czerwca 2022 r.<\/p>\n<p><strong>Moderator Krajowy \u017bywego R\u00f3\u017ca\u0144ca<em><br \/>\n<\/em>dr Jacek Gancarek<\/strong><\/p>\n","protected":false},"excerpt":{"rendered":"<p>\u201eUczyni\u0107 r\u00f3\u017caniec modlitw\u0105 wszystkich\u201d- Paulina Jaricot S\u0141OWO MODERATORA KRAJOWEGO PRZED BEATYFIKACJ\u0104 PAULINY JARICOT Cz\u0142owiek zosta\u0142 stworzony do komunii z Bogiem. Na ziemi komunia ta urzeczywistnia si\u0119 w modlitwie. Modlitwa to najprostsza droga do \u015bwi\u0119to\u015bci. Chrze\u015bcijanin, a wi\u0119c ka\u017cdy z nas powinien zastanawia\u0107 si\u0119 nad swoj\u0105 \u015bwi\u0119to\u015bci\u0105. Wynoszenie przez Ko\u015bci\u00f3\u0142 na o\u0142tarze nowych \u015bwi\u0119tych jest dobr\u0105 &hellip;<\/p>\n","protected":false},"author":2,"featured_media":22993,"comment_status":"closed","ping_status":"closed","sticky":false,"template":"","format":"standard","meta":{"_mi_skip_tracking":false,"_exactmetrics_sitenote_active":false,"_exactmetrics_sitenote_note":"","_exactmetrics_sitenote_category":0},"categories":[13,10],"tags":[],"yoast_head":"<!-- This site is optimized with the Yoast SEO plugin v18.1 - https:\/\/yoast.com\/wordpress\/plugins\/seo\/ -->\n<title>S\u0142owo Moderatora \u017bywego R\u00f3\u017ca\u0144ca - Pako\u015b\u0107 \u2013 Kalwaria<\/title>\n<meta name=\"robots\" content=\"index, follow, max-snippet:-1, max-image-preview:large, max-video-preview:-1\" \/>\n<link rel=\"canonical\" href=\"https:\/\/pakosc-kalwaria.franciszkanie.net\/index.php\/2022\/05\/19\/22992\/\" \/>\n<meta property=\"og:locale\" content=\"pl_PL\" \/>\n<meta property=\"og:type\" content=\"article\" \/>\n<meta property=\"og:title\" content=\"S\u0142owo Moderatora \u017bywego R\u00f3\u017ca\u0144ca - Pako\u015b\u0107 \u2013 Kalwaria\" \/>\n<meta property=\"og:description\" content=\"\u201eUczyni\u0107 r\u00f3\u017caniec modlitw\u0105 wszystkich\u201d- Paulina Jaricot S\u0141OWO MODERATORA KRAJOWEGO PRZED BEATYFIKACJ\u0104 PAULINY JARICOT Cz\u0142owiek zosta\u0142 stworzony do komunii z Bogiem. Na ziemi komunia ta urzeczywistnia si\u0119 w modlitwie. Modlitwa to najprostsza droga do \u015bwi\u0119to\u015bci. Chrze\u015bcijanin, a wi\u0119c ka\u017cdy z nas powinien zastanawia\u0107 si\u0119 nad swoj\u0105 \u015bwi\u0119to\u015bci\u0105. Wynoszenie przez Ko\u015bci\u00f3\u0142 na o\u0142tarze nowych \u015bwi\u0119tych jest dobr\u0105 &hellip;\" \/>\n<meta property=\"og:url\" content=\"https:\/\/pakosc-kalwaria.franciszkanie.net\/index.php\/2022\/05\/19\/22992\/\" \/>\n<meta property=\"og:site_name\" content=\"Pako\u015b\u0107 \u2013 Kalwaria\" \/>\n<meta property=\"article:author\" content=\"https:\/\/www.facebook.com\/KalwariaPakosc\/\" \/>\n<meta property=\"article:published_time\" content=\"2022-05-19T15:00:21+00:00\" \/>\n<meta property=\"article:modified_time\" content=\"2022-05-23T11:33:14+00:00\" \/>\n<meta property=\"og:image\" content=\"https:\/\/pakosc-kalwaria.franciszkanie.net\/wp-content\/uploads\/2022\/05\/plakat-Paulina-A3.jpg\" \/>\n\t<meta property=\"og:image:width\" content=\"250\" \/>\n\t<meta property=\"og:image:height\" content=\"358\" \/>\n\t<meta property=\"og:image:type\" content=\"image\/jpeg\" \/>\n<meta name=\"twitter:card\" content=\"summary\" \/>\n<meta name=\"twitter:label1\" content=\"Napisane przez\" \/>\n\t<meta name=\"twitter:data1\" content=\"pakosc-kalwaria\" \/>\n\t<meta name=\"twitter:label2\" content=\"Szacowany czas czytania\" \/>\n\t<meta name=\"twitter:data2\" content=\"2 minuty\" \/>\n<script type=\"application\/ld+json\" class=\"yoast-schema-graph\">{\"@context\":\"https:\/\/schema.org\",\"@graph\":[{\"@type\":\"WebSite\",\"@id\":\"https:\/\/pakosc-kalwaria.franciszkanie.net\/#website\",\"url\":\"https:\/\/pakosc-kalwaria.franciszkanie.net\/\",\"name\":\"Pako\u015b\u0107 \u2013 Kalwaria\",\"description\":\"Parafia Rzymsko \u2013 Katolicka p.w. Pana Jezusa Ukrzy\u017cowanego i  Matki Bo\u017cej Bolesnej ul. Barci\u0144ska 60, 88\u2013170 Pako\u015b\u0107 \u2013 Kalwaria\",\"potentialAction\":[{\"@type\":\"SearchAction\",\"target\":{\"@type\":\"EntryPoint\",\"urlTemplate\":\"https:\/\/pakosc-kalwaria.franciszkanie.net\/?s={search_term_string}\"},\"query-input\":\"required name=search_term_string\"}],\"inLanguage\":\"pl-PL\"},{\"@type\":\"ImageObject\",\"@id\":\"https:\/\/pakosc-kalwaria.franciszkanie.net\/index.php\/2022\/05\/19\/22992\/#primaryimage\",\"inLanguage\":\"pl-PL\",\"url\":\"https:\/\/pakosc-kalwaria.franciszkanie.net\/wp-content\/uploads\/2022\/05\/plakat-Paulina-A3.jpg\",\"contentUrl\":\"https:\/\/pakosc-kalwaria.franciszkanie.net\/wp-content\/uploads\/2022\/05\/plakat-Paulina-A3.jpg\",\"width\":250,\"height\":358},{\"@type\":\"WebPage\",\"@id\":\"https:\/\/pakosc-kalwaria.franciszkanie.net\/index.php\/2022\/05\/19\/22992\/#webpage\",\"url\":\"https:\/\/pakosc-kalwaria.franciszkanie.net\/index.php\/2022\/05\/19\/22992\/\",\"name\":\"S\u0142owo Moderatora \u017bywego R\u00f3\u017ca\u0144ca - Pako\u015b\u0107 \u2013 Kalwaria\",\"isPartOf\":{\"@id\":\"https:\/\/pakosc-kalwaria.franciszkanie.net\/#website\"},\"primaryImageOfPage\":{\"@id\":\"https:\/\/pakosc-kalwaria.franciszkanie.net\/index.php\/2022\/05\/19\/22992\/#primaryimage\"},\"datePublished\":\"2022-05-19T15:00:21+00:00\",\"dateModified\":\"2022-05-23T11:33:14+00:00\",\"author\":{\"@id\":\"https:\/\/pakosc-kalwaria.franciszkanie.net\/#\/schema\/person\/af10b943be0760709227d060eadcb2aa\"},\"breadcrumb\":{\"@id\":\"https:\/\/pakosc-kalwaria.franciszkanie.net\/index.php\/2022\/05\/19\/22992\/#breadcrumb\"},\"inLanguage\":\"pl-PL\",\"potentialAction\":[{\"@type\":\"ReadAction\",\"target\":[\"https:\/\/pakosc-kalwaria.franciszkanie.net\/index.php\/2022\/05\/19\/22992\/\"]}]},{\"@type\":\"BreadcrumbList\",\"@id\":\"https:\/\/pakosc-kalwaria.franciszkanie.net\/index.php\/2022\/05\/19\/22992\/#breadcrumb\",\"itemListElement\":[{\"@type\":\"ListItem\",\"position\":1,\"name\":\"Strona g\u0142\u00f3wna\",\"item\":\"https:\/\/pakosc-kalwaria.franciszkanie.net\/\"},{\"@type\":\"ListItem\",\"position\":2,\"name\":\"S\u0142owo Moderatora \u017bywego R\u00f3\u017ca\u0144ca\"}]},{\"@type\":\"Person\",\"@id\":\"https:\/\/pakosc-kalwaria.franciszkanie.net\/#\/schema\/person\/af10b943be0760709227d060eadcb2aa\",\"name\":\"pakosc-kalwaria\",\"image\":{\"@type\":\"ImageObject\",\"@id\":\"https:\/\/pakosc-kalwaria.franciszkanie.net\/#personlogo\",\"inLanguage\":\"pl-PL\",\"url\":\"https:\/\/secure.gravatar.com\/avatar\/e7049d338b55eac6a0027ff3218b8d02?s=96&d=mm&r=g\",\"contentUrl\":\"https:\/\/secure.gravatar.com\/avatar\/e7049d338b55eac6a0027ff3218b8d02?s=96&d=mm&r=g\",\"caption\":\"pakosc-kalwaria\"},\"sameAs\":[\"https:\/\/www.facebook.com\/KalwariaPakosc\/\"],\"url\":\"https:\/\/pakosc-kalwaria.franciszkanie.net\/index.php\/author\/pakosc-kalwaria\/\"}]}<\/script>\n<!-- \/ Yoast SEO plugin. -->","yoast_head_json":{"title":"S\u0142owo Moderatora \u017bywego R\u00f3\u017ca\u0144ca - Pako\u015b\u0107 \u2013 Kalwaria","robots":{"index":"index","follow":"follow","max-snippet":"max-snippet:-1","max-image-preview":"max-image-preview:large","max-video-preview":"max-video-preview:-1"},"canonical":"https:\/\/pakosc-kalwaria.franciszkanie.net\/index.php\/2022\/05\/19\/22992\/","og_locale":"pl_PL","og_type":"article","og_title":"S\u0142owo Moderatora \u017bywego R\u00f3\u017ca\u0144ca - Pako\u015b\u0107 \u2013 Kalwaria","og_description":"\u201eUczyni\u0107 r\u00f3\u017caniec modlitw\u0105 wszystkich\u201d- Paulina Jaricot S\u0141OWO MODERATORA KRAJOWEGO PRZED BEATYFIKACJ\u0104 PAULINY JARICOT Cz\u0142owiek zosta\u0142 stworzony do komunii z Bogiem. Na ziemi komunia ta urzeczywistnia si\u0119 w modlitwie. Modlitwa to najprostsza droga do \u015bwi\u0119to\u015bci. Chrze\u015bcijanin, a wi\u0119c ka\u017cdy z nas powinien zastanawia\u0107 si\u0119 nad swoj\u0105 \u015bwi\u0119to\u015bci\u0105. Wynoszenie przez Ko\u015bci\u00f3\u0142 na o\u0142tarze nowych \u015bwi\u0119tych jest dobr\u0105 &hellip;","og_url":"https:\/\/pakosc-kalwaria.franciszkanie.net\/index.php\/2022\/05\/19\/22992\/","og_site_name":"Pako\u015b\u0107 \u2013 Kalwaria","article_author":"https:\/\/www.facebook.com\/KalwariaPakosc\/","article_published_time":"2022-05-19T15:00:21+00:00","article_modified_time":"2022-05-23T11:33:14+00:00","og_image":[{"width":250,"height":358,"url":"https:\/\/pakosc-kalwaria.franciszkanie.net\/wp-content\/uploads\/2022\/05\/plakat-Paulina-A3.jpg","type":"image\/jpeg"}],"twitter_card":"summary","twitter_misc":{"Napisane przez":"pakosc-kalwaria","Szacowany czas czytania":"2 minuty"},"schema":{"@context":"https:\/\/schema.org","@graph":[{"@type":"WebSite","@id":"https:\/\/pakosc-kalwaria.franciszkanie.net\/#website","url":"https:\/\/pakosc-kalwaria.franciszkanie.net\/","name":"Pako\u015b\u0107 \u2013 Kalwaria","description":"Parafia Rzymsko \u2013 Katolicka p.w. Pana Jezusa Ukrzy\u017cowanego i  Matki Bo\u017cej Bolesnej ul. Barci\u0144ska 60, 88\u2013170 Pako\u015b\u0107 \u2013 Kalwaria","potentialAction":[{"@type":"SearchAction","target":{"@type":"EntryPoint","urlTemplate":"https:\/\/pakosc-kalwaria.franciszkanie.net\/?s={search_term_string}"},"query-input":"required name=search_term_string"}],"inLanguage":"pl-PL"},{"@type":"ImageObject","@id":"https:\/\/pakosc-kalwaria.franciszkanie.net\/index.php\/2022\/05\/19\/22992\/#primaryimage","inLanguage":"pl-PL","url":"https:\/\/pakosc-kalwaria.franciszkanie.net\/wp-content\/uploads\/2022\/05\/plakat-Paulina-A3.jpg","contentUrl":"https:\/\/pakosc-kalwaria.franciszkanie.net\/wp-content\/uploads\/2022\/05\/plakat-Paulina-A3.jpg","width":250,"height":358},{"@type":"WebPage","@id":"https:\/\/pakosc-kalwaria.franciszkanie.net\/index.php\/2022\/05\/19\/22992\/#webpage","url":"https:\/\/pakosc-kalwaria.franciszkanie.net\/index.php\/2022\/05\/19\/22992\/","name":"S\u0142owo Moderatora \u017bywego R\u00f3\u017ca\u0144ca - Pako\u015b\u0107 \u2013 Kalwaria","isPartOf":{"@id":"https:\/\/pakosc-kalwaria.franciszkanie.net\/#website"},"primaryImageOfPage":{"@id":"https:\/\/pakosc-kalwaria.franciszkanie.net\/index.php\/2022\/05\/19\/22992\/#primaryimage"},"datePublished":"2022-05-19T15:00:21+00:00","dateModified":"2022-05-23T11:33:14+00:00","author":{"@id":"https:\/\/pakosc-kalwaria.franciszkanie.net\/#\/schema\/person\/af10b943be0760709227d060eadcb2aa"},"breadcrumb":{"@id":"https:\/\/pakosc-kalwaria.franciszkanie.net\/index.php\/2022\/05\/19\/22992\/#breadcrumb"},"inLanguage":"pl-PL","potentialAction":[{"@type":"ReadAction","target":["https:\/\/pakosc-kalwaria.franciszkanie.net\/index.php\/2022\/05\/19\/22992\/"]}]},{"@type":"BreadcrumbList","@id":"https:\/\/pakosc-kalwaria.franciszkanie.net\/index.php\/2022\/05\/19\/22992\/#breadcrumb","itemListElement":[{"@type":"ListItem","position":1,"name":"Strona g\u0142\u00f3wna","item":"https:\/\/pakosc-kalwaria.franciszkanie.net\/"},{"@type":"ListItem","position":2,"name":"S\u0142owo Moderatora \u017bywego R\u00f3\u017ca\u0144ca"}]},{"@type":"Person","@id":"https:\/\/pakosc-kalwaria.franciszkanie.net\/#\/schema\/person\/af10b943be0760709227d060eadcb2aa","name":"pakosc-kalwaria","image":{"@type":"ImageObject","@id":"https:\/\/pakosc-kalwaria.franciszkanie.net\/#personlogo","inLanguage":"pl-PL","url":"https:\/\/secure.gravatar.com\/avatar\/e7049d338b55eac6a0027ff3218b8d02?s=96&d=mm&r=g","contentUrl":"https:\/\/secure.gravatar.com\/avatar\/e7049d338b55eac6a0027ff3218b8d02?s=96&d=mm&r=g","caption":"pakosc-kalwaria"},"sameAs":["https:\/\/www.facebook.com\/KalwariaPakosc\/"],"url":"https:\/\/pakosc-kalwaria.franciszkanie.net\/index.php\/author\/pakosc-kalwaria\/"}]}},"_links":{"self":[{"href":"https:\/\/pakosc-kalwaria.franciszkanie.net\/index.php\/wp-json\/wp\/v2\/posts\/22992"}],"collection":[{"href":"https:\/\/pakosc-kalwaria.franciszkanie.net\/index.php\/wp-json\/wp\/v2\/posts"}],"about":[{"href":"https:\/\/pakosc-kalwaria.franciszkanie.net\/index.php\/wp-json\/wp\/v2\/types\/post"}],"author":[{"embeddable":true,"href":"https:\/\/pakosc-kalwaria.franciszkanie.net\/index.php\/wp-json\/wp\/v2\/users\/2"}],"replies":[{"embeddable":true,"href":"https:\/\/pakosc-kalwaria.franciszkanie.net\/index.php\/wp-json\/wp\/v2\/comments?post=22992"}],"version-history":[{"count":3,"href":"https:\/\/pakosc-kalwaria.franciszkanie.net\/index.php\/wp-json\/wp\/v2\/posts\/22992\/revisions"}],"predecessor-version":[{"id":22996,"href":"https:\/\/pakosc-kalwaria.franciszkanie.net\/index.php\/wp-json\/wp\/v2\/posts\/22992\/revisions\/22996"}],"wp:featuredmedia":[{"embeddable":true,"href":"https:\/\/pakosc-kalwaria.franciszkanie.net\/index.php\/wp-json\/wp\/v2\/media\/22993"}],"wp:attachment":[{"href":"https:\/\/pakosc-kalwaria.franciszkanie.net\/index.php\/wp-json\/wp\/v2\/media?parent=22992"}],"wp:term":[{"taxonomy":"category","embeddable":true,"href":"https:\/\/pakosc-kalwaria.franciszkanie.net\/index.php\/wp-json\/wp\/v2\/categories?post=22992"},{"taxonomy":"post_tag","embeddable":true,"href":"https:\/\/pakosc-kalwaria.franciszkanie.net\/index.php\/wp-json\/wp\/v2\/tags?post=22992"}],"curies":[{"name":"wp","href":"https:\/\/api.w.org\/{rel}","templated":true}]}}