{"id":22998,"date":"2022-06-01T19:45:35","date_gmt":"2022-06-01T17:45:35","guid":{"rendered":"http:\/\/pakosc-kalwaria.franciszkanie.net\/?p=22998"},"modified":"2022-06-01T23:08:42","modified_gmt":"2022-06-01T21:08:42","slug":"czuwania-modlitewne-mieszkancow-parafii-przy-ikonie-matki-bozej-jasnogorskiej","status":"publish","type":"post","link":"https:\/\/pakosc-kalwaria.franciszkanie.net\/index.php\/2022\/06\/01\/czuwania-modlitewne-mieszkancow-parafii-przy-ikonie-matki-bozej-jasnogorskiej\/","title":{"rendered":"Czuwania modlitewne mieszka\u0144c\u00f3w Parafii przy Ikonie Matki Bo\u017cej Jasnog\u00f3rskiej"},"content":{"rendered":"<p><strong><span style=\"color: #ff0000;\">Czuwania modlitewne <span style=\"color: #000000;\">mieszka\u0144c\u00f3w kalwaryjskiej Parafii<\/span> przy Ikonie Matki Bo\u017cej Jasnog\u00f3rskiej<\/span> <\/strong><\/p>\n<p><strong><u><span style=\"color: #ff0000;\">Pierwszy Czwartek Miesi\u0105ca &#8211; 2 czerwca 2022r.<\/span><br \/>\n<\/u><\/strong><span style=\"color: #ff0000;\"><strong>19.00 \u2013 20.00 \u00a0Czuwanie\u00a0 <\/strong><\/span><strong>&#8211; Ludkowo 14 &#8211; 23, Mielno,<\/strong> <strong>Zalesie Barci\u0144skie<\/strong><strong><br \/>\n<\/strong><strong><span style=\"color: #ff0000;\">20.00 \u2013 21.00 \u00a0Czuwanie<\/span>\u00a0 <\/strong><strong>&#8211; ul. Cmentarna<br \/>\n<span style=\"color: #ff0000;\">22.00 \u2013 23.00\u00a0 Czuwanie<\/span> &#8211; prowadzi m\u0142odzie\u017c<br \/>\n<span style=\"color: #ff0000;\">23.00 \u2013 24.00\u00a0 Czuwanie<\/span> &#8211; prowadz\u0105 Siostry zakonne<br \/>\n<\/strong><strong><u><br \/>\n<span style=\"color: #ff0000;\">Pierwszy Pi\u0105tek Miesi\u0105ca \u2013 3 czerwca 2022r.<\/span><br \/>\n<\/u><\/strong><span style=\"color: #ff0000;\"><strong>1.00 \u2013 2.00 \u00a0Czuwanie <\/strong><\/span><strong>&#8211; ul. Barci\u0144ska<\/strong>\u00a0\u00a0 <strong><br \/>\n<\/strong><strong><span style=\"color: #ff0000;\">2.00 \u2013 3.00 \u00a0Czuwanie<\/span> &#8211;<\/strong> <strong>Ludkowo Pa\u0142ac<\/strong> <strong>i Sp\u00f3\u0142dzielnia<\/strong>\u00a0\u00a0 <strong><br \/>\n<\/strong><strong><span style=\"color: #ff0000;\">3.00 \u2013 4.00 \u00a0Czuwanie<\/span> &#8211; ul. Wyszy\u0144skiego numery parzyste<br \/>\n<\/strong><strong><span style=\"color: #ff0000;\">4.00 \u2013 5.00 \u00a0Czuwanie<\/span> &#8211; ul. Wyszy\u0144skiego numery nieparzyste<br \/>\n<\/strong><strong><span style=\"color: #ff0000;\">5.00 \u2013 6.00 \u00a0Czuwanie<\/span> &#8211; Rad\u0142owo,<\/strong>\u00a0 <strong>ul. Rad\u0142owska<\/strong>\u00a0\u00a0 <strong><br \/>\n<\/strong><strong><span style=\"color: #ff0000;\">6.00 \u2013 7.00 \u00a0Czuwanie<\/span> &#8211; ul. Kasprowicza,<\/strong> <strong>ul. Pa\u0142ucka<\/strong>, <strong>ul. 600-lecia,<br \/>\n<span style=\"color: #ff0000;\">7.00 &#8211;\u00a0 8.00 \u00a0Czuwanie<\/span> \u2013 \u00a0ul. Pi\u0142sudskiego,<\/strong> <strong>ul. Przybyszewskiego<br \/>\n<span style=\"color: #ff0000;\">8.00 \u2013 9.00 \u00a0Czuwanie<\/span> &#8211; ul. Ks. K\u0119sickiego, Ludkowo<\/strong> <strong>41 -51,\u00a0 ul. Miele\u0144ska<\/strong><\/p>\n<p><strong><span style=\"color: #ff0000;\">13.00 \u2013 14.00\u00a0 Czuwanie<\/span> &#8211; \u00a0ul. Dzia\u0142y\u0144skich, ul. Ks. Kurzawskiego, ul. Szenica<\/strong><br \/>\n<strong><span style=\"color: #ff0000;\">14.00 \u2013 15.00\u00a0 Czuwanie<\/span> &#8211; ul. Krzy\u017canowskiego\u00a0\u00a0\u00a0\u00a0\u00a0\u00a0<\/strong><br \/>\n<strong><br \/>\n<\/strong><strong>Bardzo prosimy mieszka\u0144c\u00f3w naszej kalwaryjskiej Parafii o liczn\u0105 obecno\u015b\u0107 na modlitewnych Czuwaniach w czasie Nawiedzenia Obrazu Matki Bo\u017cej Jasnog\u00f3rskiej.<br \/>\nJe\u017celi nie b\u0119dzie mo\u017cliwa obecno\u015b\u0107 na\u00a0 Czuwaniu w wyznaczonej godzinie, prosimy wybra\u0107 inny czas dogodny dla siebie i rodziny.\u00a0 <\/strong><\/p>\n","protected":false},"excerpt":{"rendered":"<p>Czuwania modlitewne mieszka\u0144c\u00f3w kalwaryjskiej Parafii przy Ikonie Matki Bo\u017cej Jasnog\u00f3rskiej Pierwszy Czwartek Miesi\u0105ca &#8211; 2 czerwca 2022r. 19.00 \u2013 20.00 \u00a0Czuwanie\u00a0 &#8211; Ludkowo 14 &#8211; 23, Mielno, Zalesie Barci\u0144skie 20.00 \u2013 21.00 \u00a0Czuwanie\u00a0 &#8211; ul. Cmentarna 22.00 \u2013 23.00\u00a0 Czuwanie &#8211; prowadzi m\u0142odzie\u017c 23.00 \u2013 24.00\u00a0 Czuwanie &#8211; prowadz\u0105 Siostry zakonne Pierwszy Pi\u0105tek Miesi\u0105ca \u2013 &hellip;<\/p>\n","protected":false},"author":2,"featured_media":23000,"comment_status":"closed","ping_status":"closed","sticky":false,"template":"","format":"standard","meta":{"_mi_skip_tracking":false,"_exactmetrics_sitenote_active":false,"_exactmetrics_sitenote_note":"","_exactmetrics_sitenote_category":0},"categories":[13,14],"tags":[],"yoast_head":"<!-- This site is optimized with the Yoast SEO plugin v18.1 - https:\/\/yoast.com\/wordpress\/plugins\/seo\/ -->\n<title>Czuwania modlitewne mieszka\u0144c\u00f3w Parafii przy Ikonie Matki Bo\u017cej Jasnog\u00f3rskiej - Pako\u015b\u0107 \u2013 Kalwaria<\/title>\n<meta name=\"robots\" content=\"index, follow, max-snippet:-1, max-image-preview:large, max-video-preview:-1\" \/>\n<link rel=\"canonical\" href=\"https:\/\/pakosc-kalwaria.franciszkanie.net\/index.php\/2022\/06\/01\/czuwania-modlitewne-mieszkancow-parafii-przy-ikonie-matki-bozej-jasnogorskiej\/\" \/>\n<meta property=\"og:locale\" content=\"pl_PL\" \/>\n<meta property=\"og:type\" content=\"article\" \/>\n<meta property=\"og:title\" content=\"Czuwania modlitewne mieszka\u0144c\u00f3w Parafii przy Ikonie Matki Bo\u017cej Jasnog\u00f3rskiej - Pako\u015b\u0107 \u2013 Kalwaria\" \/>\n<meta property=\"og:description\" content=\"Czuwania modlitewne mieszka\u0144c\u00f3w kalwaryjskiej Parafii przy Ikonie Matki Bo\u017cej Jasnog\u00f3rskiej Pierwszy Czwartek Miesi\u0105ca &#8211; 2 czerwca 2022r. 19.00 \u2013 20.00 \u00a0Czuwanie\u00a0 &#8211; Ludkowo 14 &#8211; 23, Mielno, Zalesie Barci\u0144skie 20.00 \u2013 21.00 \u00a0Czuwanie\u00a0 &#8211; ul. Cmentarna 22.00 \u2013 23.00\u00a0 Czuwanie &#8211; prowadzi m\u0142odzie\u017c 23.00 \u2013 24.00\u00a0 Czuwanie &#8211; prowadz\u0105 Siostry zakonne Pierwszy Pi\u0105tek Miesi\u0105ca \u2013 &hellip;\" \/>\n<meta property=\"og:url\" content=\"https:\/\/pakosc-kalwaria.franciszkanie.net\/index.php\/2022\/06\/01\/czuwania-modlitewne-mieszkancow-parafii-przy-ikonie-matki-bozej-jasnogorskiej\/\" \/>\n<meta property=\"og:site_name\" content=\"Pako\u015b\u0107 \u2013 Kalwaria\" \/>\n<meta property=\"article:author\" content=\"https:\/\/www.facebook.com\/KalwariaPakosc\/\" \/>\n<meta property=\"article:published_time\" content=\"2022-06-01T17:45:35+00:00\" \/>\n<meta property=\"article:modified_time\" content=\"2022-06-01T21:08:42+00:00\" \/>\n<meta property=\"og:image\" content=\"https:\/\/pakosc-kalwaria.franciszkanie.net\/wp-content\/uploads\/2022\/05\/mb-czestochowska.jpg\" \/>\n\t<meta property=\"og:image:width\" content=\"250\" \/>\n\t<meta property=\"og:image:height\" content=\"349\" \/>\n\t<meta property=\"og:image:type\" content=\"image\/jpeg\" \/>\n<meta name=\"twitter:card\" content=\"summary\" \/>\n<meta name=\"twitter:label1\" content=\"Napisane przez\" \/>\n\t<meta name=\"twitter:data1\" content=\"pakosc-kalwaria\" \/>\n\t<meta name=\"twitter:label2\" content=\"Szacowany czas czytania\" \/>\n\t<meta name=\"twitter:data2\" content=\"1 minuta\" \/>\n<script type=\"application\/ld+json\" class=\"yoast-schema-graph\">{\"@context\":\"https:\/\/schema.org\",\"@graph\":[{\"@type\":\"WebSite\",\"@id\":\"https:\/\/pakosc-kalwaria.franciszkanie.net\/#website\",\"url\":\"https:\/\/pakosc-kalwaria.franciszkanie.net\/\",\"name\":\"Pako\u015b\u0107 \u2013 Kalwaria\",\"description\":\"Parafia Rzymsko \u2013 Katolicka p.w. Pana Jezusa Ukrzy\u017cowanego i  Matki Bo\u017cej Bolesnej ul. Barci\u0144ska 60, 88\u2013170 Pako\u015b\u0107 \u2013 Kalwaria\",\"potentialAction\":[{\"@type\":\"SearchAction\",\"target\":{\"@type\":\"EntryPoint\",\"urlTemplate\":\"https:\/\/pakosc-kalwaria.franciszkanie.net\/?s={search_term_string}\"},\"query-input\":\"required name=search_term_string\"}],\"inLanguage\":\"pl-PL\"},{\"@type\":\"ImageObject\",\"@id\":\"https:\/\/pakosc-kalwaria.franciszkanie.net\/index.php\/2022\/06\/01\/czuwania-modlitewne-mieszkancow-parafii-przy-ikonie-matki-bozej-jasnogorskiej\/#primaryimage\",\"inLanguage\":\"pl-PL\",\"url\":\"https:\/\/pakosc-kalwaria.franciszkanie.net\/wp-content\/uploads\/2022\/05\/mb-czestochowska.jpg\",\"contentUrl\":\"https:\/\/pakosc-kalwaria.franciszkanie.net\/wp-content\/uploads\/2022\/05\/mb-czestochowska.jpg\",\"width\":250,\"height\":349},{\"@type\":\"WebPage\",\"@id\":\"https:\/\/pakosc-kalwaria.franciszkanie.net\/index.php\/2022\/06\/01\/czuwania-modlitewne-mieszkancow-parafii-przy-ikonie-matki-bozej-jasnogorskiej\/#webpage\",\"url\":\"https:\/\/pakosc-kalwaria.franciszkanie.net\/index.php\/2022\/06\/01\/czuwania-modlitewne-mieszkancow-parafii-przy-ikonie-matki-bozej-jasnogorskiej\/\",\"name\":\"Czuwania modlitewne mieszka\u0144c\u00f3w Parafii przy Ikonie Matki Bo\u017cej Jasnog\u00f3rskiej - Pako\u015b\u0107 \u2013 Kalwaria\",\"isPartOf\":{\"@id\":\"https:\/\/pakosc-kalwaria.franciszkanie.net\/#website\"},\"primaryImageOfPage\":{\"@id\":\"https:\/\/pakosc-kalwaria.franciszkanie.net\/index.php\/2022\/06\/01\/czuwania-modlitewne-mieszkancow-parafii-przy-ikonie-matki-bozej-jasnogorskiej\/#primaryimage\"},\"datePublished\":\"2022-06-01T17:45:35+00:00\",\"dateModified\":\"2022-06-01T21:08:42+00:00\",\"author\":{\"@id\":\"https:\/\/pakosc-kalwaria.franciszkanie.net\/#\/schema\/person\/af10b943be0760709227d060eadcb2aa\"},\"breadcrumb\":{\"@id\":\"https:\/\/pakosc-kalwaria.franciszkanie.net\/index.php\/2022\/06\/01\/czuwania-modlitewne-mieszkancow-parafii-przy-ikonie-matki-bozej-jasnogorskiej\/#breadcrumb\"},\"inLanguage\":\"pl-PL\",\"potentialAction\":[{\"@type\":\"ReadAction\",\"target\":[\"https:\/\/pakosc-kalwaria.franciszkanie.net\/index.php\/2022\/06\/01\/czuwania-modlitewne-mieszkancow-parafii-przy-ikonie-matki-bozej-jasnogorskiej\/\"]}]},{\"@type\":\"BreadcrumbList\",\"@id\":\"https:\/\/pakosc-kalwaria.franciszkanie.net\/index.php\/2022\/06\/01\/czuwania-modlitewne-mieszkancow-parafii-przy-ikonie-matki-bozej-jasnogorskiej\/#breadcrumb\",\"itemListElement\":[{\"@type\":\"ListItem\",\"position\":1,\"name\":\"Strona g\u0142\u00f3wna\",\"item\":\"https:\/\/pakosc-kalwaria.franciszkanie.net\/\"},{\"@type\":\"ListItem\",\"position\":2,\"name\":\"Czuwania modlitewne mieszka\u0144c\u00f3w Parafii przy Ikonie Matki Bo\u017cej Jasnog\u00f3rskiej\"}]},{\"@type\":\"Person\",\"@id\":\"https:\/\/pakosc-kalwaria.franciszkanie.net\/#\/schema\/person\/af10b943be0760709227d060eadcb2aa\",\"name\":\"pakosc-kalwaria\",\"image\":{\"@type\":\"ImageObject\",\"@id\":\"https:\/\/pakosc-kalwaria.franciszkanie.net\/#personlogo\",\"inLanguage\":\"pl-PL\",\"url\":\"https:\/\/secure.gravatar.com\/avatar\/e7049d338b55eac6a0027ff3218b8d02?s=96&d=mm&r=g\",\"contentUrl\":\"https:\/\/secure.gravatar.com\/avatar\/e7049d338b55eac6a0027ff3218b8d02?s=96&d=mm&r=g\",\"caption\":\"pakosc-kalwaria\"},\"sameAs\":[\"https:\/\/www.facebook.com\/KalwariaPakosc\/\"],\"url\":\"https:\/\/pakosc-kalwaria.franciszkanie.net\/index.php\/author\/pakosc-kalwaria\/\"}]}<\/script>\n<!-- \/ Yoast SEO plugin. -->","yoast_head_json":{"title":"Czuwania modlitewne mieszka\u0144c\u00f3w Parafii przy Ikonie Matki Bo\u017cej Jasnog\u00f3rskiej - Pako\u015b\u0107 \u2013 Kalwaria","robots":{"index":"index","follow":"follow","max-snippet":"max-snippet:-1","max-image-preview":"max-image-preview:large","max-video-preview":"max-video-preview:-1"},"canonical":"https:\/\/pakosc-kalwaria.franciszkanie.net\/index.php\/2022\/06\/01\/czuwania-modlitewne-mieszkancow-parafii-przy-ikonie-matki-bozej-jasnogorskiej\/","og_locale":"pl_PL","og_type":"article","og_title":"Czuwania modlitewne mieszka\u0144c\u00f3w Parafii przy Ikonie Matki Bo\u017cej Jasnog\u00f3rskiej - Pako\u015b\u0107 \u2013 Kalwaria","og_description":"Czuwania modlitewne mieszka\u0144c\u00f3w kalwaryjskiej Parafii przy Ikonie Matki Bo\u017cej Jasnog\u00f3rskiej Pierwszy Czwartek Miesi\u0105ca &#8211; 2 czerwca 2022r. 19.00 \u2013 20.00 \u00a0Czuwanie\u00a0 &#8211; Ludkowo 14 &#8211; 23, Mielno, Zalesie Barci\u0144skie 20.00 \u2013 21.00 \u00a0Czuwanie\u00a0 &#8211; ul. Cmentarna 22.00 \u2013 23.00\u00a0 Czuwanie &#8211; prowadzi m\u0142odzie\u017c 23.00 \u2013 24.00\u00a0 Czuwanie &#8211; prowadz\u0105 Siostry zakonne Pierwszy Pi\u0105tek Miesi\u0105ca \u2013 &hellip;","og_url":"https:\/\/pakosc-kalwaria.franciszkanie.net\/index.php\/2022\/06\/01\/czuwania-modlitewne-mieszkancow-parafii-przy-ikonie-matki-bozej-jasnogorskiej\/","og_site_name":"Pako\u015b\u0107 \u2013 Kalwaria","article_author":"https:\/\/www.facebook.com\/KalwariaPakosc\/","article_published_time":"2022-06-01T17:45:35+00:00","article_modified_time":"2022-06-01T21:08:42+00:00","og_image":[{"width":250,"height":349,"url":"https:\/\/pakosc-kalwaria.franciszkanie.net\/wp-content\/uploads\/2022\/05\/mb-czestochowska.jpg","type":"image\/jpeg"}],"twitter_card":"summary","twitter_misc":{"Napisane przez":"pakosc-kalwaria","Szacowany czas czytania":"1 minuta"},"schema":{"@context":"https:\/\/schema.org","@graph":[{"@type":"WebSite","@id":"https:\/\/pakosc-kalwaria.franciszkanie.net\/#website","url":"https:\/\/pakosc-kalwaria.franciszkanie.net\/","name":"Pako\u015b\u0107 \u2013 Kalwaria","description":"Parafia Rzymsko \u2013 Katolicka p.w. Pana Jezusa Ukrzy\u017cowanego i  Matki Bo\u017cej Bolesnej ul. Barci\u0144ska 60, 88\u2013170 Pako\u015b\u0107 \u2013 Kalwaria","potentialAction":[{"@type":"SearchAction","target":{"@type":"EntryPoint","urlTemplate":"https:\/\/pakosc-kalwaria.franciszkanie.net\/?s={search_term_string}"},"query-input":"required name=search_term_string"}],"inLanguage":"pl-PL"},{"@type":"ImageObject","@id":"https:\/\/pakosc-kalwaria.franciszkanie.net\/index.php\/2022\/06\/01\/czuwania-modlitewne-mieszkancow-parafii-przy-ikonie-matki-bozej-jasnogorskiej\/#primaryimage","inLanguage":"pl-PL","url":"https:\/\/pakosc-kalwaria.franciszkanie.net\/wp-content\/uploads\/2022\/05\/mb-czestochowska.jpg","contentUrl":"https:\/\/pakosc-kalwaria.franciszkanie.net\/wp-content\/uploads\/2022\/05\/mb-czestochowska.jpg","width":250,"height":349},{"@type":"WebPage","@id":"https:\/\/pakosc-kalwaria.franciszkanie.net\/index.php\/2022\/06\/01\/czuwania-modlitewne-mieszkancow-parafii-przy-ikonie-matki-bozej-jasnogorskiej\/#webpage","url":"https:\/\/pakosc-kalwaria.franciszkanie.net\/index.php\/2022\/06\/01\/czuwania-modlitewne-mieszkancow-parafii-przy-ikonie-matki-bozej-jasnogorskiej\/","name":"Czuwania modlitewne mieszka\u0144c\u00f3w Parafii przy Ikonie Matki Bo\u017cej Jasnog\u00f3rskiej - Pako\u015b\u0107 \u2013 Kalwaria","isPartOf":{"@id":"https:\/\/pakosc-kalwaria.franciszkanie.net\/#website"},"primaryImageOfPage":{"@id":"https:\/\/pakosc-kalwaria.franciszkanie.net\/index.php\/2022\/06\/01\/czuwania-modlitewne-mieszkancow-parafii-przy-ikonie-matki-bozej-jasnogorskiej\/#primaryimage"},"datePublished":"2022-06-01T17:45:35+00:00","dateModified":"2022-06-01T21:08:42+00:00","author":{"@id":"https:\/\/pakosc-kalwaria.franciszkanie.net\/#\/schema\/person\/af10b943be0760709227d060eadcb2aa"},"breadcrumb":{"@id":"https:\/\/pakosc-kalwaria.franciszkanie.net\/index.php\/2022\/06\/01\/czuwania-modlitewne-mieszkancow-parafii-przy-ikonie-matki-bozej-jasnogorskiej\/#breadcrumb"},"inLanguage":"pl-PL","potentialAction":[{"@type":"ReadAction","target":["https:\/\/pakosc-kalwaria.franciszkanie.net\/index.php\/2022\/06\/01\/czuwania-modlitewne-mieszkancow-parafii-przy-ikonie-matki-bozej-jasnogorskiej\/"]}]},{"@type":"BreadcrumbList","@id":"https:\/\/pakosc-kalwaria.franciszkanie.net\/index.php\/2022\/06\/01\/czuwania-modlitewne-mieszkancow-parafii-przy-ikonie-matki-bozej-jasnogorskiej\/#breadcrumb","itemListElement":[{"@type":"ListItem","position":1,"name":"Strona g\u0142\u00f3wna","item":"https:\/\/pakosc-kalwaria.franciszkanie.net\/"},{"@type":"ListItem","position":2,"name":"Czuwania modlitewne mieszka\u0144c\u00f3w Parafii przy Ikonie Matki Bo\u017cej Jasnog\u00f3rskiej"}]},{"@type":"Person","@id":"https:\/\/pakosc-kalwaria.franciszkanie.net\/#\/schema\/person\/af10b943be0760709227d060eadcb2aa","name":"pakosc-kalwaria","image":{"@type":"ImageObject","@id":"https:\/\/pakosc-kalwaria.franciszkanie.net\/#personlogo","inLanguage":"pl-PL","url":"https:\/\/secure.gravatar.com\/avatar\/e7049d338b55eac6a0027ff3218b8d02?s=96&d=mm&r=g","contentUrl":"https:\/\/secure.gravatar.com\/avatar\/e7049d338b55eac6a0027ff3218b8d02?s=96&d=mm&r=g","caption":"pakosc-kalwaria"},"sameAs":["https:\/\/www.facebook.com\/KalwariaPakosc\/"],"url":"https:\/\/pakosc-kalwaria.franciszkanie.net\/index.php\/author\/pakosc-kalwaria\/"}]}},"_links":{"self":[{"href":"https:\/\/pakosc-kalwaria.franciszkanie.net\/index.php\/wp-json\/wp\/v2\/posts\/22998"}],"collection":[{"href":"https:\/\/pakosc-kalwaria.franciszkanie.net\/index.php\/wp-json\/wp\/v2\/posts"}],"about":[{"href":"https:\/\/pakosc-kalwaria.franciszkanie.net\/index.php\/wp-json\/wp\/v2\/types\/post"}],"author":[{"embeddable":true,"href":"https:\/\/pakosc-kalwaria.franciszkanie.net\/index.php\/wp-json\/wp\/v2\/users\/2"}],"replies":[{"embeddable":true,"href":"https:\/\/pakosc-kalwaria.franciszkanie.net\/index.php\/wp-json\/wp\/v2\/comments?post=22998"}],"version-history":[{"count":2,"href":"https:\/\/pakosc-kalwaria.franciszkanie.net\/index.php\/wp-json\/wp\/v2\/posts\/22998\/revisions"}],"predecessor-version":[{"id":23002,"href":"https:\/\/pakosc-kalwaria.franciszkanie.net\/index.php\/wp-json\/wp\/v2\/posts\/22998\/revisions\/23002"}],"wp:featuredmedia":[{"embeddable":true,"href":"https:\/\/pakosc-kalwaria.franciszkanie.net\/index.php\/wp-json\/wp\/v2\/media\/23000"}],"wp:attachment":[{"href":"https:\/\/pakosc-kalwaria.franciszkanie.net\/index.php\/wp-json\/wp\/v2\/media?parent=22998"}],"wp:term":[{"taxonomy":"category","embeddable":true,"href":"https:\/\/pakosc-kalwaria.franciszkanie.net\/index.php\/wp-json\/wp\/v2\/categories?post=22998"},{"taxonomy":"post_tag","embeddable":true,"href":"https:\/\/pakosc-kalwaria.franciszkanie.net\/index.php\/wp-json\/wp\/v2\/tags?post=22998"}],"curies":[{"name":"wp","href":"https:\/\/api.w.org\/{rel}","templated":true}]}}