{"id":23019,"date":"2022-06-02T16:00:30","date_gmt":"2022-06-02T14:00:30","guid":{"rendered":"http:\/\/pakosc-kalwaria.franciszkanie.net\/?p=23019"},"modified":"2022-06-09T16:36:21","modified_gmt":"2022-06-09T14:36:21","slug":"papieska-intencja-apostolstwa-modlitwy-czerwiec-2022","status":"publish","type":"post","link":"https:\/\/pakosc-kalwaria.franciszkanie.net\/index.php\/2022\/06\/02\/papieska-intencja-apostolstwa-modlitwy-czerwiec-2022\/","title":{"rendered":"Papieska Intencja Apostolstwa Modlitwy &#8211; Czerwiec 2022"},"content":{"rendered":"<p><span style=\"color: #ff0000;\"><strong>Intencja:<\/strong> \u00a0<\/span><strong><span style=\"color: #ff0000;\">Za rodziny\u00a0<\/span><br \/>\n<\/strong><strong>M\u00f3dlmy si\u0119 w intencji rodzin chrze\u015bcija\u0144skich na ca\u0142ym \u015bwiecie, aby dzi\u0119ki konkretnym gestom prze\u017cywa\u0142y bezinteresowno\u015b\u0107 mi\u0142o\u015bci oraz \u015bwi\u0119to\u015b\u0107 w codziennym \u017cyciu.<\/strong><\/p>\n<p><strong>\u017bywy R\u00f3\u017caniec w naszej Parafii modli si\u0119 <span style=\"color: #ff0000;\">w czerwcu wed\u0142ug \u201ezestawu nr 7\u201d.<\/span><br \/>\nZach\u0119camy do w\u0142\u0105czenia si\u0119 w \u017bywy R\u00f3\u017caniec w naszej kalwaryjskiej Parafii. Obecnie mamy 5 R\u00f3\u017c R\u00f3\u017ca\u0144cowych.<\/strong><\/p>\n<p>Niech moc mi\u0142o\u015bci uczyni was zdolnymi do patrzenia bardziej na drugiego cz\u0142owieka \u2013 na wsp\u00f3\u0142ma\u0142\u017conka, na dzieci \u2013 ni\u017c na w\u0142asne zm\u0119czenie<strong>. <\/strong>Ta papieska zach\u0119ta do bezinteresownej mi\u0142o\u015bci rodzinnej, kt\u00f3ra potrafi wzi\u0105\u0107 g\u00f3r\u0119 nad zm\u0119czeniem, znalaz\u0142a si\u0119 w Li\u015bcie do Ma\u0142\u017conk\u00f3w. Franciszek napisa\u0142 go z okazji Roku \u201eRodzina Amoris Laetitia\u201d (rado\u015b\u0107 mi\u0142o\u015bci). Obchody rozpocz\u0119\u0142y si\u0119 19 marca 2021 roku, w 5. rocznic\u0119 og\u0142oszenia adhortacji o pi\u0119knie mi\u0142o\u015bci rodzinnej. Zako\u0144czy\u0107 si\u0119 maj\u0105 ju\u017c nied\u0142ugo, 26 czerwca, w czasie \u015awiatowego Spotkania Rodzin z papie\u017cem w Rzymie. W\u0142a\u015bnie w tym miesi\u0105cu Franciszek prosi Ko\u015bci\u00f3\u0142 o modlitw\u0119 w intencji rodzin na \u015bwiecie, by dzi\u0119ki konkretnym gestom prze\u017cywa\u0142y bezinteresowno\u015b\u0107 mi\u0142o\u015bci oraz \u015bwi\u0119to\u015b\u0107 w \u017cyciu codziennym. Papieski List og\u0142oszony zosta\u0142 w Niedziel\u0119 \u015awi\u0119tej Rodziny, 26 grudnia ubieg\u0142ego roku. Przywo\u0142uj\u0119 go, gdy\u017c Franciszek przypomina w nim swe proste i konkretne wskazania. W ka\u017cdej rodzinie lepiej si\u0119 dzieje, gdy cz\u0119\u015bciej padaj\u0105 s\u0142owa: prosz\u0119, dzi\u0119kuj\u0119 i przepraszam. \u0141atwiej jest ma\u0142\u017conkom, kt\u00f3rzy po k\u0142\u00f3tni nie ko\u0144cz\u0105 dnia bez pogodzenia si\u0119. Wi\u0119cej si\u0142 maj\u0105 ci, kt\u00f3rzy cho\u0107by przez kilka chwil adoruj\u0105 Jezusa w Eucharystii, by rodzinnie da\u0107 si\u0119 ogarn\u0105\u0107 Jego czu\u0142o\u015bci i dobroci. Franciszek podpowiada zwyczajne gesty: we\u017a drug\u0105 osob\u0119 za r\u0119k\u0119, gdy troch\u0119 jest rozgniewana, i spraw, by odwzajemni\u0142a u\u015bmiech; cho\u0107by kr\u00f3tko, ale jednak pom\u00f3dlcie si\u0119 razem wieczorem. To wszystko w kontek\u015bcie do\u015bwiadcze\u0144 czasu pandemii, kt\u00f3ry przysporzy\u0142 niema\u0142o k\u0142opot\u00f3w, pog\u0142\u0119bi\u0142 problemy, przyczyni\u0142 si\u0119 te\u017c do rozpadu niejednego zwi\u0105zku w kryzysie. Franciszek zach\u0119ca, by ma\u0142\u017conkowie nie przestawali szuka\u0107 pomocy, \u017ceby konflikty mog\u0142y by\u0107 przezwyci\u0119\u017cone i nie powodowa\u0142y jeszcze wi\u0119kszego cierpienia. Nie zapominajcie \u2013 podpowiada &#8211; \u017ce przebaczenie leczy ka\u017cd\u0105 ran\u0119. Czerwiec, ostatni miesi\u0105c roku \u201eRodzina Amoris letitia\u201d. Zach\u0119ceni przez papie\u017ca m\u00f3dlmy si\u0119 za rodziny na \u015bwiecie, by konkretnymi gestami wyra\u017ca\u0142y bezinteresown\u0105 mi\u0142o\u015b\u0107, kt\u00f3ra na co dzie\u0144 prowadzi do \u015bwi\u0119to\u015bci.<\/p>\n","protected":false},"excerpt":{"rendered":"<p>Intencja: \u00a0Za rodziny\u00a0 M\u00f3dlmy si\u0119 w intencji rodzin chrze\u015bcija\u0144skich na ca\u0142ym \u015bwiecie, aby dzi\u0119ki konkretnym gestom prze\u017cywa\u0142y bezinteresowno\u015b\u0107 mi\u0142o\u015bci oraz \u015bwi\u0119to\u015b\u0107 w codziennym \u017cyciu. \u017bywy R\u00f3\u017caniec w naszej Parafii modli si\u0119 w czerwcu wed\u0142ug \u201ezestawu nr 7\u201d. Zach\u0119camy do w\u0142\u0105czenia si\u0119 w \u017bywy R\u00f3\u017caniec w naszej kalwaryjskiej Parafii. Obecnie mamy 5 R\u00f3\u017c R\u00f3\u017ca\u0144cowych. Niech moc &hellip;<\/p>\n","protected":false},"author":2,"featured_media":23020,"comment_status":"closed","ping_status":"closed","sticky":false,"template":"","format":"standard","meta":{"_mi_skip_tracking":false,"_exactmetrics_sitenote_active":false,"_exactmetrics_sitenote_note":"","_exactmetrics_sitenote_category":0},"categories":[14],"tags":[],"yoast_head":"<!-- This site is optimized with the Yoast SEO plugin v18.1 - https:\/\/yoast.com\/wordpress\/plugins\/seo\/ -->\n<title>Papieska Intencja Apostolstwa Modlitwy - Czerwiec 2022 - Pako\u015b\u0107 \u2013 Kalwaria<\/title>\n<meta name=\"robots\" content=\"index, follow, max-snippet:-1, max-image-preview:large, max-video-preview:-1\" \/>\n<link rel=\"canonical\" href=\"https:\/\/pakosc-kalwaria.franciszkanie.net\/index.php\/2022\/06\/02\/papieska-intencja-apostolstwa-modlitwy-czerwiec-2022\/\" \/>\n<meta property=\"og:locale\" content=\"pl_PL\" \/>\n<meta property=\"og:type\" content=\"article\" \/>\n<meta property=\"og:title\" content=\"Papieska Intencja Apostolstwa Modlitwy - Czerwiec 2022 - Pako\u015b\u0107 \u2013 Kalwaria\" \/>\n<meta property=\"og:description\" content=\"Intencja: \u00a0Za rodziny\u00a0 M\u00f3dlmy si\u0119 w intencji rodzin chrze\u015bcija\u0144skich na ca\u0142ym \u015bwiecie, aby dzi\u0119ki konkretnym gestom prze\u017cywa\u0142y bezinteresowno\u015b\u0107 mi\u0142o\u015bci oraz \u015bwi\u0119to\u015b\u0107 w codziennym \u017cyciu. \u017bywy R\u00f3\u017caniec w naszej Parafii modli si\u0119 w czerwcu wed\u0142ug \u201ezestawu nr 7\u201d. Zach\u0119camy do w\u0142\u0105czenia si\u0119 w \u017bywy R\u00f3\u017caniec w naszej kalwaryjskiej Parafii. Obecnie mamy 5 R\u00f3\u017c R\u00f3\u017ca\u0144cowych. Niech moc &hellip;\" \/>\n<meta property=\"og:url\" content=\"https:\/\/pakosc-kalwaria.franciszkanie.net\/index.php\/2022\/06\/02\/papieska-intencja-apostolstwa-modlitwy-czerwiec-2022\/\" \/>\n<meta property=\"og:site_name\" content=\"Pako\u015b\u0107 \u2013 Kalwaria\" \/>\n<meta property=\"article:author\" content=\"https:\/\/www.facebook.com\/KalwariaPakosc\/\" \/>\n<meta property=\"article:published_time\" content=\"2022-06-02T14:00:30+00:00\" \/>\n<meta property=\"article:modified_time\" content=\"2022-06-09T14:36:21+00:00\" \/>\n<meta property=\"og:image\" content=\"https:\/\/pakosc-kalwaria.franciszkanie.net\/wp-content\/uploads\/2022\/05\/papa-francesco.jpg\" \/>\n\t<meta property=\"og:image:width\" content=\"300\" \/>\n\t<meta property=\"og:image:height\" content=\"200\" \/>\n\t<meta property=\"og:image:type\" content=\"image\/jpeg\" \/>\n<meta name=\"twitter:card\" content=\"summary\" \/>\n<meta name=\"twitter:label1\" content=\"Napisane przez\" \/>\n\t<meta name=\"twitter:data1\" content=\"pakosc-kalwaria\" \/>\n\t<meta name=\"twitter:label2\" content=\"Szacowany czas czytania\" \/>\n\t<meta name=\"twitter:data2\" content=\"3 minuty\" \/>\n<script type=\"application\/ld+json\" class=\"yoast-schema-graph\">{\"@context\":\"https:\/\/schema.org\",\"@graph\":[{\"@type\":\"WebSite\",\"@id\":\"https:\/\/pakosc-kalwaria.franciszkanie.net\/#website\",\"url\":\"https:\/\/pakosc-kalwaria.franciszkanie.net\/\",\"name\":\"Pako\u015b\u0107 \u2013 Kalwaria\",\"description\":\"Parafia Rzymsko \u2013 Katolicka p.w. Pana Jezusa Ukrzy\u017cowanego i  Matki Bo\u017cej Bolesnej ul. Barci\u0144ska 60, 88\u2013170 Pako\u015b\u0107 \u2013 Kalwaria\",\"potentialAction\":[{\"@type\":\"SearchAction\",\"target\":{\"@type\":\"EntryPoint\",\"urlTemplate\":\"https:\/\/pakosc-kalwaria.franciszkanie.net\/?s={search_term_string}\"},\"query-input\":\"required name=search_term_string\"}],\"inLanguage\":\"pl-PL\"},{\"@type\":\"ImageObject\",\"@id\":\"https:\/\/pakosc-kalwaria.franciszkanie.net\/index.php\/2022\/06\/02\/papieska-intencja-apostolstwa-modlitwy-czerwiec-2022\/#primaryimage\",\"inLanguage\":\"pl-PL\",\"url\":\"https:\/\/pakosc-kalwaria.franciszkanie.net\/wp-content\/uploads\/2022\/05\/papa-francesco.jpg\",\"contentUrl\":\"https:\/\/pakosc-kalwaria.franciszkanie.net\/wp-content\/uploads\/2022\/05\/papa-francesco.jpg\",\"width\":300,\"height\":200},{\"@type\":\"WebPage\",\"@id\":\"https:\/\/pakosc-kalwaria.franciszkanie.net\/index.php\/2022\/06\/02\/papieska-intencja-apostolstwa-modlitwy-czerwiec-2022\/#webpage\",\"url\":\"https:\/\/pakosc-kalwaria.franciszkanie.net\/index.php\/2022\/06\/02\/papieska-intencja-apostolstwa-modlitwy-czerwiec-2022\/\",\"name\":\"Papieska Intencja Apostolstwa Modlitwy - Czerwiec 2022 - Pako\u015b\u0107 \u2013 Kalwaria\",\"isPartOf\":{\"@id\":\"https:\/\/pakosc-kalwaria.franciszkanie.net\/#website\"},\"primaryImageOfPage\":{\"@id\":\"https:\/\/pakosc-kalwaria.franciszkanie.net\/index.php\/2022\/06\/02\/papieska-intencja-apostolstwa-modlitwy-czerwiec-2022\/#primaryimage\"},\"datePublished\":\"2022-06-02T14:00:30+00:00\",\"dateModified\":\"2022-06-09T14:36:21+00:00\",\"author\":{\"@id\":\"https:\/\/pakosc-kalwaria.franciszkanie.net\/#\/schema\/person\/af10b943be0760709227d060eadcb2aa\"},\"breadcrumb\":{\"@id\":\"https:\/\/pakosc-kalwaria.franciszkanie.net\/index.php\/2022\/06\/02\/papieska-intencja-apostolstwa-modlitwy-czerwiec-2022\/#breadcrumb\"},\"inLanguage\":\"pl-PL\",\"potentialAction\":[{\"@type\":\"ReadAction\",\"target\":[\"https:\/\/pakosc-kalwaria.franciszkanie.net\/index.php\/2022\/06\/02\/papieska-intencja-apostolstwa-modlitwy-czerwiec-2022\/\"]}]},{\"@type\":\"BreadcrumbList\",\"@id\":\"https:\/\/pakosc-kalwaria.franciszkanie.net\/index.php\/2022\/06\/02\/papieska-intencja-apostolstwa-modlitwy-czerwiec-2022\/#breadcrumb\",\"itemListElement\":[{\"@type\":\"ListItem\",\"position\":1,\"name\":\"Strona g\u0142\u00f3wna\",\"item\":\"https:\/\/pakosc-kalwaria.franciszkanie.net\/\"},{\"@type\":\"ListItem\",\"position\":2,\"name\":\"Papieska Intencja Apostolstwa Modlitwy &#8211; Czerwiec 2022\"}]},{\"@type\":\"Person\",\"@id\":\"https:\/\/pakosc-kalwaria.franciszkanie.net\/#\/schema\/person\/af10b943be0760709227d060eadcb2aa\",\"name\":\"pakosc-kalwaria\",\"image\":{\"@type\":\"ImageObject\",\"@id\":\"https:\/\/pakosc-kalwaria.franciszkanie.net\/#personlogo\",\"inLanguage\":\"pl-PL\",\"url\":\"https:\/\/secure.gravatar.com\/avatar\/e7049d338b55eac6a0027ff3218b8d02?s=96&d=mm&r=g\",\"contentUrl\":\"https:\/\/secure.gravatar.com\/avatar\/e7049d338b55eac6a0027ff3218b8d02?s=96&d=mm&r=g\",\"caption\":\"pakosc-kalwaria\"},\"sameAs\":[\"https:\/\/www.facebook.com\/KalwariaPakosc\/\"],\"url\":\"https:\/\/pakosc-kalwaria.franciszkanie.net\/index.php\/author\/pakosc-kalwaria\/\"}]}<\/script>\n<!-- \/ Yoast SEO plugin. -->","yoast_head_json":{"title":"Papieska Intencja Apostolstwa Modlitwy - Czerwiec 2022 - Pako\u015b\u0107 \u2013 Kalwaria","robots":{"index":"index","follow":"follow","max-snippet":"max-snippet:-1","max-image-preview":"max-image-preview:large","max-video-preview":"max-video-preview:-1"},"canonical":"https:\/\/pakosc-kalwaria.franciszkanie.net\/index.php\/2022\/06\/02\/papieska-intencja-apostolstwa-modlitwy-czerwiec-2022\/","og_locale":"pl_PL","og_type":"article","og_title":"Papieska Intencja Apostolstwa Modlitwy - Czerwiec 2022 - Pako\u015b\u0107 \u2013 Kalwaria","og_description":"Intencja: \u00a0Za rodziny\u00a0 M\u00f3dlmy si\u0119 w intencji rodzin chrze\u015bcija\u0144skich na ca\u0142ym \u015bwiecie, aby dzi\u0119ki konkretnym gestom prze\u017cywa\u0142y bezinteresowno\u015b\u0107 mi\u0142o\u015bci oraz \u015bwi\u0119to\u015b\u0107 w codziennym \u017cyciu. \u017bywy R\u00f3\u017caniec w naszej Parafii modli si\u0119 w czerwcu wed\u0142ug \u201ezestawu nr 7\u201d. Zach\u0119camy do w\u0142\u0105czenia si\u0119 w \u017bywy R\u00f3\u017caniec w naszej kalwaryjskiej Parafii. Obecnie mamy 5 R\u00f3\u017c R\u00f3\u017ca\u0144cowych. Niech moc &hellip;","og_url":"https:\/\/pakosc-kalwaria.franciszkanie.net\/index.php\/2022\/06\/02\/papieska-intencja-apostolstwa-modlitwy-czerwiec-2022\/","og_site_name":"Pako\u015b\u0107 \u2013 Kalwaria","article_author":"https:\/\/www.facebook.com\/KalwariaPakosc\/","article_published_time":"2022-06-02T14:00:30+00:00","article_modified_time":"2022-06-09T14:36:21+00:00","og_image":[{"width":300,"height":200,"url":"https:\/\/pakosc-kalwaria.franciszkanie.net\/wp-content\/uploads\/2022\/05\/papa-francesco.jpg","type":"image\/jpeg"}],"twitter_card":"summary","twitter_misc":{"Napisane przez":"pakosc-kalwaria","Szacowany czas czytania":"3 minuty"},"schema":{"@context":"https:\/\/schema.org","@graph":[{"@type":"WebSite","@id":"https:\/\/pakosc-kalwaria.franciszkanie.net\/#website","url":"https:\/\/pakosc-kalwaria.franciszkanie.net\/","name":"Pako\u015b\u0107 \u2013 Kalwaria","description":"Parafia Rzymsko \u2013 Katolicka p.w. Pana Jezusa Ukrzy\u017cowanego i  Matki Bo\u017cej Bolesnej ul. Barci\u0144ska 60, 88\u2013170 Pako\u015b\u0107 \u2013 Kalwaria","potentialAction":[{"@type":"SearchAction","target":{"@type":"EntryPoint","urlTemplate":"https:\/\/pakosc-kalwaria.franciszkanie.net\/?s={search_term_string}"},"query-input":"required name=search_term_string"}],"inLanguage":"pl-PL"},{"@type":"ImageObject","@id":"https:\/\/pakosc-kalwaria.franciszkanie.net\/index.php\/2022\/06\/02\/papieska-intencja-apostolstwa-modlitwy-czerwiec-2022\/#primaryimage","inLanguage":"pl-PL","url":"https:\/\/pakosc-kalwaria.franciszkanie.net\/wp-content\/uploads\/2022\/05\/papa-francesco.jpg","contentUrl":"https:\/\/pakosc-kalwaria.franciszkanie.net\/wp-content\/uploads\/2022\/05\/papa-francesco.jpg","width":300,"height":200},{"@type":"WebPage","@id":"https:\/\/pakosc-kalwaria.franciszkanie.net\/index.php\/2022\/06\/02\/papieska-intencja-apostolstwa-modlitwy-czerwiec-2022\/#webpage","url":"https:\/\/pakosc-kalwaria.franciszkanie.net\/index.php\/2022\/06\/02\/papieska-intencja-apostolstwa-modlitwy-czerwiec-2022\/","name":"Papieska Intencja Apostolstwa Modlitwy - Czerwiec 2022 - Pako\u015b\u0107 \u2013 Kalwaria","isPartOf":{"@id":"https:\/\/pakosc-kalwaria.franciszkanie.net\/#website"},"primaryImageOfPage":{"@id":"https:\/\/pakosc-kalwaria.franciszkanie.net\/index.php\/2022\/06\/02\/papieska-intencja-apostolstwa-modlitwy-czerwiec-2022\/#primaryimage"},"datePublished":"2022-06-02T14:00:30+00:00","dateModified":"2022-06-09T14:36:21+00:00","author":{"@id":"https:\/\/pakosc-kalwaria.franciszkanie.net\/#\/schema\/person\/af10b943be0760709227d060eadcb2aa"},"breadcrumb":{"@id":"https:\/\/pakosc-kalwaria.franciszkanie.net\/index.php\/2022\/06\/02\/papieska-intencja-apostolstwa-modlitwy-czerwiec-2022\/#breadcrumb"},"inLanguage":"pl-PL","potentialAction":[{"@type":"ReadAction","target":["https:\/\/pakosc-kalwaria.franciszkanie.net\/index.php\/2022\/06\/02\/papieska-intencja-apostolstwa-modlitwy-czerwiec-2022\/"]}]},{"@type":"BreadcrumbList","@id":"https:\/\/pakosc-kalwaria.franciszkanie.net\/index.php\/2022\/06\/02\/papieska-intencja-apostolstwa-modlitwy-czerwiec-2022\/#breadcrumb","itemListElement":[{"@type":"ListItem","position":1,"name":"Strona g\u0142\u00f3wna","item":"https:\/\/pakosc-kalwaria.franciszkanie.net\/"},{"@type":"ListItem","position":2,"name":"Papieska Intencja Apostolstwa Modlitwy &#8211; Czerwiec 2022"}]},{"@type":"Person","@id":"https:\/\/pakosc-kalwaria.franciszkanie.net\/#\/schema\/person\/af10b943be0760709227d060eadcb2aa","name":"pakosc-kalwaria","image":{"@type":"ImageObject","@id":"https:\/\/pakosc-kalwaria.franciszkanie.net\/#personlogo","inLanguage":"pl-PL","url":"https:\/\/secure.gravatar.com\/avatar\/e7049d338b55eac6a0027ff3218b8d02?s=96&d=mm&r=g","contentUrl":"https:\/\/secure.gravatar.com\/avatar\/e7049d338b55eac6a0027ff3218b8d02?s=96&d=mm&r=g","caption":"pakosc-kalwaria"},"sameAs":["https:\/\/www.facebook.com\/KalwariaPakosc\/"],"url":"https:\/\/pakosc-kalwaria.franciszkanie.net\/index.php\/author\/pakosc-kalwaria\/"}]}},"_links":{"self":[{"href":"https:\/\/pakosc-kalwaria.franciszkanie.net\/index.php\/wp-json\/wp\/v2\/posts\/23019"}],"collection":[{"href":"https:\/\/pakosc-kalwaria.franciszkanie.net\/index.php\/wp-json\/wp\/v2\/posts"}],"about":[{"href":"https:\/\/pakosc-kalwaria.franciszkanie.net\/index.php\/wp-json\/wp\/v2\/types\/post"}],"author":[{"embeddable":true,"href":"https:\/\/pakosc-kalwaria.franciszkanie.net\/index.php\/wp-json\/wp\/v2\/users\/2"}],"replies":[{"embeddable":true,"href":"https:\/\/pakosc-kalwaria.franciszkanie.net\/index.php\/wp-json\/wp\/v2\/comments?post=23019"}],"version-history":[{"count":5,"href":"https:\/\/pakosc-kalwaria.franciszkanie.net\/index.php\/wp-json\/wp\/v2\/posts\/23019\/revisions"}],"predecessor-version":[{"id":23600,"href":"https:\/\/pakosc-kalwaria.franciszkanie.net\/index.php\/wp-json\/wp\/v2\/posts\/23019\/revisions\/23600"}],"wp:featuredmedia":[{"embeddable":true,"href":"https:\/\/pakosc-kalwaria.franciszkanie.net\/index.php\/wp-json\/wp\/v2\/media\/23020"}],"wp:attachment":[{"href":"https:\/\/pakosc-kalwaria.franciszkanie.net\/index.php\/wp-json\/wp\/v2\/media?parent=23019"}],"wp:term":[{"taxonomy":"category","embeddable":true,"href":"https:\/\/pakosc-kalwaria.franciszkanie.net\/index.php\/wp-json\/wp\/v2\/categories?post=23019"},{"taxonomy":"post_tag","embeddable":true,"href":"https:\/\/pakosc-kalwaria.franciszkanie.net\/index.php\/wp-json\/wp\/v2\/tags?post=23019"}],"curies":[{"name":"wp","href":"https:\/\/api.w.org\/{rel}","templated":true}]}}