{"id":23558,"date":"2022-06-23T12:02:55","date_gmt":"2022-06-23T10:02:55","guid":{"rendered":"http:\/\/pakosc-kalwaria.franciszkanie.net\/?p=23558"},"modified":"2022-06-23T22:49:28","modified_gmt":"2022-06-23T20:49:28","slug":"nabozenstwa-czerwcowe-ku-czci-najswietszego-serca-pana-jezusa-4","status":"publish","type":"post","link":"https:\/\/pakosc-kalwaria.franciszkanie.net\/index.php\/2022\/06\/23\/nabozenstwa-czerwcowe-ku-czci-najswietszego-serca-pana-jezusa-4\/","title":{"rendered":"Nabo\u017ce\u0144stwa czerwcowe ku czci Naj\u015bwi\u0119tszego Serca Pana Jezusa"},"content":{"rendered":"<div class=\"entry-content\">\n<div class=\"entry-content\">\n<p><strong>Zapraszamy na <span style=\"color: #ff0000;\">nabo\u017ce\u0144stwa ku czci Naj\u015bwi\u0119tszego Serca Pana Jezusa,<\/span> kt\u00f3re odprawiamy codziennie: <span style=\"color: #ff0000;\">w tygodniu po Mszy \u015bw. o 17.00, w niedziele po Mszy \u015bw. o 9.00.<\/span><br \/>\n<\/strong><\/p>\n<p><strong>Nabo\u017ce\u0144stwo czerwcowe \u2013 <\/strong><strong>to\u00a0 modlitwa po\u015bwi\u0119cona Naj\u015bwi\u0119tszemu Sercu Jezusowemu. Modlitwa odmawiana jest w czerwcu. Nabo\u017ce\u0144stwo czerwcowe sk\u0142ada si\u0119 z adoracji Naj\u015bwi\u0119tszego Sakramentu oraz Litanii do Naj\u015bwi\u0119tszego Serca Pana Jezusa.<\/strong><\/p>\n<p><strong><br \/>\n<span style=\"color: #ff0000;\">Pocz\u0105tek nabo\u017ce\u0144stw czerwcowych zrodzi\u0142 si\u0119 w po\u0142owie XIX w.<\/span> od Anieli de Sainte-Croix, francuskiej siostry zakonnej. B\u0119d\u0105c jeszcze w nowicjacie dosz\u0142a do wniosku, \u017ce skoro maj jest po\u015bwi\u0119cony Matce Bo\u017cej, to czerwiec nale\u017cy ofiarowa\u0107 Sercu Jezusowemu. Podzieli\u0142a si\u0119 tym spostrze\u017ceniem z opiekunami duchowymi. Przychylnie odnios\u0142a si\u0119 do niej prze\u0142o\u017cona klasztoru, a nast\u0119pnie biskup paryski.<br \/>\nWyb\u00f3r terminu mia\u0142 te\u017c zwi\u0105zek z faktem, \u017ce w\u0142a\u015bnie w czerwcu 1675 dosz\u0142o do najwa\u017cniejszego z wielkich objawie\u0144 dotycz\u0105cych nabo\u017ce\u0144stwa do Naj\u015bwi\u0119tszego Serca Pana Jezusa, u\u00a0 \u015bw. Ma\u0142gorzaty Marii Alacoque. W czerwcu przypada tak\u017ce uroczysto\u015b\u0107 Naj\u015bwi\u0119tszego Serca Pana Jezusa.<br \/>\n<\/strong><strong>W Polsce nabo\u017ce\u0144stwo czerwcowe zosta\u0142o odprawione, po raz pierwszy, \u00a01 czerwca 1857 w ko\u015bciele Si\u00f3str Wizytek w Lublinie. Papie\u017c Pius IX w 1859r. poleci\u0142 sprawowa\u0107 to nabo\u017ce\u0144stwo w ca\u0142ej \u00f3wczesnej Polsce (b\u0119d\u0105cej pod zaborami).<br \/>\nPapie\u017c Pius IX zatwierdzi\u0142 nabo\u017ce\u0144stwo czerwcowe jako oficjaln\u0105 modlitw\u0119 Ko\u015bcio\u0142a w roku 1873. Ukoronowaniem kultu Naj\u015bwi\u0119tszego Serca Pana Jezusa by\u0142o po\u015bwi\u0119cenie ca\u0142ego rodzaju ludzkiego Naj\u015bwi\u0119tszemu Sercu Jezusa przez papie\u017ca Leona XIII w 1899 roku.<br \/>\nAutork\u0105 Litanii by\u0142a siostra Joanna Magdalena Joly. Litania przez ni\u0105 napisana odmawiana by\u0142a powszechnie w czasie wielkiej zarazy, jaka panowa\u0142a w Marsylli w roku 1720. Nast\u0119pnie inna siostra \u2013 Anna Remusat wzbogaci\u0142a t\u0119 litani\u0119 o kilka nowych wezwa\u0144. W 1899 r. Kongregacja Obrz\u0119d\u00f3w zatwierdzi\u0142a litani\u0119 do publicznego odmawiania. Do istniej\u0105cych 27 wezwa\u0144 dodano 6 dalszych. W ten spos\u00f3b Litania licz\u0105ca 33 wezwania upami\u0119tnia ka\u017cdy rok \u017cycia Chrystusa na ziemi.<\/strong><\/p>\n<p><strong><span style=\"color: #ff0000;\">Dwana\u015bcie obietnic Boskiego Serca:<\/span><br \/>\n<\/strong><strong>Wszystkim czcicielom Naj\u015bwi\u0119tszego Serca Pana Jezusa, Boski Zbawiciel przyrzeka:<br \/>\n1. Dam im wszystkie \u0142aski potrzebne w ich stanie.<br \/>\n2. Zgoda i pok\u00f3j b\u0119d\u0105 panowa\u0142y w ich rodzinach.<br \/>\n3. B\u0119d\u0119 ich pociesza\u0142 we wszystkich utrapieniach.<br \/>\n4. B\u0119d\u0119 im bezpieczn\u0105 ucieczk\u0105 w \u017cyciu, a szczeg\u00f3lnie przy \u015bmierci.<br \/>\n5. Wylej\u0119 obfite b\u0142ogos\u0142awie\u0144stwa na wszystkie ich przedsi\u0119wzi\u0119cia.<br \/>\n6. Grzesznicy znajd\u0105 w mym Sercu \u017ar\u00f3d\u0142o niesko\u0144czonego mi\u0142osierdzia.<br \/>\n7. Dusze ozi\u0119b\u0142e stan\u0105 si\u0119 gorliwymi.<br \/>\n8. Dusze gorliwe dojd\u0105 szybko do doskona\u0142o\u015bci.<br \/>\n9. B\u0142ogos\u0142awi\u0107 b\u0119d\u0119 domy, w kt\u00f3rych wizerunek mego Serca b\u0119dzie czczony.<br \/>\n10. Kap\u0142anom dam dar kruszenia serc najbardziej zatwardzia\u0142ych.<br \/>\n11. Osoby, kt\u00f3re b\u0119d\u0105 to nabo\u017ce\u0144stwo rozszerza\u0142y, b\u0119d\u0105 mia\u0142y imi\u0119 swoje zapisane w mym Sercu i na zawsze w nim pozostan\u0105.<br \/>\n<\/strong><strong>12. Przyrzekam w nadmiarze mi\u0142osierdzia Serca Mojego, \u017ce wszechmocna mi\u0142o\u015b\u0107 Moja, udzieli tym wszystkim, kt\u00f3rzy przyjm\u0105 Komuni\u0119 \u015bw. w pierwsze pi\u0105tki przez dziewi\u0119\u0107 miesi\u0119cy z rz\u0119du, \u0142ask\u0119 pokuty, i\u017c nie umr\u0105 w nie\u0142asce Mojej ani bez sakrament\u00f3w \u015bwi\u0119tych, a Serce Moje b\u0119dzie im pewn\u0105 ucieczk\u0105 w ostatniej godzinie ich \u017cycia.<\/strong><\/p>\n<p><strong>Praktyczne wskaz\u00f3wki:<\/strong> <strong>W pierwszy pi\u0105tek miesi\u0105ca nale\u017cy przyj\u0105\u0107 Komuni\u0119 \u015bwi\u0119t\u0105 jako zado\u015b\u0107uczynienie za grzechy i zniewagi. Do spowiedzi mo\u017cna przyst\u0105pi\u0107 przed pierwszym pi\u0105tkiem. <\/strong><strong>Ka\u017cdy<\/strong><strong>, kto odprawia to albo jakiekolwiek inne nabo\u017ce\u0144stwo, musi si\u0119 stara\u0107 doskonali\u0107 swoje \u017cycie, a to oznacza, \u017ce b\u0119dzie si\u0119 wystrzega\u0142 tak\u017ce grzech\u00f3w powszednich. <\/strong><\/p>\n<\/div>\n<\/div>\n","protected":false},"excerpt":{"rendered":"<p>Zapraszamy na nabo\u017ce\u0144stwa ku czci Naj\u015bwi\u0119tszego Serca Pana Jezusa, kt\u00f3re odprawiamy codziennie: w tygodniu po Mszy \u015bw. o 17.00, w niedziele po Mszy \u015bw. o 9.00. Nabo\u017ce\u0144stwo czerwcowe \u2013 to\u00a0 modlitwa po\u015bwi\u0119cona Naj\u015bwi\u0119tszemu Sercu Jezusowemu. Modlitwa odmawiana jest w czerwcu. Nabo\u017ce\u0144stwo czerwcowe sk\u0142ada si\u0119 z adoracji Naj\u015bwi\u0119tszego Sakramentu oraz Litanii do Naj\u015bwi\u0119tszego Serca Pana Jezusa. &hellip;<\/p>\n","protected":false},"author":2,"featured_media":23559,"comment_status":"closed","ping_status":"closed","sticky":false,"template":"","format":"standard","meta":{"_mi_skip_tracking":false,"_exactmetrics_sitenote_active":false,"_exactmetrics_sitenote_note":"","_exactmetrics_sitenote_category":0},"categories":[14],"tags":[],"yoast_head":"<!-- This site is optimized with the Yoast SEO plugin v18.1 - https:\/\/yoast.com\/wordpress\/plugins\/seo\/ -->\n<title>Nabo\u017ce\u0144stwa czerwcowe ku czci Naj\u015bwi\u0119tszego Serca Pana Jezusa - Pako\u015b\u0107 \u2013 Kalwaria<\/title>\n<meta name=\"robots\" content=\"index, follow, max-snippet:-1, max-image-preview:large, max-video-preview:-1\" \/>\n<link rel=\"canonical\" href=\"https:\/\/pakosc-kalwaria.franciszkanie.net\/index.php\/2022\/06\/23\/nabozenstwa-czerwcowe-ku-czci-najswietszego-serca-pana-jezusa-4\/\" \/>\n<meta property=\"og:locale\" content=\"pl_PL\" \/>\n<meta property=\"og:type\" content=\"article\" \/>\n<meta property=\"og:title\" content=\"Nabo\u017ce\u0144stwa czerwcowe ku czci Naj\u015bwi\u0119tszego Serca Pana Jezusa - Pako\u015b\u0107 \u2013 Kalwaria\" \/>\n<meta property=\"og:description\" content=\"Zapraszamy na nabo\u017ce\u0144stwa ku czci Naj\u015bwi\u0119tszego Serca Pana Jezusa, kt\u00f3re odprawiamy codziennie: w tygodniu po Mszy \u015bw. o 17.00, w niedziele po Mszy \u015bw. o 9.00. Nabo\u017ce\u0144stwo czerwcowe \u2013 to\u00a0 modlitwa po\u015bwi\u0119cona Naj\u015bwi\u0119tszemu Sercu Jezusowemu. Modlitwa odmawiana jest w czerwcu. Nabo\u017ce\u0144stwo czerwcowe sk\u0142ada si\u0119 z adoracji Naj\u015bwi\u0119tszego Sakramentu oraz Litanii do Naj\u015bwi\u0119tszego Serca Pana Jezusa. &hellip;\" \/>\n<meta property=\"og:url\" content=\"https:\/\/pakosc-kalwaria.franciszkanie.net\/index.php\/2022\/06\/23\/nabozenstwa-czerwcowe-ku-czci-najswietszego-serca-pana-jezusa-4\/\" \/>\n<meta property=\"og:site_name\" content=\"Pako\u015b\u0107 \u2013 Kalwaria\" \/>\n<meta property=\"article:author\" content=\"https:\/\/www.facebook.com\/KalwariaPakosc\/\" \/>\n<meta property=\"article:published_time\" content=\"2022-06-23T10:02:55+00:00\" \/>\n<meta property=\"article:modified_time\" content=\"2022-06-23T20:49:28+00:00\" \/>\n<meta property=\"og:image\" content=\"https:\/\/pakosc-kalwaria.franciszkanie.net\/wp-content\/uploads\/2022\/06\/foto-c-1-200x150-1.jpg\" \/>\n\t<meta property=\"og:image:width\" content=\"350\" \/>\n\t<meta property=\"og:image:height\" content=\"262\" \/>\n\t<meta property=\"og:image:type\" content=\"image\/jpeg\" \/>\n<meta name=\"twitter:card\" content=\"summary\" \/>\n<meta name=\"twitter:label1\" content=\"Napisane przez\" \/>\n\t<meta name=\"twitter:data1\" content=\"pakosc-kalwaria\" \/>\n\t<meta name=\"twitter:label2\" content=\"Szacowany czas czytania\" \/>\n\t<meta name=\"twitter:data2\" content=\"3 minuty\" \/>\n<script type=\"application\/ld+json\" class=\"yoast-schema-graph\">{\"@context\":\"https:\/\/schema.org\",\"@graph\":[{\"@type\":\"WebSite\",\"@id\":\"https:\/\/pakosc-kalwaria.franciszkanie.net\/#website\",\"url\":\"https:\/\/pakosc-kalwaria.franciszkanie.net\/\",\"name\":\"Pako\u015b\u0107 \u2013 Kalwaria\",\"description\":\"Parafia Rzymsko \u2013 Katolicka p.w. Pana Jezusa Ukrzy\u017cowanego i  Matki Bo\u017cej Bolesnej ul. Barci\u0144ska 60, 88\u2013170 Pako\u015b\u0107 \u2013 Kalwaria\",\"potentialAction\":[{\"@type\":\"SearchAction\",\"target\":{\"@type\":\"EntryPoint\",\"urlTemplate\":\"https:\/\/pakosc-kalwaria.franciszkanie.net\/?s={search_term_string}\"},\"query-input\":\"required name=search_term_string\"}],\"inLanguage\":\"pl-PL\"},{\"@type\":\"ImageObject\",\"@id\":\"https:\/\/pakosc-kalwaria.franciszkanie.net\/index.php\/2022\/06\/23\/nabozenstwa-czerwcowe-ku-czci-najswietszego-serca-pana-jezusa-4\/#primaryimage\",\"inLanguage\":\"pl-PL\",\"url\":\"https:\/\/pakosc-kalwaria.franciszkanie.net\/wp-content\/uploads\/2022\/06\/foto-c-1-200x150-1.jpg\",\"contentUrl\":\"https:\/\/pakosc-kalwaria.franciszkanie.net\/wp-content\/uploads\/2022\/06\/foto-c-1-200x150-1.jpg\",\"width\":350,\"height\":262},{\"@type\":\"WebPage\",\"@id\":\"https:\/\/pakosc-kalwaria.franciszkanie.net\/index.php\/2022\/06\/23\/nabozenstwa-czerwcowe-ku-czci-najswietszego-serca-pana-jezusa-4\/#webpage\",\"url\":\"https:\/\/pakosc-kalwaria.franciszkanie.net\/index.php\/2022\/06\/23\/nabozenstwa-czerwcowe-ku-czci-najswietszego-serca-pana-jezusa-4\/\",\"name\":\"Nabo\u017ce\u0144stwa czerwcowe ku czci Naj\u015bwi\u0119tszego Serca Pana Jezusa - Pako\u015b\u0107 \u2013 Kalwaria\",\"isPartOf\":{\"@id\":\"https:\/\/pakosc-kalwaria.franciszkanie.net\/#website\"},\"primaryImageOfPage\":{\"@id\":\"https:\/\/pakosc-kalwaria.franciszkanie.net\/index.php\/2022\/06\/23\/nabozenstwa-czerwcowe-ku-czci-najswietszego-serca-pana-jezusa-4\/#primaryimage\"},\"datePublished\":\"2022-06-23T10:02:55+00:00\",\"dateModified\":\"2022-06-23T20:49:28+00:00\",\"author\":{\"@id\":\"https:\/\/pakosc-kalwaria.franciszkanie.net\/#\/schema\/person\/af10b943be0760709227d060eadcb2aa\"},\"breadcrumb\":{\"@id\":\"https:\/\/pakosc-kalwaria.franciszkanie.net\/index.php\/2022\/06\/23\/nabozenstwa-czerwcowe-ku-czci-najswietszego-serca-pana-jezusa-4\/#breadcrumb\"},\"inLanguage\":\"pl-PL\",\"potentialAction\":[{\"@type\":\"ReadAction\",\"target\":[\"https:\/\/pakosc-kalwaria.franciszkanie.net\/index.php\/2022\/06\/23\/nabozenstwa-czerwcowe-ku-czci-najswietszego-serca-pana-jezusa-4\/\"]}]},{\"@type\":\"BreadcrumbList\",\"@id\":\"https:\/\/pakosc-kalwaria.franciszkanie.net\/index.php\/2022\/06\/23\/nabozenstwa-czerwcowe-ku-czci-najswietszego-serca-pana-jezusa-4\/#breadcrumb\",\"itemListElement\":[{\"@type\":\"ListItem\",\"position\":1,\"name\":\"Strona g\u0142\u00f3wna\",\"item\":\"https:\/\/pakosc-kalwaria.franciszkanie.net\/\"},{\"@type\":\"ListItem\",\"position\":2,\"name\":\"Nabo\u017ce\u0144stwa czerwcowe ku czci Naj\u015bwi\u0119tszego Serca Pana Jezusa\"}]},{\"@type\":\"Person\",\"@id\":\"https:\/\/pakosc-kalwaria.franciszkanie.net\/#\/schema\/person\/af10b943be0760709227d060eadcb2aa\",\"name\":\"pakosc-kalwaria\",\"image\":{\"@type\":\"ImageObject\",\"@id\":\"https:\/\/pakosc-kalwaria.franciszkanie.net\/#personlogo\",\"inLanguage\":\"pl-PL\",\"url\":\"https:\/\/secure.gravatar.com\/avatar\/e7049d338b55eac6a0027ff3218b8d02?s=96&d=mm&r=g\",\"contentUrl\":\"https:\/\/secure.gravatar.com\/avatar\/e7049d338b55eac6a0027ff3218b8d02?s=96&d=mm&r=g\",\"caption\":\"pakosc-kalwaria\"},\"sameAs\":[\"https:\/\/www.facebook.com\/KalwariaPakosc\/\"],\"url\":\"https:\/\/pakosc-kalwaria.franciszkanie.net\/index.php\/author\/pakosc-kalwaria\/\"}]}<\/script>\n<!-- \/ Yoast SEO plugin. -->","yoast_head_json":{"title":"Nabo\u017ce\u0144stwa czerwcowe ku czci Naj\u015bwi\u0119tszego Serca Pana Jezusa - Pako\u015b\u0107 \u2013 Kalwaria","robots":{"index":"index","follow":"follow","max-snippet":"max-snippet:-1","max-image-preview":"max-image-preview:large","max-video-preview":"max-video-preview:-1"},"canonical":"https:\/\/pakosc-kalwaria.franciszkanie.net\/index.php\/2022\/06\/23\/nabozenstwa-czerwcowe-ku-czci-najswietszego-serca-pana-jezusa-4\/","og_locale":"pl_PL","og_type":"article","og_title":"Nabo\u017ce\u0144stwa czerwcowe ku czci Naj\u015bwi\u0119tszego Serca Pana Jezusa - Pako\u015b\u0107 \u2013 Kalwaria","og_description":"Zapraszamy na nabo\u017ce\u0144stwa ku czci Naj\u015bwi\u0119tszego Serca Pana Jezusa, kt\u00f3re odprawiamy codziennie: w tygodniu po Mszy \u015bw. o 17.00, w niedziele po Mszy \u015bw. o 9.00. Nabo\u017ce\u0144stwo czerwcowe \u2013 to\u00a0 modlitwa po\u015bwi\u0119cona Naj\u015bwi\u0119tszemu Sercu Jezusowemu. Modlitwa odmawiana jest w czerwcu. Nabo\u017ce\u0144stwo czerwcowe sk\u0142ada si\u0119 z adoracji Naj\u015bwi\u0119tszego Sakramentu oraz Litanii do Naj\u015bwi\u0119tszego Serca Pana Jezusa. &hellip;","og_url":"https:\/\/pakosc-kalwaria.franciszkanie.net\/index.php\/2022\/06\/23\/nabozenstwa-czerwcowe-ku-czci-najswietszego-serca-pana-jezusa-4\/","og_site_name":"Pako\u015b\u0107 \u2013 Kalwaria","article_author":"https:\/\/www.facebook.com\/KalwariaPakosc\/","article_published_time":"2022-06-23T10:02:55+00:00","article_modified_time":"2022-06-23T20:49:28+00:00","og_image":[{"width":350,"height":262,"url":"https:\/\/pakosc-kalwaria.franciszkanie.net\/wp-content\/uploads\/2022\/06\/foto-c-1-200x150-1.jpg","type":"image\/jpeg"}],"twitter_card":"summary","twitter_misc":{"Napisane przez":"pakosc-kalwaria","Szacowany czas czytania":"3 minuty"},"schema":{"@context":"https:\/\/schema.org","@graph":[{"@type":"WebSite","@id":"https:\/\/pakosc-kalwaria.franciszkanie.net\/#website","url":"https:\/\/pakosc-kalwaria.franciszkanie.net\/","name":"Pako\u015b\u0107 \u2013 Kalwaria","description":"Parafia Rzymsko \u2013 Katolicka p.w. Pana Jezusa Ukrzy\u017cowanego i  Matki Bo\u017cej Bolesnej ul. Barci\u0144ska 60, 88\u2013170 Pako\u015b\u0107 \u2013 Kalwaria","potentialAction":[{"@type":"SearchAction","target":{"@type":"EntryPoint","urlTemplate":"https:\/\/pakosc-kalwaria.franciszkanie.net\/?s={search_term_string}"},"query-input":"required name=search_term_string"}],"inLanguage":"pl-PL"},{"@type":"ImageObject","@id":"https:\/\/pakosc-kalwaria.franciszkanie.net\/index.php\/2022\/06\/23\/nabozenstwa-czerwcowe-ku-czci-najswietszego-serca-pana-jezusa-4\/#primaryimage","inLanguage":"pl-PL","url":"https:\/\/pakosc-kalwaria.franciszkanie.net\/wp-content\/uploads\/2022\/06\/foto-c-1-200x150-1.jpg","contentUrl":"https:\/\/pakosc-kalwaria.franciszkanie.net\/wp-content\/uploads\/2022\/06\/foto-c-1-200x150-1.jpg","width":350,"height":262},{"@type":"WebPage","@id":"https:\/\/pakosc-kalwaria.franciszkanie.net\/index.php\/2022\/06\/23\/nabozenstwa-czerwcowe-ku-czci-najswietszego-serca-pana-jezusa-4\/#webpage","url":"https:\/\/pakosc-kalwaria.franciszkanie.net\/index.php\/2022\/06\/23\/nabozenstwa-czerwcowe-ku-czci-najswietszego-serca-pana-jezusa-4\/","name":"Nabo\u017ce\u0144stwa czerwcowe ku czci Naj\u015bwi\u0119tszego Serca Pana Jezusa - Pako\u015b\u0107 \u2013 Kalwaria","isPartOf":{"@id":"https:\/\/pakosc-kalwaria.franciszkanie.net\/#website"},"primaryImageOfPage":{"@id":"https:\/\/pakosc-kalwaria.franciszkanie.net\/index.php\/2022\/06\/23\/nabozenstwa-czerwcowe-ku-czci-najswietszego-serca-pana-jezusa-4\/#primaryimage"},"datePublished":"2022-06-23T10:02:55+00:00","dateModified":"2022-06-23T20:49:28+00:00","author":{"@id":"https:\/\/pakosc-kalwaria.franciszkanie.net\/#\/schema\/person\/af10b943be0760709227d060eadcb2aa"},"breadcrumb":{"@id":"https:\/\/pakosc-kalwaria.franciszkanie.net\/index.php\/2022\/06\/23\/nabozenstwa-czerwcowe-ku-czci-najswietszego-serca-pana-jezusa-4\/#breadcrumb"},"inLanguage":"pl-PL","potentialAction":[{"@type":"ReadAction","target":["https:\/\/pakosc-kalwaria.franciszkanie.net\/index.php\/2022\/06\/23\/nabozenstwa-czerwcowe-ku-czci-najswietszego-serca-pana-jezusa-4\/"]}]},{"@type":"BreadcrumbList","@id":"https:\/\/pakosc-kalwaria.franciszkanie.net\/index.php\/2022\/06\/23\/nabozenstwa-czerwcowe-ku-czci-najswietszego-serca-pana-jezusa-4\/#breadcrumb","itemListElement":[{"@type":"ListItem","position":1,"name":"Strona g\u0142\u00f3wna","item":"https:\/\/pakosc-kalwaria.franciszkanie.net\/"},{"@type":"ListItem","position":2,"name":"Nabo\u017ce\u0144stwa czerwcowe ku czci Naj\u015bwi\u0119tszego Serca Pana Jezusa"}]},{"@type":"Person","@id":"https:\/\/pakosc-kalwaria.franciszkanie.net\/#\/schema\/person\/af10b943be0760709227d060eadcb2aa","name":"pakosc-kalwaria","image":{"@type":"ImageObject","@id":"https:\/\/pakosc-kalwaria.franciszkanie.net\/#personlogo","inLanguage":"pl-PL","url":"https:\/\/secure.gravatar.com\/avatar\/e7049d338b55eac6a0027ff3218b8d02?s=96&d=mm&r=g","contentUrl":"https:\/\/secure.gravatar.com\/avatar\/e7049d338b55eac6a0027ff3218b8d02?s=96&d=mm&r=g","caption":"pakosc-kalwaria"},"sameAs":["https:\/\/www.facebook.com\/KalwariaPakosc\/"],"url":"https:\/\/pakosc-kalwaria.franciszkanie.net\/index.php\/author\/pakosc-kalwaria\/"}]}},"_links":{"self":[{"href":"https:\/\/pakosc-kalwaria.franciszkanie.net\/index.php\/wp-json\/wp\/v2\/posts\/23558"}],"collection":[{"href":"https:\/\/pakosc-kalwaria.franciszkanie.net\/index.php\/wp-json\/wp\/v2\/posts"}],"about":[{"href":"https:\/\/pakosc-kalwaria.franciszkanie.net\/index.php\/wp-json\/wp\/v2\/types\/post"}],"author":[{"embeddable":true,"href":"https:\/\/pakosc-kalwaria.franciszkanie.net\/index.php\/wp-json\/wp\/v2\/users\/2"}],"replies":[{"embeddable":true,"href":"https:\/\/pakosc-kalwaria.franciszkanie.net\/index.php\/wp-json\/wp\/v2\/comments?post=23558"}],"version-history":[{"count":2,"href":"https:\/\/pakosc-kalwaria.franciszkanie.net\/index.php\/wp-json\/wp\/v2\/posts\/23558\/revisions"}],"predecessor-version":[{"id":23561,"href":"https:\/\/pakosc-kalwaria.franciszkanie.net\/index.php\/wp-json\/wp\/v2\/posts\/23558\/revisions\/23561"}],"wp:featuredmedia":[{"embeddable":true,"href":"https:\/\/pakosc-kalwaria.franciszkanie.net\/index.php\/wp-json\/wp\/v2\/media\/23559"}],"wp:attachment":[{"href":"https:\/\/pakosc-kalwaria.franciszkanie.net\/index.php\/wp-json\/wp\/v2\/media?parent=23558"}],"wp:term":[{"taxonomy":"category","embeddable":true,"href":"https:\/\/pakosc-kalwaria.franciszkanie.net\/index.php\/wp-json\/wp\/v2\/categories?post=23558"},{"taxonomy":"post_tag","embeddable":true,"href":"https:\/\/pakosc-kalwaria.franciszkanie.net\/index.php\/wp-json\/wp\/v2\/tags?post=23558"}],"curies":[{"name":"wp","href":"https:\/\/api.w.org\/{rel}","templated":true}]}}