{"id":23572,"date":"2022-06-04T09:00:34","date_gmt":"2022-06-04T07:00:34","guid":{"rendered":"http:\/\/pakosc-kalwaria.franciszkanie.net\/?p=23572"},"modified":"2022-06-04T08:54:01","modified_gmt":"2022-06-04T06:54:01","slug":"intencje-mszalne-05-06-12-06-2022r","status":"publish","type":"post","link":"https:\/\/pakosc-kalwaria.franciszkanie.net\/index.php\/2022\/06\/04\/intencje-mszalne-05-06-12-06-2022r\/","title":{"rendered":"Intencje mszalne 05.06. &#8211; 12.06.2022r."},"content":{"rendered":"<p><span style=\"color: #ff0000;\"><strong><em><u>Niedziela &#8211; 05.06.2022r.<\/u><\/em><\/strong><\/span><strong><em><span style=\"color: #ff0000;\"> &#8211; Uroczysto\u015b\u0107 Zes\u0142ania Ducha \u015awi\u0119tego<\/span><br \/>\n<\/em><\/strong><span style=\"color: #ff0000;\"><strong>9.00<\/strong><\/span><strong><span style=\"color: #ff0000;\"> \u00a0<\/span> Za ++ Piotra i Ryszarda o \u0142ask\u0119 Nieba<br \/>\n<span style=\"color: #ff0000;\">11.00<\/span>\u00a0\u00a0 Za ++ Czes\u0142aw\u0119 i Franciszka Mr\u00f3wczy\u0144skich<\/p>\n<p><\/strong><span style=\"color: #ff0000;\"><strong><em><u>Poniedzia\u0142ek &#8211; 06.06.2022r. <\/u><\/em><\/strong><\/span><strong><em><span style=\"color: #ff0000;\">\u00a0\u2013 \u015bwi\u0119to NMP Matki Ko\u015bcio\u0142a<\/span><br \/>\n<\/em><\/strong><strong>17.00 \u00a0Za dusze w czy\u015b\u0107cu cierpi\u0105ce najbli\u017csze wybawienia<\/p>\n<p><\/strong><strong><em><span style=\"color: #008000;\"><u>Wtorek \u2013 07.06.2022r.<\/u> <\/span><br \/>\n<\/em><\/strong><strong>17.00 Z okazji 48 Rocznicy Urodzin Rafa\u0142a Beckman o uleczenie na duszy i na ciele, opiek\u0119 Matki Bo\u017cej, Bo\u017ce b\u0142ogos\u0142awie\u0144stwo, pe\u0142ne uczestnictwo we Mszy \u015bwi\u0119tej, o \u015bwiat\u0142o, owoce i charyzmaty Ducha \u015awi\u0119tego<\/p>\n<p><\/strong><span style=\"color: #008000;\"><strong><em><u>\u015aroda &#8211; 08.06.2022r.<\/u><\/em><\/strong><\/span><strong><em><span style=\"color: #008000;\"> \u2013 wspomnienie \u015bw. Jadwigi Kr\u00f3lowej<\/span><br \/>\n<\/em><\/strong><strong>17.00 Za + Norberta Tomczaka \u2013 int. od \u017cony<\/p>\n<p><\/strong><span style=\"color: #ff0000;\"><strong><em><u>Czwartek &#8211; 09.06.2022r. <\/u><\/em><\/strong><\/span><strong><em><span style=\"color: #ff0000;\">\u00a0\u2013 \u015bwi\u0119to Jezusa Chrystusa Najwy\u017cszego i Wiecznego Kap\u0142ana<\/span><br \/>\n<\/em><\/strong><strong>17.00 \u00a0Za ++ Jana i Ann\u0119 oraz ich ++ rodzic\u00f3w<\/p>\n<p><\/strong><span style=\"color: #008000;\"><strong><em><u>Pi\u0105tek \u00a0\u2013 10.06.2022r.<\/u><\/em><\/strong><strong><em> \u00a0&#8211; wspomnienie b\u0142. Bogumi\u0142a, biskupa\u2013 Patrona Archidiecezji Gnie\u017anie\u0144skiej<\/em><\/strong><\/span><strong><em><span style=\"color: #008000;\">\u00a0\u00a0\u00a0\u00a0 <\/span><br \/>\n<\/em><\/strong><strong><span style=\"color: #ff0000;\">17.00 \u00a0W intencjach zbiorowych do Bo\u017cego Mi\u0142osierdzia<\/span><\/p>\n<p><\/strong><span style=\"color: #008000;\"><strong><em><u>Sobota &#8211; 11.06.2022r. <\/u><\/em><\/strong><strong><em>\u00a0\u2013 wspomnienie \u015bw. Barnaby, aposto\u0142a \u00a0\u00a0\u00a0\u00a0\u00a0 <\/em><\/strong><\/span><strong><br \/>\n17.00 \u00a0Za wstawiennictwem Matki Naj\u015bwi\u0119tszej, \u015bw. Micha\u0142a Archanio\u0142a, Anio\u0142\u00f3w Str\u00f3\u017c\u00f3w i \u015awi\u0119tych Patron\u00f3w za dusze w czy\u015b\u0107cu cierpi\u0105ce \u00a0 \u00a0<\/strong><strong><em>\u00a0\u00a0\u00a0\u00a0\u00a0\u00a0\u00a0\u00a0\u00a0\u00a0 <\/em><\/strong><strong><\/p>\n<p><\/strong><span style=\"color: #008000;\"><strong><em><u>Niedziela &#8211; 12.06.2022r.<\/u><\/em><\/strong><\/span><strong><em><span style=\"color: #008000;\"> &#8211; Uroczysto\u015b\u0107 Naj\u015bwi\u0119tszej Tr\u00f3jcy<\/span><br \/>\n<\/em><\/strong><strong>9.00\u00a0 W intencji Magdy i Karola z okazji 4 Rocznicy \u015alubu<br \/>\n11.00 \u00a0Za + Zofi\u0119 Wojtylak<br \/>\n<\/strong><\/p>\n","protected":false},"excerpt":{"rendered":"<p>Niedziela &#8211; 05.06.2022r. &#8211; Uroczysto\u015b\u0107 Zes\u0142ania Ducha \u015awi\u0119tego 9.00 \u00a0 Za ++ Piotra i Ryszarda o \u0142ask\u0119 Nieba 11.00\u00a0\u00a0 Za ++ Czes\u0142aw\u0119 i Franciszka Mr\u00f3wczy\u0144skich Poniedzia\u0142ek &#8211; 06.06.2022r. \u00a0\u2013 \u015bwi\u0119to NMP Matki Ko\u015bcio\u0142a 17.00 \u00a0Za dusze w czy\u015b\u0107cu cierpi\u0105ce najbli\u017csze wybawienia Wtorek \u2013 07.06.2022r. 17.00 Z okazji 48 Rocznicy Urodzin Rafa\u0142a Beckman o uleczenie na &hellip;<\/p>\n","protected":false},"author":2,"featured_media":23573,"comment_status":"closed","ping_status":"closed","sticky":false,"template":"","format":"standard","meta":{"_mi_skip_tracking":false,"_exactmetrics_sitenote_active":false,"_exactmetrics_sitenote_note":"","_exactmetrics_sitenote_category":0},"categories":[6],"tags":[],"yoast_head":"<!-- This site is optimized with the Yoast SEO plugin v18.1 - https:\/\/yoast.com\/wordpress\/plugins\/seo\/ -->\n<title>Intencje mszalne 05.06. - 12.06.2022r. - Pako\u015b\u0107 \u2013 Kalwaria<\/title>\n<meta name=\"robots\" content=\"index, follow, max-snippet:-1, max-image-preview:large, max-video-preview:-1\" \/>\n<link rel=\"canonical\" href=\"https:\/\/pakosc-kalwaria.franciszkanie.net\/index.php\/2022\/06\/04\/intencje-mszalne-05-06-12-06-2022r\/\" \/>\n<meta property=\"og:locale\" content=\"pl_PL\" \/>\n<meta property=\"og:type\" content=\"article\" \/>\n<meta property=\"og:title\" content=\"Intencje mszalne 05.06. - 12.06.2022r. - Pako\u015b\u0107 \u2013 Kalwaria\" \/>\n<meta property=\"og:description\" content=\"Niedziela &#8211; 05.06.2022r. &#8211; Uroczysto\u015b\u0107 Zes\u0142ania Ducha \u015awi\u0119tego 9.00 \u00a0 Za ++ Piotra i Ryszarda o \u0142ask\u0119 Nieba 11.00\u00a0\u00a0 Za ++ Czes\u0142aw\u0119 i Franciszka Mr\u00f3wczy\u0144skich Poniedzia\u0142ek &#8211; 06.06.2022r. \u00a0\u2013 \u015bwi\u0119to NMP Matki Ko\u015bcio\u0142a 17.00 \u00a0Za dusze w czy\u015b\u0107cu cierpi\u0105ce najbli\u017csze wybawienia Wtorek \u2013 07.06.2022r. 17.00 Z okazji 48 Rocznicy Urodzin Rafa\u0142a Beckman o uleczenie na &hellip;\" \/>\n<meta property=\"og:url\" content=\"https:\/\/pakosc-kalwaria.franciszkanie.net\/index.php\/2022\/06\/04\/intencje-mszalne-05-06-12-06-2022r\/\" \/>\n<meta property=\"og:site_name\" content=\"Pako\u015b\u0107 \u2013 Kalwaria\" \/>\n<meta property=\"article:author\" content=\"https:\/\/www.facebook.com\/KalwariaPakosc\/\" \/>\n<meta property=\"article:published_time\" content=\"2022-06-04T07:00:34+00:00\" \/>\n<meta property=\"article:modified_time\" content=\"2022-06-04T06:54:01+00:00\" \/>\n<meta property=\"og:image\" content=\"https:\/\/pakosc-kalwaria.franciszkanie.net\/wp-content\/uploads\/2022\/06\/intencje-mszlane-752x440-1.jpg\" \/>\n\t<meta property=\"og:image:width\" content=\"350\" \/>\n\t<meta property=\"og:image:height\" content=\"205\" \/>\n\t<meta property=\"og:image:type\" content=\"image\/jpeg\" \/>\n<meta name=\"twitter:card\" content=\"summary\" \/>\n<meta name=\"twitter:label1\" content=\"Napisane przez\" \/>\n\t<meta name=\"twitter:data1\" content=\"pakosc-kalwaria\" \/>\n\t<meta name=\"twitter:label2\" content=\"Szacowany czas czytania\" \/>\n\t<meta name=\"twitter:data2\" content=\"1 minuta\" \/>\n<script type=\"application\/ld+json\" class=\"yoast-schema-graph\">{\"@context\":\"https:\/\/schema.org\",\"@graph\":[{\"@type\":\"WebSite\",\"@id\":\"https:\/\/pakosc-kalwaria.franciszkanie.net\/#website\",\"url\":\"https:\/\/pakosc-kalwaria.franciszkanie.net\/\",\"name\":\"Pako\u015b\u0107 \u2013 Kalwaria\",\"description\":\"Parafia Rzymsko \u2013 Katolicka p.w. Pana Jezusa Ukrzy\u017cowanego i  Matki Bo\u017cej Bolesnej ul. Barci\u0144ska 60, 88\u2013170 Pako\u015b\u0107 \u2013 Kalwaria\",\"potentialAction\":[{\"@type\":\"SearchAction\",\"target\":{\"@type\":\"EntryPoint\",\"urlTemplate\":\"https:\/\/pakosc-kalwaria.franciszkanie.net\/?s={search_term_string}\"},\"query-input\":\"required name=search_term_string\"}],\"inLanguage\":\"pl-PL\"},{\"@type\":\"ImageObject\",\"@id\":\"https:\/\/pakosc-kalwaria.franciszkanie.net\/index.php\/2022\/06\/04\/intencje-mszalne-05-06-12-06-2022r\/#primaryimage\",\"inLanguage\":\"pl-PL\",\"url\":\"https:\/\/pakosc-kalwaria.franciszkanie.net\/wp-content\/uploads\/2022\/06\/intencje-mszlane-752x440-1.jpg\",\"contentUrl\":\"https:\/\/pakosc-kalwaria.franciszkanie.net\/wp-content\/uploads\/2022\/06\/intencje-mszlane-752x440-1.jpg\",\"width\":350,\"height\":205},{\"@type\":\"WebPage\",\"@id\":\"https:\/\/pakosc-kalwaria.franciszkanie.net\/index.php\/2022\/06\/04\/intencje-mszalne-05-06-12-06-2022r\/#webpage\",\"url\":\"https:\/\/pakosc-kalwaria.franciszkanie.net\/index.php\/2022\/06\/04\/intencje-mszalne-05-06-12-06-2022r\/\",\"name\":\"Intencje mszalne 05.06. - 12.06.2022r. - Pako\u015b\u0107 \u2013 Kalwaria\",\"isPartOf\":{\"@id\":\"https:\/\/pakosc-kalwaria.franciszkanie.net\/#website\"},\"primaryImageOfPage\":{\"@id\":\"https:\/\/pakosc-kalwaria.franciszkanie.net\/index.php\/2022\/06\/04\/intencje-mszalne-05-06-12-06-2022r\/#primaryimage\"},\"datePublished\":\"2022-06-04T07:00:34+00:00\",\"dateModified\":\"2022-06-04T06:54:01+00:00\",\"author\":{\"@id\":\"https:\/\/pakosc-kalwaria.franciszkanie.net\/#\/schema\/person\/af10b943be0760709227d060eadcb2aa\"},\"breadcrumb\":{\"@id\":\"https:\/\/pakosc-kalwaria.franciszkanie.net\/index.php\/2022\/06\/04\/intencje-mszalne-05-06-12-06-2022r\/#breadcrumb\"},\"inLanguage\":\"pl-PL\",\"potentialAction\":[{\"@type\":\"ReadAction\",\"target\":[\"https:\/\/pakosc-kalwaria.franciszkanie.net\/index.php\/2022\/06\/04\/intencje-mszalne-05-06-12-06-2022r\/\"]}]},{\"@type\":\"BreadcrumbList\",\"@id\":\"https:\/\/pakosc-kalwaria.franciszkanie.net\/index.php\/2022\/06\/04\/intencje-mszalne-05-06-12-06-2022r\/#breadcrumb\",\"itemListElement\":[{\"@type\":\"ListItem\",\"position\":1,\"name\":\"Strona g\u0142\u00f3wna\",\"item\":\"https:\/\/pakosc-kalwaria.franciszkanie.net\/\"},{\"@type\":\"ListItem\",\"position\":2,\"name\":\"Intencje mszalne 05.06. &#8211; 12.06.2022r.\"}]},{\"@type\":\"Person\",\"@id\":\"https:\/\/pakosc-kalwaria.franciszkanie.net\/#\/schema\/person\/af10b943be0760709227d060eadcb2aa\",\"name\":\"pakosc-kalwaria\",\"image\":{\"@type\":\"ImageObject\",\"@id\":\"https:\/\/pakosc-kalwaria.franciszkanie.net\/#personlogo\",\"inLanguage\":\"pl-PL\",\"url\":\"https:\/\/secure.gravatar.com\/avatar\/e7049d338b55eac6a0027ff3218b8d02?s=96&d=mm&r=g\",\"contentUrl\":\"https:\/\/secure.gravatar.com\/avatar\/e7049d338b55eac6a0027ff3218b8d02?s=96&d=mm&r=g\",\"caption\":\"pakosc-kalwaria\"},\"sameAs\":[\"https:\/\/www.facebook.com\/KalwariaPakosc\/\"],\"url\":\"https:\/\/pakosc-kalwaria.franciszkanie.net\/index.php\/author\/pakosc-kalwaria\/\"}]}<\/script>\n<!-- \/ Yoast SEO plugin. -->","yoast_head_json":{"title":"Intencje mszalne 05.06. - 12.06.2022r. - Pako\u015b\u0107 \u2013 Kalwaria","robots":{"index":"index","follow":"follow","max-snippet":"max-snippet:-1","max-image-preview":"max-image-preview:large","max-video-preview":"max-video-preview:-1"},"canonical":"https:\/\/pakosc-kalwaria.franciszkanie.net\/index.php\/2022\/06\/04\/intencje-mszalne-05-06-12-06-2022r\/","og_locale":"pl_PL","og_type":"article","og_title":"Intencje mszalne 05.06. - 12.06.2022r. - Pako\u015b\u0107 \u2013 Kalwaria","og_description":"Niedziela &#8211; 05.06.2022r. &#8211; Uroczysto\u015b\u0107 Zes\u0142ania Ducha \u015awi\u0119tego 9.00 \u00a0 Za ++ Piotra i Ryszarda o \u0142ask\u0119 Nieba 11.00\u00a0\u00a0 Za ++ Czes\u0142aw\u0119 i Franciszka Mr\u00f3wczy\u0144skich Poniedzia\u0142ek &#8211; 06.06.2022r. \u00a0\u2013 \u015bwi\u0119to NMP Matki Ko\u015bcio\u0142a 17.00 \u00a0Za dusze w czy\u015b\u0107cu cierpi\u0105ce najbli\u017csze wybawienia Wtorek \u2013 07.06.2022r. 17.00 Z okazji 48 Rocznicy Urodzin Rafa\u0142a Beckman o uleczenie na &hellip;","og_url":"https:\/\/pakosc-kalwaria.franciszkanie.net\/index.php\/2022\/06\/04\/intencje-mszalne-05-06-12-06-2022r\/","og_site_name":"Pako\u015b\u0107 \u2013 Kalwaria","article_author":"https:\/\/www.facebook.com\/KalwariaPakosc\/","article_published_time":"2022-06-04T07:00:34+00:00","article_modified_time":"2022-06-04T06:54:01+00:00","og_image":[{"width":350,"height":205,"url":"https:\/\/pakosc-kalwaria.franciszkanie.net\/wp-content\/uploads\/2022\/06\/intencje-mszlane-752x440-1.jpg","type":"image\/jpeg"}],"twitter_card":"summary","twitter_misc":{"Napisane przez":"pakosc-kalwaria","Szacowany czas czytania":"1 minuta"},"schema":{"@context":"https:\/\/schema.org","@graph":[{"@type":"WebSite","@id":"https:\/\/pakosc-kalwaria.franciszkanie.net\/#website","url":"https:\/\/pakosc-kalwaria.franciszkanie.net\/","name":"Pako\u015b\u0107 \u2013 Kalwaria","description":"Parafia Rzymsko \u2013 Katolicka p.w. Pana Jezusa Ukrzy\u017cowanego i  Matki Bo\u017cej Bolesnej ul. Barci\u0144ska 60, 88\u2013170 Pako\u015b\u0107 \u2013 Kalwaria","potentialAction":[{"@type":"SearchAction","target":{"@type":"EntryPoint","urlTemplate":"https:\/\/pakosc-kalwaria.franciszkanie.net\/?s={search_term_string}"},"query-input":"required name=search_term_string"}],"inLanguage":"pl-PL"},{"@type":"ImageObject","@id":"https:\/\/pakosc-kalwaria.franciszkanie.net\/index.php\/2022\/06\/04\/intencje-mszalne-05-06-12-06-2022r\/#primaryimage","inLanguage":"pl-PL","url":"https:\/\/pakosc-kalwaria.franciszkanie.net\/wp-content\/uploads\/2022\/06\/intencje-mszlane-752x440-1.jpg","contentUrl":"https:\/\/pakosc-kalwaria.franciszkanie.net\/wp-content\/uploads\/2022\/06\/intencje-mszlane-752x440-1.jpg","width":350,"height":205},{"@type":"WebPage","@id":"https:\/\/pakosc-kalwaria.franciszkanie.net\/index.php\/2022\/06\/04\/intencje-mszalne-05-06-12-06-2022r\/#webpage","url":"https:\/\/pakosc-kalwaria.franciszkanie.net\/index.php\/2022\/06\/04\/intencje-mszalne-05-06-12-06-2022r\/","name":"Intencje mszalne 05.06. - 12.06.2022r. - Pako\u015b\u0107 \u2013 Kalwaria","isPartOf":{"@id":"https:\/\/pakosc-kalwaria.franciszkanie.net\/#website"},"primaryImageOfPage":{"@id":"https:\/\/pakosc-kalwaria.franciszkanie.net\/index.php\/2022\/06\/04\/intencje-mszalne-05-06-12-06-2022r\/#primaryimage"},"datePublished":"2022-06-04T07:00:34+00:00","dateModified":"2022-06-04T06:54:01+00:00","author":{"@id":"https:\/\/pakosc-kalwaria.franciszkanie.net\/#\/schema\/person\/af10b943be0760709227d060eadcb2aa"},"breadcrumb":{"@id":"https:\/\/pakosc-kalwaria.franciszkanie.net\/index.php\/2022\/06\/04\/intencje-mszalne-05-06-12-06-2022r\/#breadcrumb"},"inLanguage":"pl-PL","potentialAction":[{"@type":"ReadAction","target":["https:\/\/pakosc-kalwaria.franciszkanie.net\/index.php\/2022\/06\/04\/intencje-mszalne-05-06-12-06-2022r\/"]}]},{"@type":"BreadcrumbList","@id":"https:\/\/pakosc-kalwaria.franciszkanie.net\/index.php\/2022\/06\/04\/intencje-mszalne-05-06-12-06-2022r\/#breadcrumb","itemListElement":[{"@type":"ListItem","position":1,"name":"Strona g\u0142\u00f3wna","item":"https:\/\/pakosc-kalwaria.franciszkanie.net\/"},{"@type":"ListItem","position":2,"name":"Intencje mszalne 05.06. &#8211; 12.06.2022r."}]},{"@type":"Person","@id":"https:\/\/pakosc-kalwaria.franciszkanie.net\/#\/schema\/person\/af10b943be0760709227d060eadcb2aa","name":"pakosc-kalwaria","image":{"@type":"ImageObject","@id":"https:\/\/pakosc-kalwaria.franciszkanie.net\/#personlogo","inLanguage":"pl-PL","url":"https:\/\/secure.gravatar.com\/avatar\/e7049d338b55eac6a0027ff3218b8d02?s=96&d=mm&r=g","contentUrl":"https:\/\/secure.gravatar.com\/avatar\/e7049d338b55eac6a0027ff3218b8d02?s=96&d=mm&r=g","caption":"pakosc-kalwaria"},"sameAs":["https:\/\/www.facebook.com\/KalwariaPakosc\/"],"url":"https:\/\/pakosc-kalwaria.franciszkanie.net\/index.php\/author\/pakosc-kalwaria\/"}]}},"_links":{"self":[{"href":"https:\/\/pakosc-kalwaria.franciszkanie.net\/index.php\/wp-json\/wp\/v2\/posts\/23572"}],"collection":[{"href":"https:\/\/pakosc-kalwaria.franciszkanie.net\/index.php\/wp-json\/wp\/v2\/posts"}],"about":[{"href":"https:\/\/pakosc-kalwaria.franciszkanie.net\/index.php\/wp-json\/wp\/v2\/types\/post"}],"author":[{"embeddable":true,"href":"https:\/\/pakosc-kalwaria.franciszkanie.net\/index.php\/wp-json\/wp\/v2\/users\/2"}],"replies":[{"embeddable":true,"href":"https:\/\/pakosc-kalwaria.franciszkanie.net\/index.php\/wp-json\/wp\/v2\/comments?post=23572"}],"version-history":[{"count":1,"href":"https:\/\/pakosc-kalwaria.franciszkanie.net\/index.php\/wp-json\/wp\/v2\/posts\/23572\/revisions"}],"predecessor-version":[{"id":23575,"href":"https:\/\/pakosc-kalwaria.franciszkanie.net\/index.php\/wp-json\/wp\/v2\/posts\/23572\/revisions\/23575"}],"wp:featuredmedia":[{"embeddable":true,"href":"https:\/\/pakosc-kalwaria.franciszkanie.net\/index.php\/wp-json\/wp\/v2\/media\/23573"}],"wp:attachment":[{"href":"https:\/\/pakosc-kalwaria.franciszkanie.net\/index.php\/wp-json\/wp\/v2\/media?parent=23572"}],"wp:term":[{"taxonomy":"category","embeddable":true,"href":"https:\/\/pakosc-kalwaria.franciszkanie.net\/index.php\/wp-json\/wp\/v2\/categories?post=23572"},{"taxonomy":"post_tag","embeddable":true,"href":"https:\/\/pakosc-kalwaria.franciszkanie.net\/index.php\/wp-json\/wp\/v2\/tags?post=23572"}],"curies":[{"name":"wp","href":"https:\/\/api.w.org\/{rel}","templated":true}]}}