{"id":23576,"date":"2022-06-04T09:09:15","date_gmt":"2022-06-04T07:09:15","guid":{"rendered":"http:\/\/pakosc-kalwaria.franciszkanie.net\/?p=23576"},"modified":"2022-06-04T09:10:05","modified_gmt":"2022-06-04T07:10:05","slug":"ogloszenia-duszpasterskie-uroczystosc-zeslania-ducha-swietego-4","status":"publish","type":"post","link":"https:\/\/pakosc-kalwaria.franciszkanie.net\/index.php\/2022\/06\/04\/ogloszenia-duszpasterskie-uroczystosc-zeslania-ducha-swietego-4\/","title":{"rendered":"Og\u0142oszenia duszpasterskie &#8211; Uroczysto\u015b\u0107 Zes\u0142ania Ducha \u015awi\u0119tego"},"content":{"rendered":"<p><span style=\"color: #ff0000;\"><strong><em><u>W niedziel\u0119 (05.06.)<\/u><\/em><\/strong><strong> \u2013 uroczysto\u015b\u0107 Zes\u0142ania Ducha \u015awi\u0119tego.<br \/>\n<\/strong><\/span><strong><span style=\"color: #ff0000;\">Msze \u015bw. o 9.00 i 11.00.\u00a0<\/span><br \/>\n<span style=\"color: #ff0000;\">O 17.00<\/span> zapraszamy ch\u0119tne osoby do pomocy w przygotowaniu naszego ko\u015bcio\u0142a do renowacji i malowania prezbiterium.<\/strong><\/p>\n<p><strong><span style=\"color: #ff0000;\">Od poniedzia\u0142ku 6 czerwca<\/span> z powodu remontu i malowania prezbiterium w naszym ko\u015bciele Msze \u015bwi\u0119te b\u0119d\u0105 odprawiane przy o\u0142tarzu polowym.<\/strong><\/p>\n<p><strong><span style=\"color: #ff0000;\"><em><u>W poniedzia\u0142ek (06.06.)<\/u><\/em> \u2013 \u015bwi\u0119to NMP Matki Ko\u015bcio\u0142a.<br \/>\nMsza \u015bw. o 17.00.<\/span><\/strong><br \/>\n<strong>Na Kalwarii Pakoskiej <span style=\"color: #ff0000;\">Odpust z okazji II Dnia Zes\u0142ania Ducha \u015awi\u0119tego. Suma Odpustowa o 10.00<\/span> przy kaplicy Wieczernik.<\/strong><\/p>\n<p><strong><span style=\"color: #ff0000;\">W czerwcu<\/span> codziennie <span style=\"color: #ff0000;\">nabo\u017ce\u0144stwa ku czci Naj\u015bwi\u0119tszego Serca Pana Jezusa<\/span>: w tygodniu po Mszy \u015awi\u0119tej o 17.00, a w niedziel\u0119 po Mszy \u015awi\u0119tej o 9.00.<\/strong><br \/>\n<strong>Do \u015bwi\u0119ta \u015bw. Antoniego z Padwy (13.06.) przygotowujemy si\u0119 przez <span style=\"color: #ff0000;\">Nowenn\u0119.<\/span><\/strong><\/p>\n<p><span style=\"color: #ff0000;\"><strong><em><u>W czwartek (09.06.)<\/u><\/em><\/strong> <\/span><strong><span style=\"color: #ff0000;\">\u2013 \u015bwi\u0119to Jezusa Chrystusa Najwy\u017cszego i Wiecznego Kap\u0142ana. \u00a0\u00a0<\/span><br \/>\n<\/strong><strong><span style=\"color: #ff0000;\">Msza \u015bwi\u0119ta o 17.00.<\/span> W tym dniu w spos\u00f3b szczeg\u00f3lny modlimy si\u0119 za kap\u0142an\u00f3w.<\/strong><\/p>\n<p><strong><span style=\"color: #ff0000;\"><span style=\"color: #008000;\"><em><u>W pi\u0105tek (10.06.)<\/u><\/em> <\/span>\u2013 o 17.00 Msza \u015bw. w intencjach zbiorowych do Bo\u017cego Mi\u0142osierdzia<\/span> i nabo\u017ce\u0144stwo do Bo\u017cego Mi\u0142osierdzia, za kt\u00f3re mo\u017cna zyska\u0107 odpust zupe\u0142ny pod zwyk\u0142ymi warunkami oraz uczczenie Relikwii Krzy\u017ca \u015awi\u0119tego. <span style=\"color: #ff0000;\">Intencje mo\u017cna sk\u0142ada\u0107 przed Msz\u0105 \u015bwi\u0119t\u0105.\u00a0 \u00a0\u00a0\u00a0\u00a0\u00a0<\/span><\/strong><br \/>\n<strong><span style=\"color: #ff0000;\">O 18.00<span style=\"color: #000000;\"> nauka<\/span><\/span> przed chrztem dla rodzic\u00f3w i rodzic\u00f3w chrzestnych.<\/strong><\/p>\n<p><strong><span style=\"color: #ff0000;\"><span style=\"color: #008000;\"><em><u>W sobot\u0119 (11.06.)<\/u><\/em> <span style=\"color: #ff0000;\">\u2013<\/span><\/span> o 12.00<\/span> zbi\u00f3rka dla Liturgicznej S\u0142u\u017cby O\u0142tarza i dla kandydat\u00f3w na ministrant\u00f3w.<\/strong><\/p>\n<p><strong><span style=\"color: #ff0000;\"><em><u>W przysz\u0142a niedziel\u0119 (12.06.)<\/u><\/em> \u2013 uroczysto\u015b\u0107 Naj\u015bwi\u0119tszej Tr\u00f3jcy. \u00a0\u00a0\u00a0\u00a0\u00a0\u00a0\u00a0\u00a0\u00a0<\/span><\/strong><br \/>\n<strong>W tym dniu <span style=\"color: #ff0000;\">ko\u0144czy si\u0119 okres Komunii \u015bwi\u0119tej wielkanocnej<\/span> wynikaj\u0105cy z przykazania ko\u015bcielnego. Zach\u0119camy do Spowiedzi i Komunii \u015bwi\u0119tej.<\/strong><\/p>\n<p><strong><span style=\"color: #ff0000;\">W Bo\u017ce Cia\u0142o w czwartek 16 czerwca<\/span> w naszym ko\u015bciele <span style=\"color: #ff0000;\">Msza \u015bwi\u0119ta o 8.00.<\/span> Nie b\u0119dzie Mszy \u015bwi\u0119tej o 9.00 i 11.00.<\/strong><br \/>\n<strong><span style=\"color: #ff0000;\">O 10.00 Msza \u015bw. przy kaplicy Wieczernik<\/span> i Procesja Eucharystyczna dr\u00f3\u017ckami kalwaryjskimi do ko\u015bcio\u0142a \u015bw. Bonawentury. \u00a0\u00a0\u00a0\u00a0\u00a0 \u00a0\u00a0<\/strong><br \/>\n<strong><br \/>\nPod ch\u00f3rem do nabycia czasopismo: Przewodnik Katolicki.<\/strong><\/p>\n<p><strong>Dzi\u0119kujemy wszystkim, kt\u00f3ry pomogli w przygotowaniu uroczysto\u015bci Nawiedzenia Jasnog\u00f3rskiego Obrazu oraz wzi\u0119li udzia\u0142 w tych wyj\u0105tkowych i historycznych uroczysto\u015bciach.<\/strong><br \/>\n<strong>Dzi\u0119kujemy za ka\u017cde Wasze duchowe i materialne wsparcie.<\/strong><\/p>\n<p><strong>Niech Dobry B\u00f3g Wam obficie b\u0142ogos\u0142awi oraz pomaga w dobrym wykorzystaniu dar\u00f3w Ducha \u015awi\u0119tego w codziennym \u017cyciu. Niech Matka Bo\u017ca, kt\u00f3r\u0105 go\u015bcili\u015bmy w naszej Parafii w Jasnog\u00f3rskiej Ikonie niech nas, nasze rodziny i parafi\u0119 dalej prowadzi przez codzienne \u017cycie razem z Panem Jezusem Ukrzy\u017cowanym.<\/strong><br \/>\n<strong><br \/>\n<\/strong><strong>Z darem modlitwy Bracia Mniejsi Franciszkanie z Pako\u015bci \u2013 Kalwarii\u00a0\u00a0\u00a0\u00a0\u00a0\u00a0\u00a0\u00a0 <\/strong><\/p>\n","protected":false},"excerpt":{"rendered":"<p>W niedziel\u0119 (05.06.) \u2013 uroczysto\u015b\u0107 Zes\u0142ania Ducha \u015awi\u0119tego. Msze \u015bw. o 9.00 i 11.00.\u00a0 O 17.00 zapraszamy ch\u0119tne osoby do pomocy w przygotowaniu naszego ko\u015bcio\u0142a do renowacji i malowania prezbiterium. Od poniedzia\u0142ku 6 czerwca z powodu remontu i malowania prezbiterium w naszym ko\u015bciele Msze \u015bwi\u0119te b\u0119d\u0105 odprawiane przy o\u0142tarzu polowym. W poniedzia\u0142ek (06.06.) \u2013 \u015bwi\u0119to &hellip;<\/p>\n","protected":false},"author":2,"featured_media":23574,"comment_status":"closed","ping_status":"closed","sticky":false,"template":"","format":"standard","meta":{"_mi_skip_tracking":false,"_exactmetrics_sitenote_active":false,"_exactmetrics_sitenote_note":"","_exactmetrics_sitenote_category":0},"categories":[5],"tags":[],"yoast_head":"<!-- This site is optimized with the Yoast SEO plugin v18.1 - https:\/\/yoast.com\/wordpress\/plugins\/seo\/ -->\n<title>Og\u0142oszenia duszpasterskie - Uroczysto\u015b\u0107 Zes\u0142ania Ducha \u015awi\u0119tego - Pako\u015b\u0107 \u2013 Kalwaria<\/title>\n<meta name=\"robots\" content=\"index, follow, max-snippet:-1, max-image-preview:large, max-video-preview:-1\" \/>\n<link rel=\"canonical\" href=\"https:\/\/pakosc-kalwaria.franciszkanie.net\/index.php\/2022\/06\/04\/ogloszenia-duszpasterskie-uroczystosc-zeslania-ducha-swietego-4\/\" \/>\n<meta property=\"og:locale\" content=\"pl_PL\" \/>\n<meta property=\"og:type\" content=\"article\" \/>\n<meta property=\"og:title\" content=\"Og\u0142oszenia duszpasterskie - Uroczysto\u015b\u0107 Zes\u0142ania Ducha \u015awi\u0119tego - Pako\u015b\u0107 \u2013 Kalwaria\" \/>\n<meta property=\"og:description\" content=\"W niedziel\u0119 (05.06.) \u2013 uroczysto\u015b\u0107 Zes\u0142ania Ducha \u015awi\u0119tego. Msze \u015bw. o 9.00 i 11.00.\u00a0 O 17.00 zapraszamy ch\u0119tne osoby do pomocy w przygotowaniu naszego ko\u015bcio\u0142a do renowacji i malowania prezbiterium. Od poniedzia\u0142ku 6 czerwca z powodu remontu i malowania prezbiterium w naszym ko\u015bciele Msze \u015bwi\u0119te b\u0119d\u0105 odprawiane przy o\u0142tarzu polowym. W poniedzia\u0142ek (06.06.) \u2013 \u015bwi\u0119to &hellip;\" \/>\n<meta property=\"og:url\" content=\"https:\/\/pakosc-kalwaria.franciszkanie.net\/index.php\/2022\/06\/04\/ogloszenia-duszpasterskie-uroczystosc-zeslania-ducha-swietego-4\/\" \/>\n<meta property=\"og:site_name\" content=\"Pako\u015b\u0107 \u2013 Kalwaria\" \/>\n<meta property=\"article:author\" content=\"https:\/\/www.facebook.com\/KalwariaPakosc\/\" \/>\n<meta property=\"article:published_time\" content=\"2022-06-04T07:09:15+00:00\" \/>\n<meta property=\"article:modified_time\" content=\"2022-06-04T07:10:05+00:00\" \/>\n<meta property=\"og:image\" content=\"https:\/\/pakosc-kalwaria.franciszkanie.net\/wp-content\/uploads\/2022\/06\/dary_ducha-1.png\" \/>\n\t<meta property=\"og:image:width\" content=\"230\" \/>\n\t<meta property=\"og:image:height\" content=\"235\" \/>\n\t<meta property=\"og:image:type\" content=\"image\/png\" \/>\n<meta name=\"twitter:card\" content=\"summary\" \/>\n<meta name=\"twitter:label1\" content=\"Napisane przez\" \/>\n\t<meta name=\"twitter:data1\" content=\"pakosc-kalwaria\" \/>\n\t<meta name=\"twitter:label2\" content=\"Szacowany czas czytania\" \/>\n\t<meta name=\"twitter:data2\" content=\"2 minuty\" \/>\n<script type=\"application\/ld+json\" class=\"yoast-schema-graph\">{\"@context\":\"https:\/\/schema.org\",\"@graph\":[{\"@type\":\"WebSite\",\"@id\":\"https:\/\/pakosc-kalwaria.franciszkanie.net\/#website\",\"url\":\"https:\/\/pakosc-kalwaria.franciszkanie.net\/\",\"name\":\"Pako\u015b\u0107 \u2013 Kalwaria\",\"description\":\"Parafia Rzymsko \u2013 Katolicka p.w. Pana Jezusa Ukrzy\u017cowanego i  Matki Bo\u017cej Bolesnej ul. Barci\u0144ska 60, 88\u2013170 Pako\u015b\u0107 \u2013 Kalwaria\",\"potentialAction\":[{\"@type\":\"SearchAction\",\"target\":{\"@type\":\"EntryPoint\",\"urlTemplate\":\"https:\/\/pakosc-kalwaria.franciszkanie.net\/?s={search_term_string}\"},\"query-input\":\"required name=search_term_string\"}],\"inLanguage\":\"pl-PL\"},{\"@type\":\"ImageObject\",\"@id\":\"https:\/\/pakosc-kalwaria.franciszkanie.net\/index.php\/2022\/06\/04\/ogloszenia-duszpasterskie-uroczystosc-zeslania-ducha-swietego-4\/#primaryimage\",\"inLanguage\":\"pl-PL\",\"url\":\"https:\/\/pakosc-kalwaria.franciszkanie.net\/wp-content\/uploads\/2022\/06\/dary_ducha-1.png\",\"contentUrl\":\"https:\/\/pakosc-kalwaria.franciszkanie.net\/wp-content\/uploads\/2022\/06\/dary_ducha-1.png\",\"width\":230,\"height\":235},{\"@type\":\"WebPage\",\"@id\":\"https:\/\/pakosc-kalwaria.franciszkanie.net\/index.php\/2022\/06\/04\/ogloszenia-duszpasterskie-uroczystosc-zeslania-ducha-swietego-4\/#webpage\",\"url\":\"https:\/\/pakosc-kalwaria.franciszkanie.net\/index.php\/2022\/06\/04\/ogloszenia-duszpasterskie-uroczystosc-zeslania-ducha-swietego-4\/\",\"name\":\"Og\u0142oszenia duszpasterskie - Uroczysto\u015b\u0107 Zes\u0142ania Ducha \u015awi\u0119tego - Pako\u015b\u0107 \u2013 Kalwaria\",\"isPartOf\":{\"@id\":\"https:\/\/pakosc-kalwaria.franciszkanie.net\/#website\"},\"primaryImageOfPage\":{\"@id\":\"https:\/\/pakosc-kalwaria.franciszkanie.net\/index.php\/2022\/06\/04\/ogloszenia-duszpasterskie-uroczystosc-zeslania-ducha-swietego-4\/#primaryimage\"},\"datePublished\":\"2022-06-04T07:09:15+00:00\",\"dateModified\":\"2022-06-04T07:10:05+00:00\",\"author\":{\"@id\":\"https:\/\/pakosc-kalwaria.franciszkanie.net\/#\/schema\/person\/af10b943be0760709227d060eadcb2aa\"},\"breadcrumb\":{\"@id\":\"https:\/\/pakosc-kalwaria.franciszkanie.net\/index.php\/2022\/06\/04\/ogloszenia-duszpasterskie-uroczystosc-zeslania-ducha-swietego-4\/#breadcrumb\"},\"inLanguage\":\"pl-PL\",\"potentialAction\":[{\"@type\":\"ReadAction\",\"target\":[\"https:\/\/pakosc-kalwaria.franciszkanie.net\/index.php\/2022\/06\/04\/ogloszenia-duszpasterskie-uroczystosc-zeslania-ducha-swietego-4\/\"]}]},{\"@type\":\"BreadcrumbList\",\"@id\":\"https:\/\/pakosc-kalwaria.franciszkanie.net\/index.php\/2022\/06\/04\/ogloszenia-duszpasterskie-uroczystosc-zeslania-ducha-swietego-4\/#breadcrumb\",\"itemListElement\":[{\"@type\":\"ListItem\",\"position\":1,\"name\":\"Strona g\u0142\u00f3wna\",\"item\":\"https:\/\/pakosc-kalwaria.franciszkanie.net\/\"},{\"@type\":\"ListItem\",\"position\":2,\"name\":\"Og\u0142oszenia duszpasterskie &#8211; Uroczysto\u015b\u0107 Zes\u0142ania Ducha \u015awi\u0119tego\"}]},{\"@type\":\"Person\",\"@id\":\"https:\/\/pakosc-kalwaria.franciszkanie.net\/#\/schema\/person\/af10b943be0760709227d060eadcb2aa\",\"name\":\"pakosc-kalwaria\",\"image\":{\"@type\":\"ImageObject\",\"@id\":\"https:\/\/pakosc-kalwaria.franciszkanie.net\/#personlogo\",\"inLanguage\":\"pl-PL\",\"url\":\"https:\/\/secure.gravatar.com\/avatar\/e7049d338b55eac6a0027ff3218b8d02?s=96&d=mm&r=g\",\"contentUrl\":\"https:\/\/secure.gravatar.com\/avatar\/e7049d338b55eac6a0027ff3218b8d02?s=96&d=mm&r=g\",\"caption\":\"pakosc-kalwaria\"},\"sameAs\":[\"https:\/\/www.facebook.com\/KalwariaPakosc\/\"],\"url\":\"https:\/\/pakosc-kalwaria.franciszkanie.net\/index.php\/author\/pakosc-kalwaria\/\"}]}<\/script>\n<!-- \/ Yoast SEO plugin. -->","yoast_head_json":{"title":"Og\u0142oszenia duszpasterskie - Uroczysto\u015b\u0107 Zes\u0142ania Ducha \u015awi\u0119tego - Pako\u015b\u0107 \u2013 Kalwaria","robots":{"index":"index","follow":"follow","max-snippet":"max-snippet:-1","max-image-preview":"max-image-preview:large","max-video-preview":"max-video-preview:-1"},"canonical":"https:\/\/pakosc-kalwaria.franciszkanie.net\/index.php\/2022\/06\/04\/ogloszenia-duszpasterskie-uroczystosc-zeslania-ducha-swietego-4\/","og_locale":"pl_PL","og_type":"article","og_title":"Og\u0142oszenia duszpasterskie - Uroczysto\u015b\u0107 Zes\u0142ania Ducha \u015awi\u0119tego - Pako\u015b\u0107 \u2013 Kalwaria","og_description":"W niedziel\u0119 (05.06.) \u2013 uroczysto\u015b\u0107 Zes\u0142ania Ducha \u015awi\u0119tego. Msze \u015bw. o 9.00 i 11.00.\u00a0 O 17.00 zapraszamy ch\u0119tne osoby do pomocy w przygotowaniu naszego ko\u015bcio\u0142a do renowacji i malowania prezbiterium. Od poniedzia\u0142ku 6 czerwca z powodu remontu i malowania prezbiterium w naszym ko\u015bciele Msze \u015bwi\u0119te b\u0119d\u0105 odprawiane przy o\u0142tarzu polowym. W poniedzia\u0142ek (06.06.) \u2013 \u015bwi\u0119to &hellip;","og_url":"https:\/\/pakosc-kalwaria.franciszkanie.net\/index.php\/2022\/06\/04\/ogloszenia-duszpasterskie-uroczystosc-zeslania-ducha-swietego-4\/","og_site_name":"Pako\u015b\u0107 \u2013 Kalwaria","article_author":"https:\/\/www.facebook.com\/KalwariaPakosc\/","article_published_time":"2022-06-04T07:09:15+00:00","article_modified_time":"2022-06-04T07:10:05+00:00","og_image":[{"width":230,"height":235,"url":"https:\/\/pakosc-kalwaria.franciszkanie.net\/wp-content\/uploads\/2022\/06\/dary_ducha-1.png","type":"image\/png"}],"twitter_card":"summary","twitter_misc":{"Napisane przez":"pakosc-kalwaria","Szacowany czas czytania":"2 minuty"},"schema":{"@context":"https:\/\/schema.org","@graph":[{"@type":"WebSite","@id":"https:\/\/pakosc-kalwaria.franciszkanie.net\/#website","url":"https:\/\/pakosc-kalwaria.franciszkanie.net\/","name":"Pako\u015b\u0107 \u2013 Kalwaria","description":"Parafia Rzymsko \u2013 Katolicka p.w. Pana Jezusa Ukrzy\u017cowanego i  Matki Bo\u017cej Bolesnej ul. Barci\u0144ska 60, 88\u2013170 Pako\u015b\u0107 \u2013 Kalwaria","potentialAction":[{"@type":"SearchAction","target":{"@type":"EntryPoint","urlTemplate":"https:\/\/pakosc-kalwaria.franciszkanie.net\/?s={search_term_string}"},"query-input":"required name=search_term_string"}],"inLanguage":"pl-PL"},{"@type":"ImageObject","@id":"https:\/\/pakosc-kalwaria.franciszkanie.net\/index.php\/2022\/06\/04\/ogloszenia-duszpasterskie-uroczystosc-zeslania-ducha-swietego-4\/#primaryimage","inLanguage":"pl-PL","url":"https:\/\/pakosc-kalwaria.franciszkanie.net\/wp-content\/uploads\/2022\/06\/dary_ducha-1.png","contentUrl":"https:\/\/pakosc-kalwaria.franciszkanie.net\/wp-content\/uploads\/2022\/06\/dary_ducha-1.png","width":230,"height":235},{"@type":"WebPage","@id":"https:\/\/pakosc-kalwaria.franciszkanie.net\/index.php\/2022\/06\/04\/ogloszenia-duszpasterskie-uroczystosc-zeslania-ducha-swietego-4\/#webpage","url":"https:\/\/pakosc-kalwaria.franciszkanie.net\/index.php\/2022\/06\/04\/ogloszenia-duszpasterskie-uroczystosc-zeslania-ducha-swietego-4\/","name":"Og\u0142oszenia duszpasterskie - Uroczysto\u015b\u0107 Zes\u0142ania Ducha \u015awi\u0119tego - Pako\u015b\u0107 \u2013 Kalwaria","isPartOf":{"@id":"https:\/\/pakosc-kalwaria.franciszkanie.net\/#website"},"primaryImageOfPage":{"@id":"https:\/\/pakosc-kalwaria.franciszkanie.net\/index.php\/2022\/06\/04\/ogloszenia-duszpasterskie-uroczystosc-zeslania-ducha-swietego-4\/#primaryimage"},"datePublished":"2022-06-04T07:09:15+00:00","dateModified":"2022-06-04T07:10:05+00:00","author":{"@id":"https:\/\/pakosc-kalwaria.franciszkanie.net\/#\/schema\/person\/af10b943be0760709227d060eadcb2aa"},"breadcrumb":{"@id":"https:\/\/pakosc-kalwaria.franciszkanie.net\/index.php\/2022\/06\/04\/ogloszenia-duszpasterskie-uroczystosc-zeslania-ducha-swietego-4\/#breadcrumb"},"inLanguage":"pl-PL","potentialAction":[{"@type":"ReadAction","target":["https:\/\/pakosc-kalwaria.franciszkanie.net\/index.php\/2022\/06\/04\/ogloszenia-duszpasterskie-uroczystosc-zeslania-ducha-swietego-4\/"]}]},{"@type":"BreadcrumbList","@id":"https:\/\/pakosc-kalwaria.franciszkanie.net\/index.php\/2022\/06\/04\/ogloszenia-duszpasterskie-uroczystosc-zeslania-ducha-swietego-4\/#breadcrumb","itemListElement":[{"@type":"ListItem","position":1,"name":"Strona g\u0142\u00f3wna","item":"https:\/\/pakosc-kalwaria.franciszkanie.net\/"},{"@type":"ListItem","position":2,"name":"Og\u0142oszenia duszpasterskie &#8211; Uroczysto\u015b\u0107 Zes\u0142ania Ducha \u015awi\u0119tego"}]},{"@type":"Person","@id":"https:\/\/pakosc-kalwaria.franciszkanie.net\/#\/schema\/person\/af10b943be0760709227d060eadcb2aa","name":"pakosc-kalwaria","image":{"@type":"ImageObject","@id":"https:\/\/pakosc-kalwaria.franciszkanie.net\/#personlogo","inLanguage":"pl-PL","url":"https:\/\/secure.gravatar.com\/avatar\/e7049d338b55eac6a0027ff3218b8d02?s=96&d=mm&r=g","contentUrl":"https:\/\/secure.gravatar.com\/avatar\/e7049d338b55eac6a0027ff3218b8d02?s=96&d=mm&r=g","caption":"pakosc-kalwaria"},"sameAs":["https:\/\/www.facebook.com\/KalwariaPakosc\/"],"url":"https:\/\/pakosc-kalwaria.franciszkanie.net\/index.php\/author\/pakosc-kalwaria\/"}]}},"_links":{"self":[{"href":"https:\/\/pakosc-kalwaria.franciszkanie.net\/index.php\/wp-json\/wp\/v2\/posts\/23576"}],"collection":[{"href":"https:\/\/pakosc-kalwaria.franciszkanie.net\/index.php\/wp-json\/wp\/v2\/posts"}],"about":[{"href":"https:\/\/pakosc-kalwaria.franciszkanie.net\/index.php\/wp-json\/wp\/v2\/types\/post"}],"author":[{"embeddable":true,"href":"https:\/\/pakosc-kalwaria.franciszkanie.net\/index.php\/wp-json\/wp\/v2\/users\/2"}],"replies":[{"embeddable":true,"href":"https:\/\/pakosc-kalwaria.franciszkanie.net\/index.php\/wp-json\/wp\/v2\/comments?post=23576"}],"version-history":[{"count":3,"href":"https:\/\/pakosc-kalwaria.franciszkanie.net\/index.php\/wp-json\/wp\/v2\/posts\/23576\/revisions"}],"predecessor-version":[{"id":23579,"href":"https:\/\/pakosc-kalwaria.franciszkanie.net\/index.php\/wp-json\/wp\/v2\/posts\/23576\/revisions\/23579"}],"wp:featuredmedia":[{"embeddable":true,"href":"https:\/\/pakosc-kalwaria.franciszkanie.net\/index.php\/wp-json\/wp\/v2\/media\/23574"}],"wp:attachment":[{"href":"https:\/\/pakosc-kalwaria.franciszkanie.net\/index.php\/wp-json\/wp\/v2\/media?parent=23576"}],"wp:term":[{"taxonomy":"category","embeddable":true,"href":"https:\/\/pakosc-kalwaria.franciszkanie.net\/index.php\/wp-json\/wp\/v2\/categories?post=23576"},{"taxonomy":"post_tag","embeddable":true,"href":"https:\/\/pakosc-kalwaria.franciszkanie.net\/index.php\/wp-json\/wp\/v2\/tags?post=23576"}],"curies":[{"name":"wp","href":"https:\/\/api.w.org\/{rel}","templated":true}]}}