{"id":23588,"date":"2022-06-04T18:30:03","date_gmt":"2022-06-04T16:30:03","guid":{"rendered":"http:\/\/pakosc-kalwaria.franciszkanie.net\/?p=23588"},"modified":"2022-06-04T15:41:20","modified_gmt":"2022-06-04T13:41:20","slug":"do-medytacji-z-kalwaryjskiego-wzgorza-z-pierwszej-soboty-miesiaca-4-czerwca","status":"publish","type":"post","link":"https:\/\/pakosc-kalwaria.franciszkanie.net\/index.php\/2022\/06\/04\/do-medytacji-z-kalwaryjskiego-wzgorza-z-pierwszej-soboty-miesiaca-4-czerwca\/","title":{"rendered":"Do medytacji z kalwaryjskiego Wzg\u00f3rza z Pierwszej Soboty Miesiaca \u2013 4 czerwca"},"content":{"rendered":"<p><strong><span style=\"color: #ff0000;\">Z kazania na kalwaryjskim Wzg\u00f3rzu \u2013 04.06.2022r.<\/span><br \/>\n<\/strong><\/p>\n<p><strong>Rola Ducha \u015awi\u0119tego w \u017cyciu Maryi.<\/strong><strong>\u00a0 (Wigilia Zes\u0142ania Ducha \u015awi\u0119tego)<\/strong><br \/>\nEwangelie ukazuj\u0105 nam Maryj\u0119 w r\u00f3\u017cnych \u017cyciowych sytuacjach. I \u0142atwo w nich zauwa\u017cy\u0107, \u017ce to Duch \u015awi\u0119ty roztacza nad Ni\u0105 opiek\u0119 i uk\u0142ada Jej codzienne \u017cycie; \u017cycie pe\u0142ne sensu i pi\u0119knie wpisuj\u0105ce si\u0119 w ca\u0142o\u015b\u0107 Boskiego planu zbawienia. Duch \u015awi\u0119ty przenika Maryj\u0119 w momencie Zwiastowania przy wcieleniu Syna. Jest razem z Maryj\u0105 i aposto\u0142ami w czasie Pi\u0119\u0107dziesi\u0105tnicy, u pocz\u0105tku narodzin Ko\u015bcio\u0142a. Duch \u015awi\u0119ty pomaga Maryi odkrywa\u0107 stopniowo Jej misj\u0119 w Ko\u015bciele oraz rozumie\u0107 w\u0142asne \u017cycie jako s\u0142u\u017cb\u0119 sprawie Bo\u017cej. M\u00f3wi si\u0119 o Maryi, \u017ce jest ikon\u0105 Ducha \u015awi\u0119tego. Poprzez dzia\u0142anie Ducha \u015awi\u0119tego widzimy w Maryi Jej \u015bwi\u0119to\u015b\u0107, nieskalano\u015b\u0107 i czysto\u015b\u0107.\u00a0 \u017bycie zespolone z Duchem \u015awi\u0119tym nabiera wymiaru Bo\u017cej mi\u0142o\u015bci i Bo\u017cego pi\u0119kna. Ona jest mistrzyni\u0105, kt\u00f3ra uczy jak przyjmowa\u0107 Ducha \u015awi\u0119tego i jak w Nim \u017cy\u0107.\u00a0To oddanie si\u0119 Maryi Duchowi \u015awi\u0119temu mog\u0142o si\u0119 dokona\u0107 tylko ze wzgl\u0119du na Jej Syna, kt\u00f3ry jako B\u00f3g-Cz\u0142owiek przekroczy\u0142 granic\u0119 mi\u0119dzy Bogiem a pogr\u0105\u017con\u0105 w grzechu ludzk\u0105 natur\u0105. B\u00f3g chcia\u0142, aby nasza relacja z Chrystusem by\u0142a kszta\u0142towana przez Maryj\u0119, kt\u00f3ra zjednoczona z Duchem \u015awi\u0119tym nosi nas w swoim \u0142onie jako Matka, w kt\u00f3rej znajdujemy oparcie i macierzy\u0144sk\u0105 troskliwo\u015b\u0107.<br \/>\nIstnieje \u015bcis\u0142a zale\u017cno\u015b\u0107 mi\u0119dzy Duchem \u015awi\u0119tym, a Maryj\u0105. Mo\u017cna powiedzie\u0107, \u017ce gdy kto\u015b poleca si\u0119 Maryi Niepokalanej, oddaje si\u0119 tak\u017ce\u00a0 \u00a0Duchowi \u015awi\u0119temu, czyli samemu Bogu i trwa w Nim, wype\u0142niaj\u0105c Jego wol\u0119. Mi\u0119dzy Duchem \u015awi\u0119tym, czyli Osob\u0105 Bosk\u0105, a Maryj\u0105 istot\u0105 ludzk\u0105, dostrzegamy najpe\u0142niejszy spos\u00f3b oddania.\u00a0 St\u0105d ka\u017cda osoba zwi\u0105zana z Matk\u0105 Bo\u017c\u0105 prze\u017cywa pragnienie oddania si\u0119 Bogu. Cz\u0142owiek dzi\u0119ki otwarciu si\u0119 na Maryj\u0119, otwiera si\u0119 na Ducha \u015awi\u0119tego, kt\u00f3ry czyni go czystym, nieskalanym, \u015bwi\u0119tym. Za \u015bw. Janem Eudesem mo\u017cemy powiedzie\u0107, \u017ce \u201edwa Serca, Jezusa i Maryi s\u0105 tak \u015bci\u015ble ze sob\u0105 z\u0142\u0105czone, \u017ce Serce Jezusa jest pocz\u0105tkiem Serca Maryi\u2026 Serce za\u015b Maryi jest pocz\u0105tkiem Serca Jezusa, tak jak matka jest pocz\u0105tkiem swego dziecka\u201d.<br \/>\nBiblia m\u00f3wi, w jaki spos\u00f3b mo\u017cemy otrzyma\u0107 Ducha \u015awi\u0119tego? Dzieje si\u0119 to podobnie jak w \u017cyciu Maryi, kt\u00f3ra zosta\u0142a nape\u0142niona \u0142ask\u0105 Ducha \u015awi\u0119tego przez S\u0142owo Bo\u017ce, Krzy\u017c i modlitw\u0119. Maryja by\u0142a otwarta na S\u0142owo Bo\u017ce, a w Bo\u017cym S\u0142owie jest Duch \u015awi\u0119ty. Je\u015bli kto\u015b w swoim \u017cyciu\u00a0 przyjmuje Krzy\u017c, to zarazem otwiera si\u0119 na Ducha \u015awi\u0119tego. Tak\u017ce modlitwa rodzi\u0142a si\u0119 w Maryi dzi\u0119ki dzia\u0142aniu Ducha \u015awi\u0119tego. Maryja w swoim \u017cyciu by\u0142a wr\u0119cz spragniona Ducha \u015awi\u0119tego. Wypowiadaj\u0105c w Kanie Galilejskiej s\u0142owa: \u201eZr\u00f3bcie wszystko, cokolwiek wam powie\u201d, uczy nas, \u017ce dzi\u0119ki m\u0105dro\u015bci i mocy Ducha \u015awi\u0119tego Pocieszyciela, ludzkie serca mog\u0105 si\u0119 nape\u0142ni\u0107 pos\u0142usze\u0144stwem wobec Boga, by bez l\u0119ku post\u0119powa\u0107 drog\u0105 Jej Syna, nawet w obliczu cierpienia i \u015bmierci. Maryja stoj\u0105c pod Krzy\u017cem uczy, jak nale\u017cy przyjmowa\u0107 Ducha \u015awi\u0119tego w trudnych sytuacjach \u017cyciowych, by zgodzi\u0107 si\u0119 na wol\u0119 Bo\u017c\u0105.<br \/>\nJak wielk\u0105 rol\u0119 Maryja odgrywa w odkupie\u0144czym dziele Zbawiciela, zauwa\u017camy szczeg\u00f3lnie w Eucharystii, w kt\u00f3rej Chrystus uobecnia si\u0119 w prawdziwym ciele zrodzonym z Maryi. \u015aw. Jan Pawe\u0142 II napisze, \u017ce \u201eMaryja prowadzi wiernych do Eucharystii\u201d. Czym jest Eucharystia? Eucharystia jest sakramentem jedno\u015bci i wsp\u00f3lnoty Ko\u015bcio\u0142a. Duch \u015awi\u0119ty czyni Ko\u015bci\u00f3\u0142 jednym. Jak Uczy Sob\u00f3r Watyka\u0144ski II: \u201ePrzy \u0142amaniu chleba eucharystycznego, uczestnicz\u0105c w spos\u00f3b rzeczywisty w Ciele Pa\u0144skim, wznosimy si\u0119 do wsp\u00f3lnoty z Nim i nawzajem ze sob\u0105\u201d. Duch \u015awi\u0119ty przemienia chleb i wino w Cia\u0142o i Krew Chrystusa. Bez Niego nie by\u0142oby Eucharystii. Duch \u015awi\u0119ty poci\u0105ga ludzi do Eucharystii, wlewa w nich t\u0119sknot\u0119, aby karmi\u0107 si\u0119 Cia\u0142em i Krwi\u0105 Chrystusa. Wszyscy \u015bwi\u0119ci i b\u0142ogos\u0142awieni \u017cyli Eucharysti\u0105, z niej czerpali si\u0142\u0119 do wzrastania w mi\u0142o\u015bci i jedno\u015bci. To dzi\u0119ki Eucharystii i poprzez Ni\u0105, Ko\u015bci\u00f3\u0142 jest wsp\u00f3lnot\u0105 \u015bwi\u0119tych. Maryja, Niewiasta Eucharystii pomaga nam prze\u017cywa\u0107 Tajemnic\u0119 eucharystyczn\u0105 w duchu nieko\u0144cz\u0105cego si\u0119 wielbienia Boga. Kiedy patrzymy na Maryj\u0119, pr\u00f3buj\u0105c si\u0119 upodobni\u0107 do Niej i pozwoli\u0107 aby w nas \u017cy\u0142a swoim \u017cyciem, to tak jak Ona otwieramy si\u0119 na Boga i na Eucharysti\u0119, w kt\u00f3rej obecny jest Jej Syn.<br \/>\nMaryjo, \u00a0Oblubienico Ducha \u015awi\u0119tego, prowad\u017a wi\u0119c nas do Boga i jak najcz\u0119\u015bciej na Eucharysti\u0119. Amen.<\/p>\n","protected":false},"excerpt":{"rendered":"<p>Z kazania na kalwaryjskim Wzg\u00f3rzu \u2013 04.06.2022r. Rola Ducha \u015awi\u0119tego w \u017cyciu Maryi.\u00a0 (Wigilia Zes\u0142ania Ducha \u015awi\u0119tego) Ewangelie ukazuj\u0105 nam Maryj\u0119 w r\u00f3\u017cnych \u017cyciowych sytuacjach. I \u0142atwo w nich zauwa\u017cy\u0107, \u017ce to Duch \u015awi\u0119ty roztacza nad Ni\u0105 opiek\u0119 i uk\u0142ada Jej codzienne \u017cycie; \u017cycie pe\u0142ne sensu i pi\u0119knie wpisuj\u0105ce si\u0119 w ca\u0142o\u015b\u0107 Boskiego planu zbawienia. &hellip;<\/p>\n","protected":false},"author":2,"featured_media":23589,"comment_status":"closed","ping_status":"closed","sticky":false,"template":"","format":"standard","meta":{"_mi_skip_tracking":false,"_exactmetrics_sitenote_active":false,"_exactmetrics_sitenote_note":"","_exactmetrics_sitenote_category":0},"categories":[14],"tags":[],"yoast_head":"<!-- This site is optimized with the Yoast SEO plugin v18.1 - https:\/\/yoast.com\/wordpress\/plugins\/seo\/ -->\n<title>Do medytacji z kalwaryjskiego Wzg\u00f3rza z Pierwszej Soboty Miesiaca \u2013 4 czerwca - Pako\u015b\u0107 \u2013 Kalwaria<\/title>\n<meta name=\"robots\" content=\"index, follow, max-snippet:-1, max-image-preview:large, max-video-preview:-1\" \/>\n<link rel=\"canonical\" href=\"https:\/\/pakosc-kalwaria.franciszkanie.net\/index.php\/2022\/06\/04\/do-medytacji-z-kalwaryjskiego-wzgorza-z-pierwszej-soboty-miesiaca-4-czerwca\/\" \/>\n<meta property=\"og:locale\" content=\"pl_PL\" \/>\n<meta property=\"og:type\" content=\"article\" \/>\n<meta property=\"og:title\" content=\"Do medytacji z kalwaryjskiego Wzg\u00f3rza z Pierwszej Soboty Miesiaca \u2013 4 czerwca - Pako\u015b\u0107 \u2013 Kalwaria\" \/>\n<meta property=\"og:description\" content=\"Z kazania na kalwaryjskim Wzg\u00f3rzu \u2013 04.06.2022r. Rola Ducha \u015awi\u0119tego w \u017cyciu Maryi.\u00a0 (Wigilia Zes\u0142ania Ducha \u015awi\u0119tego) Ewangelie ukazuj\u0105 nam Maryj\u0119 w r\u00f3\u017cnych \u017cyciowych sytuacjach. I \u0142atwo w nich zauwa\u017cy\u0107, \u017ce to Duch \u015awi\u0119ty roztacza nad Ni\u0105 opiek\u0119 i uk\u0142ada Jej codzienne \u017cycie; \u017cycie pe\u0142ne sensu i pi\u0119knie wpisuj\u0105ce si\u0119 w ca\u0142o\u015b\u0107 Boskiego planu zbawienia. &hellip;\" \/>\n<meta property=\"og:url\" content=\"https:\/\/pakosc-kalwaria.franciszkanie.net\/index.php\/2022\/06\/04\/do-medytacji-z-kalwaryjskiego-wzgorza-z-pierwszej-soboty-miesiaca-4-czerwca\/\" \/>\n<meta property=\"og:site_name\" content=\"Pako\u015b\u0107 \u2013 Kalwaria\" \/>\n<meta property=\"article:author\" content=\"https:\/\/www.facebook.com\/KalwariaPakosc\/\" \/>\n<meta property=\"article:published_time\" content=\"2022-06-04T16:30:03+00:00\" \/>\n<meta property=\"article:modified_time\" content=\"2022-06-04T13:41:20+00:00\" \/>\n<meta property=\"og:image\" content=\"https:\/\/pakosc-kalwaria.franciszkanie.net\/wp-content\/uploads\/2022\/06\/mb-czestochowska.jpg\" \/>\n\t<meta property=\"og:image:width\" content=\"250\" \/>\n\t<meta property=\"og:image:height\" content=\"349\" \/>\n\t<meta property=\"og:image:type\" content=\"image\/jpeg\" \/>\n<meta name=\"twitter:card\" content=\"summary\" \/>\n<meta name=\"twitter:label1\" content=\"Napisane przez\" \/>\n\t<meta name=\"twitter:data1\" content=\"pakosc-kalwaria\" \/>\n\t<meta name=\"twitter:label2\" content=\"Szacowany czas czytania\" \/>\n\t<meta name=\"twitter:data2\" content=\"4 minuty\" \/>\n<script type=\"application\/ld+json\" class=\"yoast-schema-graph\">{\"@context\":\"https:\/\/schema.org\",\"@graph\":[{\"@type\":\"WebSite\",\"@id\":\"https:\/\/pakosc-kalwaria.franciszkanie.net\/#website\",\"url\":\"https:\/\/pakosc-kalwaria.franciszkanie.net\/\",\"name\":\"Pako\u015b\u0107 \u2013 Kalwaria\",\"description\":\"Parafia Rzymsko \u2013 Katolicka p.w. Pana Jezusa Ukrzy\u017cowanego i  Matki Bo\u017cej Bolesnej ul. Barci\u0144ska 60, 88\u2013170 Pako\u015b\u0107 \u2013 Kalwaria\",\"potentialAction\":[{\"@type\":\"SearchAction\",\"target\":{\"@type\":\"EntryPoint\",\"urlTemplate\":\"https:\/\/pakosc-kalwaria.franciszkanie.net\/?s={search_term_string}\"},\"query-input\":\"required name=search_term_string\"}],\"inLanguage\":\"pl-PL\"},{\"@type\":\"ImageObject\",\"@id\":\"https:\/\/pakosc-kalwaria.franciszkanie.net\/index.php\/2022\/06\/04\/do-medytacji-z-kalwaryjskiego-wzgorza-z-pierwszej-soboty-miesiaca-4-czerwca\/#primaryimage\",\"inLanguage\":\"pl-PL\",\"url\":\"https:\/\/pakosc-kalwaria.franciszkanie.net\/wp-content\/uploads\/2022\/06\/mb-czestochowska.jpg\",\"contentUrl\":\"https:\/\/pakosc-kalwaria.franciszkanie.net\/wp-content\/uploads\/2022\/06\/mb-czestochowska.jpg\",\"width\":250,\"height\":349},{\"@type\":\"WebPage\",\"@id\":\"https:\/\/pakosc-kalwaria.franciszkanie.net\/index.php\/2022\/06\/04\/do-medytacji-z-kalwaryjskiego-wzgorza-z-pierwszej-soboty-miesiaca-4-czerwca\/#webpage\",\"url\":\"https:\/\/pakosc-kalwaria.franciszkanie.net\/index.php\/2022\/06\/04\/do-medytacji-z-kalwaryjskiego-wzgorza-z-pierwszej-soboty-miesiaca-4-czerwca\/\",\"name\":\"Do medytacji z kalwaryjskiego Wzg\u00f3rza z Pierwszej Soboty Miesiaca \u2013 4 czerwca - Pako\u015b\u0107 \u2013 Kalwaria\",\"isPartOf\":{\"@id\":\"https:\/\/pakosc-kalwaria.franciszkanie.net\/#website\"},\"primaryImageOfPage\":{\"@id\":\"https:\/\/pakosc-kalwaria.franciszkanie.net\/index.php\/2022\/06\/04\/do-medytacji-z-kalwaryjskiego-wzgorza-z-pierwszej-soboty-miesiaca-4-czerwca\/#primaryimage\"},\"datePublished\":\"2022-06-04T16:30:03+00:00\",\"dateModified\":\"2022-06-04T13:41:20+00:00\",\"author\":{\"@id\":\"https:\/\/pakosc-kalwaria.franciszkanie.net\/#\/schema\/person\/af10b943be0760709227d060eadcb2aa\"},\"breadcrumb\":{\"@id\":\"https:\/\/pakosc-kalwaria.franciszkanie.net\/index.php\/2022\/06\/04\/do-medytacji-z-kalwaryjskiego-wzgorza-z-pierwszej-soboty-miesiaca-4-czerwca\/#breadcrumb\"},\"inLanguage\":\"pl-PL\",\"potentialAction\":[{\"@type\":\"ReadAction\",\"target\":[\"https:\/\/pakosc-kalwaria.franciszkanie.net\/index.php\/2022\/06\/04\/do-medytacji-z-kalwaryjskiego-wzgorza-z-pierwszej-soboty-miesiaca-4-czerwca\/\"]}]},{\"@type\":\"BreadcrumbList\",\"@id\":\"https:\/\/pakosc-kalwaria.franciszkanie.net\/index.php\/2022\/06\/04\/do-medytacji-z-kalwaryjskiego-wzgorza-z-pierwszej-soboty-miesiaca-4-czerwca\/#breadcrumb\",\"itemListElement\":[{\"@type\":\"ListItem\",\"position\":1,\"name\":\"Strona g\u0142\u00f3wna\",\"item\":\"https:\/\/pakosc-kalwaria.franciszkanie.net\/\"},{\"@type\":\"ListItem\",\"position\":2,\"name\":\"Do medytacji z kalwaryjskiego Wzg\u00f3rza z Pierwszej Soboty Miesiaca \u2013 4 czerwca\"}]},{\"@type\":\"Person\",\"@id\":\"https:\/\/pakosc-kalwaria.franciszkanie.net\/#\/schema\/person\/af10b943be0760709227d060eadcb2aa\",\"name\":\"pakosc-kalwaria\",\"image\":{\"@type\":\"ImageObject\",\"@id\":\"https:\/\/pakosc-kalwaria.franciszkanie.net\/#personlogo\",\"inLanguage\":\"pl-PL\",\"url\":\"https:\/\/secure.gravatar.com\/avatar\/e7049d338b55eac6a0027ff3218b8d02?s=96&d=mm&r=g\",\"contentUrl\":\"https:\/\/secure.gravatar.com\/avatar\/e7049d338b55eac6a0027ff3218b8d02?s=96&d=mm&r=g\",\"caption\":\"pakosc-kalwaria\"},\"sameAs\":[\"https:\/\/www.facebook.com\/KalwariaPakosc\/\"],\"url\":\"https:\/\/pakosc-kalwaria.franciszkanie.net\/index.php\/author\/pakosc-kalwaria\/\"}]}<\/script>\n<!-- \/ Yoast SEO plugin. -->","yoast_head_json":{"title":"Do medytacji z kalwaryjskiego Wzg\u00f3rza z Pierwszej Soboty Miesiaca \u2013 4 czerwca - Pako\u015b\u0107 \u2013 Kalwaria","robots":{"index":"index","follow":"follow","max-snippet":"max-snippet:-1","max-image-preview":"max-image-preview:large","max-video-preview":"max-video-preview:-1"},"canonical":"https:\/\/pakosc-kalwaria.franciszkanie.net\/index.php\/2022\/06\/04\/do-medytacji-z-kalwaryjskiego-wzgorza-z-pierwszej-soboty-miesiaca-4-czerwca\/","og_locale":"pl_PL","og_type":"article","og_title":"Do medytacji z kalwaryjskiego Wzg\u00f3rza z Pierwszej Soboty Miesiaca \u2013 4 czerwca - Pako\u015b\u0107 \u2013 Kalwaria","og_description":"Z kazania na kalwaryjskim Wzg\u00f3rzu \u2013 04.06.2022r. Rola Ducha \u015awi\u0119tego w \u017cyciu Maryi.\u00a0 (Wigilia Zes\u0142ania Ducha \u015awi\u0119tego) Ewangelie ukazuj\u0105 nam Maryj\u0119 w r\u00f3\u017cnych \u017cyciowych sytuacjach. I \u0142atwo w nich zauwa\u017cy\u0107, \u017ce to Duch \u015awi\u0119ty roztacza nad Ni\u0105 opiek\u0119 i uk\u0142ada Jej codzienne \u017cycie; \u017cycie pe\u0142ne sensu i pi\u0119knie wpisuj\u0105ce si\u0119 w ca\u0142o\u015b\u0107 Boskiego planu zbawienia. &hellip;","og_url":"https:\/\/pakosc-kalwaria.franciszkanie.net\/index.php\/2022\/06\/04\/do-medytacji-z-kalwaryjskiego-wzgorza-z-pierwszej-soboty-miesiaca-4-czerwca\/","og_site_name":"Pako\u015b\u0107 \u2013 Kalwaria","article_author":"https:\/\/www.facebook.com\/KalwariaPakosc\/","article_published_time":"2022-06-04T16:30:03+00:00","article_modified_time":"2022-06-04T13:41:20+00:00","og_image":[{"width":250,"height":349,"url":"https:\/\/pakosc-kalwaria.franciszkanie.net\/wp-content\/uploads\/2022\/06\/mb-czestochowska.jpg","type":"image\/jpeg"}],"twitter_card":"summary","twitter_misc":{"Napisane przez":"pakosc-kalwaria","Szacowany czas czytania":"4 minuty"},"schema":{"@context":"https:\/\/schema.org","@graph":[{"@type":"WebSite","@id":"https:\/\/pakosc-kalwaria.franciszkanie.net\/#website","url":"https:\/\/pakosc-kalwaria.franciszkanie.net\/","name":"Pako\u015b\u0107 \u2013 Kalwaria","description":"Parafia Rzymsko \u2013 Katolicka p.w. Pana Jezusa Ukrzy\u017cowanego i  Matki Bo\u017cej Bolesnej ul. Barci\u0144ska 60, 88\u2013170 Pako\u015b\u0107 \u2013 Kalwaria","potentialAction":[{"@type":"SearchAction","target":{"@type":"EntryPoint","urlTemplate":"https:\/\/pakosc-kalwaria.franciszkanie.net\/?s={search_term_string}"},"query-input":"required name=search_term_string"}],"inLanguage":"pl-PL"},{"@type":"ImageObject","@id":"https:\/\/pakosc-kalwaria.franciszkanie.net\/index.php\/2022\/06\/04\/do-medytacji-z-kalwaryjskiego-wzgorza-z-pierwszej-soboty-miesiaca-4-czerwca\/#primaryimage","inLanguage":"pl-PL","url":"https:\/\/pakosc-kalwaria.franciszkanie.net\/wp-content\/uploads\/2022\/06\/mb-czestochowska.jpg","contentUrl":"https:\/\/pakosc-kalwaria.franciszkanie.net\/wp-content\/uploads\/2022\/06\/mb-czestochowska.jpg","width":250,"height":349},{"@type":"WebPage","@id":"https:\/\/pakosc-kalwaria.franciszkanie.net\/index.php\/2022\/06\/04\/do-medytacji-z-kalwaryjskiego-wzgorza-z-pierwszej-soboty-miesiaca-4-czerwca\/#webpage","url":"https:\/\/pakosc-kalwaria.franciszkanie.net\/index.php\/2022\/06\/04\/do-medytacji-z-kalwaryjskiego-wzgorza-z-pierwszej-soboty-miesiaca-4-czerwca\/","name":"Do medytacji z kalwaryjskiego Wzg\u00f3rza z Pierwszej Soboty Miesiaca \u2013 4 czerwca - Pako\u015b\u0107 \u2013 Kalwaria","isPartOf":{"@id":"https:\/\/pakosc-kalwaria.franciszkanie.net\/#website"},"primaryImageOfPage":{"@id":"https:\/\/pakosc-kalwaria.franciszkanie.net\/index.php\/2022\/06\/04\/do-medytacji-z-kalwaryjskiego-wzgorza-z-pierwszej-soboty-miesiaca-4-czerwca\/#primaryimage"},"datePublished":"2022-06-04T16:30:03+00:00","dateModified":"2022-06-04T13:41:20+00:00","author":{"@id":"https:\/\/pakosc-kalwaria.franciszkanie.net\/#\/schema\/person\/af10b943be0760709227d060eadcb2aa"},"breadcrumb":{"@id":"https:\/\/pakosc-kalwaria.franciszkanie.net\/index.php\/2022\/06\/04\/do-medytacji-z-kalwaryjskiego-wzgorza-z-pierwszej-soboty-miesiaca-4-czerwca\/#breadcrumb"},"inLanguage":"pl-PL","potentialAction":[{"@type":"ReadAction","target":["https:\/\/pakosc-kalwaria.franciszkanie.net\/index.php\/2022\/06\/04\/do-medytacji-z-kalwaryjskiego-wzgorza-z-pierwszej-soboty-miesiaca-4-czerwca\/"]}]},{"@type":"BreadcrumbList","@id":"https:\/\/pakosc-kalwaria.franciszkanie.net\/index.php\/2022\/06\/04\/do-medytacji-z-kalwaryjskiego-wzgorza-z-pierwszej-soboty-miesiaca-4-czerwca\/#breadcrumb","itemListElement":[{"@type":"ListItem","position":1,"name":"Strona g\u0142\u00f3wna","item":"https:\/\/pakosc-kalwaria.franciszkanie.net\/"},{"@type":"ListItem","position":2,"name":"Do medytacji z kalwaryjskiego Wzg\u00f3rza z Pierwszej Soboty Miesiaca \u2013 4 czerwca"}]},{"@type":"Person","@id":"https:\/\/pakosc-kalwaria.franciszkanie.net\/#\/schema\/person\/af10b943be0760709227d060eadcb2aa","name":"pakosc-kalwaria","image":{"@type":"ImageObject","@id":"https:\/\/pakosc-kalwaria.franciszkanie.net\/#personlogo","inLanguage":"pl-PL","url":"https:\/\/secure.gravatar.com\/avatar\/e7049d338b55eac6a0027ff3218b8d02?s=96&d=mm&r=g","contentUrl":"https:\/\/secure.gravatar.com\/avatar\/e7049d338b55eac6a0027ff3218b8d02?s=96&d=mm&r=g","caption":"pakosc-kalwaria"},"sameAs":["https:\/\/www.facebook.com\/KalwariaPakosc\/"],"url":"https:\/\/pakosc-kalwaria.franciszkanie.net\/index.php\/author\/pakosc-kalwaria\/"}]}},"_links":{"self":[{"href":"https:\/\/pakosc-kalwaria.franciszkanie.net\/index.php\/wp-json\/wp\/v2\/posts\/23588"}],"collection":[{"href":"https:\/\/pakosc-kalwaria.franciszkanie.net\/index.php\/wp-json\/wp\/v2\/posts"}],"about":[{"href":"https:\/\/pakosc-kalwaria.franciszkanie.net\/index.php\/wp-json\/wp\/v2\/types\/post"}],"author":[{"embeddable":true,"href":"https:\/\/pakosc-kalwaria.franciszkanie.net\/index.php\/wp-json\/wp\/v2\/users\/2"}],"replies":[{"embeddable":true,"href":"https:\/\/pakosc-kalwaria.franciszkanie.net\/index.php\/wp-json\/wp\/v2\/comments?post=23588"}],"version-history":[{"count":2,"href":"https:\/\/pakosc-kalwaria.franciszkanie.net\/index.php\/wp-json\/wp\/v2\/posts\/23588\/revisions"}],"predecessor-version":[{"id":23591,"href":"https:\/\/pakosc-kalwaria.franciszkanie.net\/index.php\/wp-json\/wp\/v2\/posts\/23588\/revisions\/23591"}],"wp:featuredmedia":[{"embeddable":true,"href":"https:\/\/pakosc-kalwaria.franciszkanie.net\/index.php\/wp-json\/wp\/v2\/media\/23589"}],"wp:attachment":[{"href":"https:\/\/pakosc-kalwaria.franciszkanie.net\/index.php\/wp-json\/wp\/v2\/media?parent=23588"}],"wp:term":[{"taxonomy":"category","embeddable":true,"href":"https:\/\/pakosc-kalwaria.franciszkanie.net\/index.php\/wp-json\/wp\/v2\/categories?post=23588"},{"taxonomy":"post_tag","embeddable":true,"href":"https:\/\/pakosc-kalwaria.franciszkanie.net\/index.php\/wp-json\/wp\/v2\/tags?post=23588"}],"curies":[{"name":"wp","href":"https:\/\/api.w.org\/{rel}","templated":true}]}}