{"id":23593,"date":"2022-06-05T12:00:57","date_gmt":"2022-06-05T10:00:57","guid":{"rendered":"http:\/\/pakosc-kalwaria.franciszkanie.net\/?p=23593"},"modified":"2022-06-12T12:32:47","modified_gmt":"2022-06-12T10:32:47","slug":"do-medytacji-z-kalwaryjskiego-wzgorza-niedziela-05-04-2022r","status":"publish","type":"post","link":"https:\/\/pakosc-kalwaria.franciszkanie.net\/index.php\/2022\/06\/05\/do-medytacji-z-kalwaryjskiego-wzgorza-niedziela-05-04-2022r\/","title":{"rendered":"Do medytacji z kalwaryjskiego Wzg\u00f3rza \u2013 niedziela 05.06.2022r."},"content":{"rendered":"<p><strong><span style=\"color: #ff0000;\">Z liturgii uroczysto\u015bci Zes\u0142ania Ducha \u015awi\u0119tego \u2013 5 czerwca 2022r.<\/span><\/strong><\/p>\n<p><span style=\"color: #ff0000;\"><strong>1. czytanie<\/strong> (Dz 1, 1-11) <\/span><em>Uni\u00f3s\u0142 si\u0119 w ich obecno\u015bci w g\u00f3r\u0119<br \/>\n<\/em><strong>Czytanie z Dziej\u00f3w Apostolskich<br \/>\n<\/strong>Pierwsz\u0105 Ksi\u0119g\u0119 napisa\u0142em, Teofilu, o wszystkim, co Jezus czyni\u0142 i czego naucza\u0142 od pocz\u0105tku a\u017c do dnia, w kt\u00f3rym da\u0142 polecenia aposto\u0142om, kt\u00f3rych sobie wybra\u0142 przez Ducha \u015awi\u0119tego, a potem zosta\u0142 wzi\u0119ty do nieba. Im te\u017c po swojej m\u0119ce da\u0142 wiele dowod\u00f3w, \u017ce \u017cyje: ukazywa\u0142 si\u0119 im przez czterdzie\u015bci dni i m\u00f3wi\u0142 o kr\u00f3lestwie Bo\u017cym. A podczas wsp\u00f3lnego posi\u0142ku przykaza\u0142 im nie odchodzi\u0107 z Jerozolimy, ale oczekiwa\u0107 obietnicy Ojca: \u00abS\u0142yszeli\u015bcie o niej ode Mnie \u2013 m\u00f3wi\u0142 \u2013 Jan chrzci\u0142 wod\u0105, ale wy wkr\u00f3tce zostaniecie ochrzczeni Duchem \u015awi\u0119tym\u00bb. Zapytywali Go zebrani: \u00abPanie, czy w tym czasie przywr\u00f3cisz kr\u00f3lestwo Izraela?\u00bb Odpowiedzia\u0142 im: \u00abNie wasza to rzecz zna\u0107 czasy i chwile, kt\u00f3re Ojciec ustali\u0142 swoj\u0105 w\u0142adz\u0105, ale gdy Duch \u015awi\u0119ty zst\u0105pi na was, otrzymacie Jego moc i b\u0119dziecie moimi \u015bwiadkami w Jeruzalem i w ca\u0142ej Judei, i w Samarii, i a\u017c po kra\u0144ce ziemi\u00bb. Po tych s\u0142owach uni\u00f3s\u0142 si\u0119 w ich obecno\u015bci w g\u00f3r\u0119 i ob\u0142ok zabra\u0142 Go im sprzed oczu. Kiedy jeszcze wpatrywali si\u0119 w Niego, jak wst\u0119powa\u0142 do nieba, przyst\u0105pili do nich dwaj m\u0119\u017cowie w bia\u0142ych szatach. I rzekli: \u00abM\u0119\u017cowie z Galilei, dlaczego stoicie i wpatrujecie si\u0119 w niebo? Ten Jezus, wzi\u0119ty od was do nieba, przyjdzie tak samo, jak widzieli\u015bcie Go wst\u0119puj\u0105cego do nieba\u00bb. Oto S\u0142owo Bo\u017ce.<\/p>\n<div id=\"tabnowy0all\" class=\"tab-pane fade active in\">\n<p><span style=\"color: #ff0000;\"><strong>Psalm<\/strong> <\/span>(Ps 47 (46), 2-3. 6-7. 8-9 (R.: por. 6))<br \/>\n<strong>Pan w\u015br\u00f3d rado\u015bci wst\u0119puje do nieba<\/strong><em><br \/>\n<\/em>Wszystkie narody, klaskajcie w d\u0142onie, *<br \/>\nradosnym g\u0142osem wykrzykujcie Bogu,<br \/>\nbo Pan Najwy\u017cszy i straszliwy, *<br \/>\njest wielkim Kr\u00f3lem nad ca\u0142\u0105 ziemi\u0105.<\/p>\n<p><strong>Pan w\u015br\u00f3d rado\u015bci wst\u0119puje do nieba<br \/>\n<\/strong>B\u00f3g wst\u0119puje w\u015br\u00f3d radosnych okrzyk\u00f3w, *<br \/>\nPan wst\u0119puje przy d\u017awi\u0119ku tr\u0105by.<br \/>\n\u015apiewajcie psalmy Bogu, \u015bpiewajcie, *<br \/>\n\u015bpiewajcie Kr\u00f3lowi naszemu, \u015bpiewajcie.<\/p>\n<p><strong>Pan w\u015br\u00f3d rado\u015bci wst\u0119puje do nieba<br \/>\n<\/strong>Gdy\u017c B\u00f3g jest Kr\u00f3lem ca\u0142ej ziemi, *<br \/>\nhymn za\u015bpiewajcie!<br \/>\nB\u00f3g kr\u00f3luje nad narodami, *<br \/>\nB\u00f3g zasiada na swym \u015bwi\u0119tym tronie.<br \/>\n<strong>Pan w\u015br\u00f3d rado\u015bci wst\u0119puje do nieba<\/strong><\/p>\n<p><strong><span style=\"color: #ff0000;\">2. czytanie<\/span><\/strong> (Hbr 9, 24-28; 10, 19-23) <em>Chrystus wszed\u0142 do samego nieba<br \/>\n<\/em><strong>Czytanie z Listu do Hebrajczyk\u00f3w<br \/>\n<\/strong>Chrystus wszed\u0142 nie do \u015bwi\u0105tyni zbudowanej r\u0119kami ludzkimi, b\u0119d\u0105cej odbiciem prawdziwej \u015bwi\u0105tyni, ale do samego nieba, aby teraz wstawia\u0107 si\u0119 za nami przed obliczem Boga, ani nie po to, aby si\u0119 wielekro\u0107 sam mia\u0142 ofiarowa\u0107, jak arcykap\u0142an, kt\u00f3ry co roku wchodzi do \u015bwi\u0105tyni z krwi\u0105 cudz\u0105, gdy\u017c w takim przypadku musia\u0142by cierpie\u0107 wiele razy od stworzenia \u015bwiata. A tymczasem raz jeden ukaza\u0142 si\u0119 teraz na ko\u0144cu wiek\u00f3w, aby zg\u0142adzi\u0107 grzech przez ofiar\u0119 z samego siebie. A jak postanowione ludziom raz umrze\u0107, potem za\u015b s\u0105d, tak Chrystus raz jeden by\u0142 ofiarowany dla zg\u0142adzenia grzech\u00f3w wielu, drugi raz uka\u017ce si\u0119 nie w zwi\u0105zku z grzechem, lecz dla zbawienia tych, kt\u00f3rzy Go oczekuj\u0105. Mamy wi\u0119c, bracia, pewno\u015b\u0107, i\u017c wejdziemy do Miejsca \u015awi\u0119tego przez krew Jezusa. On nam zapocz\u0105tkowa\u0142 drog\u0119 now\u0105 i \u017cyw\u0105, przez zas\u0142on\u0119, to jest przez cia\u0142o swoje. Maj\u0105c za\u015b kap\u0142ana wielkiego, kt\u00f3ry jest nad domem Bo\u017cym, przyst\u0105pmy z sercem prawym, z wiar\u0105 pe\u0142n\u0105, oczyszczeni na duszy od wszelkiego z\u0142a \u015bwiadomego i obmyci na ciele wod\u0105 czyst\u0105. Trzymajmy si\u0119 niewzruszenie nadziei, kt\u00f3r\u0105 wyznajemy, bo godny jest zaufania Ten, kt\u00f3ry da\u0142 obietnic\u0119. Oto S\u0142owo Bo\u017ce.<\/p>\n<p><span style=\"color: #ff0000;\"><strong>Aklamacja<\/strong><\/span> (Mt 28, 19a. 20b)<br \/>\n<strong>Alleluja, alleluja, alleluja<br \/>\n<\/strong>Id\u017acie i nauczajcie wszystkie narody.<br \/>\nJa jestem z wami przez wszystkie dni, a\u017c do sko\u0144czenia \u015bwiata.<br \/>\n<strong>Alleluja, alleluja, alleluja<\/strong><\/p>\n<p><strong><span style=\"color: #ff0000;\">Ewangelia<\/span><\/strong> (\u0141k 24, 46-53) <em>Jezus zosta\u0142 uniesiony do nieba<br \/>\n<\/em><strong>S\u0142owa Ewangelii wed\u0142ug \u015awi\u0119tego \u0141ukasza<br \/>\n<\/strong>Jezus powiedzia\u0142 do swoich uczni\u00f3w: \u00abTak jest napisane: Mesjasz b\u0119dzie cierpia\u0142 i trzeciego dnia zmartwychwstanie; w imi\u0119 Jego g\u0142oszone b\u0119dzie nawr\u00f3cenie i odpuszczenie grzech\u00f3w wszystkim narodom, pocz\u0105wszy od Jeruzalem. Wy jeste\u015bcie \u015bwiadkami tego. Oto Ja ze\u015bl\u0119 na was obietnic\u0119 mojego Ojca. Wy za\u015b pozosta\u0144cie w mie\u015bcie, a\u017c b\u0119dziecie przyobleczeni w moc z wysoka\u00bb. Potem wyprowadzi\u0142 ich ku Betanii i podni\u00f3s\u0142szy r\u0119ce, b\u0142ogos\u0142awi\u0142 ich. A kiedy ich b\u0142ogos\u0142awi\u0142, rozsta\u0142 si\u0119 z nimi i zosta\u0142 uniesiony do nieba. Oni za\u015b oddali Mu pok\u0142on i z wielk\u0105 rado\u015bci\u0105 wr\u00f3cili do Jeruzalem, gdzie stale przebywali w \u015bwi\u0105tyni, wielbi\u0105c i b\u0142ogos\u0142awi\u0105c Boga. Oto S\u0142owo Pa\u0144skie.<\/p>\n<p><strong><span style=\"color: #ff0000;\">Z kazania na kalwaryjskim Wzg\u00f3rzu \u2013 05.06.2022r.<br \/>\n<\/span><\/strong><strong>Zes\u0142anie Ducha \u015awi\u0119tego.<\/strong><strong> \u00a0 <\/strong><br \/>\nW\u0142a\u015bnie mija siedem tygodni od Niedzieli Zmartwychwstania Pa\u0144skiego. Dzi\u015b w Dniu Pi\u0119\u0107dziesi\u0105tnicy, obchodzimy uroczysto\u015b\u0107 Zes\u0142ania Ducha \u015awi\u0119tego. Wspominamy wydarzenie, kt\u00f3re dokona\u0142o si\u0119 w Jerozolimie, kiedy Ducha \u015awi\u0119ty zst\u0105pi\u0142 na trwaj\u0105cych wraz z Maryj\u0105 na modlitwie Aposto\u0142\u00f3w. \u00a0\u00a0 Umocnieni wtedy Duchem \u015awi\u0119tym Aposto\u0142owie wyszli z ukrycia, by na ulicach Jerozolimy m\u0119\u017cnie i z odwag\u0105 g\u0142osi\u0107 Chrystusa w kt\u00f3rego uwierzyli, \u017ce jest Bogiem. Zacz\u0119li g\u0142osi\u0107 Jego nauk\u0119, kt\u00f3r\u0105 poznali i kt\u00f3r\u0105 si\u0119 zachwycili. By\u0142 to dzie\u0144 inauguracji dzia\u0142alno\u015bci Ko\u015bcio\u0142a. Aposto\u0142owie zgodnie z nakazem misyjnym Chrystusa: \u201eId\u017acie na ca\u0142y \u015bwiat i g\u0142o\u015bcie Ewangeli\u0119 wszelkiemu stworzeniu!\u201d, poszli i zacz\u0119li g\u0142osi\u0107 Dobr\u0105 Nowin\u0119 o Jezusie Chrystusie.<br \/>\nW t\u0119 dzisiejsz\u0105 uroczysto\u015b\u0107 Zes\u0142ania Ducha \u015awi\u0119tego zastan\u00f3wmy si\u0119, jak\u0105 rol\u0119 w naszym \u017cyciu pe\u0142ni Trzecia Osoba Boska? Cz\u0119sto modlimy si\u0119 do Boga Ojca, pewnie jeszcze cz\u0119\u015bciej do Pana Jezusa, nie zapominamy w modlitwie o Matce Bo\u017cej, ale troch\u0119 za ma\u0142o pami\u0119tamy o Duchu \u015awi\u0119tym. Niewielu z nas zdaje sobie spraw\u0119, jak wiele w naszym \u017cyciu zale\u017cy od Ducha \u015awi\u0119tego i dlatego za ma\u0142o modlimy si\u0119 do Niego. Jak bardzo wa\u017cny jest Duch \u015awi\u0119ty, to u\u015bwiadamia nam Pan Jezus, gdy uzasadnia Swoje odej\u015bcie z tego \u015bwiata potrzeb\u0105 pos\u0142ania ludziom Ducha \u201ePocieszyciela\u201d, kt\u00f3ry b\u0119dzie na zawsze z Jego uczniami i z ca\u0142ym Ko\u015bcio\u0142em. To Duch \u015awi\u0119ty ma prowadzi\u0107 ludzi do dnia ponownego przyj\u015bcia Chrystusa, gdy Ten \u201eprzyjdzie s\u0105dzi\u0107 \u017cywych i umar\u0142ych\u201d. To Duch \u015awi\u0119ty ma \u015bwiadczy\u0107 o Chrystusie wobec uczni\u00f3w, a przez nich wobec ca\u0142ego \u015bwiata. Tylko pos\u0142usze\u0144stwo natchnieniom Ducha \u015awi\u0119tego i Jego nauczaniu umo\u017cliwia cz\u0142owiekowi zbawienie, gdy\u017c wed\u0142ug samego Jezusa, wszystkie grzechy mog\u0105 by\u0107 ludziom odpuszczone, tylko nie grzechy przeciw Duchowi \u015awi\u0119temu. W mowie po\u017cegnalnej przed M\u0119k\u0105, Pan Jezus wyja\u015bnia rol\u0119 Ducha \u015awi\u0119tego i nazywa Go \u201ePocieszycielem\u201d, tym, kt\u00f3ry nas wszystkiego nauczy, a tak\u017ce przypomni wszystkie s\u0142owa Chrystusa. Duch \u015awi\u0119ty stanowi zatem gwarancj\u0119 prawdziwego odczytywania nauki Zbawiciela, p\u0142yn\u0105cej z Ewangelii. Przed p\u00f3j\u015bciem na M\u0119k\u0119, Pan Jezus modli\u0142 si\u0119 za swoich uczni\u00f3w \u201eaby stanowili jedno\u201d. W tym celu ustanawia hierarchi\u0119 Ko\u015bcio\u0142a, czyli uczni\u00f3w specjalnie powo\u0142anych do interpretowania S\u0142owa Bo\u017cego i na ich czele stawia \u015bw. Piotra. Po ich odej\u015bciu, funkcj\u0119 w\u0142a\u015bciwego interpretowania nauki naszego Pana Jezusa Chrystusa pe\u0142ni\u0105 papie\u017c i biskupi, osoby szczeg\u00f3lnie przez Jezusa wybrane i nape\u0142nione \u015bwiat\u0142em Ducha \u015awi\u0119tego. W ten spos\u00f3b Duch \u015awi\u0119ty dba o czysto\u015b\u0107 Bo\u017cej nauki, a przez natchnione Bo\u017ce S\u0142owa nas poucza i pociesza.<br \/>\nDuch \u015awi\u0119ty zosta\u0142 dany Ko\u015bcio\u0142owi, dla dobra tego\u017c Ko\u015bcio\u0142a i dla dobra wszystkich wiernych, kt\u00f3rzy w Ko\u015bciele wiernie trwaj\u0105. Ka\u017cdy poszczeg\u00f3lny wierny otrzymuje specjalne dary Ducha \u015awi\u0119tego, zwane charyzmatami. Ponadto otrzymujemy pomoc Ducha Pocieszyciela, przyjmuj\u0105c Sakramenty \u015bwi\u0119te. Szczeg\u00f3lnym sakramentem spotkania z Duchem \u015awi\u0119tym jest Bierzmowanie, ale przecie\u017c ju\u017c od przyj\u0119cia Sakramentu Chrztu \u015bwi\u0119tego stajemy si\u0119 \u015awi\u0105tyni\u0105 Ducha \u015awi\u0119tego. Ca\u0142a nasza pobo\u017cno\u015b\u0107, d\u0105\u017cenie do \u015bwi\u0119to\u015bci, to wszystko jest w\u00a0nas przepe\u0142nione dzia\u0142aniem Ducha \u015awi\u0119tego. \u015aw. Pawe\u0142 napisze, \u017ce bez Jego pomocy nie mo\u017cemy nawet wypowiedzie\u0107 s\u0142\u00f3w naszej wiary, \u017ce \u201ePanem jest Jezus\u201d. To dzi\u0119ki Duchowi \u015awi\u0119temu potrafimy si\u0119 modli\u0107, a kiedy nie potrafimy si\u0119 modli\u0107 i nie wiemy o co mamy si\u0119 modli\u0107, to Duch \u015awi\u0119ty przyczynia si\u0119 za nami w\u00a0b\u0142aganiach, kt\u00f3rych nie mo\u017cna wyrazi\u0107 s\u0142owami.<br \/>\nWielk\u0105 moc Ducha \u015awi\u0119tego widzimy w Sakramencie Eucharystii. Eucharystia jest sakramentem jedno\u015bci i wsp\u00f3lnoty Ko\u015bcio\u0142a. To Duch \u015awi\u0119ty czyni Ko\u015bci\u00f3\u0142 jednym. Duch \u015awi\u0119ty przemienia chleb i wino w Cia\u0142o i Krew Chrystusa. Bez Niego nie by\u0142oby Eucharystii. Duch \u015awi\u0119ty poci\u0105ga ludzi do Eucharystii, wlewa w nich t\u0119sknot\u0119, aby karmi\u0107 si\u0119 Cia\u0142em i Krwi\u0105 Chrystusa. Wszyscy \u015bwi\u0119ci i b\u0142ogos\u0142awieni \u017cyli Eucharysti\u0105, z niej czerpali si\u0142\u0119 do wzrastania w mi\u0142o\u015bci i jedno\u015bci. To dzi\u0119ki Eucharystii i poprzez Ni\u0105, Ko\u015bci\u00f3\u0142 jest wsp\u00f3lnot\u0105 \u015bwi\u0119tych.<br \/>\nPami\u0119tajmy zatem, \u017ce ca\u0142a nasza droga do Boga zale\u017cy od Ducha \u015awi\u0119tego, od tego jak b\u0119dziemy s\u0142ucha\u0107 Trzeciej Osoby Tr\u00f3jcy Przenaj\u015bwi\u0119tszej m\u00f3wi\u0105cej do nas w Ko\u015bciele, poprzez S\u0142owo Bo\u017ce, podczas modlitwy, a tak\u017ce przez drugiego cz\u0142owieka, gdy ten otwarty jest na dzia\u0142anie i \u015bwiat\u0142o Ducha \u015awi\u0119tego. Pami\u0119tajmy te\u017c, \u017ce nasz\u0105 Mistrzyni\u0105 i Przewodniczk\u0105 w pos\u0142usze\u0144stwie Pocieszycielowi jest nasza Matka \u2013 Naj\u015bwi\u0119tsza Maryja Panna, kt\u00f3ra s\u0142usznie od wiek\u00f3w nazywana jest przez Ko\u015bci\u00f3\u0142 Oblubienic\u0105 Ducha \u015awi\u0119tego. Amen.<\/p>\n<\/div>\n","protected":false},"excerpt":{"rendered":"<p>Z liturgii uroczysto\u015bci Zes\u0142ania Ducha \u015awi\u0119tego \u2013 5 czerwca 2022r. 1. czytanie (Dz 1, 1-11) Uni\u00f3s\u0142 si\u0119 w ich obecno\u015bci w g\u00f3r\u0119 Czytanie z Dziej\u00f3w Apostolskich Pierwsz\u0105 Ksi\u0119g\u0119 napisa\u0142em, Teofilu, o wszystkim, co Jezus czyni\u0142 i czego naucza\u0142 od pocz\u0105tku a\u017c do dnia, w kt\u00f3rym da\u0142 polecenia aposto\u0142om, kt\u00f3rych sobie wybra\u0142 przez Ducha \u015awi\u0119tego, a &hellip;<\/p>\n","protected":false},"author":2,"featured_media":23674,"comment_status":"closed","ping_status":"closed","sticky":false,"template":"","format":"standard","meta":{"_mi_skip_tracking":false,"_exactmetrics_sitenote_active":false,"_exactmetrics_sitenote_note":"","_exactmetrics_sitenote_category":0},"categories":[14],"tags":[],"yoast_head":"<!-- This site is optimized with the Yoast SEO plugin v18.1 - https:\/\/yoast.com\/wordpress\/plugins\/seo\/ -->\n<title>Do medytacji z kalwaryjskiego Wzg\u00f3rza \u2013 niedziela 05.06.2022r. - Pako\u015b\u0107 \u2013 Kalwaria<\/title>\n<meta name=\"robots\" content=\"index, follow, max-snippet:-1, max-image-preview:large, max-video-preview:-1\" \/>\n<link rel=\"canonical\" href=\"https:\/\/pakosc-kalwaria.franciszkanie.net\/index.php\/2022\/06\/05\/do-medytacji-z-kalwaryjskiego-wzgorza-niedziela-05-04-2022r\/\" \/>\n<meta property=\"og:locale\" content=\"pl_PL\" \/>\n<meta property=\"og:type\" content=\"article\" \/>\n<meta property=\"og:title\" content=\"Do medytacji z kalwaryjskiego Wzg\u00f3rza \u2013 niedziela 05.06.2022r. - Pako\u015b\u0107 \u2013 Kalwaria\" \/>\n<meta property=\"og:description\" content=\"Z liturgii uroczysto\u015bci Zes\u0142ania Ducha \u015awi\u0119tego \u2013 5 czerwca 2022r. 1. czytanie (Dz 1, 1-11) Uni\u00f3s\u0142 si\u0119 w ich obecno\u015bci w g\u00f3r\u0119 Czytanie z Dziej\u00f3w Apostolskich Pierwsz\u0105 Ksi\u0119g\u0119 napisa\u0142em, Teofilu, o wszystkim, co Jezus czyni\u0142 i czego naucza\u0142 od pocz\u0105tku a\u017c do dnia, w kt\u00f3rym da\u0142 polecenia aposto\u0142om, kt\u00f3rych sobie wybra\u0142 przez Ducha \u015awi\u0119tego, a &hellip;\" \/>\n<meta property=\"og:url\" content=\"https:\/\/pakosc-kalwaria.franciszkanie.net\/index.php\/2022\/06\/05\/do-medytacji-z-kalwaryjskiego-wzgorza-niedziela-05-04-2022r\/\" \/>\n<meta property=\"og:site_name\" content=\"Pako\u015b\u0107 \u2013 Kalwaria\" \/>\n<meta property=\"article:author\" content=\"https:\/\/www.facebook.com\/KalwariaPakosc\/\" \/>\n<meta property=\"article:published_time\" content=\"2022-06-05T10:00:57+00:00\" \/>\n<meta property=\"article:modified_time\" content=\"2022-06-12T10:32:47+00:00\" \/>\n<meta property=\"og:image\" content=\"https:\/\/pakosc-kalwaria.franciszkanie.net\/wp-content\/uploads\/2022\/06\/0-1.jpg\" \/>\n\t<meta property=\"og:image:width\" content=\"350\" \/>\n\t<meta property=\"og:image:height\" content=\"233\" \/>\n\t<meta property=\"og:image:type\" content=\"image\/jpeg\" \/>\n<meta name=\"twitter:card\" content=\"summary\" \/>\n<meta name=\"twitter:label1\" content=\"Napisane przez\" \/>\n\t<meta name=\"twitter:data1\" content=\"pakosc-kalwaria\" \/>\n\t<meta name=\"twitter:label2\" content=\"Szacowany czas czytania\" \/>\n\t<meta name=\"twitter:data2\" content=\"9 minut\" \/>\n<script type=\"application\/ld+json\" class=\"yoast-schema-graph\">{\"@context\":\"https:\/\/schema.org\",\"@graph\":[{\"@type\":\"WebSite\",\"@id\":\"https:\/\/pakosc-kalwaria.franciszkanie.net\/#website\",\"url\":\"https:\/\/pakosc-kalwaria.franciszkanie.net\/\",\"name\":\"Pako\u015b\u0107 \u2013 Kalwaria\",\"description\":\"Parafia Rzymsko \u2013 Katolicka p.w. Pana Jezusa Ukrzy\u017cowanego i  Matki Bo\u017cej Bolesnej ul. Barci\u0144ska 60, 88\u2013170 Pako\u015b\u0107 \u2013 Kalwaria\",\"potentialAction\":[{\"@type\":\"SearchAction\",\"target\":{\"@type\":\"EntryPoint\",\"urlTemplate\":\"https:\/\/pakosc-kalwaria.franciszkanie.net\/?s={search_term_string}\"},\"query-input\":\"required name=search_term_string\"}],\"inLanguage\":\"pl-PL\"},{\"@type\":\"ImageObject\",\"@id\":\"https:\/\/pakosc-kalwaria.franciszkanie.net\/index.php\/2022\/06\/05\/do-medytacji-z-kalwaryjskiego-wzgorza-niedziela-05-04-2022r\/#primaryimage\",\"inLanguage\":\"pl-PL\",\"url\":\"https:\/\/pakosc-kalwaria.franciszkanie.net\/wp-content\/uploads\/2022\/06\/0-1.jpg\",\"contentUrl\":\"https:\/\/pakosc-kalwaria.franciszkanie.net\/wp-content\/uploads\/2022\/06\/0-1.jpg\",\"width\":350,\"height\":233},{\"@type\":\"WebPage\",\"@id\":\"https:\/\/pakosc-kalwaria.franciszkanie.net\/index.php\/2022\/06\/05\/do-medytacji-z-kalwaryjskiego-wzgorza-niedziela-05-04-2022r\/#webpage\",\"url\":\"https:\/\/pakosc-kalwaria.franciszkanie.net\/index.php\/2022\/06\/05\/do-medytacji-z-kalwaryjskiego-wzgorza-niedziela-05-04-2022r\/\",\"name\":\"Do medytacji z kalwaryjskiego Wzg\u00f3rza \u2013 niedziela 05.06.2022r. - Pako\u015b\u0107 \u2013 Kalwaria\",\"isPartOf\":{\"@id\":\"https:\/\/pakosc-kalwaria.franciszkanie.net\/#website\"},\"primaryImageOfPage\":{\"@id\":\"https:\/\/pakosc-kalwaria.franciszkanie.net\/index.php\/2022\/06\/05\/do-medytacji-z-kalwaryjskiego-wzgorza-niedziela-05-04-2022r\/#primaryimage\"},\"datePublished\":\"2022-06-05T10:00:57+00:00\",\"dateModified\":\"2022-06-12T10:32:47+00:00\",\"author\":{\"@id\":\"https:\/\/pakosc-kalwaria.franciszkanie.net\/#\/schema\/person\/af10b943be0760709227d060eadcb2aa\"},\"breadcrumb\":{\"@id\":\"https:\/\/pakosc-kalwaria.franciszkanie.net\/index.php\/2022\/06\/05\/do-medytacji-z-kalwaryjskiego-wzgorza-niedziela-05-04-2022r\/#breadcrumb\"},\"inLanguage\":\"pl-PL\",\"potentialAction\":[{\"@type\":\"ReadAction\",\"target\":[\"https:\/\/pakosc-kalwaria.franciszkanie.net\/index.php\/2022\/06\/05\/do-medytacji-z-kalwaryjskiego-wzgorza-niedziela-05-04-2022r\/\"]}]},{\"@type\":\"BreadcrumbList\",\"@id\":\"https:\/\/pakosc-kalwaria.franciszkanie.net\/index.php\/2022\/06\/05\/do-medytacji-z-kalwaryjskiego-wzgorza-niedziela-05-04-2022r\/#breadcrumb\",\"itemListElement\":[{\"@type\":\"ListItem\",\"position\":1,\"name\":\"Strona g\u0142\u00f3wna\",\"item\":\"https:\/\/pakosc-kalwaria.franciszkanie.net\/\"},{\"@type\":\"ListItem\",\"position\":2,\"name\":\"Do medytacji z kalwaryjskiego Wzg\u00f3rza \u2013 niedziela 05.06.2022r.\"}]},{\"@type\":\"Person\",\"@id\":\"https:\/\/pakosc-kalwaria.franciszkanie.net\/#\/schema\/person\/af10b943be0760709227d060eadcb2aa\",\"name\":\"pakosc-kalwaria\",\"image\":{\"@type\":\"ImageObject\",\"@id\":\"https:\/\/pakosc-kalwaria.franciszkanie.net\/#personlogo\",\"inLanguage\":\"pl-PL\",\"url\":\"https:\/\/secure.gravatar.com\/avatar\/e7049d338b55eac6a0027ff3218b8d02?s=96&d=mm&r=g\",\"contentUrl\":\"https:\/\/secure.gravatar.com\/avatar\/e7049d338b55eac6a0027ff3218b8d02?s=96&d=mm&r=g\",\"caption\":\"pakosc-kalwaria\"},\"sameAs\":[\"https:\/\/www.facebook.com\/KalwariaPakosc\/\"],\"url\":\"https:\/\/pakosc-kalwaria.franciszkanie.net\/index.php\/author\/pakosc-kalwaria\/\"}]}<\/script>\n<!-- \/ Yoast SEO plugin. -->","yoast_head_json":{"title":"Do medytacji z kalwaryjskiego Wzg\u00f3rza \u2013 niedziela 05.06.2022r. - Pako\u015b\u0107 \u2013 Kalwaria","robots":{"index":"index","follow":"follow","max-snippet":"max-snippet:-1","max-image-preview":"max-image-preview:large","max-video-preview":"max-video-preview:-1"},"canonical":"https:\/\/pakosc-kalwaria.franciszkanie.net\/index.php\/2022\/06\/05\/do-medytacji-z-kalwaryjskiego-wzgorza-niedziela-05-04-2022r\/","og_locale":"pl_PL","og_type":"article","og_title":"Do medytacji z kalwaryjskiego Wzg\u00f3rza \u2013 niedziela 05.06.2022r. - Pako\u015b\u0107 \u2013 Kalwaria","og_description":"Z liturgii uroczysto\u015bci Zes\u0142ania Ducha \u015awi\u0119tego \u2013 5 czerwca 2022r. 1. czytanie (Dz 1, 1-11) Uni\u00f3s\u0142 si\u0119 w ich obecno\u015bci w g\u00f3r\u0119 Czytanie z Dziej\u00f3w Apostolskich Pierwsz\u0105 Ksi\u0119g\u0119 napisa\u0142em, Teofilu, o wszystkim, co Jezus czyni\u0142 i czego naucza\u0142 od pocz\u0105tku a\u017c do dnia, w kt\u00f3rym da\u0142 polecenia aposto\u0142om, kt\u00f3rych sobie wybra\u0142 przez Ducha \u015awi\u0119tego, a &hellip;","og_url":"https:\/\/pakosc-kalwaria.franciszkanie.net\/index.php\/2022\/06\/05\/do-medytacji-z-kalwaryjskiego-wzgorza-niedziela-05-04-2022r\/","og_site_name":"Pako\u015b\u0107 \u2013 Kalwaria","article_author":"https:\/\/www.facebook.com\/KalwariaPakosc\/","article_published_time":"2022-06-05T10:00:57+00:00","article_modified_time":"2022-06-12T10:32:47+00:00","og_image":[{"width":350,"height":233,"url":"https:\/\/pakosc-kalwaria.franciszkanie.net\/wp-content\/uploads\/2022\/06\/0-1.jpg","type":"image\/jpeg"}],"twitter_card":"summary","twitter_misc":{"Napisane przez":"pakosc-kalwaria","Szacowany czas czytania":"9 minut"},"schema":{"@context":"https:\/\/schema.org","@graph":[{"@type":"WebSite","@id":"https:\/\/pakosc-kalwaria.franciszkanie.net\/#website","url":"https:\/\/pakosc-kalwaria.franciszkanie.net\/","name":"Pako\u015b\u0107 \u2013 Kalwaria","description":"Parafia Rzymsko \u2013 Katolicka p.w. Pana Jezusa Ukrzy\u017cowanego i  Matki Bo\u017cej Bolesnej ul. Barci\u0144ska 60, 88\u2013170 Pako\u015b\u0107 \u2013 Kalwaria","potentialAction":[{"@type":"SearchAction","target":{"@type":"EntryPoint","urlTemplate":"https:\/\/pakosc-kalwaria.franciszkanie.net\/?s={search_term_string}"},"query-input":"required name=search_term_string"}],"inLanguage":"pl-PL"},{"@type":"ImageObject","@id":"https:\/\/pakosc-kalwaria.franciszkanie.net\/index.php\/2022\/06\/05\/do-medytacji-z-kalwaryjskiego-wzgorza-niedziela-05-04-2022r\/#primaryimage","inLanguage":"pl-PL","url":"https:\/\/pakosc-kalwaria.franciszkanie.net\/wp-content\/uploads\/2022\/06\/0-1.jpg","contentUrl":"https:\/\/pakosc-kalwaria.franciszkanie.net\/wp-content\/uploads\/2022\/06\/0-1.jpg","width":350,"height":233},{"@type":"WebPage","@id":"https:\/\/pakosc-kalwaria.franciszkanie.net\/index.php\/2022\/06\/05\/do-medytacji-z-kalwaryjskiego-wzgorza-niedziela-05-04-2022r\/#webpage","url":"https:\/\/pakosc-kalwaria.franciszkanie.net\/index.php\/2022\/06\/05\/do-medytacji-z-kalwaryjskiego-wzgorza-niedziela-05-04-2022r\/","name":"Do medytacji z kalwaryjskiego Wzg\u00f3rza \u2013 niedziela 05.06.2022r. - Pako\u015b\u0107 \u2013 Kalwaria","isPartOf":{"@id":"https:\/\/pakosc-kalwaria.franciszkanie.net\/#website"},"primaryImageOfPage":{"@id":"https:\/\/pakosc-kalwaria.franciszkanie.net\/index.php\/2022\/06\/05\/do-medytacji-z-kalwaryjskiego-wzgorza-niedziela-05-04-2022r\/#primaryimage"},"datePublished":"2022-06-05T10:00:57+00:00","dateModified":"2022-06-12T10:32:47+00:00","author":{"@id":"https:\/\/pakosc-kalwaria.franciszkanie.net\/#\/schema\/person\/af10b943be0760709227d060eadcb2aa"},"breadcrumb":{"@id":"https:\/\/pakosc-kalwaria.franciszkanie.net\/index.php\/2022\/06\/05\/do-medytacji-z-kalwaryjskiego-wzgorza-niedziela-05-04-2022r\/#breadcrumb"},"inLanguage":"pl-PL","potentialAction":[{"@type":"ReadAction","target":["https:\/\/pakosc-kalwaria.franciszkanie.net\/index.php\/2022\/06\/05\/do-medytacji-z-kalwaryjskiego-wzgorza-niedziela-05-04-2022r\/"]}]},{"@type":"BreadcrumbList","@id":"https:\/\/pakosc-kalwaria.franciszkanie.net\/index.php\/2022\/06\/05\/do-medytacji-z-kalwaryjskiego-wzgorza-niedziela-05-04-2022r\/#breadcrumb","itemListElement":[{"@type":"ListItem","position":1,"name":"Strona g\u0142\u00f3wna","item":"https:\/\/pakosc-kalwaria.franciszkanie.net\/"},{"@type":"ListItem","position":2,"name":"Do medytacji z kalwaryjskiego Wzg\u00f3rza \u2013 niedziela 05.06.2022r."}]},{"@type":"Person","@id":"https:\/\/pakosc-kalwaria.franciszkanie.net\/#\/schema\/person\/af10b943be0760709227d060eadcb2aa","name":"pakosc-kalwaria","image":{"@type":"ImageObject","@id":"https:\/\/pakosc-kalwaria.franciszkanie.net\/#personlogo","inLanguage":"pl-PL","url":"https:\/\/secure.gravatar.com\/avatar\/e7049d338b55eac6a0027ff3218b8d02?s=96&d=mm&r=g","contentUrl":"https:\/\/secure.gravatar.com\/avatar\/e7049d338b55eac6a0027ff3218b8d02?s=96&d=mm&r=g","caption":"pakosc-kalwaria"},"sameAs":["https:\/\/www.facebook.com\/KalwariaPakosc\/"],"url":"https:\/\/pakosc-kalwaria.franciszkanie.net\/index.php\/author\/pakosc-kalwaria\/"}]}},"_links":{"self":[{"href":"https:\/\/pakosc-kalwaria.franciszkanie.net\/index.php\/wp-json\/wp\/v2\/posts\/23593"}],"collection":[{"href":"https:\/\/pakosc-kalwaria.franciszkanie.net\/index.php\/wp-json\/wp\/v2\/posts"}],"about":[{"href":"https:\/\/pakosc-kalwaria.franciszkanie.net\/index.php\/wp-json\/wp\/v2\/types\/post"}],"author":[{"embeddable":true,"href":"https:\/\/pakosc-kalwaria.franciszkanie.net\/index.php\/wp-json\/wp\/v2\/users\/2"}],"replies":[{"embeddable":true,"href":"https:\/\/pakosc-kalwaria.franciszkanie.net\/index.php\/wp-json\/wp\/v2\/comments?post=23593"}],"version-history":[{"count":4,"href":"https:\/\/pakosc-kalwaria.franciszkanie.net\/index.php\/wp-json\/wp\/v2\/posts\/23593\/revisions"}],"predecessor-version":[{"id":23598,"href":"https:\/\/pakosc-kalwaria.franciszkanie.net\/index.php\/wp-json\/wp\/v2\/posts\/23593\/revisions\/23598"}],"wp:featuredmedia":[{"embeddable":true,"href":"https:\/\/pakosc-kalwaria.franciszkanie.net\/index.php\/wp-json\/wp\/v2\/media\/23674"}],"wp:attachment":[{"href":"https:\/\/pakosc-kalwaria.franciszkanie.net\/index.php\/wp-json\/wp\/v2\/media?parent=23593"}],"wp:term":[{"taxonomy":"category","embeddable":true,"href":"https:\/\/pakosc-kalwaria.franciszkanie.net\/index.php\/wp-json\/wp\/v2\/categories?post=23593"},{"taxonomy":"post_tag","embeddable":true,"href":"https:\/\/pakosc-kalwaria.franciszkanie.net\/index.php\/wp-json\/wp\/v2\/tags?post=23593"}],"curies":[{"name":"wp","href":"https:\/\/api.w.org\/{rel}","templated":true}]}}