{"id":23613,"date":"2022-06-09T18:00:43","date_gmt":"2022-06-09T16:00:43","guid":{"rendered":"http:\/\/pakosc-kalwaria.franciszkanie.net\/?p=23613"},"modified":"2022-06-12T12:30:39","modified_gmt":"2022-06-12T10:30:39","slug":"do-medytacji-z-kalwaryjskiego-wzgorza-czwartek-09-06-2022r","status":"publish","type":"post","link":"https:\/\/pakosc-kalwaria.franciszkanie.net\/index.php\/2022\/06\/09\/do-medytacji-z-kalwaryjskiego-wzgorza-czwartek-09-06-2022r\/","title":{"rendered":"Do medytacji z kalwaryjskiego Wzg\u00f3rza \u2013 czwartek 09.06.2022r."},"content":{"rendered":"<p><strong><span style=\"color: #ff0000;\">Z kazania na kalwaryjskim Wzg\u00f3rzu \u2013 09.06.2022r. &#8211; \u015awi\u0119to Jezusa Chrystusa Najwy\u017cszego i Wiecznego Kap\u0142ana<\/span><\/strong><\/p>\n<p><strong>Udzia\u0142 w kap\u0142a\u0144stwie Chrystusa.<\/strong><br \/>\nOd 2013r. celebrujemy w Ko\u015bciele \u015awi\u0119to obchodzone mi\u0119dzy Zes\u0142aniem Ducha \u015awi\u0119tego, a uroczysto\u015bci\u0105 Tr\u00f3jcy \u015awi\u0119tej. \u015awi\u0119to Chrystusa Najwy\u017cszego i Wiecznego Kap\u0142ana wprowadzi\u0142 papie\u017c Benedykt XVI na pami\u0105tk\u0119 obchodzonego wtedy Roku Kap\u0142a\u0144skiego. Papie\u017c pragn\u0105\u0142, aby opr\u00f3cz Wielkiego Czwartku, jeszcze raz w Roku liturgicznym, w osobnym dniu, przypomnie\u0107 warto\u015b\u0107 ustanowionego przez Chrystusa Kap\u0142a\u0144stwa. I cho\u0107 w dniu dzisiejszym w spos\u00f3b szczeg\u00f3lny modlimy si\u0119 za kap\u0142an\u00f3w, szczeg\u00f3lnie o ich u\u015bwi\u0119cenie, to warto sobie u\u015bwiadomi\u0107, \u017ce to dzisiejsze \u015bwi\u0119to, to jest \u015bwi\u0119to po\u015bwi\u0119cone Jezusowi Chrystusowi Kap\u0142anowi.<br \/>\nW Roku liturgicznym jest wiele \u015bwi\u0105t, kt\u00f3re po\u015bwi\u0119cone s\u0105 Jezusowi. Ale to dzisiejsze \u015bwi\u0119to jest wyj\u0105tkowe, poniewa\u017c wskazuje na kap\u0142a\u0144skie dzia\u0142anie Jezusa Chrystusa. Jest to dzia\u0142anie, w kt\u00f3rym Jezus Chrystus jako Kap\u0142an ofiaruje si\u0119 Bogu Ojcu za wszystkich ludzi. Przez swoj\u0105 Ofiar\u0119 pragnie ludzi ocali\u0107 przed wieczn\u0105 zag\u0142ad\u0105. To dla zbawienia ludzi po\u015bwi\u0119ca ca\u0142e swoje \u017cycie na ziemi. Jak podkre\u015bla autor Listu do Hebrajczyk\u00f3w: Chrystus jest jedynym Po\u015brednikiem mi\u0119dzy Bogiem, a lud\u017ami. A Jego kap\u0142a\u0144stwo jest nieprzemijaj\u0105ce i trwa na wieki. Wszyscy za\u015b kap\u0142ani zostali przez Chrystusa powo\u0142ani i obdarowani \u0142ask\u0105 Jego kap\u0142a\u0144stwa oraz zostali przez Chrystusa zaproszeni, by wiernie i gorliwie uczestniczy\u0107 w Jego kap\u0142a\u0144stwie. Zatem wzorem kap\u0142a\u0144skiego pos\u0142ugiwania jest sam Jezus Chrystus.<br \/>\nW dzisiejszej Ewangelii us\u0142yszeli\u015bmy fragment przepi\u0119knej, i jak\u017ce bogatej w swojej tre\u015bci, modlitwy arcykap\u0142a\u0144skiej Jezusa. Ta modlitwa ma charakter Testamentu i Mowy po\u017cegnalnej Jezusa na kr\u00f3tko przed Jego przed \u015amierci\u0105 i Ofiar\u0105 krzy\u017cow\u0105. Ta modlitwa zostaje przez Jezusa skierowana do Boga Ojca w czasie Ostatniej Wieczerzy. Jezus modli si\u0119 za Ko\u015bci\u00f3\u0142 i za Jego uczni\u00f3w. Modli si\u0119 o u\u015bwi\u0119cenie swoich uczni\u00f3w w prawdzie, o zachowanie od z\u0142ego, o jedno\u015b\u0107 w Ko\u015bciele i mi\u0119dzy uczniami. Jezus prosi swojego Ojca, aby Jego uczniowie mieli te\u017c udzia\u0142 w Jego chwale: \u201eOjcze, chc\u0119, aby tak\u017ce ci, kt\u00f3rych Mi da\u0142e\u015b, byli ze mn\u0105 tam, gdzie Ja jestem, aby widzieli chwa\u0142\u0119 moj\u0105, kt\u00f3r\u0105 Mi da\u0142e\u015b, bo umi\u0142owa\u0142e\u015b Mnie przed za\u0142o\u017ceniem \u015bwiata\u201d.<br \/>\nAby uwidoczni\u0142y si\u0119 w naszym \u017cyciu s\u0142owa modlitwy arcykap\u0142a\u0144skiej Jezusa, nale\u017cy nieustannie zg\u0142\u0119bia\u0107 t\u0119 wielk\u0105 i niesamowit\u0105 mi\u0142o\u015b\u0107 Jezusa do ludzi, zg\u0142\u0119bia\u0107 warto\u015b\u0107 Ofiary jak\u0105 Jezus z\u0142o\u017cy\u0142 na Krzy\u017cu za zbawienie ludzi i \u015bwiata. Nale\u017cy ci\u0105gle na nowo u\u015bwiadamia\u0107 sobie i innym warto\u015b\u0107 Eucharystii, warto\u015b\u0107 Mszy \u015bwi\u0119tej, w czasie kt\u00f3rej Jezus, tak samo jak na Krzy\u017cu, ofiaruje siebie Bogu Ojcu za ka\u017cdego cz\u0142owieka. Aby wype\u0142nia\u0107 Testament jaki Jezus zostawi\u0142 nam na ziemi, nale\u017cy \u017cy\u0107 Prawd\u0105, kt\u00f3r\u0105 Jezus nieustannie g\u0142osi, i\u015b\u0107 Drog\u0105 kt\u00f3r\u0105 wskazuje nam Jezus oraz mie\u0107 w sobie \u0142ask\u0119 u\u015bwi\u0119caj\u0105ca, dzi\u0119ki kt\u00f3rej nosimy ju\u017c w sobie zadatek \u017bycia wiecznego. Nale\u017cy tak\u017ce bardzo mocno dba\u0107 na co dzie\u0144 o \u017cycie w jedno\u015bci z Bogiem i w zjednoczeniu z uczniami Jezusa we wsp\u00f3lnocie Ko\u015bcio\u0142a, aby spe\u0142nia\u0142a si\u0119 \u00a0pro\u015bba skierowana przez Jezusa do swojego Ojca: \u201eOjcze\u2026, aby stanowili jedno, tak jak My jedno stanowimy. Ja w nich, a Ty we Mnie! Oby si\u0119 tak zespolili w jedno, aby \u015bwiat pozna\u0142, \u017ce Ty Mnie pos\u0142a\u0142e\u015b i \u017ce Ty ich umi\u0142owa\u0142e\u015b, tak jak Mnie umi\u0142owa\u0142e\u015b\u201d. Amen.<br \/>\n(o.R.)<\/p>\n","protected":false},"excerpt":{"rendered":"<p>Z kazania na kalwaryjskim Wzg\u00f3rzu \u2013 09.06.2022r. &#8211; \u015awi\u0119to Jezusa Chrystusa Najwy\u017cszego i Wiecznego Kap\u0142ana Udzia\u0142 w kap\u0142a\u0144stwie Chrystusa. Od 2013r. celebrujemy w Ko\u015bciele \u015awi\u0119to obchodzone mi\u0119dzy Zes\u0142aniem Ducha \u015awi\u0119tego, a uroczysto\u015bci\u0105 Tr\u00f3jcy \u015awi\u0119tej. \u015awi\u0119to Chrystusa Najwy\u017cszego i Wiecznego Kap\u0142ana wprowadzi\u0142 papie\u017c Benedykt XVI na pami\u0105tk\u0119 obchodzonego wtedy Roku Kap\u0142a\u0144skiego. Papie\u017c pragn\u0105\u0142, aby opr\u00f3cz Wielkiego &hellip;<\/p>\n","protected":false},"author":2,"featured_media":23614,"comment_status":"closed","ping_status":"closed","sticky":false,"template":"","format":"standard","meta":{"_mi_skip_tracking":false,"_exactmetrics_sitenote_active":false,"_exactmetrics_sitenote_note":"","_exactmetrics_sitenote_category":0},"categories":[14],"tags":[],"yoast_head":"<!-- This site is optimized with the Yoast SEO plugin v18.1 - https:\/\/yoast.com\/wordpress\/plugins\/seo\/ -->\n<title>Do medytacji z kalwaryjskiego Wzg\u00f3rza \u2013 czwartek 09.06.2022r. - Pako\u015b\u0107 \u2013 Kalwaria<\/title>\n<meta name=\"robots\" content=\"index, follow, max-snippet:-1, max-image-preview:large, max-video-preview:-1\" \/>\n<link rel=\"canonical\" href=\"https:\/\/pakosc-kalwaria.franciszkanie.net\/index.php\/2022\/06\/09\/do-medytacji-z-kalwaryjskiego-wzgorza-czwartek-09-06-2022r\/\" \/>\n<meta property=\"og:locale\" content=\"pl_PL\" \/>\n<meta property=\"og:type\" content=\"article\" \/>\n<meta property=\"og:title\" content=\"Do medytacji z kalwaryjskiego Wzg\u00f3rza \u2013 czwartek 09.06.2022r. - Pako\u015b\u0107 \u2013 Kalwaria\" \/>\n<meta property=\"og:description\" content=\"Z kazania na kalwaryjskim Wzg\u00f3rzu \u2013 09.06.2022r. &#8211; \u015awi\u0119to Jezusa Chrystusa Najwy\u017cszego i Wiecznego Kap\u0142ana Udzia\u0142 w kap\u0142a\u0144stwie Chrystusa. Od 2013r. celebrujemy w Ko\u015bciele \u015awi\u0119to obchodzone mi\u0119dzy Zes\u0142aniem Ducha \u015awi\u0119tego, a uroczysto\u015bci\u0105 Tr\u00f3jcy \u015awi\u0119tej. \u015awi\u0119to Chrystusa Najwy\u017cszego i Wiecznego Kap\u0142ana wprowadzi\u0142 papie\u017c Benedykt XVI na pami\u0105tk\u0119 obchodzonego wtedy Roku Kap\u0142a\u0144skiego. Papie\u017c pragn\u0105\u0142, aby opr\u00f3cz Wielkiego &hellip;\" \/>\n<meta property=\"og:url\" content=\"https:\/\/pakosc-kalwaria.franciszkanie.net\/index.php\/2022\/06\/09\/do-medytacji-z-kalwaryjskiego-wzgorza-czwartek-09-06-2022r\/\" \/>\n<meta property=\"og:site_name\" content=\"Pako\u015b\u0107 \u2013 Kalwaria\" \/>\n<meta property=\"article:author\" content=\"https:\/\/www.facebook.com\/KalwariaPakosc\/\" \/>\n<meta property=\"article:published_time\" content=\"2022-06-09T16:00:43+00:00\" \/>\n<meta property=\"article:modified_time\" content=\"2022-06-12T10:30:39+00:00\" \/>\n<meta property=\"og:image\" content=\"https:\/\/pakosc-kalwaria.franciszkanie.net\/wp-content\/uploads\/2022\/06\/images.jpg\" \/>\n\t<meta property=\"og:image:width\" content=\"350\" \/>\n\t<meta property=\"og:image:height\" content=\"233\" \/>\n\t<meta property=\"og:image:type\" content=\"image\/jpeg\" \/>\n<meta name=\"twitter:card\" content=\"summary\" \/>\n<meta name=\"twitter:label1\" content=\"Napisane przez\" \/>\n\t<meta name=\"twitter:data1\" content=\"pakosc-kalwaria\" \/>\n\t<meta name=\"twitter:label2\" content=\"Szacowany czas czytania\" \/>\n\t<meta name=\"twitter:data2\" content=\"4 minuty\" \/>\n<script type=\"application\/ld+json\" class=\"yoast-schema-graph\">{\"@context\":\"https:\/\/schema.org\",\"@graph\":[{\"@type\":\"WebSite\",\"@id\":\"https:\/\/pakosc-kalwaria.franciszkanie.net\/#website\",\"url\":\"https:\/\/pakosc-kalwaria.franciszkanie.net\/\",\"name\":\"Pako\u015b\u0107 \u2013 Kalwaria\",\"description\":\"Parafia Rzymsko \u2013 Katolicka p.w. Pana Jezusa Ukrzy\u017cowanego i  Matki Bo\u017cej Bolesnej ul. Barci\u0144ska 60, 88\u2013170 Pako\u015b\u0107 \u2013 Kalwaria\",\"potentialAction\":[{\"@type\":\"SearchAction\",\"target\":{\"@type\":\"EntryPoint\",\"urlTemplate\":\"https:\/\/pakosc-kalwaria.franciszkanie.net\/?s={search_term_string}\"},\"query-input\":\"required name=search_term_string\"}],\"inLanguage\":\"pl-PL\"},{\"@type\":\"ImageObject\",\"@id\":\"https:\/\/pakosc-kalwaria.franciszkanie.net\/index.php\/2022\/06\/09\/do-medytacji-z-kalwaryjskiego-wzgorza-czwartek-09-06-2022r\/#primaryimage\",\"inLanguage\":\"pl-PL\",\"url\":\"https:\/\/pakosc-kalwaria.franciszkanie.net\/wp-content\/uploads\/2022\/06\/images.jpg\",\"contentUrl\":\"https:\/\/pakosc-kalwaria.franciszkanie.net\/wp-content\/uploads\/2022\/06\/images.jpg\",\"width\":350,\"height\":233},{\"@type\":\"WebPage\",\"@id\":\"https:\/\/pakosc-kalwaria.franciszkanie.net\/index.php\/2022\/06\/09\/do-medytacji-z-kalwaryjskiego-wzgorza-czwartek-09-06-2022r\/#webpage\",\"url\":\"https:\/\/pakosc-kalwaria.franciszkanie.net\/index.php\/2022\/06\/09\/do-medytacji-z-kalwaryjskiego-wzgorza-czwartek-09-06-2022r\/\",\"name\":\"Do medytacji z kalwaryjskiego Wzg\u00f3rza \u2013 czwartek 09.06.2022r. - Pako\u015b\u0107 \u2013 Kalwaria\",\"isPartOf\":{\"@id\":\"https:\/\/pakosc-kalwaria.franciszkanie.net\/#website\"},\"primaryImageOfPage\":{\"@id\":\"https:\/\/pakosc-kalwaria.franciszkanie.net\/index.php\/2022\/06\/09\/do-medytacji-z-kalwaryjskiego-wzgorza-czwartek-09-06-2022r\/#primaryimage\"},\"datePublished\":\"2022-06-09T16:00:43+00:00\",\"dateModified\":\"2022-06-12T10:30:39+00:00\",\"author\":{\"@id\":\"https:\/\/pakosc-kalwaria.franciszkanie.net\/#\/schema\/person\/af10b943be0760709227d060eadcb2aa\"},\"breadcrumb\":{\"@id\":\"https:\/\/pakosc-kalwaria.franciszkanie.net\/index.php\/2022\/06\/09\/do-medytacji-z-kalwaryjskiego-wzgorza-czwartek-09-06-2022r\/#breadcrumb\"},\"inLanguage\":\"pl-PL\",\"potentialAction\":[{\"@type\":\"ReadAction\",\"target\":[\"https:\/\/pakosc-kalwaria.franciszkanie.net\/index.php\/2022\/06\/09\/do-medytacji-z-kalwaryjskiego-wzgorza-czwartek-09-06-2022r\/\"]}]},{\"@type\":\"BreadcrumbList\",\"@id\":\"https:\/\/pakosc-kalwaria.franciszkanie.net\/index.php\/2022\/06\/09\/do-medytacji-z-kalwaryjskiego-wzgorza-czwartek-09-06-2022r\/#breadcrumb\",\"itemListElement\":[{\"@type\":\"ListItem\",\"position\":1,\"name\":\"Strona g\u0142\u00f3wna\",\"item\":\"https:\/\/pakosc-kalwaria.franciszkanie.net\/\"},{\"@type\":\"ListItem\",\"position\":2,\"name\":\"Do medytacji z kalwaryjskiego Wzg\u00f3rza \u2013 czwartek 09.06.2022r.\"}]},{\"@type\":\"Person\",\"@id\":\"https:\/\/pakosc-kalwaria.franciszkanie.net\/#\/schema\/person\/af10b943be0760709227d060eadcb2aa\",\"name\":\"pakosc-kalwaria\",\"image\":{\"@type\":\"ImageObject\",\"@id\":\"https:\/\/pakosc-kalwaria.franciszkanie.net\/#personlogo\",\"inLanguage\":\"pl-PL\",\"url\":\"https:\/\/secure.gravatar.com\/avatar\/e7049d338b55eac6a0027ff3218b8d02?s=96&d=mm&r=g\",\"contentUrl\":\"https:\/\/secure.gravatar.com\/avatar\/e7049d338b55eac6a0027ff3218b8d02?s=96&d=mm&r=g\",\"caption\":\"pakosc-kalwaria\"},\"sameAs\":[\"https:\/\/www.facebook.com\/KalwariaPakosc\/\"],\"url\":\"https:\/\/pakosc-kalwaria.franciszkanie.net\/index.php\/author\/pakosc-kalwaria\/\"}]}<\/script>\n<!-- \/ Yoast SEO plugin. -->","yoast_head_json":{"title":"Do medytacji z kalwaryjskiego Wzg\u00f3rza \u2013 czwartek 09.06.2022r. - Pako\u015b\u0107 \u2013 Kalwaria","robots":{"index":"index","follow":"follow","max-snippet":"max-snippet:-1","max-image-preview":"max-image-preview:large","max-video-preview":"max-video-preview:-1"},"canonical":"https:\/\/pakosc-kalwaria.franciszkanie.net\/index.php\/2022\/06\/09\/do-medytacji-z-kalwaryjskiego-wzgorza-czwartek-09-06-2022r\/","og_locale":"pl_PL","og_type":"article","og_title":"Do medytacji z kalwaryjskiego Wzg\u00f3rza \u2013 czwartek 09.06.2022r. - Pako\u015b\u0107 \u2013 Kalwaria","og_description":"Z kazania na kalwaryjskim Wzg\u00f3rzu \u2013 09.06.2022r. &#8211; \u015awi\u0119to Jezusa Chrystusa Najwy\u017cszego i Wiecznego Kap\u0142ana Udzia\u0142 w kap\u0142a\u0144stwie Chrystusa. Od 2013r. celebrujemy w Ko\u015bciele \u015awi\u0119to obchodzone mi\u0119dzy Zes\u0142aniem Ducha \u015awi\u0119tego, a uroczysto\u015bci\u0105 Tr\u00f3jcy \u015awi\u0119tej. \u015awi\u0119to Chrystusa Najwy\u017cszego i Wiecznego Kap\u0142ana wprowadzi\u0142 papie\u017c Benedykt XVI na pami\u0105tk\u0119 obchodzonego wtedy Roku Kap\u0142a\u0144skiego. Papie\u017c pragn\u0105\u0142, aby opr\u00f3cz Wielkiego &hellip;","og_url":"https:\/\/pakosc-kalwaria.franciszkanie.net\/index.php\/2022\/06\/09\/do-medytacji-z-kalwaryjskiego-wzgorza-czwartek-09-06-2022r\/","og_site_name":"Pako\u015b\u0107 \u2013 Kalwaria","article_author":"https:\/\/www.facebook.com\/KalwariaPakosc\/","article_published_time":"2022-06-09T16:00:43+00:00","article_modified_time":"2022-06-12T10:30:39+00:00","og_image":[{"width":350,"height":233,"url":"https:\/\/pakosc-kalwaria.franciszkanie.net\/wp-content\/uploads\/2022\/06\/images.jpg","type":"image\/jpeg"}],"twitter_card":"summary","twitter_misc":{"Napisane przez":"pakosc-kalwaria","Szacowany czas czytania":"4 minuty"},"schema":{"@context":"https:\/\/schema.org","@graph":[{"@type":"WebSite","@id":"https:\/\/pakosc-kalwaria.franciszkanie.net\/#website","url":"https:\/\/pakosc-kalwaria.franciszkanie.net\/","name":"Pako\u015b\u0107 \u2013 Kalwaria","description":"Parafia Rzymsko \u2013 Katolicka p.w. Pana Jezusa Ukrzy\u017cowanego i  Matki Bo\u017cej Bolesnej ul. Barci\u0144ska 60, 88\u2013170 Pako\u015b\u0107 \u2013 Kalwaria","potentialAction":[{"@type":"SearchAction","target":{"@type":"EntryPoint","urlTemplate":"https:\/\/pakosc-kalwaria.franciszkanie.net\/?s={search_term_string}"},"query-input":"required name=search_term_string"}],"inLanguage":"pl-PL"},{"@type":"ImageObject","@id":"https:\/\/pakosc-kalwaria.franciszkanie.net\/index.php\/2022\/06\/09\/do-medytacji-z-kalwaryjskiego-wzgorza-czwartek-09-06-2022r\/#primaryimage","inLanguage":"pl-PL","url":"https:\/\/pakosc-kalwaria.franciszkanie.net\/wp-content\/uploads\/2022\/06\/images.jpg","contentUrl":"https:\/\/pakosc-kalwaria.franciszkanie.net\/wp-content\/uploads\/2022\/06\/images.jpg","width":350,"height":233},{"@type":"WebPage","@id":"https:\/\/pakosc-kalwaria.franciszkanie.net\/index.php\/2022\/06\/09\/do-medytacji-z-kalwaryjskiego-wzgorza-czwartek-09-06-2022r\/#webpage","url":"https:\/\/pakosc-kalwaria.franciszkanie.net\/index.php\/2022\/06\/09\/do-medytacji-z-kalwaryjskiego-wzgorza-czwartek-09-06-2022r\/","name":"Do medytacji z kalwaryjskiego Wzg\u00f3rza \u2013 czwartek 09.06.2022r. - Pako\u015b\u0107 \u2013 Kalwaria","isPartOf":{"@id":"https:\/\/pakosc-kalwaria.franciszkanie.net\/#website"},"primaryImageOfPage":{"@id":"https:\/\/pakosc-kalwaria.franciszkanie.net\/index.php\/2022\/06\/09\/do-medytacji-z-kalwaryjskiego-wzgorza-czwartek-09-06-2022r\/#primaryimage"},"datePublished":"2022-06-09T16:00:43+00:00","dateModified":"2022-06-12T10:30:39+00:00","author":{"@id":"https:\/\/pakosc-kalwaria.franciszkanie.net\/#\/schema\/person\/af10b943be0760709227d060eadcb2aa"},"breadcrumb":{"@id":"https:\/\/pakosc-kalwaria.franciszkanie.net\/index.php\/2022\/06\/09\/do-medytacji-z-kalwaryjskiego-wzgorza-czwartek-09-06-2022r\/#breadcrumb"},"inLanguage":"pl-PL","potentialAction":[{"@type":"ReadAction","target":["https:\/\/pakosc-kalwaria.franciszkanie.net\/index.php\/2022\/06\/09\/do-medytacji-z-kalwaryjskiego-wzgorza-czwartek-09-06-2022r\/"]}]},{"@type":"BreadcrumbList","@id":"https:\/\/pakosc-kalwaria.franciszkanie.net\/index.php\/2022\/06\/09\/do-medytacji-z-kalwaryjskiego-wzgorza-czwartek-09-06-2022r\/#breadcrumb","itemListElement":[{"@type":"ListItem","position":1,"name":"Strona g\u0142\u00f3wna","item":"https:\/\/pakosc-kalwaria.franciszkanie.net\/"},{"@type":"ListItem","position":2,"name":"Do medytacji z kalwaryjskiego Wzg\u00f3rza \u2013 czwartek 09.06.2022r."}]},{"@type":"Person","@id":"https:\/\/pakosc-kalwaria.franciszkanie.net\/#\/schema\/person\/af10b943be0760709227d060eadcb2aa","name":"pakosc-kalwaria","image":{"@type":"ImageObject","@id":"https:\/\/pakosc-kalwaria.franciszkanie.net\/#personlogo","inLanguage":"pl-PL","url":"https:\/\/secure.gravatar.com\/avatar\/e7049d338b55eac6a0027ff3218b8d02?s=96&d=mm&r=g","contentUrl":"https:\/\/secure.gravatar.com\/avatar\/e7049d338b55eac6a0027ff3218b8d02?s=96&d=mm&r=g","caption":"pakosc-kalwaria"},"sameAs":["https:\/\/www.facebook.com\/KalwariaPakosc\/"],"url":"https:\/\/pakosc-kalwaria.franciszkanie.net\/index.php\/author\/pakosc-kalwaria\/"}]}},"_links":{"self":[{"href":"https:\/\/pakosc-kalwaria.franciszkanie.net\/index.php\/wp-json\/wp\/v2\/posts\/23613"}],"collection":[{"href":"https:\/\/pakosc-kalwaria.franciszkanie.net\/index.php\/wp-json\/wp\/v2\/posts"}],"about":[{"href":"https:\/\/pakosc-kalwaria.franciszkanie.net\/index.php\/wp-json\/wp\/v2\/types\/post"}],"author":[{"embeddable":true,"href":"https:\/\/pakosc-kalwaria.franciszkanie.net\/index.php\/wp-json\/wp\/v2\/users\/2"}],"replies":[{"embeddable":true,"href":"https:\/\/pakosc-kalwaria.franciszkanie.net\/index.php\/wp-json\/wp\/v2\/comments?post=23613"}],"version-history":[{"count":4,"href":"https:\/\/pakosc-kalwaria.franciszkanie.net\/index.php\/wp-json\/wp\/v2\/posts\/23613\/revisions"}],"predecessor-version":[{"id":23673,"href":"https:\/\/pakosc-kalwaria.franciszkanie.net\/index.php\/wp-json\/wp\/v2\/posts\/23613\/revisions\/23673"}],"wp:featuredmedia":[{"embeddable":true,"href":"https:\/\/pakosc-kalwaria.franciszkanie.net\/index.php\/wp-json\/wp\/v2\/media\/23614"}],"wp:attachment":[{"href":"https:\/\/pakosc-kalwaria.franciszkanie.net\/index.php\/wp-json\/wp\/v2\/media?parent=23613"}],"wp:term":[{"taxonomy":"category","embeddable":true,"href":"https:\/\/pakosc-kalwaria.franciszkanie.net\/index.php\/wp-json\/wp\/v2\/categories?post=23613"},{"taxonomy":"post_tag","embeddable":true,"href":"https:\/\/pakosc-kalwaria.franciszkanie.net\/index.php\/wp-json\/wp\/v2\/tags?post=23613"}],"curies":[{"name":"wp","href":"https:\/\/api.w.org\/{rel}","templated":true}]}}