{"id":23624,"date":"2022-06-11T09:05:25","date_gmt":"2022-06-11T07:05:25","guid":{"rendered":"http:\/\/pakosc-kalwaria.franciszkanie.net\/?p=23624"},"modified":"2022-06-11T18:26:48","modified_gmt":"2022-06-11T16:26:48","slug":"ogloszenia-duszpasterskie-uroczystosc-najswietszej-trojcy-5","status":"publish","type":"post","link":"https:\/\/pakosc-kalwaria.franciszkanie.net\/index.php\/2022\/06\/11\/ogloszenia-duszpasterskie-uroczystosc-najswietszej-trojcy-5\/","title":{"rendered":"Og\u0142oszenia duszpasterskie &#8211; Uroczysto\u015b\u0107 Naj\u015bwi\u0119tszej Tr\u00f3jcy"},"content":{"rendered":"<p><span style=\"color: #ff0000;\"><strong><em><u>W niedziel\u0119 (12.06.)<\/u><\/em><\/strong><\/span><strong><span style=\"color: #ff0000;\"> \u2013 uroczysto\u015b\u0107 Naj\u015bwi\u0119tszej Tr\u00f3jcy.<\/span><br \/>\nW tym dniu ko\u0144czy si\u0119 <span style=\"color: #ff0000;\">okres Komunii \u015bwi\u0119tej wielkanocnej<\/span><\/strong><strong> wynikaj\u0105cy z przykazania ko\u015bcielnego. Zach\u0119camy do Spowiedzi i Komunii \u015bwi\u0119tej.<\/strong><\/p>\n<p><strong><span style=\"color: #ff0000;\">W czerwcu codziennie nabo\u017ce\u0144stwa ku czci Naj\u015bwi\u0119tszego Serca Pana Jezusa:<\/span> w tygodniu po Mszy \u015awi\u0119tej o 17.00, a w niedziel\u0119 po Mszy \u015awi\u0119tej o 9.00.<br \/>\n<\/strong><strong>Ze wzgl\u0119du na remont i malowania prezbiterium w naszym ko\u015bciele <span style=\"color: #ff0000;\">Msze \u015bwi\u0119te odprawiamy przy o\u0142tarzu polowym.\u00a0\u00a0\u00a0\u00a0<\/span>\u00a0 <\/strong><\/p>\n<p><strong><span style=\"color: #ff0000;\"><u>W poniedzia\u0142ek (13.06.)<\/u> \u2013 \u015bwi\u0119to \u015bw. Antoniego z Padwy.<\/span><br \/>\n<span style=\"color: #ff0000;\">W czasie Msza \u015bw. o 17.00<\/span> po\u015bwi\u0119cenie lilii i b\u0142ogos\u0142awie\u0144stwo dzieci. Do tego \u015bwi\u0119ta przygotowujemy si\u0119 przez Nowenn\u0119. Wszystkich serdecznie zapraszamy, szczeg\u00f3lnie rodzic\u00f3w z dzie\u0107mi i prosimy o przyniesienie lilii.<\/strong><br \/>\n<strong><span style=\"color: #ff0000;\">W poniedzia\u0142ek Dzie\u0144 Fatimski. W ko\u015bciele \u015bw. Bonawentury o 18.00 Msza \u015awi\u0119ta i Procesja R\u00f3\u017ca\u0144cowa <\/span>ze \u015bwiecami na Wzg\u00f3rze Kalwaryjskie. Wszystkich czcicieli Maryi zapraszamy do licznego udzia\u0142u.<\/strong><\/p>\n<p><strong><span style=\"color: #008000;\"><em><u>We wtorek i w \u015brod\u0119 (14 i 15.06.)<\/u><\/em> \u2013<\/span> <span style=\"color: #ff0000;\">przy ko\u015bciele \u015bw. Bonawentury o 16.30<\/span> pr\u00f3by dla dzieci pragn\u0105cych sypa\u0107 kwiatki na procesji Bo\u017cego Cia\u0142a oraz w czasie Oktawy Bo\u017cego Cia\u0142a.<\/strong><\/p>\n<p><span style=\"color: #ff0000;\"><strong><em><u>W czwartek (16.06.)<\/u><\/em> \u2013 uroczysto\u015b\u0107 Naj\u015bwi\u0119tszego Cia\u0142a i Krwi Chrystusa (Bo\u017ce Cia\u0142o).<\/strong><\/span><br \/>\n<strong><span style=\"color: #ff0000;\">Msza \u015bwi\u0119ta o 8.00,<\/span> a po niej nabo\u017ce\u0144stwo czerwcowe. <span style=\"color: #ff0000;\">Nie b\u0119dzie Mszy \u015awi\u0119tej o 9.00 i 11.00.<\/span><\/strong><br \/>\n<strong><span style=\"color: #ff0000;\">O 10.00 Msza \u015awi\u0119ta przy Kaplicy Wieczernik i Procesja Eucharystyczna<\/span> dr\u00f3\u017ckami kalwaryjskimi do ko\u015bcio\u0142a \u015bw. Bonawentury Zapraszamy do udzia\u0142u w procesji Liturgiczn\u0105 S\u0142u\u017cb\u0119 O\u0142tarza, dzieci pierwszokomunijne w strojach, dziewczynki sypi\u0105ce kwiatki, dzieci, m\u0142odzie\u017c i doros\u0142ych.<\/strong><\/p>\n<p><strong><span style=\"color: #ff0000;\">W Oktawie Bo\u017cego Cia\u0142a<\/span> (do czwartku 23 czerwca) <span style=\"color: #ff0000;\">codziennie Msze \u015awi\u0119te z Procesj\u0105 eucharystyczn\u0105 o 17.00, a w niedziel\u0119 o 9.00.<\/span> W kolejnym Roku duszpasterskim po\u015bwi\u0119conym Eucharystii szczeg\u00f3lnie zach\u0119camy do udzia\u0142u w Mszach \u015awi\u0119tych i Procesjach w Oktawie Bo\u017cego Cia\u0142a.<\/strong><\/p>\n<p><strong><span style=\"color: #008000;\"><em><u>W pi\u0105tek (17.06.)<\/u><\/em> <\/span>\u2013 <span style=\"color: #ff0000;\">o 17.00 Msza \u015awi\u0119ta w intencjach zbiorowych do Bo\u017cego Mi\u0142osierdzia<\/span>. Intencje mo\u017cna sk\u0142ada\u0107 przed Msz\u0105 \u015bwi\u0119t\u0105.<\/strong><br \/>\n<strong>Po Mszy \u015awi\u0119tej nabo\u017ce\u0144stwo do Naj\u015bwi\u0119tszego Serca Pana Jezusa.<\/strong><br \/>\n<strong><span style=\"color: #ff0000;\">O 18.15 nauka przed chrztem<\/span> dla rodzic\u00f3w i chrzestnych.<\/strong><\/p>\n<p><strong><span style=\"color: #ff0000;\"><em><u>W przysz\u0142\u0105 niedziel\u0119 (19.06.)<\/u><\/em> \u2013 kolekta remontowa<\/span> przeznaczona na renowacj\u0119 i malowanie prezbiterium w naszym ko\u015bciele. Za ka\u017cd\u0105 wasz\u0105 ofiar\u0119 i modlitw\u0119 w tej intencji sk\u0142adamy serdeczne \u201eB\u00f3g zap\u0142a\u0107\u201d.<\/strong><\/p>\n<p><strong>Po Mszy \u015bwi\u0119tej mo\u017cna odebra\u0107 zam\u00f3wione nagrania z uroczysto\u015bci Nawiedzenia Jasnog\u00f3rskiego Obrazu w naszej Parafii.<br \/>\n<\/strong><strong>Do nabycia czasopismo: Przewodnik Katolicki.<\/strong><\/p>\n<p><strong>Niech Jezus Ukrzy\u017cowany i Mi\u0142osierny obficie b\u0142ogos\u0142awi Wam i waszym Rodzinom, a Matka Bo\u017ca niech Was otacza swoj\u0105 przemo\u017cn\u0105 opiek\u0105.<\/strong><\/p>\n<p><strong>Z darem modlitwy Bracia Mniejsi Franciszkanie z Pako\u015bci \u2013 Kalwarii <\/strong><\/p>\n","protected":false},"excerpt":{"rendered":"<p>W niedziel\u0119 (12.06.) \u2013 uroczysto\u015b\u0107 Naj\u015bwi\u0119tszej Tr\u00f3jcy. W tym dniu ko\u0144czy si\u0119 okres Komunii \u015bwi\u0119tej wielkanocnej wynikaj\u0105cy z przykazania ko\u015bcielnego. Zach\u0119camy do Spowiedzi i Komunii \u015bwi\u0119tej. W czerwcu codziennie nabo\u017ce\u0144stwa ku czci Naj\u015bwi\u0119tszego Serca Pana Jezusa: w tygodniu po Mszy \u015awi\u0119tej o 17.00, a w niedziel\u0119 po Mszy \u015awi\u0119tej o 9.00. Ze wzgl\u0119du na remont &hellip;<\/p>\n","protected":false},"author":2,"featured_media":23625,"comment_status":"closed","ping_status":"closed","sticky":false,"template":"","format":"standard","meta":{"_mi_skip_tracking":false,"_exactmetrics_sitenote_active":false,"_exactmetrics_sitenote_note":"","_exactmetrics_sitenote_category":0},"categories":[5],"tags":[],"yoast_head":"<!-- This site is optimized with the Yoast SEO plugin v18.1 - https:\/\/yoast.com\/wordpress\/plugins\/seo\/ -->\n<title>Og\u0142oszenia duszpasterskie - Uroczysto\u015b\u0107 Naj\u015bwi\u0119tszej Tr\u00f3jcy - Pako\u015b\u0107 \u2013 Kalwaria<\/title>\n<meta name=\"robots\" content=\"index, follow, max-snippet:-1, max-image-preview:large, max-video-preview:-1\" \/>\n<link rel=\"canonical\" href=\"https:\/\/pakosc-kalwaria.franciszkanie.net\/index.php\/2022\/06\/11\/ogloszenia-duszpasterskie-uroczystosc-najswietszej-trojcy-5\/\" \/>\n<meta property=\"og:locale\" content=\"pl_PL\" \/>\n<meta property=\"og:type\" content=\"article\" \/>\n<meta property=\"og:title\" content=\"Og\u0142oszenia duszpasterskie - Uroczysto\u015b\u0107 Naj\u015bwi\u0119tszej Tr\u00f3jcy - Pako\u015b\u0107 \u2013 Kalwaria\" \/>\n<meta property=\"og:description\" content=\"W niedziel\u0119 (12.06.) \u2013 uroczysto\u015b\u0107 Naj\u015bwi\u0119tszej Tr\u00f3jcy. W tym dniu ko\u0144czy si\u0119 okres Komunii \u015bwi\u0119tej wielkanocnej wynikaj\u0105cy z przykazania ko\u015bcielnego. Zach\u0119camy do Spowiedzi i Komunii \u015bwi\u0119tej. W czerwcu codziennie nabo\u017ce\u0144stwa ku czci Naj\u015bwi\u0119tszego Serca Pana Jezusa: w tygodniu po Mszy \u015awi\u0119tej o 17.00, a w niedziel\u0119 po Mszy \u015awi\u0119tej o 9.00. Ze wzgl\u0119du na remont &hellip;\" \/>\n<meta property=\"og:url\" content=\"https:\/\/pakosc-kalwaria.franciszkanie.net\/index.php\/2022\/06\/11\/ogloszenia-duszpasterskie-uroczystosc-najswietszej-trojcy-5\/\" \/>\n<meta property=\"og:site_name\" content=\"Pako\u015b\u0107 \u2013 Kalwaria\" \/>\n<meta property=\"article:author\" content=\"https:\/\/www.facebook.com\/KalwariaPakosc\/\" \/>\n<meta property=\"article:published_time\" content=\"2022-06-11T07:05:25+00:00\" \/>\n<meta property=\"article:modified_time\" content=\"2022-06-11T16:26:48+00:00\" \/>\n<meta property=\"og:image\" content=\"https:\/\/pakosc-kalwaria.franciszkanie.net\/wp-content\/uploads\/2022\/06\/swieta_trojca.jpg\" \/>\n\t<meta property=\"og:image:width\" content=\"350\" \/>\n\t<meta property=\"og:image:height\" content=\"219\" \/>\n\t<meta property=\"og:image:type\" content=\"image\/jpeg\" \/>\n<meta name=\"twitter:card\" content=\"summary\" \/>\n<meta name=\"twitter:label1\" content=\"Napisane przez\" \/>\n\t<meta name=\"twitter:data1\" content=\"pakosc-kalwaria\" \/>\n\t<meta name=\"twitter:label2\" content=\"Szacowany czas czytania\" \/>\n\t<meta name=\"twitter:data2\" content=\"3 minuty\" \/>\n<script type=\"application\/ld+json\" class=\"yoast-schema-graph\">{\"@context\":\"https:\/\/schema.org\",\"@graph\":[{\"@type\":\"WebSite\",\"@id\":\"https:\/\/pakosc-kalwaria.franciszkanie.net\/#website\",\"url\":\"https:\/\/pakosc-kalwaria.franciszkanie.net\/\",\"name\":\"Pako\u015b\u0107 \u2013 Kalwaria\",\"description\":\"Parafia Rzymsko \u2013 Katolicka p.w. Pana Jezusa Ukrzy\u017cowanego i  Matki Bo\u017cej Bolesnej ul. Barci\u0144ska 60, 88\u2013170 Pako\u015b\u0107 \u2013 Kalwaria\",\"potentialAction\":[{\"@type\":\"SearchAction\",\"target\":{\"@type\":\"EntryPoint\",\"urlTemplate\":\"https:\/\/pakosc-kalwaria.franciszkanie.net\/?s={search_term_string}\"},\"query-input\":\"required name=search_term_string\"}],\"inLanguage\":\"pl-PL\"},{\"@type\":\"ImageObject\",\"@id\":\"https:\/\/pakosc-kalwaria.franciszkanie.net\/index.php\/2022\/06\/11\/ogloszenia-duszpasterskie-uroczystosc-najswietszej-trojcy-5\/#primaryimage\",\"inLanguage\":\"pl-PL\",\"url\":\"https:\/\/pakosc-kalwaria.franciszkanie.net\/wp-content\/uploads\/2022\/06\/swieta_trojca.jpg\",\"contentUrl\":\"https:\/\/pakosc-kalwaria.franciszkanie.net\/wp-content\/uploads\/2022\/06\/swieta_trojca.jpg\",\"width\":350,\"height\":219},{\"@type\":\"WebPage\",\"@id\":\"https:\/\/pakosc-kalwaria.franciszkanie.net\/index.php\/2022\/06\/11\/ogloszenia-duszpasterskie-uroczystosc-najswietszej-trojcy-5\/#webpage\",\"url\":\"https:\/\/pakosc-kalwaria.franciszkanie.net\/index.php\/2022\/06\/11\/ogloszenia-duszpasterskie-uroczystosc-najswietszej-trojcy-5\/\",\"name\":\"Og\u0142oszenia duszpasterskie - Uroczysto\u015b\u0107 Naj\u015bwi\u0119tszej Tr\u00f3jcy - Pako\u015b\u0107 \u2013 Kalwaria\",\"isPartOf\":{\"@id\":\"https:\/\/pakosc-kalwaria.franciszkanie.net\/#website\"},\"primaryImageOfPage\":{\"@id\":\"https:\/\/pakosc-kalwaria.franciszkanie.net\/index.php\/2022\/06\/11\/ogloszenia-duszpasterskie-uroczystosc-najswietszej-trojcy-5\/#primaryimage\"},\"datePublished\":\"2022-06-11T07:05:25+00:00\",\"dateModified\":\"2022-06-11T16:26:48+00:00\",\"author\":{\"@id\":\"https:\/\/pakosc-kalwaria.franciszkanie.net\/#\/schema\/person\/af10b943be0760709227d060eadcb2aa\"},\"breadcrumb\":{\"@id\":\"https:\/\/pakosc-kalwaria.franciszkanie.net\/index.php\/2022\/06\/11\/ogloszenia-duszpasterskie-uroczystosc-najswietszej-trojcy-5\/#breadcrumb\"},\"inLanguage\":\"pl-PL\",\"potentialAction\":[{\"@type\":\"ReadAction\",\"target\":[\"https:\/\/pakosc-kalwaria.franciszkanie.net\/index.php\/2022\/06\/11\/ogloszenia-duszpasterskie-uroczystosc-najswietszej-trojcy-5\/\"]}]},{\"@type\":\"BreadcrumbList\",\"@id\":\"https:\/\/pakosc-kalwaria.franciszkanie.net\/index.php\/2022\/06\/11\/ogloszenia-duszpasterskie-uroczystosc-najswietszej-trojcy-5\/#breadcrumb\",\"itemListElement\":[{\"@type\":\"ListItem\",\"position\":1,\"name\":\"Strona g\u0142\u00f3wna\",\"item\":\"https:\/\/pakosc-kalwaria.franciszkanie.net\/\"},{\"@type\":\"ListItem\",\"position\":2,\"name\":\"Og\u0142oszenia duszpasterskie &#8211; Uroczysto\u015b\u0107 Naj\u015bwi\u0119tszej Tr\u00f3jcy\"}]},{\"@type\":\"Person\",\"@id\":\"https:\/\/pakosc-kalwaria.franciszkanie.net\/#\/schema\/person\/af10b943be0760709227d060eadcb2aa\",\"name\":\"pakosc-kalwaria\",\"image\":{\"@type\":\"ImageObject\",\"@id\":\"https:\/\/pakosc-kalwaria.franciszkanie.net\/#personlogo\",\"inLanguage\":\"pl-PL\",\"url\":\"https:\/\/secure.gravatar.com\/avatar\/e7049d338b55eac6a0027ff3218b8d02?s=96&d=mm&r=g\",\"contentUrl\":\"https:\/\/secure.gravatar.com\/avatar\/e7049d338b55eac6a0027ff3218b8d02?s=96&d=mm&r=g\",\"caption\":\"pakosc-kalwaria\"},\"sameAs\":[\"https:\/\/www.facebook.com\/KalwariaPakosc\/\"],\"url\":\"https:\/\/pakosc-kalwaria.franciszkanie.net\/index.php\/author\/pakosc-kalwaria\/\"}]}<\/script>\n<!-- \/ Yoast SEO plugin. -->","yoast_head_json":{"title":"Og\u0142oszenia duszpasterskie - Uroczysto\u015b\u0107 Naj\u015bwi\u0119tszej Tr\u00f3jcy - Pako\u015b\u0107 \u2013 Kalwaria","robots":{"index":"index","follow":"follow","max-snippet":"max-snippet:-1","max-image-preview":"max-image-preview:large","max-video-preview":"max-video-preview:-1"},"canonical":"https:\/\/pakosc-kalwaria.franciszkanie.net\/index.php\/2022\/06\/11\/ogloszenia-duszpasterskie-uroczystosc-najswietszej-trojcy-5\/","og_locale":"pl_PL","og_type":"article","og_title":"Og\u0142oszenia duszpasterskie - Uroczysto\u015b\u0107 Naj\u015bwi\u0119tszej Tr\u00f3jcy - Pako\u015b\u0107 \u2013 Kalwaria","og_description":"W niedziel\u0119 (12.06.) \u2013 uroczysto\u015b\u0107 Naj\u015bwi\u0119tszej Tr\u00f3jcy. W tym dniu ko\u0144czy si\u0119 okres Komunii \u015bwi\u0119tej wielkanocnej wynikaj\u0105cy z przykazania ko\u015bcielnego. Zach\u0119camy do Spowiedzi i Komunii \u015bwi\u0119tej. W czerwcu codziennie nabo\u017ce\u0144stwa ku czci Naj\u015bwi\u0119tszego Serca Pana Jezusa: w tygodniu po Mszy \u015awi\u0119tej o 17.00, a w niedziel\u0119 po Mszy \u015awi\u0119tej o 9.00. Ze wzgl\u0119du na remont &hellip;","og_url":"https:\/\/pakosc-kalwaria.franciszkanie.net\/index.php\/2022\/06\/11\/ogloszenia-duszpasterskie-uroczystosc-najswietszej-trojcy-5\/","og_site_name":"Pako\u015b\u0107 \u2013 Kalwaria","article_author":"https:\/\/www.facebook.com\/KalwariaPakosc\/","article_published_time":"2022-06-11T07:05:25+00:00","article_modified_time":"2022-06-11T16:26:48+00:00","og_image":[{"width":350,"height":219,"url":"https:\/\/pakosc-kalwaria.franciszkanie.net\/wp-content\/uploads\/2022\/06\/swieta_trojca.jpg","type":"image\/jpeg"}],"twitter_card":"summary","twitter_misc":{"Napisane przez":"pakosc-kalwaria","Szacowany czas czytania":"3 minuty"},"schema":{"@context":"https:\/\/schema.org","@graph":[{"@type":"WebSite","@id":"https:\/\/pakosc-kalwaria.franciszkanie.net\/#website","url":"https:\/\/pakosc-kalwaria.franciszkanie.net\/","name":"Pako\u015b\u0107 \u2013 Kalwaria","description":"Parafia Rzymsko \u2013 Katolicka p.w. Pana Jezusa Ukrzy\u017cowanego i  Matki Bo\u017cej Bolesnej ul. Barci\u0144ska 60, 88\u2013170 Pako\u015b\u0107 \u2013 Kalwaria","potentialAction":[{"@type":"SearchAction","target":{"@type":"EntryPoint","urlTemplate":"https:\/\/pakosc-kalwaria.franciszkanie.net\/?s={search_term_string}"},"query-input":"required name=search_term_string"}],"inLanguage":"pl-PL"},{"@type":"ImageObject","@id":"https:\/\/pakosc-kalwaria.franciszkanie.net\/index.php\/2022\/06\/11\/ogloszenia-duszpasterskie-uroczystosc-najswietszej-trojcy-5\/#primaryimage","inLanguage":"pl-PL","url":"https:\/\/pakosc-kalwaria.franciszkanie.net\/wp-content\/uploads\/2022\/06\/swieta_trojca.jpg","contentUrl":"https:\/\/pakosc-kalwaria.franciszkanie.net\/wp-content\/uploads\/2022\/06\/swieta_trojca.jpg","width":350,"height":219},{"@type":"WebPage","@id":"https:\/\/pakosc-kalwaria.franciszkanie.net\/index.php\/2022\/06\/11\/ogloszenia-duszpasterskie-uroczystosc-najswietszej-trojcy-5\/#webpage","url":"https:\/\/pakosc-kalwaria.franciszkanie.net\/index.php\/2022\/06\/11\/ogloszenia-duszpasterskie-uroczystosc-najswietszej-trojcy-5\/","name":"Og\u0142oszenia duszpasterskie - Uroczysto\u015b\u0107 Naj\u015bwi\u0119tszej Tr\u00f3jcy - Pako\u015b\u0107 \u2013 Kalwaria","isPartOf":{"@id":"https:\/\/pakosc-kalwaria.franciszkanie.net\/#website"},"primaryImageOfPage":{"@id":"https:\/\/pakosc-kalwaria.franciszkanie.net\/index.php\/2022\/06\/11\/ogloszenia-duszpasterskie-uroczystosc-najswietszej-trojcy-5\/#primaryimage"},"datePublished":"2022-06-11T07:05:25+00:00","dateModified":"2022-06-11T16:26:48+00:00","author":{"@id":"https:\/\/pakosc-kalwaria.franciszkanie.net\/#\/schema\/person\/af10b943be0760709227d060eadcb2aa"},"breadcrumb":{"@id":"https:\/\/pakosc-kalwaria.franciszkanie.net\/index.php\/2022\/06\/11\/ogloszenia-duszpasterskie-uroczystosc-najswietszej-trojcy-5\/#breadcrumb"},"inLanguage":"pl-PL","potentialAction":[{"@type":"ReadAction","target":["https:\/\/pakosc-kalwaria.franciszkanie.net\/index.php\/2022\/06\/11\/ogloszenia-duszpasterskie-uroczystosc-najswietszej-trojcy-5\/"]}]},{"@type":"BreadcrumbList","@id":"https:\/\/pakosc-kalwaria.franciszkanie.net\/index.php\/2022\/06\/11\/ogloszenia-duszpasterskie-uroczystosc-najswietszej-trojcy-5\/#breadcrumb","itemListElement":[{"@type":"ListItem","position":1,"name":"Strona g\u0142\u00f3wna","item":"https:\/\/pakosc-kalwaria.franciszkanie.net\/"},{"@type":"ListItem","position":2,"name":"Og\u0142oszenia duszpasterskie &#8211; Uroczysto\u015b\u0107 Naj\u015bwi\u0119tszej Tr\u00f3jcy"}]},{"@type":"Person","@id":"https:\/\/pakosc-kalwaria.franciszkanie.net\/#\/schema\/person\/af10b943be0760709227d060eadcb2aa","name":"pakosc-kalwaria","image":{"@type":"ImageObject","@id":"https:\/\/pakosc-kalwaria.franciszkanie.net\/#personlogo","inLanguage":"pl-PL","url":"https:\/\/secure.gravatar.com\/avatar\/e7049d338b55eac6a0027ff3218b8d02?s=96&d=mm&r=g","contentUrl":"https:\/\/secure.gravatar.com\/avatar\/e7049d338b55eac6a0027ff3218b8d02?s=96&d=mm&r=g","caption":"pakosc-kalwaria"},"sameAs":["https:\/\/www.facebook.com\/KalwariaPakosc\/"],"url":"https:\/\/pakosc-kalwaria.franciszkanie.net\/index.php\/author\/pakosc-kalwaria\/"}]}},"_links":{"self":[{"href":"https:\/\/pakosc-kalwaria.franciszkanie.net\/index.php\/wp-json\/wp\/v2\/posts\/23624"}],"collection":[{"href":"https:\/\/pakosc-kalwaria.franciszkanie.net\/index.php\/wp-json\/wp\/v2\/posts"}],"about":[{"href":"https:\/\/pakosc-kalwaria.franciszkanie.net\/index.php\/wp-json\/wp\/v2\/types\/post"}],"author":[{"embeddable":true,"href":"https:\/\/pakosc-kalwaria.franciszkanie.net\/index.php\/wp-json\/wp\/v2\/users\/2"}],"replies":[{"embeddable":true,"href":"https:\/\/pakosc-kalwaria.franciszkanie.net\/index.php\/wp-json\/wp\/v2\/comments?post=23624"}],"version-history":[{"count":9,"href":"https:\/\/pakosc-kalwaria.franciszkanie.net\/index.php\/wp-json\/wp\/v2\/posts\/23624\/revisions"}],"predecessor-version":[{"id":23647,"href":"https:\/\/pakosc-kalwaria.franciszkanie.net\/index.php\/wp-json\/wp\/v2\/posts\/23624\/revisions\/23647"}],"wp:featuredmedia":[{"embeddable":true,"href":"https:\/\/pakosc-kalwaria.franciszkanie.net\/index.php\/wp-json\/wp\/v2\/media\/23625"}],"wp:attachment":[{"href":"https:\/\/pakosc-kalwaria.franciszkanie.net\/index.php\/wp-json\/wp\/v2\/media?parent=23624"}],"wp:term":[{"taxonomy":"category","embeddable":true,"href":"https:\/\/pakosc-kalwaria.franciszkanie.net\/index.php\/wp-json\/wp\/v2\/categories?post=23624"},{"taxonomy":"post_tag","embeddable":true,"href":"https:\/\/pakosc-kalwaria.franciszkanie.net\/index.php\/wp-json\/wp\/v2\/tags?post=23624"}],"curies":[{"name":"wp","href":"https:\/\/api.w.org\/{rel}","templated":true}]}}