{"id":23637,"date":"2022-06-10T18:00:07","date_gmt":"2022-06-10T16:00:07","guid":{"rendered":"http:\/\/pakosc-kalwaria.franciszkanie.net\/?p=23637"},"modified":"2022-06-12T12:31:55","modified_gmt":"2022-06-12T10:31:55","slug":"do-medytacji-z-kalwaryjskiego-wzgorza-piatek-10-06-2022r","status":"publish","type":"post","link":"https:\/\/pakosc-kalwaria.franciszkanie.net\/index.php\/2022\/06\/10\/do-medytacji-z-kalwaryjskiego-wzgorza-piatek-10-06-2022r\/","title":{"rendered":"Do medytacji z kalwaryjskiego Wzg\u00f3rza \u2013 pi\u0105tek 10.06.2022r."},"content":{"rendered":"<p><strong><span style=\"color: #ff0000;\">Z kazania na kalwaryjskim Wzg\u00f3rzu \u2013 10.06.2022r. \u2013 wspomnienie b\u0142. Bogumi\u0142a, biskupa<br \/>\n<\/span><br \/>\n<\/strong><strong>B\u0142. Bogumi\u0142 &#8211; zwyczajny \u015awi\u0119ty.<br \/>\n<\/strong>Patron dnia dzisiejszego, Bogumi\u0142, urodzi\u0142 si\u0119 w Ko\u017aminie, w Wielkopolsce, oko\u0142o 1135r. Pochodzi\u0142 ze znakomitego rodu. Wst\u0105pi\u0142 do klasztoru cysters\u00f3w. W\u00a0 1186r. zosta\u0142 powo\u0142any na urz\u0105d biskupa w Poznaniu. Do dnia dzisiejszego przechowuje si\u0119 w skarbcu katedry jego stu\u0142\u0119. Rok p\u00f3\u017aniej zosta\u0142 powo\u0142any na biskupa gnie\u017anie\u0144skiego. B\u0142. Wincenty Kad\u0142ubek napisa\u0142 w swej Kronice, i\u017c Bogumi\u0142 to \u201em\u0105\u017c pe\u0142en cn\u00f3t i wiedzy [\u2026], wyr\u00f3\u017cniaj\u0105cy si\u0119 dobrymi obyczajami, pe\u0142en szlachetno\u015bci umys\u0142u\u201d. Bogumi\u0142 by\u0142 rzeczywi\u015bcie dum\u0105 zakonu cysterskiego \u2013 dzi\u0119ki swojej m\u0105dro\u015bci, uczynno\u015bci, dzielno\u015bci, \u015bwi\u0119to\u015bci i hojnej fundacji na cele misyjne. Swoje przywi\u0105zanie do zakonu cysters\u00f3w potwierdza\u0142 tym, \u017ce tworzy\u0142 nowe klasztory i uposa\u017ca\u0142 ju\u017c istniej\u0105ce. Na pewnym etapie \u017cycia zapragn\u0105\u0142 ciszy i spokoju, dlatego po 12 latach rz\u0105dzenia metropoli\u0105 gnie\u017anie\u0144sk\u0105, w 1198 r. z\u0142o\u017cy\u0142 rezygnacj\u0119 i przeni\u00f3s\u0142 si\u0119 do Dobrowa, gdzie na wyspie rzeki Warty za\u0142o\u017cy\u0142 pustelni\u0119. Tam, jak zapisano w aktach procesu beatyfikacyjnego, \u201etrawi\u0105c czas na modlitwie i trapi\u0105c cia\u0142o swoje postami, niespaniem i r\u00f3\u017cnymi umartwieniami, sp\u0119dzi\u0142 ostatnie lata swego \u017cycia\u201d. Z akt tych wynika, i\u017c w ka\u017cd\u0105 niedziel\u0119 dla okolicznych mieszka\u0144c\u00f3w odprawia\u0142 Msze \u015awi\u0119te i wyg\u0142asza\u0142 kazania. Prze\u017cy\u0142 tam oko\u0142o pi\u0119ciu lat. Dobra rodzinne przeznaczy\u0142 na misje w\u015br\u00f3d poga\u0144skich Prus\u00f3w. Zmar\u0142 w sierpniu 1204 roku. Proces beatyfikacyjny napotyka\u0142 na wiele trudno\u015bci, np. sp\u0142on\u0119\u0142a cz\u0119\u015b\u0107 zapis\u00f3w, dotycz\u0105cych Biskupa. Dopiero Papie\u017c Pius XI, 27 maja 1925 r. og\u0142osi\u0142 go B\u0142ogos\u0142awionym. Dzisiaj b\u0142. Bogumi\u0142 jest wzywany jako or\u0119downik odbywaj\u0105cych rekolekcje i dni skupienia.<br \/>\nKiedy przygl\u0105damy si\u0119 postawie i \u017cyciu b\u0142. Bogumi\u0142a, to widzimy cz\u0142owieka, kt\u00f3ry urodzi\u0142 si\u0119 w bogatej rodzinie, potem prowadzi\u0142 \u017cycie w klasztorze, nast\u0119pnie zosta\u0142 biskupem, a pod koniec \u017cycia osiad\u0142 w pustelni. I c\u00f3\u017c w tym takiego nadzwyczajnego, by og\u0142osi\u0107 go b\u0142ogos\u0142awionym? W jego \u017cyciorysie nie znajdujemy jaki\u015b wyj\u0105tkowych wydarze\u0144. W swojej zwyczajnej pos\u0142udze i codziennym \u017cyciu stara\u0142 si\u0119 kocha\u0107 Boga, na\u015bladowa\u0107 Chrystusa i \u017cy\u0107 Jego Ewangeli\u0105. Umi\u0142owa\u0142 Boga nade wszystko, a gardzi\u0142 wielko\u015bci\u0105 tego \u015bwiata. Porzuci\u0142 nawet stolic\u0119 arcybiskupi\u0105, aby pod koniec \u017cycia jako pustelnik odda\u0107 si\u0119 ca\u0142kowicie Bogu i modlitwie. Pokaza\u0142 w ten spos\u00f3b, \u017ce warto, zar\u00f3wno duchem, sercem jak i cia\u0142em, ucieka\u0107 od tego co proponuje \u015bwiat. Rozwa\u017caj\u0105c Ewangeli\u0119 wiedzia\u0142, \u017ce Chrystus wr\u0119cz \u017c\u0105da wzgardy \u015bwiatem, bo \u015bwiat jest naszym nieprzyjacielem, poniewa\u017c obiecuje wiele, a ma\u0142o daje, a uciechy tego \u015bwiata s\u0105 zwodnicze, niesta\u0142e i nie mog\u0105 zaspokoi\u0107 pragnie\u0144 cz\u0142owieka. Uciechy tego \u015bwiata cz\u0119sto te\u017c wywo\u0142uj\u0105 w sercu cz\u0142owieka niepok\u00f3j i wyrzuty sumienia z powodu pope\u0142nianych grzech\u00f3w. Ten, kto ulega zasadom tego \u015bwiata, jednocze\u015bnie sprzeciwia si\u0119 zasadom Ewangelii. B\u0142. Bogumi\u0142 w spos\u00f3b wyj\u0105tkowy \u017cy\u0142 mi\u0142o\u015bci\u0105, kt\u00f3ra jest\u00a0 cierpliwa, \u0142askawa i jest pe\u0142na nadziei. Swoj\u0105 codzienn\u0105 wytrwa\u0142\u0105 modlitw\u0105 i prac\u0105, realizowa\u0142 \u00a0ewangeliczne przes\u0142anie Jezusa: Je\u015bli kto chce p\u00f3j\u015b\u0107 za Mn\u0105, niech si\u0119 zaprze samego siebie, niech we\u017amie krzy\u017c sw\u00f3j i niech Mnie na\u015bladuje\u2026 C\u00f3\u017c bowiem za korzy\u015b\u0107 odniesie cz\u0142owiek, cho\u0107by ca\u0142y \u015bwiat zyska\u0142, a na swej duszy szkod\u0119 poni\u00f3s\u0142?<br \/>\nJaka nauka dla nas? Warto na\u015bladowa\u0107 b\u0142. Bogumi\u0142a, biskupa i codzienne swoje \u017cycie kszta\u0142towa\u0107 i prze\u017cywa\u0107 po Bo\u017cemu, w warunkach codziennej swojej pracy i codziennych swoich obowi\u0105zk\u00f3w. W codziennym \u017cyciu nale\u017cy d\u0105\u017cy\u0107 do coraz bardziej pog\u0142\u0119bionego kontaktu z Bogiem. Warto jak najcz\u0119\u015bciej zaplanowa\u0107 te\u017c czas na wyciszenie i odpoczynek, po\u015br\u00f3d codziennego zabiegania. Warto te\u017c wi\u0119cej czasu zaplanowa\u0107 dla Boga i dla swoich bliskich. Jak ukazuje nam dzisiejszy Patron, codzienne dobre \u017cycie, prze\u017cywane z Bogiem i po Bo\u017cemu mo\u017ce by\u0107 pi\u0119kn\u0105 drog\u0105 ku szczytom \u015bwi\u0119to\u015bci. Amen.<br \/>\n(o.R.)<\/p>\n","protected":false},"excerpt":{"rendered":"<p>Z kazania na kalwaryjskim Wzg\u00f3rzu \u2013 10.06.2022r. \u2013 wspomnienie b\u0142. Bogumi\u0142a, biskupa B\u0142. Bogumi\u0142 &#8211; zwyczajny \u015awi\u0119ty. Patron dnia dzisiejszego, Bogumi\u0142, urodzi\u0142 si\u0119 w Ko\u017aminie, w Wielkopolsce, oko\u0142o 1135r. Pochodzi\u0142 ze znakomitego rodu. Wst\u0105pi\u0142 do klasztoru cysters\u00f3w. W\u00a0 1186r. zosta\u0142 powo\u0142any na urz\u0105d biskupa w Poznaniu. Do dnia dzisiejszego przechowuje si\u0119 w skarbcu katedry jego &hellip;<\/p>\n","protected":false},"author":2,"featured_media":23671,"comment_status":"closed","ping_status":"closed","sticky":false,"template":"","format":"standard","meta":{"_mi_skip_tracking":false,"_exactmetrics_sitenote_active":false,"_exactmetrics_sitenote_note":"","_exactmetrics_sitenote_category":0},"categories":[14],"tags":[],"yoast_head":"<!-- This site is optimized with the Yoast SEO plugin v18.1 - https:\/\/yoast.com\/wordpress\/plugins\/seo\/ -->\n<title>Do medytacji z kalwaryjskiego Wzg\u00f3rza \u2013 pi\u0105tek 10.06.2022r. - Pako\u015b\u0107 \u2013 Kalwaria<\/title>\n<meta name=\"robots\" content=\"index, follow, max-snippet:-1, max-image-preview:large, max-video-preview:-1\" \/>\n<link rel=\"canonical\" href=\"https:\/\/pakosc-kalwaria.franciszkanie.net\/index.php\/2022\/06\/10\/do-medytacji-z-kalwaryjskiego-wzgorza-piatek-10-06-2022r\/\" \/>\n<meta property=\"og:locale\" content=\"pl_PL\" \/>\n<meta property=\"og:type\" content=\"article\" \/>\n<meta property=\"og:title\" content=\"Do medytacji z kalwaryjskiego Wzg\u00f3rza \u2013 pi\u0105tek 10.06.2022r. - Pako\u015b\u0107 \u2013 Kalwaria\" \/>\n<meta property=\"og:description\" content=\"Z kazania na kalwaryjskim Wzg\u00f3rzu \u2013 10.06.2022r. \u2013 wspomnienie b\u0142. Bogumi\u0142a, biskupa B\u0142. Bogumi\u0142 &#8211; zwyczajny \u015awi\u0119ty. Patron dnia dzisiejszego, Bogumi\u0142, urodzi\u0142 si\u0119 w Ko\u017aminie, w Wielkopolsce, oko\u0142o 1135r. Pochodzi\u0142 ze znakomitego rodu. Wst\u0105pi\u0142 do klasztoru cysters\u00f3w. W\u00a0 1186r. zosta\u0142 powo\u0142any na urz\u0105d biskupa w Poznaniu. Do dnia dzisiejszego przechowuje si\u0119 w skarbcu katedry jego &hellip;\" \/>\n<meta property=\"og:url\" content=\"https:\/\/pakosc-kalwaria.franciszkanie.net\/index.php\/2022\/06\/10\/do-medytacji-z-kalwaryjskiego-wzgorza-piatek-10-06-2022r\/\" \/>\n<meta property=\"og:site_name\" content=\"Pako\u015b\u0107 \u2013 Kalwaria\" \/>\n<meta property=\"article:author\" content=\"https:\/\/www.facebook.com\/KalwariaPakosc\/\" \/>\n<meta property=\"article:published_time\" content=\"2022-06-10T16:00:07+00:00\" \/>\n<meta property=\"article:modified_time\" content=\"2022-06-12T10:31:55+00:00\" \/>\n<meta property=\"og:image\" content=\"https:\/\/pakosc-kalwaria.franciszkanie.net\/wp-content\/uploads\/2022\/06\/Oltarz-polowy-czerwiec-2022.jpg\" \/>\n\t<meta property=\"og:image:width\" content=\"350\" \/>\n\t<meta property=\"og:image:height\" content=\"197\" \/>\n\t<meta property=\"og:image:type\" content=\"image\/jpeg\" \/>\n<meta name=\"twitter:card\" content=\"summary\" \/>\n<meta name=\"twitter:label1\" content=\"Napisane przez\" \/>\n\t<meta name=\"twitter:data1\" content=\"pakosc-kalwaria\" \/>\n\t<meta name=\"twitter:label2\" content=\"Szacowany czas czytania\" \/>\n\t<meta name=\"twitter:data2\" content=\"4 minuty\" \/>\n<script type=\"application\/ld+json\" class=\"yoast-schema-graph\">{\"@context\":\"https:\/\/schema.org\",\"@graph\":[{\"@type\":\"WebSite\",\"@id\":\"https:\/\/pakosc-kalwaria.franciszkanie.net\/#website\",\"url\":\"https:\/\/pakosc-kalwaria.franciszkanie.net\/\",\"name\":\"Pako\u015b\u0107 \u2013 Kalwaria\",\"description\":\"Parafia Rzymsko \u2013 Katolicka p.w. Pana Jezusa Ukrzy\u017cowanego i  Matki Bo\u017cej Bolesnej ul. Barci\u0144ska 60, 88\u2013170 Pako\u015b\u0107 \u2013 Kalwaria\",\"potentialAction\":[{\"@type\":\"SearchAction\",\"target\":{\"@type\":\"EntryPoint\",\"urlTemplate\":\"https:\/\/pakosc-kalwaria.franciszkanie.net\/?s={search_term_string}\"},\"query-input\":\"required name=search_term_string\"}],\"inLanguage\":\"pl-PL\"},{\"@type\":\"ImageObject\",\"@id\":\"https:\/\/pakosc-kalwaria.franciszkanie.net\/index.php\/2022\/06\/10\/do-medytacji-z-kalwaryjskiego-wzgorza-piatek-10-06-2022r\/#primaryimage\",\"inLanguage\":\"pl-PL\",\"url\":\"https:\/\/pakosc-kalwaria.franciszkanie.net\/wp-content\/uploads\/2022\/06\/Oltarz-polowy-czerwiec-2022.jpg\",\"contentUrl\":\"https:\/\/pakosc-kalwaria.franciszkanie.net\/wp-content\/uploads\/2022\/06\/Oltarz-polowy-czerwiec-2022.jpg\",\"width\":350,\"height\":197},{\"@type\":\"WebPage\",\"@id\":\"https:\/\/pakosc-kalwaria.franciszkanie.net\/index.php\/2022\/06\/10\/do-medytacji-z-kalwaryjskiego-wzgorza-piatek-10-06-2022r\/#webpage\",\"url\":\"https:\/\/pakosc-kalwaria.franciszkanie.net\/index.php\/2022\/06\/10\/do-medytacji-z-kalwaryjskiego-wzgorza-piatek-10-06-2022r\/\",\"name\":\"Do medytacji z kalwaryjskiego Wzg\u00f3rza \u2013 pi\u0105tek 10.06.2022r. - Pako\u015b\u0107 \u2013 Kalwaria\",\"isPartOf\":{\"@id\":\"https:\/\/pakosc-kalwaria.franciszkanie.net\/#website\"},\"primaryImageOfPage\":{\"@id\":\"https:\/\/pakosc-kalwaria.franciszkanie.net\/index.php\/2022\/06\/10\/do-medytacji-z-kalwaryjskiego-wzgorza-piatek-10-06-2022r\/#primaryimage\"},\"datePublished\":\"2022-06-10T16:00:07+00:00\",\"dateModified\":\"2022-06-12T10:31:55+00:00\",\"author\":{\"@id\":\"https:\/\/pakosc-kalwaria.franciszkanie.net\/#\/schema\/person\/af10b943be0760709227d060eadcb2aa\"},\"breadcrumb\":{\"@id\":\"https:\/\/pakosc-kalwaria.franciszkanie.net\/index.php\/2022\/06\/10\/do-medytacji-z-kalwaryjskiego-wzgorza-piatek-10-06-2022r\/#breadcrumb\"},\"inLanguage\":\"pl-PL\",\"potentialAction\":[{\"@type\":\"ReadAction\",\"target\":[\"https:\/\/pakosc-kalwaria.franciszkanie.net\/index.php\/2022\/06\/10\/do-medytacji-z-kalwaryjskiego-wzgorza-piatek-10-06-2022r\/\"]}]},{\"@type\":\"BreadcrumbList\",\"@id\":\"https:\/\/pakosc-kalwaria.franciszkanie.net\/index.php\/2022\/06\/10\/do-medytacji-z-kalwaryjskiego-wzgorza-piatek-10-06-2022r\/#breadcrumb\",\"itemListElement\":[{\"@type\":\"ListItem\",\"position\":1,\"name\":\"Strona g\u0142\u00f3wna\",\"item\":\"https:\/\/pakosc-kalwaria.franciszkanie.net\/\"},{\"@type\":\"ListItem\",\"position\":2,\"name\":\"Do medytacji z kalwaryjskiego Wzg\u00f3rza \u2013 pi\u0105tek 10.06.2022r.\"}]},{\"@type\":\"Person\",\"@id\":\"https:\/\/pakosc-kalwaria.franciszkanie.net\/#\/schema\/person\/af10b943be0760709227d060eadcb2aa\",\"name\":\"pakosc-kalwaria\",\"image\":{\"@type\":\"ImageObject\",\"@id\":\"https:\/\/pakosc-kalwaria.franciszkanie.net\/#personlogo\",\"inLanguage\":\"pl-PL\",\"url\":\"https:\/\/secure.gravatar.com\/avatar\/e7049d338b55eac6a0027ff3218b8d02?s=96&d=mm&r=g\",\"contentUrl\":\"https:\/\/secure.gravatar.com\/avatar\/e7049d338b55eac6a0027ff3218b8d02?s=96&d=mm&r=g\",\"caption\":\"pakosc-kalwaria\"},\"sameAs\":[\"https:\/\/www.facebook.com\/KalwariaPakosc\/\"],\"url\":\"https:\/\/pakosc-kalwaria.franciszkanie.net\/index.php\/author\/pakosc-kalwaria\/\"}]}<\/script>\n<!-- \/ Yoast SEO plugin. -->","yoast_head_json":{"title":"Do medytacji z kalwaryjskiego Wzg\u00f3rza \u2013 pi\u0105tek 10.06.2022r. - Pako\u015b\u0107 \u2013 Kalwaria","robots":{"index":"index","follow":"follow","max-snippet":"max-snippet:-1","max-image-preview":"max-image-preview:large","max-video-preview":"max-video-preview:-1"},"canonical":"https:\/\/pakosc-kalwaria.franciszkanie.net\/index.php\/2022\/06\/10\/do-medytacji-z-kalwaryjskiego-wzgorza-piatek-10-06-2022r\/","og_locale":"pl_PL","og_type":"article","og_title":"Do medytacji z kalwaryjskiego Wzg\u00f3rza \u2013 pi\u0105tek 10.06.2022r. - Pako\u015b\u0107 \u2013 Kalwaria","og_description":"Z kazania na kalwaryjskim Wzg\u00f3rzu \u2013 10.06.2022r. \u2013 wspomnienie b\u0142. Bogumi\u0142a, biskupa B\u0142. Bogumi\u0142 &#8211; zwyczajny \u015awi\u0119ty. Patron dnia dzisiejszego, Bogumi\u0142, urodzi\u0142 si\u0119 w Ko\u017aminie, w Wielkopolsce, oko\u0142o 1135r. Pochodzi\u0142 ze znakomitego rodu. Wst\u0105pi\u0142 do klasztoru cysters\u00f3w. W\u00a0 1186r. zosta\u0142 powo\u0142any na urz\u0105d biskupa w Poznaniu. Do dnia dzisiejszego przechowuje si\u0119 w skarbcu katedry jego &hellip;","og_url":"https:\/\/pakosc-kalwaria.franciszkanie.net\/index.php\/2022\/06\/10\/do-medytacji-z-kalwaryjskiego-wzgorza-piatek-10-06-2022r\/","og_site_name":"Pako\u015b\u0107 \u2013 Kalwaria","article_author":"https:\/\/www.facebook.com\/KalwariaPakosc\/","article_published_time":"2022-06-10T16:00:07+00:00","article_modified_time":"2022-06-12T10:31:55+00:00","og_image":[{"width":350,"height":197,"url":"https:\/\/pakosc-kalwaria.franciszkanie.net\/wp-content\/uploads\/2022\/06\/Oltarz-polowy-czerwiec-2022.jpg","type":"image\/jpeg"}],"twitter_card":"summary","twitter_misc":{"Napisane przez":"pakosc-kalwaria","Szacowany czas czytania":"4 minuty"},"schema":{"@context":"https:\/\/schema.org","@graph":[{"@type":"WebSite","@id":"https:\/\/pakosc-kalwaria.franciszkanie.net\/#website","url":"https:\/\/pakosc-kalwaria.franciszkanie.net\/","name":"Pako\u015b\u0107 \u2013 Kalwaria","description":"Parafia Rzymsko \u2013 Katolicka p.w. Pana Jezusa Ukrzy\u017cowanego i  Matki Bo\u017cej Bolesnej ul. Barci\u0144ska 60, 88\u2013170 Pako\u015b\u0107 \u2013 Kalwaria","potentialAction":[{"@type":"SearchAction","target":{"@type":"EntryPoint","urlTemplate":"https:\/\/pakosc-kalwaria.franciszkanie.net\/?s={search_term_string}"},"query-input":"required name=search_term_string"}],"inLanguage":"pl-PL"},{"@type":"ImageObject","@id":"https:\/\/pakosc-kalwaria.franciszkanie.net\/index.php\/2022\/06\/10\/do-medytacji-z-kalwaryjskiego-wzgorza-piatek-10-06-2022r\/#primaryimage","inLanguage":"pl-PL","url":"https:\/\/pakosc-kalwaria.franciszkanie.net\/wp-content\/uploads\/2022\/06\/Oltarz-polowy-czerwiec-2022.jpg","contentUrl":"https:\/\/pakosc-kalwaria.franciszkanie.net\/wp-content\/uploads\/2022\/06\/Oltarz-polowy-czerwiec-2022.jpg","width":350,"height":197},{"@type":"WebPage","@id":"https:\/\/pakosc-kalwaria.franciszkanie.net\/index.php\/2022\/06\/10\/do-medytacji-z-kalwaryjskiego-wzgorza-piatek-10-06-2022r\/#webpage","url":"https:\/\/pakosc-kalwaria.franciszkanie.net\/index.php\/2022\/06\/10\/do-medytacji-z-kalwaryjskiego-wzgorza-piatek-10-06-2022r\/","name":"Do medytacji z kalwaryjskiego Wzg\u00f3rza \u2013 pi\u0105tek 10.06.2022r. - Pako\u015b\u0107 \u2013 Kalwaria","isPartOf":{"@id":"https:\/\/pakosc-kalwaria.franciszkanie.net\/#website"},"primaryImageOfPage":{"@id":"https:\/\/pakosc-kalwaria.franciszkanie.net\/index.php\/2022\/06\/10\/do-medytacji-z-kalwaryjskiego-wzgorza-piatek-10-06-2022r\/#primaryimage"},"datePublished":"2022-06-10T16:00:07+00:00","dateModified":"2022-06-12T10:31:55+00:00","author":{"@id":"https:\/\/pakosc-kalwaria.franciszkanie.net\/#\/schema\/person\/af10b943be0760709227d060eadcb2aa"},"breadcrumb":{"@id":"https:\/\/pakosc-kalwaria.franciszkanie.net\/index.php\/2022\/06\/10\/do-medytacji-z-kalwaryjskiego-wzgorza-piatek-10-06-2022r\/#breadcrumb"},"inLanguage":"pl-PL","potentialAction":[{"@type":"ReadAction","target":["https:\/\/pakosc-kalwaria.franciszkanie.net\/index.php\/2022\/06\/10\/do-medytacji-z-kalwaryjskiego-wzgorza-piatek-10-06-2022r\/"]}]},{"@type":"BreadcrumbList","@id":"https:\/\/pakosc-kalwaria.franciszkanie.net\/index.php\/2022\/06\/10\/do-medytacji-z-kalwaryjskiego-wzgorza-piatek-10-06-2022r\/#breadcrumb","itemListElement":[{"@type":"ListItem","position":1,"name":"Strona g\u0142\u00f3wna","item":"https:\/\/pakosc-kalwaria.franciszkanie.net\/"},{"@type":"ListItem","position":2,"name":"Do medytacji z kalwaryjskiego Wzg\u00f3rza \u2013 pi\u0105tek 10.06.2022r."}]},{"@type":"Person","@id":"https:\/\/pakosc-kalwaria.franciszkanie.net\/#\/schema\/person\/af10b943be0760709227d060eadcb2aa","name":"pakosc-kalwaria","image":{"@type":"ImageObject","@id":"https:\/\/pakosc-kalwaria.franciszkanie.net\/#personlogo","inLanguage":"pl-PL","url":"https:\/\/secure.gravatar.com\/avatar\/e7049d338b55eac6a0027ff3218b8d02?s=96&d=mm&r=g","contentUrl":"https:\/\/secure.gravatar.com\/avatar\/e7049d338b55eac6a0027ff3218b8d02?s=96&d=mm&r=g","caption":"pakosc-kalwaria"},"sameAs":["https:\/\/www.facebook.com\/KalwariaPakosc\/"],"url":"https:\/\/pakosc-kalwaria.franciszkanie.net\/index.php\/author\/pakosc-kalwaria\/"}]}},"_links":{"self":[{"href":"https:\/\/pakosc-kalwaria.franciszkanie.net\/index.php\/wp-json\/wp\/v2\/posts\/23637"}],"collection":[{"href":"https:\/\/pakosc-kalwaria.franciszkanie.net\/index.php\/wp-json\/wp\/v2\/posts"}],"about":[{"href":"https:\/\/pakosc-kalwaria.franciszkanie.net\/index.php\/wp-json\/wp\/v2\/types\/post"}],"author":[{"embeddable":true,"href":"https:\/\/pakosc-kalwaria.franciszkanie.net\/index.php\/wp-json\/wp\/v2\/users\/2"}],"replies":[{"embeddable":true,"href":"https:\/\/pakosc-kalwaria.franciszkanie.net\/index.php\/wp-json\/wp\/v2\/comments?post=23637"}],"version-history":[{"count":10,"href":"https:\/\/pakosc-kalwaria.franciszkanie.net\/index.php\/wp-json\/wp\/v2\/posts\/23637\/revisions"}],"predecessor-version":[{"id":23667,"href":"https:\/\/pakosc-kalwaria.franciszkanie.net\/index.php\/wp-json\/wp\/v2\/posts\/23637\/revisions\/23667"}],"wp:featuredmedia":[{"embeddable":true,"href":"https:\/\/pakosc-kalwaria.franciszkanie.net\/index.php\/wp-json\/wp\/v2\/media\/23671"}],"wp:attachment":[{"href":"https:\/\/pakosc-kalwaria.franciszkanie.net\/index.php\/wp-json\/wp\/v2\/media?parent=23637"}],"wp:term":[{"taxonomy":"category","embeddable":true,"href":"https:\/\/pakosc-kalwaria.franciszkanie.net\/index.php\/wp-json\/wp\/v2\/categories?post=23637"},{"taxonomy":"post_tag","embeddable":true,"href":"https:\/\/pakosc-kalwaria.franciszkanie.net\/index.php\/wp-json\/wp\/v2\/tags?post=23637"}],"curies":[{"name":"wp","href":"https:\/\/api.w.org\/{rel}","templated":true}]}}