{"id":23648,"date":"2022-06-07T18:33:20","date_gmt":"2022-06-07T16:33:20","guid":{"rendered":"http:\/\/pakosc-kalwaria.franciszkanie.net\/?p=23648"},"modified":"2022-06-14T08:44:27","modified_gmt":"2022-06-14T06:44:27","slug":"swieto-sw-antoniego-z-padwy-13-czerwca","status":"publish","type":"post","link":"https:\/\/pakosc-kalwaria.franciszkanie.net\/index.php\/2022\/06\/07\/swieto-sw-antoniego-z-padwy-13-czerwca\/","title":{"rendered":"\u015awi\u0119to \u015bw. Antoniego z Padwy &#8211; 13 czerwca"},"content":{"rendered":"<div class=\"entry-content\">\n<div class=\"entry-content\">\n<div class=\"entry-content\">\n<div class=\"post_content\">\n<p><strong>W naszym kalwaryjskim Sanktuarium <span style=\"color: #ff0000;\">w poniedzia\u0142ek 13 czerwca<\/span> <span style=\"color: #ff0000;\">po Mszy \u015awi\u0119tej o 17.00 nabo\u017ce\u0144stwo ku czci \u015bw. Antoniego, po\u015bwi\u0119cenie lilii oraz specjalne b\u0142ogos\u0142awie\u0144stwo dzieci.<\/span> Serdecznie zapraszamy rodzic\u00f3w z dzie\u0107mi oraz prosimy o przyniesienie lilii.<\/strong><\/p>\n<p><strong><br \/>\n<span style=\"color: #ff0000;\">\u015aw. Antoni \u017cy\u0142 36 lat (1195-1231).<\/span> Wiele ludzkich serc rozpali\u0142 mi\u0142o\u015bci\u0105 do Jezusa Chrystusa. Papie\u017c Leon XIII nazwa\u0142 go \u201e\u015bwi\u0119tym ca\u0142ego \u015bwiata\u201d. Zas\u0142yn\u0105\u0142 jako wielki obro\u0144ca ubogich, patron szukaj\u0105cych Boga oraz patron rzeczy zagubionych. Bardzo wielu ma\u0142\u017conk\u00f3w wyprasza przez jego wstawiennictwo tak bardzo upragnione i d\u0142ugo oczekiwane potomstwo. W niespe\u0142na rok po \u015bmierci, bo 30 maja 1232 r. zosta\u0142 og\u0142oszony \u015bwi\u0119tym. Chyba nie ma cz\u0142owieka, kt\u00f3ry by nie zna\u0142 s\u0142ynnej modlitwy:<\/strong><\/p>\n<p><strong><em>Je\u015bli cud\u00f3w szukasz, id\u017a do Antoniego,<\/em><\/strong><strong><br \/>\n<em>Wszelkich \u0142ask dowody odbierzesz od niego.<\/em><br \/>\n<em>Za jego przyczyn\u0105 chorzy zdrowo wstaj\u0105,<\/em><br \/>\n<em>Z r\u0105k i n\u00f3g pojmanych okowy spadaj\u0105.<\/em><br \/>\n<em>W ka\u017cdej on potrzebie pomo\u017ce, pocieszy<\/em><br \/>\n<em>I w ka\u017cdym nieszcz\u0119\u015bciu na ratunek spieszy.<\/em><\/strong><\/p>\n<p><strong>Jest wiele zwyczaj\u00f3w, kt\u00f3re s\u0105 kultywowane w uroczysto\u015b\u0107 \u015bw. Antoniego.<\/strong><br \/>\n<strong>Jednym z nich jest po\u015bwi\u0119cenie lilii,<\/strong> nazywanych od imienia \u015awi\u0119tego liliami \u015bw. Antoniego. \u015awi\u0119ci si\u0119 je jako wyraz wdzi\u0119czno\u015bci i ku uczczeniu \u015bw. Antoniego. P\u0142atki kwiat\u00f3w, przechowywane w domu albo noszone, maj\u0105 pom\u00f3c cz\u0142owiekowi w chorobie i innych cierpieniach. \u015awi\u0119ty Antoni z Padwy na bardzo wielu obrazach przedstawiany jest z bia\u0142\u0105 lili\u0105 w r\u0119ku. Na niekt\u00f3rych wizerunkach lilia znajduje si\u0119 gdzie\u015b w jego pobli\u017cu, np. na stole. Czasem trzyma j\u0105 Dzieci\u0105tko Jezus, spoczywaj\u0105ce w ramionach \u015awi\u0119tego. Lilia sta\u0142a si\u0119 symbolem Maryi, Jej dziewictwa, czysto\u015bci, niewinno\u015bci i prostoty. Jest bardzo prawdopodobne, i\u017c lilia dlatego znalaz\u0142a si\u0119 na wizerunkach \u015bw. Antoniego, \u017ce on w swoich kazaniach do\u015b\u0107 cz\u0119sto m\u00f3wi\u0142 o jej symbolicznym znaczeniu. W Kazaniu na XV Niedziel\u0119 po Pi\u0119\u0107dziesi\u0105tnicy czytamy: \u201e<strong>Zwr\u00f3\u0107 uwag\u0119, \u017ce w lilii s\u0105 trzy w\u0142a\u015bciwo\u015bci: lekarstwo, blask i zapach. Lekarstwo znajduje si\u0119 w jej korzeniu, blask i zapach s\u0105 natomiast w kwiecie. Te trzy w\u0142a\u015bciwo\u015bci przedstawiaj\u0105 pokutnik\u00f3w, ubogich duchem, kt\u00f3rzy krzy\u017cuj\u0105 swoje cz\u0142onki z ich wadami i po\u017c\u0105daniami, zachowuj\u0105 w sercach pokor\u0119, aby zdusi\u0107 bezwstydno\u015b\u0107 pychy, strzeg\u0105 czysto\u015bci cia\u0142a i rozprzestrzeniaj\u0105 zapach dobrej s\u0142awy<\/strong>\u201d. <strong>Streszczaj\u0105c s\u0142owa \u015awi\u0119tego mo\u017cna powiedzie\u0107, \u017ce lilia jest symbolem \u015bwi\u0119to\u015bci \u017cycia cz\u0142owieka.<\/strong> Nawi\u0105zuj\u0105c w tym kazaniu do s\u0142\u00f3w Jezusa, kt\u00f3ry m\u00f3wi\u0142 o wspania\u0142ym przybraniu, czyli wygl\u0105dzie \u201elilii na polu\u201d (Mt 6,28), \u015bw. Antoni zauwa\u017ca, \u017ce na polu, jakim jest \u015bwiat, lili\u0119, czyli \u015bwi\u0119to\u015b\u0107 cz\u0142owieka, trzeba ochrania\u0107, troszczy\u0107 si\u0119 o ni\u0105, co wymaga czuwania. Wspomina, \u017ce trzeba jakiego\u015b heroizmu, aby pi\u0119knie kwitn\u0105\u0107 na polu czyli po\u015br\u00f3d \u015bwiata, gdzie tak \u0142atwo mo\u017ce ulec zniszczeniu podw\u00f3jny wdzi\u0119k tego kwiatu, to znaczy pi\u0119kno \u015bwi\u0119tego \u017cycia i zapach dobrej s\u0142awy\u2026<\/p>\n<p><strong>Od najdawniejszych czas\u00f3w jest piel\u0119gnowany zwyczaj, zw\u0142aszcza w \u015bwi\u0105tyniach franciszka\u0144skich, uroczystego b\u0142ogos\u0142awienia dzieci.<\/strong> \u015aw. Antoni ju\u017c za \u017cycia uzdrowi\u0142 wiele dzieci, ustrzeg\u0142 od z\u0142a. Tak\u017ce po \u015bmierci czyni\u0142 wiele cud\u00f3w, uzdrawiaj\u0105c dzieci b\u0119d\u0105ce u kresu \u017cycia.<\/p>\n<p><strong>Znane jest sk\u0142adanie ofiar na \u201eChleb \u015bw. Antoniego\u201d<\/strong> na znak, \u017ce \u015awi\u0119ty kocha\u0142 ubogich i dzieli\u0142 si\u0119 z nimi wszystkim, co mia\u0142. \u015aw. Antoni jest dla nas wzorem w s\u0142u\u017cbie najubo\u017cszym i wielkim or\u0119downikiem u Boga, nawet w najtrudniejszych sprawach, z kt\u00f3rych po ludzku wydaje si\u0119, \u017ce nie ma ratunku.<\/p>\n<p><span style=\"color: #ff0000;\"><strong>B\u0142ogos\u0142awienie lilii \u00a0\u00a0 <\/strong><\/span><br \/>\nM\u00f3dlmy si\u0119: Bo\u017ce, Stw\u00f3rco, kt\u00f3ry zachowujesz rodzaj ludzki, mi\u0142o\u015bniku \u015bwi\u0119tej niewinno\u015bci, Dawco \u0142aski i Sprawco wiecznego zbawienia; obdarz te lilie Twoim \u015bwi\u0119tym b\u0142ogos\u0142awie\u0144stwem, przedstawiamy Ci je jako wyraz wdzi\u0119czno\u015bci i ku uczczeniu \u015bwi\u0119tego Antoniego, Twego Wyznawcy, pokornie prosz\u0105c o Twoje b\u0142ogos\u0142awie\u0144stwo. Niech przez zbawienny znak Krzy\u017ca \u015bwi\u0119tego sp\u0142ynie na nie rosa Twego niebieskiego po\u015bwi\u0119cenia. Ty\u015b sprawi\u0142 naj\u0142askawiej, \u017ce kwiaty te wydaj\u0105 przemi\u0142\u0105 wo\u0144 i s\u0142u\u017c\u0105 cz\u0142owiekowi ku zdrowiu. Daj, wi\u0119c i utwierd\u017a w nich t\u0119 moc, aby u\u017cyte w przer\u00f3\u017cnych dolegliwo\u015bciach za wstawiennictwem Twego s\u0142ugi \u015bwi\u0119tego Antoniego, przechowywane w naszych domostwach lub nabo\u017cnie noszone, odp\u0119dza\u0142y od nas si\u0142y nieczyste, sprowadza\u0142y zbawienn\u0105 wstrzemi\u0119\u017aliwo\u015b\u0107, oddala\u0142y choroby i wyjedna\u0142y dla wszystkich, kt\u00f3rzy Ci s\u0142u\u017c\u0105, \u0142ask\u0119 i pok\u00f3j. przez Chrystusa, Pana naszego. Amen.<\/p>\n<p><span style=\"color: #ff0000;\"><strong>B\u0142ogos\u0142awienie dzieci<\/strong><\/span><br \/>\nM\u00f3dlmy si\u0119: Panie Jezu Chryste, Synu Boga \u017cywego, kt\u00f3ry zrodzony przed wiekami; chcia\u0142e\u015b jednak w doczesno\u015bci by\u0107 dzieckiem i mi\u0142ujesz niewinno\u015b\u0107 tego wieku; Ty z mi\u0142o\u015bci\u0105 tuli\u0142e\u015b i b\u0142ogos\u0142awi\u0142e\u015b przyniesione Ci dzieci, oraz sam jako dzieci\u0119 zst\u0105pi\u0142e\u015b w obj\u0119cia \u015bwi\u0119tego Antoniego: racz, wi\u0119c te dzieci zawczasu otoczy\u0107 s\u0142odycz\u0105 swego b\u0142ogos\u0142awie\u0144stwa i spraw, aby z\u0142o\u015b\u0107 nie odmieni\u0142a ich umys\u0142u, oraz dozw\u00f3l, aby za przyczyn\u0105 tego\u017c \u015bwi\u0119tego Antoniego, kt\u00f3rego opiece i obronie je polecamy, wzrastaj\u0105c w latach; m\u0105dro\u015bci i \u0142asce, mog\u0142y zawsze Tobie si\u0119 podoba\u0107. Kt\u00f3ry \u017cyjesz i kr\u00f3lujesz na wieki wiek\u00f3w. Amen.<br \/>\nNiech was b\u0142ogos\u0142awi i niech strze\u017ce serc waszych Wszechmog\u0105cy B\u00f3g Ojciec,\u00a0i Syn, i Duch \u015awi\u0119ty. Amen.<\/p>\n<\/div>\n<\/div>\n<\/div>\n<\/div>\n","protected":false},"excerpt":{"rendered":"<p>W naszym kalwaryjskim Sanktuarium w poniedzia\u0142ek 13 czerwca po Mszy \u015awi\u0119tej o 17.00 nabo\u017ce\u0144stwo ku czci \u015bw. Antoniego, po\u015bwi\u0119cenie lilii oraz specjalne b\u0142ogos\u0142awie\u0144stwo dzieci. Serdecznie zapraszamy rodzic\u00f3w z dzie\u0107mi oraz prosimy o przyniesienie lilii. \u015aw. Antoni \u017cy\u0142 36 lat (1195-1231). Wiele ludzkich serc rozpali\u0142 mi\u0142o\u015bci\u0105 do Jezusa Chrystusa. Papie\u017c Leon XIII nazwa\u0142 go \u201e\u015bwi\u0119tym ca\u0142ego &hellip;<\/p>\n","protected":false},"author":2,"featured_media":23649,"comment_status":"closed","ping_status":"closed","sticky":false,"template":"","format":"standard","meta":{"_mi_skip_tracking":false,"_exactmetrics_sitenote_active":false,"_exactmetrics_sitenote_note":"","_exactmetrics_sitenote_category":0},"categories":[13,14],"tags":[],"yoast_head":"<!-- This site is optimized with the Yoast SEO plugin v18.1 - https:\/\/yoast.com\/wordpress\/plugins\/seo\/ -->\n<title>\u015awi\u0119to \u015bw. Antoniego z Padwy - 13 czerwca - Pako\u015b\u0107 \u2013 Kalwaria<\/title>\n<meta name=\"robots\" content=\"index, follow, max-snippet:-1, max-image-preview:large, max-video-preview:-1\" \/>\n<link rel=\"canonical\" href=\"https:\/\/pakosc-kalwaria.franciszkanie.net\/index.php\/2022\/06\/07\/swieto-sw-antoniego-z-padwy-13-czerwca\/\" \/>\n<meta property=\"og:locale\" content=\"pl_PL\" \/>\n<meta property=\"og:type\" content=\"article\" \/>\n<meta property=\"og:title\" content=\"\u015awi\u0119to \u015bw. Antoniego z Padwy - 13 czerwca - Pako\u015b\u0107 \u2013 Kalwaria\" \/>\n<meta property=\"og:description\" content=\"W naszym kalwaryjskim Sanktuarium w poniedzia\u0142ek 13 czerwca po Mszy \u015awi\u0119tej o 17.00 nabo\u017ce\u0144stwo ku czci \u015bw. Antoniego, po\u015bwi\u0119cenie lilii oraz specjalne b\u0142ogos\u0142awie\u0144stwo dzieci. Serdecznie zapraszamy rodzic\u00f3w z dzie\u0107mi oraz prosimy o przyniesienie lilii. \u015aw. Antoni \u017cy\u0142 36 lat (1195-1231). Wiele ludzkich serc rozpali\u0142 mi\u0142o\u015bci\u0105 do Jezusa Chrystusa. Papie\u017c Leon XIII nazwa\u0142 go \u201e\u015bwi\u0119tym ca\u0142ego &hellip;\" \/>\n<meta property=\"og:url\" content=\"https:\/\/pakosc-kalwaria.franciszkanie.net\/index.php\/2022\/06\/07\/swieto-sw-antoniego-z-padwy-13-czerwca\/\" \/>\n<meta property=\"og:site_name\" content=\"Pako\u015b\u0107 \u2013 Kalwaria\" \/>\n<meta property=\"article:author\" content=\"https:\/\/www.facebook.com\/KalwariaPakosc\/\" \/>\n<meta property=\"article:published_time\" content=\"2022-06-07T16:33:20+00:00\" \/>\n<meta property=\"article:modified_time\" content=\"2022-06-14T06:44:27+00:00\" \/>\n<meta property=\"og:image\" content=\"https:\/\/pakosc-kalwaria.franciszkanie.net\/wp-content\/uploads\/2022\/06\/sw_antoni-200x150-1.jpg\" \/>\n\t<meta property=\"og:image:width\" content=\"350\" \/>\n\t<meta property=\"og:image:height\" content=\"262\" \/>\n\t<meta property=\"og:image:type\" content=\"image\/jpeg\" \/>\n<meta name=\"twitter:card\" content=\"summary\" \/>\n<meta name=\"twitter:label1\" content=\"Napisane przez\" \/>\n\t<meta name=\"twitter:data1\" content=\"pakosc-kalwaria\" \/>\n\t<meta name=\"twitter:label2\" content=\"Szacowany czas czytania\" \/>\n\t<meta name=\"twitter:data2\" content=\"5 minut\" \/>\n<script type=\"application\/ld+json\" class=\"yoast-schema-graph\">{\"@context\":\"https:\/\/schema.org\",\"@graph\":[{\"@type\":\"WebSite\",\"@id\":\"https:\/\/pakosc-kalwaria.franciszkanie.net\/#website\",\"url\":\"https:\/\/pakosc-kalwaria.franciszkanie.net\/\",\"name\":\"Pako\u015b\u0107 \u2013 Kalwaria\",\"description\":\"Parafia Rzymsko \u2013 Katolicka p.w. Pana Jezusa Ukrzy\u017cowanego i  Matki Bo\u017cej Bolesnej ul. Barci\u0144ska 60, 88\u2013170 Pako\u015b\u0107 \u2013 Kalwaria\",\"potentialAction\":[{\"@type\":\"SearchAction\",\"target\":{\"@type\":\"EntryPoint\",\"urlTemplate\":\"https:\/\/pakosc-kalwaria.franciszkanie.net\/?s={search_term_string}\"},\"query-input\":\"required name=search_term_string\"}],\"inLanguage\":\"pl-PL\"},{\"@type\":\"ImageObject\",\"@id\":\"https:\/\/pakosc-kalwaria.franciszkanie.net\/index.php\/2022\/06\/07\/swieto-sw-antoniego-z-padwy-13-czerwca\/#primaryimage\",\"inLanguage\":\"pl-PL\",\"url\":\"https:\/\/pakosc-kalwaria.franciszkanie.net\/wp-content\/uploads\/2022\/06\/sw_antoni-200x150-1.jpg\",\"contentUrl\":\"https:\/\/pakosc-kalwaria.franciszkanie.net\/wp-content\/uploads\/2022\/06\/sw_antoni-200x150-1.jpg\",\"width\":350,\"height\":262},{\"@type\":\"WebPage\",\"@id\":\"https:\/\/pakosc-kalwaria.franciszkanie.net\/index.php\/2022\/06\/07\/swieto-sw-antoniego-z-padwy-13-czerwca\/#webpage\",\"url\":\"https:\/\/pakosc-kalwaria.franciszkanie.net\/index.php\/2022\/06\/07\/swieto-sw-antoniego-z-padwy-13-czerwca\/\",\"name\":\"\u015awi\u0119to \u015bw. Antoniego z Padwy - 13 czerwca - Pako\u015b\u0107 \u2013 Kalwaria\",\"isPartOf\":{\"@id\":\"https:\/\/pakosc-kalwaria.franciszkanie.net\/#website\"},\"primaryImageOfPage\":{\"@id\":\"https:\/\/pakosc-kalwaria.franciszkanie.net\/index.php\/2022\/06\/07\/swieto-sw-antoniego-z-padwy-13-czerwca\/#primaryimage\"},\"datePublished\":\"2022-06-07T16:33:20+00:00\",\"dateModified\":\"2022-06-14T06:44:27+00:00\",\"author\":{\"@id\":\"https:\/\/pakosc-kalwaria.franciszkanie.net\/#\/schema\/person\/af10b943be0760709227d060eadcb2aa\"},\"breadcrumb\":{\"@id\":\"https:\/\/pakosc-kalwaria.franciszkanie.net\/index.php\/2022\/06\/07\/swieto-sw-antoniego-z-padwy-13-czerwca\/#breadcrumb\"},\"inLanguage\":\"pl-PL\",\"potentialAction\":[{\"@type\":\"ReadAction\",\"target\":[\"https:\/\/pakosc-kalwaria.franciszkanie.net\/index.php\/2022\/06\/07\/swieto-sw-antoniego-z-padwy-13-czerwca\/\"]}]},{\"@type\":\"BreadcrumbList\",\"@id\":\"https:\/\/pakosc-kalwaria.franciszkanie.net\/index.php\/2022\/06\/07\/swieto-sw-antoniego-z-padwy-13-czerwca\/#breadcrumb\",\"itemListElement\":[{\"@type\":\"ListItem\",\"position\":1,\"name\":\"Strona g\u0142\u00f3wna\",\"item\":\"https:\/\/pakosc-kalwaria.franciszkanie.net\/\"},{\"@type\":\"ListItem\",\"position\":2,\"name\":\"\u015awi\u0119to \u015bw. Antoniego z Padwy &#8211; 13 czerwca\"}]},{\"@type\":\"Person\",\"@id\":\"https:\/\/pakosc-kalwaria.franciszkanie.net\/#\/schema\/person\/af10b943be0760709227d060eadcb2aa\",\"name\":\"pakosc-kalwaria\",\"image\":{\"@type\":\"ImageObject\",\"@id\":\"https:\/\/pakosc-kalwaria.franciszkanie.net\/#personlogo\",\"inLanguage\":\"pl-PL\",\"url\":\"https:\/\/secure.gravatar.com\/avatar\/e7049d338b55eac6a0027ff3218b8d02?s=96&d=mm&r=g\",\"contentUrl\":\"https:\/\/secure.gravatar.com\/avatar\/e7049d338b55eac6a0027ff3218b8d02?s=96&d=mm&r=g\",\"caption\":\"pakosc-kalwaria\"},\"sameAs\":[\"https:\/\/www.facebook.com\/KalwariaPakosc\/\"],\"url\":\"https:\/\/pakosc-kalwaria.franciszkanie.net\/index.php\/author\/pakosc-kalwaria\/\"}]}<\/script>\n<!-- \/ Yoast SEO plugin. -->","yoast_head_json":{"title":"\u015awi\u0119to \u015bw. Antoniego z Padwy - 13 czerwca - Pako\u015b\u0107 \u2013 Kalwaria","robots":{"index":"index","follow":"follow","max-snippet":"max-snippet:-1","max-image-preview":"max-image-preview:large","max-video-preview":"max-video-preview:-1"},"canonical":"https:\/\/pakosc-kalwaria.franciszkanie.net\/index.php\/2022\/06\/07\/swieto-sw-antoniego-z-padwy-13-czerwca\/","og_locale":"pl_PL","og_type":"article","og_title":"\u015awi\u0119to \u015bw. Antoniego z Padwy - 13 czerwca - Pako\u015b\u0107 \u2013 Kalwaria","og_description":"W naszym kalwaryjskim Sanktuarium w poniedzia\u0142ek 13 czerwca po Mszy \u015awi\u0119tej o 17.00 nabo\u017ce\u0144stwo ku czci \u015bw. Antoniego, po\u015bwi\u0119cenie lilii oraz specjalne b\u0142ogos\u0142awie\u0144stwo dzieci. Serdecznie zapraszamy rodzic\u00f3w z dzie\u0107mi oraz prosimy o przyniesienie lilii. \u015aw. Antoni \u017cy\u0142 36 lat (1195-1231). Wiele ludzkich serc rozpali\u0142 mi\u0142o\u015bci\u0105 do Jezusa Chrystusa. Papie\u017c Leon XIII nazwa\u0142 go \u201e\u015bwi\u0119tym ca\u0142ego &hellip;","og_url":"https:\/\/pakosc-kalwaria.franciszkanie.net\/index.php\/2022\/06\/07\/swieto-sw-antoniego-z-padwy-13-czerwca\/","og_site_name":"Pako\u015b\u0107 \u2013 Kalwaria","article_author":"https:\/\/www.facebook.com\/KalwariaPakosc\/","article_published_time":"2022-06-07T16:33:20+00:00","article_modified_time":"2022-06-14T06:44:27+00:00","og_image":[{"width":350,"height":262,"url":"https:\/\/pakosc-kalwaria.franciszkanie.net\/wp-content\/uploads\/2022\/06\/sw_antoni-200x150-1.jpg","type":"image\/jpeg"}],"twitter_card":"summary","twitter_misc":{"Napisane przez":"pakosc-kalwaria","Szacowany czas czytania":"5 minut"},"schema":{"@context":"https:\/\/schema.org","@graph":[{"@type":"WebSite","@id":"https:\/\/pakosc-kalwaria.franciszkanie.net\/#website","url":"https:\/\/pakosc-kalwaria.franciszkanie.net\/","name":"Pako\u015b\u0107 \u2013 Kalwaria","description":"Parafia Rzymsko \u2013 Katolicka p.w. Pana Jezusa Ukrzy\u017cowanego i  Matki Bo\u017cej Bolesnej ul. Barci\u0144ska 60, 88\u2013170 Pako\u015b\u0107 \u2013 Kalwaria","potentialAction":[{"@type":"SearchAction","target":{"@type":"EntryPoint","urlTemplate":"https:\/\/pakosc-kalwaria.franciszkanie.net\/?s={search_term_string}"},"query-input":"required name=search_term_string"}],"inLanguage":"pl-PL"},{"@type":"ImageObject","@id":"https:\/\/pakosc-kalwaria.franciszkanie.net\/index.php\/2022\/06\/07\/swieto-sw-antoniego-z-padwy-13-czerwca\/#primaryimage","inLanguage":"pl-PL","url":"https:\/\/pakosc-kalwaria.franciszkanie.net\/wp-content\/uploads\/2022\/06\/sw_antoni-200x150-1.jpg","contentUrl":"https:\/\/pakosc-kalwaria.franciszkanie.net\/wp-content\/uploads\/2022\/06\/sw_antoni-200x150-1.jpg","width":350,"height":262},{"@type":"WebPage","@id":"https:\/\/pakosc-kalwaria.franciszkanie.net\/index.php\/2022\/06\/07\/swieto-sw-antoniego-z-padwy-13-czerwca\/#webpage","url":"https:\/\/pakosc-kalwaria.franciszkanie.net\/index.php\/2022\/06\/07\/swieto-sw-antoniego-z-padwy-13-czerwca\/","name":"\u015awi\u0119to \u015bw. Antoniego z Padwy - 13 czerwca - Pako\u015b\u0107 \u2013 Kalwaria","isPartOf":{"@id":"https:\/\/pakosc-kalwaria.franciszkanie.net\/#website"},"primaryImageOfPage":{"@id":"https:\/\/pakosc-kalwaria.franciszkanie.net\/index.php\/2022\/06\/07\/swieto-sw-antoniego-z-padwy-13-czerwca\/#primaryimage"},"datePublished":"2022-06-07T16:33:20+00:00","dateModified":"2022-06-14T06:44:27+00:00","author":{"@id":"https:\/\/pakosc-kalwaria.franciszkanie.net\/#\/schema\/person\/af10b943be0760709227d060eadcb2aa"},"breadcrumb":{"@id":"https:\/\/pakosc-kalwaria.franciszkanie.net\/index.php\/2022\/06\/07\/swieto-sw-antoniego-z-padwy-13-czerwca\/#breadcrumb"},"inLanguage":"pl-PL","potentialAction":[{"@type":"ReadAction","target":["https:\/\/pakosc-kalwaria.franciszkanie.net\/index.php\/2022\/06\/07\/swieto-sw-antoniego-z-padwy-13-czerwca\/"]}]},{"@type":"BreadcrumbList","@id":"https:\/\/pakosc-kalwaria.franciszkanie.net\/index.php\/2022\/06\/07\/swieto-sw-antoniego-z-padwy-13-czerwca\/#breadcrumb","itemListElement":[{"@type":"ListItem","position":1,"name":"Strona g\u0142\u00f3wna","item":"https:\/\/pakosc-kalwaria.franciszkanie.net\/"},{"@type":"ListItem","position":2,"name":"\u015awi\u0119to \u015bw. Antoniego z Padwy &#8211; 13 czerwca"}]},{"@type":"Person","@id":"https:\/\/pakosc-kalwaria.franciszkanie.net\/#\/schema\/person\/af10b943be0760709227d060eadcb2aa","name":"pakosc-kalwaria","image":{"@type":"ImageObject","@id":"https:\/\/pakosc-kalwaria.franciszkanie.net\/#personlogo","inLanguage":"pl-PL","url":"https:\/\/secure.gravatar.com\/avatar\/e7049d338b55eac6a0027ff3218b8d02?s=96&d=mm&r=g","contentUrl":"https:\/\/secure.gravatar.com\/avatar\/e7049d338b55eac6a0027ff3218b8d02?s=96&d=mm&r=g","caption":"pakosc-kalwaria"},"sameAs":["https:\/\/www.facebook.com\/KalwariaPakosc\/"],"url":"https:\/\/pakosc-kalwaria.franciszkanie.net\/index.php\/author\/pakosc-kalwaria\/"}]}},"_links":{"self":[{"href":"https:\/\/pakosc-kalwaria.franciszkanie.net\/index.php\/wp-json\/wp\/v2\/posts\/23648"}],"collection":[{"href":"https:\/\/pakosc-kalwaria.franciszkanie.net\/index.php\/wp-json\/wp\/v2\/posts"}],"about":[{"href":"https:\/\/pakosc-kalwaria.franciszkanie.net\/index.php\/wp-json\/wp\/v2\/types\/post"}],"author":[{"embeddable":true,"href":"https:\/\/pakosc-kalwaria.franciszkanie.net\/index.php\/wp-json\/wp\/v2\/users\/2"}],"replies":[{"embeddable":true,"href":"https:\/\/pakosc-kalwaria.franciszkanie.net\/index.php\/wp-json\/wp\/v2\/comments?post=23648"}],"version-history":[{"count":1,"href":"https:\/\/pakosc-kalwaria.franciszkanie.net\/index.php\/wp-json\/wp\/v2\/posts\/23648\/revisions"}],"predecessor-version":[{"id":23650,"href":"https:\/\/pakosc-kalwaria.franciszkanie.net\/index.php\/wp-json\/wp\/v2\/posts\/23648\/revisions\/23650"}],"wp:featuredmedia":[{"embeddable":true,"href":"https:\/\/pakosc-kalwaria.franciszkanie.net\/index.php\/wp-json\/wp\/v2\/media\/23649"}],"wp:attachment":[{"href":"https:\/\/pakosc-kalwaria.franciszkanie.net\/index.php\/wp-json\/wp\/v2\/media?parent=23648"}],"wp:term":[{"taxonomy":"category","embeddable":true,"href":"https:\/\/pakosc-kalwaria.franciszkanie.net\/index.php\/wp-json\/wp\/v2\/categories?post=23648"},{"taxonomy":"post_tag","embeddable":true,"href":"https:\/\/pakosc-kalwaria.franciszkanie.net\/index.php\/wp-json\/wp\/v2\/tags?post=23648"}],"curies":[{"name":"wp","href":"https:\/\/api.w.org\/{rel}","templated":true}]}}