{"id":23660,"date":"2022-06-12T12:00:39","date_gmt":"2022-06-12T10:00:39","guid":{"rendered":"http:\/\/pakosc-kalwaria.franciszkanie.net\/?p=23660"},"modified":"2022-06-12T12:29:07","modified_gmt":"2022-06-12T10:29:07","slug":"do-medytacji-z-kalwaryjskiego-wzgorza-niedziela-12-06-2022r","status":"publish","type":"post","link":"https:\/\/pakosc-kalwaria.franciszkanie.net\/index.php\/2022\/06\/12\/do-medytacji-z-kalwaryjskiego-wzgorza-niedziela-12-06-2022r\/","title":{"rendered":"Do medytacji z kalwaryjskiego Wzg\u00f3rza \u2013 niedziela 12.06.2022r."},"content":{"rendered":"<div id=\"tabnowy0all\" class=\"tab-pane fade active in\">\n<p><span style=\"color: #ff0000;\"><strong>Z liturgii uroczysto\u015bci Naj\u015bwi\u0119tszej Tr\u00f3jcy \u2013 12.06.2022r.<br \/>\n<\/strong><\/span><br \/>\n<span style=\"color: #ff0000;\"><strong>1. czytanie<\/strong> <\/span>(Prz 8, 22-31) <em>M\u0105dro\u015b\u0107 zrodzona przed stworzeniem \u015bwiata<br \/>\n<\/em><strong>Czytanie z Ksi\u0119gi Przys\u0142\u00f3w<br \/>\n<\/strong>Tak m\u00f3wi M\u0105dro\u015b\u0107 Bo\u017ca: \u00abPan mnie zrodzi\u0142 jako pocz\u0105tek swej mocy, przed dzie\u0142ami swymi, od pradawna. Od wiek\u00f3w zosta\u0142am ustanowiona, od pocz\u0105tku, przed pradziejami ziemi. Przed oceanem zosta\u0142am zrodzona, przed \u017ar\u00f3d\u0142ami pe\u0142nymi w\u00f3d; zanim g\u00f3ry zosta\u0142y za\u0142o\u017cone, przed pag\u00f3rkami zosta\u0142am zrodzona. Nim gleb\u0119 i pola uczyni\u0142, przed pierwszymi skibami roli. Gdy niebo umacnia\u0142, z Nim by\u0142am, gdy kre\u015bli\u0142 sklepienie nad bezmiarem w\u00f3d; gdy w g\u00f3rze utwierdza\u0142 ob\u0142oki, gdy \u017ar\u00f3d\u0142a wielkiej Otch\u0142ani umacnia\u0142, gdy morzu ustawia\u0142 granice, by wody z brzeg\u00f3w nie wyst\u0105pi\u0142y; gdy ustali\u0142 fundamenty ziemi. I by\u0142am przy Nim mistrzyni\u0105, rozkosz\u0105 Jego dzie\u0144 po dniu, ca\u0142y czas igraj\u0105c przed Nim. Igraj\u0105c na okr\u0119gu ziemi, radowa\u0142am si\u0119 przy synach ludzkich\u00bb. Oto S\u0142owo Bo\u017ce.<\/p>\n<p><span style=\"color: #ff0000;\"><strong>Psalm<\/strong><\/span> (Ps 8, 4-5. 6-7. 8-9 (R.: por. 2ab))<br \/>\n<strong>Jak jest przedziwne imi\u0119 Twoje, Panie!<br \/>\n<\/strong>Gdy patrz\u0119 na Twe niebo, dzie\u0142o palc\u00f3w Twoich, *<br \/>\nna ksi\u0119\u017cyc i gwiazdy, kt\u00f3re Ty utwierdzi\u0142e\u015b:<br \/>\nCzym jest cz\u0142owiek, \u017ce o nim pami\u0119tasz, *<br \/>\nczym syn cz\u0142owieczy, \u017ce troszczysz si\u0119 o niego?<\/p>\n<p><strong>Jak jest przedziwne imi\u0119 Twoje, Panie!<br \/>\n<\/strong>Uczyni\u0142e\u015b go niewiele mniejszym od anio\u0142\u00f3w, *<br \/>\nuwie\u0144czy\u0142e\u015b go czci\u0105 i chwa\u0142\u0105.<br \/>\nObdarzy\u0142e\u015b go w\u0142adz\u0105 nad dzie\u0142ami r\u0105k Twoich, *<br \/>\nwszystko z\u0142o\u017cy\u0142e\u015b pod jego stopy:<\/p>\n<p><strong>Jak jest przedziwne imi\u0119 Twoje, Panie!<br \/>\n<\/strong>Owce i byd\u0142o wszelakie, *<br \/>\ni dzikie zwierz\u0119ta,<br \/>\nptaki niebieskie i ryby morskie, *<br \/>\nwszystko, co szlaki m\u00f3rz przemierza.<br \/>\n<strong>Jak jest przedziwne imi\u0119 Twoje, Panie!<\/strong><\/p>\n<p><span style=\"color: #ff0000;\"><strong>2. czytanie<\/strong> <\/span>(Rz 5, 1-5) <em>Pok\u00f3j z Bogiem przez Chrystusa w Duchu \u015awi\u0119tym<br \/>\n<\/em><strong>Czytanie z Listu \u015awi\u0119tego Paw\u0142a Aposto\u0142a do Rzymian<br \/>\n<\/strong>Bracia: Dost\u0105piwszy usprawiedliwienia dzi\u0119ki wierze, zachowajmy pok\u00f3j z Bogiem przez Pana naszego, Jezusa Chrystusa; dzi\u0119ki Niemu uzyskali\u015bmy na podstawie wiary dost\u0119p do tej \u0142aski, w kt\u00f3rej trwamy, i chlubimy si\u0119 nadziej\u0105 chwa\u0142y Bo\u017cej. Ale nie tylko tym, lecz chlubimy si\u0119 tak\u017ce z ucisk\u00f3w, wiedz\u0105c, \u017ce ucisk wyrabia wytrwa\u0142o\u015b\u0107, a wytrwa\u0142o\u015b\u0107 \u2013 wypr\u00f3bowan\u0105 cnot\u0119, wypr\u00f3bowana za\u015b cnota \u2013 nadziej\u0119. A nadzieja zawie\u015b\u0107 nie mo\u017ce, poniewa\u017c mi\u0142o\u015b\u0107 Bo\u017ca rozlana jest w sercach naszych przez Ducha \u015awi\u0119tego, kt\u00f3ry zosta\u0142 nam dany. Oto S\u0142owo Bo\u017ce.<\/p>\n<p><span style=\"color: #ff0000;\"><strong>Aklamacja<\/strong> <\/span>(Por. Ap 1, 8)<br \/>\n<strong>Alleluja, alleluja, alleluja<br \/>\n<\/strong>Chwa\u0142a Ojcu i Synowi, i Duchowi \u015awi\u0119temu,<br \/>\nBogu, kt\u00f3ry jest i kt\u00f3ry by\u0142, i kt\u00f3ry przychodzi.<br \/>\n<strong>Alleluja, alleluja, alleluja<\/strong><\/p>\n<p><span style=\"color: #ff0000;\"><strong>Ewangelia<\/strong> <\/span>(J 16, 12-15) <em>Duch Prawdy doprowadzi was do ca\u0142ej prawdy<br \/>\n<\/em><strong>S\u0142owa Ewangelii wed\u0142ug \u015awi\u0119tego Jana<br \/>\n<\/strong>Jezus powiedzia\u0142 do swoich uczni\u00f3w: \u00abJeszcze wiele mam wam do powiedzenia, ale teraz znie\u015b\u0107 nie mo\u017cecie. Gdy za\u015b przyjdzie On, Duch Prawdy, doprowadzi was do ca\u0142ej prawdy. Bo nie b\u0119dzie m\u00f3wi\u0142 od siebie, ale powie wszystko, cokolwiek us\u0142yszy, i oznajmi wam rzeczy przysz\u0142e. On Mnie otoczy chwa\u0142\u0105, poniewa\u017c z mojego we\u017amie i wam objawi. Wszystko, co ma Ojciec, jest moje. Dlatego powiedzia\u0142em, \u017ce z mojego we\u017amie i wam objawi\u00bb. Oto S\u0142owo Pa\u0144skie.<\/p>\n<p><strong><span style=\"color: #ff0000;\">Z kazania na kalwaryjskim Wzg\u00f3rzu \u2013 12.06.2022r.<\/span><br \/>\n<\/strong><strong>Naj\u015bwi\u0119tsza Tr\u00f3jca tajemnic\u0105 naszej wiary.<br \/>\n<\/strong>Prawda o Tr\u00f3jcy \u015awi\u0119tej, czyli o tym, \u017ce B\u00f3g jest Jeden w Trzech Osobach, jest jedn\u0105 z najtrudniejszych prawd naszej wiary. Jest to prawda wiary, kt\u00f3rej nigdy do ko\u0144ca nie b\u0119dziemy w stanie zrozumie\u0107. Dlatego cz\u0119sto nazywamy t\u0119 prawd\u0119 \u2013 tajemnic\u0105 wiary. Poniewa\u017c nie jeste\u015bmy w stanie tej prawdy do ko\u0144ca zg\u0142\u0119bi\u0107 naszym rozumem, dlatego mo\u017cemy j\u0105 przyj\u0105\u0107 tylko w duchu wiary. Nie rozumiemy do ko\u0144ca jak to mo\u017cliwe, ale wierzymy, \u017ce skoro B\u00f3g nam t\u0119 tajemnic\u0119, czyli prawd\u0119 wiary objawi\u0142 i przekaza\u0142, to tak w\u0142a\u015bnie jest. Z tajemnic\u0105 wiary w Naj\u015bwi\u0119tsz\u0105 Tr\u00f3jc\u0119 jest podobnie, jak z tajemnic\u0105 Eucharystii. Po ludzku nie rozumiemy jak to jest mo\u017cliwe, \u017ce w tej malej bia\u0142ej Hostii obecny jest \u017cywy i prawdziwy B\u00f3g Jezus Chrystus, ale w to wierzymy na podstawie tego co B\u00f3g nam objawi\u0142 i przekaza\u0142 przez Swojego Syna Bo\u017cego.<br \/>\nJak umacnia\u0107 w sobie wiar\u0119 w tajemnic\u0119 Tr\u00f3jcy \u015awi\u0119tej? Jak pom\u00f3c uwierzy\u0107 innym? Najlepiej zawsze przez wyznawanie wiary, praktykowanie wiary i przekazywanie wiary! Okazuje si\u0119, \u017ce nasz\u0105 wiar\u0119 w Naj\u015bwi\u0119tsz\u0105 Tr\u00f3jc\u0119 wyznajemy i praktykujemy bardzo cz\u0119sto, cho\u0107 nie zawsze mo\u017ce zdajemy sobie z tego spraw\u0119. Za ka\u017cdym razem gdy czynimy znak krzy\u017ca \u015bwi\u0119tego i wypowiadamy s\u0142owa \u201ew Imi\u0119 Ojca i Syna, i Ducha \u015awi\u0119tego\u201d, wyznajemy nasz\u0105 wiar\u0119 w Tr\u00f3jc\u0119 \u015awi\u0119t\u0105. Ile razy uwielbiamy Boga m\u00f3wi\u0105c: \u201eChwa\u0142a Ojcu i Synowi i Duchowi \u015awi\u0119temu\u201d, wyznajemy nasz\u0105 wiar\u0119 w Tr\u00f3jc\u0119 \u015awi\u0119t\u0105. W imi\u0119 Tr\u00f3jcy \u015awi\u0119tej, znakiem krzy\u017ca \u015bwi\u0119tego, rozpoczynamy ka\u017cd\u0105 Msz\u0119 \u015bwi\u0119t\u0105 i w imi\u0119 Tr\u00f3jcy \u015awi\u0119tej, przyjmuj\u0105c Bo\u017ce b\u0142ogos\u0142awie\u0144stwo, Msz\u0119 \u015bwi\u0119t\u0105 ko\u0144czymy. Podobnie jest podczas naszych osobistych czy rodzinnych modlitw.<br \/>\nI cho\u0107 m\u00f3wimy o wielkiej tajemnicy naszej wiary jak\u0105 jest Tr\u00f3jca \u015awi\u0119ta, to jednak B\u00f3g pozwala i pomaga nam t\u0119 tajemnic\u0119 nieustannie zg\u0142\u0119bia\u0107. Przybli\u017cmy wi\u0119c sobie kolejny raz t\u0119 wielk\u0105 tajemnic\u0119 Tr\u00f3jcy \u015awi\u0119tej i spos\u00f3b Jej dzia\u0142ania. M\u00f3wi\u0105c o dzia\u0142aniu Ojca, Syna i Ducha \u015awi\u0119tego widzimy dzia\u0142anie tych Trzech Os\u00f3b Boskich w doskona\u0142ej jedno\u015bci i doskona\u0142ej wzajemnej mi\u0142o\u015bci. I cho\u0107 s\u0142yszymy w dzisiejszej Liturgii S\u0142owa o Bogu Ojcu Stworzycielu, o Synu Bo\u017cym Zbawicielu i Odkupicielu i o Duchu \u015awi\u0119tym U\u015bwi\u0119cicielu, to zawsze mamy na uwadze wsp\u00f3lne dzia\u0142anie ca\u0142ej Tr\u00f3jcy \u015awi\u0119tej. Zar\u00f3wno w dziele stworzenia \u015bwiata i cz\u0142owieka, jak i w dziele odkupienia i u\u015bwi\u0119cenia, dzia\u0142a zawsze Jeden B\u00f3g w Trzech Osobach. Przypomina nam o tym jedno ze staro\u017cytnych wyzna\u0144 wiary: \u201eWiara za\u015b katolicka polega na tym, aby\u015bmy czcili jednego Boga w Tr\u00f3jcy, a Tr\u00f3jc\u0119 w jedno\u015bci. Inna jest bowiem Osoba Ojca, inna Syna, inna Ducha \u015awi\u0119tego\u2026. Lecz Ojca i Syna, i Ducha \u015awi\u0119tego jedno jest b\u00f3stwo, r\u00f3wna chwa\u0142a, wsp\u00f3\u0142wieczny majestat. Jaki Ojciec, taki Syn, taki Duch \u015awi\u0119ty. Niezmierzony Ojciec, niezmierzony Syn, niezmierzony Duch \u015awi\u0119ty. Wiekuisty Ojciec, wiekuisty Syn, wiekuisty Duch \u015awi\u0119ty. A jednak nie trzej wiekui\u015bci, lecz jeden wiekuisty\u201d.<br \/>\nW jaki spos\u00f3b mamy, nie tylko wierzy\u0107 w Tr\u00f3jc\u0119 \u015awi\u0119t\u0105 i J\u0105 czci\u0107, ale tak\u017ce J\u0105 na\u015bladowa\u0107? Przede wszystkim przez \u017cycie w mi\u0142o\u015bci i jedno\u015bci! W jednej z katechez \u015bw. Jan Pawe\u0142 II naucza\u0142: \u201eB\u00f3g bowiem jest mi\u0142o\u015bci\u0105 od zawsze, od wieczno\u015bci \u2013 nigdy nie by\u0142o Boga, kt\u00f3ry nie by\u0142by Mi\u0142o\u015bci\u0105. B\u00f3g jest Mi\u0142o\u015bci\u0105 w sobie samym\u201d. Tak\u017ce \u015bw. Augustyn uwa\u017ca\u0142: \u201eJe\u015bli widzisz mi\u0142o\u015b\u0107, widzisz Tr\u00f3jc\u0119 \u015awi\u0119t\u0105\u201d. Zatem istot\u0105 relacji mi\u0119dzy Osobami Tr\u00f3jcy \u015awi\u0119tej jest mi\u0142o\u015b\u0107, kt\u00f3ra jest r\u00f3wnie\u017c wyrazem jedno\u015bci. T\u0119 jedno\u015b\u0107 potwierdza w dzisiejszym fragmencie Ewangelii Chrystus kiedy m\u00f3wi, \u017ce \u201eWszystko co ma Ojciec jest moje\u201d.<br \/>\nKiedy wi\u0119c wyznajemy nasz\u0105 wiar\u0119 w Tr\u00f3jc\u0119 \u015awi\u0119t\u0105, to w naszych sercach powinno pojawi\u0107 si\u0119 pragnienie trwania w mi\u0142o\u015bci do Boga w Tr\u00f3jcy Jedynego oraz do naszych bli\u017anich. Powinno pojawi\u0107 si\u0119 tak\u017ce pragnienie budowania braterskiej jedno\u015bci miedzy lud\u017ami, na wz\u00f3r Ojca i Syna i Ducha \u015awi\u0119tego. Niech wi\u0119c ka\u017cdy nasz znak krzy\u017ca i ka\u017cde uwielbienie Tr\u00f3jcy \u015awi\u0119tej b\u0119dzie nasz\u0105 modlitw\u0105 o mi\u0142o\u015b\u0107 mi\u0119dzy nami, w rodzinach, w Ko\u015bciele i w naszej Ojczy\u017anie. Amen.<br \/>\n(o.R.)<\/p>\n<\/div>\n","protected":false},"excerpt":{"rendered":"<p>Z liturgii uroczysto\u015bci Naj\u015bwi\u0119tszej Tr\u00f3jcy \u2013 12.06.2022r. 1. czytanie (Prz 8, 22-31) M\u0105dro\u015b\u0107 zrodzona przed stworzeniem \u015bwiata Czytanie z Ksi\u0119gi Przys\u0142\u00f3w Tak m\u00f3wi M\u0105dro\u015b\u0107 Bo\u017ca: \u00abPan mnie zrodzi\u0142 jako pocz\u0105tek swej mocy, przed dzie\u0142ami swymi, od pradawna. Od wiek\u00f3w zosta\u0142am ustanowiona, od pocz\u0105tku, przed pradziejami ziemi. Przed oceanem zosta\u0142am zrodzona, przed \u017ar\u00f3d\u0142ami pe\u0142nymi w\u00f3d; zanim &hellip;<\/p>\n","protected":false},"author":2,"featured_media":23671,"comment_status":"closed","ping_status":"closed","sticky":false,"template":"","format":"standard","meta":{"_mi_skip_tracking":false,"_exactmetrics_sitenote_active":false,"_exactmetrics_sitenote_note":"","_exactmetrics_sitenote_category":0},"categories":[14],"tags":[],"yoast_head":"<!-- This site is optimized with the Yoast SEO plugin v18.1 - https:\/\/yoast.com\/wordpress\/plugins\/seo\/ -->\n<title>Do medytacji z kalwaryjskiego Wzg\u00f3rza \u2013 niedziela 12.06.2022r. - Pako\u015b\u0107 \u2013 Kalwaria<\/title>\n<meta name=\"robots\" content=\"index, follow, max-snippet:-1, max-image-preview:large, max-video-preview:-1\" \/>\n<link rel=\"canonical\" href=\"https:\/\/pakosc-kalwaria.franciszkanie.net\/index.php\/2022\/06\/12\/do-medytacji-z-kalwaryjskiego-wzgorza-niedziela-12-06-2022r\/\" \/>\n<meta property=\"og:locale\" content=\"pl_PL\" \/>\n<meta property=\"og:type\" content=\"article\" \/>\n<meta property=\"og:title\" content=\"Do medytacji z kalwaryjskiego Wzg\u00f3rza \u2013 niedziela 12.06.2022r. - Pako\u015b\u0107 \u2013 Kalwaria\" \/>\n<meta property=\"og:description\" content=\"Z liturgii uroczysto\u015bci Naj\u015bwi\u0119tszej Tr\u00f3jcy \u2013 12.06.2022r. 1. czytanie (Prz 8, 22-31) M\u0105dro\u015b\u0107 zrodzona przed stworzeniem \u015bwiata Czytanie z Ksi\u0119gi Przys\u0142\u00f3w Tak m\u00f3wi M\u0105dro\u015b\u0107 Bo\u017ca: \u00abPan mnie zrodzi\u0142 jako pocz\u0105tek swej mocy, przed dzie\u0142ami swymi, od pradawna. Od wiek\u00f3w zosta\u0142am ustanowiona, od pocz\u0105tku, przed pradziejami ziemi. Przed oceanem zosta\u0142am zrodzona, przed \u017ar\u00f3d\u0142ami pe\u0142nymi w\u00f3d; zanim &hellip;\" \/>\n<meta property=\"og:url\" content=\"https:\/\/pakosc-kalwaria.franciszkanie.net\/index.php\/2022\/06\/12\/do-medytacji-z-kalwaryjskiego-wzgorza-niedziela-12-06-2022r\/\" \/>\n<meta property=\"og:site_name\" content=\"Pako\u015b\u0107 \u2013 Kalwaria\" \/>\n<meta property=\"article:author\" content=\"https:\/\/www.facebook.com\/KalwariaPakosc\/\" \/>\n<meta property=\"article:published_time\" content=\"2022-06-12T10:00:39+00:00\" \/>\n<meta property=\"article:modified_time\" content=\"2022-06-12T10:29:07+00:00\" \/>\n<meta property=\"og:image\" content=\"https:\/\/pakosc-kalwaria.franciszkanie.net\/wp-content\/uploads\/2022\/06\/Oltarz-polowy-czerwiec-2022.jpg\" \/>\n\t<meta property=\"og:image:width\" content=\"350\" \/>\n\t<meta property=\"og:image:height\" content=\"197\" \/>\n\t<meta property=\"og:image:type\" content=\"image\/jpeg\" \/>\n<meta name=\"twitter:card\" content=\"summary\" \/>\n<meta name=\"twitter:label1\" content=\"Napisane przez\" \/>\n\t<meta name=\"twitter:data1\" content=\"pakosc-kalwaria\" \/>\n\t<meta name=\"twitter:label2\" content=\"Szacowany czas czytania\" \/>\n\t<meta name=\"twitter:data2\" content=\"7 minut\" \/>\n<script type=\"application\/ld+json\" class=\"yoast-schema-graph\">{\"@context\":\"https:\/\/schema.org\",\"@graph\":[{\"@type\":\"WebSite\",\"@id\":\"https:\/\/pakosc-kalwaria.franciszkanie.net\/#website\",\"url\":\"https:\/\/pakosc-kalwaria.franciszkanie.net\/\",\"name\":\"Pako\u015b\u0107 \u2013 Kalwaria\",\"description\":\"Parafia Rzymsko \u2013 Katolicka p.w. Pana Jezusa Ukrzy\u017cowanego i  Matki Bo\u017cej Bolesnej ul. Barci\u0144ska 60, 88\u2013170 Pako\u015b\u0107 \u2013 Kalwaria\",\"potentialAction\":[{\"@type\":\"SearchAction\",\"target\":{\"@type\":\"EntryPoint\",\"urlTemplate\":\"https:\/\/pakosc-kalwaria.franciszkanie.net\/?s={search_term_string}\"},\"query-input\":\"required name=search_term_string\"}],\"inLanguage\":\"pl-PL\"},{\"@type\":\"ImageObject\",\"@id\":\"https:\/\/pakosc-kalwaria.franciszkanie.net\/index.php\/2022\/06\/12\/do-medytacji-z-kalwaryjskiego-wzgorza-niedziela-12-06-2022r\/#primaryimage\",\"inLanguage\":\"pl-PL\",\"url\":\"https:\/\/pakosc-kalwaria.franciszkanie.net\/wp-content\/uploads\/2022\/06\/Oltarz-polowy-czerwiec-2022.jpg\",\"contentUrl\":\"https:\/\/pakosc-kalwaria.franciszkanie.net\/wp-content\/uploads\/2022\/06\/Oltarz-polowy-czerwiec-2022.jpg\",\"width\":350,\"height\":197},{\"@type\":\"WebPage\",\"@id\":\"https:\/\/pakosc-kalwaria.franciszkanie.net\/index.php\/2022\/06\/12\/do-medytacji-z-kalwaryjskiego-wzgorza-niedziela-12-06-2022r\/#webpage\",\"url\":\"https:\/\/pakosc-kalwaria.franciszkanie.net\/index.php\/2022\/06\/12\/do-medytacji-z-kalwaryjskiego-wzgorza-niedziela-12-06-2022r\/\",\"name\":\"Do medytacji z kalwaryjskiego Wzg\u00f3rza \u2013 niedziela 12.06.2022r. - Pako\u015b\u0107 \u2013 Kalwaria\",\"isPartOf\":{\"@id\":\"https:\/\/pakosc-kalwaria.franciszkanie.net\/#website\"},\"primaryImageOfPage\":{\"@id\":\"https:\/\/pakosc-kalwaria.franciszkanie.net\/index.php\/2022\/06\/12\/do-medytacji-z-kalwaryjskiego-wzgorza-niedziela-12-06-2022r\/#primaryimage\"},\"datePublished\":\"2022-06-12T10:00:39+00:00\",\"dateModified\":\"2022-06-12T10:29:07+00:00\",\"author\":{\"@id\":\"https:\/\/pakosc-kalwaria.franciszkanie.net\/#\/schema\/person\/af10b943be0760709227d060eadcb2aa\"},\"breadcrumb\":{\"@id\":\"https:\/\/pakosc-kalwaria.franciszkanie.net\/index.php\/2022\/06\/12\/do-medytacji-z-kalwaryjskiego-wzgorza-niedziela-12-06-2022r\/#breadcrumb\"},\"inLanguage\":\"pl-PL\",\"potentialAction\":[{\"@type\":\"ReadAction\",\"target\":[\"https:\/\/pakosc-kalwaria.franciszkanie.net\/index.php\/2022\/06\/12\/do-medytacji-z-kalwaryjskiego-wzgorza-niedziela-12-06-2022r\/\"]}]},{\"@type\":\"BreadcrumbList\",\"@id\":\"https:\/\/pakosc-kalwaria.franciszkanie.net\/index.php\/2022\/06\/12\/do-medytacji-z-kalwaryjskiego-wzgorza-niedziela-12-06-2022r\/#breadcrumb\",\"itemListElement\":[{\"@type\":\"ListItem\",\"position\":1,\"name\":\"Strona g\u0142\u00f3wna\",\"item\":\"https:\/\/pakosc-kalwaria.franciszkanie.net\/\"},{\"@type\":\"ListItem\",\"position\":2,\"name\":\"Do medytacji z kalwaryjskiego Wzg\u00f3rza \u2013 niedziela 12.06.2022r.\"}]},{\"@type\":\"Person\",\"@id\":\"https:\/\/pakosc-kalwaria.franciszkanie.net\/#\/schema\/person\/af10b943be0760709227d060eadcb2aa\",\"name\":\"pakosc-kalwaria\",\"image\":{\"@type\":\"ImageObject\",\"@id\":\"https:\/\/pakosc-kalwaria.franciszkanie.net\/#personlogo\",\"inLanguage\":\"pl-PL\",\"url\":\"https:\/\/secure.gravatar.com\/avatar\/e7049d338b55eac6a0027ff3218b8d02?s=96&d=mm&r=g\",\"contentUrl\":\"https:\/\/secure.gravatar.com\/avatar\/e7049d338b55eac6a0027ff3218b8d02?s=96&d=mm&r=g\",\"caption\":\"pakosc-kalwaria\"},\"sameAs\":[\"https:\/\/www.facebook.com\/KalwariaPakosc\/\"],\"url\":\"https:\/\/pakosc-kalwaria.franciszkanie.net\/index.php\/author\/pakosc-kalwaria\/\"}]}<\/script>\n<!-- \/ Yoast SEO plugin. -->","yoast_head_json":{"title":"Do medytacji z kalwaryjskiego Wzg\u00f3rza \u2013 niedziela 12.06.2022r. - Pako\u015b\u0107 \u2013 Kalwaria","robots":{"index":"index","follow":"follow","max-snippet":"max-snippet:-1","max-image-preview":"max-image-preview:large","max-video-preview":"max-video-preview:-1"},"canonical":"https:\/\/pakosc-kalwaria.franciszkanie.net\/index.php\/2022\/06\/12\/do-medytacji-z-kalwaryjskiego-wzgorza-niedziela-12-06-2022r\/","og_locale":"pl_PL","og_type":"article","og_title":"Do medytacji z kalwaryjskiego Wzg\u00f3rza \u2013 niedziela 12.06.2022r. - Pako\u015b\u0107 \u2013 Kalwaria","og_description":"Z liturgii uroczysto\u015bci Naj\u015bwi\u0119tszej Tr\u00f3jcy \u2013 12.06.2022r. 1. czytanie (Prz 8, 22-31) M\u0105dro\u015b\u0107 zrodzona przed stworzeniem \u015bwiata Czytanie z Ksi\u0119gi Przys\u0142\u00f3w Tak m\u00f3wi M\u0105dro\u015b\u0107 Bo\u017ca: \u00abPan mnie zrodzi\u0142 jako pocz\u0105tek swej mocy, przed dzie\u0142ami swymi, od pradawna. Od wiek\u00f3w zosta\u0142am ustanowiona, od pocz\u0105tku, przed pradziejami ziemi. Przed oceanem zosta\u0142am zrodzona, przed \u017ar\u00f3d\u0142ami pe\u0142nymi w\u00f3d; zanim &hellip;","og_url":"https:\/\/pakosc-kalwaria.franciszkanie.net\/index.php\/2022\/06\/12\/do-medytacji-z-kalwaryjskiego-wzgorza-niedziela-12-06-2022r\/","og_site_name":"Pako\u015b\u0107 \u2013 Kalwaria","article_author":"https:\/\/www.facebook.com\/KalwariaPakosc\/","article_published_time":"2022-06-12T10:00:39+00:00","article_modified_time":"2022-06-12T10:29:07+00:00","og_image":[{"width":350,"height":197,"url":"https:\/\/pakosc-kalwaria.franciszkanie.net\/wp-content\/uploads\/2022\/06\/Oltarz-polowy-czerwiec-2022.jpg","type":"image\/jpeg"}],"twitter_card":"summary","twitter_misc":{"Napisane przez":"pakosc-kalwaria","Szacowany czas czytania":"7 minut"},"schema":{"@context":"https:\/\/schema.org","@graph":[{"@type":"WebSite","@id":"https:\/\/pakosc-kalwaria.franciszkanie.net\/#website","url":"https:\/\/pakosc-kalwaria.franciszkanie.net\/","name":"Pako\u015b\u0107 \u2013 Kalwaria","description":"Parafia Rzymsko \u2013 Katolicka p.w. Pana Jezusa Ukrzy\u017cowanego i  Matki Bo\u017cej Bolesnej ul. Barci\u0144ska 60, 88\u2013170 Pako\u015b\u0107 \u2013 Kalwaria","potentialAction":[{"@type":"SearchAction","target":{"@type":"EntryPoint","urlTemplate":"https:\/\/pakosc-kalwaria.franciszkanie.net\/?s={search_term_string}"},"query-input":"required name=search_term_string"}],"inLanguage":"pl-PL"},{"@type":"ImageObject","@id":"https:\/\/pakosc-kalwaria.franciszkanie.net\/index.php\/2022\/06\/12\/do-medytacji-z-kalwaryjskiego-wzgorza-niedziela-12-06-2022r\/#primaryimage","inLanguage":"pl-PL","url":"https:\/\/pakosc-kalwaria.franciszkanie.net\/wp-content\/uploads\/2022\/06\/Oltarz-polowy-czerwiec-2022.jpg","contentUrl":"https:\/\/pakosc-kalwaria.franciszkanie.net\/wp-content\/uploads\/2022\/06\/Oltarz-polowy-czerwiec-2022.jpg","width":350,"height":197},{"@type":"WebPage","@id":"https:\/\/pakosc-kalwaria.franciszkanie.net\/index.php\/2022\/06\/12\/do-medytacji-z-kalwaryjskiego-wzgorza-niedziela-12-06-2022r\/#webpage","url":"https:\/\/pakosc-kalwaria.franciszkanie.net\/index.php\/2022\/06\/12\/do-medytacji-z-kalwaryjskiego-wzgorza-niedziela-12-06-2022r\/","name":"Do medytacji z kalwaryjskiego Wzg\u00f3rza \u2013 niedziela 12.06.2022r. - Pako\u015b\u0107 \u2013 Kalwaria","isPartOf":{"@id":"https:\/\/pakosc-kalwaria.franciszkanie.net\/#website"},"primaryImageOfPage":{"@id":"https:\/\/pakosc-kalwaria.franciszkanie.net\/index.php\/2022\/06\/12\/do-medytacji-z-kalwaryjskiego-wzgorza-niedziela-12-06-2022r\/#primaryimage"},"datePublished":"2022-06-12T10:00:39+00:00","dateModified":"2022-06-12T10:29:07+00:00","author":{"@id":"https:\/\/pakosc-kalwaria.franciszkanie.net\/#\/schema\/person\/af10b943be0760709227d060eadcb2aa"},"breadcrumb":{"@id":"https:\/\/pakosc-kalwaria.franciszkanie.net\/index.php\/2022\/06\/12\/do-medytacji-z-kalwaryjskiego-wzgorza-niedziela-12-06-2022r\/#breadcrumb"},"inLanguage":"pl-PL","potentialAction":[{"@type":"ReadAction","target":["https:\/\/pakosc-kalwaria.franciszkanie.net\/index.php\/2022\/06\/12\/do-medytacji-z-kalwaryjskiego-wzgorza-niedziela-12-06-2022r\/"]}]},{"@type":"BreadcrumbList","@id":"https:\/\/pakosc-kalwaria.franciszkanie.net\/index.php\/2022\/06\/12\/do-medytacji-z-kalwaryjskiego-wzgorza-niedziela-12-06-2022r\/#breadcrumb","itemListElement":[{"@type":"ListItem","position":1,"name":"Strona g\u0142\u00f3wna","item":"https:\/\/pakosc-kalwaria.franciszkanie.net\/"},{"@type":"ListItem","position":2,"name":"Do medytacji z kalwaryjskiego Wzg\u00f3rza \u2013 niedziela 12.06.2022r."}]},{"@type":"Person","@id":"https:\/\/pakosc-kalwaria.franciszkanie.net\/#\/schema\/person\/af10b943be0760709227d060eadcb2aa","name":"pakosc-kalwaria","image":{"@type":"ImageObject","@id":"https:\/\/pakosc-kalwaria.franciszkanie.net\/#personlogo","inLanguage":"pl-PL","url":"https:\/\/secure.gravatar.com\/avatar\/e7049d338b55eac6a0027ff3218b8d02?s=96&d=mm&r=g","contentUrl":"https:\/\/secure.gravatar.com\/avatar\/e7049d338b55eac6a0027ff3218b8d02?s=96&d=mm&r=g","caption":"pakosc-kalwaria"},"sameAs":["https:\/\/www.facebook.com\/KalwariaPakosc\/"],"url":"https:\/\/pakosc-kalwaria.franciszkanie.net\/index.php\/author\/pakosc-kalwaria\/"}]}},"_links":{"self":[{"href":"https:\/\/pakosc-kalwaria.franciszkanie.net\/index.php\/wp-json\/wp\/v2\/posts\/23660"}],"collection":[{"href":"https:\/\/pakosc-kalwaria.franciszkanie.net\/index.php\/wp-json\/wp\/v2\/posts"}],"about":[{"href":"https:\/\/pakosc-kalwaria.franciszkanie.net\/index.php\/wp-json\/wp\/v2\/types\/post"}],"author":[{"embeddable":true,"href":"https:\/\/pakosc-kalwaria.franciszkanie.net\/index.php\/wp-json\/wp\/v2\/users\/2"}],"replies":[{"embeddable":true,"href":"https:\/\/pakosc-kalwaria.franciszkanie.net\/index.php\/wp-json\/wp\/v2\/comments?post=23660"}],"version-history":[{"count":4,"href":"https:\/\/pakosc-kalwaria.franciszkanie.net\/index.php\/wp-json\/wp\/v2\/posts\/23660\/revisions"}],"predecessor-version":[{"id":23672,"href":"https:\/\/pakosc-kalwaria.franciszkanie.net\/index.php\/wp-json\/wp\/v2\/posts\/23660\/revisions\/23672"}],"wp:featuredmedia":[{"embeddable":true,"href":"https:\/\/pakosc-kalwaria.franciszkanie.net\/index.php\/wp-json\/wp\/v2\/media\/23671"}],"wp:attachment":[{"href":"https:\/\/pakosc-kalwaria.franciszkanie.net\/index.php\/wp-json\/wp\/v2\/media?parent=23660"}],"wp:term":[{"taxonomy":"category","embeddable":true,"href":"https:\/\/pakosc-kalwaria.franciszkanie.net\/index.php\/wp-json\/wp\/v2\/categories?post=23660"},{"taxonomy":"post_tag","embeddable":true,"href":"https:\/\/pakosc-kalwaria.franciszkanie.net\/index.php\/wp-json\/wp\/v2\/tags?post=23660"}],"curies":[{"name":"wp","href":"https:\/\/api.w.org\/{rel}","templated":true}]}}