{"id":23663,"date":"2022-06-13T18:00:19","date_gmt":"2022-06-13T16:00:19","guid":{"rendered":"http:\/\/pakosc-kalwaria.franciszkanie.net\/?p=23663"},"modified":"2022-06-25T08:42:25","modified_gmt":"2022-06-25T06:42:25","slug":"do-medytacji-z-kalwaryjskiego-wzgorza-poniedzialek-13-06-2022r","status":"publish","type":"post","link":"https:\/\/pakosc-kalwaria.franciszkanie.net\/index.php\/2022\/06\/13\/do-medytacji-z-kalwaryjskiego-wzgorza-poniedzialek-13-06-2022r\/","title":{"rendered":"Do medytacji z kalwaryjskiego Wzg\u00f3rza \u2013 poniedzia\u0142ek 13.06.2022r."},"content":{"rendered":"<p><strong><span style=\"color: #ff0000;\">Z kazania na kalwaryjskim Wzg\u00f3rzu \u2013 13.06.2022r. \u2013 \u015bwi\u0119to \u015bw. Antoniego z Padwy<\/span><br \/>\n<\/strong><\/p>\n<p><strong>\u015aw. Antoni wielki kaznodzieja i spowiednik<\/strong>.<br \/>\nWpatrujemy si\u0119 dzisiaj w wyj\u0105tkowego \u015bwi\u0119tego jakim jest \u015bw. Antoni z Padwy. By\u0142 franciszkaninem i kap\u0142anem \u00a0na wskro\u015b przepe\u0142nionym Duchem \u015awi\u0119tym. Nape\u0142niony \u00a0wspania\u0142ymi darami Ducha \u015awi\u0119tego, nie tylko przez swoje ziemskie \u017cycie, ale tak\u017ce po dzisiejsze czasy, jest wzorem ucznia Chrystusa, kt\u00f3rego mo\u017cna i warto na\u015bladowa\u0107. Trudno dzisiaj znale\u017a\u0107 ko\u015bci\u00f3\u0142 w kt\u00f3rym nie by\u0142oby figurki lub obrazu \u015bw. Antoniego. Jego kult rozwin\u0105\u0142 si\u0119 po ca\u0142ym \u015bwiecie. W odczucie wiernych, a przede wszystkim przez ludzi ubogich, \u015bw. Antoni jest uznawany za wielkiego Or\u0119downika u Boga, kt\u00f3ry zawsze jest gotowy do pomocy. \u015aw. Antoniego prosimy o pomoc, gdy co\u015b zgubimy, czy czego\u015b szukamy.<br \/>\nWiele cud\u00f3w sta\u0142o si\u0119 udzia\u0142em ludzi za jego ziemskiego \u017cycia, a tak\u017ce po jego \u015bmierci i tak jest do dzisiaj! Pracuj\u0105c swego czasu w Wejherowie, na kol\u0119dzie spotka\u0142em bezdzietne od wielu lat ma\u0142\u017ce\u0144stwo. Zach\u0119ci\u0142em ich do modlitwy o dar potomstwa przez wstawiennictwo \u015bw. Antoniego, patrona bezdzietnych ma\u0142\u017ce\u0144stw. Za dwa lata przyszli z radosn\u0105 wiadomo\u015bci\u0105, \u017ce w\u0142a\u015bnie urodzi\u0142o im si\u0119 dziecko, i jak sami powiedzieli \u2013 \u201edziecko od \u015bw. Antoniego\u201d!<br \/>\n\u015aw. Antoni zas\u0142yn\u0105\u0142 te\u017c z dzia\u0142alno\u015bci kaznodziejskiej. Jego kazania trafia\u0142y w serca ludzi i przyczynia\u0142y si\u0119 do ich nawr\u00f3cenia. Zdawa\u0142 sobie spraw\u0119, \u017ce s\u0142owa Chrystusa nie s\u0105 takie jak inne ludzkie s\u0142owa, poniewa\u017c one posiadaj\u0105 moc by przenika\u0107 ludzkie serca i umys\u0142y. Oddawa\u0142 si\u0119 cz\u0119sto studiowaniu Pisma \u015bwi\u0119tego i w\u0142a\u015bnie to przygotowanie pozwala\u0142o mu z wielk\u0105 energi\u0105 g\u0142osi\u0107 Dobr\u0105 Nowin\u0119 o zbawieniu. Ludzie czuli wewn\u0119trzn\u0105 potrzeb\u0119 s\u0142uchania go i nie byli w stanie oprze\u0107 si\u0119 duchowej sile jego s\u0142\u00f3w. Pielgrzymuj\u0105c od miasta do miasta g\u0142osi\u0142 czyst\u0105 nauk\u0119 Jezusa Chrystusa oraz wskazywa\u0142 na potrzeb\u0119 nawr\u00f3cenia i pokuty.<br \/>\nDzia\u0142alno\u015b\u0107 kaznodziejsk\u0105 \u0142\u0105czy\u0142 z pos\u0142ug\u0105 w konfesjonale. Z wielk\u0105 \u017carliwo\u015bci\u0105 wzywa\u0142 do przyst\u0119powania do Sakramentu Pokuty. Zdawa\u0142 sobie spraw\u0119, \u017ce najpierw kaznodzieja sieje s\u0142owo Prawdy, wspieraj\u0105c je swoj\u0105 modlitw\u0105 i \u015bwiadectwem \u017cycia. Potem jako spowiednik zbiera \u017cniwo swojej pracy, gdy przyjmuje w konfesjonale ludzi szczerze \u017ca\u0142uj\u0105cych za swoje grzechy, kt\u00f3rym B\u00f3g w swoim mi\u0142osierdziu grzechy przebacza. \u015aw. Antoni g\u0142osz\u0105c kazania cz\u0119sto m\u00f3wi\u0142 w nich o Spowiedzi \u015bwi\u0119tej. By\u0142 te\u017c bardzo gorliwy w s\u0142uchaniu Spowiedzi \u015bwi\u0119tej. Mo\u017cna przeczyta\u0107 w jego \u017cyciorysie, \u017ce \u201ebywa\u0142o i\u017c spowiada\u0142 ca\u0142e dnie bez przerwy, a\u017c do zachodu s\u0142o\u0144ca, nie przyjmuj\u0105c\u00a0 \u017cadnego pokarmu\u201d. Wiemy te\u017c, \u017ce \u201edoprowadzi\u0142 do spowiedzi tak wielk\u0105 ilo\u015b\u0107 m\u0119\u017cczyzn i kobiet, \u017ce nie wystarczy\u0142o do ich wys\u0142uchania wsp\u00f3\u0142braci zakonnych, ani innych kap\u0142an\u00f3w, kt\u00f3rych niema\u0142y zast\u0119p mu towarzyszy\u0142\u201d. Dla \u015bw. Antoniego Spowied\u017a \u015bwi\u0119ta by\u0142a \u201edomem Bo\u017cym\u201d i \u201ebram\u0105 Raju\u201d.<br \/>\n\u015aw. Jan Pawe\u0142 II w homilii wyg\u0142oszonej w Bazylice \u015bw. Antoniego w Padwie 12 wrze\u015bnia 1982r., na zako\u0144czenie obchod\u00f3w 750.lecia \u015bmierci \u015bw. Antoniego powiedzia\u0142 m.in. \u201ePrzepowiadanie i Pokuta: oto dwa wielkie poj\u0119cia o pod\u0142o\u017cu czysto ewangelicznym; przepe\u0142nione \u015bwiat\u0142em \u015bw. Antoniego, staj\u0105 &#8230; jako w pe\u0142ni aktualne dzi\u015b i pilnie potrzebne w naszych czasach, tak niepodobnych przecie\u017c do czas\u00f3w \u015bw. Antoniego. Czasy si\u0119 zmieniaj\u0105; tak\u017ce metody i formy dzia\u0142alno\u015bci pasterskiej mog\u0105 si\u0119 zmienia\u0107 \u2013 i rzeczywi\u015bcie zmieniaj\u0105 si\u0119 zgodnie z m\u0105drymi wskazaniami Ko\u015bcio\u0142a \u2013 lecz ich podstawowe zasady, a przede wszystkim porz\u0105dek sakramentalny, pozostaj\u0105 niezmienione, jak niezmienione pozostaj\u0105 natura i problemy cz\u0142owieka\u2026 wystawionego na dramatyczn\u0105 mo\u017cliwo\u015b\u0107 grzechu. Oznacza to, \u017ce i dzisiejszemu cz\u0142owiekowi trzeba g\u0142osi\u0107 niezmienion\u0105 w tre\u015bci kerygm\u0119 zbawienia (przepowiadanie); a tak\u017ce cz\u0142owiekowi grzesznemu trzeba dzi\u015b ofiarowa\u0107 sakrament Pojednania (pokuta)\u2026 i doda\u0142: \u201ezastan\u00f3wcie si\u0119 nad niewyra\u017calnym darem Pojednania; wzywam kap\u0142an\u00f3w, by byli zawsze \u017carliwi w wype\u0142nianiu pos\u0142ugi jednania; podobnie wzywam wiernych, by byli zawsze gotowi i ulegli: pojednajcie si\u0119 z Bogiem\u201d.<br \/>\n(o.R.)<\/p>\n","protected":false},"excerpt":{"rendered":"<p>Z kazania na kalwaryjskim Wzg\u00f3rzu \u2013 13.06.2022r. \u2013 \u015bwi\u0119to \u015bw. Antoniego z Padwy \u015aw. Antoni wielki kaznodzieja i spowiednik. Wpatrujemy si\u0119 dzisiaj w wyj\u0105tkowego \u015bwi\u0119tego jakim jest \u015bw. Antoni z Padwy. By\u0142 franciszkaninem i kap\u0142anem \u00a0na wskro\u015b przepe\u0142nionym Duchem \u015awi\u0119tym. Nape\u0142niony \u00a0wspania\u0142ymi darami Ducha \u015awi\u0119tego, nie tylko przez swoje ziemskie \u017cycie, ale tak\u017ce po dzisiejsze &hellip;<\/p>\n","protected":false},"author":2,"featured_media":23665,"comment_status":"closed","ping_status":"closed","sticky":false,"template":"","format":"standard","meta":{"_mi_skip_tracking":false,"_exactmetrics_sitenote_active":false,"_exactmetrics_sitenote_note":"","_exactmetrics_sitenote_category":0},"categories":[14],"tags":[],"yoast_head":"<!-- This site is optimized with the Yoast SEO plugin v18.1 - https:\/\/yoast.com\/wordpress\/plugins\/seo\/ -->\n<title>Do medytacji z kalwaryjskiego Wzg\u00f3rza \u2013 poniedzia\u0142ek 13.06.2022r. - Pako\u015b\u0107 \u2013 Kalwaria<\/title>\n<meta name=\"robots\" content=\"index, follow, max-snippet:-1, max-image-preview:large, max-video-preview:-1\" \/>\n<link rel=\"canonical\" href=\"https:\/\/pakosc-kalwaria.franciszkanie.net\/index.php\/2022\/06\/13\/do-medytacji-z-kalwaryjskiego-wzgorza-poniedzialek-13-06-2022r\/\" \/>\n<meta property=\"og:locale\" content=\"pl_PL\" \/>\n<meta property=\"og:type\" content=\"article\" \/>\n<meta property=\"og:title\" content=\"Do medytacji z kalwaryjskiego Wzg\u00f3rza \u2013 poniedzia\u0142ek 13.06.2022r. - Pako\u015b\u0107 \u2013 Kalwaria\" \/>\n<meta property=\"og:description\" content=\"Z kazania na kalwaryjskim Wzg\u00f3rzu \u2013 13.06.2022r. \u2013 \u015bwi\u0119to \u015bw. Antoniego z Padwy \u015aw. Antoni wielki kaznodzieja i spowiednik. Wpatrujemy si\u0119 dzisiaj w wyj\u0105tkowego \u015bwi\u0119tego jakim jest \u015bw. Antoni z Padwy. By\u0142 franciszkaninem i kap\u0142anem \u00a0na wskro\u015b przepe\u0142nionym Duchem \u015awi\u0119tym. Nape\u0142niony \u00a0wspania\u0142ymi darami Ducha \u015awi\u0119tego, nie tylko przez swoje ziemskie \u017cycie, ale tak\u017ce po dzisiejsze &hellip;\" \/>\n<meta property=\"og:url\" content=\"https:\/\/pakosc-kalwaria.franciszkanie.net\/index.php\/2022\/06\/13\/do-medytacji-z-kalwaryjskiego-wzgorza-poniedzialek-13-06-2022r\/\" \/>\n<meta property=\"og:site_name\" content=\"Pako\u015b\u0107 \u2013 Kalwaria\" \/>\n<meta property=\"article:author\" content=\"https:\/\/www.facebook.com\/KalwariaPakosc\/\" \/>\n<meta property=\"article:published_time\" content=\"2022-06-13T16:00:19+00:00\" \/>\n<meta property=\"article:modified_time\" content=\"2022-06-25T06:42:25+00:00\" \/>\n<meta property=\"og:image\" content=\"https:\/\/pakosc-kalwaria.franciszkanie.net\/wp-content\/uploads\/2022\/06\/sw.-Anoni-2.jpg\" \/>\n\t<meta property=\"og:image:width\" content=\"350\" \/>\n\t<meta property=\"og:image:height\" content=\"276\" \/>\n\t<meta property=\"og:image:type\" content=\"image\/jpeg\" \/>\n<meta name=\"twitter:card\" content=\"summary\" \/>\n<meta name=\"twitter:label1\" content=\"Napisane przez\" \/>\n\t<meta name=\"twitter:data1\" content=\"pakosc-kalwaria\" \/>\n\t<meta name=\"twitter:label2\" content=\"Szacowany czas czytania\" \/>\n\t<meta name=\"twitter:data2\" content=\"4 minuty\" \/>\n<script type=\"application\/ld+json\" class=\"yoast-schema-graph\">{\"@context\":\"https:\/\/schema.org\",\"@graph\":[{\"@type\":\"WebSite\",\"@id\":\"https:\/\/pakosc-kalwaria.franciszkanie.net\/#website\",\"url\":\"https:\/\/pakosc-kalwaria.franciszkanie.net\/\",\"name\":\"Pako\u015b\u0107 \u2013 Kalwaria\",\"description\":\"Parafia Rzymsko \u2013 Katolicka p.w. Pana Jezusa Ukrzy\u017cowanego i  Matki Bo\u017cej Bolesnej ul. Barci\u0144ska 60, 88\u2013170 Pako\u015b\u0107 \u2013 Kalwaria\",\"potentialAction\":[{\"@type\":\"SearchAction\",\"target\":{\"@type\":\"EntryPoint\",\"urlTemplate\":\"https:\/\/pakosc-kalwaria.franciszkanie.net\/?s={search_term_string}\"},\"query-input\":\"required name=search_term_string\"}],\"inLanguage\":\"pl-PL\"},{\"@type\":\"ImageObject\",\"@id\":\"https:\/\/pakosc-kalwaria.franciszkanie.net\/index.php\/2022\/06\/13\/do-medytacji-z-kalwaryjskiego-wzgorza-poniedzialek-13-06-2022r\/#primaryimage\",\"inLanguage\":\"pl-PL\",\"url\":\"https:\/\/pakosc-kalwaria.franciszkanie.net\/wp-content\/uploads\/2022\/06\/sw.-Anoni-2.jpg\",\"contentUrl\":\"https:\/\/pakosc-kalwaria.franciszkanie.net\/wp-content\/uploads\/2022\/06\/sw.-Anoni-2.jpg\",\"width\":350,\"height\":276},{\"@type\":\"WebPage\",\"@id\":\"https:\/\/pakosc-kalwaria.franciszkanie.net\/index.php\/2022\/06\/13\/do-medytacji-z-kalwaryjskiego-wzgorza-poniedzialek-13-06-2022r\/#webpage\",\"url\":\"https:\/\/pakosc-kalwaria.franciszkanie.net\/index.php\/2022\/06\/13\/do-medytacji-z-kalwaryjskiego-wzgorza-poniedzialek-13-06-2022r\/\",\"name\":\"Do medytacji z kalwaryjskiego Wzg\u00f3rza \u2013 poniedzia\u0142ek 13.06.2022r. - Pako\u015b\u0107 \u2013 Kalwaria\",\"isPartOf\":{\"@id\":\"https:\/\/pakosc-kalwaria.franciszkanie.net\/#website\"},\"primaryImageOfPage\":{\"@id\":\"https:\/\/pakosc-kalwaria.franciszkanie.net\/index.php\/2022\/06\/13\/do-medytacji-z-kalwaryjskiego-wzgorza-poniedzialek-13-06-2022r\/#primaryimage\"},\"datePublished\":\"2022-06-13T16:00:19+00:00\",\"dateModified\":\"2022-06-25T06:42:25+00:00\",\"author\":{\"@id\":\"https:\/\/pakosc-kalwaria.franciszkanie.net\/#\/schema\/person\/af10b943be0760709227d060eadcb2aa\"},\"breadcrumb\":{\"@id\":\"https:\/\/pakosc-kalwaria.franciszkanie.net\/index.php\/2022\/06\/13\/do-medytacji-z-kalwaryjskiego-wzgorza-poniedzialek-13-06-2022r\/#breadcrumb\"},\"inLanguage\":\"pl-PL\",\"potentialAction\":[{\"@type\":\"ReadAction\",\"target\":[\"https:\/\/pakosc-kalwaria.franciszkanie.net\/index.php\/2022\/06\/13\/do-medytacji-z-kalwaryjskiego-wzgorza-poniedzialek-13-06-2022r\/\"]}]},{\"@type\":\"BreadcrumbList\",\"@id\":\"https:\/\/pakosc-kalwaria.franciszkanie.net\/index.php\/2022\/06\/13\/do-medytacji-z-kalwaryjskiego-wzgorza-poniedzialek-13-06-2022r\/#breadcrumb\",\"itemListElement\":[{\"@type\":\"ListItem\",\"position\":1,\"name\":\"Strona g\u0142\u00f3wna\",\"item\":\"https:\/\/pakosc-kalwaria.franciszkanie.net\/\"},{\"@type\":\"ListItem\",\"position\":2,\"name\":\"Do medytacji z kalwaryjskiego Wzg\u00f3rza \u2013 poniedzia\u0142ek 13.06.2022r.\"}]},{\"@type\":\"Person\",\"@id\":\"https:\/\/pakosc-kalwaria.franciszkanie.net\/#\/schema\/person\/af10b943be0760709227d060eadcb2aa\",\"name\":\"pakosc-kalwaria\",\"image\":{\"@type\":\"ImageObject\",\"@id\":\"https:\/\/pakosc-kalwaria.franciszkanie.net\/#personlogo\",\"inLanguage\":\"pl-PL\",\"url\":\"https:\/\/secure.gravatar.com\/avatar\/e7049d338b55eac6a0027ff3218b8d02?s=96&d=mm&r=g\",\"contentUrl\":\"https:\/\/secure.gravatar.com\/avatar\/e7049d338b55eac6a0027ff3218b8d02?s=96&d=mm&r=g\",\"caption\":\"pakosc-kalwaria\"},\"sameAs\":[\"https:\/\/www.facebook.com\/KalwariaPakosc\/\"],\"url\":\"https:\/\/pakosc-kalwaria.franciszkanie.net\/index.php\/author\/pakosc-kalwaria\/\"}]}<\/script>\n<!-- \/ Yoast SEO plugin. -->","yoast_head_json":{"title":"Do medytacji z kalwaryjskiego Wzg\u00f3rza \u2013 poniedzia\u0142ek 13.06.2022r. - Pako\u015b\u0107 \u2013 Kalwaria","robots":{"index":"index","follow":"follow","max-snippet":"max-snippet:-1","max-image-preview":"max-image-preview:large","max-video-preview":"max-video-preview:-1"},"canonical":"https:\/\/pakosc-kalwaria.franciszkanie.net\/index.php\/2022\/06\/13\/do-medytacji-z-kalwaryjskiego-wzgorza-poniedzialek-13-06-2022r\/","og_locale":"pl_PL","og_type":"article","og_title":"Do medytacji z kalwaryjskiego Wzg\u00f3rza \u2013 poniedzia\u0142ek 13.06.2022r. - Pako\u015b\u0107 \u2013 Kalwaria","og_description":"Z kazania na kalwaryjskim Wzg\u00f3rzu \u2013 13.06.2022r. \u2013 \u015bwi\u0119to \u015bw. Antoniego z Padwy \u015aw. Antoni wielki kaznodzieja i spowiednik. Wpatrujemy si\u0119 dzisiaj w wyj\u0105tkowego \u015bwi\u0119tego jakim jest \u015bw. Antoni z Padwy. By\u0142 franciszkaninem i kap\u0142anem \u00a0na wskro\u015b przepe\u0142nionym Duchem \u015awi\u0119tym. Nape\u0142niony \u00a0wspania\u0142ymi darami Ducha \u015awi\u0119tego, nie tylko przez swoje ziemskie \u017cycie, ale tak\u017ce po dzisiejsze &hellip;","og_url":"https:\/\/pakosc-kalwaria.franciszkanie.net\/index.php\/2022\/06\/13\/do-medytacji-z-kalwaryjskiego-wzgorza-poniedzialek-13-06-2022r\/","og_site_name":"Pako\u015b\u0107 \u2013 Kalwaria","article_author":"https:\/\/www.facebook.com\/KalwariaPakosc\/","article_published_time":"2022-06-13T16:00:19+00:00","article_modified_time":"2022-06-25T06:42:25+00:00","og_image":[{"width":350,"height":276,"url":"https:\/\/pakosc-kalwaria.franciszkanie.net\/wp-content\/uploads\/2022\/06\/sw.-Anoni-2.jpg","type":"image\/jpeg"}],"twitter_card":"summary","twitter_misc":{"Napisane przez":"pakosc-kalwaria","Szacowany czas czytania":"4 minuty"},"schema":{"@context":"https:\/\/schema.org","@graph":[{"@type":"WebSite","@id":"https:\/\/pakosc-kalwaria.franciszkanie.net\/#website","url":"https:\/\/pakosc-kalwaria.franciszkanie.net\/","name":"Pako\u015b\u0107 \u2013 Kalwaria","description":"Parafia Rzymsko \u2013 Katolicka p.w. Pana Jezusa Ukrzy\u017cowanego i  Matki Bo\u017cej Bolesnej ul. Barci\u0144ska 60, 88\u2013170 Pako\u015b\u0107 \u2013 Kalwaria","potentialAction":[{"@type":"SearchAction","target":{"@type":"EntryPoint","urlTemplate":"https:\/\/pakosc-kalwaria.franciszkanie.net\/?s={search_term_string}"},"query-input":"required name=search_term_string"}],"inLanguage":"pl-PL"},{"@type":"ImageObject","@id":"https:\/\/pakosc-kalwaria.franciszkanie.net\/index.php\/2022\/06\/13\/do-medytacji-z-kalwaryjskiego-wzgorza-poniedzialek-13-06-2022r\/#primaryimage","inLanguage":"pl-PL","url":"https:\/\/pakosc-kalwaria.franciszkanie.net\/wp-content\/uploads\/2022\/06\/sw.-Anoni-2.jpg","contentUrl":"https:\/\/pakosc-kalwaria.franciszkanie.net\/wp-content\/uploads\/2022\/06\/sw.-Anoni-2.jpg","width":350,"height":276},{"@type":"WebPage","@id":"https:\/\/pakosc-kalwaria.franciszkanie.net\/index.php\/2022\/06\/13\/do-medytacji-z-kalwaryjskiego-wzgorza-poniedzialek-13-06-2022r\/#webpage","url":"https:\/\/pakosc-kalwaria.franciszkanie.net\/index.php\/2022\/06\/13\/do-medytacji-z-kalwaryjskiego-wzgorza-poniedzialek-13-06-2022r\/","name":"Do medytacji z kalwaryjskiego Wzg\u00f3rza \u2013 poniedzia\u0142ek 13.06.2022r. - Pako\u015b\u0107 \u2013 Kalwaria","isPartOf":{"@id":"https:\/\/pakosc-kalwaria.franciszkanie.net\/#website"},"primaryImageOfPage":{"@id":"https:\/\/pakosc-kalwaria.franciszkanie.net\/index.php\/2022\/06\/13\/do-medytacji-z-kalwaryjskiego-wzgorza-poniedzialek-13-06-2022r\/#primaryimage"},"datePublished":"2022-06-13T16:00:19+00:00","dateModified":"2022-06-25T06:42:25+00:00","author":{"@id":"https:\/\/pakosc-kalwaria.franciszkanie.net\/#\/schema\/person\/af10b943be0760709227d060eadcb2aa"},"breadcrumb":{"@id":"https:\/\/pakosc-kalwaria.franciszkanie.net\/index.php\/2022\/06\/13\/do-medytacji-z-kalwaryjskiego-wzgorza-poniedzialek-13-06-2022r\/#breadcrumb"},"inLanguage":"pl-PL","potentialAction":[{"@type":"ReadAction","target":["https:\/\/pakosc-kalwaria.franciszkanie.net\/index.php\/2022\/06\/13\/do-medytacji-z-kalwaryjskiego-wzgorza-poniedzialek-13-06-2022r\/"]}]},{"@type":"BreadcrumbList","@id":"https:\/\/pakosc-kalwaria.franciszkanie.net\/index.php\/2022\/06\/13\/do-medytacji-z-kalwaryjskiego-wzgorza-poniedzialek-13-06-2022r\/#breadcrumb","itemListElement":[{"@type":"ListItem","position":1,"name":"Strona g\u0142\u00f3wna","item":"https:\/\/pakosc-kalwaria.franciszkanie.net\/"},{"@type":"ListItem","position":2,"name":"Do medytacji z kalwaryjskiego Wzg\u00f3rza \u2013 poniedzia\u0142ek 13.06.2022r."}]},{"@type":"Person","@id":"https:\/\/pakosc-kalwaria.franciszkanie.net\/#\/schema\/person\/af10b943be0760709227d060eadcb2aa","name":"pakosc-kalwaria","image":{"@type":"ImageObject","@id":"https:\/\/pakosc-kalwaria.franciszkanie.net\/#personlogo","inLanguage":"pl-PL","url":"https:\/\/secure.gravatar.com\/avatar\/e7049d338b55eac6a0027ff3218b8d02?s=96&d=mm&r=g","contentUrl":"https:\/\/secure.gravatar.com\/avatar\/e7049d338b55eac6a0027ff3218b8d02?s=96&d=mm&r=g","caption":"pakosc-kalwaria"},"sameAs":["https:\/\/www.facebook.com\/KalwariaPakosc\/"],"url":"https:\/\/pakosc-kalwaria.franciszkanie.net\/index.php\/author\/pakosc-kalwaria\/"}]}},"_links":{"self":[{"href":"https:\/\/pakosc-kalwaria.franciszkanie.net\/index.php\/wp-json\/wp\/v2\/posts\/23663"}],"collection":[{"href":"https:\/\/pakosc-kalwaria.franciszkanie.net\/index.php\/wp-json\/wp\/v2\/posts"}],"about":[{"href":"https:\/\/pakosc-kalwaria.franciszkanie.net\/index.php\/wp-json\/wp\/v2\/types\/post"}],"author":[{"embeddable":true,"href":"https:\/\/pakosc-kalwaria.franciszkanie.net\/index.php\/wp-json\/wp\/v2\/users\/2"}],"replies":[{"embeddable":true,"href":"https:\/\/pakosc-kalwaria.franciszkanie.net\/index.php\/wp-json\/wp\/v2\/comments?post=23663"}],"version-history":[{"count":3,"href":"https:\/\/pakosc-kalwaria.franciszkanie.net\/index.php\/wp-json\/wp\/v2\/posts\/23663\/revisions"}],"predecessor-version":[{"id":23676,"href":"https:\/\/pakosc-kalwaria.franciszkanie.net\/index.php\/wp-json\/wp\/v2\/posts\/23663\/revisions\/23676"}],"wp:featuredmedia":[{"embeddable":true,"href":"https:\/\/pakosc-kalwaria.franciszkanie.net\/index.php\/wp-json\/wp\/v2\/media\/23665"}],"wp:attachment":[{"href":"https:\/\/pakosc-kalwaria.franciszkanie.net\/index.php\/wp-json\/wp\/v2\/media?parent=23663"}],"wp:term":[{"taxonomy":"category","embeddable":true,"href":"https:\/\/pakosc-kalwaria.franciszkanie.net\/index.php\/wp-json\/wp\/v2\/categories?post=23663"},{"taxonomy":"post_tag","embeddable":true,"href":"https:\/\/pakosc-kalwaria.franciszkanie.net\/index.php\/wp-json\/wp\/v2\/tags?post=23663"}],"curies":[{"name":"wp","href":"https:\/\/api.w.org\/{rel}","templated":true}]}}