{"id":23683,"date":"2022-06-16T12:00:56","date_gmt":"2022-06-16T10:00:56","guid":{"rendered":"http:\/\/pakosc-kalwaria.franciszkanie.net\/?p=23683"},"modified":"2022-06-15T19:29:46","modified_gmt":"2022-06-15T17:29:46","slug":"do-medytacji-z-kalwaryjskiego-wzgorza-czwartek-16-06-2022r","status":"publish","type":"post","link":"https:\/\/pakosc-kalwaria.franciszkanie.net\/index.php\/2022\/06\/16\/do-medytacji-z-kalwaryjskiego-wzgorza-czwartek-16-06-2022r\/","title":{"rendered":"Do medytacji z kalwaryjskiego Wzg\u00f3rza \u2013 czwartek 16.06.2022r."},"content":{"rendered":"<p><strong><span style=\"color: #ff0000;\">Z liturgii uroczysto\u015bci Naj\u015bwi\u0119tszego Cia\u0142a i Krwi Chrystusa\u00a0 \u2013 16.06.2022r.<\/span><\/strong><\/p>\n<p><strong><span style=\"color: #ff0000;\">1. czytanie<\/span><\/strong> (Rdz 14, 18-20) <em>Ofiara Melchizedeka<br \/>\n<\/em><strong>Czytanie z Ksi\u0119gi Rodzaju<br \/>\n<\/strong>Melchizedek, kr\u00f3l Szalemu, wyni\u00f3s\u0142 chleb i wino; a poniewa\u017c by\u0142 on kap\u0142anem Boga Najwy\u017cszego, b\u0142ogos\u0142awi\u0142 Abrama, m\u00f3wi\u0105c: \u00abNiech b\u0119dzie b\u0142ogos\u0142awiony Abram przez Boga Najwy\u017cszego, Stw\u00f3rc\u0119 nieba i ziemi! Niech b\u0119dzie b\u0142ogos\u0142awiony B\u00f3g Najwy\u017cszy, kt\u00f3ry w twe r\u0119ce wyda\u0142 twoich wrog\u00f3w!\u00bb Abram da\u0142 mu dziesi\u0105t\u0105 cz\u0119\u015b\u0107 ze wszystkiego. Oto S\u0142owo Bo\u017ce.<\/p>\n<p><span style=\"color: #ff0000;\"><strong>Psalm<\/strong><\/span> (Ps 110 (109), 1b-2. 3-4 (R.: por. 4b))<br \/>\n<strong>Jeste\u015b kap\u0142anem, tak jak Melchizedek<\/strong><em><br \/>\n<\/em>Rzek\u0142 Pan do Pana mego: \u00abSi\u0105d\u017a po mojej prawicy, *<br \/>\na\u017c uczyni\u0119 Twych wrog\u00f3w podn\u00f3\u017ckiem st\u00f3p Twoich\u00bb.<br \/>\nPan rozci\u0105gnie moc Twego ber\u0142a z Syjonu: *<br \/>\n\u00abPanuj w\u015br\u00f3d swych nieprzyjaci\u00f3\u0142!<\/p>\n<div id=\"elementyTabContent0\" class=\"tab-content liturgia-content\">\n<div id=\"tabnowy0all\" class=\"tab-pane fade active in\">\n<p><strong>Jeste\u015b kap\u0142anem, tak jak Melchizedek<br \/>\n<\/strong>Przy Tobie panowanie w dniu Twego triumfu, \u2020<br \/>\nw blasku \u015bwi\u0119to\u015bci, *<br \/>\nz \u0142ona jutrzenki zrodzi\u0142em Ci\u0119 jak ros\u0119\u00bb.<br \/>\nPan przysi\u0105g\u0142 i tego nie odwo\u0142a: *<br \/>\n\u00abTy jeste\u015b kap\u0142anem na wieki na wz\u00f3r Melchizedeka\u00bb.<br \/>\n<strong>Jeste\u015b kap\u0142anem, tak jak Melchizedek<\/strong><\/p>\n<p><strong><span style=\"color: #ff0000;\">2. czytanie<\/span><\/strong> (1 Kor 11, 23-26) <em>Ilekro\u0107 spo\u017cywacie ten chleb i pijecie kielich, \u015bmier\u0107 Pana g\u0142osicie<br \/>\n<\/em><strong>Czytanie z Pierwszego Listu \u015awi\u0119tego Paw\u0142a Aposto\u0142a do Koryntian<br \/>\n<\/strong>Bracia: Ja otrzyma\u0142em od Pana to, co wam przekaza\u0142em, \u017ce Pan Jezus tej nocy, kt\u00f3rej zosta\u0142 wydany, wzi\u0105\u0142 chleb i dzi\u0119ki uczyniwszy, po\u0142ama\u0142 i rzek\u0142: \u00abTo jest Cia\u0142o moje za was wydane. Czy\u0144cie to na moj\u0105 pami\u0105tk\u0119!\u00bb Podobnie, sko\u0144czywszy wieczerz\u0119, wzi\u0105\u0142 kielich, m\u00f3wi\u0105c: \u00abKielich ten jest Nowym Przymierzem we Krwi mojej. Czy\u0144cie to, ile razy pi\u0107 b\u0119dziecie, na moj\u0105 pami\u0105tk\u0119!\u00bb Ilekro\u0107 bowiem spo\u017cywacie ten chleb i pijecie kielich, \u015bmier\u0107 Pana g\u0142osicie, a\u017c przyjdzie. Oto S\u0142owo Bo\u017ce.<\/p>\n<p><span style=\"color: #ff0000;\"><strong>Aklamacja<\/strong> <\/span>(J 6, 51ab)<br \/>\n<strong>Alleluja, alleluja, alleluja<br \/>\n<\/strong>Ja jestem chlebem \u017cywym, kt\u00f3ry zst\u0105pi\u0142 z nieba.<br \/>\nJe\u015bli kto\u015b spo\u017cywa ten chleb, b\u0119dzie \u017cy\u0142 na wieki.<br \/>\n<strong>Alleluja, alleluja, alleluja<\/strong><\/p>\n<p><span style=\"color: #ff0000;\"><strong>Ewangelia <\/strong><\/span>(\u0141k 9, 11b-17) <em>Rozmno\u017cenie chleba<br \/>\n<\/em><strong>S\u0142owa Ewangelii wed\u0142ug \u015awi\u0119tego \u0141ukasza<br \/>\n<\/strong>Jezus m\u00f3wi\u0142 t\u0142umom o kr\u00f3lestwie Bo\u017cym, a tych, kt\u00f3rzy leczenia potrzebowali, uzdrawia\u0142. Dzie\u0144 pocz\u0105\u0142 si\u0119 chyli\u0107 ku wieczorowi. Wtedy przyst\u0105pi\u0142o do Niego Dwunastu, m\u00f3wi\u0105c: \u00abOdpraw t\u0142um; niech id\u0105 do okolicznych wsi i zagr\u00f3d, gdzie mogliby si\u0119 zatrzyma\u0107 i znale\u017a\u0107 \u017cywno\u015b\u0107, bo jeste\u015bmy tu na pustkowiu\u00bb. Lecz On rzek\u0142 do nich: \u00abWy dajcie im je\u015b\u0107!\u00bb Oni za\u015b powiedzieli: \u00abMamy tylko pi\u0119\u0107 chleb\u00f3w i dwie ryby; chyba \u017ce p\u00f3jdziemy i zakupimy \u017cywno\u015bci dla wszystkich tych ludzi\u00bb. By\u0142o bowiem m\u0119\u017cczyzn oko\u0142o pi\u0119ciu tysi\u0119cy. Wtedy rzek\u0142 do swych uczni\u00f3w: \u00abKa\u017ccie im rozsi\u0105\u015b\u0107 si\u0119 gromadami, mniej wi\u0119cej po pi\u0119\u0107dziesi\u0119ciu\u00bb. Uczynili tak i porozsadzali wszystkich. A On wzi\u0105\u0142 te pi\u0119\u0107 chleb\u00f3w i dwie ryby, spojrza\u0142 w niebo i odm\u00f3wiwszy nad nimi b\u0142ogos\u0142awie\u0144stwo, po\u0142ama\u0142 i dawa\u0142 uczniom, by podawali t\u0142umowi. Jedli i nasycili si\u0119 wszyscy, a zebrano jeszcze z tego, co im zosta\u0142o, dwana\u015bcie kosz\u00f3w u\u0142omk\u00f3w. Oto S\u0142owo Pa\u0144skie.<\/p>\n<p><strong><span style=\"color: #ff0000;\">Z kazania na kalwaryjskim Wzg\u00f3rzu \u2013 16.06.2022r.<\/span><br \/>\nEucharystia cudem nad cudami!<br \/>\n<\/strong>Prze\u017cywamy dzisiaj uroczysto\u015b\u0107 Naj\u015bwi\u0119tszego Cia\u0142a\u00a0 i Naj\u015bwi\u0119tszej Krwi Chrystusa. Dwa tysi\u0105ce lat temu Pan Jezus powiedzia\u0142 w przepi\u0119knej mowie eucharystycznej, \u017ce jest Chlebem \u017cywym, kt\u00f3ry zst\u0105pi\u0142 z Nieba. I je\u015bli kto\u015b ten Chleb b\u0119dzie spo\u017cywa\u0142, ten nie umrze, ale b\u0119dzie \u017cy\u0142 na wieki.<br \/>\nW naszych czasach codziennie i nieustannie gdzie\u015b\u00a0 w jakim\u015b zak\u0105tku \u015bwiata sprawowana jest Eucharystia. Chrystus mieszka w ka\u017cdym ko\u015bciele i w ka\u017cdej kaplicy gdzie przechowywany jest Naj\u015bwi\u0119tszy Sakrament. Gdyby tak mo\u017cna w jednej chwili zobaczy\u0107 wszystkie wieczne lampki \u015bwi\u0119c\u0105ce przy tabernakulach na ca\u0142ym \u015bwiecie, to by\u015bmy zobaczyli, i jeszcze bardziej sobie u\u015bwiadomili, jak obecno\u015b\u0107 Jezusa w Naj\u015bwi\u0119tszym Sakramencie oplata ca\u0142\u0105 kul\u0119 ziemsk\u0105. Widok by\u0142by niesamowity! Co bardzo te\u017c wa\u017cne, nieustannie na ca\u0142ym \u015bwiecie, kto\u015b przykl\u0119ka przed Naj\u015bwi\u0119tszym Sakramentem i adoruje obecnego w Nim \u017cywego Jezusa Chrystusa!<br \/>\nTo z Eucharystii przez wieki, ci kt\u00f3rych Ko\u015bci\u00f3\u0142 og\u0142osi\u0142 \u00a0\u015awi\u0119tymi i B\u0142ogos\u0142awionymi czerpali od Boga \u0142aski potrzebne do ich \u015bwi\u0119tego \u017cycia. Ale nie tylko oni. Przez wieki, tak\u017ce\u00a0 w rodzinach i parafiach, by\u0142o i jest wiele os\u00f3b, kt\u00f3re dzi\u0119ki Eucharystii prowadzili i prowadz\u0105 dobre chrze\u015bcija\u0144skie \u017cycie. To spotkanie z Jezusem na Mszy \u015bwi\u0119tej, czy na adoracji Naj\u015bwi\u0119tszego Sakramentu sprawia, \u017ce jeste\u015bmy w stanie us\u0142ysze\u0107 w swoim sercu i umy\u015ble g\u0142os samego Boga. To przyst\u0119puj\u0105c do Komunii \u015bwi\u0119tej i karmi\u0105c si\u0119 Cia\u0142em Pa\u0144skim, jeste\u015bmy w stanie odnale\u017a\u0107 w sobie wewn\u0119trzne si\u0142y, tak bardzo potrzebne do codziennego dobrego \u017cycia, do prze\u017cywania z wielkim po\u015bwi\u0119ceniem swojego \u017cyciowego powo\u0142ania. To pokarm, kt\u00f3ry pochodzi z Nieba daje \u0142aski \u00a0potrzebne do wykonywania codziennych obowi\u0105zk\u00f3w, daje si\u0142y do pracy, do nauki, a tak\u017ce do niesienia \u017cyciowego krzy\u017ca. To Eucharystia, jak uczy Jezus, zapewnia nam \u017cycie wieczne: \u201eKto spo\u017cywa moje Cia\u0142o i Krew moj\u0105 pije, ma \u017cycie wieczne, a Ja go wskrzesz\u0119 w dniu ostatecznym\u201d. To b\u0119d\u0105c blisko Jezusa Eucharystycznego jeste\u015bmy w stanie zrozumie\u0107 i kocha\u0107 drugiego cz\u0142owieka, kt\u00f3rego B\u00f3g stawia na drogach naszego \u017cycia. To dzi\u0119ki Eucharystii m\u0105\u017c lepiej rozumie \u017con\u0119, a \u017cona m\u0119\u017ca. To dzi\u0119ki Eucharystii rodzice s\u0105 w stanie cierpliw\u0105 mi\u0142o\u015bci\u0105 kocha\u0107 swoje dzieci, a dzieci swoich rodzic\u00f3w.<br \/>\nTo nie jest tak, jak my\u015bl\u0105 niekt\u00f3rzy, \u017ce je\u015bli nie przyjd\u0105 na niedzieln\u0105 Eucharysti\u0119, to nic si\u0119 nie stanie. To nie tak, \u017ce nic si\u0119 nie stanie! Cz\u0142owiek kt\u00f3ry przez Sakrament Chrztu \u015bwi\u0119tego zwi\u0105za\u0142 swoje \u017cycie z Chrystusem i z Jego Ko\u015bcio\u0142em, gdy opuszcza Msz\u0119 \u015bwi\u0119t\u0105 z w\u0142asnej winy, gdy przestaje mu zale\u017ce\u0107 na Komunii \u015bwi\u0119tej, to za ka\u017cdym razem traci bezpowrotnie okazj\u0119 do spotkania z Jezusem Chrystusem, kt\u00f3ry nas bardzo kocha, kt\u00f3remu bardzo na nas zale\u017cy, kt\u00f3remu nie jest oboj\u0119tny nasz los, nasze ludzkie biedy, nadzieje, smutki i t\u0119sknoty, kt\u00f3ry chce i mo\u017ce pom\u00f3c nam w codziennym \u017cyciu, kt\u00f3ry jedyny mo\u017ce pom\u00f3c naszej nie\u015bmiertelnej duszy i mo\u017ce te\u017c nam zapewni\u0107 \u017cycie wieczne w Niebie! Ka\u017cde opuszczenie Mszy \u015bwi\u0119tej i nie przyst\u0119powanie do Komunii \u015bwi\u0119tej to utrata kolejnych \u0142ask, kt\u00f3rymi B\u00f3g pragnie cz\u0142owieka nieustannie obdarza\u0107! To od tego jak szeroko otworzymy nasze serca i umys\u0142y na Bo\u017ce dary i \u0142aski p\u0142yn\u0105ce z Eucharystii, zale\u017cy nasze dobre \u017cycie i nasza \u015bwi\u0119to\u015b\u0107!<br \/>\nNiech ta uroczysto\u015b\u0107 Bo\u017cego Cia\u0142a umocni nasz\u0105 wiar\u0119 w Chrystusa obecnego w Naj\u015bwi\u0119tszym Sakramencie. Niech ka\u017cdy udzia\u0142 we Mszy \u015bwi\u0119tej i przyj\u0119ta Komunia \u015bwi\u0119ta przemienia nasze \u017cycie, niech wlewa w nasze serca mi\u0142o\u015b\u0107, nadziej\u0119 i rado\u015b\u0107. Uwierzmy w wielk\u0105 si\u0142\u0119 Sakramentu Eucharystii! Nie przechod\u017amy nigdy, podkre\u015blam nigdy(!), oboj\u0119tnie wobec Jezusa obecnego w Naj\u015bwi\u0119tszym Sakramencie! Jak najcz\u0119\u015bciej adorujmy Jezusa w obecnego w\u015br\u00f3d nas\u00a0 w \u015bwi\u0119tej Hostii!<br \/>\nWiele mo\u017ce si\u0119 zmieni\u0107 w naszym \u017cyciu, tak\u017ce w ma\u0142\u017ce\u0144stwach i w rodzinach, gdy z wiar\u0105 b\u0119dziemy korzystali z daru Eucharystii! \u201eEucharystia to cud na cudami\u201d! \u201eEucharystia to autostrada do Nieba\u201d! Eucharystia to objawienie\u00a0 wielkiej mi\u0142o\u015bci Boga do cz\u0142owieka! Pami\u0119tajmy wi\u0119c, \u017ce ka\u017cdy nasz udzia\u0142 we Mszy \u015bwi\u0119tej i ka\u017cde przyj\u0119cie Komunii \u015bwi\u0119tej jest po to, aby\u015bmy w mi\u0142o\u015bci zjednoczyli si\u0119 z Jezusem i aby\u015bmy na Jego pragnienie obecno\u015bci w nas odpowiedzieli ca\u0142\u0105 otwarto\u015bci\u0105 naszego serca. Amen.<br \/>\n(o.R.)<\/p>\n<\/div>\n<\/div>\n","protected":false},"excerpt":{"rendered":"<p>Z liturgii uroczysto\u015bci Naj\u015bwi\u0119tszego Cia\u0142a i Krwi Chrystusa\u00a0 \u2013 16.06.2022r. 1. czytanie (Rdz 14, 18-20) Ofiara Melchizedeka Czytanie z Ksi\u0119gi Rodzaju Melchizedek, kr\u00f3l Szalemu, wyni\u00f3s\u0142 chleb i wino; a poniewa\u017c by\u0142 on kap\u0142anem Boga Najwy\u017cszego, b\u0142ogos\u0142awi\u0142 Abrama, m\u00f3wi\u0105c: \u00abNiech b\u0119dzie b\u0142ogos\u0142awiony Abram przez Boga Najwy\u017cszego, Stw\u00f3rc\u0119 nieba i ziemi! Niech b\u0119dzie b\u0142ogos\u0142awiony B\u00f3g Najwy\u017cszy, kt\u00f3ry &hellip;<\/p>\n","protected":false},"author":2,"featured_media":23671,"comment_status":"closed","ping_status":"closed","sticky":false,"template":"","format":"standard","meta":{"_mi_skip_tracking":false,"_exactmetrics_sitenote_active":false,"_exactmetrics_sitenote_note":"","_exactmetrics_sitenote_category":0},"categories":[14],"tags":[],"yoast_head":"<!-- This site is optimized with the Yoast SEO plugin v18.1 - https:\/\/yoast.com\/wordpress\/plugins\/seo\/ -->\n<title>Do medytacji z kalwaryjskiego Wzg\u00f3rza \u2013 czwartek 16.06.2022r. - Pako\u015b\u0107 \u2013 Kalwaria<\/title>\n<meta name=\"robots\" content=\"index, follow, max-snippet:-1, max-image-preview:large, max-video-preview:-1\" \/>\n<link rel=\"canonical\" href=\"https:\/\/pakosc-kalwaria.franciszkanie.net\/index.php\/2022\/06\/16\/do-medytacji-z-kalwaryjskiego-wzgorza-czwartek-16-06-2022r\/\" \/>\n<meta property=\"og:locale\" content=\"pl_PL\" \/>\n<meta property=\"og:type\" content=\"article\" \/>\n<meta property=\"og:title\" content=\"Do medytacji z kalwaryjskiego Wzg\u00f3rza \u2013 czwartek 16.06.2022r. - Pako\u015b\u0107 \u2013 Kalwaria\" \/>\n<meta property=\"og:description\" content=\"Z liturgii uroczysto\u015bci Naj\u015bwi\u0119tszego Cia\u0142a i Krwi Chrystusa\u00a0 \u2013 16.06.2022r. 1. czytanie (Rdz 14, 18-20) Ofiara Melchizedeka Czytanie z Ksi\u0119gi Rodzaju Melchizedek, kr\u00f3l Szalemu, wyni\u00f3s\u0142 chleb i wino; a poniewa\u017c by\u0142 on kap\u0142anem Boga Najwy\u017cszego, b\u0142ogos\u0142awi\u0142 Abrama, m\u00f3wi\u0105c: \u00abNiech b\u0119dzie b\u0142ogos\u0142awiony Abram przez Boga Najwy\u017cszego, Stw\u00f3rc\u0119 nieba i ziemi! Niech b\u0119dzie b\u0142ogos\u0142awiony B\u00f3g Najwy\u017cszy, kt\u00f3ry &hellip;\" \/>\n<meta property=\"og:url\" content=\"https:\/\/pakosc-kalwaria.franciszkanie.net\/index.php\/2022\/06\/16\/do-medytacji-z-kalwaryjskiego-wzgorza-czwartek-16-06-2022r\/\" \/>\n<meta property=\"og:site_name\" content=\"Pako\u015b\u0107 \u2013 Kalwaria\" \/>\n<meta property=\"article:author\" content=\"https:\/\/www.facebook.com\/KalwariaPakosc\/\" \/>\n<meta property=\"article:published_time\" content=\"2022-06-16T10:00:56+00:00\" \/>\n<meta property=\"article:modified_time\" content=\"2022-06-15T17:29:46+00:00\" \/>\n<meta property=\"og:image\" content=\"https:\/\/pakosc-kalwaria.franciszkanie.net\/wp-content\/uploads\/2022\/06\/Oltarz-polowy-czerwiec-2022.jpg\" \/>\n\t<meta property=\"og:image:width\" content=\"350\" \/>\n\t<meta property=\"og:image:height\" content=\"197\" \/>\n\t<meta property=\"og:image:type\" content=\"image\/jpeg\" \/>\n<meta name=\"twitter:card\" content=\"summary\" \/>\n<meta name=\"twitter:label1\" content=\"Napisane przez\" \/>\n\t<meta name=\"twitter:data1\" content=\"pakosc-kalwaria\" \/>\n\t<meta name=\"twitter:label2\" content=\"Szacowany czas czytania\" \/>\n\t<meta name=\"twitter:data2\" content=\"7 minut\" \/>\n<script type=\"application\/ld+json\" class=\"yoast-schema-graph\">{\"@context\":\"https:\/\/schema.org\",\"@graph\":[{\"@type\":\"WebSite\",\"@id\":\"https:\/\/pakosc-kalwaria.franciszkanie.net\/#website\",\"url\":\"https:\/\/pakosc-kalwaria.franciszkanie.net\/\",\"name\":\"Pako\u015b\u0107 \u2013 Kalwaria\",\"description\":\"Parafia Rzymsko \u2013 Katolicka p.w. Pana Jezusa Ukrzy\u017cowanego i  Matki Bo\u017cej Bolesnej ul. Barci\u0144ska 60, 88\u2013170 Pako\u015b\u0107 \u2013 Kalwaria\",\"potentialAction\":[{\"@type\":\"SearchAction\",\"target\":{\"@type\":\"EntryPoint\",\"urlTemplate\":\"https:\/\/pakosc-kalwaria.franciszkanie.net\/?s={search_term_string}\"},\"query-input\":\"required name=search_term_string\"}],\"inLanguage\":\"pl-PL\"},{\"@type\":\"ImageObject\",\"@id\":\"https:\/\/pakosc-kalwaria.franciszkanie.net\/index.php\/2022\/06\/16\/do-medytacji-z-kalwaryjskiego-wzgorza-czwartek-16-06-2022r\/#primaryimage\",\"inLanguage\":\"pl-PL\",\"url\":\"https:\/\/pakosc-kalwaria.franciszkanie.net\/wp-content\/uploads\/2022\/06\/Oltarz-polowy-czerwiec-2022.jpg\",\"contentUrl\":\"https:\/\/pakosc-kalwaria.franciszkanie.net\/wp-content\/uploads\/2022\/06\/Oltarz-polowy-czerwiec-2022.jpg\",\"width\":350,\"height\":197},{\"@type\":\"WebPage\",\"@id\":\"https:\/\/pakosc-kalwaria.franciszkanie.net\/index.php\/2022\/06\/16\/do-medytacji-z-kalwaryjskiego-wzgorza-czwartek-16-06-2022r\/#webpage\",\"url\":\"https:\/\/pakosc-kalwaria.franciszkanie.net\/index.php\/2022\/06\/16\/do-medytacji-z-kalwaryjskiego-wzgorza-czwartek-16-06-2022r\/\",\"name\":\"Do medytacji z kalwaryjskiego Wzg\u00f3rza \u2013 czwartek 16.06.2022r. - Pako\u015b\u0107 \u2013 Kalwaria\",\"isPartOf\":{\"@id\":\"https:\/\/pakosc-kalwaria.franciszkanie.net\/#website\"},\"primaryImageOfPage\":{\"@id\":\"https:\/\/pakosc-kalwaria.franciszkanie.net\/index.php\/2022\/06\/16\/do-medytacji-z-kalwaryjskiego-wzgorza-czwartek-16-06-2022r\/#primaryimage\"},\"datePublished\":\"2022-06-16T10:00:56+00:00\",\"dateModified\":\"2022-06-15T17:29:46+00:00\",\"author\":{\"@id\":\"https:\/\/pakosc-kalwaria.franciszkanie.net\/#\/schema\/person\/af10b943be0760709227d060eadcb2aa\"},\"breadcrumb\":{\"@id\":\"https:\/\/pakosc-kalwaria.franciszkanie.net\/index.php\/2022\/06\/16\/do-medytacji-z-kalwaryjskiego-wzgorza-czwartek-16-06-2022r\/#breadcrumb\"},\"inLanguage\":\"pl-PL\",\"potentialAction\":[{\"@type\":\"ReadAction\",\"target\":[\"https:\/\/pakosc-kalwaria.franciszkanie.net\/index.php\/2022\/06\/16\/do-medytacji-z-kalwaryjskiego-wzgorza-czwartek-16-06-2022r\/\"]}]},{\"@type\":\"BreadcrumbList\",\"@id\":\"https:\/\/pakosc-kalwaria.franciszkanie.net\/index.php\/2022\/06\/16\/do-medytacji-z-kalwaryjskiego-wzgorza-czwartek-16-06-2022r\/#breadcrumb\",\"itemListElement\":[{\"@type\":\"ListItem\",\"position\":1,\"name\":\"Strona g\u0142\u00f3wna\",\"item\":\"https:\/\/pakosc-kalwaria.franciszkanie.net\/\"},{\"@type\":\"ListItem\",\"position\":2,\"name\":\"Do medytacji z kalwaryjskiego Wzg\u00f3rza \u2013 czwartek 16.06.2022r.\"}]},{\"@type\":\"Person\",\"@id\":\"https:\/\/pakosc-kalwaria.franciszkanie.net\/#\/schema\/person\/af10b943be0760709227d060eadcb2aa\",\"name\":\"pakosc-kalwaria\",\"image\":{\"@type\":\"ImageObject\",\"@id\":\"https:\/\/pakosc-kalwaria.franciszkanie.net\/#personlogo\",\"inLanguage\":\"pl-PL\",\"url\":\"https:\/\/secure.gravatar.com\/avatar\/e7049d338b55eac6a0027ff3218b8d02?s=96&d=mm&r=g\",\"contentUrl\":\"https:\/\/secure.gravatar.com\/avatar\/e7049d338b55eac6a0027ff3218b8d02?s=96&d=mm&r=g\",\"caption\":\"pakosc-kalwaria\"},\"sameAs\":[\"https:\/\/www.facebook.com\/KalwariaPakosc\/\"],\"url\":\"https:\/\/pakosc-kalwaria.franciszkanie.net\/index.php\/author\/pakosc-kalwaria\/\"}]}<\/script>\n<!-- \/ Yoast SEO plugin. -->","yoast_head_json":{"title":"Do medytacji z kalwaryjskiego Wzg\u00f3rza \u2013 czwartek 16.06.2022r. - Pako\u015b\u0107 \u2013 Kalwaria","robots":{"index":"index","follow":"follow","max-snippet":"max-snippet:-1","max-image-preview":"max-image-preview:large","max-video-preview":"max-video-preview:-1"},"canonical":"https:\/\/pakosc-kalwaria.franciszkanie.net\/index.php\/2022\/06\/16\/do-medytacji-z-kalwaryjskiego-wzgorza-czwartek-16-06-2022r\/","og_locale":"pl_PL","og_type":"article","og_title":"Do medytacji z kalwaryjskiego Wzg\u00f3rza \u2013 czwartek 16.06.2022r. - Pako\u015b\u0107 \u2013 Kalwaria","og_description":"Z liturgii uroczysto\u015bci Naj\u015bwi\u0119tszego Cia\u0142a i Krwi Chrystusa\u00a0 \u2013 16.06.2022r. 1. czytanie (Rdz 14, 18-20) Ofiara Melchizedeka Czytanie z Ksi\u0119gi Rodzaju Melchizedek, kr\u00f3l Szalemu, wyni\u00f3s\u0142 chleb i wino; a poniewa\u017c by\u0142 on kap\u0142anem Boga Najwy\u017cszego, b\u0142ogos\u0142awi\u0142 Abrama, m\u00f3wi\u0105c: \u00abNiech b\u0119dzie b\u0142ogos\u0142awiony Abram przez Boga Najwy\u017cszego, Stw\u00f3rc\u0119 nieba i ziemi! Niech b\u0119dzie b\u0142ogos\u0142awiony B\u00f3g Najwy\u017cszy, kt\u00f3ry &hellip;","og_url":"https:\/\/pakosc-kalwaria.franciszkanie.net\/index.php\/2022\/06\/16\/do-medytacji-z-kalwaryjskiego-wzgorza-czwartek-16-06-2022r\/","og_site_name":"Pako\u015b\u0107 \u2013 Kalwaria","article_author":"https:\/\/www.facebook.com\/KalwariaPakosc\/","article_published_time":"2022-06-16T10:00:56+00:00","article_modified_time":"2022-06-15T17:29:46+00:00","og_image":[{"width":350,"height":197,"url":"https:\/\/pakosc-kalwaria.franciszkanie.net\/wp-content\/uploads\/2022\/06\/Oltarz-polowy-czerwiec-2022.jpg","type":"image\/jpeg"}],"twitter_card":"summary","twitter_misc":{"Napisane przez":"pakosc-kalwaria","Szacowany czas czytania":"7 minut"},"schema":{"@context":"https:\/\/schema.org","@graph":[{"@type":"WebSite","@id":"https:\/\/pakosc-kalwaria.franciszkanie.net\/#website","url":"https:\/\/pakosc-kalwaria.franciszkanie.net\/","name":"Pako\u015b\u0107 \u2013 Kalwaria","description":"Parafia Rzymsko \u2013 Katolicka p.w. Pana Jezusa Ukrzy\u017cowanego i  Matki Bo\u017cej Bolesnej ul. Barci\u0144ska 60, 88\u2013170 Pako\u015b\u0107 \u2013 Kalwaria","potentialAction":[{"@type":"SearchAction","target":{"@type":"EntryPoint","urlTemplate":"https:\/\/pakosc-kalwaria.franciszkanie.net\/?s={search_term_string}"},"query-input":"required name=search_term_string"}],"inLanguage":"pl-PL"},{"@type":"ImageObject","@id":"https:\/\/pakosc-kalwaria.franciszkanie.net\/index.php\/2022\/06\/16\/do-medytacji-z-kalwaryjskiego-wzgorza-czwartek-16-06-2022r\/#primaryimage","inLanguage":"pl-PL","url":"https:\/\/pakosc-kalwaria.franciszkanie.net\/wp-content\/uploads\/2022\/06\/Oltarz-polowy-czerwiec-2022.jpg","contentUrl":"https:\/\/pakosc-kalwaria.franciszkanie.net\/wp-content\/uploads\/2022\/06\/Oltarz-polowy-czerwiec-2022.jpg","width":350,"height":197},{"@type":"WebPage","@id":"https:\/\/pakosc-kalwaria.franciszkanie.net\/index.php\/2022\/06\/16\/do-medytacji-z-kalwaryjskiego-wzgorza-czwartek-16-06-2022r\/#webpage","url":"https:\/\/pakosc-kalwaria.franciszkanie.net\/index.php\/2022\/06\/16\/do-medytacji-z-kalwaryjskiego-wzgorza-czwartek-16-06-2022r\/","name":"Do medytacji z kalwaryjskiego Wzg\u00f3rza \u2013 czwartek 16.06.2022r. - Pako\u015b\u0107 \u2013 Kalwaria","isPartOf":{"@id":"https:\/\/pakosc-kalwaria.franciszkanie.net\/#website"},"primaryImageOfPage":{"@id":"https:\/\/pakosc-kalwaria.franciszkanie.net\/index.php\/2022\/06\/16\/do-medytacji-z-kalwaryjskiego-wzgorza-czwartek-16-06-2022r\/#primaryimage"},"datePublished":"2022-06-16T10:00:56+00:00","dateModified":"2022-06-15T17:29:46+00:00","author":{"@id":"https:\/\/pakosc-kalwaria.franciszkanie.net\/#\/schema\/person\/af10b943be0760709227d060eadcb2aa"},"breadcrumb":{"@id":"https:\/\/pakosc-kalwaria.franciszkanie.net\/index.php\/2022\/06\/16\/do-medytacji-z-kalwaryjskiego-wzgorza-czwartek-16-06-2022r\/#breadcrumb"},"inLanguage":"pl-PL","potentialAction":[{"@type":"ReadAction","target":["https:\/\/pakosc-kalwaria.franciszkanie.net\/index.php\/2022\/06\/16\/do-medytacji-z-kalwaryjskiego-wzgorza-czwartek-16-06-2022r\/"]}]},{"@type":"BreadcrumbList","@id":"https:\/\/pakosc-kalwaria.franciszkanie.net\/index.php\/2022\/06\/16\/do-medytacji-z-kalwaryjskiego-wzgorza-czwartek-16-06-2022r\/#breadcrumb","itemListElement":[{"@type":"ListItem","position":1,"name":"Strona g\u0142\u00f3wna","item":"https:\/\/pakosc-kalwaria.franciszkanie.net\/"},{"@type":"ListItem","position":2,"name":"Do medytacji z kalwaryjskiego Wzg\u00f3rza \u2013 czwartek 16.06.2022r."}]},{"@type":"Person","@id":"https:\/\/pakosc-kalwaria.franciszkanie.net\/#\/schema\/person\/af10b943be0760709227d060eadcb2aa","name":"pakosc-kalwaria","image":{"@type":"ImageObject","@id":"https:\/\/pakosc-kalwaria.franciszkanie.net\/#personlogo","inLanguage":"pl-PL","url":"https:\/\/secure.gravatar.com\/avatar\/e7049d338b55eac6a0027ff3218b8d02?s=96&d=mm&r=g","contentUrl":"https:\/\/secure.gravatar.com\/avatar\/e7049d338b55eac6a0027ff3218b8d02?s=96&d=mm&r=g","caption":"pakosc-kalwaria"},"sameAs":["https:\/\/www.facebook.com\/KalwariaPakosc\/"],"url":"https:\/\/pakosc-kalwaria.franciszkanie.net\/index.php\/author\/pakosc-kalwaria\/"}]}},"_links":{"self":[{"href":"https:\/\/pakosc-kalwaria.franciszkanie.net\/index.php\/wp-json\/wp\/v2\/posts\/23683"}],"collection":[{"href":"https:\/\/pakosc-kalwaria.franciszkanie.net\/index.php\/wp-json\/wp\/v2\/posts"}],"about":[{"href":"https:\/\/pakosc-kalwaria.franciszkanie.net\/index.php\/wp-json\/wp\/v2\/types\/post"}],"author":[{"embeddable":true,"href":"https:\/\/pakosc-kalwaria.franciszkanie.net\/index.php\/wp-json\/wp\/v2\/users\/2"}],"replies":[{"embeddable":true,"href":"https:\/\/pakosc-kalwaria.franciszkanie.net\/index.php\/wp-json\/wp\/v2\/comments?post=23683"}],"version-history":[{"count":2,"href":"https:\/\/pakosc-kalwaria.franciszkanie.net\/index.php\/wp-json\/wp\/v2\/posts\/23683\/revisions"}],"predecessor-version":[{"id":23685,"href":"https:\/\/pakosc-kalwaria.franciszkanie.net\/index.php\/wp-json\/wp\/v2\/posts\/23683\/revisions\/23685"}],"wp:featuredmedia":[{"embeddable":true,"href":"https:\/\/pakosc-kalwaria.franciszkanie.net\/index.php\/wp-json\/wp\/v2\/media\/23671"}],"wp:attachment":[{"href":"https:\/\/pakosc-kalwaria.franciszkanie.net\/index.php\/wp-json\/wp\/v2\/media?parent=23683"}],"wp:term":[{"taxonomy":"category","embeddable":true,"href":"https:\/\/pakosc-kalwaria.franciszkanie.net\/index.php\/wp-json\/wp\/v2\/categories?post=23683"},{"taxonomy":"post_tag","embeddable":true,"href":"https:\/\/pakosc-kalwaria.franciszkanie.net\/index.php\/wp-json\/wp\/v2\/tags?post=23683"}],"curies":[{"name":"wp","href":"https:\/\/api.w.org\/{rel}","templated":true}]}}