{"id":23696,"date":"2022-06-17T18:00:21","date_gmt":"2022-06-17T16:00:21","guid":{"rendered":"http:\/\/pakosc-kalwaria.franciszkanie.net\/?p=23696"},"modified":"2022-06-17T07:51:40","modified_gmt":"2022-06-17T05:51:40","slug":"do-medytacji-z-kalwaryjskiego-wzgorza-piatek-17-06-2022r","status":"publish","type":"post","link":"https:\/\/pakosc-kalwaria.franciszkanie.net\/index.php\/2022\/06\/17\/do-medytacji-z-kalwaryjskiego-wzgorza-piatek-17-06-2022r\/","title":{"rendered":"Do medytacji z kalwaryjskiego Wzg\u00f3rza \u2013 pi\u0105tek 17.06.2022r."},"content":{"rendered":"<p><strong><span style=\"color: #ff0000;\">Z kazania na kalwaryjskim Wzg\u00f3rzu \u2013 17.06.2022r.<\/span><\/p>\n<p>By\u0107 dobrym jak chleb.<br \/>\n<\/strong>Prze\u017cywaj\u0105c Oktaw\u0119 Bo\u017cego Cia\u0142a wspominamy dzisiaj w liturgii \u015bw. Brata Alberta Chmielowskiego. Znamy jego\u00a0 powiedzenie, \u017ce \u201ew \u017cyciu trzeba by\u0107 dobrym jak chleb\u201d. Uwa\u017ca\u0142, \u017ce chleb jest najcenniejszym darem jaki cz\u0142owiek otrzyma\u0142 od Boga. Tak t\u0142umaczy\u0142 to wezwanie: \u201ePowinno si\u0119 by\u0107 dobrym jak chleb. Powinno si\u0119 by\u0107 jak chleb, kt\u00f3ry dla wszystkich le\u017cy na stole, z kt\u00f3rego ka\u017cdy mo\u017ce k\u0119s dla siebie ukroi\u0107 i nakarmi\u0107 si\u0119, je\u015bli jest g\u0142odny\u201d. To por\u00f3wnanie z chlebem wyra\u017ca\u0142o jego gotowo\u015b\u0107 do odpowiedzi na wezwanie Jezusa, aby ca\u0142kowicie dawa\u0107 siebie innym, tak jak chleb le\u017c\u0105cy na stole nale\u017cy dawa\u0107 wszystkim potrzebuj\u0105cym.<br \/>\nW duchowo\u015bci \u015bw. Brata Alberta podkre\u015bla si\u0119, \u017ce jest ona duchowo\u015bci\u0105 eucharystyczn\u0105. Wiemy, \u017ce Jezus pozosta\u0142 z nami w Eucharystii pod postaci\u0105 chleba, aby ca\u0142kowicie odda\u0107 si\u0119 ka\u017cdemu cz\u0142owiekowi. Podobnie B\u00f3g prowadzi\u0142 \u015bw. Brata Alberta przez \u017cycie drog\u0105 ogo\u0142ocenia, tak\u0105 jak\u0105 szed\u0142 Jezus Chrystus, kt\u00f3ry \u201eogo\u0142oci\u0142 samego siebie, przyj\u0105wszy posta\u0107 s\u0142ugi\u201d.\u00a0 Ta droga ogo\u0142ocenia Jezusa i \u015bw. Brata Alberta, zosta\u0142a uwidoczniona w obrazie <em>Ecce Homo<\/em><em>,<\/em> namalowanym przez Adama Chmielowskiego, na kt\u00f3rym twarz um\u0119czonego Jezusa przypomina twarz samego malarza. \u015aw. Brat Albert uczy\u0142, \u017ce \u201eim wi\u0119cej kto opuszczony, z tym wi\u0119ksz\u0105 mi\u0142o\u015bci\u0105 s\u0142u\u017cy\u0107 mu trzeba, bo samego Pana Jezusa zbola\u0142ego w osobie tego ubogiego ratujemy\u201d. We wszystkich ubogich kaza\u0142 widzie\u0107 Pana Jezusa.<br \/>\nOkazuje si\u0119, \u017ce cz\u0142owiek mo\u017ce stawa\u0107 si\u0119 dla innych dobrym jak chleb szczeg\u00f3lnie w oparciu o Sakrament Eucharystii. \u015aw. Brat Albert z Eucharystii czerpa\u0142 \u0142aski i si\u0142y do swojej niestrudzonej, heroicznej pos\u0142ugi na rzecz najbardziej upo\u015bledzonych i wydziedziczonych. W ko\u0144cu sam sta\u0142 si\u0119 jednym z tych, kt\u00f3rym s\u0142u\u017cy\u0142. Sta\u0142 si\u0119 ich bratem. Stworzy\u0142 wielkie dzie\u0142a na rzecz ubogich. A przy tym by\u0142 przy tym skromny i cichy. Wielu wsp\u00f3\u0142czesnych m\u00f3wi\u0142o o nim \u201enajpi\u0119kniejszy cz\u0142owiek epoki\u201d. Ale ub\u00f3stwo w rozumieniu \u015bw. Brata Alberta, to nie tylko brak chleba \u2013 pokarmu dla cia\u0142a, ale przede wszystkim brak Boga \u2013 pokarmu dla duszy. W ten spos\u00f3b n\u0119dzarzem mo\u017ce by\u0107 nie tylko ten, kt\u00f3ry nic nie posiada, ale jak to dzisiaj cz\u0119sto si\u0119 zdarza, tak\u017ce ten kto cho\u0107 op\u0142ywa w bogactwa i dobra materialne, nie pozna\u0142 Boga i Jego mi\u0142o\u015bci, kto w Boga nie wierzy.<br \/>\n\u015aw. Brat Albert by\u0142 jak ewangeliczne ziarno, kt\u00f3re musi obumrze\u0107, aby przynios\u0142o plon stukrotny. Wiemy, \u017ce ziarno musi by\u0107 zmielone, aby powsta\u0142 z niego chleb. Taka by\u0142a \u017cyciowa droga \u015bw. Brata Alberta, kt\u00f3ra doprowadzi\u0142a go do takiego duchowego oczyszczenia, \u017ce m\u00f3g\u0142 przez niego dzia\u0142a\u0107 sam Chrystus. Kto\u015b powiedzia\u0142 o nim: \u201eO, gdyby takich wi\u0119cej, by\u0142by chyba raj na ziemi. Brat Albert to cz\u0142owiek bez egoizmu\u201d.\u00a0 \u015awi\u0119ty Jan Pawe\u0142 II w homilii kanonizacyjnej \u015bw. Brata Alberta podkre\u015bli\u0142, \u017ce \u201eChrystus przemawia\u0142 do niego g\u0142osem innego powo\u0142ania i kaza\u0142 mu szuka\u0107 coraz dalej: \u00bbUcz si\u0119 ode Mnie (\u2026), \u017ce jestem cichy i pokorny sercem (\u2026). Ucz si\u0119\u00ab. Adam Chmielowski by\u0142 uczniem gotowym na ka\u017cde wezwanie swego Mistrza i Pana\u201d.<br \/>\n\u015aw. Brat Albert rozumia\u0142, \u017ce nakarmienie i przyodzianie ubogich jest drog\u0105 do podania im prawdziwego pokarmu, jakim jest S\u0142owo Boga, a w ko\u0144cu sam B\u00f3g w Eucharystii. Jezus wybra\u0142 najskromniejsz\u0105, kruch\u0105 posta\u0107 bia\u0142ego chleba, \u017ceby z moc\u0105 dotrze\u0107 do ka\u017cdego cz\u0142owieka. Patrz\u0105c na t\u0119 kruch\u0105 posta\u0107 Jezusa Eucharystycznego, mo\u017cemy uzmys\u0142owi\u0107 sobie, \u017ce kiedy wracamy do Boga, w naszej s\u0142abo\u015bci, to wtedy ujawnia si\u0119 w pe\u0142ni moc naszego Zbawiciela. Jak B\u00f3g powierzy\u0142 si\u0119 cz\u0142owiekowi w postaci eucharystycznego Chleba, tak cz\u0142owiek, zdaniem \u015bw. Brata Alberta, powinien \u201ewszystko ma\u0142e i wielkie zdawa\u0107 na Opatrzno\u015b\u0107 Bosk\u0105 z ca\u0142ym zaufaniem i pewno\u015bci\u0105\u201d.<br \/>\nW ubogiej pustelni na Kalat\u00f3wkach, w pi\u0119knym miejscu kontemplacji Boga, kt\u00f3re wybudowa\u0142 \u015aw. Brat Albert, nad bram\u0105 g\u0142\u00f3wn\u0105 widnieje napis, kt\u00f3ry czytaj\u0105 wszyscy przybywaj\u0105cy: \u201eBy\u0107 dobrym jak chleb\u201d. Oby i ka\u017cdy z nas, karmi\u0105c si\u0119 cz\u0119sto na Eucharystii Cia\u0142em Chrystusa, stawa\u0142 si\u0119 tak\u017ce dla innych, szczeg\u00f3lnie dla ludzi ubogich \u201edobrym jak chleb\u201d. Amen.<br \/>\n(o.R.)<\/p>\n","protected":false},"excerpt":{"rendered":"<p>Z kazania na kalwaryjskim Wzg\u00f3rzu \u2013 17.06.2022r. By\u0107 dobrym jak chleb. Prze\u017cywaj\u0105c Oktaw\u0119 Bo\u017cego Cia\u0142a wspominamy dzisiaj w liturgii \u015bw. Brata Alberta Chmielowskiego. Znamy jego\u00a0 powiedzenie, \u017ce \u201ew \u017cyciu trzeba by\u0107 dobrym jak chleb\u201d. Uwa\u017ca\u0142, \u017ce chleb jest najcenniejszym darem jaki cz\u0142owiek otrzyma\u0142 od Boga. Tak t\u0142umaczy\u0142 to wezwanie: \u201ePowinno si\u0119 by\u0107 dobrym jak chleb. &hellip;<\/p>\n","protected":false},"author":2,"featured_media":23671,"comment_status":"closed","ping_status":"closed","sticky":false,"template":"","format":"standard","meta":{"_mi_skip_tracking":false,"_exactmetrics_sitenote_active":false,"_exactmetrics_sitenote_note":"","_exactmetrics_sitenote_category":0},"categories":[14],"tags":[],"yoast_head":"<!-- This site is optimized with the Yoast SEO plugin v18.1 - https:\/\/yoast.com\/wordpress\/plugins\/seo\/ -->\n<title>Do medytacji z kalwaryjskiego Wzg\u00f3rza \u2013 pi\u0105tek 17.06.2022r. - Pako\u015b\u0107 \u2013 Kalwaria<\/title>\n<meta name=\"robots\" content=\"index, follow, max-snippet:-1, max-image-preview:large, max-video-preview:-1\" \/>\n<link rel=\"canonical\" href=\"https:\/\/pakosc-kalwaria.franciszkanie.net\/index.php\/2022\/06\/17\/do-medytacji-z-kalwaryjskiego-wzgorza-piatek-17-06-2022r\/\" \/>\n<meta property=\"og:locale\" content=\"pl_PL\" \/>\n<meta property=\"og:type\" content=\"article\" \/>\n<meta property=\"og:title\" content=\"Do medytacji z kalwaryjskiego Wzg\u00f3rza \u2013 pi\u0105tek 17.06.2022r. - Pako\u015b\u0107 \u2013 Kalwaria\" \/>\n<meta property=\"og:description\" content=\"Z kazania na kalwaryjskim Wzg\u00f3rzu \u2013 17.06.2022r. By\u0107 dobrym jak chleb. Prze\u017cywaj\u0105c Oktaw\u0119 Bo\u017cego Cia\u0142a wspominamy dzisiaj w liturgii \u015bw. Brata Alberta Chmielowskiego. Znamy jego\u00a0 powiedzenie, \u017ce \u201ew \u017cyciu trzeba by\u0107 dobrym jak chleb\u201d. Uwa\u017ca\u0142, \u017ce chleb jest najcenniejszym darem jaki cz\u0142owiek otrzyma\u0142 od Boga. Tak t\u0142umaczy\u0142 to wezwanie: \u201ePowinno si\u0119 by\u0107 dobrym jak chleb. &hellip;\" \/>\n<meta property=\"og:url\" content=\"https:\/\/pakosc-kalwaria.franciszkanie.net\/index.php\/2022\/06\/17\/do-medytacji-z-kalwaryjskiego-wzgorza-piatek-17-06-2022r\/\" \/>\n<meta property=\"og:site_name\" content=\"Pako\u015b\u0107 \u2013 Kalwaria\" \/>\n<meta property=\"article:author\" content=\"https:\/\/www.facebook.com\/KalwariaPakosc\/\" \/>\n<meta property=\"article:published_time\" content=\"2022-06-17T16:00:21+00:00\" \/>\n<meta property=\"article:modified_time\" content=\"2022-06-17T05:51:40+00:00\" \/>\n<meta property=\"og:image\" content=\"https:\/\/pakosc-kalwaria.franciszkanie.net\/wp-content\/uploads\/2022\/06\/Oltarz-polowy-czerwiec-2022.jpg\" \/>\n\t<meta property=\"og:image:width\" content=\"350\" \/>\n\t<meta property=\"og:image:height\" content=\"197\" \/>\n\t<meta property=\"og:image:type\" content=\"image\/jpeg\" \/>\n<meta name=\"twitter:card\" content=\"summary\" \/>\n<meta name=\"twitter:label1\" content=\"Napisane przez\" \/>\n\t<meta name=\"twitter:data1\" content=\"pakosc-kalwaria\" \/>\n\t<meta name=\"twitter:label2\" content=\"Szacowany czas czytania\" \/>\n\t<meta name=\"twitter:data2\" content=\"4 minuty\" \/>\n<script type=\"application\/ld+json\" class=\"yoast-schema-graph\">{\"@context\":\"https:\/\/schema.org\",\"@graph\":[{\"@type\":\"WebSite\",\"@id\":\"https:\/\/pakosc-kalwaria.franciszkanie.net\/#website\",\"url\":\"https:\/\/pakosc-kalwaria.franciszkanie.net\/\",\"name\":\"Pako\u015b\u0107 \u2013 Kalwaria\",\"description\":\"Parafia Rzymsko \u2013 Katolicka p.w. Pana Jezusa Ukrzy\u017cowanego i  Matki Bo\u017cej Bolesnej ul. Barci\u0144ska 60, 88\u2013170 Pako\u015b\u0107 \u2013 Kalwaria\",\"potentialAction\":[{\"@type\":\"SearchAction\",\"target\":{\"@type\":\"EntryPoint\",\"urlTemplate\":\"https:\/\/pakosc-kalwaria.franciszkanie.net\/?s={search_term_string}\"},\"query-input\":\"required name=search_term_string\"}],\"inLanguage\":\"pl-PL\"},{\"@type\":\"ImageObject\",\"@id\":\"https:\/\/pakosc-kalwaria.franciszkanie.net\/index.php\/2022\/06\/17\/do-medytacji-z-kalwaryjskiego-wzgorza-piatek-17-06-2022r\/#primaryimage\",\"inLanguage\":\"pl-PL\",\"url\":\"https:\/\/pakosc-kalwaria.franciszkanie.net\/wp-content\/uploads\/2022\/06\/Oltarz-polowy-czerwiec-2022.jpg\",\"contentUrl\":\"https:\/\/pakosc-kalwaria.franciszkanie.net\/wp-content\/uploads\/2022\/06\/Oltarz-polowy-czerwiec-2022.jpg\",\"width\":350,\"height\":197},{\"@type\":\"WebPage\",\"@id\":\"https:\/\/pakosc-kalwaria.franciszkanie.net\/index.php\/2022\/06\/17\/do-medytacji-z-kalwaryjskiego-wzgorza-piatek-17-06-2022r\/#webpage\",\"url\":\"https:\/\/pakosc-kalwaria.franciszkanie.net\/index.php\/2022\/06\/17\/do-medytacji-z-kalwaryjskiego-wzgorza-piatek-17-06-2022r\/\",\"name\":\"Do medytacji z kalwaryjskiego Wzg\u00f3rza \u2013 pi\u0105tek 17.06.2022r. - Pako\u015b\u0107 \u2013 Kalwaria\",\"isPartOf\":{\"@id\":\"https:\/\/pakosc-kalwaria.franciszkanie.net\/#website\"},\"primaryImageOfPage\":{\"@id\":\"https:\/\/pakosc-kalwaria.franciszkanie.net\/index.php\/2022\/06\/17\/do-medytacji-z-kalwaryjskiego-wzgorza-piatek-17-06-2022r\/#primaryimage\"},\"datePublished\":\"2022-06-17T16:00:21+00:00\",\"dateModified\":\"2022-06-17T05:51:40+00:00\",\"author\":{\"@id\":\"https:\/\/pakosc-kalwaria.franciszkanie.net\/#\/schema\/person\/af10b943be0760709227d060eadcb2aa\"},\"breadcrumb\":{\"@id\":\"https:\/\/pakosc-kalwaria.franciszkanie.net\/index.php\/2022\/06\/17\/do-medytacji-z-kalwaryjskiego-wzgorza-piatek-17-06-2022r\/#breadcrumb\"},\"inLanguage\":\"pl-PL\",\"potentialAction\":[{\"@type\":\"ReadAction\",\"target\":[\"https:\/\/pakosc-kalwaria.franciszkanie.net\/index.php\/2022\/06\/17\/do-medytacji-z-kalwaryjskiego-wzgorza-piatek-17-06-2022r\/\"]}]},{\"@type\":\"BreadcrumbList\",\"@id\":\"https:\/\/pakosc-kalwaria.franciszkanie.net\/index.php\/2022\/06\/17\/do-medytacji-z-kalwaryjskiego-wzgorza-piatek-17-06-2022r\/#breadcrumb\",\"itemListElement\":[{\"@type\":\"ListItem\",\"position\":1,\"name\":\"Strona g\u0142\u00f3wna\",\"item\":\"https:\/\/pakosc-kalwaria.franciszkanie.net\/\"},{\"@type\":\"ListItem\",\"position\":2,\"name\":\"Do medytacji z kalwaryjskiego Wzg\u00f3rza \u2013 pi\u0105tek 17.06.2022r.\"}]},{\"@type\":\"Person\",\"@id\":\"https:\/\/pakosc-kalwaria.franciszkanie.net\/#\/schema\/person\/af10b943be0760709227d060eadcb2aa\",\"name\":\"pakosc-kalwaria\",\"image\":{\"@type\":\"ImageObject\",\"@id\":\"https:\/\/pakosc-kalwaria.franciszkanie.net\/#personlogo\",\"inLanguage\":\"pl-PL\",\"url\":\"https:\/\/secure.gravatar.com\/avatar\/e7049d338b55eac6a0027ff3218b8d02?s=96&d=mm&r=g\",\"contentUrl\":\"https:\/\/secure.gravatar.com\/avatar\/e7049d338b55eac6a0027ff3218b8d02?s=96&d=mm&r=g\",\"caption\":\"pakosc-kalwaria\"},\"sameAs\":[\"https:\/\/www.facebook.com\/KalwariaPakosc\/\"],\"url\":\"https:\/\/pakosc-kalwaria.franciszkanie.net\/index.php\/author\/pakosc-kalwaria\/\"}]}<\/script>\n<!-- \/ Yoast SEO plugin. -->","yoast_head_json":{"title":"Do medytacji z kalwaryjskiego Wzg\u00f3rza \u2013 pi\u0105tek 17.06.2022r. - Pako\u015b\u0107 \u2013 Kalwaria","robots":{"index":"index","follow":"follow","max-snippet":"max-snippet:-1","max-image-preview":"max-image-preview:large","max-video-preview":"max-video-preview:-1"},"canonical":"https:\/\/pakosc-kalwaria.franciszkanie.net\/index.php\/2022\/06\/17\/do-medytacji-z-kalwaryjskiego-wzgorza-piatek-17-06-2022r\/","og_locale":"pl_PL","og_type":"article","og_title":"Do medytacji z kalwaryjskiego Wzg\u00f3rza \u2013 pi\u0105tek 17.06.2022r. - Pako\u015b\u0107 \u2013 Kalwaria","og_description":"Z kazania na kalwaryjskim Wzg\u00f3rzu \u2013 17.06.2022r. By\u0107 dobrym jak chleb. Prze\u017cywaj\u0105c Oktaw\u0119 Bo\u017cego Cia\u0142a wspominamy dzisiaj w liturgii \u015bw. Brata Alberta Chmielowskiego. Znamy jego\u00a0 powiedzenie, \u017ce \u201ew \u017cyciu trzeba by\u0107 dobrym jak chleb\u201d. Uwa\u017ca\u0142, \u017ce chleb jest najcenniejszym darem jaki cz\u0142owiek otrzyma\u0142 od Boga. Tak t\u0142umaczy\u0142 to wezwanie: \u201ePowinno si\u0119 by\u0107 dobrym jak chleb. &hellip;","og_url":"https:\/\/pakosc-kalwaria.franciszkanie.net\/index.php\/2022\/06\/17\/do-medytacji-z-kalwaryjskiego-wzgorza-piatek-17-06-2022r\/","og_site_name":"Pako\u015b\u0107 \u2013 Kalwaria","article_author":"https:\/\/www.facebook.com\/KalwariaPakosc\/","article_published_time":"2022-06-17T16:00:21+00:00","article_modified_time":"2022-06-17T05:51:40+00:00","og_image":[{"width":350,"height":197,"url":"https:\/\/pakosc-kalwaria.franciszkanie.net\/wp-content\/uploads\/2022\/06\/Oltarz-polowy-czerwiec-2022.jpg","type":"image\/jpeg"}],"twitter_card":"summary","twitter_misc":{"Napisane przez":"pakosc-kalwaria","Szacowany czas czytania":"4 minuty"},"schema":{"@context":"https:\/\/schema.org","@graph":[{"@type":"WebSite","@id":"https:\/\/pakosc-kalwaria.franciszkanie.net\/#website","url":"https:\/\/pakosc-kalwaria.franciszkanie.net\/","name":"Pako\u015b\u0107 \u2013 Kalwaria","description":"Parafia Rzymsko \u2013 Katolicka p.w. Pana Jezusa Ukrzy\u017cowanego i  Matki Bo\u017cej Bolesnej ul. Barci\u0144ska 60, 88\u2013170 Pako\u015b\u0107 \u2013 Kalwaria","potentialAction":[{"@type":"SearchAction","target":{"@type":"EntryPoint","urlTemplate":"https:\/\/pakosc-kalwaria.franciszkanie.net\/?s={search_term_string}"},"query-input":"required name=search_term_string"}],"inLanguage":"pl-PL"},{"@type":"ImageObject","@id":"https:\/\/pakosc-kalwaria.franciszkanie.net\/index.php\/2022\/06\/17\/do-medytacji-z-kalwaryjskiego-wzgorza-piatek-17-06-2022r\/#primaryimage","inLanguage":"pl-PL","url":"https:\/\/pakosc-kalwaria.franciszkanie.net\/wp-content\/uploads\/2022\/06\/Oltarz-polowy-czerwiec-2022.jpg","contentUrl":"https:\/\/pakosc-kalwaria.franciszkanie.net\/wp-content\/uploads\/2022\/06\/Oltarz-polowy-czerwiec-2022.jpg","width":350,"height":197},{"@type":"WebPage","@id":"https:\/\/pakosc-kalwaria.franciszkanie.net\/index.php\/2022\/06\/17\/do-medytacji-z-kalwaryjskiego-wzgorza-piatek-17-06-2022r\/#webpage","url":"https:\/\/pakosc-kalwaria.franciszkanie.net\/index.php\/2022\/06\/17\/do-medytacji-z-kalwaryjskiego-wzgorza-piatek-17-06-2022r\/","name":"Do medytacji z kalwaryjskiego Wzg\u00f3rza \u2013 pi\u0105tek 17.06.2022r. - Pako\u015b\u0107 \u2013 Kalwaria","isPartOf":{"@id":"https:\/\/pakosc-kalwaria.franciszkanie.net\/#website"},"primaryImageOfPage":{"@id":"https:\/\/pakosc-kalwaria.franciszkanie.net\/index.php\/2022\/06\/17\/do-medytacji-z-kalwaryjskiego-wzgorza-piatek-17-06-2022r\/#primaryimage"},"datePublished":"2022-06-17T16:00:21+00:00","dateModified":"2022-06-17T05:51:40+00:00","author":{"@id":"https:\/\/pakosc-kalwaria.franciszkanie.net\/#\/schema\/person\/af10b943be0760709227d060eadcb2aa"},"breadcrumb":{"@id":"https:\/\/pakosc-kalwaria.franciszkanie.net\/index.php\/2022\/06\/17\/do-medytacji-z-kalwaryjskiego-wzgorza-piatek-17-06-2022r\/#breadcrumb"},"inLanguage":"pl-PL","potentialAction":[{"@type":"ReadAction","target":["https:\/\/pakosc-kalwaria.franciszkanie.net\/index.php\/2022\/06\/17\/do-medytacji-z-kalwaryjskiego-wzgorza-piatek-17-06-2022r\/"]}]},{"@type":"BreadcrumbList","@id":"https:\/\/pakosc-kalwaria.franciszkanie.net\/index.php\/2022\/06\/17\/do-medytacji-z-kalwaryjskiego-wzgorza-piatek-17-06-2022r\/#breadcrumb","itemListElement":[{"@type":"ListItem","position":1,"name":"Strona g\u0142\u00f3wna","item":"https:\/\/pakosc-kalwaria.franciszkanie.net\/"},{"@type":"ListItem","position":2,"name":"Do medytacji z kalwaryjskiego Wzg\u00f3rza \u2013 pi\u0105tek 17.06.2022r."}]},{"@type":"Person","@id":"https:\/\/pakosc-kalwaria.franciszkanie.net\/#\/schema\/person\/af10b943be0760709227d060eadcb2aa","name":"pakosc-kalwaria","image":{"@type":"ImageObject","@id":"https:\/\/pakosc-kalwaria.franciszkanie.net\/#personlogo","inLanguage":"pl-PL","url":"https:\/\/secure.gravatar.com\/avatar\/e7049d338b55eac6a0027ff3218b8d02?s=96&d=mm&r=g","contentUrl":"https:\/\/secure.gravatar.com\/avatar\/e7049d338b55eac6a0027ff3218b8d02?s=96&d=mm&r=g","caption":"pakosc-kalwaria"},"sameAs":["https:\/\/www.facebook.com\/KalwariaPakosc\/"],"url":"https:\/\/pakosc-kalwaria.franciszkanie.net\/index.php\/author\/pakosc-kalwaria\/"}]}},"_links":{"self":[{"href":"https:\/\/pakosc-kalwaria.franciszkanie.net\/index.php\/wp-json\/wp\/v2\/posts\/23696"}],"collection":[{"href":"https:\/\/pakosc-kalwaria.franciszkanie.net\/index.php\/wp-json\/wp\/v2\/posts"}],"about":[{"href":"https:\/\/pakosc-kalwaria.franciszkanie.net\/index.php\/wp-json\/wp\/v2\/types\/post"}],"author":[{"embeddable":true,"href":"https:\/\/pakosc-kalwaria.franciszkanie.net\/index.php\/wp-json\/wp\/v2\/users\/2"}],"replies":[{"embeddable":true,"href":"https:\/\/pakosc-kalwaria.franciszkanie.net\/index.php\/wp-json\/wp\/v2\/comments?post=23696"}],"version-history":[{"count":1,"href":"https:\/\/pakosc-kalwaria.franciszkanie.net\/index.php\/wp-json\/wp\/v2\/posts\/23696\/revisions"}],"predecessor-version":[{"id":23697,"href":"https:\/\/pakosc-kalwaria.franciszkanie.net\/index.php\/wp-json\/wp\/v2\/posts\/23696\/revisions\/23697"}],"wp:featuredmedia":[{"embeddable":true,"href":"https:\/\/pakosc-kalwaria.franciszkanie.net\/index.php\/wp-json\/wp\/v2\/media\/23671"}],"wp:attachment":[{"href":"https:\/\/pakosc-kalwaria.franciszkanie.net\/index.php\/wp-json\/wp\/v2\/media?parent=23696"}],"wp:term":[{"taxonomy":"category","embeddable":true,"href":"https:\/\/pakosc-kalwaria.franciszkanie.net\/index.php\/wp-json\/wp\/v2\/categories?post=23696"},{"taxonomy":"post_tag","embeddable":true,"href":"https:\/\/pakosc-kalwaria.franciszkanie.net\/index.php\/wp-json\/wp\/v2\/tags?post=23696"}],"curies":[{"name":"wp","href":"https:\/\/api.w.org\/{rel}","templated":true}]}}