{"id":24029,"date":"2022-06-18T07:21:23","date_gmt":"2022-06-18T05:21:23","guid":{"rendered":"http:\/\/pakosc-kalwaria.franciszkanie.net\/?p=24029"},"modified":"2022-06-25T08:40:24","modified_gmt":"2022-06-25T06:40:24","slug":"zakonczenie-oktawy-bozego-ciala-i-poswiecenie-wiankow-czwartek-23-czerwca","status":"publish","type":"post","link":"https:\/\/pakosc-kalwaria.franciszkanie.net\/index.php\/2022\/06\/18\/zakonczenie-oktawy-bozego-ciala-i-poswiecenie-wiankow-czwartek-23-czerwca\/","title":{"rendered":"Zako\u0144czenie Oktawy Bo\u017cego Cia\u0142a i po\u015bwi\u0119cenie wiank\u00f3w"},"content":{"rendered":"<div class=\"entry-content\">\n<p><strong>Zapraszamy <span style=\"color: #ff0000;\">w czwartek 23 czerwca o 17.00 na Msz\u0119 \u015bw. i zako\u0144czenie Oktawy Bo\u017cego Cia\u0142a.<\/span> Po procesji z Naj\u015bwi\u0119tszym Sakramentem nast\u0105pi <span style=\"color: #ff0000;\">po\u015bwi\u0119cenie wiank\u00f3w<\/span> przeniesionych przez wiernych.<\/strong><\/p>\n<p><strong><br \/>\nW czwartek ko\u0144czy si\u0119 Oktawa Bo\u017cego Cia\u0142a, <\/strong>czyli okres o\u015bmiu dni, \u00a0podczas kt\u00f3rych po Mszy \u015bwi\u0119tej codziennie odbywaj\u0105 si\u0119 procesje z Naj\u015bwi\u0119tszym Sakramentem. Wierni prosz\u0105 Boga\u00a0 w modlitwach, \u015bpiewach, litaniach i suplikacjach,\u00a0aby darzy\u0142 \u0142ask\u0105 i w swej dobroci otacza\u0142 opiek\u0105 rodziny, Ojczyzn\u0119, \u0142\u0105ki, lasy,\u00a0 i pola, aby\u00a0 ziemia wolna od wszelkich kl\u0119sk \u017cywio\u0142owych wyda\u0142a\u00a0 obfite plony i pomy\u015blnie przebieg\u0142y zbiory.<\/p>\n<p><strong>W czwartek na zako\u0144czenie Oktawy kap\u0142an \u015bwi\u0119ci przyniesione przez wiernych <span style=\"color: #ff0000;\">wianki uplecione z kwiat\u00f3w i zi\u00f3\u0142 leczniczych,\u00a0<\/span><\/strong> symbolu Bo\u017cych dar\u00f3w, jakimi Stw\u00f3rca hojnie obdarzy\u0142 ziemi\u0119, ludzi i wszelkie stworzenie.<\/p>\n<p data-adtags-visited=\"true\">Do dzi\u015b powszechna jest wiara w moc lecznicz\u0105 i ochronn\u0105 wianuszk\u00f3w uplecionych si\u0119\u00a0 z kwitn\u0105cego rozchodnika, macierzanki, mi\u0119ty, rumianku, kopytnika, koniczyny, ja\u015bminu i r\u00f3\u017c, podobnie jak ga\u0142\u0105zek brzozy wzi\u0119tych z czterech o\u0142tarzy podczas procesji Bo\u017cego Cia\u0142a. Chroni\u0105 one przed burzami i po\u017carami,\u00a0 przed gradobiciem i szkodnikami na polach. Pokruszone ziele z wiank\u00f3w stosowano do sporz\u0105dzania leczniczych herbat oraz do okadzania ro\u015blin i zwierz\u0105t, tak\u017ce dom\u00f3w przed z\u0142ymi mocami.<\/p>\n<p>Wianek powieszony w oknie, nad drzwiami wej\u015bciowymi lub zatkni\u0119ty za obraz \u2014 przechowuje si\u0119 przez ca\u0142y rok,\u00a0 a\u017c do nast\u0119pnej Oktawy, a po roku mo\u017cna go spali\u0107; nie wolno go wyrzuci\u0107, gdy\u017c jest po\u015bwi\u0119cony.<\/p>\n<p><strong><span style=\"color: #ff0000;\">B\u0142ogos\u0142awie\u0144stwo wiank\u00f3w<\/span><br \/>\n<\/strong>Przynosimy dzisiaj \u2013 na zako\u0144czenie Oktawy naszej czci dla Eucharystii \u2013 wianki splecione z pierwszych kwiat\u00f3w i zi\u00f3\u0142 leczniczych i prosimy Boga, aby swoj\u0105 wszechmocn\u0105 opiek\u0105 otacza\u0142 nasze pola, \u0142\u0105ki i lasy, strzeg\u0142 ich przed zatruciem i zniszczeniem oraz pozwoli\u0142 im wyda\u0107 obfite owoce dla naszego dobra.<\/p>\n<p><strong><span style=\"color: #ff0000;\">Modlitwa b\u0142ogos\u0142awie\u0144stwa<\/span><br \/>\n<\/strong>Panie, Bo\u017ce wszech\u015bwiata, Ty sprawiasz, \u017ce na ziemi rosn\u0105 trawy, zio\u0142a i zbo\u017ca na po\u017cywienie ludziom i zwierz\u0119tom. Od Ciebie pochodzi obfito\u015b\u0107 wody i promieni s\u0142o\u0144ca dla p\u00f3l, sad\u00f3w, ogrod\u00f3w, \u0142\u0105k, pastwisk i las\u00f3w, aby wszystko, co si\u0119 zieleni i rozkwita, owocowa\u0142o, gdy przyjdzie czas zbior\u00f3w.<br \/>\nProsimy Ci\u0119, pob\u0142ogos\u0142aw \u2020 przyniesione ku Twojej czci pierwociny zieleni tego roku: m\u0142ode p\u0119dy zb\u00f3\u017c, trawy, zio\u0142a i kwiaty. Zachowaj je od suszy, gradu, powodzi i wszelkiej szkody, aby wsz\u0119dzie wzrasta\u0142y, radowa\u0142y oczy, przynosi\u0142y obfity owoc i mog\u0142y s\u0142u\u017cy\u0107 zdrowiu ludzi i zwierz\u0105t.<br \/>\nSpraw tak\u017ce, aby\u015bmy trwaj\u0105c w Chrystusie jak ga\u0142\u0105zki w winnym krzewie i umocnieni Jego mi\u0142o\u015bci\u0105 w Eucharystii, mogli przynosi\u0107 owoce dobrych czyn\u00f3w ku Twojej chwale. Przez Chrystusa, Pana naszego. Amen.<\/p>\n<p><strong>Celebrans kropi wianki wod\u0105 \u015bwi\u0119con\u0105<\/strong><\/p>\n<\/div>\n","protected":false},"excerpt":{"rendered":"<p>Zapraszamy w czwartek 23 czerwca o 17.00 na Msz\u0119 \u015bw. i zako\u0144czenie Oktawy Bo\u017cego Cia\u0142a. Po procesji z Naj\u015bwi\u0119tszym Sakramentem nast\u0105pi po\u015bwi\u0119cenie wiank\u00f3w przeniesionych przez wiernych. W czwartek ko\u0144czy si\u0119 Oktawa Bo\u017cego Cia\u0142a, czyli okres o\u015bmiu dni, \u00a0podczas kt\u00f3rych po Mszy \u015bwi\u0119tej codziennie odbywaj\u0105 si\u0119 procesje z Naj\u015bwi\u0119tszym Sakramentem. Wierni prosz\u0105 Boga\u00a0 w modlitwach, \u015bpiewach, &hellip;<\/p>\n","protected":false},"author":2,"featured_media":24030,"comment_status":"closed","ping_status":"closed","sticky":false,"template":"","format":"standard","meta":{"_mi_skip_tracking":false,"_exactmetrics_sitenote_active":false,"_exactmetrics_sitenote_note":"","_exactmetrics_sitenote_category":0},"categories":[13,14],"tags":[],"yoast_head":"<!-- This site is optimized with the Yoast SEO plugin v18.1 - https:\/\/yoast.com\/wordpress\/plugins\/seo\/ -->\n<title>Zako\u0144czenie Oktawy Bo\u017cego Cia\u0142a i po\u015bwi\u0119cenie wiank\u00f3w - Pako\u015b\u0107 \u2013 Kalwaria<\/title>\n<meta name=\"robots\" content=\"index, follow, max-snippet:-1, max-image-preview:large, max-video-preview:-1\" \/>\n<link rel=\"canonical\" href=\"https:\/\/pakosc-kalwaria.franciszkanie.net\/index.php\/2022\/06\/18\/zakonczenie-oktawy-bozego-ciala-i-poswiecenie-wiankow-czwartek-23-czerwca\/\" \/>\n<meta property=\"og:locale\" content=\"pl_PL\" \/>\n<meta property=\"og:type\" content=\"article\" \/>\n<meta property=\"og:title\" content=\"Zako\u0144czenie Oktawy Bo\u017cego Cia\u0142a i po\u015bwi\u0119cenie wiank\u00f3w - Pako\u015b\u0107 \u2013 Kalwaria\" \/>\n<meta property=\"og:description\" content=\"Zapraszamy w czwartek 23 czerwca o 17.00 na Msz\u0119 \u015bw. i zako\u0144czenie Oktawy Bo\u017cego Cia\u0142a. Po procesji z Naj\u015bwi\u0119tszym Sakramentem nast\u0105pi po\u015bwi\u0119cenie wiank\u00f3w przeniesionych przez wiernych. W czwartek ko\u0144czy si\u0119 Oktawa Bo\u017cego Cia\u0142a, czyli okres o\u015bmiu dni, \u00a0podczas kt\u00f3rych po Mszy \u015bwi\u0119tej codziennie odbywaj\u0105 si\u0119 procesje z Naj\u015bwi\u0119tszym Sakramentem. Wierni prosz\u0105 Boga\u00a0 w modlitwach, \u015bpiewach, &hellip;\" \/>\n<meta property=\"og:url\" content=\"https:\/\/pakosc-kalwaria.franciszkanie.net\/index.php\/2022\/06\/18\/zakonczenie-oktawy-bozego-ciala-i-poswiecenie-wiankow-czwartek-23-czerwca\/\" \/>\n<meta property=\"og:site_name\" content=\"Pako\u015b\u0107 \u2013 Kalwaria\" \/>\n<meta property=\"article:author\" content=\"https:\/\/www.facebook.com\/KalwariaPakosc\/\" \/>\n<meta property=\"article:published_time\" content=\"2022-06-18T05:21:23+00:00\" \/>\n<meta property=\"article:modified_time\" content=\"2022-06-25T06:40:24+00:00\" \/>\n<meta property=\"og:image\" content=\"https:\/\/pakosc-kalwaria.franciszkanie.net\/wp-content\/uploads\/2022\/06\/Poswiecenie-wiankow.jpg\" \/>\n\t<meta property=\"og:image:width\" content=\"350\" \/>\n\t<meta property=\"og:image:height\" content=\"262\" \/>\n\t<meta property=\"og:image:type\" content=\"image\/jpeg\" \/>\n<meta name=\"twitter:card\" content=\"summary\" \/>\n<meta name=\"twitter:label1\" content=\"Napisane przez\" \/>\n\t<meta name=\"twitter:data1\" content=\"pakosc-kalwaria\" \/>\n\t<meta name=\"twitter:label2\" content=\"Szacowany czas czytania\" \/>\n\t<meta name=\"twitter:data2\" content=\"3 minuty\" \/>\n<script type=\"application\/ld+json\" class=\"yoast-schema-graph\">{\"@context\":\"https:\/\/schema.org\",\"@graph\":[{\"@type\":\"WebSite\",\"@id\":\"https:\/\/pakosc-kalwaria.franciszkanie.net\/#website\",\"url\":\"https:\/\/pakosc-kalwaria.franciszkanie.net\/\",\"name\":\"Pako\u015b\u0107 \u2013 Kalwaria\",\"description\":\"Parafia Rzymsko \u2013 Katolicka p.w. Pana Jezusa Ukrzy\u017cowanego i  Matki Bo\u017cej Bolesnej ul. Barci\u0144ska 60, 88\u2013170 Pako\u015b\u0107 \u2013 Kalwaria\",\"potentialAction\":[{\"@type\":\"SearchAction\",\"target\":{\"@type\":\"EntryPoint\",\"urlTemplate\":\"https:\/\/pakosc-kalwaria.franciszkanie.net\/?s={search_term_string}\"},\"query-input\":\"required name=search_term_string\"}],\"inLanguage\":\"pl-PL\"},{\"@type\":\"ImageObject\",\"@id\":\"https:\/\/pakosc-kalwaria.franciszkanie.net\/index.php\/2022\/06\/18\/zakonczenie-oktawy-bozego-ciala-i-poswiecenie-wiankow-czwartek-23-czerwca\/#primaryimage\",\"inLanguage\":\"pl-PL\",\"url\":\"https:\/\/pakosc-kalwaria.franciszkanie.net\/wp-content\/uploads\/2022\/06\/Poswiecenie-wiankow.jpg\",\"contentUrl\":\"https:\/\/pakosc-kalwaria.franciszkanie.net\/wp-content\/uploads\/2022\/06\/Poswiecenie-wiankow.jpg\",\"width\":350,\"height\":262},{\"@type\":\"WebPage\",\"@id\":\"https:\/\/pakosc-kalwaria.franciszkanie.net\/index.php\/2022\/06\/18\/zakonczenie-oktawy-bozego-ciala-i-poswiecenie-wiankow-czwartek-23-czerwca\/#webpage\",\"url\":\"https:\/\/pakosc-kalwaria.franciszkanie.net\/index.php\/2022\/06\/18\/zakonczenie-oktawy-bozego-ciala-i-poswiecenie-wiankow-czwartek-23-czerwca\/\",\"name\":\"Zako\u0144czenie Oktawy Bo\u017cego Cia\u0142a i po\u015bwi\u0119cenie wiank\u00f3w - Pako\u015b\u0107 \u2013 Kalwaria\",\"isPartOf\":{\"@id\":\"https:\/\/pakosc-kalwaria.franciszkanie.net\/#website\"},\"primaryImageOfPage\":{\"@id\":\"https:\/\/pakosc-kalwaria.franciszkanie.net\/index.php\/2022\/06\/18\/zakonczenie-oktawy-bozego-ciala-i-poswiecenie-wiankow-czwartek-23-czerwca\/#primaryimage\"},\"datePublished\":\"2022-06-18T05:21:23+00:00\",\"dateModified\":\"2022-06-25T06:40:24+00:00\",\"author\":{\"@id\":\"https:\/\/pakosc-kalwaria.franciszkanie.net\/#\/schema\/person\/af10b943be0760709227d060eadcb2aa\"},\"breadcrumb\":{\"@id\":\"https:\/\/pakosc-kalwaria.franciszkanie.net\/index.php\/2022\/06\/18\/zakonczenie-oktawy-bozego-ciala-i-poswiecenie-wiankow-czwartek-23-czerwca\/#breadcrumb\"},\"inLanguage\":\"pl-PL\",\"potentialAction\":[{\"@type\":\"ReadAction\",\"target\":[\"https:\/\/pakosc-kalwaria.franciszkanie.net\/index.php\/2022\/06\/18\/zakonczenie-oktawy-bozego-ciala-i-poswiecenie-wiankow-czwartek-23-czerwca\/\"]}]},{\"@type\":\"BreadcrumbList\",\"@id\":\"https:\/\/pakosc-kalwaria.franciszkanie.net\/index.php\/2022\/06\/18\/zakonczenie-oktawy-bozego-ciala-i-poswiecenie-wiankow-czwartek-23-czerwca\/#breadcrumb\",\"itemListElement\":[{\"@type\":\"ListItem\",\"position\":1,\"name\":\"Strona g\u0142\u00f3wna\",\"item\":\"https:\/\/pakosc-kalwaria.franciszkanie.net\/\"},{\"@type\":\"ListItem\",\"position\":2,\"name\":\"Zako\u0144czenie Oktawy Bo\u017cego Cia\u0142a i po\u015bwi\u0119cenie wiank\u00f3w\"}]},{\"@type\":\"Person\",\"@id\":\"https:\/\/pakosc-kalwaria.franciszkanie.net\/#\/schema\/person\/af10b943be0760709227d060eadcb2aa\",\"name\":\"pakosc-kalwaria\",\"image\":{\"@type\":\"ImageObject\",\"@id\":\"https:\/\/pakosc-kalwaria.franciszkanie.net\/#personlogo\",\"inLanguage\":\"pl-PL\",\"url\":\"https:\/\/secure.gravatar.com\/avatar\/e7049d338b55eac6a0027ff3218b8d02?s=96&d=mm&r=g\",\"contentUrl\":\"https:\/\/secure.gravatar.com\/avatar\/e7049d338b55eac6a0027ff3218b8d02?s=96&d=mm&r=g\",\"caption\":\"pakosc-kalwaria\"},\"sameAs\":[\"https:\/\/www.facebook.com\/KalwariaPakosc\/\"],\"url\":\"https:\/\/pakosc-kalwaria.franciszkanie.net\/index.php\/author\/pakosc-kalwaria\/\"}]}<\/script>\n<!-- \/ Yoast SEO plugin. -->","yoast_head_json":{"title":"Zako\u0144czenie Oktawy Bo\u017cego Cia\u0142a i po\u015bwi\u0119cenie wiank\u00f3w - Pako\u015b\u0107 \u2013 Kalwaria","robots":{"index":"index","follow":"follow","max-snippet":"max-snippet:-1","max-image-preview":"max-image-preview:large","max-video-preview":"max-video-preview:-1"},"canonical":"https:\/\/pakosc-kalwaria.franciszkanie.net\/index.php\/2022\/06\/18\/zakonczenie-oktawy-bozego-ciala-i-poswiecenie-wiankow-czwartek-23-czerwca\/","og_locale":"pl_PL","og_type":"article","og_title":"Zako\u0144czenie Oktawy Bo\u017cego Cia\u0142a i po\u015bwi\u0119cenie wiank\u00f3w - Pako\u015b\u0107 \u2013 Kalwaria","og_description":"Zapraszamy w czwartek 23 czerwca o 17.00 na Msz\u0119 \u015bw. i zako\u0144czenie Oktawy Bo\u017cego Cia\u0142a. Po procesji z Naj\u015bwi\u0119tszym Sakramentem nast\u0105pi po\u015bwi\u0119cenie wiank\u00f3w przeniesionych przez wiernych. W czwartek ko\u0144czy si\u0119 Oktawa Bo\u017cego Cia\u0142a, czyli okres o\u015bmiu dni, \u00a0podczas kt\u00f3rych po Mszy \u015bwi\u0119tej codziennie odbywaj\u0105 si\u0119 procesje z Naj\u015bwi\u0119tszym Sakramentem. Wierni prosz\u0105 Boga\u00a0 w modlitwach, \u015bpiewach, &hellip;","og_url":"https:\/\/pakosc-kalwaria.franciszkanie.net\/index.php\/2022\/06\/18\/zakonczenie-oktawy-bozego-ciala-i-poswiecenie-wiankow-czwartek-23-czerwca\/","og_site_name":"Pako\u015b\u0107 \u2013 Kalwaria","article_author":"https:\/\/www.facebook.com\/KalwariaPakosc\/","article_published_time":"2022-06-18T05:21:23+00:00","article_modified_time":"2022-06-25T06:40:24+00:00","og_image":[{"width":350,"height":262,"url":"https:\/\/pakosc-kalwaria.franciszkanie.net\/wp-content\/uploads\/2022\/06\/Poswiecenie-wiankow.jpg","type":"image\/jpeg"}],"twitter_card":"summary","twitter_misc":{"Napisane przez":"pakosc-kalwaria","Szacowany czas czytania":"3 minuty"},"schema":{"@context":"https:\/\/schema.org","@graph":[{"@type":"WebSite","@id":"https:\/\/pakosc-kalwaria.franciszkanie.net\/#website","url":"https:\/\/pakosc-kalwaria.franciszkanie.net\/","name":"Pako\u015b\u0107 \u2013 Kalwaria","description":"Parafia Rzymsko \u2013 Katolicka p.w. Pana Jezusa Ukrzy\u017cowanego i  Matki Bo\u017cej Bolesnej ul. Barci\u0144ska 60, 88\u2013170 Pako\u015b\u0107 \u2013 Kalwaria","potentialAction":[{"@type":"SearchAction","target":{"@type":"EntryPoint","urlTemplate":"https:\/\/pakosc-kalwaria.franciszkanie.net\/?s={search_term_string}"},"query-input":"required name=search_term_string"}],"inLanguage":"pl-PL"},{"@type":"ImageObject","@id":"https:\/\/pakosc-kalwaria.franciszkanie.net\/index.php\/2022\/06\/18\/zakonczenie-oktawy-bozego-ciala-i-poswiecenie-wiankow-czwartek-23-czerwca\/#primaryimage","inLanguage":"pl-PL","url":"https:\/\/pakosc-kalwaria.franciszkanie.net\/wp-content\/uploads\/2022\/06\/Poswiecenie-wiankow.jpg","contentUrl":"https:\/\/pakosc-kalwaria.franciszkanie.net\/wp-content\/uploads\/2022\/06\/Poswiecenie-wiankow.jpg","width":350,"height":262},{"@type":"WebPage","@id":"https:\/\/pakosc-kalwaria.franciszkanie.net\/index.php\/2022\/06\/18\/zakonczenie-oktawy-bozego-ciala-i-poswiecenie-wiankow-czwartek-23-czerwca\/#webpage","url":"https:\/\/pakosc-kalwaria.franciszkanie.net\/index.php\/2022\/06\/18\/zakonczenie-oktawy-bozego-ciala-i-poswiecenie-wiankow-czwartek-23-czerwca\/","name":"Zako\u0144czenie Oktawy Bo\u017cego Cia\u0142a i po\u015bwi\u0119cenie wiank\u00f3w - Pako\u015b\u0107 \u2013 Kalwaria","isPartOf":{"@id":"https:\/\/pakosc-kalwaria.franciszkanie.net\/#website"},"primaryImageOfPage":{"@id":"https:\/\/pakosc-kalwaria.franciszkanie.net\/index.php\/2022\/06\/18\/zakonczenie-oktawy-bozego-ciala-i-poswiecenie-wiankow-czwartek-23-czerwca\/#primaryimage"},"datePublished":"2022-06-18T05:21:23+00:00","dateModified":"2022-06-25T06:40:24+00:00","author":{"@id":"https:\/\/pakosc-kalwaria.franciszkanie.net\/#\/schema\/person\/af10b943be0760709227d060eadcb2aa"},"breadcrumb":{"@id":"https:\/\/pakosc-kalwaria.franciszkanie.net\/index.php\/2022\/06\/18\/zakonczenie-oktawy-bozego-ciala-i-poswiecenie-wiankow-czwartek-23-czerwca\/#breadcrumb"},"inLanguage":"pl-PL","potentialAction":[{"@type":"ReadAction","target":["https:\/\/pakosc-kalwaria.franciszkanie.net\/index.php\/2022\/06\/18\/zakonczenie-oktawy-bozego-ciala-i-poswiecenie-wiankow-czwartek-23-czerwca\/"]}]},{"@type":"BreadcrumbList","@id":"https:\/\/pakosc-kalwaria.franciszkanie.net\/index.php\/2022\/06\/18\/zakonczenie-oktawy-bozego-ciala-i-poswiecenie-wiankow-czwartek-23-czerwca\/#breadcrumb","itemListElement":[{"@type":"ListItem","position":1,"name":"Strona g\u0142\u00f3wna","item":"https:\/\/pakosc-kalwaria.franciszkanie.net\/"},{"@type":"ListItem","position":2,"name":"Zako\u0144czenie Oktawy Bo\u017cego Cia\u0142a i po\u015bwi\u0119cenie wiank\u00f3w"}]},{"@type":"Person","@id":"https:\/\/pakosc-kalwaria.franciszkanie.net\/#\/schema\/person\/af10b943be0760709227d060eadcb2aa","name":"pakosc-kalwaria","image":{"@type":"ImageObject","@id":"https:\/\/pakosc-kalwaria.franciszkanie.net\/#personlogo","inLanguage":"pl-PL","url":"https:\/\/secure.gravatar.com\/avatar\/e7049d338b55eac6a0027ff3218b8d02?s=96&d=mm&r=g","contentUrl":"https:\/\/secure.gravatar.com\/avatar\/e7049d338b55eac6a0027ff3218b8d02?s=96&d=mm&r=g","caption":"pakosc-kalwaria"},"sameAs":["https:\/\/www.facebook.com\/KalwariaPakosc\/"],"url":"https:\/\/pakosc-kalwaria.franciszkanie.net\/index.php\/author\/pakosc-kalwaria\/"}]}},"_links":{"self":[{"href":"https:\/\/pakosc-kalwaria.franciszkanie.net\/index.php\/wp-json\/wp\/v2\/posts\/24029"}],"collection":[{"href":"https:\/\/pakosc-kalwaria.franciszkanie.net\/index.php\/wp-json\/wp\/v2\/posts"}],"about":[{"href":"https:\/\/pakosc-kalwaria.franciszkanie.net\/index.php\/wp-json\/wp\/v2\/types\/post"}],"author":[{"embeddable":true,"href":"https:\/\/pakosc-kalwaria.franciszkanie.net\/index.php\/wp-json\/wp\/v2\/users\/2"}],"replies":[{"embeddable":true,"href":"https:\/\/pakosc-kalwaria.franciszkanie.net\/index.php\/wp-json\/wp\/v2\/comments?post=24029"}],"version-history":[{"count":2,"href":"https:\/\/pakosc-kalwaria.franciszkanie.net\/index.php\/wp-json\/wp\/v2\/posts\/24029\/revisions"}],"predecessor-version":[{"id":24039,"href":"https:\/\/pakosc-kalwaria.franciszkanie.net\/index.php\/wp-json\/wp\/v2\/posts\/24029\/revisions\/24039"}],"wp:featuredmedia":[{"embeddable":true,"href":"https:\/\/pakosc-kalwaria.franciszkanie.net\/index.php\/wp-json\/wp\/v2\/media\/24030"}],"wp:attachment":[{"href":"https:\/\/pakosc-kalwaria.franciszkanie.net\/index.php\/wp-json\/wp\/v2\/media?parent=24029"}],"wp:term":[{"taxonomy":"category","embeddable":true,"href":"https:\/\/pakosc-kalwaria.franciszkanie.net\/index.php\/wp-json\/wp\/v2\/categories?post=24029"},{"taxonomy":"post_tag","embeddable":true,"href":"https:\/\/pakosc-kalwaria.franciszkanie.net\/index.php\/wp-json\/wp\/v2\/tags?post=24029"}],"curies":[{"name":"wp","href":"https:\/\/api.w.org\/{rel}","templated":true}]}}