{"id":24033,"date":"2022-06-23T18:00:53","date_gmt":"2022-06-23T16:00:53","guid":{"rendered":"http:\/\/pakosc-kalwaria.franciszkanie.net\/?p=24033"},"modified":"2022-06-23T16:40:22","modified_gmt":"2022-06-23T14:40:22","slug":"do-medytacji-z-kalwaryjskiego-wzgorza-czwartek-23-06-2022r","status":"publish","type":"post","link":"https:\/\/pakosc-kalwaria.franciszkanie.net\/index.php\/2022\/06\/23\/do-medytacji-z-kalwaryjskiego-wzgorza-czwartek-23-06-2022r\/","title":{"rendered":"Do medytacji z kalwaryjskiego Wzg\u00f3rza \u2013 czwartek 23.06.2022r."},"content":{"rendered":"<p><strong><span style=\"color: #ff0000;\">Z kazania na kalwaryjskim Wzg\u00f3rzu \u2013 23.06.2022r. &#8211; Uroczysto\u015b\u0107 Narodzenia \u015bw. Jana Chrzciciela.<\/span><\/strong><\/p>\n<p><strong>Dar \u017cycia i dar powo\u0142ania.<br \/>\n<\/strong>Obchodzimy dzisiaj uroczysto\u015b\u0107 narodzin \u015bw. Jana Chrzciciela. I cho\u0107 sami bardzo cenimy sobie dzie\u0144 naszych narodzin, a tak\u017ce cieszymy si\u0119 narodzinami innych, to w Liturgii Ko\u015bcio\u0142a niezwykle rzadko zatrzymujemy si\u0119 nad dniem urodzin. Oczywi\u015bcie z wielk\u0105 rado\u015bci\u0105 \u015bwi\u0119tujemy dzie\u0144 narodzin Jezusa Chrystusa \u2013 25 grudnia. \u015awi\u0119tujemy dzie\u0144 narodzin Matki Bo\u017cej \u2013 8 wrze\u015bnia. Dzisiaj \u015bwi\u0119tujemy dzie\u0144 narodzin \u015bw. Jana Chrzciciela, kt\u00f3ry mia\u0142 zapowiedzie\u0107 i wskaza\u0107 ludziom oczekiwanego Mesjasza.<br \/>\n\u017bycie \u015bw. Jana Chrzciciela od pocz\u0105tku by\u0142o szczeg\u00f3lne. Narodzi\u0142 si\u0119 z rodzic\u00f3w, kt\u00f3rzy ze wzgl\u0119du na podesz\u0142y wiek, nie spodziewali si\u0119 ju\u017c w swoim \u017cyciu potomstwa. Kiedy przyszed\u0142 na \u015bwiat, wszyscy kt\u00f3rzy us\u0142yszeli o jego narodzeniu pytali: \u201eKim\u017ce b\u0119dzie to dzieci\u0119? Bo istotnie r\u0119ka Pa\u0144ska by\u0142a z nim\u201d. Jego ojciec Zachariasz powie po urodzeniu syna: \u201eA Ty dzieci\u0119, zwa\u0107 si\u0119 b\u0119dziesz prorokiem Najwy\u017cszego, gdy\u017c p\u00f3jdziesz przed Panem przygotowa\u0107 Mu drogi\u201d. Nawet imi\u0119 Jan, kt\u00f3re otrzyma\u0142 nie by\u0142o wcze\u015bniej obecne w jego rodzie. Jego \u017cyciowe powo\u0142anie by\u0142o niezwykle i wyj\u0105tkowe, zreszt\u0105 jak ka\u017cde powo\u0142anie, kt\u00f3rym B\u00f3g obdarza cz\u0142owieka na tej ziemi. Powo\u0142anie Jana Chrzciciela by\u0142o jednak cz\u0119sto naznaczone niezrozumieniem ze strony ludzi i cz\u0119sto prze\u017cywa\u0142 je w wielkiej samotno\u015bci. Ewangeli\u015bci zaznaczyli, \u017ce Jan Chrzciciel przebywa\u0142\u00a0 cz\u0119sto w miejscach pustynnych, ubiera\u0142 si\u0119 odmiennie i nie jada\u0142 wykwintnych potraw. Odczytuj\u0105c powo\u0142anie otrzymane od Boga, a potem realizuj\u0105c je konsekwentnie i z wielkim po\u015bwi\u0119ceniem, by\u0142 przekonany i mocno w to wierzy\u0142, \u017ce B\u00f3g b\u0119dzie zawsze blisko niego i b\u0119dzie go wspomaga\u0142 swoimi \u0142askami. Jak czytamy u proroka Izajasza: \u201ePowo\u0142a\u0142 mnie Pan ju\u017c w \u0142onie mej matki, od jej wn\u0119trzno\u015bci wspomnia\u0142 moje imi\u0119.\u201d<br \/>\nNikt z nas te\u017c nie jest na tym \u015bwiecie z przypadku. Ka\u017cdy z nas ma do wype\u0142nienia niepowtarzaln\u0105 misj\u0119 powierzon\u0105 nam przez Boga. B\u00f3g daj\u0105c cz\u0142owiekowi \u017cycie, zapewnia go o swojej blisko\u015bci i nie pozwala w \u017cyciu na bezczynno\u015b\u0107. Ka\u017cdy z nas jest Bogu potrzebny, aby w swoim \u017cyciu, tak Jan Chrzciciel g\u0142osi\u0107 te\u017c Jego chwa\u0142\u0119. Nie mo\u017cemy si\u0119 jednak ba\u0107 odpowiedzialno\u015bci za swoje \u017cycie i za swoje powo\u0142anie. Nie mo\u017cemy w \u017cyciu l\u0119ka\u0107 si\u0119 niebezpiecze\u0144stw i trud\u00f3w zwi\u0105zanych z realizacj\u0105 powo\u0142ania. Trzeba w realizacj\u0119 powo\u0142ania zaanga\u017cowa\u0107 si\u0119 bez reszty, ca\u0142ym sercem, ca\u0142ym sob\u0105! Ka\u017cdy cz\u0142owiek, podobnie jak Jan Chrzciciel, pragnie w \u017cyciu odnale\u017a\u0107 jasny cel, ku kt\u00f3remu warto pod\u0105\u017ca\u0107. Nikt nie chce, aby jego wysi\u0142ki podejmowane w codziennym \u017cyciu by\u0142y bezcelowe, a wykonane czyny nikomu nie by\u0142y potrzebne. Znale\u017a\u0107 cel w \u017cyciu, to znale\u017a\u0107 szcz\u0119\u015bcie, a to staje si\u0119 jednocze\u015bnie obron\u0105 przed zniech\u0119ceniem i brakiem nadziei.<br \/>\nJan Chrzciciel zosta\u0142 przez Boga wybrany i to wybranie przyj\u0105\u0142 \u015bwiadomie i dobrowolnie. Do realizacji swojego powo\u0142ania stara\u0142 si\u0119 te\u017c jak najlepiej przygotowa\u0107. Okazuje si\u0119, \u017ce dobre przygotowanie jest podstaw\u0105 p\u00f3\u017aniejszego dobrego realizowania powo\u0142ania i Bo\u017cych plan\u00f3w w swoim \u017cyciu. Wa\u017cne te\u017c jest, by w\u0142a\u015bciwie odnale\u017a\u0107 i odczyta\u0107 Bo\u017c\u0105 wol\u0119 w swoim \u017cyciu. A to wymaga rzetelnego namys\u0142u, ciszy serca oraz wiary i zaufania do Boga. Potrzeba tak\u017ce odpowiedzialno\u015bci za swoje s\u0142owa, decyzje i czyny. Warto te\u017c nauczy\u0107 si\u0119 od \u015bw. Jana Chrzciciela, \u017ce aby pi\u0119knie \u017cy\u0107, trzeba by\u0107 w \u017cyciu naprawd\u0119 sob\u0105 i nie udawa\u0107 kogo\u015b innego. By\u0107 sob\u0105, to opiera\u0107 si\u0119 w \u017cyciu na Kim\u015b wi\u0119kszym od siebie, na Kim\u015b na kogo zawsze mog\u0119 w swoim \u017cyciu liczy\u0107, nale\u017cy oprze\u0107 swoje \u017cycie na Bogu i \u017cy\u0107 w prawdzie o sobie. Jan Chrzciciel wiedzia\u0142, \u017ce dar \u017cycia otrzyma\u0142 od Boga. Wiedzia\u0142 te\u017c, \u017ce jego \u017cyciowe powo\u0142anie to tak\u017ce dar od Boga. B\u0119d\u0105c wiernym w realizacji \u017cyciowego powo\u0142ania, z odwag\u0105 wskazywa\u0142 innym drog\u0119 do Jezusa: \u201eOto Baranek Bo\u017cy\u201d.<br \/>\nDzi\u0119kuj\u0105c dzisiaj za dar \u017cycia i powo\u0142ania \u015bw. Jana Chrzciciela, podzi\u0119kujmy Bogu tak\u017ce za dar naszego \u017cycia i za dar naszego \u017cyciowego powo\u0142ania. Niech nasze cz\u0119ste spotkania z Jezusem na Eucharystii i cz\u0119sto przyjmowana Komunia \u015bwi\u0119ta, pomog\u0105 nam ka\u017cdego dnia wiernie realizowa\u0107 nasze chrze\u015bcija\u0144skie i \u017cyciowe powo\u0142anie oraz niech nam pomog\u0105 z odwag\u0105 dawa\u0107 \u015bwiadectwo naszej wiary w Boga i innym wskazywa\u0107 drog\u0119 do Jezusa. Amen.<br \/>\n(o.R.)<\/p>\n","protected":false},"excerpt":{"rendered":"<p>Z kazania na kalwaryjskim Wzg\u00f3rzu \u2013 23.06.2022r. &#8211; Uroczysto\u015b\u0107 Narodzenia \u015bw. Jana Chrzciciela. Dar \u017cycia i dar powo\u0142ania. Obchodzimy dzisiaj uroczysto\u015b\u0107 narodzin \u015bw. Jana Chrzciciela. I cho\u0107 sami bardzo cenimy sobie dzie\u0144 naszych narodzin, a tak\u017ce cieszymy si\u0119 narodzinami innych, to w Liturgii Ko\u015bcio\u0142a niezwykle rzadko zatrzymujemy si\u0119 nad dniem urodzin. Oczywi\u015bcie z wielk\u0105 rado\u015bci\u0105 &hellip;<\/p>\n","protected":false},"author":2,"featured_media":24034,"comment_status":"closed","ping_status":"closed","sticky":false,"template":"","format":"standard","meta":{"_mi_skip_tracking":false,"_exactmetrics_sitenote_active":false,"_exactmetrics_sitenote_note":"","_exactmetrics_sitenote_category":0},"categories":[14],"tags":[],"yoast_head":"<!-- This site is optimized with the Yoast SEO plugin v18.1 - https:\/\/yoast.com\/wordpress\/plugins\/seo\/ -->\n<title>Do medytacji z kalwaryjskiego Wzg\u00f3rza \u2013 czwartek 23.06.2022r. - Pako\u015b\u0107 \u2013 Kalwaria<\/title>\n<meta name=\"robots\" content=\"index, follow, max-snippet:-1, max-image-preview:large, max-video-preview:-1\" \/>\n<link rel=\"canonical\" href=\"https:\/\/pakosc-kalwaria.franciszkanie.net\/index.php\/2022\/06\/23\/do-medytacji-z-kalwaryjskiego-wzgorza-czwartek-23-06-2022r\/\" \/>\n<meta property=\"og:locale\" content=\"pl_PL\" \/>\n<meta property=\"og:type\" content=\"article\" \/>\n<meta property=\"og:title\" content=\"Do medytacji z kalwaryjskiego Wzg\u00f3rza \u2013 czwartek 23.06.2022r. - Pako\u015b\u0107 \u2013 Kalwaria\" \/>\n<meta property=\"og:description\" content=\"Z kazania na kalwaryjskim Wzg\u00f3rzu \u2013 23.06.2022r. &#8211; Uroczysto\u015b\u0107 Narodzenia \u015bw. Jana Chrzciciela. Dar \u017cycia i dar powo\u0142ania. Obchodzimy dzisiaj uroczysto\u015b\u0107 narodzin \u015bw. Jana Chrzciciela. I cho\u0107 sami bardzo cenimy sobie dzie\u0144 naszych narodzin, a tak\u017ce cieszymy si\u0119 narodzinami innych, to w Liturgii Ko\u015bcio\u0142a niezwykle rzadko zatrzymujemy si\u0119 nad dniem urodzin. Oczywi\u015bcie z wielk\u0105 rado\u015bci\u0105 &hellip;\" \/>\n<meta property=\"og:url\" content=\"https:\/\/pakosc-kalwaria.franciszkanie.net\/index.php\/2022\/06\/23\/do-medytacji-z-kalwaryjskiego-wzgorza-czwartek-23-06-2022r\/\" \/>\n<meta property=\"og:site_name\" content=\"Pako\u015b\u0107 \u2013 Kalwaria\" \/>\n<meta property=\"article:author\" content=\"https:\/\/www.facebook.com\/KalwariaPakosc\/\" \/>\n<meta property=\"article:published_time\" content=\"2022-06-23T16:00:53+00:00\" \/>\n<meta property=\"article:modified_time\" content=\"2022-06-23T14:40:22+00:00\" \/>\n<meta property=\"og:image\" content=\"https:\/\/pakosc-kalwaria.franciszkanie.net\/wp-content\/uploads\/2022\/06\/Oltarz-polowy-czerwiec-2022-1.jpg\" \/>\n\t<meta property=\"og:image:width\" content=\"350\" \/>\n\t<meta property=\"og:image:height\" content=\"197\" \/>\n\t<meta property=\"og:image:type\" content=\"image\/jpeg\" \/>\n<meta name=\"twitter:card\" content=\"summary\" \/>\n<meta name=\"twitter:label1\" content=\"Napisane przez\" \/>\n\t<meta name=\"twitter:data1\" content=\"pakosc-kalwaria\" \/>\n\t<meta name=\"twitter:label2\" content=\"Szacowany czas czytania\" \/>\n\t<meta name=\"twitter:data2\" content=\"4 minuty\" \/>\n<script type=\"application\/ld+json\" class=\"yoast-schema-graph\">{\"@context\":\"https:\/\/schema.org\",\"@graph\":[{\"@type\":\"WebSite\",\"@id\":\"https:\/\/pakosc-kalwaria.franciszkanie.net\/#website\",\"url\":\"https:\/\/pakosc-kalwaria.franciszkanie.net\/\",\"name\":\"Pako\u015b\u0107 \u2013 Kalwaria\",\"description\":\"Parafia Rzymsko \u2013 Katolicka p.w. Pana Jezusa Ukrzy\u017cowanego i  Matki Bo\u017cej Bolesnej ul. Barci\u0144ska 60, 88\u2013170 Pako\u015b\u0107 \u2013 Kalwaria\",\"potentialAction\":[{\"@type\":\"SearchAction\",\"target\":{\"@type\":\"EntryPoint\",\"urlTemplate\":\"https:\/\/pakosc-kalwaria.franciszkanie.net\/?s={search_term_string}\"},\"query-input\":\"required name=search_term_string\"}],\"inLanguage\":\"pl-PL\"},{\"@type\":\"ImageObject\",\"@id\":\"https:\/\/pakosc-kalwaria.franciszkanie.net\/index.php\/2022\/06\/23\/do-medytacji-z-kalwaryjskiego-wzgorza-czwartek-23-06-2022r\/#primaryimage\",\"inLanguage\":\"pl-PL\",\"url\":\"https:\/\/pakosc-kalwaria.franciszkanie.net\/wp-content\/uploads\/2022\/06\/Oltarz-polowy-czerwiec-2022-1.jpg\",\"contentUrl\":\"https:\/\/pakosc-kalwaria.franciszkanie.net\/wp-content\/uploads\/2022\/06\/Oltarz-polowy-czerwiec-2022-1.jpg\",\"width\":350,\"height\":197},{\"@type\":\"WebPage\",\"@id\":\"https:\/\/pakosc-kalwaria.franciszkanie.net\/index.php\/2022\/06\/23\/do-medytacji-z-kalwaryjskiego-wzgorza-czwartek-23-06-2022r\/#webpage\",\"url\":\"https:\/\/pakosc-kalwaria.franciszkanie.net\/index.php\/2022\/06\/23\/do-medytacji-z-kalwaryjskiego-wzgorza-czwartek-23-06-2022r\/\",\"name\":\"Do medytacji z kalwaryjskiego Wzg\u00f3rza \u2013 czwartek 23.06.2022r. - Pako\u015b\u0107 \u2013 Kalwaria\",\"isPartOf\":{\"@id\":\"https:\/\/pakosc-kalwaria.franciszkanie.net\/#website\"},\"primaryImageOfPage\":{\"@id\":\"https:\/\/pakosc-kalwaria.franciszkanie.net\/index.php\/2022\/06\/23\/do-medytacji-z-kalwaryjskiego-wzgorza-czwartek-23-06-2022r\/#primaryimage\"},\"datePublished\":\"2022-06-23T16:00:53+00:00\",\"dateModified\":\"2022-06-23T14:40:22+00:00\",\"author\":{\"@id\":\"https:\/\/pakosc-kalwaria.franciszkanie.net\/#\/schema\/person\/af10b943be0760709227d060eadcb2aa\"},\"breadcrumb\":{\"@id\":\"https:\/\/pakosc-kalwaria.franciszkanie.net\/index.php\/2022\/06\/23\/do-medytacji-z-kalwaryjskiego-wzgorza-czwartek-23-06-2022r\/#breadcrumb\"},\"inLanguage\":\"pl-PL\",\"potentialAction\":[{\"@type\":\"ReadAction\",\"target\":[\"https:\/\/pakosc-kalwaria.franciszkanie.net\/index.php\/2022\/06\/23\/do-medytacji-z-kalwaryjskiego-wzgorza-czwartek-23-06-2022r\/\"]}]},{\"@type\":\"BreadcrumbList\",\"@id\":\"https:\/\/pakosc-kalwaria.franciszkanie.net\/index.php\/2022\/06\/23\/do-medytacji-z-kalwaryjskiego-wzgorza-czwartek-23-06-2022r\/#breadcrumb\",\"itemListElement\":[{\"@type\":\"ListItem\",\"position\":1,\"name\":\"Strona g\u0142\u00f3wna\",\"item\":\"https:\/\/pakosc-kalwaria.franciszkanie.net\/\"},{\"@type\":\"ListItem\",\"position\":2,\"name\":\"Do medytacji z kalwaryjskiego Wzg\u00f3rza \u2013 czwartek 23.06.2022r.\"}]},{\"@type\":\"Person\",\"@id\":\"https:\/\/pakosc-kalwaria.franciszkanie.net\/#\/schema\/person\/af10b943be0760709227d060eadcb2aa\",\"name\":\"pakosc-kalwaria\",\"image\":{\"@type\":\"ImageObject\",\"@id\":\"https:\/\/pakosc-kalwaria.franciszkanie.net\/#personlogo\",\"inLanguage\":\"pl-PL\",\"url\":\"https:\/\/secure.gravatar.com\/avatar\/e7049d338b55eac6a0027ff3218b8d02?s=96&d=mm&r=g\",\"contentUrl\":\"https:\/\/secure.gravatar.com\/avatar\/e7049d338b55eac6a0027ff3218b8d02?s=96&d=mm&r=g\",\"caption\":\"pakosc-kalwaria\"},\"sameAs\":[\"https:\/\/www.facebook.com\/KalwariaPakosc\/\"],\"url\":\"https:\/\/pakosc-kalwaria.franciszkanie.net\/index.php\/author\/pakosc-kalwaria\/\"}]}<\/script>\n<!-- \/ Yoast SEO plugin. -->","yoast_head_json":{"title":"Do medytacji z kalwaryjskiego Wzg\u00f3rza \u2013 czwartek 23.06.2022r. - Pako\u015b\u0107 \u2013 Kalwaria","robots":{"index":"index","follow":"follow","max-snippet":"max-snippet:-1","max-image-preview":"max-image-preview:large","max-video-preview":"max-video-preview:-1"},"canonical":"https:\/\/pakosc-kalwaria.franciszkanie.net\/index.php\/2022\/06\/23\/do-medytacji-z-kalwaryjskiego-wzgorza-czwartek-23-06-2022r\/","og_locale":"pl_PL","og_type":"article","og_title":"Do medytacji z kalwaryjskiego Wzg\u00f3rza \u2013 czwartek 23.06.2022r. - Pako\u015b\u0107 \u2013 Kalwaria","og_description":"Z kazania na kalwaryjskim Wzg\u00f3rzu \u2013 23.06.2022r. &#8211; Uroczysto\u015b\u0107 Narodzenia \u015bw. Jana Chrzciciela. Dar \u017cycia i dar powo\u0142ania. Obchodzimy dzisiaj uroczysto\u015b\u0107 narodzin \u015bw. Jana Chrzciciela. I cho\u0107 sami bardzo cenimy sobie dzie\u0144 naszych narodzin, a tak\u017ce cieszymy si\u0119 narodzinami innych, to w Liturgii Ko\u015bcio\u0142a niezwykle rzadko zatrzymujemy si\u0119 nad dniem urodzin. Oczywi\u015bcie z wielk\u0105 rado\u015bci\u0105 &hellip;","og_url":"https:\/\/pakosc-kalwaria.franciszkanie.net\/index.php\/2022\/06\/23\/do-medytacji-z-kalwaryjskiego-wzgorza-czwartek-23-06-2022r\/","og_site_name":"Pako\u015b\u0107 \u2013 Kalwaria","article_author":"https:\/\/www.facebook.com\/KalwariaPakosc\/","article_published_time":"2022-06-23T16:00:53+00:00","article_modified_time":"2022-06-23T14:40:22+00:00","og_image":[{"width":350,"height":197,"url":"https:\/\/pakosc-kalwaria.franciszkanie.net\/wp-content\/uploads\/2022\/06\/Oltarz-polowy-czerwiec-2022-1.jpg","type":"image\/jpeg"}],"twitter_card":"summary","twitter_misc":{"Napisane przez":"pakosc-kalwaria","Szacowany czas czytania":"4 minuty"},"schema":{"@context":"https:\/\/schema.org","@graph":[{"@type":"WebSite","@id":"https:\/\/pakosc-kalwaria.franciszkanie.net\/#website","url":"https:\/\/pakosc-kalwaria.franciszkanie.net\/","name":"Pako\u015b\u0107 \u2013 Kalwaria","description":"Parafia Rzymsko \u2013 Katolicka p.w. Pana Jezusa Ukrzy\u017cowanego i  Matki Bo\u017cej Bolesnej ul. Barci\u0144ska 60, 88\u2013170 Pako\u015b\u0107 \u2013 Kalwaria","potentialAction":[{"@type":"SearchAction","target":{"@type":"EntryPoint","urlTemplate":"https:\/\/pakosc-kalwaria.franciszkanie.net\/?s={search_term_string}"},"query-input":"required name=search_term_string"}],"inLanguage":"pl-PL"},{"@type":"ImageObject","@id":"https:\/\/pakosc-kalwaria.franciszkanie.net\/index.php\/2022\/06\/23\/do-medytacji-z-kalwaryjskiego-wzgorza-czwartek-23-06-2022r\/#primaryimage","inLanguage":"pl-PL","url":"https:\/\/pakosc-kalwaria.franciszkanie.net\/wp-content\/uploads\/2022\/06\/Oltarz-polowy-czerwiec-2022-1.jpg","contentUrl":"https:\/\/pakosc-kalwaria.franciszkanie.net\/wp-content\/uploads\/2022\/06\/Oltarz-polowy-czerwiec-2022-1.jpg","width":350,"height":197},{"@type":"WebPage","@id":"https:\/\/pakosc-kalwaria.franciszkanie.net\/index.php\/2022\/06\/23\/do-medytacji-z-kalwaryjskiego-wzgorza-czwartek-23-06-2022r\/#webpage","url":"https:\/\/pakosc-kalwaria.franciszkanie.net\/index.php\/2022\/06\/23\/do-medytacji-z-kalwaryjskiego-wzgorza-czwartek-23-06-2022r\/","name":"Do medytacji z kalwaryjskiego Wzg\u00f3rza \u2013 czwartek 23.06.2022r. - Pako\u015b\u0107 \u2013 Kalwaria","isPartOf":{"@id":"https:\/\/pakosc-kalwaria.franciszkanie.net\/#website"},"primaryImageOfPage":{"@id":"https:\/\/pakosc-kalwaria.franciszkanie.net\/index.php\/2022\/06\/23\/do-medytacji-z-kalwaryjskiego-wzgorza-czwartek-23-06-2022r\/#primaryimage"},"datePublished":"2022-06-23T16:00:53+00:00","dateModified":"2022-06-23T14:40:22+00:00","author":{"@id":"https:\/\/pakosc-kalwaria.franciszkanie.net\/#\/schema\/person\/af10b943be0760709227d060eadcb2aa"},"breadcrumb":{"@id":"https:\/\/pakosc-kalwaria.franciszkanie.net\/index.php\/2022\/06\/23\/do-medytacji-z-kalwaryjskiego-wzgorza-czwartek-23-06-2022r\/#breadcrumb"},"inLanguage":"pl-PL","potentialAction":[{"@type":"ReadAction","target":["https:\/\/pakosc-kalwaria.franciszkanie.net\/index.php\/2022\/06\/23\/do-medytacji-z-kalwaryjskiego-wzgorza-czwartek-23-06-2022r\/"]}]},{"@type":"BreadcrumbList","@id":"https:\/\/pakosc-kalwaria.franciszkanie.net\/index.php\/2022\/06\/23\/do-medytacji-z-kalwaryjskiego-wzgorza-czwartek-23-06-2022r\/#breadcrumb","itemListElement":[{"@type":"ListItem","position":1,"name":"Strona g\u0142\u00f3wna","item":"https:\/\/pakosc-kalwaria.franciszkanie.net\/"},{"@type":"ListItem","position":2,"name":"Do medytacji z kalwaryjskiego Wzg\u00f3rza \u2013 czwartek 23.06.2022r."}]},{"@type":"Person","@id":"https:\/\/pakosc-kalwaria.franciszkanie.net\/#\/schema\/person\/af10b943be0760709227d060eadcb2aa","name":"pakosc-kalwaria","image":{"@type":"ImageObject","@id":"https:\/\/pakosc-kalwaria.franciszkanie.net\/#personlogo","inLanguage":"pl-PL","url":"https:\/\/secure.gravatar.com\/avatar\/e7049d338b55eac6a0027ff3218b8d02?s=96&d=mm&r=g","contentUrl":"https:\/\/secure.gravatar.com\/avatar\/e7049d338b55eac6a0027ff3218b8d02?s=96&d=mm&r=g","caption":"pakosc-kalwaria"},"sameAs":["https:\/\/www.facebook.com\/KalwariaPakosc\/"],"url":"https:\/\/pakosc-kalwaria.franciszkanie.net\/index.php\/author\/pakosc-kalwaria\/"}]}},"_links":{"self":[{"href":"https:\/\/pakosc-kalwaria.franciszkanie.net\/index.php\/wp-json\/wp\/v2\/posts\/24033"}],"collection":[{"href":"https:\/\/pakosc-kalwaria.franciszkanie.net\/index.php\/wp-json\/wp\/v2\/posts"}],"about":[{"href":"https:\/\/pakosc-kalwaria.franciszkanie.net\/index.php\/wp-json\/wp\/v2\/types\/post"}],"author":[{"embeddable":true,"href":"https:\/\/pakosc-kalwaria.franciszkanie.net\/index.php\/wp-json\/wp\/v2\/users\/2"}],"replies":[{"embeddable":true,"href":"https:\/\/pakosc-kalwaria.franciszkanie.net\/index.php\/wp-json\/wp\/v2\/comments?post=24033"}],"version-history":[{"count":4,"href":"https:\/\/pakosc-kalwaria.franciszkanie.net\/index.php\/wp-json\/wp\/v2\/posts\/24033\/revisions"}],"predecessor-version":[{"id":24038,"href":"https:\/\/pakosc-kalwaria.franciszkanie.net\/index.php\/wp-json\/wp\/v2\/posts\/24033\/revisions\/24038"}],"wp:featuredmedia":[{"embeddable":true,"href":"https:\/\/pakosc-kalwaria.franciszkanie.net\/index.php\/wp-json\/wp\/v2\/media\/24034"}],"wp:attachment":[{"href":"https:\/\/pakosc-kalwaria.franciszkanie.net\/index.php\/wp-json\/wp\/v2\/media?parent=24033"}],"wp:term":[{"taxonomy":"category","embeddable":true,"href":"https:\/\/pakosc-kalwaria.franciszkanie.net\/index.php\/wp-json\/wp\/v2\/categories?post=24033"},{"taxonomy":"post_tag","embeddable":true,"href":"https:\/\/pakosc-kalwaria.franciszkanie.net\/index.php\/wp-json\/wp\/v2\/tags?post=24033"}],"curies":[{"name":"wp","href":"https:\/\/api.w.org\/{rel}","templated":true}]}}