{"id":24041,"date":"2022-06-18T22:48:37","date_gmt":"2022-06-18T20:48:37","guid":{"rendered":"http:\/\/pakosc-kalwaria.franciszkanie.net\/?p=24041"},"modified":"2022-06-25T08:39:58","modified_gmt":"2022-06-25T06:39:58","slug":"uroczystosc-najswietszego-serca-pana-jezusa","status":"publish","type":"post","link":"https:\/\/pakosc-kalwaria.franciszkanie.net\/index.php\/2022\/06\/18\/uroczystosc-najswietszego-serca-pana-jezusa\/","title":{"rendered":"Uroczysto\u015b\u0107 Naj\u015bwi\u0119tszego Serca Pana Jezusa"},"content":{"rendered":"<div class=\"entry-content\">\n<div class=\"entry-content\">\n<p><strong><span style=\"color: #ff0000;\">W pi\u0105tek 24 czerwca<\/span> obchodzimy uroczysto\u015b\u0107 Naj\u015bwi\u0119tszego Serca Pana Jezusa. <span style=\"color: #ff0000;\">Msza \u015awi\u0119ta o 17.00<\/span>. <\/strong><strong>Serdecznie zapraszamy do wsp\u00f3lnej modlitwy na kalwaryjskim Wzg\u00f3rzu. <\/strong><\/p>\n<p><strong><span style=\"color: #ff0000;\">Na Kalwarii Pakoskiej<\/span> w pi\u0105tek przy pomniku Naj\u015bwi\u0119tszego Serca Pana Jezusa o 18.00 Msza \u015bw., a po niej Procesja Eucharystyczna do ko\u015bcio\u0142a \u015bw. Bonawentury.<\/strong><\/p>\n<p><strong>Uroczysto\u015b\u0107 Naj\u015bwi\u0119tszego Serca Pana Jezusa<\/strong>, w liturgii \u00a0przypada w pierwszy pi\u0105tek po oktawie Bo\u017cego Cia\u0142a, czyli w pi\u0105tek po drugiej niedzieli po Zes\u0142aniu Ducha \u015awi\u0119tego (Zielonych \u015awi\u0105tkach, Pi\u0119\u0107dziesi\u0105tnicy). Uroczysto\u015b\u0107 ta zosta\u0142a ustanowiona po objawieniu si\u0119 Chrystusa \u015bwi\u0119tej Ma\u0142gorzacie Marii Alacoque w latach 1673-1675. W objawieniach tych Chrystus poleci\u0142, by ustanowiono \u015bwi\u0119to ku czci Jego Serca w pierwszy pi\u0105tek po oktawie Bo\u017cego Cia\u0142a oraz by odprawiano specjalnego nabo\u017ce\u0144stwa. Wiernym, kt\u00f3rzy b\u0119d\u0105 oddawa\u0107 cze\u015b\u0107 Boskiemu Sercu, obieca\u0142 wiele \u0142ask (tzw. obietnice Serca Jezusowego). Formalnie \u015bwi\u0119to, jako uroczysto\u015b\u0107 liturgiczna, zosta\u0142o ustanowione przez papie\u017ca Klemensa XIII w dniu 6 lutego 1765, w\u00f3wczas tylko dla Kr\u00f3lestwa Polskiego. Uroczysto\u015b\u0107 t\u0119 rozszerzy\u0142 na ca\u0142y Ko\u015bci\u00f3\u0142 papie\u017c Pius IX w dniu 23 sierpnia 1856.<\/p>\n<p><strong><span style=\"color: #ff0000;\"><u>Litania do Naj\u015bwi\u0119tszego Serca Pana Jezusa<\/u>\u00a0<\/span>\u00a0 <u><br \/>\n<\/u><\/strong>Kyrie, elejson. Chryste, elejson. Kyrie, elejson.<br \/>\nChryste, us\u0142ysz nas. Chryste, wys\u0142uchaj nas.<br \/>\nOjcze z nieba, Bo\u017ce, <strong>zmi\u0142uj si\u0119 nad nami.<\/strong><br \/>\nSynu, Odkupicielu \u015bwiata, Bo\u017ce,<br \/>\nDuchu \u015awi\u0119ty, Bo\u017ce,<br \/>\n\u015awi\u0119ta Tr\u00f3jco, Jedyny Bo\u017ce,<\/p>\n<p>Serce Jezusa, Syna Ojca Przedwiecznego<strong><em>, zmi\u0142uj si\u0119 nad nami<br \/>\n<\/em><\/strong>Serce Jezusa, w \u0142onie Matki Dziewicy przez Ducha \u015awi\u0119tego utworzone,<br \/>\nSerce Jezusa, ze S\u0142owem Bo\u017cym istotowo zjednoczone,<br \/>\nSerce Jezusa, niesko\u0144czonego majestatu,<br \/>\nSerce Jezusa, \u015bwi\u0105tynio Boga,<br \/>\nSerce Jezusa, przybytku Najwy\u017cszego,<br \/>\nSerce Jezusa, domie Bo\u017cy i bramo niebios,<br \/>\nSerce Jezusa, gorej\u0105ce ognisko mi\u0142o\u015bci,<br \/>\nSerce Jezusa, sprawiedliwo\u015bci i mi\u0142o\u015bci skarbnico,<br \/>\nSerce Jezusa, dobroci i mi\u0142o\u015bci pe\u0142ne,<br \/>\nSerce Jezusa, cn\u00f3t wszelkich bezdenna g\u0142\u0119bino,<br \/>\nSerce Jezusa, wszelkiej chwa\u0142y najgodniejsze,<br \/>\nSerce Jezusa, kr\u00f3lu i zjednoczenie serc wszystkich,<br \/>\nSerce Jezusa, w kt\u00f3rym s\u0105 wszystkie skarby m\u0105dro\u015bci i umiej\u0119tno\u015bci,<br \/>\nSerce Jezusa, w kt\u00f3rym mieszka ca\u0142a pe\u0142nia B\u00f3stwa,<br \/>\nSerce Jezusa, w kt\u00f3rym sobie Ojciec bardzo upodoba\u0142,<br \/>\nSerce Jezusa, z kt\u00f3rego pe\u0142ni wszyscy\u015bmy otrzymali,<br \/>\nSerce Jezusa, odwieczne upragnienie \u015bwiata,<br \/>\nSerce Jezusa, cierpliwe i wielkiego mi\u0142osierdzia,<br \/>\nSerce Jezusa, hojne dla wszystkich, kt\u00f3rzy Ci\u0119 wzywaj\u0105,<br \/>\nSerce Jezusa, \u017ar\u00f3d\u0142o \u017cycia i \u015bwi\u0119to\u015bci,<br \/>\nSerce Jezusa, przeb\u0142aganie za grzechy nasze,<br \/>\nSerce Jezusa, zel\u017cywo\u015bci\u0105 nape\u0142nione,<br \/>\nSerce Jezusa, dla nieprawo\u015bci naszych starte,<br \/>\nSerce Jezusa, a\u017c do \u015bmierci pos\u0142uszne,<br \/>\nSerce Jezusa, w\u0142\u00f3czni\u0105 przebite,<br \/>\nSerce Jezusa, \u017ar\u00f3d\u0142o wszelkiej pociechy,<br \/>\nSerce Jezusa, \u017cycie i zmartwychwstanie nasze,<br \/>\nSerce Jezusa, pokoju i pojednanie nasze,<br \/>\nSerce Jezusa, krwawa ofiaro grzesznik\u00f3w,<br \/>\nSerce Jezusa, zbawienie ufaj\u0105cych Tobie,<br \/>\nSerce Jezusa, nadziejo w Tobie umieraj\u0105cych,<br \/>\nSerce Jezusa, rozkoszy wszystkich \u015awi\u0119tych,<\/p>\n<p>Baranku Bo\u017cy, kt\u00f3ry g\u0142adzisz grzechy \u015bwiata,<br \/>\n<strong>przepu\u015b\u0107 nam, Panie.<\/strong><br \/>\nBaranku Bo\u017cy, kt\u00f3ry g\u0142adzisz grzechy \u015bwiata,<br \/>\n<strong>wys\u0142uchaj nas, Panie.<\/strong><br \/>\nBaranku Bo\u017cy, kt\u00f3ry g\u0142adzisz grzechy \u015bwiata,<br \/>\n<strong>zmi\u0142uj si\u0119 nad nami.<\/strong><\/p>\n<p><strong>K. Jezu cichy i pokornego serca.<br \/>\nW.<\/strong> Uczy\u0144 serca nasze wed\u0142ug Serca Twego.<br \/>\n<strong><br \/>\nM\u00f3dlmy si\u0119:<\/strong><br \/>\nWszechmog\u0105cy, wieczny Bo\u017ce, wejrzyj na Serce najmilszego Syna swego i na chwa\u0142\u0119 i zado\u015b\u0107uczynienie, jakie w imieniu grzesznik\u00f3w Ci sk\u0142ada; daj si\u0119 przeb\u0142aga\u0107 tym, kt\u00f3rzy \u017cebrz\u0105 Twego mi\u0142osierdzia i racz udzieli\u0107 przebaczenia w imi\u0119 tego\u017c Syna Swego, Jezusa Chrystusa, kt\u00f3ry z Tob\u0105 \u017cyje i kr\u00f3luje na wieki wiek\u00f3w. <strong>W. Amen.<\/strong><\/p>\n<p><strong><br \/>\n<span style=\"color: #ff0000;\">Akt po\u015bwi\u0119cenia rodzaju ludzkiego Naj\u015bwi\u0119tszemu Sercu Pana Jezusa.<\/span><br \/>\n<\/strong>O Jezu najs\u0142odszy, Odkupicielu rodzaju ludzkiego, wejrzyj na nas, korz\u0105cych si\u0119 u st\u00f3p Twego o\u0142tarza. Twoj\u0105 jeste\u015bmy w\u0142asno\u015bci\u0105 i do Ciebie nale\u017ce\u0107 chcemy. Oto dzisiaj ka\u017cdy z nas oddaje si\u0119 dobrowolnie Naj\u015bwi\u0119tszemu Sercu Twemu, aby jeszcze \u015bci\u015blej zjednoczy\u0107 si\u0119 z Tob\u0105. Wielu nie zna ci\u0119 wcale; wielu odwr\u00f3ci\u0142o si\u0119 od Ciebie, wzgardziwszy przykazaniami Twymi. Zlituj si\u0119 nad jednymi i drugimi, o Jezu Naj\u0142askawszy, i poci\u0105gnij wszystkich do \u015bwi\u0119tego Serca Swego. Kr\u00f3lem b\u0105d\u017a nam, o Panie, nie tylko wiernym, kt\u00f3rzy nigdy nie odst\u0105pili od Ciebie, ale i synom marnotrawnym, kt\u00f3rzy Ci\u0119 opu\u015bcili. Spraw, aby do domu rodzicielskiego wr\u00f3cili co pr\u0119dzej i nie zgin\u0119li z n\u0119dzy i g\u0142odu. Kr\u00f3luj tym, kt\u00f3rych albo b\u0142\u0119dne mniemania uwiod\u0142y, albo niezgoda rozdziela; przywied\u017a ich do przystani prawdy i jedno\u015bci wiary, aby rych\u0142o nasta\u0142a jedna owczarnia i jeden pasterz. U\u017cycz Ko\u015bcio\u0142owi Twemu bezpiecznej wolno\u015bci. Udziel wszystkim narodom spokoju i \u0142adu. Spraw, \u017ceby ze wszystkiej ziemi, od ko\u0144ca do ko\u0144ca, jeden brzmia\u0142 g\u0142os: Chwa\u0142a b\u0105d\u017a Bo\u017cemu Sercu, przez kt\u00f3re sta\u0142o si\u0119 nam zbawienie. Jemu cze\u015b\u0107 i chwa\u0142a na wieki. Amen.<\/p>\n<\/div>\n<\/div>\n","protected":false},"excerpt":{"rendered":"<p>W pi\u0105tek 24 czerwca obchodzimy uroczysto\u015b\u0107 Naj\u015bwi\u0119tszego Serca Pana Jezusa. Msza \u015awi\u0119ta o 17.00. Serdecznie zapraszamy do wsp\u00f3lnej modlitwy na kalwaryjskim Wzg\u00f3rzu. Na Kalwarii Pakoskiej w pi\u0105tek przy pomniku Naj\u015bwi\u0119tszego Serca Pana Jezusa o 18.00 Msza \u015bw., a po niej Procesja Eucharystyczna do ko\u015bcio\u0142a \u015bw. Bonawentury. Uroczysto\u015b\u0107 Naj\u015bwi\u0119tszego Serca Pana Jezusa, w liturgii \u00a0przypada w &hellip;<\/p>\n","protected":false},"author":2,"featured_media":24042,"comment_status":"closed","ping_status":"closed","sticky":false,"template":"","format":"standard","meta":{"_mi_skip_tracking":false,"_exactmetrics_sitenote_active":false,"_exactmetrics_sitenote_note":"","_exactmetrics_sitenote_category":0},"categories":[13,14],"tags":[],"yoast_head":"<!-- This site is optimized with the Yoast SEO plugin v18.1 - https:\/\/yoast.com\/wordpress\/plugins\/seo\/ -->\n<title>Uroczysto\u015b\u0107 Naj\u015bwi\u0119tszego Serca Pana Jezusa - Pako\u015b\u0107 \u2013 Kalwaria<\/title>\n<meta name=\"robots\" content=\"index, follow, max-snippet:-1, max-image-preview:large, max-video-preview:-1\" \/>\n<link rel=\"canonical\" href=\"https:\/\/pakosc-kalwaria.franciszkanie.net\/index.php\/2022\/06\/18\/uroczystosc-najswietszego-serca-pana-jezusa\/\" \/>\n<meta property=\"og:locale\" content=\"pl_PL\" \/>\n<meta property=\"og:type\" content=\"article\" \/>\n<meta property=\"og:title\" content=\"Uroczysto\u015b\u0107 Naj\u015bwi\u0119tszego Serca Pana Jezusa - Pako\u015b\u0107 \u2013 Kalwaria\" \/>\n<meta property=\"og:description\" content=\"W pi\u0105tek 24 czerwca obchodzimy uroczysto\u015b\u0107 Naj\u015bwi\u0119tszego Serca Pana Jezusa. Msza \u015awi\u0119ta o 17.00. Serdecznie zapraszamy do wsp\u00f3lnej modlitwy na kalwaryjskim Wzg\u00f3rzu. Na Kalwarii Pakoskiej w pi\u0105tek przy pomniku Naj\u015bwi\u0119tszego Serca Pana Jezusa o 18.00 Msza \u015bw., a po niej Procesja Eucharystyczna do ko\u015bcio\u0142a \u015bw. Bonawentury. Uroczysto\u015b\u0107 Naj\u015bwi\u0119tszego Serca Pana Jezusa, w liturgii \u00a0przypada w &hellip;\" \/>\n<meta property=\"og:url\" content=\"https:\/\/pakosc-kalwaria.franciszkanie.net\/index.php\/2022\/06\/18\/uroczystosc-najswietszego-serca-pana-jezusa\/\" \/>\n<meta property=\"og:site_name\" content=\"Pako\u015b\u0107 \u2013 Kalwaria\" \/>\n<meta property=\"article:author\" content=\"https:\/\/www.facebook.com\/KalwariaPakosc\/\" \/>\n<meta property=\"article:published_time\" content=\"2022-06-18T20:48:37+00:00\" \/>\n<meta property=\"article:modified_time\" content=\"2022-06-25T06:39:58+00:00\" \/>\n<meta property=\"og:image\" content=\"https:\/\/pakosc-kalwaria.franciszkanie.net\/wp-content\/uploads\/2022\/06\/Serce-Jezusa.jpg\" \/>\n\t<meta property=\"og:image:width\" content=\"350\" \/>\n\t<meta property=\"og:image:height\" content=\"248\" \/>\n\t<meta property=\"og:image:type\" content=\"image\/jpeg\" \/>\n<meta name=\"twitter:card\" content=\"summary\" \/>\n<meta name=\"twitter:label1\" content=\"Napisane przez\" \/>\n\t<meta name=\"twitter:data1\" content=\"pakosc-kalwaria\" \/>\n\t<meta name=\"twitter:label2\" content=\"Szacowany czas czytania\" \/>\n\t<meta name=\"twitter:data2\" content=\"4 minuty\" \/>\n<script type=\"application\/ld+json\" class=\"yoast-schema-graph\">{\"@context\":\"https:\/\/schema.org\",\"@graph\":[{\"@type\":\"WebSite\",\"@id\":\"https:\/\/pakosc-kalwaria.franciszkanie.net\/#website\",\"url\":\"https:\/\/pakosc-kalwaria.franciszkanie.net\/\",\"name\":\"Pako\u015b\u0107 \u2013 Kalwaria\",\"description\":\"Parafia Rzymsko \u2013 Katolicka p.w. Pana Jezusa Ukrzy\u017cowanego i  Matki Bo\u017cej Bolesnej ul. Barci\u0144ska 60, 88\u2013170 Pako\u015b\u0107 \u2013 Kalwaria\",\"potentialAction\":[{\"@type\":\"SearchAction\",\"target\":{\"@type\":\"EntryPoint\",\"urlTemplate\":\"https:\/\/pakosc-kalwaria.franciszkanie.net\/?s={search_term_string}\"},\"query-input\":\"required name=search_term_string\"}],\"inLanguage\":\"pl-PL\"},{\"@type\":\"ImageObject\",\"@id\":\"https:\/\/pakosc-kalwaria.franciszkanie.net\/index.php\/2022\/06\/18\/uroczystosc-najswietszego-serca-pana-jezusa\/#primaryimage\",\"inLanguage\":\"pl-PL\",\"url\":\"https:\/\/pakosc-kalwaria.franciszkanie.net\/wp-content\/uploads\/2022\/06\/Serce-Jezusa.jpg\",\"contentUrl\":\"https:\/\/pakosc-kalwaria.franciszkanie.net\/wp-content\/uploads\/2022\/06\/Serce-Jezusa.jpg\",\"width\":350,\"height\":248},{\"@type\":\"WebPage\",\"@id\":\"https:\/\/pakosc-kalwaria.franciszkanie.net\/index.php\/2022\/06\/18\/uroczystosc-najswietszego-serca-pana-jezusa\/#webpage\",\"url\":\"https:\/\/pakosc-kalwaria.franciszkanie.net\/index.php\/2022\/06\/18\/uroczystosc-najswietszego-serca-pana-jezusa\/\",\"name\":\"Uroczysto\u015b\u0107 Naj\u015bwi\u0119tszego Serca Pana Jezusa - Pako\u015b\u0107 \u2013 Kalwaria\",\"isPartOf\":{\"@id\":\"https:\/\/pakosc-kalwaria.franciszkanie.net\/#website\"},\"primaryImageOfPage\":{\"@id\":\"https:\/\/pakosc-kalwaria.franciszkanie.net\/index.php\/2022\/06\/18\/uroczystosc-najswietszego-serca-pana-jezusa\/#primaryimage\"},\"datePublished\":\"2022-06-18T20:48:37+00:00\",\"dateModified\":\"2022-06-25T06:39:58+00:00\",\"author\":{\"@id\":\"https:\/\/pakosc-kalwaria.franciszkanie.net\/#\/schema\/person\/af10b943be0760709227d060eadcb2aa\"},\"breadcrumb\":{\"@id\":\"https:\/\/pakosc-kalwaria.franciszkanie.net\/index.php\/2022\/06\/18\/uroczystosc-najswietszego-serca-pana-jezusa\/#breadcrumb\"},\"inLanguage\":\"pl-PL\",\"potentialAction\":[{\"@type\":\"ReadAction\",\"target\":[\"https:\/\/pakosc-kalwaria.franciszkanie.net\/index.php\/2022\/06\/18\/uroczystosc-najswietszego-serca-pana-jezusa\/\"]}]},{\"@type\":\"BreadcrumbList\",\"@id\":\"https:\/\/pakosc-kalwaria.franciszkanie.net\/index.php\/2022\/06\/18\/uroczystosc-najswietszego-serca-pana-jezusa\/#breadcrumb\",\"itemListElement\":[{\"@type\":\"ListItem\",\"position\":1,\"name\":\"Strona g\u0142\u00f3wna\",\"item\":\"https:\/\/pakosc-kalwaria.franciszkanie.net\/\"},{\"@type\":\"ListItem\",\"position\":2,\"name\":\"Uroczysto\u015b\u0107 Naj\u015bwi\u0119tszego Serca Pana Jezusa\"}]},{\"@type\":\"Person\",\"@id\":\"https:\/\/pakosc-kalwaria.franciszkanie.net\/#\/schema\/person\/af10b943be0760709227d060eadcb2aa\",\"name\":\"pakosc-kalwaria\",\"image\":{\"@type\":\"ImageObject\",\"@id\":\"https:\/\/pakosc-kalwaria.franciszkanie.net\/#personlogo\",\"inLanguage\":\"pl-PL\",\"url\":\"https:\/\/secure.gravatar.com\/avatar\/e7049d338b55eac6a0027ff3218b8d02?s=96&d=mm&r=g\",\"contentUrl\":\"https:\/\/secure.gravatar.com\/avatar\/e7049d338b55eac6a0027ff3218b8d02?s=96&d=mm&r=g\",\"caption\":\"pakosc-kalwaria\"},\"sameAs\":[\"https:\/\/www.facebook.com\/KalwariaPakosc\/\"],\"url\":\"https:\/\/pakosc-kalwaria.franciszkanie.net\/index.php\/author\/pakosc-kalwaria\/\"}]}<\/script>\n<!-- \/ Yoast SEO plugin. -->","yoast_head_json":{"title":"Uroczysto\u015b\u0107 Naj\u015bwi\u0119tszego Serca Pana Jezusa - Pako\u015b\u0107 \u2013 Kalwaria","robots":{"index":"index","follow":"follow","max-snippet":"max-snippet:-1","max-image-preview":"max-image-preview:large","max-video-preview":"max-video-preview:-1"},"canonical":"https:\/\/pakosc-kalwaria.franciszkanie.net\/index.php\/2022\/06\/18\/uroczystosc-najswietszego-serca-pana-jezusa\/","og_locale":"pl_PL","og_type":"article","og_title":"Uroczysto\u015b\u0107 Naj\u015bwi\u0119tszego Serca Pana Jezusa - Pako\u015b\u0107 \u2013 Kalwaria","og_description":"W pi\u0105tek 24 czerwca obchodzimy uroczysto\u015b\u0107 Naj\u015bwi\u0119tszego Serca Pana Jezusa. Msza \u015awi\u0119ta o 17.00. Serdecznie zapraszamy do wsp\u00f3lnej modlitwy na kalwaryjskim Wzg\u00f3rzu. Na Kalwarii Pakoskiej w pi\u0105tek przy pomniku Naj\u015bwi\u0119tszego Serca Pana Jezusa o 18.00 Msza \u015bw., a po niej Procesja Eucharystyczna do ko\u015bcio\u0142a \u015bw. Bonawentury. Uroczysto\u015b\u0107 Naj\u015bwi\u0119tszego Serca Pana Jezusa, w liturgii \u00a0przypada w &hellip;","og_url":"https:\/\/pakosc-kalwaria.franciszkanie.net\/index.php\/2022\/06\/18\/uroczystosc-najswietszego-serca-pana-jezusa\/","og_site_name":"Pako\u015b\u0107 \u2013 Kalwaria","article_author":"https:\/\/www.facebook.com\/KalwariaPakosc\/","article_published_time":"2022-06-18T20:48:37+00:00","article_modified_time":"2022-06-25T06:39:58+00:00","og_image":[{"width":350,"height":248,"url":"https:\/\/pakosc-kalwaria.franciszkanie.net\/wp-content\/uploads\/2022\/06\/Serce-Jezusa.jpg","type":"image\/jpeg"}],"twitter_card":"summary","twitter_misc":{"Napisane przez":"pakosc-kalwaria","Szacowany czas czytania":"4 minuty"},"schema":{"@context":"https:\/\/schema.org","@graph":[{"@type":"WebSite","@id":"https:\/\/pakosc-kalwaria.franciszkanie.net\/#website","url":"https:\/\/pakosc-kalwaria.franciszkanie.net\/","name":"Pako\u015b\u0107 \u2013 Kalwaria","description":"Parafia Rzymsko \u2013 Katolicka p.w. Pana Jezusa Ukrzy\u017cowanego i  Matki Bo\u017cej Bolesnej ul. Barci\u0144ska 60, 88\u2013170 Pako\u015b\u0107 \u2013 Kalwaria","potentialAction":[{"@type":"SearchAction","target":{"@type":"EntryPoint","urlTemplate":"https:\/\/pakosc-kalwaria.franciszkanie.net\/?s={search_term_string}"},"query-input":"required name=search_term_string"}],"inLanguage":"pl-PL"},{"@type":"ImageObject","@id":"https:\/\/pakosc-kalwaria.franciszkanie.net\/index.php\/2022\/06\/18\/uroczystosc-najswietszego-serca-pana-jezusa\/#primaryimage","inLanguage":"pl-PL","url":"https:\/\/pakosc-kalwaria.franciszkanie.net\/wp-content\/uploads\/2022\/06\/Serce-Jezusa.jpg","contentUrl":"https:\/\/pakosc-kalwaria.franciszkanie.net\/wp-content\/uploads\/2022\/06\/Serce-Jezusa.jpg","width":350,"height":248},{"@type":"WebPage","@id":"https:\/\/pakosc-kalwaria.franciszkanie.net\/index.php\/2022\/06\/18\/uroczystosc-najswietszego-serca-pana-jezusa\/#webpage","url":"https:\/\/pakosc-kalwaria.franciszkanie.net\/index.php\/2022\/06\/18\/uroczystosc-najswietszego-serca-pana-jezusa\/","name":"Uroczysto\u015b\u0107 Naj\u015bwi\u0119tszego Serca Pana Jezusa - Pako\u015b\u0107 \u2013 Kalwaria","isPartOf":{"@id":"https:\/\/pakosc-kalwaria.franciszkanie.net\/#website"},"primaryImageOfPage":{"@id":"https:\/\/pakosc-kalwaria.franciszkanie.net\/index.php\/2022\/06\/18\/uroczystosc-najswietszego-serca-pana-jezusa\/#primaryimage"},"datePublished":"2022-06-18T20:48:37+00:00","dateModified":"2022-06-25T06:39:58+00:00","author":{"@id":"https:\/\/pakosc-kalwaria.franciszkanie.net\/#\/schema\/person\/af10b943be0760709227d060eadcb2aa"},"breadcrumb":{"@id":"https:\/\/pakosc-kalwaria.franciszkanie.net\/index.php\/2022\/06\/18\/uroczystosc-najswietszego-serca-pana-jezusa\/#breadcrumb"},"inLanguage":"pl-PL","potentialAction":[{"@type":"ReadAction","target":["https:\/\/pakosc-kalwaria.franciszkanie.net\/index.php\/2022\/06\/18\/uroczystosc-najswietszego-serca-pana-jezusa\/"]}]},{"@type":"BreadcrumbList","@id":"https:\/\/pakosc-kalwaria.franciszkanie.net\/index.php\/2022\/06\/18\/uroczystosc-najswietszego-serca-pana-jezusa\/#breadcrumb","itemListElement":[{"@type":"ListItem","position":1,"name":"Strona g\u0142\u00f3wna","item":"https:\/\/pakosc-kalwaria.franciszkanie.net\/"},{"@type":"ListItem","position":2,"name":"Uroczysto\u015b\u0107 Naj\u015bwi\u0119tszego Serca Pana Jezusa"}]},{"@type":"Person","@id":"https:\/\/pakosc-kalwaria.franciszkanie.net\/#\/schema\/person\/af10b943be0760709227d060eadcb2aa","name":"pakosc-kalwaria","image":{"@type":"ImageObject","@id":"https:\/\/pakosc-kalwaria.franciszkanie.net\/#personlogo","inLanguage":"pl-PL","url":"https:\/\/secure.gravatar.com\/avatar\/e7049d338b55eac6a0027ff3218b8d02?s=96&d=mm&r=g","contentUrl":"https:\/\/secure.gravatar.com\/avatar\/e7049d338b55eac6a0027ff3218b8d02?s=96&d=mm&r=g","caption":"pakosc-kalwaria"},"sameAs":["https:\/\/www.facebook.com\/KalwariaPakosc\/"],"url":"https:\/\/pakosc-kalwaria.franciszkanie.net\/index.php\/author\/pakosc-kalwaria\/"}]}},"_links":{"self":[{"href":"https:\/\/pakosc-kalwaria.franciszkanie.net\/index.php\/wp-json\/wp\/v2\/posts\/24041"}],"collection":[{"href":"https:\/\/pakosc-kalwaria.franciszkanie.net\/index.php\/wp-json\/wp\/v2\/posts"}],"about":[{"href":"https:\/\/pakosc-kalwaria.franciszkanie.net\/index.php\/wp-json\/wp\/v2\/types\/post"}],"author":[{"embeddable":true,"href":"https:\/\/pakosc-kalwaria.franciszkanie.net\/index.php\/wp-json\/wp\/v2\/users\/2"}],"replies":[{"embeddable":true,"href":"https:\/\/pakosc-kalwaria.franciszkanie.net\/index.php\/wp-json\/wp\/v2\/comments?post=24041"}],"version-history":[{"count":3,"href":"https:\/\/pakosc-kalwaria.franciszkanie.net\/index.php\/wp-json\/wp\/v2\/posts\/24041\/revisions"}],"predecessor-version":[{"id":24063,"href":"https:\/\/pakosc-kalwaria.franciszkanie.net\/index.php\/wp-json\/wp\/v2\/posts\/24041\/revisions\/24063"}],"wp:featuredmedia":[{"embeddable":true,"href":"https:\/\/pakosc-kalwaria.franciszkanie.net\/index.php\/wp-json\/wp\/v2\/media\/24042"}],"wp:attachment":[{"href":"https:\/\/pakosc-kalwaria.franciszkanie.net\/index.php\/wp-json\/wp\/v2\/media?parent=24041"}],"wp:term":[{"taxonomy":"category","embeddable":true,"href":"https:\/\/pakosc-kalwaria.franciszkanie.net\/index.php\/wp-json\/wp\/v2\/categories?post=24041"},{"taxonomy":"post_tag","embeddable":true,"href":"https:\/\/pakosc-kalwaria.franciszkanie.net\/index.php\/wp-json\/wp\/v2\/tags?post=24041"}],"curies":[{"name":"wp","href":"https:\/\/api.w.org\/{rel}","templated":true}]}}