{"id":24056,"date":"2022-06-24T18:00:55","date_gmt":"2022-06-24T16:00:55","guid":{"rendered":"http:\/\/pakosc-kalwaria.franciszkanie.net\/?p=24056"},"modified":"2022-06-24T22:51:27","modified_gmt":"2022-06-24T20:51:27","slug":"do-medytacji-z-kalwaryjskiego-wzgorza-piatek-24-06-2022r","status":"publish","type":"post","link":"https:\/\/pakosc-kalwaria.franciszkanie.net\/index.php\/2022\/06\/24\/do-medytacji-z-kalwaryjskiego-wzgorza-piatek-24-06-2022r\/","title":{"rendered":"Do medytacji z kalwaryjskiego Wzg\u00f3rza \u2013 pi\u0105tek 24.06.2022r."},"content":{"rendered":"<p><strong><span style=\"color: #ff0000;\">Z kazania na kalwaryjskim Wzg\u00f3rzu \u2013 24.06.2022r. &#8211; uroczysto\u015b\u0107 Naj\u015bwi\u0119tszego Serca Pana Jezusa <\/span><\/strong><\/p>\n<p><strong>Jezu cichy i pokornego serca.<br \/>\n<\/strong><\/p>\n<p>W dzisiejsz\u0105 uroczysto\u015b\u0107 warto na nowo zachwyci\u0107 si\u0119 Naj\u015bwi\u0119tszym Sercem Jezusa. Dlaczego? Bo ono jest najpi\u0119kniejszym wzorem mi\u0142o\u015bci, a to w\u0142a\u015bnie mi\u0142o\u015b\u0107 jest najwa\u017cniejsz\u0105 spraw\u0105 naszego \u017cycia na ziemi i najlepszym sposobem dawania \u015bwiadectwa naszej wiary\u2026 mi\u0142owa\u0107 Boga ca\u0142ym swoim sercem i sercem mi\u0142owa\u0107 bli\u017aniego! W naszych czasach bardzo cz\u0119sto ludzie zajmuj\u0105 si\u0119 na co dzie\u0144 wieloma, ro\u017cnymi sprawami, ale coraz mniej zwracaj\u0105 nale\u017cyt\u0105 uwag\u0119 na tajemnic\u0119 i potrzeb\u0119 mi\u0142o\u015bci. A to niestety cz\u0119sto prowadzi do dramatu ludzi, ma\u0142\u017ce\u0144stw i ca\u0142ych rodzin. Stajemy si\u0119 coraz cz\u0119\u015bciej i coraz bardziej lud\u017ami o zatwardzia\u0142ym i brudnym sercu. A to przecie\u017c serce \u015bwiadczy o tym jakimi jeste\u015bmy lud\u017ami. Serce to najwi\u0119ksza i najwa\u017cniejsza si\u0142a w cz\u0142owieku. Dlatego w kszta\u0142towanie serca powinni\u015bmy inwestowa\u0107 jak najwi\u0119cej czasu i wysi\u0142ku, korzystaj\u0105c zar\u00f3wno z dar\u00f3w przyrodzonych, jak i nadprzyrodzonych.<br \/>\nJe\u015bli kto\u015b ma dobre serce, to i jego czyny b\u0119d\u0105 dobre. Je\u015bli kto\u015b ma dobre serce to i jego s\u0142owa b\u0119d\u0105 dobre. Cz\u0142owiek o dobrym sercu idzie przez \u017cycie dobr\u0105 i bezpieczn\u0105 drog\u0105. Dlatego Jezus daje nam do zrozumienia, \u017ce to przede wszystkim w Sercu Bogu mamy zakorzeni\u0107 nasze \u017cycie: \u201euczcie si\u0119 ode Mnie, bo jestem cichy i pokornego serca, a znajdziecie ukojenie dla dusz waszych\u201d. Zalecenie, kt\u00f3re bardzo odpowiada Bogu, ale bardzo cz\u0119sto nie odpowiada ludziom. Taka postawa cichego i pokornego serca kojarzy si\u0119 nam dzisiaj bardzo cz\u0119sto z postaw\u0105 niezaradno\u015bci, mi\u0119kko\u015bci \u017cyciowej; sprawia wra\u017cenie, \u017ce \u015bwiat w kt\u00f3rym \u017cyjemy takiego cz\u0142owieka zmia\u017cd\u017cy i zniszczy bez lito\u015bci! A jednak Jezus m\u00f3wi do nas zdecydowanie, by\u015bmy tak jak On byli lud\u017ami \u201ecichego i pokornego serca\u201d!<br \/>\nPostawmy wi\u0119c pytanie, co znaczy cicho\u015b\u0107 serca w \u017cyciu Jezusa? Jezusowa cicho\u015b\u0107 serca to Jego \u0142agodno\u015b\u0107 i delikatno\u015b\u0107, bo On \u201enie z\u0142amie trzciny nad\u0142amanej\u201d. Cicho\u015b\u0107 Jezusowego Serca polega\u0142a na tym, \u017ce mia\u0142 On swoje sekrety i tajemnice, o kt\u00f3rych m\u00f3wi\u0142\u00a0 tylko swojemu Ojcu, a nie m\u00f3wi\u0142 o nich innym. O wielu sprawach rozmawia\u0142 najpierw ze swoim Ojcem, a dopiero p\u00f3\u017aniej z lud\u017ami. Warto to zapami\u0119ta\u0107! I warto to zastosowa\u0107 w \u017cyciu! Poniewa\u017c Jezus mia\u0142 zaufanie do swojego Ojca i do tego co Ojciec m\u00f3wi, dlatego te\u017c nie zauwa\u017ca si\u0119 u Jezusa wielkiego niepokoju, kt\u00f3ry tak cz\u0119sto towarzyszy naszemu ludzkiemu \u017cyciu. W Jezusie jest cisza, spok\u00f3j jakby z innego \u015bwiata: to pok\u00f3j serca, kt\u00f3rego \u017ar\u00f3d\u0142em jest\u00a0 B\u00f3g. Jezus nie robi te\u017c wok\u00f3\u0142 siebie jakiej\u015b krzykliwej propagandy, nie wynosi siebie na piedesta\u0142 \u015bwiata, ale wr\u0119cz przeciwnie, wielokrotnie nawet wtedy gdy czyni cuda, m\u00f3wi: \u201eid\u017a i nie m\u00f3w o tym nikomu\u201d. Chce w ten spos\u00f3b powiedzie\u0107 cz\u0142owiekowi: id\u017a i to co ci\u0119 spotka\u0142o, prze\u017cyj najpierw w obecno\u015bci Boga,\u00a0 w ciszy swojego serca.<br \/>\nJak\u017ce cz\u0119sto nasze codzienne \u017cycie jest odmienne od Jezusowego. Prze\u017cywamy to nasze \u017cycie na zasadzie nieustannego biegania. Ci\u0105gle si\u0119 gdzie\u015b \u015bpieszymy. Przez to \u017cyjemy nieustanne w ha\u0142asie, w nerwach i w niesamowitym stresie. To za\u015b wszystko powoduje coraz wi\u0119cej chor\u00f3b fizycznych i psychicznych, bo na stresy codziennego \u017cycia jeste\u015bmy coraz mniej odporni. W tym codziennym zabieganiu towarzyszy nam w \u017cyciu te\u017c co\u015b takiego, co jest przeciwie\u0144stwem cicho\u015bci, a mianowicie krzykliwo\u015b\u0107. Krzykliwo\u015b\u0107 to nie tylko potok s\u0142\u00f3w, nieustanny ha\u0142as i zgie\u0142k, ale r\u00f3wnocze\u015bnie krzykliwo\u015b\u0107 naszego wn\u0119trza i serca. Krzykliwe s\u0105 nasze my\u015bli, nasze ambicje, nasze plany i marzenia. Wszystko nas dra\u017cni, dominuje w nas pr\u00f3\u017cno\u015b\u0107, pycha, zazdro\u015b\u0107, nienawi\u015b\u0107, okrucie\u0144stwo. I w tym ca\u0142ym zewn\u0119trznym i wewn\u0119trznym krzyku, okazuje si\u0119, \u017ce cz\u0142owiekowi bardzo trudno jest us\u0142ysze\u0107 g\u0142os Boga i odczu\u0107 Jego obecno\u015b\u0107. Ta krzykliwo\u015b\u0107 sprawia, \u017ce cz\u0142owiek cz\u0119sto odchodzi od Boga. Taki cz\u0142owiek \u017cyj\u0105c nawet w t\u0142umie, w rodzinie, czuje si\u0119 bardzo cz\u0119sto samotny. Najwi\u0119kszym marzeniem szatana jest pogr\u0105\u017cy\u0107 \u015bwiat w krzyku, ale w takim krzyku, aby cz\u0142owiek nie m\u00f3g\u0142 us\u0142ysze\u0107 w\u0142asnego serca, w\u0142asnych my\u015bli, a szczeg\u00f3lnie by nie us\u0142ysza\u0142 tego co pragnie cz\u0142owiekowi powiedzie\u0107 B\u00f3g. Zadbajmy wi\u0119c o cicho\u015b\u0107 swojego serca, w kt\u00f3rym spotkamy si\u0119 z Bogiem i odczujemy Jego obecno\u015b\u0107 i wparcie. W cicho\u015bci swojego serca przedstawiajmy najpierw Bogu sprawy i problemy naszego \u017cycia, a potem ewentualnie ludziom. W ciszy swojego serca rozmawiajmy jak najcz\u0119\u015bciej z Bogiem na modlitwie. Amen.<br \/>\n(o.R.)<\/p>\n","protected":false},"excerpt":{"rendered":"<p>Z kazania na kalwaryjskim Wzg\u00f3rzu \u2013 24.06.2022r. &#8211; uroczysto\u015b\u0107 Naj\u015bwi\u0119tszego Serca Pana Jezusa Jezu cichy i pokornego serca. W dzisiejsz\u0105 uroczysto\u015b\u0107 warto na nowo zachwyci\u0107 si\u0119 Naj\u015bwi\u0119tszym Sercem Jezusa. Dlaczego? Bo ono jest najpi\u0119kniejszym wzorem mi\u0142o\u015bci, a to w\u0142a\u015bnie mi\u0142o\u015b\u0107 jest najwa\u017cniejsz\u0105 spraw\u0105 naszego \u017cycia na ziemi i najlepszym sposobem dawania \u015bwiadectwa naszej wiary\u2026 mi\u0142owa\u0107 &hellip;<\/p>\n","protected":false},"author":2,"featured_media":24034,"comment_status":"closed","ping_status":"closed","sticky":false,"template":"","format":"standard","meta":{"_mi_skip_tracking":false,"_exactmetrics_sitenote_active":false,"_exactmetrics_sitenote_note":"","_exactmetrics_sitenote_category":0},"categories":[14],"tags":[],"yoast_head":"<!-- This site is optimized with the Yoast SEO plugin v18.1 - https:\/\/yoast.com\/wordpress\/plugins\/seo\/ -->\n<title>Do medytacji z kalwaryjskiego Wzg\u00f3rza \u2013 pi\u0105tek 24.06.2022r. - Pako\u015b\u0107 \u2013 Kalwaria<\/title>\n<meta name=\"robots\" content=\"index, follow, max-snippet:-1, max-image-preview:large, max-video-preview:-1\" \/>\n<link rel=\"canonical\" href=\"https:\/\/pakosc-kalwaria.franciszkanie.net\/index.php\/2022\/06\/24\/do-medytacji-z-kalwaryjskiego-wzgorza-piatek-24-06-2022r\/\" \/>\n<meta property=\"og:locale\" content=\"pl_PL\" \/>\n<meta property=\"og:type\" content=\"article\" \/>\n<meta property=\"og:title\" content=\"Do medytacji z kalwaryjskiego Wzg\u00f3rza \u2013 pi\u0105tek 24.06.2022r. - Pako\u015b\u0107 \u2013 Kalwaria\" \/>\n<meta property=\"og:description\" content=\"Z kazania na kalwaryjskim Wzg\u00f3rzu \u2013 24.06.2022r. &#8211; uroczysto\u015b\u0107 Naj\u015bwi\u0119tszego Serca Pana Jezusa Jezu cichy i pokornego serca. W dzisiejsz\u0105 uroczysto\u015b\u0107 warto na nowo zachwyci\u0107 si\u0119 Naj\u015bwi\u0119tszym Sercem Jezusa. Dlaczego? Bo ono jest najpi\u0119kniejszym wzorem mi\u0142o\u015bci, a to w\u0142a\u015bnie mi\u0142o\u015b\u0107 jest najwa\u017cniejsz\u0105 spraw\u0105 naszego \u017cycia na ziemi i najlepszym sposobem dawania \u015bwiadectwa naszej wiary\u2026 mi\u0142owa\u0107 &hellip;\" \/>\n<meta property=\"og:url\" content=\"https:\/\/pakosc-kalwaria.franciszkanie.net\/index.php\/2022\/06\/24\/do-medytacji-z-kalwaryjskiego-wzgorza-piatek-24-06-2022r\/\" \/>\n<meta property=\"og:site_name\" content=\"Pako\u015b\u0107 \u2013 Kalwaria\" \/>\n<meta property=\"article:author\" content=\"https:\/\/www.facebook.com\/KalwariaPakosc\/\" \/>\n<meta property=\"article:published_time\" content=\"2022-06-24T16:00:55+00:00\" \/>\n<meta property=\"article:modified_time\" content=\"2022-06-24T20:51:27+00:00\" \/>\n<meta property=\"og:image\" content=\"https:\/\/pakosc-kalwaria.franciszkanie.net\/wp-content\/uploads\/2022\/06\/Oltarz-polowy-czerwiec-2022-1.jpg\" \/>\n\t<meta property=\"og:image:width\" content=\"350\" \/>\n\t<meta property=\"og:image:height\" content=\"197\" \/>\n\t<meta property=\"og:image:type\" content=\"image\/jpeg\" \/>\n<meta name=\"twitter:card\" content=\"summary\" \/>\n<meta name=\"twitter:label1\" content=\"Napisane przez\" \/>\n\t<meta name=\"twitter:data1\" content=\"pakosc-kalwaria\" \/>\n\t<meta name=\"twitter:label2\" content=\"Szacowany czas czytania\" \/>\n\t<meta name=\"twitter:data2\" content=\"4 minuty\" \/>\n<script type=\"application\/ld+json\" class=\"yoast-schema-graph\">{\"@context\":\"https:\/\/schema.org\",\"@graph\":[{\"@type\":\"WebSite\",\"@id\":\"https:\/\/pakosc-kalwaria.franciszkanie.net\/#website\",\"url\":\"https:\/\/pakosc-kalwaria.franciszkanie.net\/\",\"name\":\"Pako\u015b\u0107 \u2013 Kalwaria\",\"description\":\"Parafia Rzymsko \u2013 Katolicka p.w. Pana Jezusa Ukrzy\u017cowanego i  Matki Bo\u017cej Bolesnej ul. Barci\u0144ska 60, 88\u2013170 Pako\u015b\u0107 \u2013 Kalwaria\",\"potentialAction\":[{\"@type\":\"SearchAction\",\"target\":{\"@type\":\"EntryPoint\",\"urlTemplate\":\"https:\/\/pakosc-kalwaria.franciszkanie.net\/?s={search_term_string}\"},\"query-input\":\"required name=search_term_string\"}],\"inLanguage\":\"pl-PL\"},{\"@type\":\"ImageObject\",\"@id\":\"https:\/\/pakosc-kalwaria.franciszkanie.net\/index.php\/2022\/06\/24\/do-medytacji-z-kalwaryjskiego-wzgorza-piatek-24-06-2022r\/#primaryimage\",\"inLanguage\":\"pl-PL\",\"url\":\"https:\/\/pakosc-kalwaria.franciszkanie.net\/wp-content\/uploads\/2022\/06\/Oltarz-polowy-czerwiec-2022-1.jpg\",\"contentUrl\":\"https:\/\/pakosc-kalwaria.franciszkanie.net\/wp-content\/uploads\/2022\/06\/Oltarz-polowy-czerwiec-2022-1.jpg\",\"width\":350,\"height\":197},{\"@type\":\"WebPage\",\"@id\":\"https:\/\/pakosc-kalwaria.franciszkanie.net\/index.php\/2022\/06\/24\/do-medytacji-z-kalwaryjskiego-wzgorza-piatek-24-06-2022r\/#webpage\",\"url\":\"https:\/\/pakosc-kalwaria.franciszkanie.net\/index.php\/2022\/06\/24\/do-medytacji-z-kalwaryjskiego-wzgorza-piatek-24-06-2022r\/\",\"name\":\"Do medytacji z kalwaryjskiego Wzg\u00f3rza \u2013 pi\u0105tek 24.06.2022r. - Pako\u015b\u0107 \u2013 Kalwaria\",\"isPartOf\":{\"@id\":\"https:\/\/pakosc-kalwaria.franciszkanie.net\/#website\"},\"primaryImageOfPage\":{\"@id\":\"https:\/\/pakosc-kalwaria.franciszkanie.net\/index.php\/2022\/06\/24\/do-medytacji-z-kalwaryjskiego-wzgorza-piatek-24-06-2022r\/#primaryimage\"},\"datePublished\":\"2022-06-24T16:00:55+00:00\",\"dateModified\":\"2022-06-24T20:51:27+00:00\",\"author\":{\"@id\":\"https:\/\/pakosc-kalwaria.franciszkanie.net\/#\/schema\/person\/af10b943be0760709227d060eadcb2aa\"},\"breadcrumb\":{\"@id\":\"https:\/\/pakosc-kalwaria.franciszkanie.net\/index.php\/2022\/06\/24\/do-medytacji-z-kalwaryjskiego-wzgorza-piatek-24-06-2022r\/#breadcrumb\"},\"inLanguage\":\"pl-PL\",\"potentialAction\":[{\"@type\":\"ReadAction\",\"target\":[\"https:\/\/pakosc-kalwaria.franciszkanie.net\/index.php\/2022\/06\/24\/do-medytacji-z-kalwaryjskiego-wzgorza-piatek-24-06-2022r\/\"]}]},{\"@type\":\"BreadcrumbList\",\"@id\":\"https:\/\/pakosc-kalwaria.franciszkanie.net\/index.php\/2022\/06\/24\/do-medytacji-z-kalwaryjskiego-wzgorza-piatek-24-06-2022r\/#breadcrumb\",\"itemListElement\":[{\"@type\":\"ListItem\",\"position\":1,\"name\":\"Strona g\u0142\u00f3wna\",\"item\":\"https:\/\/pakosc-kalwaria.franciszkanie.net\/\"},{\"@type\":\"ListItem\",\"position\":2,\"name\":\"Do medytacji z kalwaryjskiego Wzg\u00f3rza \u2013 pi\u0105tek 24.06.2022r.\"}]},{\"@type\":\"Person\",\"@id\":\"https:\/\/pakosc-kalwaria.franciszkanie.net\/#\/schema\/person\/af10b943be0760709227d060eadcb2aa\",\"name\":\"pakosc-kalwaria\",\"image\":{\"@type\":\"ImageObject\",\"@id\":\"https:\/\/pakosc-kalwaria.franciszkanie.net\/#personlogo\",\"inLanguage\":\"pl-PL\",\"url\":\"https:\/\/secure.gravatar.com\/avatar\/e7049d338b55eac6a0027ff3218b8d02?s=96&d=mm&r=g\",\"contentUrl\":\"https:\/\/secure.gravatar.com\/avatar\/e7049d338b55eac6a0027ff3218b8d02?s=96&d=mm&r=g\",\"caption\":\"pakosc-kalwaria\"},\"sameAs\":[\"https:\/\/www.facebook.com\/KalwariaPakosc\/\"],\"url\":\"https:\/\/pakosc-kalwaria.franciszkanie.net\/index.php\/author\/pakosc-kalwaria\/\"}]}<\/script>\n<!-- \/ Yoast SEO plugin. -->","yoast_head_json":{"title":"Do medytacji z kalwaryjskiego Wzg\u00f3rza \u2013 pi\u0105tek 24.06.2022r. - Pako\u015b\u0107 \u2013 Kalwaria","robots":{"index":"index","follow":"follow","max-snippet":"max-snippet:-1","max-image-preview":"max-image-preview:large","max-video-preview":"max-video-preview:-1"},"canonical":"https:\/\/pakosc-kalwaria.franciszkanie.net\/index.php\/2022\/06\/24\/do-medytacji-z-kalwaryjskiego-wzgorza-piatek-24-06-2022r\/","og_locale":"pl_PL","og_type":"article","og_title":"Do medytacji z kalwaryjskiego Wzg\u00f3rza \u2013 pi\u0105tek 24.06.2022r. - Pako\u015b\u0107 \u2013 Kalwaria","og_description":"Z kazania na kalwaryjskim Wzg\u00f3rzu \u2013 24.06.2022r. &#8211; uroczysto\u015b\u0107 Naj\u015bwi\u0119tszego Serca Pana Jezusa Jezu cichy i pokornego serca. W dzisiejsz\u0105 uroczysto\u015b\u0107 warto na nowo zachwyci\u0107 si\u0119 Naj\u015bwi\u0119tszym Sercem Jezusa. Dlaczego? Bo ono jest najpi\u0119kniejszym wzorem mi\u0142o\u015bci, a to w\u0142a\u015bnie mi\u0142o\u015b\u0107 jest najwa\u017cniejsz\u0105 spraw\u0105 naszego \u017cycia na ziemi i najlepszym sposobem dawania \u015bwiadectwa naszej wiary\u2026 mi\u0142owa\u0107 &hellip;","og_url":"https:\/\/pakosc-kalwaria.franciszkanie.net\/index.php\/2022\/06\/24\/do-medytacji-z-kalwaryjskiego-wzgorza-piatek-24-06-2022r\/","og_site_name":"Pako\u015b\u0107 \u2013 Kalwaria","article_author":"https:\/\/www.facebook.com\/KalwariaPakosc\/","article_published_time":"2022-06-24T16:00:55+00:00","article_modified_time":"2022-06-24T20:51:27+00:00","og_image":[{"width":350,"height":197,"url":"https:\/\/pakosc-kalwaria.franciszkanie.net\/wp-content\/uploads\/2022\/06\/Oltarz-polowy-czerwiec-2022-1.jpg","type":"image\/jpeg"}],"twitter_card":"summary","twitter_misc":{"Napisane przez":"pakosc-kalwaria","Szacowany czas czytania":"4 minuty"},"schema":{"@context":"https:\/\/schema.org","@graph":[{"@type":"WebSite","@id":"https:\/\/pakosc-kalwaria.franciszkanie.net\/#website","url":"https:\/\/pakosc-kalwaria.franciszkanie.net\/","name":"Pako\u015b\u0107 \u2013 Kalwaria","description":"Parafia Rzymsko \u2013 Katolicka p.w. Pana Jezusa Ukrzy\u017cowanego i  Matki Bo\u017cej Bolesnej ul. Barci\u0144ska 60, 88\u2013170 Pako\u015b\u0107 \u2013 Kalwaria","potentialAction":[{"@type":"SearchAction","target":{"@type":"EntryPoint","urlTemplate":"https:\/\/pakosc-kalwaria.franciszkanie.net\/?s={search_term_string}"},"query-input":"required name=search_term_string"}],"inLanguage":"pl-PL"},{"@type":"ImageObject","@id":"https:\/\/pakosc-kalwaria.franciszkanie.net\/index.php\/2022\/06\/24\/do-medytacji-z-kalwaryjskiego-wzgorza-piatek-24-06-2022r\/#primaryimage","inLanguage":"pl-PL","url":"https:\/\/pakosc-kalwaria.franciszkanie.net\/wp-content\/uploads\/2022\/06\/Oltarz-polowy-czerwiec-2022-1.jpg","contentUrl":"https:\/\/pakosc-kalwaria.franciszkanie.net\/wp-content\/uploads\/2022\/06\/Oltarz-polowy-czerwiec-2022-1.jpg","width":350,"height":197},{"@type":"WebPage","@id":"https:\/\/pakosc-kalwaria.franciszkanie.net\/index.php\/2022\/06\/24\/do-medytacji-z-kalwaryjskiego-wzgorza-piatek-24-06-2022r\/#webpage","url":"https:\/\/pakosc-kalwaria.franciszkanie.net\/index.php\/2022\/06\/24\/do-medytacji-z-kalwaryjskiego-wzgorza-piatek-24-06-2022r\/","name":"Do medytacji z kalwaryjskiego Wzg\u00f3rza \u2013 pi\u0105tek 24.06.2022r. - Pako\u015b\u0107 \u2013 Kalwaria","isPartOf":{"@id":"https:\/\/pakosc-kalwaria.franciszkanie.net\/#website"},"primaryImageOfPage":{"@id":"https:\/\/pakosc-kalwaria.franciszkanie.net\/index.php\/2022\/06\/24\/do-medytacji-z-kalwaryjskiego-wzgorza-piatek-24-06-2022r\/#primaryimage"},"datePublished":"2022-06-24T16:00:55+00:00","dateModified":"2022-06-24T20:51:27+00:00","author":{"@id":"https:\/\/pakosc-kalwaria.franciszkanie.net\/#\/schema\/person\/af10b943be0760709227d060eadcb2aa"},"breadcrumb":{"@id":"https:\/\/pakosc-kalwaria.franciszkanie.net\/index.php\/2022\/06\/24\/do-medytacji-z-kalwaryjskiego-wzgorza-piatek-24-06-2022r\/#breadcrumb"},"inLanguage":"pl-PL","potentialAction":[{"@type":"ReadAction","target":["https:\/\/pakosc-kalwaria.franciszkanie.net\/index.php\/2022\/06\/24\/do-medytacji-z-kalwaryjskiego-wzgorza-piatek-24-06-2022r\/"]}]},{"@type":"BreadcrumbList","@id":"https:\/\/pakosc-kalwaria.franciszkanie.net\/index.php\/2022\/06\/24\/do-medytacji-z-kalwaryjskiego-wzgorza-piatek-24-06-2022r\/#breadcrumb","itemListElement":[{"@type":"ListItem","position":1,"name":"Strona g\u0142\u00f3wna","item":"https:\/\/pakosc-kalwaria.franciszkanie.net\/"},{"@type":"ListItem","position":2,"name":"Do medytacji z kalwaryjskiego Wzg\u00f3rza \u2013 pi\u0105tek 24.06.2022r."}]},{"@type":"Person","@id":"https:\/\/pakosc-kalwaria.franciszkanie.net\/#\/schema\/person\/af10b943be0760709227d060eadcb2aa","name":"pakosc-kalwaria","image":{"@type":"ImageObject","@id":"https:\/\/pakosc-kalwaria.franciszkanie.net\/#personlogo","inLanguage":"pl-PL","url":"https:\/\/secure.gravatar.com\/avatar\/e7049d338b55eac6a0027ff3218b8d02?s=96&d=mm&r=g","contentUrl":"https:\/\/secure.gravatar.com\/avatar\/e7049d338b55eac6a0027ff3218b8d02?s=96&d=mm&r=g","caption":"pakosc-kalwaria"},"sameAs":["https:\/\/www.facebook.com\/KalwariaPakosc\/"],"url":"https:\/\/pakosc-kalwaria.franciszkanie.net\/index.php\/author\/pakosc-kalwaria\/"}]}},"_links":{"self":[{"href":"https:\/\/pakosc-kalwaria.franciszkanie.net\/index.php\/wp-json\/wp\/v2\/posts\/24056"}],"collection":[{"href":"https:\/\/pakosc-kalwaria.franciszkanie.net\/index.php\/wp-json\/wp\/v2\/posts"}],"about":[{"href":"https:\/\/pakosc-kalwaria.franciszkanie.net\/index.php\/wp-json\/wp\/v2\/types\/post"}],"author":[{"embeddable":true,"href":"https:\/\/pakosc-kalwaria.franciszkanie.net\/index.php\/wp-json\/wp\/v2\/users\/2"}],"replies":[{"embeddable":true,"href":"https:\/\/pakosc-kalwaria.franciszkanie.net\/index.php\/wp-json\/wp\/v2\/comments?post=24056"}],"version-history":[{"count":6,"href":"https:\/\/pakosc-kalwaria.franciszkanie.net\/index.php\/wp-json\/wp\/v2\/posts\/24056\/revisions"}],"predecessor-version":[{"id":24062,"href":"https:\/\/pakosc-kalwaria.franciszkanie.net\/index.php\/wp-json\/wp\/v2\/posts\/24056\/revisions\/24062"}],"wp:featuredmedia":[{"embeddable":true,"href":"https:\/\/pakosc-kalwaria.franciszkanie.net\/index.php\/wp-json\/wp\/v2\/media\/24034"}],"wp:attachment":[{"href":"https:\/\/pakosc-kalwaria.franciszkanie.net\/index.php\/wp-json\/wp\/v2\/media?parent=24056"}],"wp:term":[{"taxonomy":"category","embeddable":true,"href":"https:\/\/pakosc-kalwaria.franciszkanie.net\/index.php\/wp-json\/wp\/v2\/categories?post=24056"},{"taxonomy":"post_tag","embeddable":true,"href":"https:\/\/pakosc-kalwaria.franciszkanie.net\/index.php\/wp-json\/wp\/v2\/tags?post=24056"}],"curies":[{"name":"wp","href":"https:\/\/api.w.org\/{rel}","templated":true}]}}