{"id":24200,"date":"2022-06-29T18:00:24","date_gmt":"2022-06-29T16:00:24","guid":{"rendered":"http:\/\/pakosc-kalwaria.franciszkanie.net\/?p=24200"},"modified":"2022-06-29T16:41:31","modified_gmt":"2022-06-29T14:41:31","slug":"do-medytacji-z-kalwaryjskiego-wzgorza-sroda-29-06-2022r","status":"publish","type":"post","link":"https:\/\/pakosc-kalwaria.franciszkanie.net\/index.php\/2022\/06\/29\/do-medytacji-z-kalwaryjskiego-wzgorza-sroda-29-06-2022r\/","title":{"rendered":"Do medytacji z kalwaryjskiego Wzg\u00f3rza \u2013 \u015broda 29.06.2022r."},"content":{"rendered":"<p><strong><span style=\"color: #ff0000;\">Z kazania na kalwaryjskim Wzg\u00f3rzu \u2013 29.06.2022r. \u2013 uroczysto\u015b\u0107 \u015bwi\u0119tych Aposto\u0142\u00f3w Piotra i Paw\u0142a\u00a0<\/span><\/strong><\/p>\n<p><strong>Ko\u015bci\u00f3\u0142 to nasza Matka i nasz wielki Skarb.<br \/>\n<\/strong>Uroczysto\u015b\u0107 \u015awi\u0119tych Aposto\u0142\u00f3w Piotra i Paw\u0142a wprowadza nas dzisiaj w wielk\u0105 tajemnic\u0119 naszej wiary, jak\u0105 jest tajemnica Ko\u015bcio\u0142a \u015bwi\u0119tego. W Ko\u015bciele \u015bwi\u0119tym, kt\u00f3ry od momentu Chrztu \u015awi\u0119tego jest dla nas wielkim skarbem, mamy z wiar\u0105 trwa\u0107 i przynosi\u0107 dobre owoce naszego \u017cycia. Ko\u015bci\u00f3\u0142 \u015bwi\u0119ty, to tajemnicza rzeczywisto\u015b\u0107, kt\u00f3ra buduje si\u0119 na Chrystusie. On jest kamieniem w\u0119gielnym Ko\u015bcio\u0142a i On dzi\u0119ki swojej M\u0119ce, \u015amierci i Zmartwychwstaniu, nieustannie w\u0142\u0105cza do swojego Ko\u015bcio\u0142a nowych cz\u0142onk\u00f3w. Czyni tak, jak to zapowiedzia\u0142 przed swoj\u0105 \u015bmierci\u0105: \u201eJa gdy zostan\u0119 nad ziemi\u0119 wywy\u017cszony, przyci\u0105gn\u0119 wszystkich do siebie\u201d. Stajemy dzisiaj wi\u0119c wobec Ko\u015bcio\u0142a \u015bwi\u0119tego, tej niezwyk\u0142ej tajemnicy i wielkiego skarbu jaki Jezus zostawi\u0142 nam na ziemi. Nie ma na \u015bwiecie chyba nic tak bardzo cennego jak Ko\u015bci\u00f3\u0142 \u015bwi\u0119ty, w kt\u00f3rym obecny jest Chrystus i dzi\u0119ki Niemu cz\u0142owiek mo\u017ce \u0142\u0105czy\u0107 si\u0119 z Bogiem. Ko\u015bci\u00f3\u0142 \u015bwi\u0119ty to wsp\u00f3lnota, kt\u00f3ra chlubi si\u0119 Bogiem, jak to pi\u0119knie wyra\u017caj\u0105 s\u0142owa psalmu \u201eDusza moja b\u0119dzie si\u0119 chlubi\u0142a w Panu\u201d. Tak wi\u0119c Bogiem powinien chlubi\u0107 si\u0119 ka\u017cdy, kto w momencie Chrztu \u015awi\u0119tego zosta\u0142 dotkni\u0119ty przez Chrystusa i zanurzony w Jego Boskim Sercu. Wtedy spotka\u0142o nas wielkie szcz\u0119\u015bcie, bo to sam Chrystus nas wybra\u0142 i w\u0142\u0105czy\u0142 do wsp\u00f3lnoty Ko\u015bcio\u0142a \u015bwi\u0119tego.<br \/>\nTajemnica i si\u0142a Ko\u015bcio\u0142a \u015bwi\u0119tego sprawia, \u017ce tak \u00a0bardzo nieraz zal\u0119knione ludzkie serca s\u0105 w stanie dawa\u0107 odwa\u017cne \u015bwiadectwo o Bogu. Przy Chrystusie i Jego Ko\u015bciele cz\u0142owiek staje si\u0119 bardziej odwa\u017cny! Przyk\u0142adem tego s\u0105 patronowie dnia dzisiejszego \u015bw. Piotr i \u015bw. Pawe\u0142, kt\u00f3rzy w r\u00f3\u017cny spos\u00f3b zostali pochwyceni przez Chrystusa. W Piotrze Chrystus dosy\u0107 d\u0142ugo musia\u0142 kszta\u0142towa\u0107 serce rybaka, by ten zgodzi\u0142 si\u0119 p\u00f3j\u015b\u0107 odwa\u017cnie za swoim Mistrzem. Pawe\u0142 otworzy\u0142 dla Jezusa swoje serce w jednej chwili, kiedy zosta\u0142o zdruzgotane to wszystko, czym \u017cy\u0142 dotychczas. Us\u0142ysza\u0142 g\u0142os Pana i wezwanie do p\u00f3j\u015bcia za Jezusem, w o\u015blepiaj\u0105cym go \u015bwietle i szokuj\u0105cym spotkaniu przy bramie Damaszku. Ci dwaj wielcy wyznawcy Chrystusa i cz\u0142onkowie Ko\u015bcio\u0142a \u015bwi\u0119tego, z\u0142o\u017cyli te\u017c potem bardzo czytelne \u015bwiadectwo swojej wiary, oddaj\u0105c za Jezusa i Jego \u015bwi\u0119ty Ko\u015bci\u00f3\u0142 swoje \u017cycie w m\u0119cze\u0144skiej \u015bmierci. Do ko\u0144ca na\u015bladowali swojego Mistrza, i czynili to, jak podkre\u015bla dzisiejsza liturgia: m\u0119\u017cnie i odwa\u017cnie.<br \/>\nKiedy rozwa\u017camy dzisiaj t\u0119 wielk\u0105 tajemnic\u0119 naszej wiary, jak\u0105 jest Ko\u015bci\u00f3\u0142 \u015bwi\u0119ty, to u\u015bwiadamiamy sobie jeszcze lepiej, \u017ce jest on tak\u017ce Matk\u0105 wszystkich wierz\u0105cych w Chrystusa. Ko\u015bci\u00f3\u0142 jak matka przez wieki wci\u0105\u017c rodzi swoje kolejne dzieci w wierze w Chrystusa. Nieustannie powo\u0142uje swoje dzieci do \u017cycia w zjednoczeniu z Bogiem. Kszta\u0142tuje serca dzieci Ko\u015bcio\u0142a na wz\u00f3r Serca Jezusowego i Niepokalanego Serca Matki Ko\u015bcio\u0142a. Aby nasze \u017cycie chrze\u015bcija\u0144skie by\u0142o dobre i owocne, musi by\u0107 prze\u017cywane w zjednoczeniu z Jezusem i w \u0142\u0105czno\u015bci z Jego \u015bwi\u0119tym Ko\u015bcio\u0142em. Na swoje \u017cycie i na \u017cycie innych, mamy patrze\u0107 oczyma Chrystusa, kocha\u0107 Jego sercem, my\u015ble\u0107 Jego umys\u0142em i chcie\u0107 tego co jest zgodne z wol\u0105 Boga. Mamy s\u0142ucha\u0107 Jezusa i Jego \u015bwi\u0119tego Ko\u015bcio\u0142a! Mamy tez \u017cy\u0107 wed\u0142ug \u015bwi\u0119tej Ewangelii i by\u0107 wierni Krzy\u017cowi \u015awi\u0119temu!<br \/>\nGor\u0105co pro\u015bmy w tej Eucharystii, aby B\u00f3g da\u0142 nam \u0142ask\u0119 g\u0142\u0119bokiej wiary w Chrystusa i w Jego \u015bwi\u0119ty Ko\u015bci\u00f3\u0142. Aby B\u00f3g da\u0142 nam serca m\u0119\u017cne i odwa\u017cne na wz\u00f3r dzisiejszych patron\u00f3w i wielkich filar\u00f3w Ko\u015bcio\u0142a \u015bwi\u0119tego, jakimi s\u0105 \u015bw. Piotr i \u015bw. Pawe\u0142. By\u015bmy w ka\u017cdej sytuacji naszego \u017cycia szli wiernie za Jezusem Chrystusem \u2013 Synem Bo\u017cym, i w liczno\u015bci ze \u015bwi\u0119tym Ko\u015bcio\u0142em. Niech wiara w Boga, wiara w Jezus Chrystusa i wiara \u201ew jeden, \u015bwi\u0119ty powszechny i apostolski Ko\u015bci\u00f3\u0142\u201d wzrasta w naszych Rodzinach, zar\u00f3wno w dzieciach i w ludziach m\u0142odych, jak w rodzicach i ludziach starszych. Bo to w\u0142a\u015bnie silna wiara, nawet w najtrudniejszych chwilach \u017cycia na ziemi, pozwala nam mie\u0107 niezachwian\u0105 nadziej\u0119 pok\u0142adan\u0105 w Bogu, w Jego Mi\u0142o\u015bci i Opatrzno\u015bci. I pami\u0119tajmy, \u017ce \u201epoza Ko\u015bcio\u0142em nie ma zbawienia\u201d. Kochajmy Ko\u015bci\u00f3\u0142 \u015bwi\u0119ty bo jest nasz\u0105 Matk\u0105! Kochajmy Ko\u015bci\u00f3\u0142 \u015bwi\u0119ty bo jest wielkim Skarbem, kt\u00f3ry ofiarowa\u0142 nam Jezus Chrystus, by nas u\u015bwi\u0119ci\u0107 i doprowadzi\u0107 do \u017cycia wiecznego w Niebie. Amen.<br \/>\n(o.R.)<\/p>\n","protected":false},"excerpt":{"rendered":"<p>Z kazania na kalwaryjskim Wzg\u00f3rzu \u2013 29.06.2022r. \u2013 uroczysto\u015b\u0107 \u015bwi\u0119tych Aposto\u0142\u00f3w Piotra i Paw\u0142a\u00a0 Ko\u015bci\u00f3\u0142 to nasza Matka i nasz wielki Skarb. Uroczysto\u015b\u0107 \u015awi\u0119tych Aposto\u0142\u00f3w Piotra i Paw\u0142a wprowadza nas dzisiaj w wielk\u0105 tajemnic\u0119 naszej wiary, jak\u0105 jest tajemnica Ko\u015bcio\u0142a \u015bwi\u0119tego. W Ko\u015bciele \u015bwi\u0119tym, kt\u00f3ry od momentu Chrztu \u015awi\u0119tego jest dla nas wielkim skarbem, mamy &hellip;<\/p>\n","protected":false},"author":2,"featured_media":24201,"comment_status":"closed","ping_status":"closed","sticky":false,"template":"","format":"standard","meta":{"_mi_skip_tracking":false,"_exactmetrics_sitenote_active":false,"_exactmetrics_sitenote_note":"","_exactmetrics_sitenote_category":0},"categories":[14],"tags":[],"yoast_head":"<!-- This site is optimized with the Yoast SEO plugin v18.1 - https:\/\/yoast.com\/wordpress\/plugins\/seo\/ -->\n<title>Do medytacji z kalwaryjskiego Wzg\u00f3rza \u2013 \u015broda 29.06.2022r. - Pako\u015b\u0107 \u2013 Kalwaria<\/title>\n<meta name=\"robots\" content=\"index, follow, max-snippet:-1, max-image-preview:large, max-video-preview:-1\" \/>\n<link rel=\"canonical\" href=\"https:\/\/pakosc-kalwaria.franciszkanie.net\/index.php\/2022\/06\/29\/do-medytacji-z-kalwaryjskiego-wzgorza-sroda-29-06-2022r\/\" \/>\n<meta property=\"og:locale\" content=\"pl_PL\" \/>\n<meta property=\"og:type\" content=\"article\" \/>\n<meta property=\"og:title\" content=\"Do medytacji z kalwaryjskiego Wzg\u00f3rza \u2013 \u015broda 29.06.2022r. - Pako\u015b\u0107 \u2013 Kalwaria\" \/>\n<meta property=\"og:description\" content=\"Z kazania na kalwaryjskim Wzg\u00f3rzu \u2013 29.06.2022r. \u2013 uroczysto\u015b\u0107 \u015bwi\u0119tych Aposto\u0142\u00f3w Piotra i Paw\u0142a\u00a0 Ko\u015bci\u00f3\u0142 to nasza Matka i nasz wielki Skarb. Uroczysto\u015b\u0107 \u015awi\u0119tych Aposto\u0142\u00f3w Piotra i Paw\u0142a wprowadza nas dzisiaj w wielk\u0105 tajemnic\u0119 naszej wiary, jak\u0105 jest tajemnica Ko\u015bcio\u0142a \u015bwi\u0119tego. W Ko\u015bciele \u015bwi\u0119tym, kt\u00f3ry od momentu Chrztu \u015awi\u0119tego jest dla nas wielkim skarbem, mamy &hellip;\" \/>\n<meta property=\"og:url\" content=\"https:\/\/pakosc-kalwaria.franciszkanie.net\/index.php\/2022\/06\/29\/do-medytacji-z-kalwaryjskiego-wzgorza-sroda-29-06-2022r\/\" \/>\n<meta property=\"og:site_name\" content=\"Pako\u015b\u0107 \u2013 Kalwaria\" \/>\n<meta property=\"article:author\" content=\"https:\/\/www.facebook.com\/KalwariaPakosc\/\" \/>\n<meta property=\"article:published_time\" content=\"2022-06-29T16:00:24+00:00\" \/>\n<meta property=\"article:modified_time\" content=\"2022-06-29T14:41:31+00:00\" \/>\n<meta property=\"og:image\" content=\"https:\/\/pakosc-kalwaria.franciszkanie.net\/wp-content\/uploads\/2022\/06\/Oltarz-polowy-czerwiec-2022-2.jpg\" \/>\n\t<meta property=\"og:image:width\" content=\"350\" \/>\n\t<meta property=\"og:image:height\" content=\"197\" \/>\n\t<meta property=\"og:image:type\" content=\"image\/jpeg\" \/>\n<meta name=\"twitter:card\" content=\"summary\" \/>\n<meta name=\"twitter:label1\" content=\"Napisane przez\" \/>\n\t<meta name=\"twitter:data1\" content=\"pakosc-kalwaria\" \/>\n\t<meta name=\"twitter:label2\" content=\"Szacowany czas czytania\" \/>\n\t<meta name=\"twitter:data2\" content=\"4 minuty\" \/>\n<script type=\"application\/ld+json\" class=\"yoast-schema-graph\">{\"@context\":\"https:\/\/schema.org\",\"@graph\":[{\"@type\":\"WebSite\",\"@id\":\"https:\/\/pakosc-kalwaria.franciszkanie.net\/#website\",\"url\":\"https:\/\/pakosc-kalwaria.franciszkanie.net\/\",\"name\":\"Pako\u015b\u0107 \u2013 Kalwaria\",\"description\":\"Parafia Rzymsko \u2013 Katolicka p.w. Pana Jezusa Ukrzy\u017cowanego i  Matki Bo\u017cej Bolesnej ul. Barci\u0144ska 60, 88\u2013170 Pako\u015b\u0107 \u2013 Kalwaria\",\"potentialAction\":[{\"@type\":\"SearchAction\",\"target\":{\"@type\":\"EntryPoint\",\"urlTemplate\":\"https:\/\/pakosc-kalwaria.franciszkanie.net\/?s={search_term_string}\"},\"query-input\":\"required name=search_term_string\"}],\"inLanguage\":\"pl-PL\"},{\"@type\":\"ImageObject\",\"@id\":\"https:\/\/pakosc-kalwaria.franciszkanie.net\/index.php\/2022\/06\/29\/do-medytacji-z-kalwaryjskiego-wzgorza-sroda-29-06-2022r\/#primaryimage\",\"inLanguage\":\"pl-PL\",\"url\":\"https:\/\/pakosc-kalwaria.franciszkanie.net\/wp-content\/uploads\/2022\/06\/Oltarz-polowy-czerwiec-2022-2.jpg\",\"contentUrl\":\"https:\/\/pakosc-kalwaria.franciszkanie.net\/wp-content\/uploads\/2022\/06\/Oltarz-polowy-czerwiec-2022-2.jpg\",\"width\":350,\"height\":197},{\"@type\":\"WebPage\",\"@id\":\"https:\/\/pakosc-kalwaria.franciszkanie.net\/index.php\/2022\/06\/29\/do-medytacji-z-kalwaryjskiego-wzgorza-sroda-29-06-2022r\/#webpage\",\"url\":\"https:\/\/pakosc-kalwaria.franciszkanie.net\/index.php\/2022\/06\/29\/do-medytacji-z-kalwaryjskiego-wzgorza-sroda-29-06-2022r\/\",\"name\":\"Do medytacji z kalwaryjskiego Wzg\u00f3rza \u2013 \u015broda 29.06.2022r. - Pako\u015b\u0107 \u2013 Kalwaria\",\"isPartOf\":{\"@id\":\"https:\/\/pakosc-kalwaria.franciszkanie.net\/#website\"},\"primaryImageOfPage\":{\"@id\":\"https:\/\/pakosc-kalwaria.franciszkanie.net\/index.php\/2022\/06\/29\/do-medytacji-z-kalwaryjskiego-wzgorza-sroda-29-06-2022r\/#primaryimage\"},\"datePublished\":\"2022-06-29T16:00:24+00:00\",\"dateModified\":\"2022-06-29T14:41:31+00:00\",\"author\":{\"@id\":\"https:\/\/pakosc-kalwaria.franciszkanie.net\/#\/schema\/person\/af10b943be0760709227d060eadcb2aa\"},\"breadcrumb\":{\"@id\":\"https:\/\/pakosc-kalwaria.franciszkanie.net\/index.php\/2022\/06\/29\/do-medytacji-z-kalwaryjskiego-wzgorza-sroda-29-06-2022r\/#breadcrumb\"},\"inLanguage\":\"pl-PL\",\"potentialAction\":[{\"@type\":\"ReadAction\",\"target\":[\"https:\/\/pakosc-kalwaria.franciszkanie.net\/index.php\/2022\/06\/29\/do-medytacji-z-kalwaryjskiego-wzgorza-sroda-29-06-2022r\/\"]}]},{\"@type\":\"BreadcrumbList\",\"@id\":\"https:\/\/pakosc-kalwaria.franciszkanie.net\/index.php\/2022\/06\/29\/do-medytacji-z-kalwaryjskiego-wzgorza-sroda-29-06-2022r\/#breadcrumb\",\"itemListElement\":[{\"@type\":\"ListItem\",\"position\":1,\"name\":\"Strona g\u0142\u00f3wna\",\"item\":\"https:\/\/pakosc-kalwaria.franciszkanie.net\/\"},{\"@type\":\"ListItem\",\"position\":2,\"name\":\"Do medytacji z kalwaryjskiego Wzg\u00f3rza \u2013 \u015broda 29.06.2022r.\"}]},{\"@type\":\"Person\",\"@id\":\"https:\/\/pakosc-kalwaria.franciszkanie.net\/#\/schema\/person\/af10b943be0760709227d060eadcb2aa\",\"name\":\"pakosc-kalwaria\",\"image\":{\"@type\":\"ImageObject\",\"@id\":\"https:\/\/pakosc-kalwaria.franciszkanie.net\/#personlogo\",\"inLanguage\":\"pl-PL\",\"url\":\"https:\/\/secure.gravatar.com\/avatar\/e7049d338b55eac6a0027ff3218b8d02?s=96&d=mm&r=g\",\"contentUrl\":\"https:\/\/secure.gravatar.com\/avatar\/e7049d338b55eac6a0027ff3218b8d02?s=96&d=mm&r=g\",\"caption\":\"pakosc-kalwaria\"},\"sameAs\":[\"https:\/\/www.facebook.com\/KalwariaPakosc\/\"],\"url\":\"https:\/\/pakosc-kalwaria.franciszkanie.net\/index.php\/author\/pakosc-kalwaria\/\"}]}<\/script>\n<!-- \/ Yoast SEO plugin. -->","yoast_head_json":{"title":"Do medytacji z kalwaryjskiego Wzg\u00f3rza \u2013 \u015broda 29.06.2022r. - Pako\u015b\u0107 \u2013 Kalwaria","robots":{"index":"index","follow":"follow","max-snippet":"max-snippet:-1","max-image-preview":"max-image-preview:large","max-video-preview":"max-video-preview:-1"},"canonical":"https:\/\/pakosc-kalwaria.franciszkanie.net\/index.php\/2022\/06\/29\/do-medytacji-z-kalwaryjskiego-wzgorza-sroda-29-06-2022r\/","og_locale":"pl_PL","og_type":"article","og_title":"Do medytacji z kalwaryjskiego Wzg\u00f3rza \u2013 \u015broda 29.06.2022r. - Pako\u015b\u0107 \u2013 Kalwaria","og_description":"Z kazania na kalwaryjskim Wzg\u00f3rzu \u2013 29.06.2022r. \u2013 uroczysto\u015b\u0107 \u015bwi\u0119tych Aposto\u0142\u00f3w Piotra i Paw\u0142a\u00a0 Ko\u015bci\u00f3\u0142 to nasza Matka i nasz wielki Skarb. Uroczysto\u015b\u0107 \u015awi\u0119tych Aposto\u0142\u00f3w Piotra i Paw\u0142a wprowadza nas dzisiaj w wielk\u0105 tajemnic\u0119 naszej wiary, jak\u0105 jest tajemnica Ko\u015bcio\u0142a \u015bwi\u0119tego. W Ko\u015bciele \u015bwi\u0119tym, kt\u00f3ry od momentu Chrztu \u015awi\u0119tego jest dla nas wielkim skarbem, mamy &hellip;","og_url":"https:\/\/pakosc-kalwaria.franciszkanie.net\/index.php\/2022\/06\/29\/do-medytacji-z-kalwaryjskiego-wzgorza-sroda-29-06-2022r\/","og_site_name":"Pako\u015b\u0107 \u2013 Kalwaria","article_author":"https:\/\/www.facebook.com\/KalwariaPakosc\/","article_published_time":"2022-06-29T16:00:24+00:00","article_modified_time":"2022-06-29T14:41:31+00:00","og_image":[{"width":350,"height":197,"url":"https:\/\/pakosc-kalwaria.franciszkanie.net\/wp-content\/uploads\/2022\/06\/Oltarz-polowy-czerwiec-2022-2.jpg","type":"image\/jpeg"}],"twitter_card":"summary","twitter_misc":{"Napisane przez":"pakosc-kalwaria","Szacowany czas czytania":"4 minuty"},"schema":{"@context":"https:\/\/schema.org","@graph":[{"@type":"WebSite","@id":"https:\/\/pakosc-kalwaria.franciszkanie.net\/#website","url":"https:\/\/pakosc-kalwaria.franciszkanie.net\/","name":"Pako\u015b\u0107 \u2013 Kalwaria","description":"Parafia Rzymsko \u2013 Katolicka p.w. Pana Jezusa Ukrzy\u017cowanego i  Matki Bo\u017cej Bolesnej ul. Barci\u0144ska 60, 88\u2013170 Pako\u015b\u0107 \u2013 Kalwaria","potentialAction":[{"@type":"SearchAction","target":{"@type":"EntryPoint","urlTemplate":"https:\/\/pakosc-kalwaria.franciszkanie.net\/?s={search_term_string}"},"query-input":"required name=search_term_string"}],"inLanguage":"pl-PL"},{"@type":"ImageObject","@id":"https:\/\/pakosc-kalwaria.franciszkanie.net\/index.php\/2022\/06\/29\/do-medytacji-z-kalwaryjskiego-wzgorza-sroda-29-06-2022r\/#primaryimage","inLanguage":"pl-PL","url":"https:\/\/pakosc-kalwaria.franciszkanie.net\/wp-content\/uploads\/2022\/06\/Oltarz-polowy-czerwiec-2022-2.jpg","contentUrl":"https:\/\/pakosc-kalwaria.franciszkanie.net\/wp-content\/uploads\/2022\/06\/Oltarz-polowy-czerwiec-2022-2.jpg","width":350,"height":197},{"@type":"WebPage","@id":"https:\/\/pakosc-kalwaria.franciszkanie.net\/index.php\/2022\/06\/29\/do-medytacji-z-kalwaryjskiego-wzgorza-sroda-29-06-2022r\/#webpage","url":"https:\/\/pakosc-kalwaria.franciszkanie.net\/index.php\/2022\/06\/29\/do-medytacji-z-kalwaryjskiego-wzgorza-sroda-29-06-2022r\/","name":"Do medytacji z kalwaryjskiego Wzg\u00f3rza \u2013 \u015broda 29.06.2022r. - Pako\u015b\u0107 \u2013 Kalwaria","isPartOf":{"@id":"https:\/\/pakosc-kalwaria.franciszkanie.net\/#website"},"primaryImageOfPage":{"@id":"https:\/\/pakosc-kalwaria.franciszkanie.net\/index.php\/2022\/06\/29\/do-medytacji-z-kalwaryjskiego-wzgorza-sroda-29-06-2022r\/#primaryimage"},"datePublished":"2022-06-29T16:00:24+00:00","dateModified":"2022-06-29T14:41:31+00:00","author":{"@id":"https:\/\/pakosc-kalwaria.franciszkanie.net\/#\/schema\/person\/af10b943be0760709227d060eadcb2aa"},"breadcrumb":{"@id":"https:\/\/pakosc-kalwaria.franciszkanie.net\/index.php\/2022\/06\/29\/do-medytacji-z-kalwaryjskiego-wzgorza-sroda-29-06-2022r\/#breadcrumb"},"inLanguage":"pl-PL","potentialAction":[{"@type":"ReadAction","target":["https:\/\/pakosc-kalwaria.franciszkanie.net\/index.php\/2022\/06\/29\/do-medytacji-z-kalwaryjskiego-wzgorza-sroda-29-06-2022r\/"]}]},{"@type":"BreadcrumbList","@id":"https:\/\/pakosc-kalwaria.franciszkanie.net\/index.php\/2022\/06\/29\/do-medytacji-z-kalwaryjskiego-wzgorza-sroda-29-06-2022r\/#breadcrumb","itemListElement":[{"@type":"ListItem","position":1,"name":"Strona g\u0142\u00f3wna","item":"https:\/\/pakosc-kalwaria.franciszkanie.net\/"},{"@type":"ListItem","position":2,"name":"Do medytacji z kalwaryjskiego Wzg\u00f3rza \u2013 \u015broda 29.06.2022r."}]},{"@type":"Person","@id":"https:\/\/pakosc-kalwaria.franciszkanie.net\/#\/schema\/person\/af10b943be0760709227d060eadcb2aa","name":"pakosc-kalwaria","image":{"@type":"ImageObject","@id":"https:\/\/pakosc-kalwaria.franciszkanie.net\/#personlogo","inLanguage":"pl-PL","url":"https:\/\/secure.gravatar.com\/avatar\/e7049d338b55eac6a0027ff3218b8d02?s=96&d=mm&r=g","contentUrl":"https:\/\/secure.gravatar.com\/avatar\/e7049d338b55eac6a0027ff3218b8d02?s=96&d=mm&r=g","caption":"pakosc-kalwaria"},"sameAs":["https:\/\/www.facebook.com\/KalwariaPakosc\/"],"url":"https:\/\/pakosc-kalwaria.franciszkanie.net\/index.php\/author\/pakosc-kalwaria\/"}]}},"_links":{"self":[{"href":"https:\/\/pakosc-kalwaria.franciszkanie.net\/index.php\/wp-json\/wp\/v2\/posts\/24200"}],"collection":[{"href":"https:\/\/pakosc-kalwaria.franciszkanie.net\/index.php\/wp-json\/wp\/v2\/posts"}],"about":[{"href":"https:\/\/pakosc-kalwaria.franciszkanie.net\/index.php\/wp-json\/wp\/v2\/types\/post"}],"author":[{"embeddable":true,"href":"https:\/\/pakosc-kalwaria.franciszkanie.net\/index.php\/wp-json\/wp\/v2\/users\/2"}],"replies":[{"embeddable":true,"href":"https:\/\/pakosc-kalwaria.franciszkanie.net\/index.php\/wp-json\/wp\/v2\/comments?post=24200"}],"version-history":[{"count":2,"href":"https:\/\/pakosc-kalwaria.franciszkanie.net\/index.php\/wp-json\/wp\/v2\/posts\/24200\/revisions"}],"predecessor-version":[{"id":24203,"href":"https:\/\/pakosc-kalwaria.franciszkanie.net\/index.php\/wp-json\/wp\/v2\/posts\/24200\/revisions\/24203"}],"wp:featuredmedia":[{"embeddable":true,"href":"https:\/\/pakosc-kalwaria.franciszkanie.net\/index.php\/wp-json\/wp\/v2\/media\/24201"}],"wp:attachment":[{"href":"https:\/\/pakosc-kalwaria.franciszkanie.net\/index.php\/wp-json\/wp\/v2\/media?parent=24200"}],"wp:term":[{"taxonomy":"category","embeddable":true,"href":"https:\/\/pakosc-kalwaria.franciszkanie.net\/index.php\/wp-json\/wp\/v2\/categories?post=24200"},{"taxonomy":"post_tag","embeddable":true,"href":"https:\/\/pakosc-kalwaria.franciszkanie.net\/index.php\/wp-json\/wp\/v2\/tags?post=24200"}],"curies":[{"name":"wp","href":"https:\/\/api.w.org\/{rel}","templated":true}]}}