{"id":24670,"date":"2022-07-24T10:13:29","date_gmt":"2022-07-24T08:13:29","guid":{"rendered":"http:\/\/pakosc-kalwaria.franciszkanie.net\/?p=24670"},"modified":"2022-07-29T16:04:40","modified_gmt":"2022-07-29T14:04:40","slug":"komunikat-na-tydzien-sw-krzysztofa","status":"publish","type":"post","link":"https:\/\/pakosc-kalwaria.franciszkanie.net\/index.php\/2022\/07\/24\/komunikat-na-tydzien-sw-krzysztofa\/","title":{"rendered":"Komunikat na Tydzie\u0144 \u015bw. Krzysztofa"},"content":{"rendered":"<p><strong>Komunikat Przewodnicz\u0105cego Komisji Episkopatu Polski ds. Misji bp. Jana Piotrowskiego na XXIII Og\u00f3lnopolski Tydzie\u0144 \u015bw. Krzysztofa 24-31 lipca 2022<\/strong><\/p>\n<p>1. Czcigodni Bracia w kap\u0142a\u0144stwie! Osoby \u017cycia konsekrowanego! Kochani bracia i siostry w Chrystusie! Drodzy u\u017cytkownicy pojazd\u00f3w, zw\u0142aszcza samochod\u00f3w osobowych i motocykli, poruszaj\u0105cy si\u0119 po polskich drogach, a w czasie wakacji tak\u017ce poza naszym krajem! Pozdrawiam Was serdecznie w te wakacyjne dni, kiedy odbywacie liczne podr\u00f3\u017ce rodzinne, pielgrzymkowe, towarzyskie czy s\u0142u\u017cbowe. Z dnia na dzie\u0144 dostrzegamy wzrastaj\u0105c\u0105 ilo\u015b\u0107 pojazd\u00f3w, kt\u00f3re s\u0142u\u017c\u0105 cz\u0142owiekowi, bowiem podr\u00f3\u017ce stanowi\u0105 integraln\u0105 cz\u0119\u015b\u0107 ludzkiego \u017cycia.<\/p>\n<p>Pismo \u015awi\u0119te, zar\u00f3wno Starego jak i Nowego Testamentu, odwo\u0142uje si\u0119 do licznych podr\u00f3\u017cy, a klasycznym\u00a0przyk\u0142adem w\u0119drowca by\u0142 Abraham, kt\u00f3rego B\u00f3g powo\u0142a\u0142, aby opu\u015bci\u0142 swoj\u0105 ziemi\u0119 ojczyst\u0105 i uda\u0142 si\u0119 do Ziemi Obiecanej, co te\u017c uczyni\u0142 ufaj\u0105c Bogu: \u201eWyjd\u017a z twojej ziemi rodzinnej i z domu twego ojca do kraju, kt\u00f3ry ci uka\u017c\u0119\u201d (Rdz 12, 1). W drodze, i to bardzo cz\u0119sto, id\u0105c szlakiem palesty\u0144skich dr\u00f3g, bywa\u0142 Jezus z Nazaretu, nasz Pan i Odkupiciel, kt\u00f3ry tym samym realizowa\u0142 swoj\u0105 misj\u0119 pos\u0142any przez Ojca do ludzi, aby mieli \u017cycie i mieli je w obfito\u015bci (por. J 10, 10).<\/p>\n<p>2. Za t\u0105 Bo\u017c\u0105 pe\u0142ni\u0105 \u017cycia t\u0119skni wiele ludzkich serc, a ich pragnienia mog\u0105 spe\u0142ni\u0107 misjonarze, tak\u017ce ci pos\u0142ani przez Ko\u015bci\u00f3\u0142 w Polsce, kt\u00f3rzy ofiarnie pracuj\u0105 w 99 krajach \u015bwiata, realizuj\u0105c nakaz misyjny Pana Jezusa: \u201eId\u017acie wi\u0119c i nauczajcie wszystkie narody, udzielaj\u0105c im chrztu w imi\u0119 Ojca i Syna, i Ducha \u015awi\u0119tego. Uczcie je zachowywa\u0107 wszystko, co wam przykaza\u0142em. A oto Ja jestem z wami przez wszystkie dni, a\u017c do sko\u0144czenia \u015bwiata\u201d (Mt 28, 19-2). Zadanie to powierzone Ko\u015bcio\u0142owi jest aktualne w XXI w., bowiem nadal wida\u0107 niezmierzone horyzonty misji (por. Jan Pawe\u0142 II, Redemptoris missio, 1).<\/p>\n<p>3. Dzia\u0142alno\u015b\u0107 misyjna Ko\u015bcio\u0142a nie zmierza do \u017cadnego sukcesu, ale do coraz bardziej autentycznego \u015bwiadectwa wiary, \u017ce B\u00f3g jest mi\u0142o\u015bci\u0105, jaka objawia si\u0119 nam w Jezusie Chrystusie moc\u0105 Ducha \u015awi\u0119tego. Ewangeliczne \u015bwiadectwa wiary ma niejedno imi\u0119 i wyra\u017ca si\u0119 w dzie\u0142ach mi\u0142osierdzia, s\u0142u\u017cbie zdrowia, edukacji, budowie infrastruktury misyjnej \u2013 kaplic i ko\u015bcio\u0142\u00f3w oraz codziennej pomocy mieszka\u0144com i wiernym plac\u00f3wek<br \/>\nmisyjnych.<\/p>\n<p>Koniecznym \u015brodkiem komunikacji dla misjonarzy s\u0105 samochody terenowe, motocykle i rowery. Inn\u0105 grup\u0119 pojazd\u00f3w stanowi\u0105 samochody ci\u0119\u017carowe, traktory, quady czy \u0142odzie motorowe. Natomiast bezpo\u015brednim darem dla potrzebuj\u0105cych s\u0105 w\u00f3zki inwalidzkie, kt\u00f3rych wci\u0105\u017c potrzeba.<\/p>\n<p>W 2021 r. MIVA Polska zrealizowa\u0142a 137 projekt\u00f3w na zakup pojazd\u00f3w misyjnych, na kt\u00f3re przekaza\u0142a kwot\u0119 4 530 546 z\u0142. XXIII Og\u00f3lnopolski Tydzie\u0144 \u015bw. Krzysztofa trwaj\u0105cy w dniach 24-31 lipca br. \u2013 organizowany przez MIVA Polska \u2013 jest wyrazem wdzi\u0119czno\u015bci Bogu i ludziom za otwarte serca, za dar modlitwy i przys\u0142owiowy grosz za ka\u017cdy szcz\u0119\u015bliwie przejechany kilometr. To dzie\u0142o motywowane ewangeliczn\u0105 mi\u0142o\u015bci\u0105, wiar\u0105 i solidarno\u015bci\u0105 oraz modlitw\u0105 sprawia, \u017ce pos\u0142uga naszych misjonarek i misjonarzy mo\u017ce by\u0107 owocna.<\/p>\n<p>Z darem wdzi\u0119cznej modlitwy i pasterskim b\u0142ogos\u0142awie\u0144stwem<\/p>\n<p>+ Biskup Jan Piotrowski<br \/>\nBiskup Kielecki,<br \/>\nPrzewodnicz\u0105cy Komisji Episkopatu Polski ds. Misji<\/p>\n<p>Kielce, 6 czerwca 2022 r.<\/p>\n","protected":false},"excerpt":{"rendered":"<p>Komunikat Przewodnicz\u0105cego Komisji Episkopatu Polski ds. Misji bp. Jana Piotrowskiego na XXIII Og\u00f3lnopolski Tydzie\u0144 \u015bw. Krzysztofa 24-31 lipca 2022 1. Czcigodni Bracia w kap\u0142a\u0144stwie! Osoby \u017cycia konsekrowanego! Kochani bracia i siostry w Chrystusie! Drodzy u\u017cytkownicy pojazd\u00f3w, zw\u0142aszcza samochod\u00f3w osobowych i motocykli, poruszaj\u0105cy si\u0119 po polskich drogach, a w czasie wakacji tak\u017ce poza naszym krajem! Pozdrawiam &hellip;<\/p>\n","protected":false},"author":2,"featured_media":24672,"comment_status":"closed","ping_status":"closed","sticky":false,"template":"","format":"standard","meta":{"_mi_skip_tracking":false,"_exactmetrics_sitenote_active":false,"_exactmetrics_sitenote_note":"","_exactmetrics_sitenote_category":0},"categories":[7],"tags":[],"yoast_head":"<!-- This site is optimized with the Yoast SEO plugin v18.1 - https:\/\/yoast.com\/wordpress\/plugins\/seo\/ -->\n<title>Komunikat na Tydzie\u0144 \u015bw. Krzysztofa - Pako\u015b\u0107 \u2013 Kalwaria<\/title>\n<meta name=\"robots\" content=\"index, follow, max-snippet:-1, max-image-preview:large, max-video-preview:-1\" \/>\n<link rel=\"canonical\" href=\"https:\/\/pakosc-kalwaria.franciszkanie.net\/index.php\/2022\/07\/24\/komunikat-na-tydzien-sw-krzysztofa\/\" \/>\n<meta property=\"og:locale\" content=\"pl_PL\" \/>\n<meta property=\"og:type\" content=\"article\" \/>\n<meta property=\"og:title\" content=\"Komunikat na Tydzie\u0144 \u015bw. Krzysztofa - Pako\u015b\u0107 \u2013 Kalwaria\" \/>\n<meta property=\"og:description\" content=\"Komunikat Przewodnicz\u0105cego Komisji Episkopatu Polski ds. Misji bp. Jana Piotrowskiego na XXIII Og\u00f3lnopolski Tydzie\u0144 \u015bw. Krzysztofa 24-31 lipca 2022 1. Czcigodni Bracia w kap\u0142a\u0144stwie! Osoby \u017cycia konsekrowanego! Kochani bracia i siostry w Chrystusie! Drodzy u\u017cytkownicy pojazd\u00f3w, zw\u0142aszcza samochod\u00f3w osobowych i motocykli, poruszaj\u0105cy si\u0119 po polskich drogach, a w czasie wakacji tak\u017ce poza naszym krajem! Pozdrawiam &hellip;\" \/>\n<meta property=\"og:url\" content=\"https:\/\/pakosc-kalwaria.franciszkanie.net\/index.php\/2022\/07\/24\/komunikat-na-tydzien-sw-krzysztofa\/\" \/>\n<meta property=\"og:site_name\" content=\"Pako\u015b\u0107 \u2013 Kalwaria\" \/>\n<meta property=\"article:author\" content=\"https:\/\/www.facebook.com\/KalwariaPakosc\/\" \/>\n<meta property=\"article:published_time\" content=\"2022-07-24T08:13:29+00:00\" \/>\n<meta property=\"article:modified_time\" content=\"2022-07-29T14:04:40+00:00\" \/>\n<meta property=\"og:image\" content=\"https:\/\/pakosc-kalwaria.franciszkanie.net\/wp-content\/uploads\/2022\/07\/baner-2.jpg\" \/>\n\t<meta property=\"og:image:width\" content=\"350\" \/>\n\t<meta property=\"og:image:height\" content=\"204\" \/>\n\t<meta property=\"og:image:type\" content=\"image\/jpeg\" \/>\n<meta name=\"twitter:card\" content=\"summary\" \/>\n<meta name=\"twitter:label1\" content=\"Napisane przez\" \/>\n\t<meta name=\"twitter:data1\" content=\"pakosc-kalwaria\" \/>\n\t<meta name=\"twitter:label2\" content=\"Szacowany czas czytania\" \/>\n\t<meta name=\"twitter:data2\" content=\"3 minuty\" \/>\n<script type=\"application\/ld+json\" class=\"yoast-schema-graph\">{\"@context\":\"https:\/\/schema.org\",\"@graph\":[{\"@type\":\"WebSite\",\"@id\":\"https:\/\/pakosc-kalwaria.franciszkanie.net\/#website\",\"url\":\"https:\/\/pakosc-kalwaria.franciszkanie.net\/\",\"name\":\"Pako\u015b\u0107 \u2013 Kalwaria\",\"description\":\"Parafia Rzymsko \u2013 Katolicka p.w. Pana Jezusa Ukrzy\u017cowanego i  Matki Bo\u017cej Bolesnej ul. Barci\u0144ska 60, 88\u2013170 Pako\u015b\u0107 \u2013 Kalwaria\",\"potentialAction\":[{\"@type\":\"SearchAction\",\"target\":{\"@type\":\"EntryPoint\",\"urlTemplate\":\"https:\/\/pakosc-kalwaria.franciszkanie.net\/?s={search_term_string}\"},\"query-input\":\"required name=search_term_string\"}],\"inLanguage\":\"pl-PL\"},{\"@type\":\"ImageObject\",\"@id\":\"https:\/\/pakosc-kalwaria.franciszkanie.net\/index.php\/2022\/07\/24\/komunikat-na-tydzien-sw-krzysztofa\/#primaryimage\",\"inLanguage\":\"pl-PL\",\"url\":\"https:\/\/pakosc-kalwaria.franciszkanie.net\/wp-content\/uploads\/2022\/07\/baner-2.jpg\",\"contentUrl\":\"https:\/\/pakosc-kalwaria.franciszkanie.net\/wp-content\/uploads\/2022\/07\/baner-2.jpg\",\"width\":350,\"height\":204},{\"@type\":\"WebPage\",\"@id\":\"https:\/\/pakosc-kalwaria.franciszkanie.net\/index.php\/2022\/07\/24\/komunikat-na-tydzien-sw-krzysztofa\/#webpage\",\"url\":\"https:\/\/pakosc-kalwaria.franciszkanie.net\/index.php\/2022\/07\/24\/komunikat-na-tydzien-sw-krzysztofa\/\",\"name\":\"Komunikat na Tydzie\u0144 \u015bw. Krzysztofa - Pako\u015b\u0107 \u2013 Kalwaria\",\"isPartOf\":{\"@id\":\"https:\/\/pakosc-kalwaria.franciszkanie.net\/#website\"},\"primaryImageOfPage\":{\"@id\":\"https:\/\/pakosc-kalwaria.franciszkanie.net\/index.php\/2022\/07\/24\/komunikat-na-tydzien-sw-krzysztofa\/#primaryimage\"},\"datePublished\":\"2022-07-24T08:13:29+00:00\",\"dateModified\":\"2022-07-29T14:04:40+00:00\",\"author\":{\"@id\":\"https:\/\/pakosc-kalwaria.franciszkanie.net\/#\/schema\/person\/af10b943be0760709227d060eadcb2aa\"},\"breadcrumb\":{\"@id\":\"https:\/\/pakosc-kalwaria.franciszkanie.net\/index.php\/2022\/07\/24\/komunikat-na-tydzien-sw-krzysztofa\/#breadcrumb\"},\"inLanguage\":\"pl-PL\",\"potentialAction\":[{\"@type\":\"ReadAction\",\"target\":[\"https:\/\/pakosc-kalwaria.franciszkanie.net\/index.php\/2022\/07\/24\/komunikat-na-tydzien-sw-krzysztofa\/\"]}]},{\"@type\":\"BreadcrumbList\",\"@id\":\"https:\/\/pakosc-kalwaria.franciszkanie.net\/index.php\/2022\/07\/24\/komunikat-na-tydzien-sw-krzysztofa\/#breadcrumb\",\"itemListElement\":[{\"@type\":\"ListItem\",\"position\":1,\"name\":\"Strona g\u0142\u00f3wna\",\"item\":\"https:\/\/pakosc-kalwaria.franciszkanie.net\/\"},{\"@type\":\"ListItem\",\"position\":2,\"name\":\"Komunikat na Tydzie\u0144 \u015bw. Krzysztofa\"}]},{\"@type\":\"Person\",\"@id\":\"https:\/\/pakosc-kalwaria.franciszkanie.net\/#\/schema\/person\/af10b943be0760709227d060eadcb2aa\",\"name\":\"pakosc-kalwaria\",\"image\":{\"@type\":\"ImageObject\",\"@id\":\"https:\/\/pakosc-kalwaria.franciszkanie.net\/#personlogo\",\"inLanguage\":\"pl-PL\",\"url\":\"https:\/\/secure.gravatar.com\/avatar\/e7049d338b55eac6a0027ff3218b8d02?s=96&d=mm&r=g\",\"contentUrl\":\"https:\/\/secure.gravatar.com\/avatar\/e7049d338b55eac6a0027ff3218b8d02?s=96&d=mm&r=g\",\"caption\":\"pakosc-kalwaria\"},\"sameAs\":[\"https:\/\/www.facebook.com\/KalwariaPakosc\/\"],\"url\":\"https:\/\/pakosc-kalwaria.franciszkanie.net\/index.php\/author\/pakosc-kalwaria\/\"}]}<\/script>\n<!-- \/ Yoast SEO plugin. -->","yoast_head_json":{"title":"Komunikat na Tydzie\u0144 \u015bw. Krzysztofa - Pako\u015b\u0107 \u2013 Kalwaria","robots":{"index":"index","follow":"follow","max-snippet":"max-snippet:-1","max-image-preview":"max-image-preview:large","max-video-preview":"max-video-preview:-1"},"canonical":"https:\/\/pakosc-kalwaria.franciszkanie.net\/index.php\/2022\/07\/24\/komunikat-na-tydzien-sw-krzysztofa\/","og_locale":"pl_PL","og_type":"article","og_title":"Komunikat na Tydzie\u0144 \u015bw. Krzysztofa - Pako\u015b\u0107 \u2013 Kalwaria","og_description":"Komunikat Przewodnicz\u0105cego Komisji Episkopatu Polski ds. Misji bp. Jana Piotrowskiego na XXIII Og\u00f3lnopolski Tydzie\u0144 \u015bw. Krzysztofa 24-31 lipca 2022 1. Czcigodni Bracia w kap\u0142a\u0144stwie! Osoby \u017cycia konsekrowanego! Kochani bracia i siostry w Chrystusie! Drodzy u\u017cytkownicy pojazd\u00f3w, zw\u0142aszcza samochod\u00f3w osobowych i motocykli, poruszaj\u0105cy si\u0119 po polskich drogach, a w czasie wakacji tak\u017ce poza naszym krajem! Pozdrawiam &hellip;","og_url":"https:\/\/pakosc-kalwaria.franciszkanie.net\/index.php\/2022\/07\/24\/komunikat-na-tydzien-sw-krzysztofa\/","og_site_name":"Pako\u015b\u0107 \u2013 Kalwaria","article_author":"https:\/\/www.facebook.com\/KalwariaPakosc\/","article_published_time":"2022-07-24T08:13:29+00:00","article_modified_time":"2022-07-29T14:04:40+00:00","og_image":[{"width":350,"height":204,"url":"https:\/\/pakosc-kalwaria.franciszkanie.net\/wp-content\/uploads\/2022\/07\/baner-2.jpg","type":"image\/jpeg"}],"twitter_card":"summary","twitter_misc":{"Napisane przez":"pakosc-kalwaria","Szacowany czas czytania":"3 minuty"},"schema":{"@context":"https:\/\/schema.org","@graph":[{"@type":"WebSite","@id":"https:\/\/pakosc-kalwaria.franciszkanie.net\/#website","url":"https:\/\/pakosc-kalwaria.franciszkanie.net\/","name":"Pako\u015b\u0107 \u2013 Kalwaria","description":"Parafia Rzymsko \u2013 Katolicka p.w. Pana Jezusa Ukrzy\u017cowanego i  Matki Bo\u017cej Bolesnej ul. Barci\u0144ska 60, 88\u2013170 Pako\u015b\u0107 \u2013 Kalwaria","potentialAction":[{"@type":"SearchAction","target":{"@type":"EntryPoint","urlTemplate":"https:\/\/pakosc-kalwaria.franciszkanie.net\/?s={search_term_string}"},"query-input":"required name=search_term_string"}],"inLanguage":"pl-PL"},{"@type":"ImageObject","@id":"https:\/\/pakosc-kalwaria.franciszkanie.net\/index.php\/2022\/07\/24\/komunikat-na-tydzien-sw-krzysztofa\/#primaryimage","inLanguage":"pl-PL","url":"https:\/\/pakosc-kalwaria.franciszkanie.net\/wp-content\/uploads\/2022\/07\/baner-2.jpg","contentUrl":"https:\/\/pakosc-kalwaria.franciszkanie.net\/wp-content\/uploads\/2022\/07\/baner-2.jpg","width":350,"height":204},{"@type":"WebPage","@id":"https:\/\/pakosc-kalwaria.franciszkanie.net\/index.php\/2022\/07\/24\/komunikat-na-tydzien-sw-krzysztofa\/#webpage","url":"https:\/\/pakosc-kalwaria.franciszkanie.net\/index.php\/2022\/07\/24\/komunikat-na-tydzien-sw-krzysztofa\/","name":"Komunikat na Tydzie\u0144 \u015bw. Krzysztofa - Pako\u015b\u0107 \u2013 Kalwaria","isPartOf":{"@id":"https:\/\/pakosc-kalwaria.franciszkanie.net\/#website"},"primaryImageOfPage":{"@id":"https:\/\/pakosc-kalwaria.franciszkanie.net\/index.php\/2022\/07\/24\/komunikat-na-tydzien-sw-krzysztofa\/#primaryimage"},"datePublished":"2022-07-24T08:13:29+00:00","dateModified":"2022-07-29T14:04:40+00:00","author":{"@id":"https:\/\/pakosc-kalwaria.franciszkanie.net\/#\/schema\/person\/af10b943be0760709227d060eadcb2aa"},"breadcrumb":{"@id":"https:\/\/pakosc-kalwaria.franciszkanie.net\/index.php\/2022\/07\/24\/komunikat-na-tydzien-sw-krzysztofa\/#breadcrumb"},"inLanguage":"pl-PL","potentialAction":[{"@type":"ReadAction","target":["https:\/\/pakosc-kalwaria.franciszkanie.net\/index.php\/2022\/07\/24\/komunikat-na-tydzien-sw-krzysztofa\/"]}]},{"@type":"BreadcrumbList","@id":"https:\/\/pakosc-kalwaria.franciszkanie.net\/index.php\/2022\/07\/24\/komunikat-na-tydzien-sw-krzysztofa\/#breadcrumb","itemListElement":[{"@type":"ListItem","position":1,"name":"Strona g\u0142\u00f3wna","item":"https:\/\/pakosc-kalwaria.franciszkanie.net\/"},{"@type":"ListItem","position":2,"name":"Komunikat na Tydzie\u0144 \u015bw. Krzysztofa"}]},{"@type":"Person","@id":"https:\/\/pakosc-kalwaria.franciszkanie.net\/#\/schema\/person\/af10b943be0760709227d060eadcb2aa","name":"pakosc-kalwaria","image":{"@type":"ImageObject","@id":"https:\/\/pakosc-kalwaria.franciszkanie.net\/#personlogo","inLanguage":"pl-PL","url":"https:\/\/secure.gravatar.com\/avatar\/e7049d338b55eac6a0027ff3218b8d02?s=96&d=mm&r=g","contentUrl":"https:\/\/secure.gravatar.com\/avatar\/e7049d338b55eac6a0027ff3218b8d02?s=96&d=mm&r=g","caption":"pakosc-kalwaria"},"sameAs":["https:\/\/www.facebook.com\/KalwariaPakosc\/"],"url":"https:\/\/pakosc-kalwaria.franciszkanie.net\/index.php\/author\/pakosc-kalwaria\/"}]}},"_links":{"self":[{"href":"https:\/\/pakosc-kalwaria.franciszkanie.net\/index.php\/wp-json\/wp\/v2\/posts\/24670"}],"collection":[{"href":"https:\/\/pakosc-kalwaria.franciszkanie.net\/index.php\/wp-json\/wp\/v2\/posts"}],"about":[{"href":"https:\/\/pakosc-kalwaria.franciszkanie.net\/index.php\/wp-json\/wp\/v2\/types\/post"}],"author":[{"embeddable":true,"href":"https:\/\/pakosc-kalwaria.franciszkanie.net\/index.php\/wp-json\/wp\/v2\/users\/2"}],"replies":[{"embeddable":true,"href":"https:\/\/pakosc-kalwaria.franciszkanie.net\/index.php\/wp-json\/wp\/v2\/comments?post=24670"}],"version-history":[{"count":1,"href":"https:\/\/pakosc-kalwaria.franciszkanie.net\/index.php\/wp-json\/wp\/v2\/posts\/24670\/revisions"}],"predecessor-version":[{"id":24673,"href":"https:\/\/pakosc-kalwaria.franciszkanie.net\/index.php\/wp-json\/wp\/v2\/posts\/24670\/revisions\/24673"}],"wp:featuredmedia":[{"embeddable":true,"href":"https:\/\/pakosc-kalwaria.franciszkanie.net\/index.php\/wp-json\/wp\/v2\/media\/24672"}],"wp:attachment":[{"href":"https:\/\/pakosc-kalwaria.franciszkanie.net\/index.php\/wp-json\/wp\/v2\/media?parent=24670"}],"wp:term":[{"taxonomy":"category","embeddable":true,"href":"https:\/\/pakosc-kalwaria.franciszkanie.net\/index.php\/wp-json\/wp\/v2\/categories?post=24670"},{"taxonomy":"post_tag","embeddable":true,"href":"https:\/\/pakosc-kalwaria.franciszkanie.net\/index.php\/wp-json\/wp\/v2\/tags?post=24670"}],"curies":[{"name":"wp","href":"https:\/\/api.w.org\/{rel}","templated":true}]}}