{"id":24750,"date":"2022-08-06T09:45:50","date_gmt":"2022-08-06T07:45:50","guid":{"rendered":"http:\/\/pakosc-kalwaria.franciszkanie.net\/?p=24750"},"modified":"2022-08-11T17:35:31","modified_gmt":"2022-08-11T15:35:31","slug":"papieska-intencja-apostolstwa-modlitwy-sierpien-2022","status":"publish","type":"post","link":"https:\/\/pakosc-kalwaria.franciszkanie.net\/index.php\/2022\/08\/06\/papieska-intencja-apostolstwa-modlitwy-sierpien-2022\/","title":{"rendered":"Papieska Intencja Apostolstwa Modlitwy \u2013 Sierpie\u0144 2022"},"content":{"rendered":"<p><span style=\"color: #ff0000;\"><strong>Intencja:<\/strong><\/span> <strong>Za ma\u0142ych i \u015brednich przedsi\u0119biorc\u00f3w.<\/strong><br \/>\n<strong>M\u00f3dlmy si\u0119, aby mali i \u015bredni przedsi\u0119biorcy, powa\u017cnie dotkni\u0119ci kryzysem gospodarczym i spo\u0142ecznym, znale\u017ali \u015brodki niezb\u0119dne do kontynuowania swojej dzia\u0142alno\u015bci w s\u0142u\u017cbie spo\u0142eczno\u015bci, w kt\u00f3rych \u017cyj\u0105.<\/strong><\/p>\n<p><strong>\u017bywy R\u00f3\u017caniec w naszej Parafii modli si\u0119 <span style=\"color: #ff0000;\">w sierpniu wed\u0142ug \u201ezestawu nr 9\u201d.<\/span><br \/>\nZach\u0119camy do w\u0142\u0105czenia si\u0119 w \u017bywy R\u00f3\u017caniec w naszej kalwaryjskiej Parafii. Obecnie tworzymy <span style=\"color: #ff0000;\">sz\u00f3st\u0105 R\u00f3\u017c\u0119 R\u00f3\u017ca\u0144cow\u0105 pod wezwaniem \u015bw. Franciszka z Asy\u017cu.<\/span><\/strong><\/p>\n<p>&nbsp;<\/p>\n<p>Wielko\u015b\u0107 firm zale\u017cy od liczby pracownik\u00f3w i rocznego obrotu. Najmniejsze mikrofirmy zatrudniaj\u0105 do 9 os\u00f3b i w rocznym bilansie nie przekraczaj\u0105 2 mln euro. Kolejny pr\u00f3g to firmy ma\u0142e, czyli przedsi\u0119biorstwa, w kt\u00f3rych pracuje od 10 do 50 pracownik\u00f3w, z obrotem rocznym nie wi\u0119kszym ni\u017c 10 mln euro. Natomiast firmy \u015brednie zatrudniaj\u0105 od 50 do 250 os\u00f3b, a ich roczny bilans nie przekracza 50 milion\u00f3w euro. Okazuje si\u0119, \u017ce te trzy rodzaje przedsi\u0119biorstw stanowi\u0105 ponad 99% wszystkich firm w Polsce. To one s\u0105 si\u0142\u0105 nap\u0119dow\u0105 gospodarki. Przeczyta\u0107 o tym mo\u017cna w ubieg\u0142orocznym raporcie Polskiej Agencji Rozwoju Przedsi\u0119biorczo\u015bci, kt\u00f3ry u\u015bci\u015bla, \u017ce a\u017c 97% przedsi\u0119biorstw w naszym kraju to mikrofirmy. One najbardziej odczuwaj\u0105 skutki kryzysu zwi\u0105zanego z pandemi\u0105, a pog\u0142\u0119bionego jeszcze napa\u015bci\u0105 Rosji na Ukrain\u0119. Niepewno\u015b\u0107 sytuacji gospodarczej, rosn\u0105ce ceny energii, niedost\u0119pno\u015b\u0107 produkt\u00f3w zwi\u0105zana ze zmianami w \u0142a\u0144cuchach dostaw \u2013 to tylko niekt\u00f3re z wyzwa\u0144, z jakimi musz\u0105 si\u0119 teraz mierzy\u0107. Wiadomo, \u017ce mniejsze firmy dysponuj\u0105 mniejszymi \u015brodkami. Nie maj\u0105 rezerw, kt\u00f3re pozwoli\u0142yby wytrzyma\u0107 obci\u0105\u017cenia zwi\u0105zane chocia\u017cby z zatorami p\u0142atniczymi czy z rosn\u0105cymi kosztami zar\u00f3wno zatrudnienia pracownik\u00f3w, jak i surowc\u00f3w. Wiele z nich zmuszonych zosta\u0142o do ci\u0119cia koszt\u00f3w, tak\u017ce przez zwalnianie pracownik\u00f3w.<\/p>\n<p>W sytuacji kryzysu gospodarczego i spo\u0142ecznego papie\u017c Franciszek prosi nas o modlitw\u0119 w\u0142a\u015bnie w intencji przedsi\u0119biorc\u00f3w. W ich dzia\u0142alno\u015bci widzi szlachetne powo\u0142anie, zmierzaj\u0105ce <em>do wytwarzania bogactwa i udoskonalania \u015bwiata dla wszystkich<\/em> (encyklika <em>Laudato si\u2019,<\/em> 129). R\u00f3wnocze\u015bnie zach\u0119ca ich, by swoje ekonomiczne i technologiczne zdolno\u015bci wyra\u017anie ukierunkowali nie tylko na w\u0142asny rozw\u00f3j, ale te\u017c <em>na rozw\u00f3j innych os\u00f3b i na przezwyci\u0119\u017canie n\u0119dzy, szczeg\u00f3lnie poprzez tworzenie zr\u00f3\u017cnicowanych mo\u017cliwo\u015bci pracy<\/em> (encyklika <em>Fratelli tutti,<\/em> 123). W sierpniu mamy si\u0119 modli\u0107, by mali i \u015bredni przedsi\u0119biorcy, w obecnej sytuacji kryzysu, znale\u017ali \u015brodki niezb\u0119dne do kontynuowania swojej dzia\u0142alno\u015bci i nadal mogli s\u0142u\u017cy\u0107 spo\u0142eczno\u015bciom, w kt\u00f3rych \u017cyj\u0105.<br \/>\n\/ampolska\/<\/p>\n","protected":false},"excerpt":{"rendered":"<p>Intencja: Za ma\u0142ych i \u015brednich przedsi\u0119biorc\u00f3w. M\u00f3dlmy si\u0119, aby mali i \u015bredni przedsi\u0119biorcy, powa\u017cnie dotkni\u0119ci kryzysem gospodarczym i spo\u0142ecznym, znale\u017ali \u015brodki niezb\u0119dne do kontynuowania swojej dzia\u0142alno\u015bci w s\u0142u\u017cbie spo\u0142eczno\u015bci, w kt\u00f3rych \u017cyj\u0105. \u017bywy R\u00f3\u017caniec w naszej Parafii modli si\u0119 w sierpniu wed\u0142ug \u201ezestawu nr 9\u201d. Zach\u0119camy do w\u0142\u0105czenia si\u0119 w \u017bywy R\u00f3\u017caniec w naszej kalwaryjskiej &hellip;<\/p>\n","protected":false},"author":2,"featured_media":24751,"comment_status":"closed","ping_status":"closed","sticky":false,"template":"","format":"standard","meta":{"_mi_skip_tracking":false,"_exactmetrics_sitenote_active":false,"_exactmetrics_sitenote_note":"","_exactmetrics_sitenote_category":0},"categories":[14],"tags":[],"yoast_head":"<!-- This site is optimized with the Yoast SEO plugin v18.1 - https:\/\/yoast.com\/wordpress\/plugins\/seo\/ -->\n<title>Papieska Intencja Apostolstwa Modlitwy \u2013 Sierpie\u0144 2022 - Pako\u015b\u0107 \u2013 Kalwaria<\/title>\n<meta name=\"robots\" content=\"index, follow, max-snippet:-1, max-image-preview:large, max-video-preview:-1\" \/>\n<link rel=\"canonical\" href=\"https:\/\/pakosc-kalwaria.franciszkanie.net\/index.php\/2022\/08\/06\/papieska-intencja-apostolstwa-modlitwy-sierpien-2022\/\" \/>\n<meta property=\"og:locale\" content=\"pl_PL\" \/>\n<meta property=\"og:type\" content=\"article\" \/>\n<meta property=\"og:title\" content=\"Papieska Intencja Apostolstwa Modlitwy \u2013 Sierpie\u0144 2022 - Pako\u015b\u0107 \u2013 Kalwaria\" \/>\n<meta property=\"og:description\" content=\"Intencja: Za ma\u0142ych i \u015brednich przedsi\u0119biorc\u00f3w. M\u00f3dlmy si\u0119, aby mali i \u015bredni przedsi\u0119biorcy, powa\u017cnie dotkni\u0119ci kryzysem gospodarczym i spo\u0142ecznym, znale\u017ali \u015brodki niezb\u0119dne do kontynuowania swojej dzia\u0142alno\u015bci w s\u0142u\u017cbie spo\u0142eczno\u015bci, w kt\u00f3rych \u017cyj\u0105. \u017bywy R\u00f3\u017caniec w naszej Parafii modli si\u0119 w sierpniu wed\u0142ug \u201ezestawu nr 9\u201d. Zach\u0119camy do w\u0142\u0105czenia si\u0119 w \u017bywy R\u00f3\u017caniec w naszej kalwaryjskiej &hellip;\" \/>\n<meta property=\"og:url\" content=\"https:\/\/pakosc-kalwaria.franciszkanie.net\/index.php\/2022\/08\/06\/papieska-intencja-apostolstwa-modlitwy-sierpien-2022\/\" \/>\n<meta property=\"og:site_name\" content=\"Pako\u015b\u0107 \u2013 Kalwaria\" \/>\n<meta property=\"article:author\" content=\"https:\/\/www.facebook.com\/KalwariaPakosc\/\" \/>\n<meta property=\"article:published_time\" content=\"2022-08-06T07:45:50+00:00\" \/>\n<meta property=\"article:modified_time\" content=\"2022-08-11T15:35:31+00:00\" \/>\n<meta property=\"og:image\" content=\"https:\/\/pakosc-kalwaria.franciszkanie.net\/wp-content\/uploads\/2022\/07\/papa-francesco.jpg\" \/>\n\t<meta property=\"og:image:width\" content=\"300\" \/>\n\t<meta property=\"og:image:height\" content=\"200\" \/>\n\t<meta property=\"og:image:type\" content=\"image\/jpeg\" \/>\n<meta name=\"twitter:card\" content=\"summary\" \/>\n<meta name=\"twitter:label1\" content=\"Napisane przez\" \/>\n\t<meta name=\"twitter:data1\" content=\"pakosc-kalwaria\" \/>\n\t<meta name=\"twitter:label2\" content=\"Szacowany czas czytania\" \/>\n\t<meta name=\"twitter:data2\" content=\"2 minuty\" \/>\n<script type=\"application\/ld+json\" class=\"yoast-schema-graph\">{\"@context\":\"https:\/\/schema.org\",\"@graph\":[{\"@type\":\"WebSite\",\"@id\":\"https:\/\/pakosc-kalwaria.franciszkanie.net\/#website\",\"url\":\"https:\/\/pakosc-kalwaria.franciszkanie.net\/\",\"name\":\"Pako\u015b\u0107 \u2013 Kalwaria\",\"description\":\"Parafia Rzymsko \u2013 Katolicka p.w. Pana Jezusa Ukrzy\u017cowanego i  Matki Bo\u017cej Bolesnej ul. Barci\u0144ska 60, 88\u2013170 Pako\u015b\u0107 \u2013 Kalwaria\",\"potentialAction\":[{\"@type\":\"SearchAction\",\"target\":{\"@type\":\"EntryPoint\",\"urlTemplate\":\"https:\/\/pakosc-kalwaria.franciszkanie.net\/?s={search_term_string}\"},\"query-input\":\"required name=search_term_string\"}],\"inLanguage\":\"pl-PL\"},{\"@type\":\"ImageObject\",\"@id\":\"https:\/\/pakosc-kalwaria.franciszkanie.net\/index.php\/2022\/08\/06\/papieska-intencja-apostolstwa-modlitwy-sierpien-2022\/#primaryimage\",\"inLanguage\":\"pl-PL\",\"url\":\"https:\/\/pakosc-kalwaria.franciszkanie.net\/wp-content\/uploads\/2022\/07\/papa-francesco.jpg\",\"contentUrl\":\"https:\/\/pakosc-kalwaria.franciszkanie.net\/wp-content\/uploads\/2022\/07\/papa-francesco.jpg\",\"width\":300,\"height\":200},{\"@type\":\"WebPage\",\"@id\":\"https:\/\/pakosc-kalwaria.franciszkanie.net\/index.php\/2022\/08\/06\/papieska-intencja-apostolstwa-modlitwy-sierpien-2022\/#webpage\",\"url\":\"https:\/\/pakosc-kalwaria.franciszkanie.net\/index.php\/2022\/08\/06\/papieska-intencja-apostolstwa-modlitwy-sierpien-2022\/\",\"name\":\"Papieska Intencja Apostolstwa Modlitwy \u2013 Sierpie\u0144 2022 - Pako\u015b\u0107 \u2013 Kalwaria\",\"isPartOf\":{\"@id\":\"https:\/\/pakosc-kalwaria.franciszkanie.net\/#website\"},\"primaryImageOfPage\":{\"@id\":\"https:\/\/pakosc-kalwaria.franciszkanie.net\/index.php\/2022\/08\/06\/papieska-intencja-apostolstwa-modlitwy-sierpien-2022\/#primaryimage\"},\"datePublished\":\"2022-08-06T07:45:50+00:00\",\"dateModified\":\"2022-08-11T15:35:31+00:00\",\"author\":{\"@id\":\"https:\/\/pakosc-kalwaria.franciszkanie.net\/#\/schema\/person\/af10b943be0760709227d060eadcb2aa\"},\"breadcrumb\":{\"@id\":\"https:\/\/pakosc-kalwaria.franciszkanie.net\/index.php\/2022\/08\/06\/papieska-intencja-apostolstwa-modlitwy-sierpien-2022\/#breadcrumb\"},\"inLanguage\":\"pl-PL\",\"potentialAction\":[{\"@type\":\"ReadAction\",\"target\":[\"https:\/\/pakosc-kalwaria.franciszkanie.net\/index.php\/2022\/08\/06\/papieska-intencja-apostolstwa-modlitwy-sierpien-2022\/\"]}]},{\"@type\":\"BreadcrumbList\",\"@id\":\"https:\/\/pakosc-kalwaria.franciszkanie.net\/index.php\/2022\/08\/06\/papieska-intencja-apostolstwa-modlitwy-sierpien-2022\/#breadcrumb\",\"itemListElement\":[{\"@type\":\"ListItem\",\"position\":1,\"name\":\"Strona g\u0142\u00f3wna\",\"item\":\"https:\/\/pakosc-kalwaria.franciszkanie.net\/\"},{\"@type\":\"ListItem\",\"position\":2,\"name\":\"Papieska Intencja Apostolstwa Modlitwy \u2013 Sierpie\u0144 2022\"}]},{\"@type\":\"Person\",\"@id\":\"https:\/\/pakosc-kalwaria.franciszkanie.net\/#\/schema\/person\/af10b943be0760709227d060eadcb2aa\",\"name\":\"pakosc-kalwaria\",\"image\":{\"@type\":\"ImageObject\",\"@id\":\"https:\/\/pakosc-kalwaria.franciszkanie.net\/#personlogo\",\"inLanguage\":\"pl-PL\",\"url\":\"https:\/\/secure.gravatar.com\/avatar\/e7049d338b55eac6a0027ff3218b8d02?s=96&d=mm&r=g\",\"contentUrl\":\"https:\/\/secure.gravatar.com\/avatar\/e7049d338b55eac6a0027ff3218b8d02?s=96&d=mm&r=g\",\"caption\":\"pakosc-kalwaria\"},\"sameAs\":[\"https:\/\/www.facebook.com\/KalwariaPakosc\/\"],\"url\":\"https:\/\/pakosc-kalwaria.franciszkanie.net\/index.php\/author\/pakosc-kalwaria\/\"}]}<\/script>\n<!-- \/ Yoast SEO plugin. -->","yoast_head_json":{"title":"Papieska Intencja Apostolstwa Modlitwy \u2013 Sierpie\u0144 2022 - Pako\u015b\u0107 \u2013 Kalwaria","robots":{"index":"index","follow":"follow","max-snippet":"max-snippet:-1","max-image-preview":"max-image-preview:large","max-video-preview":"max-video-preview:-1"},"canonical":"https:\/\/pakosc-kalwaria.franciszkanie.net\/index.php\/2022\/08\/06\/papieska-intencja-apostolstwa-modlitwy-sierpien-2022\/","og_locale":"pl_PL","og_type":"article","og_title":"Papieska Intencja Apostolstwa Modlitwy \u2013 Sierpie\u0144 2022 - Pako\u015b\u0107 \u2013 Kalwaria","og_description":"Intencja: Za ma\u0142ych i \u015brednich przedsi\u0119biorc\u00f3w. M\u00f3dlmy si\u0119, aby mali i \u015bredni przedsi\u0119biorcy, powa\u017cnie dotkni\u0119ci kryzysem gospodarczym i spo\u0142ecznym, znale\u017ali \u015brodki niezb\u0119dne do kontynuowania swojej dzia\u0142alno\u015bci w s\u0142u\u017cbie spo\u0142eczno\u015bci, w kt\u00f3rych \u017cyj\u0105. \u017bywy R\u00f3\u017caniec w naszej Parafii modli si\u0119 w sierpniu wed\u0142ug \u201ezestawu nr 9\u201d. Zach\u0119camy do w\u0142\u0105czenia si\u0119 w \u017bywy R\u00f3\u017caniec w naszej kalwaryjskiej &hellip;","og_url":"https:\/\/pakosc-kalwaria.franciszkanie.net\/index.php\/2022\/08\/06\/papieska-intencja-apostolstwa-modlitwy-sierpien-2022\/","og_site_name":"Pako\u015b\u0107 \u2013 Kalwaria","article_author":"https:\/\/www.facebook.com\/KalwariaPakosc\/","article_published_time":"2022-08-06T07:45:50+00:00","article_modified_time":"2022-08-11T15:35:31+00:00","og_image":[{"width":300,"height":200,"url":"https:\/\/pakosc-kalwaria.franciszkanie.net\/wp-content\/uploads\/2022\/07\/papa-francesco.jpg","type":"image\/jpeg"}],"twitter_card":"summary","twitter_misc":{"Napisane przez":"pakosc-kalwaria","Szacowany czas czytania":"2 minuty"},"schema":{"@context":"https:\/\/schema.org","@graph":[{"@type":"WebSite","@id":"https:\/\/pakosc-kalwaria.franciszkanie.net\/#website","url":"https:\/\/pakosc-kalwaria.franciszkanie.net\/","name":"Pako\u015b\u0107 \u2013 Kalwaria","description":"Parafia Rzymsko \u2013 Katolicka p.w. Pana Jezusa Ukrzy\u017cowanego i  Matki Bo\u017cej Bolesnej ul. Barci\u0144ska 60, 88\u2013170 Pako\u015b\u0107 \u2013 Kalwaria","potentialAction":[{"@type":"SearchAction","target":{"@type":"EntryPoint","urlTemplate":"https:\/\/pakosc-kalwaria.franciszkanie.net\/?s={search_term_string}"},"query-input":"required name=search_term_string"}],"inLanguage":"pl-PL"},{"@type":"ImageObject","@id":"https:\/\/pakosc-kalwaria.franciszkanie.net\/index.php\/2022\/08\/06\/papieska-intencja-apostolstwa-modlitwy-sierpien-2022\/#primaryimage","inLanguage":"pl-PL","url":"https:\/\/pakosc-kalwaria.franciszkanie.net\/wp-content\/uploads\/2022\/07\/papa-francesco.jpg","contentUrl":"https:\/\/pakosc-kalwaria.franciszkanie.net\/wp-content\/uploads\/2022\/07\/papa-francesco.jpg","width":300,"height":200},{"@type":"WebPage","@id":"https:\/\/pakosc-kalwaria.franciszkanie.net\/index.php\/2022\/08\/06\/papieska-intencja-apostolstwa-modlitwy-sierpien-2022\/#webpage","url":"https:\/\/pakosc-kalwaria.franciszkanie.net\/index.php\/2022\/08\/06\/papieska-intencja-apostolstwa-modlitwy-sierpien-2022\/","name":"Papieska Intencja Apostolstwa Modlitwy \u2013 Sierpie\u0144 2022 - Pako\u015b\u0107 \u2013 Kalwaria","isPartOf":{"@id":"https:\/\/pakosc-kalwaria.franciszkanie.net\/#website"},"primaryImageOfPage":{"@id":"https:\/\/pakosc-kalwaria.franciszkanie.net\/index.php\/2022\/08\/06\/papieska-intencja-apostolstwa-modlitwy-sierpien-2022\/#primaryimage"},"datePublished":"2022-08-06T07:45:50+00:00","dateModified":"2022-08-11T15:35:31+00:00","author":{"@id":"https:\/\/pakosc-kalwaria.franciszkanie.net\/#\/schema\/person\/af10b943be0760709227d060eadcb2aa"},"breadcrumb":{"@id":"https:\/\/pakosc-kalwaria.franciszkanie.net\/index.php\/2022\/08\/06\/papieska-intencja-apostolstwa-modlitwy-sierpien-2022\/#breadcrumb"},"inLanguage":"pl-PL","potentialAction":[{"@type":"ReadAction","target":["https:\/\/pakosc-kalwaria.franciszkanie.net\/index.php\/2022\/08\/06\/papieska-intencja-apostolstwa-modlitwy-sierpien-2022\/"]}]},{"@type":"BreadcrumbList","@id":"https:\/\/pakosc-kalwaria.franciszkanie.net\/index.php\/2022\/08\/06\/papieska-intencja-apostolstwa-modlitwy-sierpien-2022\/#breadcrumb","itemListElement":[{"@type":"ListItem","position":1,"name":"Strona g\u0142\u00f3wna","item":"https:\/\/pakosc-kalwaria.franciszkanie.net\/"},{"@type":"ListItem","position":2,"name":"Papieska Intencja Apostolstwa Modlitwy \u2013 Sierpie\u0144 2022"}]},{"@type":"Person","@id":"https:\/\/pakosc-kalwaria.franciszkanie.net\/#\/schema\/person\/af10b943be0760709227d060eadcb2aa","name":"pakosc-kalwaria","image":{"@type":"ImageObject","@id":"https:\/\/pakosc-kalwaria.franciszkanie.net\/#personlogo","inLanguage":"pl-PL","url":"https:\/\/secure.gravatar.com\/avatar\/e7049d338b55eac6a0027ff3218b8d02?s=96&d=mm&r=g","contentUrl":"https:\/\/secure.gravatar.com\/avatar\/e7049d338b55eac6a0027ff3218b8d02?s=96&d=mm&r=g","caption":"pakosc-kalwaria"},"sameAs":["https:\/\/www.facebook.com\/KalwariaPakosc\/"],"url":"https:\/\/pakosc-kalwaria.franciszkanie.net\/index.php\/author\/pakosc-kalwaria\/"}]}},"_links":{"self":[{"href":"https:\/\/pakosc-kalwaria.franciszkanie.net\/index.php\/wp-json\/wp\/v2\/posts\/24750"}],"collection":[{"href":"https:\/\/pakosc-kalwaria.franciszkanie.net\/index.php\/wp-json\/wp\/v2\/posts"}],"about":[{"href":"https:\/\/pakosc-kalwaria.franciszkanie.net\/index.php\/wp-json\/wp\/v2\/types\/post"}],"author":[{"embeddable":true,"href":"https:\/\/pakosc-kalwaria.franciszkanie.net\/index.php\/wp-json\/wp\/v2\/users\/2"}],"replies":[{"embeddable":true,"href":"https:\/\/pakosc-kalwaria.franciszkanie.net\/index.php\/wp-json\/wp\/v2\/comments?post=24750"}],"version-history":[{"count":4,"href":"https:\/\/pakosc-kalwaria.franciszkanie.net\/index.php\/wp-json\/wp\/v2\/posts\/24750\/revisions"}],"predecessor-version":[{"id":25030,"href":"https:\/\/pakosc-kalwaria.franciszkanie.net\/index.php\/wp-json\/wp\/v2\/posts\/24750\/revisions\/25030"}],"wp:featuredmedia":[{"embeddable":true,"href":"https:\/\/pakosc-kalwaria.franciszkanie.net\/index.php\/wp-json\/wp\/v2\/media\/24751"}],"wp:attachment":[{"href":"https:\/\/pakosc-kalwaria.franciszkanie.net\/index.php\/wp-json\/wp\/v2\/media?parent=24750"}],"wp:term":[{"taxonomy":"category","embeddable":true,"href":"https:\/\/pakosc-kalwaria.franciszkanie.net\/index.php\/wp-json\/wp\/v2\/categories?post=24750"},{"taxonomy":"post_tag","embeddable":true,"href":"https:\/\/pakosc-kalwaria.franciszkanie.net\/index.php\/wp-json\/wp\/v2\/tags?post=24750"}],"curies":[{"name":"wp","href":"https:\/\/api.w.org\/{rel}","templated":true}]}}