{"id":24786,"date":"2022-07-30T07:15:11","date_gmt":"2022-07-30T05:15:11","guid":{"rendered":"http:\/\/pakosc-kalwaria.franciszkanie.net\/?p=24786"},"modified":"2022-08-02T22:03:52","modified_gmt":"2022-08-02T20:03:52","slug":"odpust-porcjunkuli-wtorek-2-sierpnia","status":"publish","type":"post","link":"https:\/\/pakosc-kalwaria.franciszkanie.net\/index.php\/2022\/07\/30\/odpust-porcjunkuli-wtorek-2-sierpnia\/","title":{"rendered":"Odpust Porcjunkuli"},"content":{"rendered":"<div class=\"entry-content\">\n<div class=\"entry-content\">\n<div class=\"entry-content\">\n<p><span style=\"color: #ff0000;\"><strong>We wtorek 2 sierpnia <\/strong><\/span><strong>w ko\u015bcio\u0142ach i klasztorach franciszka\u0144skich obchodzone jest patronalne <span style=\"color: #ff0000;\">\u015bwi\u0119to Matki Bo\u017cej Anielskiej Porcjunkuli.<\/span><br \/>\nW naszym Sanktuarium na Wzg\u00f3rzu Kalwaryjskim<span style=\"color: #ff0000;\"> Msza \u015bw. o 17.00.<\/span><br \/>\nOkazja do Spowiedzi \u015bw. 30 minut przed Msz\u0105 \u015bw.<br \/>\n<\/strong><\/p>\n<p><strong>W tym dniu mo\u017cna uzyska\u0107 <span style=\"color: #ff0000;\">Odpust zupe\u0142ny<\/span><\/strong><span style=\"color: #ff0000;\"> <strong>Porcjunkuli, <\/strong><\/span><strong><span style=\"color: #ff0000;\">pod zwyk\u0142ymi warunkami:<\/span> Spowied\u017a \u015bw., Komunia \u015bw., brak przywi\u0105zania nawet do grzechu powszedniego oraz odm\u00f3wienie modlitw Ojcze nasz, Wierz\u0119 w Boga oraz modlitw\u0119 wed\u0142ug intencji Ojca \u015awi\u0119tego.<br \/>\n<\/strong><\/p>\n<p><strong><br \/>\n\u015awi\u0119to Matki Bo\u017cej Anielskiej Porcjunkuli <\/strong>ma zwi\u0105zek z ko\u015bcio\u0142em Matki Bo\u017cej Anielskiej pod Asy\u017cem. Wed\u0142ug podania, by\u0142a to pierwotnie kapliczka ufundowana w VI w. (2 km na po\u0142udnie od Asy\u017cu) przez pielgrzym\u00f3w wracaj\u0105cych z Ziemi \u015awi\u0119tej. Mieli oni przywie\u017a\u0107 grudk\u0119 ziemi z grobu Matki Bo\u017cej. Za czas\u00f3w \u015bw. Franciszka kapliczka ta mia\u0142a ju\u017c nazw\u0119 Matki Bo\u017cej Anielskiej. By\u0142a ona w\u00f3wczas w stanie ruiny, dlatego te\u017c \u015bw. \u201eBiedaczyna\u201d z Asy\u017cu w zimie 1207\/1208 r. odbudowa\u0142 j\u0105 i tam zamieszka\u0142. Wkr\u00f3tce przy\u0142\u0105czyli si\u0119 do niego towarzysze. Nie jest wykluczone, \u017ce ona sam nada\u0142 jej nazw\u0119 Matki Bo\u017cej Anielskiej, bo jak g\u0142osi legenda, s\u0142yszano cz\u0119sto nad kapliczk\u0105 g\u0142osy anielskie. W tym czasie kapliczka wraz z przyleg\u0142\u0105 posesj\u0105 stanowi\u0142a jeszcze w\u0142asno\u015b\u0107 benedyktyn\u00f3w z pobliskiej g\u00f3ry Subasio, jednak wkr\u00f3tce (1211 r.) odst\u0105pili j\u0105 \u015bw. Franciszkowi i jego wsp\u00f3\u0142braciom, kt\u00f3rzy wybudowali sobie tam ubogie sza\u0142asy \u2013 domy. W kilka lat p\u00f3\u017aniej, dok\u0142adnie 2 sierpnia 1216 r., mia\u0142o miejsce uroczyste po\u015bwi\u0119cenie (konsekracja) kapliczki-ko\u015bci\u00f3\u0142ka.<\/p>\n<p><strong>W tym te\u017c czasie funkcjonowa\u0142a w stosunku do ww. ko\u015bci\u00f3\u0142ka druga nazwa \u2013 Porcjunkula,<\/strong> by\u0107 mo\u017ce r\u00f3wnie\u017c wprowadzona przez \u015bw. Franciszka. Etymologicznie oznacza ona tyle, co kawa\u0142eczek, drobna cz\u0119\u015b\u0107. Prawdopodobnie nawi\u0105zywa\u0142a ona do bardzo ma\u0142ych rozmiar\u00f3w ko\u015bci\u00f3\u0142ka i przyleg\u0142ego terenu. Tak wi\u0119c Porcjunkula sta\u0142a si\u0119 macierzystym domem Zakonu \u015bw. Franciszka.<\/p>\n<p><strong>Dwie\u015bcie lat p\u00f3\u017aniej \u2013 w roku 1415 \u015bw. Bernardyn ze Sieny osadzi\u0142 tu swoich syn\u00f3w duchowych \u2013 obserwant\u00f3w,<\/strong> kt\u00f3rzy wystawili tu spory klasztor wraz z okaza\u0142ym ko\u015bcio\u0142em. W latach 1569-1678 wybudowano \u015bwi\u0105tyni\u0119, w \u015brodku kt\u00f3rej znajduje si\u0119 w stanie surowym zachowany pierwotny ko\u015bci\u00f3\u0142ek-kapliczka Porcjunkula. Przy ko\u0144cu bocznej nazwy jest cela, w kt\u00f3rej mieszka\u0142 i dokona\u0142 \u017cycia \u015bw. Franciszek. 11 kwietnia 1909 r. papie\u017c Pius X podni\u00f3s\u0142 ko\u015bci\u00f3\u0142 Matki Bo\u017cej Anielskiej w Asy\u017cu do godno\u015bci Bazyliki patriarchalnej i papieskiej.<\/p>\n<p><strong>Odpust Porcjunkuli \u0142\u0105czy si\u0119 on z legend\u0105 <\/strong>kt\u00f3ra g\u0142osi, \u017ce pewnej nocy latem 1216 r. \u015bw. Franciszek us\u0142ysza\u0142 w swojej celi g\u0142os: \u201eFranciszku, do kaplicy!\u201d . Kiedy tam si\u0119 uda\u0142, ujrza\u0142 Pana Jezusa siedz\u0105cego nad o\u0142tarzem, a obok z prawej strony Naj\u015bwi\u0119tsz\u0105 Maryj\u0119 Pann\u0119 w otoczeniu anio\u0142\u00f3w. Us\u0142ysza\u0142 g\u0142os: \u201eFranciszku, w zamian za gorliwo\u015b\u0107, z jak\u0105 ty i bracia twoi, staracie si\u0119 o zbawienie dusz, w nagrod\u0119 pro\u015b mi\u0119 dla nich i dla czci mego imienia o \u0142ask\u0119, jak\u0105 zechcesz. Dam ci j\u0105, gdy\u017c da\u0142em ci\u0119 \u015bwiatu, aby\u015b by\u0142 \u015bwiat\u0142o\u015bci\u0105 narod\u00f3w i podpor\u0105 mojego Ko\u015bcio\u0142a\u201d . Franciszek upad\u0142 na twarz i rzek\u0142: \u201eTrzykro\u0107 \u015awi\u0119ty Bo\u017ce! Poniewa\u017c znalaz\u0142em \u0142ask\u0119 w Twoich oczach, ja kt\u00f3ry jestem tylko proch i popi\u00f3\u0142, i najn\u0119dzniejszy z grzesznik\u00f3w, b\u0142agam Ci\u0119 z uszanowaniem, na jakie tylko zdoby\u0107 si\u0119 mog\u0119, aby\u015b raczy\u0142 da\u0107 Twoim wiernym t\u0119 wielk\u0105 \u0142ask\u0119, aby wszyscy, po spowiedzi odbytej ze skruch\u0105 i po nawiedzeniu tej kaplicy, mogli otrzyma\u0107 odpust zupe\u0142ny i przebaczenie wszystkich grzech\u00f3w\u201d. Nast\u0119pnie \u015bw. Franciszek zwr\u00f3ci\u0142 si\u0119 do Naj\u015bwi\u0119tszej Maryi Panny: \u201eProsz\u0119 b\u0142ogos\u0142awionej Dziewicy, Matki Twojej, Or\u0119downiczki rodzaju ludzkiego, aby popar\u0142a spraw\u0119 moj\u0105 przed Tob\u0105\u201d. Maryja popar\u0142a modlitw\u0119 Franciszka. Wtedy Chrystus Pan powiedzia\u0142: \u201eFranciszku, to, o co prosisz, jest wielkie. Ale otrzymasz jeszcze wi\u0119ksze \u0142aski. Daj\u0119 ci odpust, o kt\u00f3ry usilnie b\u0142agasz, pod warunkiem jednak, \u017ce b\u0119dzie on zatwierdzony przez mego Namiestnika, kt\u00f3remu da\u0142em moc zwi\u0105zywania i rozwi\u0105zywania tu na ziemi\u201d. Podanie g\u0142osi, \u017ce nast\u0119pnego dnia \u015bw. Franciszek uda\u0142 si\u0119 do Perugii, gdzie przebywa\u0142 w\u00f3wczas papie\u017c Honoriusz III, kt\u00f3ry faktycznie udzieli\u0142 odpustu zupe\u0142nego na dzie\u0144 przypadaj\u0105cy w rocznic\u0119 po\u015bwi\u0119cenia kapliczki Porcjunkuli, tj. 2 sierpnia. Pocz\u0105tkowo wi\u0119c odpust zupe\u0142ny mo\u017cna by\u0142o uzyska\u0107 jedynie w ko\u015bciele Matki Bo\u017cej Anielskiej w Asy\u017cu i to jedynie 2 sierpnia.<\/p>\n<p><strong>Od XIV w. papie\u017ce zacz\u0119li podobny odpust na ten dzie\u0144 przyznawa\u0107 poszczeg\u00f3lnym ko\u015bcio\u0142om franciszka\u0144skim.<\/strong> Dost\u0119powa\u0107 go mieli wszyscy ci wierni, kt\u00f3rzy tego dnia nawiedz\u0105 kt\u00f3ry\u015b z ko\u015bcio\u0142\u00f3w franciszka\u0144skich. W 1847 r. Papie\u017c Pius IX poszed\u0142 jeszcze dalej i przywilej odpustu rozszerzy\u0142 na wszystkie ko\u015bcio\u0142y parafialne i inne, przy kt\u00f3rych jest III Zakon \u015bw. Franciszka. W 1910 r. papie\u017c Pius X udzieli\u0142 na ten dzie\u0144 tego odpustu wszystkim ko\u015bcio\u0142om, je\u015bli tylko biskup uzna to za stosowne. W rok p\u00f3\u017aniej \u015bw. Pius X przywilej ten rozszerzy\u0142 na wszystkie ko\u015bcio\u0142y.<\/p>\n<p><strong><span style=\"color: #ff0000;\">By uzyska\u0107 wspomniany odpust, nale\u017cy jednak spe\u0142ni\u0107 nast\u0119puj\u0105ce warunki:<\/span><br \/>\n<\/strong>\u2013 pobo\u017cnie nawiedzi\u0107 ko\u015bci\u00f3\u0142,<br \/>\n\u2013 odm\u00f3wi\u0107 w nim Modlitw\u0119 Pa\u0144sk\u0105 oraz Wyznanie Wiary,<br \/>\n\u2013 przyst\u0105pi\u0107 do Spowiedzi \u015bwi\u0119tej,<br \/>\n\u2013 przyj\u0105\u0107 Komuni\u0119 \u015bwi\u0119t\u0105,<br \/>\n\u2013 pomodli\u0107 si\u0119 wed\u0142ug intencji Ojca \u015awi\u0119tego,<br \/>\n\u2013 wykluczy\u0107 przywi\u0105zanie do jakiegokolwiek grzechu.<\/p>\n<p><strong>Warto wi\u0119c tego dnia skorzysta\u0107 z Bo\u017cego Mi\u0142osierdzia i uzyska\u0107 za przyczyn\u0105 Matki Bo\u017cej Anielskiej i \u015bw. Franciszka z Asy\u017cu odpust zupe\u0142ny, czyli darowanie kary doczesnej za pope\u0142nione grzechy.<\/strong><\/p>\n<p><strong>Serdecznie zapraszaj\u0105 Bracia Mniejsi Franciszkanie z Pako\u015bci \u2013 Kalwarii.<\/strong><\/p>\n<\/div>\n<\/div>\n<\/div>\n","protected":false},"excerpt":{"rendered":"<p>We wtorek 2 sierpnia w ko\u015bcio\u0142ach i klasztorach franciszka\u0144skich obchodzone jest patronalne \u015bwi\u0119to Matki Bo\u017cej Anielskiej Porcjunkuli. W naszym Sanktuarium na Wzg\u00f3rzu Kalwaryjskim Msza \u015bw. o 17.00. Okazja do Spowiedzi \u015bw. 30 minut przed Msz\u0105 \u015bw. W tym dniu mo\u017cna uzyska\u0107 Odpust zupe\u0142ny Porcjunkuli, pod zwyk\u0142ymi warunkami: Spowied\u017a \u015bw., Komunia \u015bw., brak przywi\u0105zania nawet do &hellip;<\/p>\n","protected":false},"author":2,"featured_media":24787,"comment_status":"closed","ping_status":"closed","sticky":false,"template":"","format":"standard","meta":{"_mi_skip_tracking":false,"_exactmetrics_sitenote_active":false,"_exactmetrics_sitenote_note":"","_exactmetrics_sitenote_category":0},"categories":[13],"tags":[],"yoast_head":"<!-- This site is optimized with the Yoast SEO plugin v18.1 - https:\/\/yoast.com\/wordpress\/plugins\/seo\/ -->\n<title>Odpust Porcjunkuli - Pako\u015b\u0107 \u2013 Kalwaria<\/title>\n<meta name=\"robots\" content=\"index, follow, max-snippet:-1, max-image-preview:large, max-video-preview:-1\" \/>\n<link rel=\"canonical\" href=\"https:\/\/pakosc-kalwaria.franciszkanie.net\/index.php\/2022\/07\/30\/odpust-porcjunkuli-wtorek-2-sierpnia\/\" \/>\n<meta property=\"og:locale\" content=\"pl_PL\" \/>\n<meta property=\"og:type\" content=\"article\" \/>\n<meta property=\"og:title\" content=\"Odpust Porcjunkuli - Pako\u015b\u0107 \u2013 Kalwaria\" \/>\n<meta property=\"og:description\" content=\"We wtorek 2 sierpnia w ko\u015bcio\u0142ach i klasztorach franciszka\u0144skich obchodzone jest patronalne \u015bwi\u0119to Matki Bo\u017cej Anielskiej Porcjunkuli. W naszym Sanktuarium na Wzg\u00f3rzu Kalwaryjskim Msza \u015bw. o 17.00. Okazja do Spowiedzi \u015bw. 30 minut przed Msz\u0105 \u015bw. W tym dniu mo\u017cna uzyska\u0107 Odpust zupe\u0142ny Porcjunkuli, pod zwyk\u0142ymi warunkami: Spowied\u017a \u015bw., Komunia \u015bw., brak przywi\u0105zania nawet do &hellip;\" \/>\n<meta property=\"og:url\" content=\"https:\/\/pakosc-kalwaria.franciszkanie.net\/index.php\/2022\/07\/30\/odpust-porcjunkuli-wtorek-2-sierpnia\/\" \/>\n<meta property=\"og:site_name\" content=\"Pako\u015b\u0107 \u2013 Kalwaria\" \/>\n<meta property=\"article:author\" content=\"https:\/\/www.facebook.com\/KalwariaPakosc\/\" \/>\n<meta property=\"article:published_time\" content=\"2022-07-30T05:15:11+00:00\" \/>\n<meta property=\"article:modified_time\" content=\"2022-08-02T20:03:52+00:00\" \/>\n<meta property=\"og:image\" content=\"https:\/\/pakosc-kalwaria.franciszkanie.net\/wp-content\/uploads\/2022\/07\/porziuncola33.jpg\" \/>\n\t<meta property=\"og:image:width\" content=\"250\" \/>\n\t<meta property=\"og:image:height\" content=\"338\" \/>\n\t<meta property=\"og:image:type\" content=\"image\/jpeg\" \/>\n<meta name=\"twitter:card\" content=\"summary\" \/>\n<meta name=\"twitter:label1\" content=\"Napisane przez\" \/>\n\t<meta name=\"twitter:data1\" content=\"pakosc-kalwaria\" \/>\n\t<meta name=\"twitter:label2\" content=\"Szacowany czas czytania\" \/>\n\t<meta name=\"twitter:data2\" content=\"5 minut\" \/>\n<script type=\"application\/ld+json\" class=\"yoast-schema-graph\">{\"@context\":\"https:\/\/schema.org\",\"@graph\":[{\"@type\":\"WebSite\",\"@id\":\"https:\/\/pakosc-kalwaria.franciszkanie.net\/#website\",\"url\":\"https:\/\/pakosc-kalwaria.franciszkanie.net\/\",\"name\":\"Pako\u015b\u0107 \u2013 Kalwaria\",\"description\":\"Parafia Rzymsko \u2013 Katolicka p.w. Pana Jezusa Ukrzy\u017cowanego i  Matki Bo\u017cej Bolesnej ul. Barci\u0144ska 60, 88\u2013170 Pako\u015b\u0107 \u2013 Kalwaria\",\"potentialAction\":[{\"@type\":\"SearchAction\",\"target\":{\"@type\":\"EntryPoint\",\"urlTemplate\":\"https:\/\/pakosc-kalwaria.franciszkanie.net\/?s={search_term_string}\"},\"query-input\":\"required name=search_term_string\"}],\"inLanguage\":\"pl-PL\"},{\"@type\":\"ImageObject\",\"@id\":\"https:\/\/pakosc-kalwaria.franciszkanie.net\/index.php\/2022\/07\/30\/odpust-porcjunkuli-wtorek-2-sierpnia\/#primaryimage\",\"inLanguage\":\"pl-PL\",\"url\":\"https:\/\/pakosc-kalwaria.franciszkanie.net\/wp-content\/uploads\/2022\/07\/porziuncola33.jpg\",\"contentUrl\":\"https:\/\/pakosc-kalwaria.franciszkanie.net\/wp-content\/uploads\/2022\/07\/porziuncola33.jpg\",\"width\":250,\"height\":338},{\"@type\":\"WebPage\",\"@id\":\"https:\/\/pakosc-kalwaria.franciszkanie.net\/index.php\/2022\/07\/30\/odpust-porcjunkuli-wtorek-2-sierpnia\/#webpage\",\"url\":\"https:\/\/pakosc-kalwaria.franciszkanie.net\/index.php\/2022\/07\/30\/odpust-porcjunkuli-wtorek-2-sierpnia\/\",\"name\":\"Odpust Porcjunkuli - Pako\u015b\u0107 \u2013 Kalwaria\",\"isPartOf\":{\"@id\":\"https:\/\/pakosc-kalwaria.franciszkanie.net\/#website\"},\"primaryImageOfPage\":{\"@id\":\"https:\/\/pakosc-kalwaria.franciszkanie.net\/index.php\/2022\/07\/30\/odpust-porcjunkuli-wtorek-2-sierpnia\/#primaryimage\"},\"datePublished\":\"2022-07-30T05:15:11+00:00\",\"dateModified\":\"2022-08-02T20:03:52+00:00\",\"author\":{\"@id\":\"https:\/\/pakosc-kalwaria.franciszkanie.net\/#\/schema\/person\/af10b943be0760709227d060eadcb2aa\"},\"breadcrumb\":{\"@id\":\"https:\/\/pakosc-kalwaria.franciszkanie.net\/index.php\/2022\/07\/30\/odpust-porcjunkuli-wtorek-2-sierpnia\/#breadcrumb\"},\"inLanguage\":\"pl-PL\",\"potentialAction\":[{\"@type\":\"ReadAction\",\"target\":[\"https:\/\/pakosc-kalwaria.franciszkanie.net\/index.php\/2022\/07\/30\/odpust-porcjunkuli-wtorek-2-sierpnia\/\"]}]},{\"@type\":\"BreadcrumbList\",\"@id\":\"https:\/\/pakosc-kalwaria.franciszkanie.net\/index.php\/2022\/07\/30\/odpust-porcjunkuli-wtorek-2-sierpnia\/#breadcrumb\",\"itemListElement\":[{\"@type\":\"ListItem\",\"position\":1,\"name\":\"Strona g\u0142\u00f3wna\",\"item\":\"https:\/\/pakosc-kalwaria.franciszkanie.net\/\"},{\"@type\":\"ListItem\",\"position\":2,\"name\":\"Odpust Porcjunkuli\"}]},{\"@type\":\"Person\",\"@id\":\"https:\/\/pakosc-kalwaria.franciszkanie.net\/#\/schema\/person\/af10b943be0760709227d060eadcb2aa\",\"name\":\"pakosc-kalwaria\",\"image\":{\"@type\":\"ImageObject\",\"@id\":\"https:\/\/pakosc-kalwaria.franciszkanie.net\/#personlogo\",\"inLanguage\":\"pl-PL\",\"url\":\"https:\/\/secure.gravatar.com\/avatar\/e7049d338b55eac6a0027ff3218b8d02?s=96&d=mm&r=g\",\"contentUrl\":\"https:\/\/secure.gravatar.com\/avatar\/e7049d338b55eac6a0027ff3218b8d02?s=96&d=mm&r=g\",\"caption\":\"pakosc-kalwaria\"},\"sameAs\":[\"https:\/\/www.facebook.com\/KalwariaPakosc\/\"],\"url\":\"https:\/\/pakosc-kalwaria.franciszkanie.net\/index.php\/author\/pakosc-kalwaria\/\"}]}<\/script>\n<!-- \/ Yoast SEO plugin. -->","yoast_head_json":{"title":"Odpust Porcjunkuli - Pako\u015b\u0107 \u2013 Kalwaria","robots":{"index":"index","follow":"follow","max-snippet":"max-snippet:-1","max-image-preview":"max-image-preview:large","max-video-preview":"max-video-preview:-1"},"canonical":"https:\/\/pakosc-kalwaria.franciszkanie.net\/index.php\/2022\/07\/30\/odpust-porcjunkuli-wtorek-2-sierpnia\/","og_locale":"pl_PL","og_type":"article","og_title":"Odpust Porcjunkuli - Pako\u015b\u0107 \u2013 Kalwaria","og_description":"We wtorek 2 sierpnia w ko\u015bcio\u0142ach i klasztorach franciszka\u0144skich obchodzone jest patronalne \u015bwi\u0119to Matki Bo\u017cej Anielskiej Porcjunkuli. W naszym Sanktuarium na Wzg\u00f3rzu Kalwaryjskim Msza \u015bw. o 17.00. Okazja do Spowiedzi \u015bw. 30 minut przed Msz\u0105 \u015bw. W tym dniu mo\u017cna uzyska\u0107 Odpust zupe\u0142ny Porcjunkuli, pod zwyk\u0142ymi warunkami: Spowied\u017a \u015bw., Komunia \u015bw., brak przywi\u0105zania nawet do &hellip;","og_url":"https:\/\/pakosc-kalwaria.franciszkanie.net\/index.php\/2022\/07\/30\/odpust-porcjunkuli-wtorek-2-sierpnia\/","og_site_name":"Pako\u015b\u0107 \u2013 Kalwaria","article_author":"https:\/\/www.facebook.com\/KalwariaPakosc\/","article_published_time":"2022-07-30T05:15:11+00:00","article_modified_time":"2022-08-02T20:03:52+00:00","og_image":[{"width":250,"height":338,"url":"https:\/\/pakosc-kalwaria.franciszkanie.net\/wp-content\/uploads\/2022\/07\/porziuncola33.jpg","type":"image\/jpeg"}],"twitter_card":"summary","twitter_misc":{"Napisane przez":"pakosc-kalwaria","Szacowany czas czytania":"5 minut"},"schema":{"@context":"https:\/\/schema.org","@graph":[{"@type":"WebSite","@id":"https:\/\/pakosc-kalwaria.franciszkanie.net\/#website","url":"https:\/\/pakosc-kalwaria.franciszkanie.net\/","name":"Pako\u015b\u0107 \u2013 Kalwaria","description":"Parafia Rzymsko \u2013 Katolicka p.w. Pana Jezusa Ukrzy\u017cowanego i  Matki Bo\u017cej Bolesnej ul. Barci\u0144ska 60, 88\u2013170 Pako\u015b\u0107 \u2013 Kalwaria","potentialAction":[{"@type":"SearchAction","target":{"@type":"EntryPoint","urlTemplate":"https:\/\/pakosc-kalwaria.franciszkanie.net\/?s={search_term_string}"},"query-input":"required name=search_term_string"}],"inLanguage":"pl-PL"},{"@type":"ImageObject","@id":"https:\/\/pakosc-kalwaria.franciszkanie.net\/index.php\/2022\/07\/30\/odpust-porcjunkuli-wtorek-2-sierpnia\/#primaryimage","inLanguage":"pl-PL","url":"https:\/\/pakosc-kalwaria.franciszkanie.net\/wp-content\/uploads\/2022\/07\/porziuncola33.jpg","contentUrl":"https:\/\/pakosc-kalwaria.franciszkanie.net\/wp-content\/uploads\/2022\/07\/porziuncola33.jpg","width":250,"height":338},{"@type":"WebPage","@id":"https:\/\/pakosc-kalwaria.franciszkanie.net\/index.php\/2022\/07\/30\/odpust-porcjunkuli-wtorek-2-sierpnia\/#webpage","url":"https:\/\/pakosc-kalwaria.franciszkanie.net\/index.php\/2022\/07\/30\/odpust-porcjunkuli-wtorek-2-sierpnia\/","name":"Odpust Porcjunkuli - Pako\u015b\u0107 \u2013 Kalwaria","isPartOf":{"@id":"https:\/\/pakosc-kalwaria.franciszkanie.net\/#website"},"primaryImageOfPage":{"@id":"https:\/\/pakosc-kalwaria.franciszkanie.net\/index.php\/2022\/07\/30\/odpust-porcjunkuli-wtorek-2-sierpnia\/#primaryimage"},"datePublished":"2022-07-30T05:15:11+00:00","dateModified":"2022-08-02T20:03:52+00:00","author":{"@id":"https:\/\/pakosc-kalwaria.franciszkanie.net\/#\/schema\/person\/af10b943be0760709227d060eadcb2aa"},"breadcrumb":{"@id":"https:\/\/pakosc-kalwaria.franciszkanie.net\/index.php\/2022\/07\/30\/odpust-porcjunkuli-wtorek-2-sierpnia\/#breadcrumb"},"inLanguage":"pl-PL","potentialAction":[{"@type":"ReadAction","target":["https:\/\/pakosc-kalwaria.franciszkanie.net\/index.php\/2022\/07\/30\/odpust-porcjunkuli-wtorek-2-sierpnia\/"]}]},{"@type":"BreadcrumbList","@id":"https:\/\/pakosc-kalwaria.franciszkanie.net\/index.php\/2022\/07\/30\/odpust-porcjunkuli-wtorek-2-sierpnia\/#breadcrumb","itemListElement":[{"@type":"ListItem","position":1,"name":"Strona g\u0142\u00f3wna","item":"https:\/\/pakosc-kalwaria.franciszkanie.net\/"},{"@type":"ListItem","position":2,"name":"Odpust Porcjunkuli"}]},{"@type":"Person","@id":"https:\/\/pakosc-kalwaria.franciszkanie.net\/#\/schema\/person\/af10b943be0760709227d060eadcb2aa","name":"pakosc-kalwaria","image":{"@type":"ImageObject","@id":"https:\/\/pakosc-kalwaria.franciszkanie.net\/#personlogo","inLanguage":"pl-PL","url":"https:\/\/secure.gravatar.com\/avatar\/e7049d338b55eac6a0027ff3218b8d02?s=96&d=mm&r=g","contentUrl":"https:\/\/secure.gravatar.com\/avatar\/e7049d338b55eac6a0027ff3218b8d02?s=96&d=mm&r=g","caption":"pakosc-kalwaria"},"sameAs":["https:\/\/www.facebook.com\/KalwariaPakosc\/"],"url":"https:\/\/pakosc-kalwaria.franciszkanie.net\/index.php\/author\/pakosc-kalwaria\/"}]}},"_links":{"self":[{"href":"https:\/\/pakosc-kalwaria.franciszkanie.net\/index.php\/wp-json\/wp\/v2\/posts\/24786"}],"collection":[{"href":"https:\/\/pakosc-kalwaria.franciszkanie.net\/index.php\/wp-json\/wp\/v2\/posts"}],"about":[{"href":"https:\/\/pakosc-kalwaria.franciszkanie.net\/index.php\/wp-json\/wp\/v2\/types\/post"}],"author":[{"embeddable":true,"href":"https:\/\/pakosc-kalwaria.franciszkanie.net\/index.php\/wp-json\/wp\/v2\/users\/2"}],"replies":[{"embeddable":true,"href":"https:\/\/pakosc-kalwaria.franciszkanie.net\/index.php\/wp-json\/wp\/v2\/comments?post=24786"}],"version-history":[{"count":2,"href":"https:\/\/pakosc-kalwaria.franciszkanie.net\/index.php\/wp-json\/wp\/v2\/posts\/24786\/revisions"}],"predecessor-version":[{"id":24959,"href":"https:\/\/pakosc-kalwaria.franciszkanie.net\/index.php\/wp-json\/wp\/v2\/posts\/24786\/revisions\/24959"}],"wp:featuredmedia":[{"embeddable":true,"href":"https:\/\/pakosc-kalwaria.franciszkanie.net\/index.php\/wp-json\/wp\/v2\/media\/24787"}],"wp:attachment":[{"href":"https:\/\/pakosc-kalwaria.franciszkanie.net\/index.php\/wp-json\/wp\/v2\/media?parent=24786"}],"wp:term":[{"taxonomy":"category","embeddable":true,"href":"https:\/\/pakosc-kalwaria.franciszkanie.net\/index.php\/wp-json\/wp\/v2\/categories?post=24786"},{"taxonomy":"post_tag","embeddable":true,"href":"https:\/\/pakosc-kalwaria.franciszkanie.net\/index.php\/wp-json\/wp\/v2\/tags?post=24786"}],"curies":[{"name":"wp","href":"https:\/\/api.w.org\/{rel}","templated":true}]}}