{"id":24795,"date":"2022-08-05T10:05:29","date_gmt":"2022-08-05T08:05:29","guid":{"rendered":"http:\/\/pakosc-kalwaria.franciszkanie.net\/?p=24795"},"modified":"2022-08-15T13:08:56","modified_gmt":"2022-08-15T11:08:56","slug":"odpust-ku-czci-wniebowziecia-nmp-na-kalwarii-pakoskiej-15-sierpnia-3","status":"publish","type":"post","link":"https:\/\/pakosc-kalwaria.franciszkanie.net\/index.php\/2022\/08\/05\/odpust-ku-czci-wniebowziecia-nmp-na-kalwarii-pakoskiej-15-sierpnia-3\/","title":{"rendered":"Odpust ku czci Wniebowzi\u0119cia NMP na Kalwarii Pakoskiej \u2013 15 sierpnia"},"content":{"rendered":"<div class=\"entry-content\">\n<div class=\"entry-content\">\n<div class=\"entry-content\">\n<p><span style=\"color: #ff0000;\"><strong>W poniedzia\u0142ek <\/strong><\/span><strong><span style=\"color: #ff0000;\">15 sierpnia<\/span> <span style=\"color: #ff0000;\">o 12.00 <\/span><\/strong><strong><span style=\"color: #ff0000;\">Suma Odpustowa przy Kaplicy Wniebowzi\u0119cia NMP.<\/span> (ul. Inowroc\u0142awska)\u00a0 \u2013 na wje\u017adzie do Pako\u015bci od strony Inowroc\u0142awia.<\/strong><strong><br \/>\n<\/strong><\/p>\n<p><span style=\"color: #ff0000;\"><strong><u>W naszym ko\u015bciele na Wzg\u00f3rzu Kalwaryjskim:<\/u><em><u><br \/>\n<\/u><\/em><\/strong><strong>W poniedzia\u0142ek (15.08.)<\/strong> <strong>\u2013 <\/strong><\/span><strong><span style=\"color: #ff0000;\">Msze \u015bw. o 9.00 i 11.00.<\/span> Podczas ka\u017cdej Mszy \u015bw. po\u015bwi\u0119cenie kwiat\u00f3w, zi\u00f3\u0142 i owoc\u00f3w.<br \/>\n<\/strong><\/p>\n<p><strong><br \/>\nOstatni tegoroczny <span style=\"color: #ff0000;\">Odpust <\/span><\/strong><span style=\"color: #ff0000;\"><strong>na Kalwarii Pakoskiej<\/strong> <strong>ku czci Podwy\u017cszenia Krzy\u017ca \u015awi\u0119tego <\/strong><strong>w niedziel\u0119 18<\/strong><\/span><strong><span style=\"color: #ff0000;\"> wrze\u015bnia. Suma Odpustowa o 12.00<\/span> przy o\u0142tarzu polowym na Wzg\u00f3rzu Kalwaryjskim.<\/strong><\/p>\n<p><strong>Serdecznie zapraszaj\u0105 Bracia Mniejsi Franciszkanie z Pako\u015bci<\/strong><\/p>\n<\/div>\n<\/div>\n<\/div>\n","protected":false},"excerpt":{"rendered":"<p>W poniedzia\u0142ek 15 sierpnia o 12.00 Suma Odpustowa przy Kaplicy Wniebowzi\u0119cia NMP. (ul. Inowroc\u0142awska)\u00a0 \u2013 na wje\u017adzie do Pako\u015bci od strony Inowroc\u0142awia. W naszym ko\u015bciele na Wzg\u00f3rzu Kalwaryjskim: W poniedzia\u0142ek (15.08.) \u2013 Msze \u015bw. o 9.00 i 11.00. Podczas ka\u017cdej Mszy \u015bw. po\u015bwi\u0119cenie kwiat\u00f3w, zi\u00f3\u0142 i owoc\u00f3w. Ostatni tegoroczny Odpust na Kalwarii Pakoskiej ku czci &hellip;<\/p>\n","protected":false},"author":2,"featured_media":24796,"comment_status":"closed","ping_status":"closed","sticky":false,"template":"","format":"standard","meta":{"_mi_skip_tracking":false,"_exactmetrics_sitenote_active":false,"_exactmetrics_sitenote_note":"","_exactmetrics_sitenote_category":0},"categories":[13],"tags":[],"yoast_head":"<!-- This site is optimized with the Yoast SEO plugin v18.1 - https:\/\/yoast.com\/wordpress\/plugins\/seo\/ -->\n<title>Odpust ku czci Wniebowzi\u0119cia NMP na Kalwarii Pakoskiej \u2013 15 sierpnia - Pako\u015b\u0107 \u2013 Kalwaria<\/title>\n<meta name=\"robots\" content=\"index, follow, max-snippet:-1, max-image-preview:large, max-video-preview:-1\" \/>\n<link rel=\"canonical\" href=\"https:\/\/pakosc-kalwaria.franciszkanie.net\/index.php\/2022\/08\/05\/odpust-ku-czci-wniebowziecia-nmp-na-kalwarii-pakoskiej-15-sierpnia-3\/\" \/>\n<meta property=\"og:locale\" content=\"pl_PL\" \/>\n<meta property=\"og:type\" content=\"article\" \/>\n<meta property=\"og:title\" content=\"Odpust ku czci Wniebowzi\u0119cia NMP na Kalwarii Pakoskiej \u2013 15 sierpnia - Pako\u015b\u0107 \u2013 Kalwaria\" \/>\n<meta property=\"og:description\" content=\"W poniedzia\u0142ek 15 sierpnia o 12.00 Suma Odpustowa przy Kaplicy Wniebowzi\u0119cia NMP. (ul. Inowroc\u0142awska)\u00a0 \u2013 na wje\u017adzie do Pako\u015bci od strony Inowroc\u0142awia. W naszym ko\u015bciele na Wzg\u00f3rzu Kalwaryjskim: W poniedzia\u0142ek (15.08.) \u2013 Msze \u015bw. o 9.00 i 11.00. Podczas ka\u017cdej Mszy \u015bw. po\u015bwi\u0119cenie kwiat\u00f3w, zi\u00f3\u0142 i owoc\u00f3w. Ostatni tegoroczny Odpust na Kalwarii Pakoskiej ku czci &hellip;\" \/>\n<meta property=\"og:url\" content=\"https:\/\/pakosc-kalwaria.franciszkanie.net\/index.php\/2022\/08\/05\/odpust-ku-czci-wniebowziecia-nmp-na-kalwarii-pakoskiej-15-sierpnia-3\/\" \/>\n<meta property=\"og:site_name\" content=\"Pako\u015b\u0107 \u2013 Kalwaria\" \/>\n<meta property=\"article:author\" content=\"https:\/\/www.facebook.com\/KalwariaPakosc\/\" \/>\n<meta property=\"article:published_time\" content=\"2022-08-05T08:05:29+00:00\" \/>\n<meta property=\"article:modified_time\" content=\"2022-08-15T11:08:56+00:00\" \/>\n<meta property=\"og:image\" content=\"https:\/\/pakosc-kalwaria.franciszkanie.net\/wp-content\/uploads\/2022\/07\/Kaplica-Wniebowziecie-NMP.jpg\" \/>\n\t<meta property=\"og:image:width\" content=\"300\" \/>\n\t<meta property=\"og:image:height\" content=\"300\" \/>\n\t<meta property=\"og:image:type\" content=\"image\/jpeg\" \/>\n<meta name=\"twitter:card\" content=\"summary\" \/>\n<meta name=\"twitter:label1\" content=\"Napisane przez\" \/>\n\t<meta name=\"twitter:data1\" content=\"pakosc-kalwaria\" \/>\n<script type=\"application\/ld+json\" class=\"yoast-schema-graph\">{\"@context\":\"https:\/\/schema.org\",\"@graph\":[{\"@type\":\"WebSite\",\"@id\":\"https:\/\/pakosc-kalwaria.franciszkanie.net\/#website\",\"url\":\"https:\/\/pakosc-kalwaria.franciszkanie.net\/\",\"name\":\"Pako\u015b\u0107 \u2013 Kalwaria\",\"description\":\"Parafia Rzymsko \u2013 Katolicka p.w. Pana Jezusa Ukrzy\u017cowanego i  Matki Bo\u017cej Bolesnej ul. Barci\u0144ska 60, 88\u2013170 Pako\u015b\u0107 \u2013 Kalwaria\",\"potentialAction\":[{\"@type\":\"SearchAction\",\"target\":{\"@type\":\"EntryPoint\",\"urlTemplate\":\"https:\/\/pakosc-kalwaria.franciszkanie.net\/?s={search_term_string}\"},\"query-input\":\"required name=search_term_string\"}],\"inLanguage\":\"pl-PL\"},{\"@type\":\"ImageObject\",\"@id\":\"https:\/\/pakosc-kalwaria.franciszkanie.net\/index.php\/2022\/08\/05\/odpust-ku-czci-wniebowziecia-nmp-na-kalwarii-pakoskiej-15-sierpnia-3\/#primaryimage\",\"inLanguage\":\"pl-PL\",\"url\":\"https:\/\/pakosc-kalwaria.franciszkanie.net\/wp-content\/uploads\/2022\/07\/Kaplica-Wniebowziecie-NMP.jpg\",\"contentUrl\":\"https:\/\/pakosc-kalwaria.franciszkanie.net\/wp-content\/uploads\/2022\/07\/Kaplica-Wniebowziecie-NMP.jpg\",\"width\":300,\"height\":300},{\"@type\":\"WebPage\",\"@id\":\"https:\/\/pakosc-kalwaria.franciszkanie.net\/index.php\/2022\/08\/05\/odpust-ku-czci-wniebowziecia-nmp-na-kalwarii-pakoskiej-15-sierpnia-3\/#webpage\",\"url\":\"https:\/\/pakosc-kalwaria.franciszkanie.net\/index.php\/2022\/08\/05\/odpust-ku-czci-wniebowziecia-nmp-na-kalwarii-pakoskiej-15-sierpnia-3\/\",\"name\":\"Odpust ku czci Wniebowzi\u0119cia NMP na Kalwarii Pakoskiej \u2013 15 sierpnia - Pako\u015b\u0107 \u2013 Kalwaria\",\"isPartOf\":{\"@id\":\"https:\/\/pakosc-kalwaria.franciszkanie.net\/#website\"},\"primaryImageOfPage\":{\"@id\":\"https:\/\/pakosc-kalwaria.franciszkanie.net\/index.php\/2022\/08\/05\/odpust-ku-czci-wniebowziecia-nmp-na-kalwarii-pakoskiej-15-sierpnia-3\/#primaryimage\"},\"datePublished\":\"2022-08-05T08:05:29+00:00\",\"dateModified\":\"2022-08-15T11:08:56+00:00\",\"author\":{\"@id\":\"https:\/\/pakosc-kalwaria.franciszkanie.net\/#\/schema\/person\/af10b943be0760709227d060eadcb2aa\"},\"breadcrumb\":{\"@id\":\"https:\/\/pakosc-kalwaria.franciszkanie.net\/index.php\/2022\/08\/05\/odpust-ku-czci-wniebowziecia-nmp-na-kalwarii-pakoskiej-15-sierpnia-3\/#breadcrumb\"},\"inLanguage\":\"pl-PL\",\"potentialAction\":[{\"@type\":\"ReadAction\",\"target\":[\"https:\/\/pakosc-kalwaria.franciszkanie.net\/index.php\/2022\/08\/05\/odpust-ku-czci-wniebowziecia-nmp-na-kalwarii-pakoskiej-15-sierpnia-3\/\"]}]},{\"@type\":\"BreadcrumbList\",\"@id\":\"https:\/\/pakosc-kalwaria.franciszkanie.net\/index.php\/2022\/08\/05\/odpust-ku-czci-wniebowziecia-nmp-na-kalwarii-pakoskiej-15-sierpnia-3\/#breadcrumb\",\"itemListElement\":[{\"@type\":\"ListItem\",\"position\":1,\"name\":\"Strona g\u0142\u00f3wna\",\"item\":\"https:\/\/pakosc-kalwaria.franciszkanie.net\/\"},{\"@type\":\"ListItem\",\"position\":2,\"name\":\"Odpust ku czci Wniebowzi\u0119cia NMP na Kalwarii Pakoskiej \u2013 15 sierpnia\"}]},{\"@type\":\"Person\",\"@id\":\"https:\/\/pakosc-kalwaria.franciszkanie.net\/#\/schema\/person\/af10b943be0760709227d060eadcb2aa\",\"name\":\"pakosc-kalwaria\",\"image\":{\"@type\":\"ImageObject\",\"@id\":\"https:\/\/pakosc-kalwaria.franciszkanie.net\/#personlogo\",\"inLanguage\":\"pl-PL\",\"url\":\"https:\/\/secure.gravatar.com\/avatar\/e7049d338b55eac6a0027ff3218b8d02?s=96&d=mm&r=g\",\"contentUrl\":\"https:\/\/secure.gravatar.com\/avatar\/e7049d338b55eac6a0027ff3218b8d02?s=96&d=mm&r=g\",\"caption\":\"pakosc-kalwaria\"},\"sameAs\":[\"https:\/\/www.facebook.com\/KalwariaPakosc\/\"],\"url\":\"https:\/\/pakosc-kalwaria.franciszkanie.net\/index.php\/author\/pakosc-kalwaria\/\"}]}<\/script>\n<!-- \/ Yoast SEO plugin. -->","yoast_head_json":{"title":"Odpust ku czci Wniebowzi\u0119cia NMP na Kalwarii Pakoskiej \u2013 15 sierpnia - Pako\u015b\u0107 \u2013 Kalwaria","robots":{"index":"index","follow":"follow","max-snippet":"max-snippet:-1","max-image-preview":"max-image-preview:large","max-video-preview":"max-video-preview:-1"},"canonical":"https:\/\/pakosc-kalwaria.franciszkanie.net\/index.php\/2022\/08\/05\/odpust-ku-czci-wniebowziecia-nmp-na-kalwarii-pakoskiej-15-sierpnia-3\/","og_locale":"pl_PL","og_type":"article","og_title":"Odpust ku czci Wniebowzi\u0119cia NMP na Kalwarii Pakoskiej \u2013 15 sierpnia - Pako\u015b\u0107 \u2013 Kalwaria","og_description":"W poniedzia\u0142ek 15 sierpnia o 12.00 Suma Odpustowa przy Kaplicy Wniebowzi\u0119cia NMP. (ul. Inowroc\u0142awska)\u00a0 \u2013 na wje\u017adzie do Pako\u015bci od strony Inowroc\u0142awia. W naszym ko\u015bciele na Wzg\u00f3rzu Kalwaryjskim: W poniedzia\u0142ek (15.08.) \u2013 Msze \u015bw. o 9.00 i 11.00. Podczas ka\u017cdej Mszy \u015bw. po\u015bwi\u0119cenie kwiat\u00f3w, zi\u00f3\u0142 i owoc\u00f3w. Ostatni tegoroczny Odpust na Kalwarii Pakoskiej ku czci &hellip;","og_url":"https:\/\/pakosc-kalwaria.franciszkanie.net\/index.php\/2022\/08\/05\/odpust-ku-czci-wniebowziecia-nmp-na-kalwarii-pakoskiej-15-sierpnia-3\/","og_site_name":"Pako\u015b\u0107 \u2013 Kalwaria","article_author":"https:\/\/www.facebook.com\/KalwariaPakosc\/","article_published_time":"2022-08-05T08:05:29+00:00","article_modified_time":"2022-08-15T11:08:56+00:00","og_image":[{"width":300,"height":300,"url":"https:\/\/pakosc-kalwaria.franciszkanie.net\/wp-content\/uploads\/2022\/07\/Kaplica-Wniebowziecie-NMP.jpg","type":"image\/jpeg"}],"twitter_card":"summary","twitter_misc":{"Napisane przez":"pakosc-kalwaria"},"schema":{"@context":"https:\/\/schema.org","@graph":[{"@type":"WebSite","@id":"https:\/\/pakosc-kalwaria.franciszkanie.net\/#website","url":"https:\/\/pakosc-kalwaria.franciszkanie.net\/","name":"Pako\u015b\u0107 \u2013 Kalwaria","description":"Parafia Rzymsko \u2013 Katolicka p.w. Pana Jezusa Ukrzy\u017cowanego i  Matki Bo\u017cej Bolesnej ul. Barci\u0144ska 60, 88\u2013170 Pako\u015b\u0107 \u2013 Kalwaria","potentialAction":[{"@type":"SearchAction","target":{"@type":"EntryPoint","urlTemplate":"https:\/\/pakosc-kalwaria.franciszkanie.net\/?s={search_term_string}"},"query-input":"required name=search_term_string"}],"inLanguage":"pl-PL"},{"@type":"ImageObject","@id":"https:\/\/pakosc-kalwaria.franciszkanie.net\/index.php\/2022\/08\/05\/odpust-ku-czci-wniebowziecia-nmp-na-kalwarii-pakoskiej-15-sierpnia-3\/#primaryimage","inLanguage":"pl-PL","url":"https:\/\/pakosc-kalwaria.franciszkanie.net\/wp-content\/uploads\/2022\/07\/Kaplica-Wniebowziecie-NMP.jpg","contentUrl":"https:\/\/pakosc-kalwaria.franciszkanie.net\/wp-content\/uploads\/2022\/07\/Kaplica-Wniebowziecie-NMP.jpg","width":300,"height":300},{"@type":"WebPage","@id":"https:\/\/pakosc-kalwaria.franciszkanie.net\/index.php\/2022\/08\/05\/odpust-ku-czci-wniebowziecia-nmp-na-kalwarii-pakoskiej-15-sierpnia-3\/#webpage","url":"https:\/\/pakosc-kalwaria.franciszkanie.net\/index.php\/2022\/08\/05\/odpust-ku-czci-wniebowziecia-nmp-na-kalwarii-pakoskiej-15-sierpnia-3\/","name":"Odpust ku czci Wniebowzi\u0119cia NMP na Kalwarii Pakoskiej \u2013 15 sierpnia - Pako\u015b\u0107 \u2013 Kalwaria","isPartOf":{"@id":"https:\/\/pakosc-kalwaria.franciszkanie.net\/#website"},"primaryImageOfPage":{"@id":"https:\/\/pakosc-kalwaria.franciszkanie.net\/index.php\/2022\/08\/05\/odpust-ku-czci-wniebowziecia-nmp-na-kalwarii-pakoskiej-15-sierpnia-3\/#primaryimage"},"datePublished":"2022-08-05T08:05:29+00:00","dateModified":"2022-08-15T11:08:56+00:00","author":{"@id":"https:\/\/pakosc-kalwaria.franciszkanie.net\/#\/schema\/person\/af10b943be0760709227d060eadcb2aa"},"breadcrumb":{"@id":"https:\/\/pakosc-kalwaria.franciszkanie.net\/index.php\/2022\/08\/05\/odpust-ku-czci-wniebowziecia-nmp-na-kalwarii-pakoskiej-15-sierpnia-3\/#breadcrumb"},"inLanguage":"pl-PL","potentialAction":[{"@type":"ReadAction","target":["https:\/\/pakosc-kalwaria.franciszkanie.net\/index.php\/2022\/08\/05\/odpust-ku-czci-wniebowziecia-nmp-na-kalwarii-pakoskiej-15-sierpnia-3\/"]}]},{"@type":"BreadcrumbList","@id":"https:\/\/pakosc-kalwaria.franciszkanie.net\/index.php\/2022\/08\/05\/odpust-ku-czci-wniebowziecia-nmp-na-kalwarii-pakoskiej-15-sierpnia-3\/#breadcrumb","itemListElement":[{"@type":"ListItem","position":1,"name":"Strona g\u0142\u00f3wna","item":"https:\/\/pakosc-kalwaria.franciszkanie.net\/"},{"@type":"ListItem","position":2,"name":"Odpust ku czci Wniebowzi\u0119cia NMP na Kalwarii Pakoskiej \u2013 15 sierpnia"}]},{"@type":"Person","@id":"https:\/\/pakosc-kalwaria.franciszkanie.net\/#\/schema\/person\/af10b943be0760709227d060eadcb2aa","name":"pakosc-kalwaria","image":{"@type":"ImageObject","@id":"https:\/\/pakosc-kalwaria.franciszkanie.net\/#personlogo","inLanguage":"pl-PL","url":"https:\/\/secure.gravatar.com\/avatar\/e7049d338b55eac6a0027ff3218b8d02?s=96&d=mm&r=g","contentUrl":"https:\/\/secure.gravatar.com\/avatar\/e7049d338b55eac6a0027ff3218b8d02?s=96&d=mm&r=g","caption":"pakosc-kalwaria"},"sameAs":["https:\/\/www.facebook.com\/KalwariaPakosc\/"],"url":"https:\/\/pakosc-kalwaria.franciszkanie.net\/index.php\/author\/pakosc-kalwaria\/"}]}},"_links":{"self":[{"href":"https:\/\/pakosc-kalwaria.franciszkanie.net\/index.php\/wp-json\/wp\/v2\/posts\/24795"}],"collection":[{"href":"https:\/\/pakosc-kalwaria.franciszkanie.net\/index.php\/wp-json\/wp\/v2\/posts"}],"about":[{"href":"https:\/\/pakosc-kalwaria.franciszkanie.net\/index.php\/wp-json\/wp\/v2\/types\/post"}],"author":[{"embeddable":true,"href":"https:\/\/pakosc-kalwaria.franciszkanie.net\/index.php\/wp-json\/wp\/v2\/users\/2"}],"replies":[{"embeddable":true,"href":"https:\/\/pakosc-kalwaria.franciszkanie.net\/index.php\/wp-json\/wp\/v2\/comments?post=24795"}],"version-history":[{"count":1,"href":"https:\/\/pakosc-kalwaria.franciszkanie.net\/index.php\/wp-json\/wp\/v2\/posts\/24795\/revisions"}],"predecessor-version":[{"id":24797,"href":"https:\/\/pakosc-kalwaria.franciszkanie.net\/index.php\/wp-json\/wp\/v2\/posts\/24795\/revisions\/24797"}],"wp:featuredmedia":[{"embeddable":true,"href":"https:\/\/pakosc-kalwaria.franciszkanie.net\/index.php\/wp-json\/wp\/v2\/media\/24796"}],"wp:attachment":[{"href":"https:\/\/pakosc-kalwaria.franciszkanie.net\/index.php\/wp-json\/wp\/v2\/media?parent=24795"}],"wp:term":[{"taxonomy":"category","embeddable":true,"href":"https:\/\/pakosc-kalwaria.franciszkanie.net\/index.php\/wp-json\/wp\/v2\/categories?post=24795"},{"taxonomy":"post_tag","embeddable":true,"href":"https:\/\/pakosc-kalwaria.franciszkanie.net\/index.php\/wp-json\/wp\/v2\/tags?post=24795"}],"curies":[{"name":"wp","href":"https:\/\/api.w.org\/{rel}","templated":true}]}}