{"id":24944,"date":"2022-08-02T18:00:17","date_gmt":"2022-08-02T16:00:17","guid":{"rendered":"http:\/\/pakosc-kalwaria.franciszkanie.net\/?p=24944"},"modified":"2022-08-02T21:58:00","modified_gmt":"2022-08-02T19:58:00","slug":"do-medytacji-z-kalwaryjskiego-wzgorza-02-08-2022r","status":"publish","type":"post","link":"https:\/\/pakosc-kalwaria.franciszkanie.net\/index.php\/2022\/08\/02\/do-medytacji-z-kalwaryjskiego-wzgorza-02-08-2022r\/","title":{"rendered":"Do medytacji z kalwaryjskiego Wzg\u00f3rza \u2013 02.08.2022r."},"content":{"rendered":"<p><span style=\"color: #ff0000;\"><strong>Z kazania na kalwaryjskim Wzg\u00f3rzu \u2013 02.08.2022r. \u2013 \u015bwi\u0119to Naj\u015bwi\u0119tszej Maryi Panny Anielskiej z Porcjunkuli<\/strong><\/span><\/p>\n<p><strong>Mi\u0142o\u015b\u0107 \u015bw. Franciszka do Matki Bo\u017cej<br \/>\n<\/strong>\u015aw. Franciszek od momentu, gdy us\u0142ysza\u0142 w ko\u015bciele \u015bw. Damiana wezwanie Jezusa Ukrzy\u017cowanego \u201eFranciszku, id\u017a i odbuduj m\u00f3j Ko\u015bci\u00f3\u0142&#8221;, ukocha\u0142 Chrystusa ponad wszystko i stara\u0142 si\u0119 upodobni\u0107 do Niego we wszystkim. By\u0142 cz\u0142owiekiem nieprzeci\u0119tnego ducha, uwielbiaj\u0105cy samotno\u015b\u0107, ale r\u00f3wnocze\u015bnie niezwykle przyjazny i towarzyski dla ludzi oraz braterski dla swoich braci Wiemy, \u017ce potrafi\u0142 g\u0142osi\u0107 kazania do ptak\u00f3w i potrafi\u0142 ujarzmi\u0107 wilka. Wszystkie stworzenia nazywa\u0142 swoimi siostrami i bra\u0107mi. Wiele by mo\u017cna by m\u00f3wi\u0107 o duchowo\u015bci \u015bw. Franciszka. Ale dzisiaj w to szczeg\u00f3lne nasze franciszka\u0144skie \u015bwi\u0119to Porcjunkuli, warto zatrzyma\u0107 si\u0119 nad nabo\u017ce\u0144stwem \u015bw. Franciszka do Naj\u015bwi\u0119tszej Maryi Panny.<br \/>\nBiedaczyna z Asy\u017cu kocha\u0142 Maryj\u0119 ca\u0142ym sercem. Uznawa\u0142 J\u0105 za sw\u0105 Matk\u0119. Widzia\u0142 w Niej wz\u00f3r S\u0142u\u017cebnicy. Obra\u0142 J\u0105 za Kr\u00f3low\u0105 i Patronk\u0119 Zakonu. Zawsze jednak odnosi\u0142 Maryj\u0119 do Chrystusa. Wed\u0142ug \u015bw. Franciszka: Jezus to Nowy Adam, Kr\u00f3l-Mesjasz, Chrystus, Maryja za\u015b jest Now\u0105 Ew\u0105, Kr\u00f3low\u0105, Nasz\u0105 Pani\u0105. Jezus to umi\u0142owany Syn, w kt\u00f3rym Ojciec ma upodobanie, Maryja to C\u00f3rka, w kt\u00f3rej jest wszelka pe\u0142nia \u0142aski i wszelkie dobro. Jezus to S\u0142uga, kt\u00f3rego pokarmem jest pe\u0142nienie woli Ojca, \u00a0Maryja to S\u0142u\u017cebnica, kt\u00f3ra wymawia jak\u017ce wa\u017cne fiat. Wielk\u0105 mi\u0142o\u015b\u0107 \u015bw. Franciszka do NMP mo\u017cna zauwa\u017cy\u0107 w takich oto trzech obszarach jego \u017cycia.<br \/>\n1\/ \u015aw. Franciszek w\u0142asnymi r\u0119koma odbudowa\u0142 w okolicy Asy\u017cu trzy ko\u015bci\u00f3\u0142ki po\u015bwi\u0119cone Matce Naj\u015bwi\u0119tszej. Jeden z nich, to w\u0142a\u015bnie Porcjunkula, kt\u00f3r\u0105 uczyni\u0142 matk\u0105 i g\u0142ow\u0105 za\u0142o\u017conego Zakonu. Odbudowa ko\u015bcio\u0142a, do kt\u00f3rej \u015bw. Franciszek zosta\u0142 wezwany w San Damiano, mia\u0142a wi\u0119c sw\u00f3j pocz\u0105tek maryjny. Z pewno\u015bci\u0105 podczas prac przy odbudowie tych ko\u015bci\u00f3\u0142k\u00f3w mia\u0142 on wiele czasu i mo\u017cliwo\u015bci, by jak naj\u015bci\u015blej zwi\u0105za\u0107 swoje \u017cycie, nie tylko z Jezusem, ale tak\u017ce z Jego Matk\u0105 Maryj\u0105.<br \/>\n2\/ Drugi wyraz mi\u0142o\u015bci \u015bw. Franciszka do Maryi to modlitwa, czyli rozmowa z Ni\u0105 sam\u0105. Biedaczyna pozostawi\u0142 nam modlitwy do Matki Bo\u017cej, kt\u00f3re sam u\u0142o\u017cy\u0142 i odmawia\u0142. Modlitwy te s\u0105 niezwyk\u0142ym \u015bwiadectwem zwi\u0105zania si\u0119 z Maryj\u0105. W tych modlitwach mo\u017cemy wprost odczyta\u0107, Kim by\u0142a dla Niego Matka Bo\u017ca. By\u0142a \u015bwi\u0119t\u0105 Bo\u017c\u0105 Rodzicielk\u0105, Dziewic\u0105, Ko\u015bcio\u0142em, Tabernakulum, \u015awi\u0105tyni\u0105 zamieszka\u0142\u0105 przez Boga.<br \/>\n3\/ Trzeci znak mi\u0142o\u015bci Biedaczyny do Maryi, to r\u00f3\u017cne formy pobo\u017cno\u015bci. Do jednej z nich nale\u017ca\u0142 np. 40-dniowy post przed uroczysto\u015bci\u0105 Wniebowzi\u0119cia Maryi. Przez 40 dni poszcz\u0105c, przygotowywa\u0142 si\u0119 do tej uroczysto\u015bci, kt\u00f3ra z wszystkich \u015bwi\u0105t maryjnych mia\u0142a dla niego szczeg\u00f3lne znaczenie. Sam\u0105 za\u015b uroczysto\u015b\u0107 Wniebowzi\u0119cia NMP obchodzi\u0142 zwsze z wielk\u0105 rado\u015bci\u0105.<br \/>\nTe trzy formy Franciszkowej pobo\u017cno\u015bci maryjnej: modlitwa, post i odbudowa ko\u015bci\u00f3\u0142k\u00f3w, mog\u0105 by\u0107 dla nas doskona\u0142ym przewodnikiem. Modlitwa do Maryi to nie tylko uciekanie si\u0119 do Niej w potrzebach czy trudno\u015bciach, ale to tak\u017ce przebywanie z Maryj\u0105 na co dzie\u0144. Gdy cz\u0119sto rozmawia si\u0119 z Maryj\u0105, nasze wn\u0119trze nabiera swoistej delikatno\u015bci i czu\u0142o\u015bci. Cz\u0119ste przebywanie z Maryj\u0105 pomaga wierniej realizowa\u0107 chrze\u015bcija\u0144skie i \u017cyciowe powo\u0142anie. Przebywanie z Maryj\u0105\u00a0 pomaga te\u017c \u015bcis\u0142ej przylgn\u0105\u0107 do Boga, do Jej Syna Jezusa Chrystusa i do Ko\u015bcio\u0142a. Post ku czci Maryi przypomina nam, \u017ce cz\u0142owiek to nie tylko duch, ale i cia\u0142o. Z jednej strony trzeba da\u0107 cia\u0142u to wszystko, co jest mu konieczne i potrzebne, ale z drugiej strony trzeba je te\u017c poddawa\u0107 duchowi. Ka\u017cdy post pomaga nam wi\u0119c budowa\u0107 harmoni\u0119 pomi\u0119dzy duchem i cia\u0142em, na wz\u00f3r Maryi. I wreszcie tak\u017ce ka\u017cdy z nas w swoim \u017cyciu jest wezwany do \u201eodbudowy Ko\u015bcio\u0142a\u201d. Nasze \u017cycie musi wi\u0119c przynosi\u0107 konkretne owoce, kt\u00f3re b\u0119d\u0105 budowa\u0142y Ko\u015bci\u00f3\u0142. Bez tego nasze chrze\u015bcija\u0144skie \u017cycie b\u0119dzie mo\u017cna por\u00f3wna\u0107 do drzewa, kt\u00f3re nie przynosi oczekiwanych przez Boga owoc\u00f3w&#8230;, a takie drzewo nadaje si\u0119 tylko do wyci\u0119cia! A poniewa\u017c znamy doskonale nasz\u0105 s\u0142abo\u015b\u0107 i niedoskona\u0142o\u015b\u0107, dlatego musimy nieustannie oddawa\u0107 siebie i poleca\u0107 Maryi, by z Jej pomoc\u0105 nale\u017cycie wype\u0142ni\u0107, to co ka\u017cdego dnia rano rozpoczynamy w Imi\u0119 Tr\u00f3jcy Przenaj\u015bwi\u0119tszej, a co zgodne jest z Bo\u017c\u0105 wol\u0105. Amen.<br \/>\n(o.R.)<\/p>\n","protected":false},"excerpt":{"rendered":"<p>Z kazania na kalwaryjskim Wzg\u00f3rzu \u2013 02.08.2022r. \u2013 \u015bwi\u0119to Naj\u015bwi\u0119tszej Maryi Panny Anielskiej z Porcjunkuli Mi\u0142o\u015b\u0107 \u015bw. Franciszka do Matki Bo\u017cej \u015aw. Franciszek od momentu, gdy us\u0142ysza\u0142 w ko\u015bciele \u015bw. Damiana wezwanie Jezusa Ukrzy\u017cowanego \u201eFranciszku, id\u017a i odbuduj m\u00f3j Ko\u015bci\u00f3\u0142&#8221;, ukocha\u0142 Chrystusa ponad wszystko i stara\u0142 si\u0119 upodobni\u0107 do Niego we wszystkim. By\u0142 cz\u0142owiekiem nieprzeci\u0119tnego &hellip;<\/p>\n","protected":false},"author":2,"featured_media":24945,"comment_status":"closed","ping_status":"closed","sticky":false,"template":"","format":"standard","meta":{"_mi_skip_tracking":false,"_exactmetrics_sitenote_active":false,"_exactmetrics_sitenote_note":"","_exactmetrics_sitenote_category":0},"categories":[14],"tags":[],"yoast_head":"<!-- This site is optimized with the Yoast SEO plugin v18.1 - https:\/\/yoast.com\/wordpress\/plugins\/seo\/ -->\n<title>Do medytacji z kalwaryjskiego Wzg\u00f3rza \u2013 02.08.2022r. - Pako\u015b\u0107 \u2013 Kalwaria<\/title>\n<meta name=\"robots\" content=\"index, follow, max-snippet:-1, max-image-preview:large, max-video-preview:-1\" \/>\n<link rel=\"canonical\" href=\"https:\/\/pakosc-kalwaria.franciszkanie.net\/index.php\/2022\/08\/02\/do-medytacji-z-kalwaryjskiego-wzgorza-02-08-2022r\/\" \/>\n<meta property=\"og:locale\" content=\"pl_PL\" \/>\n<meta property=\"og:type\" content=\"article\" \/>\n<meta property=\"og:title\" content=\"Do medytacji z kalwaryjskiego Wzg\u00f3rza \u2013 02.08.2022r. - Pako\u015b\u0107 \u2013 Kalwaria\" \/>\n<meta property=\"og:description\" content=\"Z kazania na kalwaryjskim Wzg\u00f3rzu \u2013 02.08.2022r. \u2013 \u015bwi\u0119to Naj\u015bwi\u0119tszej Maryi Panny Anielskiej z Porcjunkuli Mi\u0142o\u015b\u0107 \u015bw. Franciszka do Matki Bo\u017cej \u015aw. Franciszek od momentu, gdy us\u0142ysza\u0142 w ko\u015bciele \u015bw. Damiana wezwanie Jezusa Ukrzy\u017cowanego \u201eFranciszku, id\u017a i odbuduj m\u00f3j Ko\u015bci\u00f3\u0142&#8221;, ukocha\u0142 Chrystusa ponad wszystko i stara\u0142 si\u0119 upodobni\u0107 do Niego we wszystkim. By\u0142 cz\u0142owiekiem nieprzeci\u0119tnego &hellip;\" \/>\n<meta property=\"og:url\" content=\"https:\/\/pakosc-kalwaria.franciszkanie.net\/index.php\/2022\/08\/02\/do-medytacji-z-kalwaryjskiego-wzgorza-02-08-2022r\/\" \/>\n<meta property=\"og:site_name\" content=\"Pako\u015b\u0107 \u2013 Kalwaria\" \/>\n<meta property=\"article:author\" content=\"https:\/\/www.facebook.com\/KalwariaPakosc\/\" \/>\n<meta property=\"article:published_time\" content=\"2022-08-02T16:00:17+00:00\" \/>\n<meta property=\"article:modified_time\" content=\"2022-08-02T19:58:00+00:00\" \/>\n<meta property=\"og:image\" content=\"https:\/\/pakosc-kalwaria.franciszkanie.net\/wp-content\/uploads\/2022\/08\/po-remoncie-lipiec-2022.jpg\" \/>\n\t<meta property=\"og:image:width\" content=\"400\" \/>\n\t<meta property=\"og:image:height\" content=\"225\" \/>\n\t<meta property=\"og:image:type\" content=\"image\/jpeg\" \/>\n<meta name=\"twitter:card\" content=\"summary\" \/>\n<meta name=\"twitter:label1\" content=\"Napisane przez\" \/>\n\t<meta name=\"twitter:data1\" content=\"pakosc-kalwaria\" \/>\n\t<meta name=\"twitter:label2\" content=\"Szacowany czas czytania\" \/>\n\t<meta name=\"twitter:data2\" content=\"4 minuty\" \/>\n<script type=\"application\/ld+json\" class=\"yoast-schema-graph\">{\"@context\":\"https:\/\/schema.org\",\"@graph\":[{\"@type\":\"WebSite\",\"@id\":\"https:\/\/pakosc-kalwaria.franciszkanie.net\/#website\",\"url\":\"https:\/\/pakosc-kalwaria.franciszkanie.net\/\",\"name\":\"Pako\u015b\u0107 \u2013 Kalwaria\",\"description\":\"Parafia Rzymsko \u2013 Katolicka p.w. Pana Jezusa Ukrzy\u017cowanego i  Matki Bo\u017cej Bolesnej ul. Barci\u0144ska 60, 88\u2013170 Pako\u015b\u0107 \u2013 Kalwaria\",\"potentialAction\":[{\"@type\":\"SearchAction\",\"target\":{\"@type\":\"EntryPoint\",\"urlTemplate\":\"https:\/\/pakosc-kalwaria.franciszkanie.net\/?s={search_term_string}\"},\"query-input\":\"required name=search_term_string\"}],\"inLanguage\":\"pl-PL\"},{\"@type\":\"ImageObject\",\"@id\":\"https:\/\/pakosc-kalwaria.franciszkanie.net\/index.php\/2022\/08\/02\/do-medytacji-z-kalwaryjskiego-wzgorza-02-08-2022r\/#primaryimage\",\"inLanguage\":\"pl-PL\",\"url\":\"https:\/\/pakosc-kalwaria.franciszkanie.net\/wp-content\/uploads\/2022\/08\/po-remoncie-lipiec-2022.jpg\",\"contentUrl\":\"https:\/\/pakosc-kalwaria.franciszkanie.net\/wp-content\/uploads\/2022\/08\/po-remoncie-lipiec-2022.jpg\",\"width\":400,\"height\":225},{\"@type\":\"WebPage\",\"@id\":\"https:\/\/pakosc-kalwaria.franciszkanie.net\/index.php\/2022\/08\/02\/do-medytacji-z-kalwaryjskiego-wzgorza-02-08-2022r\/#webpage\",\"url\":\"https:\/\/pakosc-kalwaria.franciszkanie.net\/index.php\/2022\/08\/02\/do-medytacji-z-kalwaryjskiego-wzgorza-02-08-2022r\/\",\"name\":\"Do medytacji z kalwaryjskiego Wzg\u00f3rza \u2013 02.08.2022r. - Pako\u015b\u0107 \u2013 Kalwaria\",\"isPartOf\":{\"@id\":\"https:\/\/pakosc-kalwaria.franciszkanie.net\/#website\"},\"primaryImageOfPage\":{\"@id\":\"https:\/\/pakosc-kalwaria.franciszkanie.net\/index.php\/2022\/08\/02\/do-medytacji-z-kalwaryjskiego-wzgorza-02-08-2022r\/#primaryimage\"},\"datePublished\":\"2022-08-02T16:00:17+00:00\",\"dateModified\":\"2022-08-02T19:58:00+00:00\",\"author\":{\"@id\":\"https:\/\/pakosc-kalwaria.franciszkanie.net\/#\/schema\/person\/af10b943be0760709227d060eadcb2aa\"},\"breadcrumb\":{\"@id\":\"https:\/\/pakosc-kalwaria.franciszkanie.net\/index.php\/2022\/08\/02\/do-medytacji-z-kalwaryjskiego-wzgorza-02-08-2022r\/#breadcrumb\"},\"inLanguage\":\"pl-PL\",\"potentialAction\":[{\"@type\":\"ReadAction\",\"target\":[\"https:\/\/pakosc-kalwaria.franciszkanie.net\/index.php\/2022\/08\/02\/do-medytacji-z-kalwaryjskiego-wzgorza-02-08-2022r\/\"]}]},{\"@type\":\"BreadcrumbList\",\"@id\":\"https:\/\/pakosc-kalwaria.franciszkanie.net\/index.php\/2022\/08\/02\/do-medytacji-z-kalwaryjskiego-wzgorza-02-08-2022r\/#breadcrumb\",\"itemListElement\":[{\"@type\":\"ListItem\",\"position\":1,\"name\":\"Strona g\u0142\u00f3wna\",\"item\":\"https:\/\/pakosc-kalwaria.franciszkanie.net\/\"},{\"@type\":\"ListItem\",\"position\":2,\"name\":\"Do medytacji z kalwaryjskiego Wzg\u00f3rza \u2013 02.08.2022r.\"}]},{\"@type\":\"Person\",\"@id\":\"https:\/\/pakosc-kalwaria.franciszkanie.net\/#\/schema\/person\/af10b943be0760709227d060eadcb2aa\",\"name\":\"pakosc-kalwaria\",\"image\":{\"@type\":\"ImageObject\",\"@id\":\"https:\/\/pakosc-kalwaria.franciszkanie.net\/#personlogo\",\"inLanguage\":\"pl-PL\",\"url\":\"https:\/\/secure.gravatar.com\/avatar\/e7049d338b55eac6a0027ff3218b8d02?s=96&d=mm&r=g\",\"contentUrl\":\"https:\/\/secure.gravatar.com\/avatar\/e7049d338b55eac6a0027ff3218b8d02?s=96&d=mm&r=g\",\"caption\":\"pakosc-kalwaria\"},\"sameAs\":[\"https:\/\/www.facebook.com\/KalwariaPakosc\/\"],\"url\":\"https:\/\/pakosc-kalwaria.franciszkanie.net\/index.php\/author\/pakosc-kalwaria\/\"}]}<\/script>\n<!-- \/ Yoast SEO plugin. -->","yoast_head_json":{"title":"Do medytacji z kalwaryjskiego Wzg\u00f3rza \u2013 02.08.2022r. - Pako\u015b\u0107 \u2013 Kalwaria","robots":{"index":"index","follow":"follow","max-snippet":"max-snippet:-1","max-image-preview":"max-image-preview:large","max-video-preview":"max-video-preview:-1"},"canonical":"https:\/\/pakosc-kalwaria.franciszkanie.net\/index.php\/2022\/08\/02\/do-medytacji-z-kalwaryjskiego-wzgorza-02-08-2022r\/","og_locale":"pl_PL","og_type":"article","og_title":"Do medytacji z kalwaryjskiego Wzg\u00f3rza \u2013 02.08.2022r. - Pako\u015b\u0107 \u2013 Kalwaria","og_description":"Z kazania na kalwaryjskim Wzg\u00f3rzu \u2013 02.08.2022r. \u2013 \u015bwi\u0119to Naj\u015bwi\u0119tszej Maryi Panny Anielskiej z Porcjunkuli Mi\u0142o\u015b\u0107 \u015bw. Franciszka do Matki Bo\u017cej \u015aw. Franciszek od momentu, gdy us\u0142ysza\u0142 w ko\u015bciele \u015bw. Damiana wezwanie Jezusa Ukrzy\u017cowanego \u201eFranciszku, id\u017a i odbuduj m\u00f3j Ko\u015bci\u00f3\u0142&#8221;, ukocha\u0142 Chrystusa ponad wszystko i stara\u0142 si\u0119 upodobni\u0107 do Niego we wszystkim. By\u0142 cz\u0142owiekiem nieprzeci\u0119tnego &hellip;","og_url":"https:\/\/pakosc-kalwaria.franciszkanie.net\/index.php\/2022\/08\/02\/do-medytacji-z-kalwaryjskiego-wzgorza-02-08-2022r\/","og_site_name":"Pako\u015b\u0107 \u2013 Kalwaria","article_author":"https:\/\/www.facebook.com\/KalwariaPakosc\/","article_published_time":"2022-08-02T16:00:17+00:00","article_modified_time":"2022-08-02T19:58:00+00:00","og_image":[{"width":400,"height":225,"url":"https:\/\/pakosc-kalwaria.franciszkanie.net\/wp-content\/uploads\/2022\/08\/po-remoncie-lipiec-2022.jpg","type":"image\/jpeg"}],"twitter_card":"summary","twitter_misc":{"Napisane przez":"pakosc-kalwaria","Szacowany czas czytania":"4 minuty"},"schema":{"@context":"https:\/\/schema.org","@graph":[{"@type":"WebSite","@id":"https:\/\/pakosc-kalwaria.franciszkanie.net\/#website","url":"https:\/\/pakosc-kalwaria.franciszkanie.net\/","name":"Pako\u015b\u0107 \u2013 Kalwaria","description":"Parafia Rzymsko \u2013 Katolicka p.w. Pana Jezusa Ukrzy\u017cowanego i  Matki Bo\u017cej Bolesnej ul. Barci\u0144ska 60, 88\u2013170 Pako\u015b\u0107 \u2013 Kalwaria","potentialAction":[{"@type":"SearchAction","target":{"@type":"EntryPoint","urlTemplate":"https:\/\/pakosc-kalwaria.franciszkanie.net\/?s={search_term_string}"},"query-input":"required name=search_term_string"}],"inLanguage":"pl-PL"},{"@type":"ImageObject","@id":"https:\/\/pakosc-kalwaria.franciszkanie.net\/index.php\/2022\/08\/02\/do-medytacji-z-kalwaryjskiego-wzgorza-02-08-2022r\/#primaryimage","inLanguage":"pl-PL","url":"https:\/\/pakosc-kalwaria.franciszkanie.net\/wp-content\/uploads\/2022\/08\/po-remoncie-lipiec-2022.jpg","contentUrl":"https:\/\/pakosc-kalwaria.franciszkanie.net\/wp-content\/uploads\/2022\/08\/po-remoncie-lipiec-2022.jpg","width":400,"height":225},{"@type":"WebPage","@id":"https:\/\/pakosc-kalwaria.franciszkanie.net\/index.php\/2022\/08\/02\/do-medytacji-z-kalwaryjskiego-wzgorza-02-08-2022r\/#webpage","url":"https:\/\/pakosc-kalwaria.franciszkanie.net\/index.php\/2022\/08\/02\/do-medytacji-z-kalwaryjskiego-wzgorza-02-08-2022r\/","name":"Do medytacji z kalwaryjskiego Wzg\u00f3rza \u2013 02.08.2022r. - Pako\u015b\u0107 \u2013 Kalwaria","isPartOf":{"@id":"https:\/\/pakosc-kalwaria.franciszkanie.net\/#website"},"primaryImageOfPage":{"@id":"https:\/\/pakosc-kalwaria.franciszkanie.net\/index.php\/2022\/08\/02\/do-medytacji-z-kalwaryjskiego-wzgorza-02-08-2022r\/#primaryimage"},"datePublished":"2022-08-02T16:00:17+00:00","dateModified":"2022-08-02T19:58:00+00:00","author":{"@id":"https:\/\/pakosc-kalwaria.franciszkanie.net\/#\/schema\/person\/af10b943be0760709227d060eadcb2aa"},"breadcrumb":{"@id":"https:\/\/pakosc-kalwaria.franciszkanie.net\/index.php\/2022\/08\/02\/do-medytacji-z-kalwaryjskiego-wzgorza-02-08-2022r\/#breadcrumb"},"inLanguage":"pl-PL","potentialAction":[{"@type":"ReadAction","target":["https:\/\/pakosc-kalwaria.franciszkanie.net\/index.php\/2022\/08\/02\/do-medytacji-z-kalwaryjskiego-wzgorza-02-08-2022r\/"]}]},{"@type":"BreadcrumbList","@id":"https:\/\/pakosc-kalwaria.franciszkanie.net\/index.php\/2022\/08\/02\/do-medytacji-z-kalwaryjskiego-wzgorza-02-08-2022r\/#breadcrumb","itemListElement":[{"@type":"ListItem","position":1,"name":"Strona g\u0142\u00f3wna","item":"https:\/\/pakosc-kalwaria.franciszkanie.net\/"},{"@type":"ListItem","position":2,"name":"Do medytacji z kalwaryjskiego Wzg\u00f3rza \u2013 02.08.2022r."}]},{"@type":"Person","@id":"https:\/\/pakosc-kalwaria.franciszkanie.net\/#\/schema\/person\/af10b943be0760709227d060eadcb2aa","name":"pakosc-kalwaria","image":{"@type":"ImageObject","@id":"https:\/\/pakosc-kalwaria.franciszkanie.net\/#personlogo","inLanguage":"pl-PL","url":"https:\/\/secure.gravatar.com\/avatar\/e7049d338b55eac6a0027ff3218b8d02?s=96&d=mm&r=g","contentUrl":"https:\/\/secure.gravatar.com\/avatar\/e7049d338b55eac6a0027ff3218b8d02?s=96&d=mm&r=g","caption":"pakosc-kalwaria"},"sameAs":["https:\/\/www.facebook.com\/KalwariaPakosc\/"],"url":"https:\/\/pakosc-kalwaria.franciszkanie.net\/index.php\/author\/pakosc-kalwaria\/"}]}},"_links":{"self":[{"href":"https:\/\/pakosc-kalwaria.franciszkanie.net\/index.php\/wp-json\/wp\/v2\/posts\/24944"}],"collection":[{"href":"https:\/\/pakosc-kalwaria.franciszkanie.net\/index.php\/wp-json\/wp\/v2\/posts"}],"about":[{"href":"https:\/\/pakosc-kalwaria.franciszkanie.net\/index.php\/wp-json\/wp\/v2\/types\/post"}],"author":[{"embeddable":true,"href":"https:\/\/pakosc-kalwaria.franciszkanie.net\/index.php\/wp-json\/wp\/v2\/users\/2"}],"replies":[{"embeddable":true,"href":"https:\/\/pakosc-kalwaria.franciszkanie.net\/index.php\/wp-json\/wp\/v2\/comments?post=24944"}],"version-history":[{"count":5,"href":"https:\/\/pakosc-kalwaria.franciszkanie.net\/index.php\/wp-json\/wp\/v2\/posts\/24944\/revisions"}],"predecessor-version":[{"id":24958,"href":"https:\/\/pakosc-kalwaria.franciszkanie.net\/index.php\/wp-json\/wp\/v2\/posts\/24944\/revisions\/24958"}],"wp:featuredmedia":[{"embeddable":true,"href":"https:\/\/pakosc-kalwaria.franciszkanie.net\/index.php\/wp-json\/wp\/v2\/media\/24945"}],"wp:attachment":[{"href":"https:\/\/pakosc-kalwaria.franciszkanie.net\/index.php\/wp-json\/wp\/v2\/media?parent=24944"}],"wp:term":[{"taxonomy":"category","embeddable":true,"href":"https:\/\/pakosc-kalwaria.franciszkanie.net\/index.php\/wp-json\/wp\/v2\/categories?post=24944"},{"taxonomy":"post_tag","embeddable":true,"href":"https:\/\/pakosc-kalwaria.franciszkanie.net\/index.php\/wp-json\/wp\/v2\/tags?post=24944"}],"curies":[{"name":"wp","href":"https:\/\/api.w.org\/{rel}","templated":true}]}}