{"id":24962,"date":"2022-08-13T09:00:47","date_gmt":"2022-08-13T07:00:47","guid":{"rendered":"http:\/\/pakosc-kalwaria.franciszkanie.net\/?p=24962"},"modified":"2022-08-12T23:27:21","modified_gmt":"2022-08-12T21:27:21","slug":"intencje-mszalne-14-08-21-08-2022r","status":"publish","type":"post","link":"https:\/\/pakosc-kalwaria.franciszkanie.net\/index.php\/2022\/08\/13\/intencje-mszalne-14-08-21-08-2022r\/","title":{"rendered":"Intencje mszalne 14.08. &#8211; 21.08.2022r."},"content":{"rendered":"<p><span style=\"color: #ff0000;\"><strong><em><u>XX Niedziela Zwyk\u0142a\u00a0 &#8211;\u00a0 14.08.2022r<\/u><\/em><\/strong><\/span><strong><em><span style=\"color: #ff0000;\">.<\/span><br \/>\n<\/em><\/strong><span style=\"color: #ff0000;\"><strong>9.00<\/strong><\/span><strong>\u00a0 Za + Janusza Pieszak w 2 r. \u015bmierci<br \/>\n<span style=\"color: #ff0000;\">11.00<\/span>\u00a0 Z okazji Imienin Marii z podzi\u0119kowaniem za otrzymane \u0142aski, z pro\u015bb\u0105 o dalsze Bo\u017ce b\u0142ogos\u0142awie\u0144stwo, opiek\u0119 Matki Bo\u017cej i zdrowie<\/strong><\/p>\n<p><span style=\"color: #ff0000;\"><strong><em><u>Poniedzia\u0142ek\u00a0 &#8211;\u00a0 15.08.2022r<\/u><\/em><\/strong><\/span><strong><em><span style=\"color: #ff0000;\">. <u>\u00a0<\/u>\u2013 uroczysto\u015b\u0107 Wniebowzi\u0119cia NMP<\/span><br \/>\n<\/em><\/strong><span style=\"color: #ff0000;\"><strong>9.00<\/strong><\/span><strong>\u00a0 Z okazji 12 Rocznicy \u015alubu Mirki i Jarka<br \/>\n<span style=\"color: #ff0000;\">11.00\u00a0<\/span> Za + Urszul\u0119 Grudzi\u0144sk\u0105<\/strong><\/p>\n<p><span style=\"color: #008000;\"><strong><em><u>Wtorek\u00a0 &#8211; 16.08.2022r.<\/u><\/em><\/strong><strong><em> \u2013 wspomnienie \u015bw. Beatrycze z Silvy, dziewicy\u00a0 <\/em><\/strong><\/span><strong><br \/>\n<span style=\"color: #000000;\">17.00\u00a0 Z ok<\/span>azji 13 Rocznicy \u015alubu El\u017cbiety i \u0141ukasza oraz w intencji ich dzieci Marii i Macieja<\/strong><\/p>\n<p><span style=\"color: #008000;\"><strong><em><u>\u015aroda \u2013 17.08.2022r.<\/u><\/em><\/strong> <\/span><strong><em><span style=\"color: #008000;\">\u2013 wspomnienie \u015bw. Jacka, prezbitera<\/span><br \/>\n<\/em><\/strong><strong>17.00 Za + El\u017cbiet\u0119 Kr\u00f3likowsk\u0105<\/strong><\/p>\n<p><strong><em><u><span style=\"color: #008000;\">Czwartek \u00a0&#8211; 18.08.2022r.<\/span><br \/>\n<\/u><\/em><\/strong><strong>17.00 Za ++ Ew\u0119 Nowakowsk\u0105 i jej m\u0119\u017ca Ryszarda<\/strong><\/p>\n<p><span style=\"color: #008000;\"><strong><em><u>Pi\u0105tek \u00a0&#8211; 19.08.2022r<\/u><\/em><\/strong><\/span><strong><em><span style=\"color: #008000;\">.<\/span><br \/>\n<\/em><\/strong><span style=\"color: #ff0000;\"><strong>17.00<\/strong><\/span><strong><span style=\"color: #ff0000;\"> \u00a0W intencjach zbiorowych do Pana Jezusa Ukrzy\u017cowanego i Mi\u0142osiernego<\/span> oraz za + Zdzis\u0142aw\u0119 Stanieck\u0105 \u2013 int. od uczestnik\u00f3w pogrzebu<\/strong><\/p>\n<p><span style=\"color: #008000;\"><strong><em><u>Sobota \u00a0\u00a0\u2013 20.08.2021r.<\/u><\/em><\/strong><\/span><strong><em><span style=\"color: #008000;\"> &#8211; wspomnienie Bernarda, opata i doktora Ko\u015bcio\u0142a<\/span><br \/>\n<\/em><\/strong><strong><span style=\"color: #ff0000;\">15.30<\/span> Msza \u015bw. \u015blubna<br \/>\n<span style=\"color: #ff0000;\">17.00<\/span> Za ++ Urszul\u0119 i Mariana Szkolnych<\/strong><\/p>\n<p><span style=\"color: #ff0000;\"><strong><em><u>XXI\u00a0 Niedziela Zwyk\u0142a &#8211;\u00a0 21.08.2022r<\/u><\/em><\/strong><\/span><strong><em><span style=\"color: #ff0000;\">.<\/span><br \/>\n<\/em><\/strong><strong><span style=\"color: #ff0000;\">9.00\u00a0<\/span> Za ++ Teres\u0119 Koz\u0142owsk\u0105 w 8 r. \u015bmierci, m\u0119\u017ca W\u0142adys\u0142awa i ich ++ rodzic\u00f3w<br \/>\n<span style=\"color: #ff0000;\">11.00<\/span> \u00a0Z okazji 20 Rocznicy Urodzin Adriana z pro\u015bb\u0105 o Bo\u017ce b\u0142ogos\u0142awie\u0144stwo i opiek\u0119 Matki Bo\u017cej<br \/>\n<\/strong><\/p>\n","protected":false},"excerpt":{"rendered":"<p>XX Niedziela Zwyk\u0142a\u00a0 &#8211;\u00a0 14.08.2022r. 9.00\u00a0 Za + Janusza Pieszak w 2 r. \u015bmierci 11.00\u00a0 Z okazji Imienin Marii z podzi\u0119kowaniem za otrzymane \u0142aski, z pro\u015bb\u0105 o dalsze Bo\u017ce b\u0142ogos\u0142awie\u0144stwo, opiek\u0119 Matki Bo\u017cej i zdrowie Poniedzia\u0142ek\u00a0 &#8211;\u00a0 15.08.2022r. \u00a0\u2013 uroczysto\u015b\u0107 Wniebowzi\u0119cia NMP 9.00\u00a0 Z okazji 12 Rocznicy \u015alubu Mirki i Jarka 11.00\u00a0 Za + Urszul\u0119 &hellip;<\/p>\n","protected":false},"author":2,"featured_media":24963,"comment_status":"closed","ping_status":"closed","sticky":false,"template":"","format":"standard","meta":{"_mi_skip_tracking":false,"_exactmetrics_sitenote_active":false,"_exactmetrics_sitenote_note":"","_exactmetrics_sitenote_category":0},"categories":[6],"tags":[],"yoast_head":"<!-- This site is optimized with the Yoast SEO plugin v18.1 - https:\/\/yoast.com\/wordpress\/plugins\/seo\/ -->\n<title>Intencje mszalne 14.08. - 21.08.2022r. - Pako\u015b\u0107 \u2013 Kalwaria<\/title>\n<meta name=\"robots\" content=\"index, follow, max-snippet:-1, max-image-preview:large, max-video-preview:-1\" \/>\n<link rel=\"canonical\" href=\"https:\/\/pakosc-kalwaria.franciszkanie.net\/index.php\/2022\/08\/13\/intencje-mszalne-14-08-21-08-2022r\/\" \/>\n<meta property=\"og:locale\" content=\"pl_PL\" \/>\n<meta property=\"og:type\" content=\"article\" \/>\n<meta property=\"og:title\" content=\"Intencje mszalne 14.08. - 21.08.2022r. - Pako\u015b\u0107 \u2013 Kalwaria\" \/>\n<meta property=\"og:description\" content=\"XX Niedziela Zwyk\u0142a\u00a0 &#8211;\u00a0 14.08.2022r. 9.00\u00a0 Za + Janusza Pieszak w 2 r. \u015bmierci 11.00\u00a0 Z okazji Imienin Marii z podzi\u0119kowaniem za otrzymane \u0142aski, z pro\u015bb\u0105 o dalsze Bo\u017ce b\u0142ogos\u0142awie\u0144stwo, opiek\u0119 Matki Bo\u017cej i zdrowie Poniedzia\u0142ek\u00a0 &#8211;\u00a0 15.08.2022r. \u00a0\u2013 uroczysto\u015b\u0107 Wniebowzi\u0119cia NMP 9.00\u00a0 Z okazji 12 Rocznicy \u015alubu Mirki i Jarka 11.00\u00a0 Za + Urszul\u0119 &hellip;\" \/>\n<meta property=\"og:url\" content=\"https:\/\/pakosc-kalwaria.franciszkanie.net\/index.php\/2022\/08\/13\/intencje-mszalne-14-08-21-08-2022r\/\" \/>\n<meta property=\"og:site_name\" content=\"Pako\u015b\u0107 \u2013 Kalwaria\" \/>\n<meta property=\"article:author\" content=\"https:\/\/www.facebook.com\/KalwariaPakosc\/\" \/>\n<meta property=\"article:published_time\" content=\"2022-08-13T07:00:47+00:00\" \/>\n<meta property=\"article:modified_time\" content=\"2022-08-12T21:27:21+00:00\" \/>\n<meta property=\"og:image\" content=\"https:\/\/pakosc-kalwaria.franciszkanie.net\/wp-content\/uploads\/2022\/08\/intencje-mszlane-752x440-1.jpg\" \/>\n\t<meta property=\"og:image:width\" content=\"350\" \/>\n\t<meta property=\"og:image:height\" content=\"205\" \/>\n\t<meta property=\"og:image:type\" content=\"image\/jpeg\" \/>\n<meta name=\"twitter:card\" content=\"summary\" \/>\n<meta name=\"twitter:label1\" content=\"Napisane przez\" \/>\n\t<meta name=\"twitter:data1\" content=\"pakosc-kalwaria\" \/>\n\t<meta name=\"twitter:label2\" content=\"Szacowany czas czytania\" \/>\n\t<meta name=\"twitter:data2\" content=\"2 minuty\" \/>\n<script type=\"application\/ld+json\" class=\"yoast-schema-graph\">{\"@context\":\"https:\/\/schema.org\",\"@graph\":[{\"@type\":\"WebSite\",\"@id\":\"https:\/\/pakosc-kalwaria.franciszkanie.net\/#website\",\"url\":\"https:\/\/pakosc-kalwaria.franciszkanie.net\/\",\"name\":\"Pako\u015b\u0107 \u2013 Kalwaria\",\"description\":\"Parafia Rzymsko \u2013 Katolicka p.w. Pana Jezusa Ukrzy\u017cowanego i  Matki Bo\u017cej Bolesnej ul. Barci\u0144ska 60, 88\u2013170 Pako\u015b\u0107 \u2013 Kalwaria\",\"potentialAction\":[{\"@type\":\"SearchAction\",\"target\":{\"@type\":\"EntryPoint\",\"urlTemplate\":\"https:\/\/pakosc-kalwaria.franciszkanie.net\/?s={search_term_string}\"},\"query-input\":\"required name=search_term_string\"}],\"inLanguage\":\"pl-PL\"},{\"@type\":\"ImageObject\",\"@id\":\"https:\/\/pakosc-kalwaria.franciszkanie.net\/index.php\/2022\/08\/13\/intencje-mszalne-14-08-21-08-2022r\/#primaryimage\",\"inLanguage\":\"pl-PL\",\"url\":\"https:\/\/pakosc-kalwaria.franciszkanie.net\/wp-content\/uploads\/2022\/08\/intencje-mszlane-752x440-1.jpg\",\"contentUrl\":\"https:\/\/pakosc-kalwaria.franciszkanie.net\/wp-content\/uploads\/2022\/08\/intencje-mszlane-752x440-1.jpg\",\"width\":350,\"height\":205},{\"@type\":\"WebPage\",\"@id\":\"https:\/\/pakosc-kalwaria.franciszkanie.net\/index.php\/2022\/08\/13\/intencje-mszalne-14-08-21-08-2022r\/#webpage\",\"url\":\"https:\/\/pakosc-kalwaria.franciszkanie.net\/index.php\/2022\/08\/13\/intencje-mszalne-14-08-21-08-2022r\/\",\"name\":\"Intencje mszalne 14.08. - 21.08.2022r. - Pako\u015b\u0107 \u2013 Kalwaria\",\"isPartOf\":{\"@id\":\"https:\/\/pakosc-kalwaria.franciszkanie.net\/#website\"},\"primaryImageOfPage\":{\"@id\":\"https:\/\/pakosc-kalwaria.franciszkanie.net\/index.php\/2022\/08\/13\/intencje-mszalne-14-08-21-08-2022r\/#primaryimage\"},\"datePublished\":\"2022-08-13T07:00:47+00:00\",\"dateModified\":\"2022-08-12T21:27:21+00:00\",\"author\":{\"@id\":\"https:\/\/pakosc-kalwaria.franciszkanie.net\/#\/schema\/person\/af10b943be0760709227d060eadcb2aa\"},\"breadcrumb\":{\"@id\":\"https:\/\/pakosc-kalwaria.franciszkanie.net\/index.php\/2022\/08\/13\/intencje-mszalne-14-08-21-08-2022r\/#breadcrumb\"},\"inLanguage\":\"pl-PL\",\"potentialAction\":[{\"@type\":\"ReadAction\",\"target\":[\"https:\/\/pakosc-kalwaria.franciszkanie.net\/index.php\/2022\/08\/13\/intencje-mszalne-14-08-21-08-2022r\/\"]}]},{\"@type\":\"BreadcrumbList\",\"@id\":\"https:\/\/pakosc-kalwaria.franciszkanie.net\/index.php\/2022\/08\/13\/intencje-mszalne-14-08-21-08-2022r\/#breadcrumb\",\"itemListElement\":[{\"@type\":\"ListItem\",\"position\":1,\"name\":\"Strona g\u0142\u00f3wna\",\"item\":\"https:\/\/pakosc-kalwaria.franciszkanie.net\/\"},{\"@type\":\"ListItem\",\"position\":2,\"name\":\"Intencje mszalne 14.08. &#8211; 21.08.2022r.\"}]},{\"@type\":\"Person\",\"@id\":\"https:\/\/pakosc-kalwaria.franciszkanie.net\/#\/schema\/person\/af10b943be0760709227d060eadcb2aa\",\"name\":\"pakosc-kalwaria\",\"image\":{\"@type\":\"ImageObject\",\"@id\":\"https:\/\/pakosc-kalwaria.franciszkanie.net\/#personlogo\",\"inLanguage\":\"pl-PL\",\"url\":\"https:\/\/secure.gravatar.com\/avatar\/e7049d338b55eac6a0027ff3218b8d02?s=96&d=mm&r=g\",\"contentUrl\":\"https:\/\/secure.gravatar.com\/avatar\/e7049d338b55eac6a0027ff3218b8d02?s=96&d=mm&r=g\",\"caption\":\"pakosc-kalwaria\"},\"sameAs\":[\"https:\/\/www.facebook.com\/KalwariaPakosc\/\"],\"url\":\"https:\/\/pakosc-kalwaria.franciszkanie.net\/index.php\/author\/pakosc-kalwaria\/\"}]}<\/script>\n<!-- \/ Yoast SEO plugin. -->","yoast_head_json":{"title":"Intencje mszalne 14.08. - 21.08.2022r. - Pako\u015b\u0107 \u2013 Kalwaria","robots":{"index":"index","follow":"follow","max-snippet":"max-snippet:-1","max-image-preview":"max-image-preview:large","max-video-preview":"max-video-preview:-1"},"canonical":"https:\/\/pakosc-kalwaria.franciszkanie.net\/index.php\/2022\/08\/13\/intencje-mszalne-14-08-21-08-2022r\/","og_locale":"pl_PL","og_type":"article","og_title":"Intencje mszalne 14.08. - 21.08.2022r. - Pako\u015b\u0107 \u2013 Kalwaria","og_description":"XX Niedziela Zwyk\u0142a\u00a0 &#8211;\u00a0 14.08.2022r. 9.00\u00a0 Za + Janusza Pieszak w 2 r. \u015bmierci 11.00\u00a0 Z okazji Imienin Marii z podzi\u0119kowaniem za otrzymane \u0142aski, z pro\u015bb\u0105 o dalsze Bo\u017ce b\u0142ogos\u0142awie\u0144stwo, opiek\u0119 Matki Bo\u017cej i zdrowie Poniedzia\u0142ek\u00a0 &#8211;\u00a0 15.08.2022r. \u00a0\u2013 uroczysto\u015b\u0107 Wniebowzi\u0119cia NMP 9.00\u00a0 Z okazji 12 Rocznicy \u015alubu Mirki i Jarka 11.00\u00a0 Za + Urszul\u0119 &hellip;","og_url":"https:\/\/pakosc-kalwaria.franciszkanie.net\/index.php\/2022\/08\/13\/intencje-mszalne-14-08-21-08-2022r\/","og_site_name":"Pako\u015b\u0107 \u2013 Kalwaria","article_author":"https:\/\/www.facebook.com\/KalwariaPakosc\/","article_published_time":"2022-08-13T07:00:47+00:00","article_modified_time":"2022-08-12T21:27:21+00:00","og_image":[{"width":350,"height":205,"url":"https:\/\/pakosc-kalwaria.franciszkanie.net\/wp-content\/uploads\/2022\/08\/intencje-mszlane-752x440-1.jpg","type":"image\/jpeg"}],"twitter_card":"summary","twitter_misc":{"Napisane przez":"pakosc-kalwaria","Szacowany czas czytania":"2 minuty"},"schema":{"@context":"https:\/\/schema.org","@graph":[{"@type":"WebSite","@id":"https:\/\/pakosc-kalwaria.franciszkanie.net\/#website","url":"https:\/\/pakosc-kalwaria.franciszkanie.net\/","name":"Pako\u015b\u0107 \u2013 Kalwaria","description":"Parafia Rzymsko \u2013 Katolicka p.w. Pana Jezusa Ukrzy\u017cowanego i  Matki Bo\u017cej Bolesnej ul. Barci\u0144ska 60, 88\u2013170 Pako\u015b\u0107 \u2013 Kalwaria","potentialAction":[{"@type":"SearchAction","target":{"@type":"EntryPoint","urlTemplate":"https:\/\/pakosc-kalwaria.franciszkanie.net\/?s={search_term_string}"},"query-input":"required name=search_term_string"}],"inLanguage":"pl-PL"},{"@type":"ImageObject","@id":"https:\/\/pakosc-kalwaria.franciszkanie.net\/index.php\/2022\/08\/13\/intencje-mszalne-14-08-21-08-2022r\/#primaryimage","inLanguage":"pl-PL","url":"https:\/\/pakosc-kalwaria.franciszkanie.net\/wp-content\/uploads\/2022\/08\/intencje-mszlane-752x440-1.jpg","contentUrl":"https:\/\/pakosc-kalwaria.franciszkanie.net\/wp-content\/uploads\/2022\/08\/intencje-mszlane-752x440-1.jpg","width":350,"height":205},{"@type":"WebPage","@id":"https:\/\/pakosc-kalwaria.franciszkanie.net\/index.php\/2022\/08\/13\/intencje-mszalne-14-08-21-08-2022r\/#webpage","url":"https:\/\/pakosc-kalwaria.franciszkanie.net\/index.php\/2022\/08\/13\/intencje-mszalne-14-08-21-08-2022r\/","name":"Intencje mszalne 14.08. - 21.08.2022r. - Pako\u015b\u0107 \u2013 Kalwaria","isPartOf":{"@id":"https:\/\/pakosc-kalwaria.franciszkanie.net\/#website"},"primaryImageOfPage":{"@id":"https:\/\/pakosc-kalwaria.franciszkanie.net\/index.php\/2022\/08\/13\/intencje-mszalne-14-08-21-08-2022r\/#primaryimage"},"datePublished":"2022-08-13T07:00:47+00:00","dateModified":"2022-08-12T21:27:21+00:00","author":{"@id":"https:\/\/pakosc-kalwaria.franciszkanie.net\/#\/schema\/person\/af10b943be0760709227d060eadcb2aa"},"breadcrumb":{"@id":"https:\/\/pakosc-kalwaria.franciszkanie.net\/index.php\/2022\/08\/13\/intencje-mszalne-14-08-21-08-2022r\/#breadcrumb"},"inLanguage":"pl-PL","potentialAction":[{"@type":"ReadAction","target":["https:\/\/pakosc-kalwaria.franciszkanie.net\/index.php\/2022\/08\/13\/intencje-mszalne-14-08-21-08-2022r\/"]}]},{"@type":"BreadcrumbList","@id":"https:\/\/pakosc-kalwaria.franciszkanie.net\/index.php\/2022\/08\/13\/intencje-mszalne-14-08-21-08-2022r\/#breadcrumb","itemListElement":[{"@type":"ListItem","position":1,"name":"Strona g\u0142\u00f3wna","item":"https:\/\/pakosc-kalwaria.franciszkanie.net\/"},{"@type":"ListItem","position":2,"name":"Intencje mszalne 14.08. &#8211; 21.08.2022r."}]},{"@type":"Person","@id":"https:\/\/pakosc-kalwaria.franciszkanie.net\/#\/schema\/person\/af10b943be0760709227d060eadcb2aa","name":"pakosc-kalwaria","image":{"@type":"ImageObject","@id":"https:\/\/pakosc-kalwaria.franciszkanie.net\/#personlogo","inLanguage":"pl-PL","url":"https:\/\/secure.gravatar.com\/avatar\/e7049d338b55eac6a0027ff3218b8d02?s=96&d=mm&r=g","contentUrl":"https:\/\/secure.gravatar.com\/avatar\/e7049d338b55eac6a0027ff3218b8d02?s=96&d=mm&r=g","caption":"pakosc-kalwaria"},"sameAs":["https:\/\/www.facebook.com\/KalwariaPakosc\/"],"url":"https:\/\/pakosc-kalwaria.franciszkanie.net\/index.php\/author\/pakosc-kalwaria\/"}]}},"_links":{"self":[{"href":"https:\/\/pakosc-kalwaria.franciszkanie.net\/index.php\/wp-json\/wp\/v2\/posts\/24962"}],"collection":[{"href":"https:\/\/pakosc-kalwaria.franciszkanie.net\/index.php\/wp-json\/wp\/v2\/posts"}],"about":[{"href":"https:\/\/pakosc-kalwaria.franciszkanie.net\/index.php\/wp-json\/wp\/v2\/types\/post"}],"author":[{"embeddable":true,"href":"https:\/\/pakosc-kalwaria.franciszkanie.net\/index.php\/wp-json\/wp\/v2\/users\/2"}],"replies":[{"embeddable":true,"href":"https:\/\/pakosc-kalwaria.franciszkanie.net\/index.php\/wp-json\/wp\/v2\/comments?post=24962"}],"version-history":[{"count":3,"href":"https:\/\/pakosc-kalwaria.franciszkanie.net\/index.php\/wp-json\/wp\/v2\/posts\/24962\/revisions"}],"predecessor-version":[{"id":25032,"href":"https:\/\/pakosc-kalwaria.franciszkanie.net\/index.php\/wp-json\/wp\/v2\/posts\/24962\/revisions\/25032"}],"wp:featuredmedia":[{"embeddable":true,"href":"https:\/\/pakosc-kalwaria.franciszkanie.net\/index.php\/wp-json\/wp\/v2\/media\/24963"}],"wp:attachment":[{"href":"https:\/\/pakosc-kalwaria.franciszkanie.net\/index.php\/wp-json\/wp\/v2\/media?parent=24962"}],"wp:term":[{"taxonomy":"category","embeddable":true,"href":"https:\/\/pakosc-kalwaria.franciszkanie.net\/index.php\/wp-json\/wp\/v2\/categories?post=24962"},{"taxonomy":"post_tag","embeddable":true,"href":"https:\/\/pakosc-kalwaria.franciszkanie.net\/index.php\/wp-json\/wp\/v2\/tags?post=24962"}],"curies":[{"name":"wp","href":"https:\/\/api.w.org\/{rel}","templated":true}]}}