{"id":24968,"date":"2022-08-06T09:05:06","date_gmt":"2022-08-06T07:05:06","guid":{"rendered":"http:\/\/pakosc-kalwaria.franciszkanie.net\/?p=24968"},"modified":"2022-08-03T16:11:19","modified_gmt":"2022-08-03T14:11:19","slug":"ogloszenia-duszpasterskie-xix-niedziela-zwykla-5","status":"publish","type":"post","link":"https:\/\/pakosc-kalwaria.franciszkanie.net\/index.php\/2022\/08\/06\/ogloszenia-duszpasterskie-xix-niedziela-zwykla-5\/","title":{"rendered":"Og\u0142oszenia duszpasterskie &#8211; XIX Niedziela Zwyk\u0142a"},"content":{"rendered":"<p><strong>W miesi\u0105cu sierpniu\u00a0 modlimy si\u0119 szczeg\u00f3lnie za osoby uzale\u017cnione od alkoholu oraz za ich rodziny. <span style=\"color: #ff0000;\">Do \u201eKsi\u0119ga Trze\u017awo\u015bci\u201d<\/span> wy\u0142o\u017conej na bocznym o\u0142tarzu mog\u0105 wpisa\u0107 si\u0119 osoby, kt\u00f3re podj\u0119\u0142y abstynencj\u0119 od napoj\u00f3w alkoholowych w miesi\u0105cu sierpniu i osoby nie pij\u0105ce w og\u00f3le alkoholu.<\/strong><\/p>\n<p><span style=\"color: #ff0000;\"><strong><em><u>W poniedzia\u0142ek (08.08.)<\/u><\/em><\/strong><strong> \u2013 \u015bwi\u0119to<\/strong><\/span><strong> \u015bw. Dominika, za\u0142o\u017cyciela Zakonu Kaznodziejskiego.<\/strong><\/p>\n<p><strong><span style=\"color: #ff0000;\"><em><u>We wtorek (09.08.)<\/u><\/em> \u2013 \u015bwi\u0119to<\/span> \u015bw. Teresy Benedykty od Krzy\u017ca (Edyty Stein), wsp\u00f3\u0142patronki Europy.<\/strong><\/p>\n<p><span style=\"color: #ff0000;\"><strong><em><u>W czwartek (11.08.)<\/u><\/em><\/strong> <strong>\u2013 \u015bwi\u0119to<\/strong><\/span><strong> \u015bw. Klary z Asy\u017cu, dziewicy.\u00a0\u00a0\u00a0\u00a0\u00a0\u00a0\u00a0\u00a0\u00a0 <\/strong><\/p>\n<p><span style=\"color: #008000;\"><strong><em><u>W pi\u0105tek (12.08.)<\/u><\/em><\/strong><strong> &#8211;<\/strong><\/span><strong><span style=\"color: #ff0000;\"> od 16.30<\/span> Spowied\u017a \u015bwi\u0119ta.<\/strong><strong><br \/>\n<span style=\"color: #ff0000;\">O 17.00 Msza \u015bw. w intencjach zbiorowych do Pana Jezusa Ukrzy\u017cowanego i Mi\u0142osiernego<\/span>. Po Mszy \u015bwi\u0119tej nabo\u017ce\u0144stwo do Bo\u017cego Mi\u0142osierdzia za kt\u00f3re mo\u017cna zyska\u0107 <span style=\"color: #ff0000;\">odpust zupe\u0142ny<\/span> pod zwyk\u0142ymi warunkami i uczczenie Relikwii Krzy\u017ca \u015awi\u0119tego.<br \/>\nPo zako\u0144czonym remoncie prezbiterium w naszym kalwaryjskim ko\u015bciele, <span style=\"color: #ff0000;\">pragniemy jeszcze bardziej rozwija\u0107 kult Pana Jezusa Ukrzy\u017cowanego i Mi\u0142osiernego.<\/span> <span style=\"color: #ff0000;\">Zach\u0119camy do powierzania Jezusowi swoich intencji oraz do sk\u0142adania \u015bwiadectw o otrzymanych \u0142askach.<\/span>\u00a0 Intencje mo\u017cna ofiarowa\u0107<\/strong> <strong>za zmar\u0142ych oraz za \u017cyj\u0105cych, w sprawach codziennego \u017cycia osobistego, ma\u0142\u017ce\u0144skiego i rodzinnego. Intencje mo\u017cna sk\u0142ada\u0107 przed Msz\u0105 \u015bwi\u0119t\u0105 w zakrystii, do skarbonki pod ch\u00f3rem.<\/strong><\/p>\n<p><strong><span style=\"color: #008000;\"><em><u>W sobot\u0119 \u00a0(13.08.)<\/u><\/em> <\/span>\u2013<span style=\"color: #ff0000;\"> z okazji \u201eDnia Fatimskiego\u201d Procesja R\u00f3\u017ca\u0144cowa<\/span> ze \u015bwiecami po Mszy \u015bwi\u0119tej o 18.00 z ko\u015bcio\u0142a \u015bw. Bonawentury na Wzg\u00f3rze Kalwaryjskie. Wszystkich czcicieli Matki Bo\u017cej bardzo serdecznie zapraszamy!<\/strong><\/p>\n<p><strong><span style=\"color: #ff0000;\"><em><u>W przysz\u0142\u0105 niedziel\u0119 (14.08.)<\/u><\/em> \u2013 Msze \u015bw. o 9.00 i 11.00. \u00a0\u00a0\u00a0\u00a0\u00a0\u00a0\u00a0\u00a0\u00a0<\/span><\/strong><\/p>\n<p><strong>Kuria naszej Prowincji Zakonnej pw. \u015bw. Franciszka z Asy\u017cu z siedzib\u0105 w Poznaniu <span style=\"color: #ff0000;\">przyjmuje kandydat\u00f3w do Zakonu: na kap\u0142an\u00f3w oraz na braci zakonnych.<\/span><\/strong><strong> Wi\u0119cej informacji w naszym klasztorze oraz na stronie internetowej.<\/strong><\/p>\n<p><strong>Pod ch\u00f3rem do nabycia czasopismo: Przewodnik Katolicki.<br \/>\n<\/strong><strong>Pami\u0119tajcie o codziennej modlitwie i Mszy \u015bw. niedzielnej. Zach\u0119camy do udzia\u0142u w Mszach \u015bw. tak\u017ce w tygodniu oraz do cz\u0119stego przyjmowania Komunii \u015bw.<br \/>\n<\/strong><strong>Wyra\u017camy wdzi\u0119czno\u015b\u0107 za wsp\u00f3ln\u0105 modlitw\u0119 oraz za z\u0142o\u017cone ofiary na potrzeby naszej kalwarii, kalwaryjskiej parafii i klasztoru.<\/strong><strong><br \/>\nNiech Jezus Ukrzy\u017cowany i Mi\u0142osierny wszystkim, tak\u017ce przebywaj\u0105cym na wakacjach i urlopach, obficie b\u0142ogos\u0142awi, a Matka Bo\u017ca Bolesna niech otacza swoj\u0105 przemo\u017cn\u0105 opiek\u0105. <\/strong><\/p>\n<p><strong>Z darem modlitwy Bracia Mniejsi Franciszkanie z Pako\u015bci &#8211; Kalwarii\u00a0\u00a0\u00a0\u00a0\u00a0\u00a0\u00a0\u00a0\u00a0\u00a0 <\/strong><\/p>\n","protected":false},"excerpt":{"rendered":"<p>W miesi\u0105cu sierpniu\u00a0 modlimy si\u0119 szczeg\u00f3lnie za osoby uzale\u017cnione od alkoholu oraz za ich rodziny. Do \u201eKsi\u0119ga Trze\u017awo\u015bci\u201d wy\u0142o\u017conej na bocznym o\u0142tarzu mog\u0105 wpisa\u0107 si\u0119 osoby, kt\u00f3re podj\u0119\u0142y abstynencj\u0119 od napoj\u00f3w alkoholowych w miesi\u0105cu sierpniu i osoby nie pij\u0105ce w og\u00f3le alkoholu. W poniedzia\u0142ek (08.08.) \u2013 \u015bwi\u0119to \u015bw. Dominika, za\u0142o\u017cyciela Zakonu Kaznodziejskiego. We wtorek (09.08.) &hellip;<\/p>\n","protected":false},"author":2,"featured_media":24964,"comment_status":"closed","ping_status":"closed","sticky":false,"template":"","format":"standard","meta":{"_mi_skip_tracking":false,"_exactmetrics_sitenote_active":false,"_exactmetrics_sitenote_note":"","_exactmetrics_sitenote_category":0},"categories":[5],"tags":[],"yoast_head":"<!-- This site is optimized with the Yoast SEO plugin v18.1 - https:\/\/yoast.com\/wordpress\/plugins\/seo\/ -->\n<title>Og\u0142oszenia duszpasterskie - XIX Niedziela Zwyk\u0142a - Pako\u015b\u0107 \u2013 Kalwaria<\/title>\n<meta name=\"robots\" content=\"index, follow, max-snippet:-1, max-image-preview:large, max-video-preview:-1\" \/>\n<link rel=\"canonical\" href=\"https:\/\/pakosc-kalwaria.franciszkanie.net\/index.php\/2022\/08\/06\/ogloszenia-duszpasterskie-xix-niedziela-zwykla-5\/\" \/>\n<meta property=\"og:locale\" content=\"pl_PL\" \/>\n<meta property=\"og:type\" content=\"article\" \/>\n<meta property=\"og:title\" content=\"Og\u0142oszenia duszpasterskie - XIX Niedziela Zwyk\u0142a - Pako\u015b\u0107 \u2013 Kalwaria\" \/>\n<meta property=\"og:description\" content=\"W miesi\u0105cu sierpniu\u00a0 modlimy si\u0119 szczeg\u00f3lnie za osoby uzale\u017cnione od alkoholu oraz za ich rodziny. Do \u201eKsi\u0119ga Trze\u017awo\u015bci\u201d wy\u0142o\u017conej na bocznym o\u0142tarzu mog\u0105 wpisa\u0107 si\u0119 osoby, kt\u00f3re podj\u0119\u0142y abstynencj\u0119 od napoj\u00f3w alkoholowych w miesi\u0105cu sierpniu i osoby nie pij\u0105ce w og\u00f3le alkoholu. W poniedzia\u0142ek (08.08.) \u2013 \u015bwi\u0119to \u015bw. Dominika, za\u0142o\u017cyciela Zakonu Kaznodziejskiego. We wtorek (09.08.) &hellip;\" \/>\n<meta property=\"og:url\" content=\"https:\/\/pakosc-kalwaria.franciszkanie.net\/index.php\/2022\/08\/06\/ogloszenia-duszpasterskie-xix-niedziela-zwykla-5\/\" \/>\n<meta property=\"og:site_name\" content=\"Pako\u015b\u0107 \u2013 Kalwaria\" \/>\n<meta property=\"article:author\" content=\"https:\/\/www.facebook.com\/KalwariaPakosc\/\" \/>\n<meta property=\"article:published_time\" content=\"2022-08-06T07:05:06+00:00\" \/>\n<meta property=\"article:modified_time\" content=\"2022-08-03T14:11:19+00:00\" \/>\n<meta property=\"og:image\" content=\"https:\/\/pakosc-kalwaria.franciszkanie.net\/wp-content\/uploads\/2022\/08\/poslani-w-pokoju-chrystusa-06_9875.jpg\" \/>\n\t<meta property=\"og:image:width\" content=\"400\" \/>\n\t<meta property=\"og:image:height\" content=\"201\" \/>\n\t<meta property=\"og:image:type\" content=\"image\/jpeg\" \/>\n<meta name=\"twitter:card\" content=\"summary\" \/>\n<meta name=\"twitter:label1\" content=\"Napisane przez\" \/>\n\t<meta name=\"twitter:data1\" content=\"pakosc-kalwaria\" \/>\n\t<meta name=\"twitter:label2\" content=\"Szacowany czas czytania\" \/>\n\t<meta name=\"twitter:data2\" content=\"2 minuty\" \/>\n<script type=\"application\/ld+json\" class=\"yoast-schema-graph\">{\"@context\":\"https:\/\/schema.org\",\"@graph\":[{\"@type\":\"WebSite\",\"@id\":\"https:\/\/pakosc-kalwaria.franciszkanie.net\/#website\",\"url\":\"https:\/\/pakosc-kalwaria.franciszkanie.net\/\",\"name\":\"Pako\u015b\u0107 \u2013 Kalwaria\",\"description\":\"Parafia Rzymsko \u2013 Katolicka p.w. Pana Jezusa Ukrzy\u017cowanego i  Matki Bo\u017cej Bolesnej ul. Barci\u0144ska 60, 88\u2013170 Pako\u015b\u0107 \u2013 Kalwaria\",\"potentialAction\":[{\"@type\":\"SearchAction\",\"target\":{\"@type\":\"EntryPoint\",\"urlTemplate\":\"https:\/\/pakosc-kalwaria.franciszkanie.net\/?s={search_term_string}\"},\"query-input\":\"required name=search_term_string\"}],\"inLanguage\":\"pl-PL\"},{\"@type\":\"ImageObject\",\"@id\":\"https:\/\/pakosc-kalwaria.franciszkanie.net\/index.php\/2022\/08\/06\/ogloszenia-duszpasterskie-xix-niedziela-zwykla-5\/#primaryimage\",\"inLanguage\":\"pl-PL\",\"url\":\"https:\/\/pakosc-kalwaria.franciszkanie.net\/wp-content\/uploads\/2022\/08\/poslani-w-pokoju-chrystusa-06_9875.jpg\",\"contentUrl\":\"https:\/\/pakosc-kalwaria.franciszkanie.net\/wp-content\/uploads\/2022\/08\/poslani-w-pokoju-chrystusa-06_9875.jpg\",\"width\":400,\"height\":201},{\"@type\":\"WebPage\",\"@id\":\"https:\/\/pakosc-kalwaria.franciszkanie.net\/index.php\/2022\/08\/06\/ogloszenia-duszpasterskie-xix-niedziela-zwykla-5\/#webpage\",\"url\":\"https:\/\/pakosc-kalwaria.franciszkanie.net\/index.php\/2022\/08\/06\/ogloszenia-duszpasterskie-xix-niedziela-zwykla-5\/\",\"name\":\"Og\u0142oszenia duszpasterskie - XIX Niedziela Zwyk\u0142a - Pako\u015b\u0107 \u2013 Kalwaria\",\"isPartOf\":{\"@id\":\"https:\/\/pakosc-kalwaria.franciszkanie.net\/#website\"},\"primaryImageOfPage\":{\"@id\":\"https:\/\/pakosc-kalwaria.franciszkanie.net\/index.php\/2022\/08\/06\/ogloszenia-duszpasterskie-xix-niedziela-zwykla-5\/#primaryimage\"},\"datePublished\":\"2022-08-06T07:05:06+00:00\",\"dateModified\":\"2022-08-03T14:11:19+00:00\",\"author\":{\"@id\":\"https:\/\/pakosc-kalwaria.franciszkanie.net\/#\/schema\/person\/af10b943be0760709227d060eadcb2aa\"},\"breadcrumb\":{\"@id\":\"https:\/\/pakosc-kalwaria.franciszkanie.net\/index.php\/2022\/08\/06\/ogloszenia-duszpasterskie-xix-niedziela-zwykla-5\/#breadcrumb\"},\"inLanguage\":\"pl-PL\",\"potentialAction\":[{\"@type\":\"ReadAction\",\"target\":[\"https:\/\/pakosc-kalwaria.franciszkanie.net\/index.php\/2022\/08\/06\/ogloszenia-duszpasterskie-xix-niedziela-zwykla-5\/\"]}]},{\"@type\":\"BreadcrumbList\",\"@id\":\"https:\/\/pakosc-kalwaria.franciszkanie.net\/index.php\/2022\/08\/06\/ogloszenia-duszpasterskie-xix-niedziela-zwykla-5\/#breadcrumb\",\"itemListElement\":[{\"@type\":\"ListItem\",\"position\":1,\"name\":\"Strona g\u0142\u00f3wna\",\"item\":\"https:\/\/pakosc-kalwaria.franciszkanie.net\/\"},{\"@type\":\"ListItem\",\"position\":2,\"name\":\"Og\u0142oszenia duszpasterskie &#8211; XIX Niedziela Zwyk\u0142a\"}]},{\"@type\":\"Person\",\"@id\":\"https:\/\/pakosc-kalwaria.franciszkanie.net\/#\/schema\/person\/af10b943be0760709227d060eadcb2aa\",\"name\":\"pakosc-kalwaria\",\"image\":{\"@type\":\"ImageObject\",\"@id\":\"https:\/\/pakosc-kalwaria.franciszkanie.net\/#personlogo\",\"inLanguage\":\"pl-PL\",\"url\":\"https:\/\/secure.gravatar.com\/avatar\/e7049d338b55eac6a0027ff3218b8d02?s=96&d=mm&r=g\",\"contentUrl\":\"https:\/\/secure.gravatar.com\/avatar\/e7049d338b55eac6a0027ff3218b8d02?s=96&d=mm&r=g\",\"caption\":\"pakosc-kalwaria\"},\"sameAs\":[\"https:\/\/www.facebook.com\/KalwariaPakosc\/\"],\"url\":\"https:\/\/pakosc-kalwaria.franciszkanie.net\/index.php\/author\/pakosc-kalwaria\/\"}]}<\/script>\n<!-- \/ Yoast SEO plugin. -->","yoast_head_json":{"title":"Og\u0142oszenia duszpasterskie - XIX Niedziela Zwyk\u0142a - Pako\u015b\u0107 \u2013 Kalwaria","robots":{"index":"index","follow":"follow","max-snippet":"max-snippet:-1","max-image-preview":"max-image-preview:large","max-video-preview":"max-video-preview:-1"},"canonical":"https:\/\/pakosc-kalwaria.franciszkanie.net\/index.php\/2022\/08\/06\/ogloszenia-duszpasterskie-xix-niedziela-zwykla-5\/","og_locale":"pl_PL","og_type":"article","og_title":"Og\u0142oszenia duszpasterskie - XIX Niedziela Zwyk\u0142a - Pako\u015b\u0107 \u2013 Kalwaria","og_description":"W miesi\u0105cu sierpniu\u00a0 modlimy si\u0119 szczeg\u00f3lnie za osoby uzale\u017cnione od alkoholu oraz za ich rodziny. Do \u201eKsi\u0119ga Trze\u017awo\u015bci\u201d wy\u0142o\u017conej na bocznym o\u0142tarzu mog\u0105 wpisa\u0107 si\u0119 osoby, kt\u00f3re podj\u0119\u0142y abstynencj\u0119 od napoj\u00f3w alkoholowych w miesi\u0105cu sierpniu i osoby nie pij\u0105ce w og\u00f3le alkoholu. W poniedzia\u0142ek (08.08.) \u2013 \u015bwi\u0119to \u015bw. Dominika, za\u0142o\u017cyciela Zakonu Kaznodziejskiego. We wtorek (09.08.) &hellip;","og_url":"https:\/\/pakosc-kalwaria.franciszkanie.net\/index.php\/2022\/08\/06\/ogloszenia-duszpasterskie-xix-niedziela-zwykla-5\/","og_site_name":"Pako\u015b\u0107 \u2013 Kalwaria","article_author":"https:\/\/www.facebook.com\/KalwariaPakosc\/","article_published_time":"2022-08-06T07:05:06+00:00","article_modified_time":"2022-08-03T14:11:19+00:00","og_image":[{"width":400,"height":201,"url":"https:\/\/pakosc-kalwaria.franciszkanie.net\/wp-content\/uploads\/2022\/08\/poslani-w-pokoju-chrystusa-06_9875.jpg","type":"image\/jpeg"}],"twitter_card":"summary","twitter_misc":{"Napisane przez":"pakosc-kalwaria","Szacowany czas czytania":"2 minuty"},"schema":{"@context":"https:\/\/schema.org","@graph":[{"@type":"WebSite","@id":"https:\/\/pakosc-kalwaria.franciszkanie.net\/#website","url":"https:\/\/pakosc-kalwaria.franciszkanie.net\/","name":"Pako\u015b\u0107 \u2013 Kalwaria","description":"Parafia Rzymsko \u2013 Katolicka p.w. Pana Jezusa Ukrzy\u017cowanego i  Matki Bo\u017cej Bolesnej ul. Barci\u0144ska 60, 88\u2013170 Pako\u015b\u0107 \u2013 Kalwaria","potentialAction":[{"@type":"SearchAction","target":{"@type":"EntryPoint","urlTemplate":"https:\/\/pakosc-kalwaria.franciszkanie.net\/?s={search_term_string}"},"query-input":"required name=search_term_string"}],"inLanguage":"pl-PL"},{"@type":"ImageObject","@id":"https:\/\/pakosc-kalwaria.franciszkanie.net\/index.php\/2022\/08\/06\/ogloszenia-duszpasterskie-xix-niedziela-zwykla-5\/#primaryimage","inLanguage":"pl-PL","url":"https:\/\/pakosc-kalwaria.franciszkanie.net\/wp-content\/uploads\/2022\/08\/poslani-w-pokoju-chrystusa-06_9875.jpg","contentUrl":"https:\/\/pakosc-kalwaria.franciszkanie.net\/wp-content\/uploads\/2022\/08\/poslani-w-pokoju-chrystusa-06_9875.jpg","width":400,"height":201},{"@type":"WebPage","@id":"https:\/\/pakosc-kalwaria.franciszkanie.net\/index.php\/2022\/08\/06\/ogloszenia-duszpasterskie-xix-niedziela-zwykla-5\/#webpage","url":"https:\/\/pakosc-kalwaria.franciszkanie.net\/index.php\/2022\/08\/06\/ogloszenia-duszpasterskie-xix-niedziela-zwykla-5\/","name":"Og\u0142oszenia duszpasterskie - XIX Niedziela Zwyk\u0142a - Pako\u015b\u0107 \u2013 Kalwaria","isPartOf":{"@id":"https:\/\/pakosc-kalwaria.franciszkanie.net\/#website"},"primaryImageOfPage":{"@id":"https:\/\/pakosc-kalwaria.franciszkanie.net\/index.php\/2022\/08\/06\/ogloszenia-duszpasterskie-xix-niedziela-zwykla-5\/#primaryimage"},"datePublished":"2022-08-06T07:05:06+00:00","dateModified":"2022-08-03T14:11:19+00:00","author":{"@id":"https:\/\/pakosc-kalwaria.franciszkanie.net\/#\/schema\/person\/af10b943be0760709227d060eadcb2aa"},"breadcrumb":{"@id":"https:\/\/pakosc-kalwaria.franciszkanie.net\/index.php\/2022\/08\/06\/ogloszenia-duszpasterskie-xix-niedziela-zwykla-5\/#breadcrumb"},"inLanguage":"pl-PL","potentialAction":[{"@type":"ReadAction","target":["https:\/\/pakosc-kalwaria.franciszkanie.net\/index.php\/2022\/08\/06\/ogloszenia-duszpasterskie-xix-niedziela-zwykla-5\/"]}]},{"@type":"BreadcrumbList","@id":"https:\/\/pakosc-kalwaria.franciszkanie.net\/index.php\/2022\/08\/06\/ogloszenia-duszpasterskie-xix-niedziela-zwykla-5\/#breadcrumb","itemListElement":[{"@type":"ListItem","position":1,"name":"Strona g\u0142\u00f3wna","item":"https:\/\/pakosc-kalwaria.franciszkanie.net\/"},{"@type":"ListItem","position":2,"name":"Og\u0142oszenia duszpasterskie &#8211; XIX Niedziela Zwyk\u0142a"}]},{"@type":"Person","@id":"https:\/\/pakosc-kalwaria.franciszkanie.net\/#\/schema\/person\/af10b943be0760709227d060eadcb2aa","name":"pakosc-kalwaria","image":{"@type":"ImageObject","@id":"https:\/\/pakosc-kalwaria.franciszkanie.net\/#personlogo","inLanguage":"pl-PL","url":"https:\/\/secure.gravatar.com\/avatar\/e7049d338b55eac6a0027ff3218b8d02?s=96&d=mm&r=g","contentUrl":"https:\/\/secure.gravatar.com\/avatar\/e7049d338b55eac6a0027ff3218b8d02?s=96&d=mm&r=g","caption":"pakosc-kalwaria"},"sameAs":["https:\/\/www.facebook.com\/KalwariaPakosc\/"],"url":"https:\/\/pakosc-kalwaria.franciszkanie.net\/index.php\/author\/pakosc-kalwaria\/"}]}},"_links":{"self":[{"href":"https:\/\/pakosc-kalwaria.franciszkanie.net\/index.php\/wp-json\/wp\/v2\/posts\/24968"}],"collection":[{"href":"https:\/\/pakosc-kalwaria.franciszkanie.net\/index.php\/wp-json\/wp\/v2\/posts"}],"about":[{"href":"https:\/\/pakosc-kalwaria.franciszkanie.net\/index.php\/wp-json\/wp\/v2\/types\/post"}],"author":[{"embeddable":true,"href":"https:\/\/pakosc-kalwaria.franciszkanie.net\/index.php\/wp-json\/wp\/v2\/users\/2"}],"replies":[{"embeddable":true,"href":"https:\/\/pakosc-kalwaria.franciszkanie.net\/index.php\/wp-json\/wp\/v2\/comments?post=24968"}],"version-history":[{"count":2,"href":"https:\/\/pakosc-kalwaria.franciszkanie.net\/index.php\/wp-json\/wp\/v2\/posts\/24968\/revisions"}],"predecessor-version":[{"id":24970,"href":"https:\/\/pakosc-kalwaria.franciszkanie.net\/index.php\/wp-json\/wp\/v2\/posts\/24968\/revisions\/24970"}],"wp:featuredmedia":[{"embeddable":true,"href":"https:\/\/pakosc-kalwaria.franciszkanie.net\/index.php\/wp-json\/wp\/v2\/media\/24964"}],"wp:attachment":[{"href":"https:\/\/pakosc-kalwaria.franciszkanie.net\/index.php\/wp-json\/wp\/v2\/media?parent=24968"}],"wp:term":[{"taxonomy":"category","embeddable":true,"href":"https:\/\/pakosc-kalwaria.franciszkanie.net\/index.php\/wp-json\/wp\/v2\/categories?post=24968"},{"taxonomy":"post_tag","embeddable":true,"href":"https:\/\/pakosc-kalwaria.franciszkanie.net\/index.php\/wp-json\/wp\/v2\/tags?post=24968"}],"curies":[{"name":"wp","href":"https:\/\/api.w.org\/{rel}","templated":true}]}}