{"id":25206,"date":"2022-08-19T18:00:14","date_gmt":"2022-08-19T16:00:14","guid":{"rendered":"http:\/\/pakosc-kalwaria.franciszkanie.net\/?p=25206"},"modified":"2022-08-19T16:29:50","modified_gmt":"2022-08-19T14:29:50","slug":"do-medytacji-z-kalwaryjskiego-wzgorza-piatek-19-08-2022r","status":"publish","type":"post","link":"https:\/\/pakosc-kalwaria.franciszkanie.net\/index.php\/2022\/08\/19\/do-medytacji-z-kalwaryjskiego-wzgorza-piatek-19-08-2022r\/","title":{"rendered":"Do medytacji z kalwaryjskiego Wzg\u00f3rza \u2013 pi\u0105tek 19.08.2022r."},"content":{"rendered":"<p><strong><span style=\"color: #ff0000;\">Z kazania na kalwaryjskim Wzg\u00f3rzu \u2013 19.08.2022r. <\/span><\/strong><\/p>\n<p><strong>O Panu Jezusie Ukrzy\u017cowanym.<\/strong><strong><br \/>\n<\/strong>Wielu z nas ma za sob\u0105 takie lub podobne prze\u017cycia: gdy wydawa\u0142o si\u0119, \u017ce ju\u017c nie ma nadziei, \u017ce wszystko bezpowrotnie si\u0119 sko\u0144czy\u0142o i przepad\u0142o, \u017ce nie da ju\u017c nic wi\u0119cej zrobi\u0107. Jak\u017ce cz\u0119sto takie w\u0142a\u015bnie my\u015bli k\u0142\u0119bi\u0105 si\u0119 w naszych umys\u0142ach, a dotycz\u0105 naszego codziennego \u017cycia, tak\u017ce naszych grzech\u00f3w i s\u0142abo\u015bci. I wtedy u\u015bwiadamiamy sobie, \u017ce ktokolwiek mo\u017ce nam pom\u00f3c w takich w\u0142a\u015bnie trudnych sytuacjach, to przede wszystkim ci kt\u00f3rzy nas naprawd\u0119 kochaj\u0105! Je\u017celi mo\u017ce nam wtedy cokolwiek pom\u00f3c to czyja\u015b mi\u0142o\u015b\u0107! Dlatego w\u0142a\u015bnie tak skuteczny w niesieniu pomocy cz\u0142owiekowi jest B\u00f3g, bo On jest sam\u0105 Mi\u0142o\u015bci\u0105! Tylko mi\u0142o\u015b\u0107 ma moc zmieni\u0107 cz\u0142owieka! Je\u017celi cokolwiek mo\u017ce zmieni\u0107 dzisiejszy \u015bwiat w kt\u00f3rym \u017cyjemy to mi\u0142o\u015b\u0107. Dlaczego o tym dzisiaj wspominam? Poniewa\u017c w naszym w Sanktuarium Ukrzy\u017cowania na kalwaryjskim Wzg\u00f3rzu w pi\u0105tki powinni\u015bmy w spos\u00f3b szczeg\u00f3lny rozwa\u017ca\u0107 mi\u0142o\u015b\u0107 Boga do cz\u0142owieka, p\u0142yn\u0105c\u0105 z Chrystusowego Krzy\u017ca. Rozwa\u017canie o Bo\u017cej Mi\u0142o\u015bci, p\u0142yn\u0105cej z Chrystusowego Krzy\u017ca, i modlitwa pod Krzy\u017cem, ma moc przemieni\u0107 cz\u0142owieka, ma moc przemieni\u0107 ma\u0142\u017ce\u0144stwa i rodziny, ma moc przemieni\u0107 \u015bwiat w kt\u00f3rym \u017cyjemy, &#8230; ma moc czyni\u0107 cuda!<br \/>\nW Ksi\u0119dze Pr\u00f3\u015bb i Podzi\u0119kowa\u0144 wy\u0142o\u017conej pod ch\u00f3rem w naszym Sanktuarium, w powitaniu skierowanym do os\u00f3b nawiedzaj\u0105cych nasz ko\u015bci\u00f3\u0142 napisa\u0142em przed kilku laty: \u201eDrogi Pielgrzymie przybywaj\u0105cy na Wzg\u00f3rze kalwaryjskie\u2026 Miejsce to jest \u015bwi\u0119te i szczeg\u00f3lne! To tutaj wielu pielgrzym\u00f3w przez wieki, rozwa\u017caj\u0105c M\u0119k\u0119 i \u015amier\u0107 Jezusa Chrystusa,\u00a0 umocni\u0142o swoj\u0105 wiar\u0119, nadziej\u0119 i mi\u0142o\u015b\u0107. Wielu prze\u017cy\u0142o moment swojego nawr\u00f3cenia oraz powrotu do Boga i do Ko\u015bcio\u0142a. Wielu otrzyma\u0142o szczeg\u00f3lne \u0142aski, za kt\u00f3re z\u0142o\u017cyli dzi\u0119kczynne wota. Niech w tym miejscu Twoje spotkanie z Jezusem Ukrzy\u017cowanym i Matk\u0105 Bo\u017c\u0105 Bolesn\u0105 b\u0119dzie owocne w \u0142aski potrzebne w codziennym \u017cyciu osobistym, ma\u0142\u017ce\u0144skim i rodzinnym, pe\u0142nym wiary, nadziei i mi\u0142o\u015bci&#8221;. Warto w tym miejscu modli\u0107 si\u0119 gorliwie i z wiar\u0105, \u00a0powierzaj\u0105c Jezusowi Ukrzy\u017cowanemu i Mi\u0142osiernemu intencje dotycz\u0105ce nas i naszych bli\u017anich, po to by wyprosi\u0107 potrzebne Bo\u017ce \u0142aski i do\u015bwiadczy\u0107 w ten spos\u00f3b mi\u0142osiernej mi\u0142o\u015bci Boga! Warto cz\u0119sto kl\u0119ka\u0107 tutaj na kalwaryjskim Wzg\u00f3rzu Mi\u0142osierdzia, pod tym Krzy\u017cem, przed kt\u00f3rym przez wieki modlili si\u0119 nawiedzaj\u0105cy ten ko\u015bci\u00f3\u0142, i rozwa\u017ca\u0107 mi\u0142o\u015b\u0107 Boga do cz\u0142owieka!\u00a0 Rozwa\u017caj\u0105c M\u0119k\u0119 i \u015amier\u0107 Jezusa na Krzy\u017cu za ka\u017cdym razem mamy sobie na nowo u\u015bwiadamia\u0107, jak wiele kosztowa\u0142o Jezusa dzie\u0142o zbawienia. Nie zostali\u015bmy odkupieni srebrem czy z\u0142otem, ale drogocenn\u0105 Krwi\u0105 Chrystusa.<br \/>\nOkazuje si\u0119, \u017ce rozwa\u017canie pe\u0142nego mi\u0142o\u015bci cierpienia Jezusa na Krzy\u017cu mo\u017ce przemieni\u0107 cz\u0142owieka. Pan B\u00f3g o tym wie najlepiej. Cierpienie Jezusa jest nie tylko \u015bwiadectwem przyj\u0119cia i poniesienia kary za grzechy ludzi. Cierpienie Jezusa ma tak\u017ce na celu dotkn\u0105\u0107 serca cz\u0142owieka i zwr\u00f3ci\u0107 jego uwag\u0119 na sprawy, kt\u00f3re s\u0105 w \u017cyciu najwa\u017cniejsze i najistotniejsze. Nie chodzi tu tylko o jak\u0105\u015b gr\u0119 na ludzkich emocjach. Okazuje si\u0119, \u017ce przyj\u0119te z wiar\u0105 i mi\u0142o\u015bci\u0105 cierpienie posiada niezwyk\u0142\u0105 moc przemiany ludzkiego serca i \u017cycia, zar\u00f3wno u tego kto do\u015bwiadcza cierpienia, jak i u tego, kt\u00f3ry na cierpienie patrzy z boku. Chrystus podj\u0105\u0142 krzy\u017c cierpienia dla naszego zbawienia, poniewa\u017c nas kocha. Ka\u017cde cierpienie nabiera prawdziwej warto\u015bci wtedy, gdy zostaje przenikni\u0119te mi\u0142o\u015bci\u0105.<br \/>\nKl\u0119cz\u0105c pod Krzy\u017cem Jezusa Chrystusa, pami\u0119tajmy, \u017ce Osoba Jezusa Ukrzy\u017cowanego i Mi\u0142osiernego jest naprawd\u0119 godna naszej wielkiej mi\u0142o\u015bci! Rozwa\u017caj\u0105c tajemnic\u0119 M\u0119ki i \u015amierci krzy\u017cowej naszego Pana, mamy sk\u0142ada\u0107 Mu nasze uwielbienie i dzi\u0119kczynienie. Jego Krzy\u017c \u0142\u0105czy niebo z ziemi\u0105 oraz jedna nas z Bogiem! Krzy\u017c swoimi ramionami ma tak\u017ce moc\u00a0 \u0142\u0105czenia ludzi. Rozpi\u0119te na Krzy\u017cu ramiona Zbawiciela s\u0105 otwarte, by przygarn\u0105\u0107 wszystkich ludzi! Mi\u0142o\u015b\u0107 ku rodzajowi ludzkiemu jest najpe\u0142niejszym i ostatecznym wyja\u015bnieniem M\u0119ki Zbawiciela. \u015aw. Siostra Faustyna przekaza\u0142a nam takie oto s\u0142owa Pana Jezusa: \u201eJe\u015bli nie przekona\u0142a was o mi\u0142o\u015bci mojej \u015bmier\u0107 moja, to c\u00f3\u017c was przekona?\u201d Staj\u0105c pod \u017cyciodajnym Krzy\u017cem naszego Pana, pozw\u00f3lmy si\u0119 ogarn\u0105\u0107 Chrystusowej mi\u0142o\u015bci, by ona nas przemienia\u0142a i uzdalnia\u0142a do \u017cycia w mi\u0142o\u015bci \u2013 a wi\u0119c do \u017cycia wed\u0142ug Nowego Przykazania Mi\u0142o\u015bci, o kt\u00f3rym przypomnia\u0142 nam dzisiaj Jezus w Ewangelii.<br \/>\nZako\u0144cz\u0119 modlitw\u0105, kt\u00f3r\u0105 warto cz\u0119sto odmawia\u0107 przed Jezusem Ukrzy\u017cowanym w tym kalwaryjskim ko\u015bciele: \u201e<strong>Oto ja dobry i najs\u0142odszy Jezu upadam na kolana przed Twoim obliczem i z najwi\u0119ksz\u0105 gorliwo\u015bci\u0105 ducha prosz\u0119 i b\u0142agam, aby\u015b wszczepi\u0142 w moje serce najwi\u0119ksze uczucia wiary, nadziei i mi\u0142o\u015bci oraz prawdziw\u0105 skruch\u0119 za moje grzechy i silniejsz\u0105 wol\u0119 poprawy. Oto z sercem przepe\u0142nionym uczuciem i bole\u015bci\u0105 w duchu ogl\u0105dam twoje pi\u0119\u0107 ran i my\u015bl\u0105 si\u0119 w nich zatapiam, pami\u0119taj\u0105c, co ju\u017c prorok Dawid w\u0142o\u017cy\u0142 w Twoje usta \u201ePrzebodli r\u0119ce moje i nogi moje, policzyli wszystkie ko\u015bci moje\u201d. Amen.<br \/>\n<\/strong>(o.R.)<\/p>\n","protected":false},"excerpt":{"rendered":"<p>Z kazania na kalwaryjskim Wzg\u00f3rzu \u2013 19.08.2022r. O Panu Jezusie Ukrzy\u017cowanym. Wielu z nas ma za sob\u0105 takie lub podobne prze\u017cycia: gdy wydawa\u0142o si\u0119, \u017ce ju\u017c nie ma nadziei, \u017ce wszystko bezpowrotnie si\u0119 sko\u0144czy\u0142o i przepad\u0142o, \u017ce nie da ju\u017c nic wi\u0119cej zrobi\u0107. Jak\u017ce cz\u0119sto takie w\u0142a\u015bnie my\u015bli k\u0142\u0119bi\u0105 si\u0119 w naszych umys\u0142ach, a dotycz\u0105 &hellip;<\/p>\n","protected":false},"author":2,"featured_media":25207,"comment_status":"closed","ping_status":"closed","sticky":false,"template":"","format":"standard","meta":{"_mi_skip_tracking":false,"_exactmetrics_sitenote_active":false,"_exactmetrics_sitenote_note":"","_exactmetrics_sitenote_category":0},"categories":[14],"tags":[],"yoast_head":"<!-- This site is optimized with the Yoast SEO plugin v18.1 - https:\/\/yoast.com\/wordpress\/plugins\/seo\/ -->\n<title>Do medytacji z kalwaryjskiego Wzg\u00f3rza \u2013 pi\u0105tek 19.08.2022r. - Pako\u015b\u0107 \u2013 Kalwaria<\/title>\n<meta name=\"robots\" content=\"index, follow, max-snippet:-1, max-image-preview:large, max-video-preview:-1\" \/>\n<link rel=\"canonical\" href=\"https:\/\/pakosc-kalwaria.franciszkanie.net\/index.php\/2022\/08\/19\/do-medytacji-z-kalwaryjskiego-wzgorza-piatek-19-08-2022r\/\" \/>\n<meta property=\"og:locale\" content=\"pl_PL\" \/>\n<meta property=\"og:type\" content=\"article\" \/>\n<meta property=\"og:title\" content=\"Do medytacji z kalwaryjskiego Wzg\u00f3rza \u2013 pi\u0105tek 19.08.2022r. - Pako\u015b\u0107 \u2013 Kalwaria\" \/>\n<meta property=\"og:description\" content=\"Z kazania na kalwaryjskim Wzg\u00f3rzu \u2013 19.08.2022r. O Panu Jezusie Ukrzy\u017cowanym. Wielu z nas ma za sob\u0105 takie lub podobne prze\u017cycia: gdy wydawa\u0142o si\u0119, \u017ce ju\u017c nie ma nadziei, \u017ce wszystko bezpowrotnie si\u0119 sko\u0144czy\u0142o i przepad\u0142o, \u017ce nie da ju\u017c nic wi\u0119cej zrobi\u0107. Jak\u017ce cz\u0119sto takie w\u0142a\u015bnie my\u015bli k\u0142\u0119bi\u0105 si\u0119 w naszych umys\u0142ach, a dotycz\u0105 &hellip;\" \/>\n<meta property=\"og:url\" content=\"https:\/\/pakosc-kalwaria.franciszkanie.net\/index.php\/2022\/08\/19\/do-medytacji-z-kalwaryjskiego-wzgorza-piatek-19-08-2022r\/\" \/>\n<meta property=\"og:site_name\" content=\"Pako\u015b\u0107 \u2013 Kalwaria\" \/>\n<meta property=\"article:author\" content=\"https:\/\/www.facebook.com\/KalwariaPakosc\/\" \/>\n<meta property=\"article:published_time\" content=\"2022-08-19T16:00:14+00:00\" \/>\n<meta property=\"article:modified_time\" content=\"2022-08-19T14:29:50+00:00\" \/>\n<meta property=\"og:image\" content=\"https:\/\/pakosc-kalwaria.franciszkanie.net\/wp-content\/uploads\/2022\/08\/Do-Bozego-Milosierdzia-lipiec-2022-1.jpg\" \/>\n\t<meta property=\"og:image:width\" content=\"400\" \/>\n\t<meta property=\"og:image:height\" content=\"225\" \/>\n\t<meta property=\"og:image:type\" content=\"image\/jpeg\" \/>\n<meta name=\"twitter:card\" content=\"summary\" \/>\n<meta name=\"twitter:label1\" content=\"Napisane przez\" \/>\n\t<meta name=\"twitter:data1\" content=\"pakosc-kalwaria\" \/>\n\t<meta name=\"twitter:label2\" content=\"Szacowany czas czytania\" \/>\n\t<meta name=\"twitter:data2\" content=\"5 minut\" \/>\n<script type=\"application\/ld+json\" class=\"yoast-schema-graph\">{\"@context\":\"https:\/\/schema.org\",\"@graph\":[{\"@type\":\"WebSite\",\"@id\":\"https:\/\/pakosc-kalwaria.franciszkanie.net\/#website\",\"url\":\"https:\/\/pakosc-kalwaria.franciszkanie.net\/\",\"name\":\"Pako\u015b\u0107 \u2013 Kalwaria\",\"description\":\"Parafia Rzymsko \u2013 Katolicka p.w. Pana Jezusa Ukrzy\u017cowanego i  Matki Bo\u017cej Bolesnej ul. Barci\u0144ska 60, 88\u2013170 Pako\u015b\u0107 \u2013 Kalwaria\",\"potentialAction\":[{\"@type\":\"SearchAction\",\"target\":{\"@type\":\"EntryPoint\",\"urlTemplate\":\"https:\/\/pakosc-kalwaria.franciszkanie.net\/?s={search_term_string}\"},\"query-input\":\"required name=search_term_string\"}],\"inLanguage\":\"pl-PL\"},{\"@type\":\"ImageObject\",\"@id\":\"https:\/\/pakosc-kalwaria.franciszkanie.net\/index.php\/2022\/08\/19\/do-medytacji-z-kalwaryjskiego-wzgorza-piatek-19-08-2022r\/#primaryimage\",\"inLanguage\":\"pl-PL\",\"url\":\"https:\/\/pakosc-kalwaria.franciszkanie.net\/wp-content\/uploads\/2022\/08\/Do-Bozego-Milosierdzia-lipiec-2022-1.jpg\",\"contentUrl\":\"https:\/\/pakosc-kalwaria.franciszkanie.net\/wp-content\/uploads\/2022\/08\/Do-Bozego-Milosierdzia-lipiec-2022-1.jpg\",\"width\":400,\"height\":225},{\"@type\":\"WebPage\",\"@id\":\"https:\/\/pakosc-kalwaria.franciszkanie.net\/index.php\/2022\/08\/19\/do-medytacji-z-kalwaryjskiego-wzgorza-piatek-19-08-2022r\/#webpage\",\"url\":\"https:\/\/pakosc-kalwaria.franciszkanie.net\/index.php\/2022\/08\/19\/do-medytacji-z-kalwaryjskiego-wzgorza-piatek-19-08-2022r\/\",\"name\":\"Do medytacji z kalwaryjskiego Wzg\u00f3rza \u2013 pi\u0105tek 19.08.2022r. - Pako\u015b\u0107 \u2013 Kalwaria\",\"isPartOf\":{\"@id\":\"https:\/\/pakosc-kalwaria.franciszkanie.net\/#website\"},\"primaryImageOfPage\":{\"@id\":\"https:\/\/pakosc-kalwaria.franciszkanie.net\/index.php\/2022\/08\/19\/do-medytacji-z-kalwaryjskiego-wzgorza-piatek-19-08-2022r\/#primaryimage\"},\"datePublished\":\"2022-08-19T16:00:14+00:00\",\"dateModified\":\"2022-08-19T14:29:50+00:00\",\"author\":{\"@id\":\"https:\/\/pakosc-kalwaria.franciszkanie.net\/#\/schema\/person\/af10b943be0760709227d060eadcb2aa\"},\"breadcrumb\":{\"@id\":\"https:\/\/pakosc-kalwaria.franciszkanie.net\/index.php\/2022\/08\/19\/do-medytacji-z-kalwaryjskiego-wzgorza-piatek-19-08-2022r\/#breadcrumb\"},\"inLanguage\":\"pl-PL\",\"potentialAction\":[{\"@type\":\"ReadAction\",\"target\":[\"https:\/\/pakosc-kalwaria.franciszkanie.net\/index.php\/2022\/08\/19\/do-medytacji-z-kalwaryjskiego-wzgorza-piatek-19-08-2022r\/\"]}]},{\"@type\":\"BreadcrumbList\",\"@id\":\"https:\/\/pakosc-kalwaria.franciszkanie.net\/index.php\/2022\/08\/19\/do-medytacji-z-kalwaryjskiego-wzgorza-piatek-19-08-2022r\/#breadcrumb\",\"itemListElement\":[{\"@type\":\"ListItem\",\"position\":1,\"name\":\"Strona g\u0142\u00f3wna\",\"item\":\"https:\/\/pakosc-kalwaria.franciszkanie.net\/\"},{\"@type\":\"ListItem\",\"position\":2,\"name\":\"Do medytacji z kalwaryjskiego Wzg\u00f3rza \u2013 pi\u0105tek 19.08.2022r.\"}]},{\"@type\":\"Person\",\"@id\":\"https:\/\/pakosc-kalwaria.franciszkanie.net\/#\/schema\/person\/af10b943be0760709227d060eadcb2aa\",\"name\":\"pakosc-kalwaria\",\"image\":{\"@type\":\"ImageObject\",\"@id\":\"https:\/\/pakosc-kalwaria.franciszkanie.net\/#personlogo\",\"inLanguage\":\"pl-PL\",\"url\":\"https:\/\/secure.gravatar.com\/avatar\/e7049d338b55eac6a0027ff3218b8d02?s=96&d=mm&r=g\",\"contentUrl\":\"https:\/\/secure.gravatar.com\/avatar\/e7049d338b55eac6a0027ff3218b8d02?s=96&d=mm&r=g\",\"caption\":\"pakosc-kalwaria\"},\"sameAs\":[\"https:\/\/www.facebook.com\/KalwariaPakosc\/\"],\"url\":\"https:\/\/pakosc-kalwaria.franciszkanie.net\/index.php\/author\/pakosc-kalwaria\/\"}]}<\/script>\n<!-- \/ Yoast SEO plugin. -->","yoast_head_json":{"title":"Do medytacji z kalwaryjskiego Wzg\u00f3rza \u2013 pi\u0105tek 19.08.2022r. - Pako\u015b\u0107 \u2013 Kalwaria","robots":{"index":"index","follow":"follow","max-snippet":"max-snippet:-1","max-image-preview":"max-image-preview:large","max-video-preview":"max-video-preview:-1"},"canonical":"https:\/\/pakosc-kalwaria.franciszkanie.net\/index.php\/2022\/08\/19\/do-medytacji-z-kalwaryjskiego-wzgorza-piatek-19-08-2022r\/","og_locale":"pl_PL","og_type":"article","og_title":"Do medytacji z kalwaryjskiego Wzg\u00f3rza \u2013 pi\u0105tek 19.08.2022r. - Pako\u015b\u0107 \u2013 Kalwaria","og_description":"Z kazania na kalwaryjskim Wzg\u00f3rzu \u2013 19.08.2022r. O Panu Jezusie Ukrzy\u017cowanym. Wielu z nas ma za sob\u0105 takie lub podobne prze\u017cycia: gdy wydawa\u0142o si\u0119, \u017ce ju\u017c nie ma nadziei, \u017ce wszystko bezpowrotnie si\u0119 sko\u0144czy\u0142o i przepad\u0142o, \u017ce nie da ju\u017c nic wi\u0119cej zrobi\u0107. Jak\u017ce cz\u0119sto takie w\u0142a\u015bnie my\u015bli k\u0142\u0119bi\u0105 si\u0119 w naszych umys\u0142ach, a dotycz\u0105 &hellip;","og_url":"https:\/\/pakosc-kalwaria.franciszkanie.net\/index.php\/2022\/08\/19\/do-medytacji-z-kalwaryjskiego-wzgorza-piatek-19-08-2022r\/","og_site_name":"Pako\u015b\u0107 \u2013 Kalwaria","article_author":"https:\/\/www.facebook.com\/KalwariaPakosc\/","article_published_time":"2022-08-19T16:00:14+00:00","article_modified_time":"2022-08-19T14:29:50+00:00","og_image":[{"width":400,"height":225,"url":"https:\/\/pakosc-kalwaria.franciszkanie.net\/wp-content\/uploads\/2022\/08\/Do-Bozego-Milosierdzia-lipiec-2022-1.jpg","type":"image\/jpeg"}],"twitter_card":"summary","twitter_misc":{"Napisane przez":"pakosc-kalwaria","Szacowany czas czytania":"5 minut"},"schema":{"@context":"https:\/\/schema.org","@graph":[{"@type":"WebSite","@id":"https:\/\/pakosc-kalwaria.franciszkanie.net\/#website","url":"https:\/\/pakosc-kalwaria.franciszkanie.net\/","name":"Pako\u015b\u0107 \u2013 Kalwaria","description":"Parafia Rzymsko \u2013 Katolicka p.w. Pana Jezusa Ukrzy\u017cowanego i  Matki Bo\u017cej Bolesnej ul. Barci\u0144ska 60, 88\u2013170 Pako\u015b\u0107 \u2013 Kalwaria","potentialAction":[{"@type":"SearchAction","target":{"@type":"EntryPoint","urlTemplate":"https:\/\/pakosc-kalwaria.franciszkanie.net\/?s={search_term_string}"},"query-input":"required name=search_term_string"}],"inLanguage":"pl-PL"},{"@type":"ImageObject","@id":"https:\/\/pakosc-kalwaria.franciszkanie.net\/index.php\/2022\/08\/19\/do-medytacji-z-kalwaryjskiego-wzgorza-piatek-19-08-2022r\/#primaryimage","inLanguage":"pl-PL","url":"https:\/\/pakosc-kalwaria.franciszkanie.net\/wp-content\/uploads\/2022\/08\/Do-Bozego-Milosierdzia-lipiec-2022-1.jpg","contentUrl":"https:\/\/pakosc-kalwaria.franciszkanie.net\/wp-content\/uploads\/2022\/08\/Do-Bozego-Milosierdzia-lipiec-2022-1.jpg","width":400,"height":225},{"@type":"WebPage","@id":"https:\/\/pakosc-kalwaria.franciszkanie.net\/index.php\/2022\/08\/19\/do-medytacji-z-kalwaryjskiego-wzgorza-piatek-19-08-2022r\/#webpage","url":"https:\/\/pakosc-kalwaria.franciszkanie.net\/index.php\/2022\/08\/19\/do-medytacji-z-kalwaryjskiego-wzgorza-piatek-19-08-2022r\/","name":"Do medytacji z kalwaryjskiego Wzg\u00f3rza \u2013 pi\u0105tek 19.08.2022r. - Pako\u015b\u0107 \u2013 Kalwaria","isPartOf":{"@id":"https:\/\/pakosc-kalwaria.franciszkanie.net\/#website"},"primaryImageOfPage":{"@id":"https:\/\/pakosc-kalwaria.franciszkanie.net\/index.php\/2022\/08\/19\/do-medytacji-z-kalwaryjskiego-wzgorza-piatek-19-08-2022r\/#primaryimage"},"datePublished":"2022-08-19T16:00:14+00:00","dateModified":"2022-08-19T14:29:50+00:00","author":{"@id":"https:\/\/pakosc-kalwaria.franciszkanie.net\/#\/schema\/person\/af10b943be0760709227d060eadcb2aa"},"breadcrumb":{"@id":"https:\/\/pakosc-kalwaria.franciszkanie.net\/index.php\/2022\/08\/19\/do-medytacji-z-kalwaryjskiego-wzgorza-piatek-19-08-2022r\/#breadcrumb"},"inLanguage":"pl-PL","potentialAction":[{"@type":"ReadAction","target":["https:\/\/pakosc-kalwaria.franciszkanie.net\/index.php\/2022\/08\/19\/do-medytacji-z-kalwaryjskiego-wzgorza-piatek-19-08-2022r\/"]}]},{"@type":"BreadcrumbList","@id":"https:\/\/pakosc-kalwaria.franciszkanie.net\/index.php\/2022\/08\/19\/do-medytacji-z-kalwaryjskiego-wzgorza-piatek-19-08-2022r\/#breadcrumb","itemListElement":[{"@type":"ListItem","position":1,"name":"Strona g\u0142\u00f3wna","item":"https:\/\/pakosc-kalwaria.franciszkanie.net\/"},{"@type":"ListItem","position":2,"name":"Do medytacji z kalwaryjskiego Wzg\u00f3rza \u2013 pi\u0105tek 19.08.2022r."}]},{"@type":"Person","@id":"https:\/\/pakosc-kalwaria.franciszkanie.net\/#\/schema\/person\/af10b943be0760709227d060eadcb2aa","name":"pakosc-kalwaria","image":{"@type":"ImageObject","@id":"https:\/\/pakosc-kalwaria.franciszkanie.net\/#personlogo","inLanguage":"pl-PL","url":"https:\/\/secure.gravatar.com\/avatar\/e7049d338b55eac6a0027ff3218b8d02?s=96&d=mm&r=g","contentUrl":"https:\/\/secure.gravatar.com\/avatar\/e7049d338b55eac6a0027ff3218b8d02?s=96&d=mm&r=g","caption":"pakosc-kalwaria"},"sameAs":["https:\/\/www.facebook.com\/KalwariaPakosc\/"],"url":"https:\/\/pakosc-kalwaria.franciszkanie.net\/index.php\/author\/pakosc-kalwaria\/"}]}},"_links":{"self":[{"href":"https:\/\/pakosc-kalwaria.franciszkanie.net\/index.php\/wp-json\/wp\/v2\/posts\/25206"}],"collection":[{"href":"https:\/\/pakosc-kalwaria.franciszkanie.net\/index.php\/wp-json\/wp\/v2\/posts"}],"about":[{"href":"https:\/\/pakosc-kalwaria.franciszkanie.net\/index.php\/wp-json\/wp\/v2\/types\/post"}],"author":[{"embeddable":true,"href":"https:\/\/pakosc-kalwaria.franciszkanie.net\/index.php\/wp-json\/wp\/v2\/users\/2"}],"replies":[{"embeddable":true,"href":"https:\/\/pakosc-kalwaria.franciszkanie.net\/index.php\/wp-json\/wp\/v2\/comments?post=25206"}],"version-history":[{"count":5,"href":"https:\/\/pakosc-kalwaria.franciszkanie.net\/index.php\/wp-json\/wp\/v2\/posts\/25206\/revisions"}],"predecessor-version":[{"id":25219,"href":"https:\/\/pakosc-kalwaria.franciszkanie.net\/index.php\/wp-json\/wp\/v2\/posts\/25206\/revisions\/25219"}],"wp:featuredmedia":[{"embeddable":true,"href":"https:\/\/pakosc-kalwaria.franciszkanie.net\/index.php\/wp-json\/wp\/v2\/media\/25207"}],"wp:attachment":[{"href":"https:\/\/pakosc-kalwaria.franciszkanie.net\/index.php\/wp-json\/wp\/v2\/media?parent=25206"}],"wp:term":[{"taxonomy":"category","embeddable":true,"href":"https:\/\/pakosc-kalwaria.franciszkanie.net\/index.php\/wp-json\/wp\/v2\/categories?post=25206"},{"taxonomy":"post_tag","embeddable":true,"href":"https:\/\/pakosc-kalwaria.franciszkanie.net\/index.php\/wp-json\/wp\/v2\/tags?post=25206"}],"curies":[{"name":"wp","href":"https:\/\/api.w.org\/{rel}","templated":true}]}}