{"id":25262,"date":"2022-08-25T09:05:49","date_gmt":"2022-08-25T07:05:49","guid":{"rendered":"http:\/\/pakosc-kalwaria.franciszkanie.net\/?p=25262"},"modified":"2022-10-29T09:48:08","modified_gmt":"2022-10-29T07:48:08","slug":"ogloszenia-duszpasterskie-xxii-niedziela-zwykla-5","status":"publish","type":"post","link":"https:\/\/pakosc-kalwaria.franciszkanie.net\/index.php\/2022\/08\/25\/ogloszenia-duszpasterskie-xxii-niedziela-zwykla-5\/","title":{"rendered":"Og\u0142oszenia duszpasterskie &#8211; XXXI Niedziela Zwyk\u0142a"},"content":{"rendered":"<p style=\"text-align: center;\"><span style=\"color: #ff0000;\"><strong>Og\u0142oszenia duszpasterskie XXXI Niedziela Zwyk\u0142a<\/strong><\/span><\/p>\n<p style=\"text-align: center;\"><span style=\"color: #ff0000;\">30.10.2022r.<\/span><\/p>\n<p><strong>Wystawienie Naj\u015bwi\u0119tszego Sakramentu <\/strong>o godz. 16.00<\/p>\n<p><strong>Wsp\u00f3lny R\u00f3\u017caniec przed Naj\u015bwi\u0119tszym Sakramentem<\/strong> o godz. 16.30<\/p>\n<p>W listopadzie \u017bywy R\u00f3\u017caniec modli si\u0119 wg <strong>zestawu nr 12.<\/strong><\/p>\n<p style=\"text-align: center;\">W tym tygodniu przypadaj\u0105 <strong><u>Dni Odnowy Wewn\u0119trznej<\/u><\/strong><u>.<\/u> Zach\u0119camy do comiesi\u0119cznej Spowiedzi \u015bwi\u0119tej oraz do pierwszopi\u0105tkowej Komunii \u015bw.<\/p>\n<p><strong><u>Pierwszy Czwartek Miesi\u0105ca (03.11)<\/u><\/strong>&#8211; o 17.00 Msza \u015bw. o nowe powo\u0142ania kap\u0142a\u0144skie\u00a0\u00a0\u00a0\u00a0\u00a0\u00a0\u00a0\u00a0\u00a0\u00a0\u00a0\u00a0\u00a0\u00a0 i zakonne oraz w intencji LSO i za ich rodziny. <strong>Komunia \u015bwi\u0119ta pod dwoma postaciami. <\/strong>Adoracja Naj\u015bwi\u0119tszego Sakramentu po Mszy \u015bw., do godziny 20.<\/p>\n<p><strong><u>Pierwszy Pi\u0105tek Miesi\u0105ca (04.11)<\/u><\/strong><strong>&#8211; <\/strong>o 17.00 Msza \u015bw. w intencjach zbiorowych do\u00a0 Pana Jezusa Ukrzy\u017cowanego i Mi\u0142osiernego oraz za zmar\u0142ych polecanych w wypominkach. Nabo\u017ce\u0144stwo pierwszopi\u0105tkowe po Mszy \u015bw.<\/p>\n<p><strong><u>Pierwsza Sobota Miesi\u0105ca (05.11)-<\/u><\/strong> o 17.00 Msza \u015bw. w intencji \u017bywego R\u00f3\u017ca\u0144ca. Po Mszy \u015bw. <strong>wystawienie Naj\u015bwi\u0119tszego Sakramentu, R\u00f3\u017caniec wynagradzaj\u0105cy Niepokalanemu Sercu Maryi, 15 minutowe rozwa\u017canie tajemnic r\u00f3\u017ca\u0144cowych. <\/strong><\/p>\n<p>&nbsp;<\/p>\n<p style=\"text-align: center;\">Ju\u017c dzisiaj zapraszamy na<u> <strong>katechez\u0119 parafialn\u0105 <\/strong><\/u><strong>w niedziel\u0119 (06.11) po Mszy \u015bw.\u00a0 o godz. 11.<\/strong><\/p>\n<p style=\"text-align: center;\">Wszystkich parafian zach\u0119camy do pog\u0142\u0119biania naszej wiary. W spos\u00f3b szczeg\u00f3lny zapraszamy <u>rodzic\u00f3w wraz z dzie\u0107mi przygotowuj\u0105cymi si\u0119 do Pierwszej Komunii \u015bw. oraz <\/u><u>m\u0142odzie\u017c przygotowuj\u0105ca si\u0119 do przyj\u0119cia Sakramentu Bierzmowania.<\/u><\/p>\n<p>&nbsp;<\/p>\n<p><strong><u>Wtorek (01.11)<\/u><\/strong> \u2013 Uroczysto\u015b\u0107 Wszystkich \u015awi\u0119tych. Msze \u015bw. o 9.00 i 11.00. O 13.00 na cmentarzu parafialnym Msza \u015bw. i procesja z modlitwami za zmar\u0142ych.<\/p>\n<p><strong><u>\u015aroda (02.11)<\/u><\/strong> \u2013 wspomnienie Wszystkich Wiernych Zmar\u0142ych \u2013 \u201eDzie\u0144 Zaduszny\u201d. Msze \u015bw. o 10.00 i 17.00. Po Mszy \u015bw. o 17.00 procesja na kalwaryjski cmentarz z modlitwami za zmar\u0142ych. W tym\u00a0 dniu w spos\u00f3b szczeg\u00f3lny ofiarujmy modlitwy, Komuni\u0119 \u015bw. i odpust za naszych zmar\u0142ych.<\/p>\n<p><strong>Z racji \u201eDnia Zadusznego\u201d <\/strong><strong>odwiedziny Chorych <\/strong><strong>przeniesione na <\/strong><strong><u>Czwartek <\/u><\/strong><strong>(03.11) od godz. 9.00<\/strong><\/p>\n<p><u>Sobota (05.11)<\/u>&#8211; O godz. 11.00 <strong>zbi\u00f3rka ministrant\u00f3w<\/strong> i kandydat\u00f3w na ministrant\u00f3w.<\/p>\n<p><strong><u>Od 2 do 8 listopada<\/u><\/strong><strong>&#8211; <\/strong>\u00a0codziennie modlimy si\u0119 za zmar\u0142ych polecanych w jednorazowych wypominkach: w tygodniu na nabo\u017ce\u0144stwie o 16.30 i na Mszy \u015bw. o 17.00, a w niedziel\u0119 na nabo\u017ce\u0144stwie o 8.30 i na Mszy \u015bw.\u00a0 o 9.00. Kartki na listopadowe jednorazowe Wypominki za zmar\u0142ych wy\u0142o\u017cone s\u0105 na o\u0142tarzach bocznych. Prosimy o czytelne wypisanie. Wypominki sk\u0142adamy w zakrystii.<\/p>\n<p><strong>Wypominki Roczne i Intencje Mszalne na Rok 2023 <\/strong>przyjmowa\u0107 b\u0119dziemy <u>od 9 listopada.<\/u><\/p>\n<p><strong><em>Od nowego roku liturgicznego (27.11.2022) rozpoczynamy Peregrynacj\u0119 (odwiedziny) wizerunku MB Cz\u0119stochowskiej w rodzinach. W zakrystii przyjmujemy zapisy ch\u0119tnych rodzin do przyj\u0119cia obrazu.\u00a0 <\/em><\/strong><\/p>\n<p>W naszej parafii powstaje <u>sz\u00f3sta R\u00f3\u017ca R\u00f3\u017ca\u0144cowa<\/u> pod wezwaniem \u015bw. Franciszka z Asy\u017cu, do kt\u00f3rej bardzo serdecznie zapraszamy!<\/p>\n<p><strong>Dzi\u0119kujemy tym, kt\u00f3rzy w pa\u017adzierniku odmawiali R\u00f3\u017caniec w ko\u015bciele lub w domach. Zach\u0119camy do dalszego codziennego odmawiania R\u00f3\u017ca\u0144ca.<\/strong><\/p>\n<p>Pod ch\u00f3rem do nabycia czasopisma: Przewodnik Katolicki, R\u00f3\u017caniec, kalendarze kalwaryjskie na rok 2023 w cenie 15 z\u0142, franciszka\u0144skie kalendarze misyjne w cenie 5 z\u0142. Zach\u0119camy do tej formy wsparcia misji franciszka\u0144skich.<\/p>\n<p>Kolekta remontowa w zesz\u0142\u0105 niedziel\u0119 wynios\u0142a 1553 z\u0142.<\/p>\n<div style=\"text-align: center;\"><span style=\"color: #008000;\"><strong>Komisariat Ziemi \u015awi\u0119tej<\/strong> w Poznaniu w dniach <strong>21-28 kwietnia 2023 organizuje pielgrzymk\u0119 do Ziemi \u015awi\u0119tej<\/strong>\u00a0 \u00a0 \u00a0 z parafii franciszka\u0144skich w Brodnicy, Pako\u015bci i Toruniu. Szczeg\u00f3\u0142owe informacje pod linkiem podanym na stronie internetowej.<\/span><\/div>\n<div style=\"text-align: center;\"><\/div>\n<div style=\"text-align: center;\"><span style=\"color: #008000;\">LINK:\u00a0<a style=\"color: #008000;\" href=\"http:\/\/www.ziemia-swieta.pl\/pielgrzymka-parafialna\/\" target=\"_blank\" rel=\"noopener\" data-saferedirecturl=\"https:\/\/www.google.com\/url?q=http:\/\/www.ziemia-swieta.pl\/pielgrzymka-parafialna\/&amp;source=gmail&amp;ust=1667115915761000&amp;usg=AOvVaw0gcETtN5zqDYetvIyY8Frb\">http:\/\/www.ziemia-swieta.pl\/<wbr \/>pielgrzymka-parafialna\/<\/a><\/span><\/div>\n<p>Wszystkim naszym Parafianom i ofiarodawcom niech Dobry B\u00f3g b\u0142ogos\u0142awi ka\u017cdego dnia.<\/p>\n<p style=\"text-align: right;\">o. Leon Barczak ofm<\/p>\n<p style=\"text-align: right;\">Proboszcz<\/p>\n","protected":false},"excerpt":{"rendered":"<p>Og\u0142oszenia duszpasterskie XXXI Niedziela Zwyk\u0142a 30.10.2022r. Wystawienie Naj\u015bwi\u0119tszego Sakramentu o godz. 16.00 Wsp\u00f3lny R\u00f3\u017caniec przed Naj\u015bwi\u0119tszym Sakramentem o godz. 16.30 W listopadzie \u017bywy R\u00f3\u017caniec modli si\u0119 wg zestawu nr 12. W tym tygodniu przypadaj\u0105 Dni Odnowy Wewn\u0119trznej. Zach\u0119camy do comiesi\u0119cznej Spowiedzi \u015bwi\u0119tej oraz do pierwszopi\u0105tkowej Komunii \u015bw. Pierwszy Czwartek Miesi\u0105ca (03.11)&#8211; o 17.00 Msza \u015bw. &hellip;<\/p>\n","protected":false},"author":2,"featured_media":25211,"comment_status":"closed","ping_status":"closed","sticky":false,"template":"","format":"standard","meta":{"_mi_skip_tracking":false,"_exactmetrics_sitenote_active":false,"_exactmetrics_sitenote_note":"","_exactmetrics_sitenote_category":0},"categories":[5],"tags":[],"yoast_head":"<!-- This site is optimized with the Yoast SEO plugin v18.1 - https:\/\/yoast.com\/wordpress\/plugins\/seo\/ -->\n<title>Og\u0142oszenia duszpasterskie - XXXI Niedziela Zwyk\u0142a - Pako\u015b\u0107 \u2013 Kalwaria<\/title>\n<meta name=\"robots\" content=\"index, follow, max-snippet:-1, max-image-preview:large, max-video-preview:-1\" \/>\n<link rel=\"canonical\" href=\"https:\/\/pakosc-kalwaria.franciszkanie.net\/index.php\/2022\/08\/25\/ogloszenia-duszpasterskie-xxii-niedziela-zwykla-5\/\" \/>\n<meta property=\"og:locale\" content=\"pl_PL\" \/>\n<meta property=\"og:type\" content=\"article\" \/>\n<meta property=\"og:title\" content=\"Og\u0142oszenia duszpasterskie - XXXI Niedziela Zwyk\u0142a - Pako\u015b\u0107 \u2013 Kalwaria\" \/>\n<meta property=\"og:description\" content=\"Og\u0142oszenia duszpasterskie XXXI Niedziela Zwyk\u0142a 30.10.2022r. Wystawienie Naj\u015bwi\u0119tszego Sakramentu o godz. 16.00 Wsp\u00f3lny R\u00f3\u017caniec przed Naj\u015bwi\u0119tszym Sakramentem o godz. 16.30 W listopadzie \u017bywy R\u00f3\u017caniec modli si\u0119 wg zestawu nr 12. W tym tygodniu przypadaj\u0105 Dni Odnowy Wewn\u0119trznej. Zach\u0119camy do comiesi\u0119cznej Spowiedzi \u015bwi\u0119tej oraz do pierwszopi\u0105tkowej Komunii \u015bw. Pierwszy Czwartek Miesi\u0105ca (03.11)&#8211; o 17.00 Msza \u015bw. &hellip;\" \/>\n<meta property=\"og:url\" content=\"https:\/\/pakosc-kalwaria.franciszkanie.net\/index.php\/2022\/08\/25\/ogloszenia-duszpasterskie-xxii-niedziela-zwykla-5\/\" \/>\n<meta property=\"og:site_name\" content=\"Pako\u015b\u0107 \u2013 Kalwaria\" \/>\n<meta property=\"article:author\" content=\"https:\/\/www.facebook.com\/KalwariaPakosc\/\" \/>\n<meta property=\"article:published_time\" content=\"2022-08-25T07:05:49+00:00\" \/>\n<meta property=\"article:modified_time\" content=\"2022-10-29T07:48:08+00:00\" \/>\n<meta property=\"og:image\" content=\"https:\/\/pakosc-kalwaria.franciszkanie.net\/wp-content\/uploads\/2022\/08\/poslani-w-pokoju-chrystusa-06_9875-1.jpg\" \/>\n\t<meta property=\"og:image:width\" content=\"400\" \/>\n\t<meta property=\"og:image:height\" content=\"201\" \/>\n\t<meta property=\"og:image:type\" content=\"image\/jpeg\" \/>\n<meta name=\"twitter:card\" content=\"summary\" \/>\n<meta name=\"twitter:label1\" content=\"Napisane przez\" \/>\n\t<meta name=\"twitter:data1\" content=\"pakosc-kalwaria\" \/>\n\t<meta name=\"twitter:label2\" content=\"Szacowany czas czytania\" \/>\n\t<meta name=\"twitter:data2\" content=\"3 minuty\" \/>\n<script type=\"application\/ld+json\" class=\"yoast-schema-graph\">{\"@context\":\"https:\/\/schema.org\",\"@graph\":[{\"@type\":\"WebSite\",\"@id\":\"https:\/\/pakosc-kalwaria.franciszkanie.net\/#website\",\"url\":\"https:\/\/pakosc-kalwaria.franciszkanie.net\/\",\"name\":\"Pako\u015b\u0107 \u2013 Kalwaria\",\"description\":\"Parafia Rzymsko \u2013 Katolicka p.w. Pana Jezusa Ukrzy\u017cowanego i  Matki Bo\u017cej Bolesnej ul. Barci\u0144ska 60, 88\u2013170 Pako\u015b\u0107 \u2013 Kalwaria\",\"potentialAction\":[{\"@type\":\"SearchAction\",\"target\":{\"@type\":\"EntryPoint\",\"urlTemplate\":\"https:\/\/pakosc-kalwaria.franciszkanie.net\/?s={search_term_string}\"},\"query-input\":\"required name=search_term_string\"}],\"inLanguage\":\"pl-PL\"},{\"@type\":\"ImageObject\",\"@id\":\"https:\/\/pakosc-kalwaria.franciszkanie.net\/index.php\/2022\/08\/25\/ogloszenia-duszpasterskie-xxii-niedziela-zwykla-5\/#primaryimage\",\"inLanguage\":\"pl-PL\",\"url\":\"https:\/\/pakosc-kalwaria.franciszkanie.net\/wp-content\/uploads\/2022\/08\/poslani-w-pokoju-chrystusa-06_9875-1.jpg\",\"contentUrl\":\"https:\/\/pakosc-kalwaria.franciszkanie.net\/wp-content\/uploads\/2022\/08\/poslani-w-pokoju-chrystusa-06_9875-1.jpg\",\"width\":400,\"height\":201},{\"@type\":\"WebPage\",\"@id\":\"https:\/\/pakosc-kalwaria.franciszkanie.net\/index.php\/2022\/08\/25\/ogloszenia-duszpasterskie-xxii-niedziela-zwykla-5\/#webpage\",\"url\":\"https:\/\/pakosc-kalwaria.franciszkanie.net\/index.php\/2022\/08\/25\/ogloszenia-duszpasterskie-xxii-niedziela-zwykla-5\/\",\"name\":\"Og\u0142oszenia duszpasterskie - XXXI Niedziela Zwyk\u0142a - Pako\u015b\u0107 \u2013 Kalwaria\",\"isPartOf\":{\"@id\":\"https:\/\/pakosc-kalwaria.franciszkanie.net\/#website\"},\"primaryImageOfPage\":{\"@id\":\"https:\/\/pakosc-kalwaria.franciszkanie.net\/index.php\/2022\/08\/25\/ogloszenia-duszpasterskie-xxii-niedziela-zwykla-5\/#primaryimage\"},\"datePublished\":\"2022-08-25T07:05:49+00:00\",\"dateModified\":\"2022-10-29T07:48:08+00:00\",\"author\":{\"@id\":\"https:\/\/pakosc-kalwaria.franciszkanie.net\/#\/schema\/person\/af10b943be0760709227d060eadcb2aa\"},\"breadcrumb\":{\"@id\":\"https:\/\/pakosc-kalwaria.franciszkanie.net\/index.php\/2022\/08\/25\/ogloszenia-duszpasterskie-xxii-niedziela-zwykla-5\/#breadcrumb\"},\"inLanguage\":\"pl-PL\",\"potentialAction\":[{\"@type\":\"ReadAction\",\"target\":[\"https:\/\/pakosc-kalwaria.franciszkanie.net\/index.php\/2022\/08\/25\/ogloszenia-duszpasterskie-xxii-niedziela-zwykla-5\/\"]}]},{\"@type\":\"BreadcrumbList\",\"@id\":\"https:\/\/pakosc-kalwaria.franciszkanie.net\/index.php\/2022\/08\/25\/ogloszenia-duszpasterskie-xxii-niedziela-zwykla-5\/#breadcrumb\",\"itemListElement\":[{\"@type\":\"ListItem\",\"position\":1,\"name\":\"Strona g\u0142\u00f3wna\",\"item\":\"https:\/\/pakosc-kalwaria.franciszkanie.net\/\"},{\"@type\":\"ListItem\",\"position\":2,\"name\":\"Og\u0142oszenia duszpasterskie &#8211; XXXI Niedziela Zwyk\u0142a\"}]},{\"@type\":\"Person\",\"@id\":\"https:\/\/pakosc-kalwaria.franciszkanie.net\/#\/schema\/person\/af10b943be0760709227d060eadcb2aa\",\"name\":\"pakosc-kalwaria\",\"image\":{\"@type\":\"ImageObject\",\"@id\":\"https:\/\/pakosc-kalwaria.franciszkanie.net\/#personlogo\",\"inLanguage\":\"pl-PL\",\"url\":\"https:\/\/secure.gravatar.com\/avatar\/e7049d338b55eac6a0027ff3218b8d02?s=96&d=mm&r=g\",\"contentUrl\":\"https:\/\/secure.gravatar.com\/avatar\/e7049d338b55eac6a0027ff3218b8d02?s=96&d=mm&r=g\",\"caption\":\"pakosc-kalwaria\"},\"sameAs\":[\"https:\/\/www.facebook.com\/KalwariaPakosc\/\"],\"url\":\"https:\/\/pakosc-kalwaria.franciszkanie.net\/index.php\/author\/pakosc-kalwaria\/\"}]}<\/script>\n<!-- \/ Yoast SEO plugin. -->","yoast_head_json":{"title":"Og\u0142oszenia duszpasterskie - XXXI Niedziela Zwyk\u0142a - Pako\u015b\u0107 \u2013 Kalwaria","robots":{"index":"index","follow":"follow","max-snippet":"max-snippet:-1","max-image-preview":"max-image-preview:large","max-video-preview":"max-video-preview:-1"},"canonical":"https:\/\/pakosc-kalwaria.franciszkanie.net\/index.php\/2022\/08\/25\/ogloszenia-duszpasterskie-xxii-niedziela-zwykla-5\/","og_locale":"pl_PL","og_type":"article","og_title":"Og\u0142oszenia duszpasterskie - XXXI Niedziela Zwyk\u0142a - Pako\u015b\u0107 \u2013 Kalwaria","og_description":"Og\u0142oszenia duszpasterskie XXXI Niedziela Zwyk\u0142a 30.10.2022r. Wystawienie Naj\u015bwi\u0119tszego Sakramentu o godz. 16.00 Wsp\u00f3lny R\u00f3\u017caniec przed Naj\u015bwi\u0119tszym Sakramentem o godz. 16.30 W listopadzie \u017bywy R\u00f3\u017caniec modli si\u0119 wg zestawu nr 12. W tym tygodniu przypadaj\u0105 Dni Odnowy Wewn\u0119trznej. Zach\u0119camy do comiesi\u0119cznej Spowiedzi \u015bwi\u0119tej oraz do pierwszopi\u0105tkowej Komunii \u015bw. Pierwszy Czwartek Miesi\u0105ca (03.11)&#8211; o 17.00 Msza \u015bw. &hellip;","og_url":"https:\/\/pakosc-kalwaria.franciszkanie.net\/index.php\/2022\/08\/25\/ogloszenia-duszpasterskie-xxii-niedziela-zwykla-5\/","og_site_name":"Pako\u015b\u0107 \u2013 Kalwaria","article_author":"https:\/\/www.facebook.com\/KalwariaPakosc\/","article_published_time":"2022-08-25T07:05:49+00:00","article_modified_time":"2022-10-29T07:48:08+00:00","og_image":[{"width":400,"height":201,"url":"https:\/\/pakosc-kalwaria.franciszkanie.net\/wp-content\/uploads\/2022\/08\/poslani-w-pokoju-chrystusa-06_9875-1.jpg","type":"image\/jpeg"}],"twitter_card":"summary","twitter_misc":{"Napisane przez":"pakosc-kalwaria","Szacowany czas czytania":"3 minuty"},"schema":{"@context":"https:\/\/schema.org","@graph":[{"@type":"WebSite","@id":"https:\/\/pakosc-kalwaria.franciszkanie.net\/#website","url":"https:\/\/pakosc-kalwaria.franciszkanie.net\/","name":"Pako\u015b\u0107 \u2013 Kalwaria","description":"Parafia Rzymsko \u2013 Katolicka p.w. Pana Jezusa Ukrzy\u017cowanego i  Matki Bo\u017cej Bolesnej ul. Barci\u0144ska 60, 88\u2013170 Pako\u015b\u0107 \u2013 Kalwaria","potentialAction":[{"@type":"SearchAction","target":{"@type":"EntryPoint","urlTemplate":"https:\/\/pakosc-kalwaria.franciszkanie.net\/?s={search_term_string}"},"query-input":"required name=search_term_string"}],"inLanguage":"pl-PL"},{"@type":"ImageObject","@id":"https:\/\/pakosc-kalwaria.franciszkanie.net\/index.php\/2022\/08\/25\/ogloszenia-duszpasterskie-xxii-niedziela-zwykla-5\/#primaryimage","inLanguage":"pl-PL","url":"https:\/\/pakosc-kalwaria.franciszkanie.net\/wp-content\/uploads\/2022\/08\/poslani-w-pokoju-chrystusa-06_9875-1.jpg","contentUrl":"https:\/\/pakosc-kalwaria.franciszkanie.net\/wp-content\/uploads\/2022\/08\/poslani-w-pokoju-chrystusa-06_9875-1.jpg","width":400,"height":201},{"@type":"WebPage","@id":"https:\/\/pakosc-kalwaria.franciszkanie.net\/index.php\/2022\/08\/25\/ogloszenia-duszpasterskie-xxii-niedziela-zwykla-5\/#webpage","url":"https:\/\/pakosc-kalwaria.franciszkanie.net\/index.php\/2022\/08\/25\/ogloszenia-duszpasterskie-xxii-niedziela-zwykla-5\/","name":"Og\u0142oszenia duszpasterskie - XXXI Niedziela Zwyk\u0142a - Pako\u015b\u0107 \u2013 Kalwaria","isPartOf":{"@id":"https:\/\/pakosc-kalwaria.franciszkanie.net\/#website"},"primaryImageOfPage":{"@id":"https:\/\/pakosc-kalwaria.franciszkanie.net\/index.php\/2022\/08\/25\/ogloszenia-duszpasterskie-xxii-niedziela-zwykla-5\/#primaryimage"},"datePublished":"2022-08-25T07:05:49+00:00","dateModified":"2022-10-29T07:48:08+00:00","author":{"@id":"https:\/\/pakosc-kalwaria.franciszkanie.net\/#\/schema\/person\/af10b943be0760709227d060eadcb2aa"},"breadcrumb":{"@id":"https:\/\/pakosc-kalwaria.franciszkanie.net\/index.php\/2022\/08\/25\/ogloszenia-duszpasterskie-xxii-niedziela-zwykla-5\/#breadcrumb"},"inLanguage":"pl-PL","potentialAction":[{"@type":"ReadAction","target":["https:\/\/pakosc-kalwaria.franciszkanie.net\/index.php\/2022\/08\/25\/ogloszenia-duszpasterskie-xxii-niedziela-zwykla-5\/"]}]},{"@type":"BreadcrumbList","@id":"https:\/\/pakosc-kalwaria.franciszkanie.net\/index.php\/2022\/08\/25\/ogloszenia-duszpasterskie-xxii-niedziela-zwykla-5\/#breadcrumb","itemListElement":[{"@type":"ListItem","position":1,"name":"Strona g\u0142\u00f3wna","item":"https:\/\/pakosc-kalwaria.franciszkanie.net\/"},{"@type":"ListItem","position":2,"name":"Og\u0142oszenia duszpasterskie &#8211; XXXI Niedziela Zwyk\u0142a"}]},{"@type":"Person","@id":"https:\/\/pakosc-kalwaria.franciszkanie.net\/#\/schema\/person\/af10b943be0760709227d060eadcb2aa","name":"pakosc-kalwaria","image":{"@type":"ImageObject","@id":"https:\/\/pakosc-kalwaria.franciszkanie.net\/#personlogo","inLanguage":"pl-PL","url":"https:\/\/secure.gravatar.com\/avatar\/e7049d338b55eac6a0027ff3218b8d02?s=96&d=mm&r=g","contentUrl":"https:\/\/secure.gravatar.com\/avatar\/e7049d338b55eac6a0027ff3218b8d02?s=96&d=mm&r=g","caption":"pakosc-kalwaria"},"sameAs":["https:\/\/www.facebook.com\/KalwariaPakosc\/"],"url":"https:\/\/pakosc-kalwaria.franciszkanie.net\/index.php\/author\/pakosc-kalwaria\/"}]}},"_links":{"self":[{"href":"https:\/\/pakosc-kalwaria.franciszkanie.net\/index.php\/wp-json\/wp\/v2\/posts\/25262"}],"collection":[{"href":"https:\/\/pakosc-kalwaria.franciszkanie.net\/index.php\/wp-json\/wp\/v2\/posts"}],"about":[{"href":"https:\/\/pakosc-kalwaria.franciszkanie.net\/index.php\/wp-json\/wp\/v2\/types\/post"}],"author":[{"embeddable":true,"href":"https:\/\/pakosc-kalwaria.franciszkanie.net\/index.php\/wp-json\/wp\/v2\/users\/2"}],"replies":[{"embeddable":true,"href":"https:\/\/pakosc-kalwaria.franciszkanie.net\/index.php\/wp-json\/wp\/v2\/comments?post=25262"}],"version-history":[{"count":17,"href":"https:\/\/pakosc-kalwaria.franciszkanie.net\/index.php\/wp-json\/wp\/v2\/posts\/25262\/revisions"}],"predecessor-version":[{"id":25373,"href":"https:\/\/pakosc-kalwaria.franciszkanie.net\/index.php\/wp-json\/wp\/v2\/posts\/25262\/revisions\/25373"}],"wp:featuredmedia":[{"embeddable":true,"href":"https:\/\/pakosc-kalwaria.franciszkanie.net\/index.php\/wp-json\/wp\/v2\/media\/25211"}],"wp:attachment":[{"href":"https:\/\/pakosc-kalwaria.franciszkanie.net\/index.php\/wp-json\/wp\/v2\/media?parent=25262"}],"wp:term":[{"taxonomy":"category","embeddable":true,"href":"https:\/\/pakosc-kalwaria.franciszkanie.net\/index.php\/wp-json\/wp\/v2\/categories?post=25262"},{"taxonomy":"post_tag","embeddable":true,"href":"https:\/\/pakosc-kalwaria.franciszkanie.net\/index.php\/wp-json\/wp\/v2\/tags?post=25262"}],"curies":[{"name":"wp","href":"https:\/\/api.w.org\/{rel}","templated":true}]}}