{"id":25382,"date":"2022-11-05T16:45:08","date_gmt":"2022-11-05T15:45:08","guid":{"rendered":"http:\/\/pakosc-kalwaria.franciszkanie.net\/?p=25382"},"modified":"2022-11-05T16:47:17","modified_gmt":"2022-11-05T15:47:17","slug":"ogloszenia-duszpasterskie-xxxii-niedziela-zwykla-06-11-2022r","status":"publish","type":"post","link":"https:\/\/pakosc-kalwaria.franciszkanie.net\/index.php\/2022\/11\/05\/ogloszenia-duszpasterskie-xxxii-niedziela-zwykla-06-11-2022r\/","title":{"rendered":"Og\u0142oszenia duszpasterskie XXXII Niedziela Zwyk\u0142a 06.11.2022r."},"content":{"rendered":"<p><img loading=\"lazy\" class=\"alignnone size-medium wp-image-25211\" src=\"http:\/\/pakosc-kalwaria.franciszkanie.net\/wp-content\/uploads\/2022\/08\/poslani-w-pokoju-chrystusa-06_9875-1-300x151.jpg\" alt=\"\" width=\"300\" height=\"151\" srcset=\"https:\/\/pakosc-kalwaria.franciszkanie.net\/wp-content\/uploads\/2022\/08\/poslani-w-pokoju-chrystusa-06_9875-1-300x151.jpg 300w, https:\/\/pakosc-kalwaria.franciszkanie.net\/wp-content\/uploads\/2022\/08\/poslani-w-pokoju-chrystusa-06_9875-1.jpg 400w\" sizes=\"(max-width: 300px) 100vw, 300px\" \/><\/p>\n<p>Wystawienie Naj\u015bwi\u0119tszego Sakramentu godzin\u0119 przed Msz\u0105 \u015bw.<br \/>\nWsp\u00f3lny R\u00f3\u017caniec przed Naj\u015bwi\u0119tszym Sakramentem o godz. 16.30<\/p>\n<p><strong>NABO\u017bE\u0143STWA<\/strong><br \/>\n\u2022 Poniedzia\u0142ek- Litania do Krwi Chrystusa Pana- po r\u00f3\u017ca\u0144cu<br \/>\n\u2022 Wtorek- Nabo\u017ce\u0144stwo ku czci \u015bw. Antoniego- po Mszy \u015bwi\u0119tej<br \/>\n\u2022 \u015aroda- Litania do \u015bw. J\u00f3zefa- po r\u00f3\u017ca\u0144cu, Nabo\u017ce\u0144stwo do MB Nieustaj\u0105cej Pomocy- po Mszy \u015bw.<br \/>\n\u2022 Czwartek- Nabo\u017ce\u0144stwo ku czci \u015bw. Franciszka- po Mszy \u015bw.<br \/>\n\u2022 Pi\u0105tek- 16.30 Droga Krzy\u017cowa, Koronka do Mi\u0142osierdzia Bo\u017cego- po Mszy \u015bw.<br \/>\n\u2022 Sobota- 16.30 Koronka do Siedmiu Bole\u015bci MB, Litania do MB Bolesnej<\/p>\n<p><strong>W liturgii Ko\u015bcio\u0142a w tym tygodniu wspominamy:<\/strong><br \/>\nW \u015brod\u0119 \u2013 \u015bwi\u0119to rocznicy po\u015bwiecenia Bazyliki Latera\u0144skiej<br \/>\nW czwartek \u2013 \u015bw. Leona Wielkiego, papie\u017ca i doktora Ko\u015bcio\u0142a<br \/>\nW pi\u0105tek \u2013 \u015bw. Marcina z Tours, biskupa<br \/>\nW sobot\u0119 \u2013 \u015bw. Jozafata, biskupa i m\u0119czennika<\/p>\n<p>Trwamy w oktawie Uroczysto\u015bci Wszystkich \u015awi\u0119tych. Do 8 listopada modlimy si\u0119 za zmar\u0142ych polecanych w jednorazowych wypominkach na nabo\u017ce\u0144stwie o 16.30 i na Mszy \u015bw. o 17.00<\/p>\n<p>Najpi\u0119kniejszym prezentem jest dar modlitwy za nas \u017cyj\u0105cych oraz za dusze, kt\u00f3re odesz\u0142y z tego \u015bwiata, dlatego zach\u0119camy do zamawiania Mszy \u015bw. S\u0105 jeszcze wolne intencje na grudzie\u0144 2022. Intencje Mszalne na Rok 2023 i Wypominki Roczne przyjmowa\u0107 b\u0119dziemy od 9 listopada.<\/p>\n<p>W czwartek (10.11) imieniny zakonne obchodzi o. Leon \u2013 proboszcz kalwaryjskiej Parafii. Msza \u015bw. w Jego intencji o godz. 17.00. Po Mszy \u015bw. o. Leon zaprasza na spotkanie Agappe do sali parafialnej. Wszystkich parafian zach\u0119camy do udzia\u0142u we Mszy \u015bw.<\/p>\n<p>W przysz\u0142\u0105 niedziel\u0119 (13.11)- XIV Dzie\u0144 Solidarno\u015bci z Ko\u015bcio\u0142em Prze\u015bladowanym oraz VI Dzie\u0144 Ubogich.<\/p>\n<p>Od nowego roku liturgicznego (27.11.2022) rozpoczynamy Peregrynacj\u0119 (odwiedziny) wizerunku MB Cz\u0119stochowskiej w rodzinach. W zakrystii przyjmujemy zapisy ch\u0119tnych rodzin do przyj\u0119cia obrazu.<\/p>\n<p>W naszej parafii powstaje sz\u00f3sta R\u00f3\u017ca R\u00f3\u017ca\u0144cowa pod wezwaniem \u015bw. Franciszka z Asy\u017cu, do kt\u00f3rej bardzo serdecznie zapraszamy!<\/p>\n<p>Pod ch\u00f3rem do nabycia czasopisma: Przewodnik Katolicki, R\u00f3\u017caniec, kalendarze kalwaryjskie na rok 2023 w cenie 15 z\u0142, franciszka\u0144skie kalendarze misyjne w cenie 5 z\u0142. Zach\u0119camy do tej formy wsparcia misji franciszka\u0144skich.<br \/>\nKolekta w zesz\u0142\u0105 niedziel\u0119 wynios\u0142a 1453 z\u0142.<\/p>\n<p>Miesi\u0119czny (pa\u017adziernik) bilans finansowy parafii<br \/>\nPrzych\u00f3d: 11340 z\u0142 (ofiary z kolekt, skarbony, za pos\u0142ug\u0119 sakramentaln\u0105, kancelaria)<br \/>\nWydatki: 11191 z\u0142;<br \/>\n\u00b7 Wydatki sta\u0142e miesi\u0119czne (wynagrodzenia za pos\u0142ug\u0119 w parafii)- 3200 z\u0142<br \/>\n\u00b7 Konserwacja budynku i otoczenia \u2013 3170 z\u0142<br \/>\n\u00b7 Media (TV, telefon, woda) \u2013 260 z\u0142<br \/>\n\u00b7 Ubezpieczenia \u2013 1011 z\u0142<br \/>\n\u00b7 Podatki + Urz\u0105d Skarbowy ( Kuria Biskupia i Zakonna) \u2013 3550 z\u0142.<\/p>\n<p style=\"text-align: right;\">Wszystkim naszym Parafianom i ofiarodawcom niech Dobry B\u00f3g b\u0142ogos\u0142awi ka\u017cdego dnia.<br \/>\no. Leon Barczak ofm<br \/>\nProboszcz<\/p>\n<p><strong>Tematyka niedzielnych katechez parafialnych:<\/strong><br \/>\nI. WYZNANIE WIARY CHRZE\u015aCIJA\u0143SKIEJ<br \/>\n1. Czy mo\u017cna odkry\u0107 w \u015bwiecie \u015blady Boga?<br \/>\n1. Wierze w Boga Ojca, stworzyciela nieba i ziemi<br \/>\na) Stw\u00f3rca b) cz\u0142owiek uczyniony na obraz Bo\u017cy c) grzech i jego skutki<br \/>\n2. Co przynosi chrze\u015bcijaninowi tajemnica Tr\u00f3jcy \u015awi\u0119tej?<br \/>\n2. Wierz\u0119 w Jezusa Chrystusa<br \/>\na) prawdziwy B\u00f3g i prawdziwy cz\u0142owiek b) \u015bmier\u0107 i zmartwychwstanie Jezusa Chrystusa<br \/>\n3. Wierz\u0119 w Ducha \u015awi\u0119tego: a) osoba Boska b) U\u015bwi\u0119ciciel<br \/>\nII. WSP\u00d3LNOTA KO\u015aCIO\u0141A<br \/>\n3. Czy Jezus Chrystus postanowi\u0142 za\u0142o\u017cy\u0107 Ko\u015bci\u00f3\u0142?<br \/>\n1.Ko\u015bci\u00f3l Chrystusowy<br \/>\na) w\u0142adza apostolska b) dzia\u0142anie Tr\u00f3jjedynego Boga w Ko\u015bciele c) sakramenty<br \/>\n2. Maryja: a) kult Maryjny<br \/>\nIII. DEKALOG<br \/>\n4. Po co nam przykazania? I-III przykazania-interpretacja.<br \/>\n5. Po co nam przykazania? IV-X przykazania-interpretacja.<br \/>\nIV. SAKRAMENTY \u015aWI\u0118TE<br \/>\n6. Po co nam sakramenty, i co to w og\u00f3le jest? Cz.I<br \/>\n1) Sakramenty wtajemniczenia- Chrzest, Eucharystia, Bierzmowanie<br \/>\n2) Sakramenty uzdrowienia: a) pokuty i pojednania b) namaszczenie chorych<br \/>\n7. Po co nam sakramenty, i co to w og\u00f3le jest? Cz.II<br \/>\n3) Sakramenty w s\u0142u\u017cbie wsp\u00f3lnocie Ko\u015bcio\u0142a<br \/>\na) kap\u0142a\u0144stwo b) ma\u0142\u017ce\u0144stwo- dialog ma\u0142\u017ce\u0144ski<br \/>\n8. Czy ludzie z poza Ko\u015bcio\u0142a b\u0119d\u0105 zbawieni? Osobista odpowiedzialno\u015b\u0107 za \u017cycie religijne.<\/p>\n<p>&nbsp;<\/p>\n","protected":false},"excerpt":{"rendered":"<p>Wystawienie Naj\u015bwi\u0119tszego Sakramentu godzin\u0119 przed Msz\u0105 \u015bw. Wsp\u00f3lny R\u00f3\u017caniec przed Naj\u015bwi\u0119tszym Sakramentem o godz. 16.30 NABO\u017bE\u0143STWA \u2022 Poniedzia\u0142ek- Litania do Krwi Chrystusa Pana- po r\u00f3\u017ca\u0144cu \u2022 Wtorek- Nabo\u017ce\u0144stwo ku czci \u015bw. Antoniego- po Mszy \u015bwi\u0119tej \u2022 \u015aroda- Litania do \u015bw. J\u00f3zefa- po r\u00f3\u017ca\u0144cu, Nabo\u017ce\u0144stwo do MB Nieustaj\u0105cej Pomocy- po Mszy \u015bw. \u2022 Czwartek- Nabo\u017ce\u0144stwo ku &hellip;<\/p>\n","protected":false},"author":2,"featured_media":25211,"comment_status":"closed","ping_status":"closed","sticky":false,"template":"","format":"standard","meta":{"_mi_skip_tracking":false,"_exactmetrics_sitenote_active":false,"_exactmetrics_sitenote_note":"","_exactmetrics_sitenote_category":0},"categories":[5],"tags":[],"yoast_head":"<!-- This site is optimized with the Yoast SEO plugin v18.1 - https:\/\/yoast.com\/wordpress\/plugins\/seo\/ -->\n<title>Og\u0142oszenia duszpasterskie XXXII Niedziela Zwyk\u0142a 06.11.2022r. - Pako\u015b\u0107 \u2013 Kalwaria<\/title>\n<meta name=\"robots\" content=\"index, follow, max-snippet:-1, max-image-preview:large, max-video-preview:-1\" \/>\n<link rel=\"canonical\" href=\"https:\/\/pakosc-kalwaria.franciszkanie.net\/index.php\/2022\/11\/05\/ogloszenia-duszpasterskie-xxxii-niedziela-zwykla-06-11-2022r\/\" \/>\n<meta property=\"og:locale\" content=\"pl_PL\" \/>\n<meta property=\"og:type\" content=\"article\" \/>\n<meta property=\"og:title\" content=\"Og\u0142oszenia duszpasterskie XXXII Niedziela Zwyk\u0142a 06.11.2022r. - Pako\u015b\u0107 \u2013 Kalwaria\" \/>\n<meta property=\"og:description\" content=\"Wystawienie Naj\u015bwi\u0119tszego Sakramentu godzin\u0119 przed Msz\u0105 \u015bw. Wsp\u00f3lny R\u00f3\u017caniec przed Naj\u015bwi\u0119tszym Sakramentem o godz. 16.30 NABO\u017bE\u0143STWA \u2022 Poniedzia\u0142ek- Litania do Krwi Chrystusa Pana- po r\u00f3\u017ca\u0144cu \u2022 Wtorek- Nabo\u017ce\u0144stwo ku czci \u015bw. Antoniego- po Mszy \u015bwi\u0119tej \u2022 \u015aroda- Litania do \u015bw. J\u00f3zefa- po r\u00f3\u017ca\u0144cu, Nabo\u017ce\u0144stwo do MB Nieustaj\u0105cej Pomocy- po Mszy \u015bw. \u2022 Czwartek- Nabo\u017ce\u0144stwo ku &hellip;\" \/>\n<meta property=\"og:url\" content=\"https:\/\/pakosc-kalwaria.franciszkanie.net\/index.php\/2022\/11\/05\/ogloszenia-duszpasterskie-xxxii-niedziela-zwykla-06-11-2022r\/\" \/>\n<meta property=\"og:site_name\" content=\"Pako\u015b\u0107 \u2013 Kalwaria\" \/>\n<meta property=\"article:author\" content=\"https:\/\/www.facebook.com\/KalwariaPakosc\/\" \/>\n<meta property=\"article:published_time\" content=\"2022-11-05T15:45:08+00:00\" \/>\n<meta property=\"article:modified_time\" content=\"2022-11-05T15:47:17+00:00\" \/>\n<meta property=\"og:image\" content=\"https:\/\/pakosc-kalwaria.franciszkanie.net\/wp-content\/uploads\/2022\/08\/poslani-w-pokoju-chrystusa-06_9875-1.jpg\" \/>\n\t<meta property=\"og:image:width\" content=\"400\" \/>\n\t<meta property=\"og:image:height\" content=\"201\" \/>\n\t<meta property=\"og:image:type\" content=\"image\/jpeg\" \/>\n<meta name=\"twitter:card\" content=\"summary\" \/>\n<meta name=\"twitter:label1\" content=\"Napisane przez\" \/>\n\t<meta name=\"twitter:data1\" content=\"pakosc-kalwaria\" \/>\n\t<meta name=\"twitter:label2\" content=\"Szacowany czas czytania\" \/>\n\t<meta name=\"twitter:data2\" content=\"3 minuty\" \/>\n<script type=\"application\/ld+json\" class=\"yoast-schema-graph\">{\"@context\":\"https:\/\/schema.org\",\"@graph\":[{\"@type\":\"WebSite\",\"@id\":\"https:\/\/pakosc-kalwaria.franciszkanie.net\/#website\",\"url\":\"https:\/\/pakosc-kalwaria.franciszkanie.net\/\",\"name\":\"Pako\u015b\u0107 \u2013 Kalwaria\",\"description\":\"Parafia Rzymsko \u2013 Katolicka p.w. Pana Jezusa Ukrzy\u017cowanego i  Matki Bo\u017cej Bolesnej ul. Barci\u0144ska 60, 88\u2013170 Pako\u015b\u0107 \u2013 Kalwaria\",\"potentialAction\":[{\"@type\":\"SearchAction\",\"target\":{\"@type\":\"EntryPoint\",\"urlTemplate\":\"https:\/\/pakosc-kalwaria.franciszkanie.net\/?s={search_term_string}\"},\"query-input\":\"required name=search_term_string\"}],\"inLanguage\":\"pl-PL\"},{\"@type\":\"ImageObject\",\"@id\":\"https:\/\/pakosc-kalwaria.franciszkanie.net\/index.php\/2022\/11\/05\/ogloszenia-duszpasterskie-xxxii-niedziela-zwykla-06-11-2022r\/#primaryimage\",\"inLanguage\":\"pl-PL\",\"url\":\"https:\/\/pakosc-kalwaria.franciszkanie.net\/wp-content\/uploads\/2022\/08\/poslani-w-pokoju-chrystusa-06_9875-1.jpg\",\"contentUrl\":\"https:\/\/pakosc-kalwaria.franciszkanie.net\/wp-content\/uploads\/2022\/08\/poslani-w-pokoju-chrystusa-06_9875-1.jpg\",\"width\":400,\"height\":201},{\"@type\":\"WebPage\",\"@id\":\"https:\/\/pakosc-kalwaria.franciszkanie.net\/index.php\/2022\/11\/05\/ogloszenia-duszpasterskie-xxxii-niedziela-zwykla-06-11-2022r\/#webpage\",\"url\":\"https:\/\/pakosc-kalwaria.franciszkanie.net\/index.php\/2022\/11\/05\/ogloszenia-duszpasterskie-xxxii-niedziela-zwykla-06-11-2022r\/\",\"name\":\"Og\u0142oszenia duszpasterskie XXXII Niedziela Zwyk\u0142a 06.11.2022r. - Pako\u015b\u0107 \u2013 Kalwaria\",\"isPartOf\":{\"@id\":\"https:\/\/pakosc-kalwaria.franciszkanie.net\/#website\"},\"primaryImageOfPage\":{\"@id\":\"https:\/\/pakosc-kalwaria.franciszkanie.net\/index.php\/2022\/11\/05\/ogloszenia-duszpasterskie-xxxii-niedziela-zwykla-06-11-2022r\/#primaryimage\"},\"datePublished\":\"2022-11-05T15:45:08+00:00\",\"dateModified\":\"2022-11-05T15:47:17+00:00\",\"author\":{\"@id\":\"https:\/\/pakosc-kalwaria.franciszkanie.net\/#\/schema\/person\/af10b943be0760709227d060eadcb2aa\"},\"breadcrumb\":{\"@id\":\"https:\/\/pakosc-kalwaria.franciszkanie.net\/index.php\/2022\/11\/05\/ogloszenia-duszpasterskie-xxxii-niedziela-zwykla-06-11-2022r\/#breadcrumb\"},\"inLanguage\":\"pl-PL\",\"potentialAction\":[{\"@type\":\"ReadAction\",\"target\":[\"https:\/\/pakosc-kalwaria.franciszkanie.net\/index.php\/2022\/11\/05\/ogloszenia-duszpasterskie-xxxii-niedziela-zwykla-06-11-2022r\/\"]}]},{\"@type\":\"BreadcrumbList\",\"@id\":\"https:\/\/pakosc-kalwaria.franciszkanie.net\/index.php\/2022\/11\/05\/ogloszenia-duszpasterskie-xxxii-niedziela-zwykla-06-11-2022r\/#breadcrumb\",\"itemListElement\":[{\"@type\":\"ListItem\",\"position\":1,\"name\":\"Strona g\u0142\u00f3wna\",\"item\":\"https:\/\/pakosc-kalwaria.franciszkanie.net\/\"},{\"@type\":\"ListItem\",\"position\":2,\"name\":\"Og\u0142oszenia duszpasterskie XXXII Niedziela Zwyk\u0142a 06.11.2022r.\"}]},{\"@type\":\"Person\",\"@id\":\"https:\/\/pakosc-kalwaria.franciszkanie.net\/#\/schema\/person\/af10b943be0760709227d060eadcb2aa\",\"name\":\"pakosc-kalwaria\",\"image\":{\"@type\":\"ImageObject\",\"@id\":\"https:\/\/pakosc-kalwaria.franciszkanie.net\/#personlogo\",\"inLanguage\":\"pl-PL\",\"url\":\"https:\/\/secure.gravatar.com\/avatar\/e7049d338b55eac6a0027ff3218b8d02?s=96&d=mm&r=g\",\"contentUrl\":\"https:\/\/secure.gravatar.com\/avatar\/e7049d338b55eac6a0027ff3218b8d02?s=96&d=mm&r=g\",\"caption\":\"pakosc-kalwaria\"},\"sameAs\":[\"https:\/\/www.facebook.com\/KalwariaPakosc\/\"],\"url\":\"https:\/\/pakosc-kalwaria.franciszkanie.net\/index.php\/author\/pakosc-kalwaria\/\"}]}<\/script>\n<!-- \/ Yoast SEO plugin. -->","yoast_head_json":{"title":"Og\u0142oszenia duszpasterskie XXXII Niedziela Zwyk\u0142a 06.11.2022r. - Pako\u015b\u0107 \u2013 Kalwaria","robots":{"index":"index","follow":"follow","max-snippet":"max-snippet:-1","max-image-preview":"max-image-preview:large","max-video-preview":"max-video-preview:-1"},"canonical":"https:\/\/pakosc-kalwaria.franciszkanie.net\/index.php\/2022\/11\/05\/ogloszenia-duszpasterskie-xxxii-niedziela-zwykla-06-11-2022r\/","og_locale":"pl_PL","og_type":"article","og_title":"Og\u0142oszenia duszpasterskie XXXII Niedziela Zwyk\u0142a 06.11.2022r. - Pako\u015b\u0107 \u2013 Kalwaria","og_description":"Wystawienie Naj\u015bwi\u0119tszego Sakramentu godzin\u0119 przed Msz\u0105 \u015bw. Wsp\u00f3lny R\u00f3\u017caniec przed Naj\u015bwi\u0119tszym Sakramentem o godz. 16.30 NABO\u017bE\u0143STWA \u2022 Poniedzia\u0142ek- Litania do Krwi Chrystusa Pana- po r\u00f3\u017ca\u0144cu \u2022 Wtorek- Nabo\u017ce\u0144stwo ku czci \u015bw. Antoniego- po Mszy \u015bwi\u0119tej \u2022 \u015aroda- Litania do \u015bw. J\u00f3zefa- po r\u00f3\u017ca\u0144cu, Nabo\u017ce\u0144stwo do MB Nieustaj\u0105cej Pomocy- po Mszy \u015bw. \u2022 Czwartek- Nabo\u017ce\u0144stwo ku &hellip;","og_url":"https:\/\/pakosc-kalwaria.franciszkanie.net\/index.php\/2022\/11\/05\/ogloszenia-duszpasterskie-xxxii-niedziela-zwykla-06-11-2022r\/","og_site_name":"Pako\u015b\u0107 \u2013 Kalwaria","article_author":"https:\/\/www.facebook.com\/KalwariaPakosc\/","article_published_time":"2022-11-05T15:45:08+00:00","article_modified_time":"2022-11-05T15:47:17+00:00","og_image":[{"width":400,"height":201,"url":"https:\/\/pakosc-kalwaria.franciszkanie.net\/wp-content\/uploads\/2022\/08\/poslani-w-pokoju-chrystusa-06_9875-1.jpg","type":"image\/jpeg"}],"twitter_card":"summary","twitter_misc":{"Napisane przez":"pakosc-kalwaria","Szacowany czas czytania":"3 minuty"},"schema":{"@context":"https:\/\/schema.org","@graph":[{"@type":"WebSite","@id":"https:\/\/pakosc-kalwaria.franciszkanie.net\/#website","url":"https:\/\/pakosc-kalwaria.franciszkanie.net\/","name":"Pako\u015b\u0107 \u2013 Kalwaria","description":"Parafia Rzymsko \u2013 Katolicka p.w. Pana Jezusa Ukrzy\u017cowanego i  Matki Bo\u017cej Bolesnej ul. Barci\u0144ska 60, 88\u2013170 Pako\u015b\u0107 \u2013 Kalwaria","potentialAction":[{"@type":"SearchAction","target":{"@type":"EntryPoint","urlTemplate":"https:\/\/pakosc-kalwaria.franciszkanie.net\/?s={search_term_string}"},"query-input":"required name=search_term_string"}],"inLanguage":"pl-PL"},{"@type":"ImageObject","@id":"https:\/\/pakosc-kalwaria.franciszkanie.net\/index.php\/2022\/11\/05\/ogloszenia-duszpasterskie-xxxii-niedziela-zwykla-06-11-2022r\/#primaryimage","inLanguage":"pl-PL","url":"https:\/\/pakosc-kalwaria.franciszkanie.net\/wp-content\/uploads\/2022\/08\/poslani-w-pokoju-chrystusa-06_9875-1.jpg","contentUrl":"https:\/\/pakosc-kalwaria.franciszkanie.net\/wp-content\/uploads\/2022\/08\/poslani-w-pokoju-chrystusa-06_9875-1.jpg","width":400,"height":201},{"@type":"WebPage","@id":"https:\/\/pakosc-kalwaria.franciszkanie.net\/index.php\/2022\/11\/05\/ogloszenia-duszpasterskie-xxxii-niedziela-zwykla-06-11-2022r\/#webpage","url":"https:\/\/pakosc-kalwaria.franciszkanie.net\/index.php\/2022\/11\/05\/ogloszenia-duszpasterskie-xxxii-niedziela-zwykla-06-11-2022r\/","name":"Og\u0142oszenia duszpasterskie XXXII Niedziela Zwyk\u0142a 06.11.2022r. - Pako\u015b\u0107 \u2013 Kalwaria","isPartOf":{"@id":"https:\/\/pakosc-kalwaria.franciszkanie.net\/#website"},"primaryImageOfPage":{"@id":"https:\/\/pakosc-kalwaria.franciszkanie.net\/index.php\/2022\/11\/05\/ogloszenia-duszpasterskie-xxxii-niedziela-zwykla-06-11-2022r\/#primaryimage"},"datePublished":"2022-11-05T15:45:08+00:00","dateModified":"2022-11-05T15:47:17+00:00","author":{"@id":"https:\/\/pakosc-kalwaria.franciszkanie.net\/#\/schema\/person\/af10b943be0760709227d060eadcb2aa"},"breadcrumb":{"@id":"https:\/\/pakosc-kalwaria.franciszkanie.net\/index.php\/2022\/11\/05\/ogloszenia-duszpasterskie-xxxii-niedziela-zwykla-06-11-2022r\/#breadcrumb"},"inLanguage":"pl-PL","potentialAction":[{"@type":"ReadAction","target":["https:\/\/pakosc-kalwaria.franciszkanie.net\/index.php\/2022\/11\/05\/ogloszenia-duszpasterskie-xxxii-niedziela-zwykla-06-11-2022r\/"]}]},{"@type":"BreadcrumbList","@id":"https:\/\/pakosc-kalwaria.franciszkanie.net\/index.php\/2022\/11\/05\/ogloszenia-duszpasterskie-xxxii-niedziela-zwykla-06-11-2022r\/#breadcrumb","itemListElement":[{"@type":"ListItem","position":1,"name":"Strona g\u0142\u00f3wna","item":"https:\/\/pakosc-kalwaria.franciszkanie.net\/"},{"@type":"ListItem","position":2,"name":"Og\u0142oszenia duszpasterskie XXXII Niedziela Zwyk\u0142a 06.11.2022r."}]},{"@type":"Person","@id":"https:\/\/pakosc-kalwaria.franciszkanie.net\/#\/schema\/person\/af10b943be0760709227d060eadcb2aa","name":"pakosc-kalwaria","image":{"@type":"ImageObject","@id":"https:\/\/pakosc-kalwaria.franciszkanie.net\/#personlogo","inLanguage":"pl-PL","url":"https:\/\/secure.gravatar.com\/avatar\/e7049d338b55eac6a0027ff3218b8d02?s=96&d=mm&r=g","contentUrl":"https:\/\/secure.gravatar.com\/avatar\/e7049d338b55eac6a0027ff3218b8d02?s=96&d=mm&r=g","caption":"pakosc-kalwaria"},"sameAs":["https:\/\/www.facebook.com\/KalwariaPakosc\/"],"url":"https:\/\/pakosc-kalwaria.franciszkanie.net\/index.php\/author\/pakosc-kalwaria\/"}]}},"_links":{"self":[{"href":"https:\/\/pakosc-kalwaria.franciszkanie.net\/index.php\/wp-json\/wp\/v2\/posts\/25382"}],"collection":[{"href":"https:\/\/pakosc-kalwaria.franciszkanie.net\/index.php\/wp-json\/wp\/v2\/posts"}],"about":[{"href":"https:\/\/pakosc-kalwaria.franciszkanie.net\/index.php\/wp-json\/wp\/v2\/types\/post"}],"author":[{"embeddable":true,"href":"https:\/\/pakosc-kalwaria.franciszkanie.net\/index.php\/wp-json\/wp\/v2\/users\/2"}],"replies":[{"embeddable":true,"href":"https:\/\/pakosc-kalwaria.franciszkanie.net\/index.php\/wp-json\/wp\/v2\/comments?post=25382"}],"version-history":[{"count":1,"href":"https:\/\/pakosc-kalwaria.franciszkanie.net\/index.php\/wp-json\/wp\/v2\/posts\/25382\/revisions"}],"predecessor-version":[{"id":25383,"href":"https:\/\/pakosc-kalwaria.franciszkanie.net\/index.php\/wp-json\/wp\/v2\/posts\/25382\/revisions\/25383"}],"wp:featuredmedia":[{"embeddable":true,"href":"https:\/\/pakosc-kalwaria.franciszkanie.net\/index.php\/wp-json\/wp\/v2\/media\/25211"}],"wp:attachment":[{"href":"https:\/\/pakosc-kalwaria.franciszkanie.net\/index.php\/wp-json\/wp\/v2\/media?parent=25382"}],"wp:term":[{"taxonomy":"category","embeddable":true,"href":"https:\/\/pakosc-kalwaria.franciszkanie.net\/index.php\/wp-json\/wp\/v2\/categories?post=25382"},{"taxonomy":"post_tag","embeddable":true,"href":"https:\/\/pakosc-kalwaria.franciszkanie.net\/index.php\/wp-json\/wp\/v2\/tags?post=25382"}],"curies":[{"name":"wp","href":"https:\/\/api.w.org\/{rel}","templated":true}]}}