{"id":25410,"date":"2022-11-18T19:02:36","date_gmt":"2022-11-18T18:02:36","guid":{"rendered":"http:\/\/pakosc-kalwaria.franciszkanie.net\/?p=25410"},"modified":"2022-11-18T19:02:36","modified_gmt":"2022-11-18T18:02:36","slug":"intencje-mszalne-20-27-11-2022r","status":"publish","type":"post","link":"https:\/\/pakosc-kalwaria.franciszkanie.net\/index.php\/2022\/11\/18\/intencje-mszalne-20-27-11-2022r\/","title":{"rendered":"Intencje Mszalne 20-27.11.2022r."},"content":{"rendered":"<p><span style=\"color: #ff0000;\"><strong>Niedziela- 20.11.2022r.<\/strong><\/span><br \/>\n9.00 Z okazji 49 Rocznicy \u015alubu Ireny i Andrzeja<br \/>\n11.00 Za + Remigiusza Jareckiego w 6 r. +<\/p>\n<p><span style=\"color: #ff0000;\"><strong>Poniedzia\u0142ek- 21.11.2022r.<\/strong><\/span><br \/>\n17.00 Za ++ Joann\u0119 Rogalsk\u0105 i ++ z rodzin Rogalskich i Wi\u015bniewskich<\/p>\n<p><strong><span style=\"color: #ff0000;\">Wtorek- 22.11.2022r.<\/span><\/strong><br \/>\n17.00 1) Za + Zygmunta Kowalcze- int. od szwagra Sylwestra z rodzin\u0105<br \/>\n2) Za + Mariana M\u0105ka- int. od chrze\u015bniaka S\u0142awomira z rodzin\u0105<\/p>\n<p><strong><span style=\"color: #ff0000;\">\u015aroda- 23.11.2022r.<\/span><\/strong><br \/>\n17.00 1) Za + Zygmunta Kowalcze- int. od kuzyna Adama z \u017con\u0105 i dzie\u0107mi z Jordanowa<br \/>\n2) Za + Stefani\u0119 Cyganek- int. od wnuczki Marioli z m\u0119\u017cem<\/p>\n<p><strong><span style=\"color: #ff0000;\">Czwartek- 24.11.2022r.<\/span><\/strong><br \/>\n17.00 1) Za + Zygmunta Kowalcze- int. od kuzyna Adama z \u017con\u0105 i dzie\u0107mi z Jordanowa<br \/>\n2) Za + Mariana M\u0105ka- int. od rodziny Trzebuchowskich z Broniewic<\/p>\n<p><strong><span style=\"color: #ff0000;\">Pi\u0105tek- 25.11.2022r.<\/span><\/strong><br \/>\n17.00 1) W int. zbiorowych do Pana Jezusa Ukrzy\u017cowanego i Mi\u0142osiernego<br \/>\n2) Za + Mariana M\u0105ka- int. od Damiana z rodzin\u0105<\/p>\n<p><strong><span style=\"color: #ff0000;\">Sobota- 26.11.2022r.<\/span><\/strong><br \/>\n17.00 1) Za + Angelik\u0119<br \/>\n2) Za + Mariana M\u0105ka- int. od Asi z rodzin\u0105<\/p>\n<p><strong><span style=\"color: #ff0000;\">Niedziela- 27.11.2022r.<\/span><\/strong><br \/>\n9.00 Z okazji 6 Rocznicy powstania R\u00f3\u017cy MB Bolesnej<br \/>\n11.00 Za + Andrzeja Parkosz, w 2 r.+<br \/>\n16.00 Za + Zbigniewa Cebula- int. od Barbary<\/p>\n","protected":false},"excerpt":{"rendered":"<p>Niedziela- 20.11.2022r. 9.00 Z okazji 49 Rocznicy \u015alubu Ireny i Andrzeja 11.00 Za + Remigiusza Jareckiego w 6 r. + Poniedzia\u0142ek- 21.11.2022r. 17.00 Za ++ Joann\u0119 Rogalsk\u0105 i ++ z rodzin Rogalskich i Wi\u015bniewskich Wtorek- 22.11.2022r. 17.00 1) Za + Zygmunta Kowalcze- int. od szwagra Sylwestra z rodzin\u0105 2) Za + Mariana M\u0105ka- int. od &hellip;<\/p>\n","protected":false},"author":2,"featured_media":25379,"comment_status":"closed","ping_status":"closed","sticky":false,"template":"","format":"standard","meta":{"_mi_skip_tracking":false,"_exactmetrics_sitenote_active":false,"_exactmetrics_sitenote_note":"","_exactmetrics_sitenote_category":0},"categories":[6],"tags":[],"yoast_head":"<!-- This site is optimized with the Yoast SEO plugin v18.1 - https:\/\/yoast.com\/wordpress\/plugins\/seo\/ -->\n<title>Intencje Mszalne 20-27.11.2022r. - Pako\u015b\u0107 \u2013 Kalwaria<\/title>\n<meta name=\"robots\" content=\"index, follow, max-snippet:-1, max-image-preview:large, max-video-preview:-1\" \/>\n<link rel=\"canonical\" href=\"https:\/\/pakosc-kalwaria.franciszkanie.net\/index.php\/2022\/11\/18\/intencje-mszalne-20-27-11-2022r\/\" \/>\n<meta property=\"og:locale\" content=\"pl_PL\" \/>\n<meta property=\"og:type\" content=\"article\" \/>\n<meta property=\"og:title\" content=\"Intencje Mszalne 20-27.11.2022r. - Pako\u015b\u0107 \u2013 Kalwaria\" \/>\n<meta property=\"og:description\" content=\"Niedziela- 20.11.2022r. 9.00 Z okazji 49 Rocznicy \u015alubu Ireny i Andrzeja 11.00 Za + Remigiusza Jareckiego w 6 r. + Poniedzia\u0142ek- 21.11.2022r. 17.00 Za ++ Joann\u0119 Rogalsk\u0105 i ++ z rodzin Rogalskich i Wi\u015bniewskich Wtorek- 22.11.2022r. 17.00 1) Za + Zygmunta Kowalcze- int. od szwagra Sylwestra z rodzin\u0105 2) Za + Mariana M\u0105ka- int. od &hellip;\" \/>\n<meta property=\"og:url\" content=\"https:\/\/pakosc-kalwaria.franciszkanie.net\/index.php\/2022\/11\/18\/intencje-mszalne-20-27-11-2022r\/\" \/>\n<meta property=\"og:site_name\" content=\"Pako\u015b\u0107 \u2013 Kalwaria\" \/>\n<meta property=\"article:author\" content=\"https:\/\/www.facebook.com\/KalwariaPakosc\/\" \/>\n<meta property=\"article:published_time\" content=\"2022-11-18T18:02:36+00:00\" \/>\n<meta property=\"og:image\" content=\"https:\/\/pakosc-kalwaria.franciszkanie.net\/wp-content\/uploads\/2022\/11\/intencje-mszlane-752x440-1.jpg\" \/>\n\t<meta property=\"og:image:width\" content=\"350\" \/>\n\t<meta property=\"og:image:height\" content=\"205\" \/>\n\t<meta property=\"og:image:type\" content=\"image\/jpeg\" \/>\n<meta name=\"twitter:card\" content=\"summary\" \/>\n<meta name=\"twitter:label1\" content=\"Napisane przez\" \/>\n\t<meta name=\"twitter:data1\" content=\"pakosc-kalwaria\" \/>\n\t<meta name=\"twitter:label2\" content=\"Szacowany czas czytania\" \/>\n\t<meta name=\"twitter:data2\" content=\"1 minuta\" \/>\n<script type=\"application\/ld+json\" class=\"yoast-schema-graph\">{\"@context\":\"https:\/\/schema.org\",\"@graph\":[{\"@type\":\"WebSite\",\"@id\":\"https:\/\/pakosc-kalwaria.franciszkanie.net\/#website\",\"url\":\"https:\/\/pakosc-kalwaria.franciszkanie.net\/\",\"name\":\"Pako\u015b\u0107 \u2013 Kalwaria\",\"description\":\"Parafia Rzymsko \u2013 Katolicka p.w. Pana Jezusa Ukrzy\u017cowanego i  Matki Bo\u017cej Bolesnej ul. Barci\u0144ska 60, 88\u2013170 Pako\u015b\u0107 \u2013 Kalwaria\",\"potentialAction\":[{\"@type\":\"SearchAction\",\"target\":{\"@type\":\"EntryPoint\",\"urlTemplate\":\"https:\/\/pakosc-kalwaria.franciszkanie.net\/?s={search_term_string}\"},\"query-input\":\"required name=search_term_string\"}],\"inLanguage\":\"pl-PL\"},{\"@type\":\"ImageObject\",\"@id\":\"https:\/\/pakosc-kalwaria.franciszkanie.net\/index.php\/2022\/11\/18\/intencje-mszalne-20-27-11-2022r\/#primaryimage\",\"inLanguage\":\"pl-PL\",\"url\":\"https:\/\/pakosc-kalwaria.franciszkanie.net\/wp-content\/uploads\/2022\/11\/intencje-mszlane-752x440-1.jpg\",\"contentUrl\":\"https:\/\/pakosc-kalwaria.franciszkanie.net\/wp-content\/uploads\/2022\/11\/intencje-mszlane-752x440-1.jpg\",\"width\":350,\"height\":205},{\"@type\":\"WebPage\",\"@id\":\"https:\/\/pakosc-kalwaria.franciszkanie.net\/index.php\/2022\/11\/18\/intencje-mszalne-20-27-11-2022r\/#webpage\",\"url\":\"https:\/\/pakosc-kalwaria.franciszkanie.net\/index.php\/2022\/11\/18\/intencje-mszalne-20-27-11-2022r\/\",\"name\":\"Intencje Mszalne 20-27.11.2022r. - Pako\u015b\u0107 \u2013 Kalwaria\",\"isPartOf\":{\"@id\":\"https:\/\/pakosc-kalwaria.franciszkanie.net\/#website\"},\"primaryImageOfPage\":{\"@id\":\"https:\/\/pakosc-kalwaria.franciszkanie.net\/index.php\/2022\/11\/18\/intencje-mszalne-20-27-11-2022r\/#primaryimage\"},\"datePublished\":\"2022-11-18T18:02:36+00:00\",\"dateModified\":\"2022-11-18T18:02:36+00:00\",\"author\":{\"@id\":\"https:\/\/pakosc-kalwaria.franciszkanie.net\/#\/schema\/person\/af10b943be0760709227d060eadcb2aa\"},\"breadcrumb\":{\"@id\":\"https:\/\/pakosc-kalwaria.franciszkanie.net\/index.php\/2022\/11\/18\/intencje-mszalne-20-27-11-2022r\/#breadcrumb\"},\"inLanguage\":\"pl-PL\",\"potentialAction\":[{\"@type\":\"ReadAction\",\"target\":[\"https:\/\/pakosc-kalwaria.franciszkanie.net\/index.php\/2022\/11\/18\/intencje-mszalne-20-27-11-2022r\/\"]}]},{\"@type\":\"BreadcrumbList\",\"@id\":\"https:\/\/pakosc-kalwaria.franciszkanie.net\/index.php\/2022\/11\/18\/intencje-mszalne-20-27-11-2022r\/#breadcrumb\",\"itemListElement\":[{\"@type\":\"ListItem\",\"position\":1,\"name\":\"Strona g\u0142\u00f3wna\",\"item\":\"https:\/\/pakosc-kalwaria.franciszkanie.net\/\"},{\"@type\":\"ListItem\",\"position\":2,\"name\":\"Intencje Mszalne 20-27.11.2022r.\"}]},{\"@type\":\"Person\",\"@id\":\"https:\/\/pakosc-kalwaria.franciszkanie.net\/#\/schema\/person\/af10b943be0760709227d060eadcb2aa\",\"name\":\"pakosc-kalwaria\",\"image\":{\"@type\":\"ImageObject\",\"@id\":\"https:\/\/pakosc-kalwaria.franciszkanie.net\/#personlogo\",\"inLanguage\":\"pl-PL\",\"url\":\"https:\/\/secure.gravatar.com\/avatar\/e7049d338b55eac6a0027ff3218b8d02?s=96&d=mm&r=g\",\"contentUrl\":\"https:\/\/secure.gravatar.com\/avatar\/e7049d338b55eac6a0027ff3218b8d02?s=96&d=mm&r=g\",\"caption\":\"pakosc-kalwaria\"},\"sameAs\":[\"https:\/\/www.facebook.com\/KalwariaPakosc\/\"],\"url\":\"https:\/\/pakosc-kalwaria.franciszkanie.net\/index.php\/author\/pakosc-kalwaria\/\"}]}<\/script>\n<!-- \/ Yoast SEO plugin. -->","yoast_head_json":{"title":"Intencje Mszalne 20-27.11.2022r. - Pako\u015b\u0107 \u2013 Kalwaria","robots":{"index":"index","follow":"follow","max-snippet":"max-snippet:-1","max-image-preview":"max-image-preview:large","max-video-preview":"max-video-preview:-1"},"canonical":"https:\/\/pakosc-kalwaria.franciszkanie.net\/index.php\/2022\/11\/18\/intencje-mszalne-20-27-11-2022r\/","og_locale":"pl_PL","og_type":"article","og_title":"Intencje Mszalne 20-27.11.2022r. - Pako\u015b\u0107 \u2013 Kalwaria","og_description":"Niedziela- 20.11.2022r. 9.00 Z okazji 49 Rocznicy \u015alubu Ireny i Andrzeja 11.00 Za + Remigiusza Jareckiego w 6 r. + Poniedzia\u0142ek- 21.11.2022r. 17.00 Za ++ Joann\u0119 Rogalsk\u0105 i ++ z rodzin Rogalskich i Wi\u015bniewskich Wtorek- 22.11.2022r. 17.00 1) Za + Zygmunta Kowalcze- int. od szwagra Sylwestra z rodzin\u0105 2) Za + Mariana M\u0105ka- int. od &hellip;","og_url":"https:\/\/pakosc-kalwaria.franciszkanie.net\/index.php\/2022\/11\/18\/intencje-mszalne-20-27-11-2022r\/","og_site_name":"Pako\u015b\u0107 \u2013 Kalwaria","article_author":"https:\/\/www.facebook.com\/KalwariaPakosc\/","article_published_time":"2022-11-18T18:02:36+00:00","og_image":[{"width":350,"height":205,"url":"https:\/\/pakosc-kalwaria.franciszkanie.net\/wp-content\/uploads\/2022\/11\/intencje-mszlane-752x440-1.jpg","type":"image\/jpeg"}],"twitter_card":"summary","twitter_misc":{"Napisane przez":"pakosc-kalwaria","Szacowany czas czytania":"1 minuta"},"schema":{"@context":"https:\/\/schema.org","@graph":[{"@type":"WebSite","@id":"https:\/\/pakosc-kalwaria.franciszkanie.net\/#website","url":"https:\/\/pakosc-kalwaria.franciszkanie.net\/","name":"Pako\u015b\u0107 \u2013 Kalwaria","description":"Parafia Rzymsko \u2013 Katolicka p.w. Pana Jezusa Ukrzy\u017cowanego i  Matki Bo\u017cej Bolesnej ul. Barci\u0144ska 60, 88\u2013170 Pako\u015b\u0107 \u2013 Kalwaria","potentialAction":[{"@type":"SearchAction","target":{"@type":"EntryPoint","urlTemplate":"https:\/\/pakosc-kalwaria.franciszkanie.net\/?s={search_term_string}"},"query-input":"required name=search_term_string"}],"inLanguage":"pl-PL"},{"@type":"ImageObject","@id":"https:\/\/pakosc-kalwaria.franciszkanie.net\/index.php\/2022\/11\/18\/intencje-mszalne-20-27-11-2022r\/#primaryimage","inLanguage":"pl-PL","url":"https:\/\/pakosc-kalwaria.franciszkanie.net\/wp-content\/uploads\/2022\/11\/intencje-mszlane-752x440-1.jpg","contentUrl":"https:\/\/pakosc-kalwaria.franciszkanie.net\/wp-content\/uploads\/2022\/11\/intencje-mszlane-752x440-1.jpg","width":350,"height":205},{"@type":"WebPage","@id":"https:\/\/pakosc-kalwaria.franciszkanie.net\/index.php\/2022\/11\/18\/intencje-mszalne-20-27-11-2022r\/#webpage","url":"https:\/\/pakosc-kalwaria.franciszkanie.net\/index.php\/2022\/11\/18\/intencje-mszalne-20-27-11-2022r\/","name":"Intencje Mszalne 20-27.11.2022r. - Pako\u015b\u0107 \u2013 Kalwaria","isPartOf":{"@id":"https:\/\/pakosc-kalwaria.franciszkanie.net\/#website"},"primaryImageOfPage":{"@id":"https:\/\/pakosc-kalwaria.franciszkanie.net\/index.php\/2022\/11\/18\/intencje-mszalne-20-27-11-2022r\/#primaryimage"},"datePublished":"2022-11-18T18:02:36+00:00","dateModified":"2022-11-18T18:02:36+00:00","author":{"@id":"https:\/\/pakosc-kalwaria.franciszkanie.net\/#\/schema\/person\/af10b943be0760709227d060eadcb2aa"},"breadcrumb":{"@id":"https:\/\/pakosc-kalwaria.franciszkanie.net\/index.php\/2022\/11\/18\/intencje-mszalne-20-27-11-2022r\/#breadcrumb"},"inLanguage":"pl-PL","potentialAction":[{"@type":"ReadAction","target":["https:\/\/pakosc-kalwaria.franciszkanie.net\/index.php\/2022\/11\/18\/intencje-mszalne-20-27-11-2022r\/"]}]},{"@type":"BreadcrumbList","@id":"https:\/\/pakosc-kalwaria.franciszkanie.net\/index.php\/2022\/11\/18\/intencje-mszalne-20-27-11-2022r\/#breadcrumb","itemListElement":[{"@type":"ListItem","position":1,"name":"Strona g\u0142\u00f3wna","item":"https:\/\/pakosc-kalwaria.franciszkanie.net\/"},{"@type":"ListItem","position":2,"name":"Intencje Mszalne 20-27.11.2022r."}]},{"@type":"Person","@id":"https:\/\/pakosc-kalwaria.franciszkanie.net\/#\/schema\/person\/af10b943be0760709227d060eadcb2aa","name":"pakosc-kalwaria","image":{"@type":"ImageObject","@id":"https:\/\/pakosc-kalwaria.franciszkanie.net\/#personlogo","inLanguage":"pl-PL","url":"https:\/\/secure.gravatar.com\/avatar\/e7049d338b55eac6a0027ff3218b8d02?s=96&d=mm&r=g","contentUrl":"https:\/\/secure.gravatar.com\/avatar\/e7049d338b55eac6a0027ff3218b8d02?s=96&d=mm&r=g","caption":"pakosc-kalwaria"},"sameAs":["https:\/\/www.facebook.com\/KalwariaPakosc\/"],"url":"https:\/\/pakosc-kalwaria.franciszkanie.net\/index.php\/author\/pakosc-kalwaria\/"}]}},"_links":{"self":[{"href":"https:\/\/pakosc-kalwaria.franciszkanie.net\/index.php\/wp-json\/wp\/v2\/posts\/25410"}],"collection":[{"href":"https:\/\/pakosc-kalwaria.franciszkanie.net\/index.php\/wp-json\/wp\/v2\/posts"}],"about":[{"href":"https:\/\/pakosc-kalwaria.franciszkanie.net\/index.php\/wp-json\/wp\/v2\/types\/post"}],"author":[{"embeddable":true,"href":"https:\/\/pakosc-kalwaria.franciszkanie.net\/index.php\/wp-json\/wp\/v2\/users\/2"}],"replies":[{"embeddable":true,"href":"https:\/\/pakosc-kalwaria.franciszkanie.net\/index.php\/wp-json\/wp\/v2\/comments?post=25410"}],"version-history":[{"count":1,"href":"https:\/\/pakosc-kalwaria.franciszkanie.net\/index.php\/wp-json\/wp\/v2\/posts\/25410\/revisions"}],"predecessor-version":[{"id":25411,"href":"https:\/\/pakosc-kalwaria.franciszkanie.net\/index.php\/wp-json\/wp\/v2\/posts\/25410\/revisions\/25411"}],"wp:featuredmedia":[{"embeddable":true,"href":"https:\/\/pakosc-kalwaria.franciszkanie.net\/index.php\/wp-json\/wp\/v2\/media\/25379"}],"wp:attachment":[{"href":"https:\/\/pakosc-kalwaria.franciszkanie.net\/index.php\/wp-json\/wp\/v2\/media?parent=25410"}],"wp:term":[{"taxonomy":"category","embeddable":true,"href":"https:\/\/pakosc-kalwaria.franciszkanie.net\/index.php\/wp-json\/wp\/v2\/categories?post=25410"},{"taxonomy":"post_tag","embeddable":true,"href":"https:\/\/pakosc-kalwaria.franciszkanie.net\/index.php\/wp-json\/wp\/v2\/tags?post=25410"}],"curies":[{"name":"wp","href":"https:\/\/api.w.org\/{rel}","templated":true}]}}