{"id":26535,"date":"2023-02-10T20:15:26","date_gmt":"2023-02-10T19:15:26","guid":{"rendered":"https:\/\/pakosc-kalwaria.franciszkanie.net\/?p=26535"},"modified":"2023-02-13T21:00:40","modified_gmt":"2023-02-13T20:00:40","slug":"intencje-mszalne-12-02-19-02-2023r","status":"publish","type":"post","link":"https:\/\/pakosc-kalwaria.franciszkanie.net\/index.php\/2023\/02\/10\/intencje-mszalne-12-02-19-02-2023r\/","title":{"rendered":"INTENCJE MSZALNE 12.02.-19.02.2023r."},"content":{"rendered":"<p><strong>Aktualizacja Intencji Mszalnych na dzie\u0144 13.02.2023r.<\/strong><\/p>\n<p><strong>\u015aroda 15.02.<\/strong><\/p>\n<p>Za + Janusza Zuszek \u2013 intencja od rodziny Fortu\u0144skich z Pako\u015bci.<\/p>\n<p><strong>Czwartek 16.02.<\/strong><\/p>\n<p>Intencja dzi\u0119kczynna z pro\u015bb\u0105 o Bo\u017ce b\u0142ogos\u0142awie\u0144stwo, opiek\u0119 Matki Bo\u017cej, dary Ducha \u015awi\u0119tego dla Joli.<\/p>\n<hr \/>\n<p><span style=\"color: #ff0000;\"><strong>Niedziela- 12.02.2023r.<\/strong><\/span><br \/>\n9.00 Za + Gra\u017cyn\u0119 Wolsk\u0105- greg.<br \/>\n11.00 Za + Jadwig\u0119 Czaja w 3 rocz. \u015bmierci, za + Bogdana Czaja<br \/>\n16.00 Za + Boles\u0142awa Gaczkowskiego i ++ Jego rodzic\u00f3w i rodze\u0144stwo<\/p>\n<p><strong>Poniedzia\u0142ek- 13.02.2023r.<\/strong><br \/>\n17.00<br \/>\n1) Za + Gra\u017cyn\u0119 Wolsk\u0105- greg.<br \/>\n2) Za ++ polecanych w Rocznych Wypominkach<\/p>\n<p><strong>Wtorek- 14.02.2023r.- \u015bwi\u0119to \u015bw. Cyryla, mnicha i Metodego, biskupa, Patron\u00f3w Europy<\/strong><br \/>\n17.00<br \/>\n1) Za + Gra\u017cyn\u0119 Wolsk\u0105- greg.<br \/>\n2) Za + Halin\u0119 Lorenc- int. od Kazimierza i Jadwigi z rodzin\u0105<\/p>\n<p><strong>\u015aroda- 15.02.2023r.<\/strong><br \/>\n17.00 Za + Gra\u017cyn\u0119 Wolsk\u0105- greg.<\/p>\n<p><strong>Czwartek- 16.02.2023r.<\/strong><br \/>\n17.00 Za + Gra\u017cyn\u0119 Wolsk\u0105- greg.<\/p>\n<p><strong>Pi\u0105tek- 17.02.2023r.<\/strong><br \/>\n17.00<br \/>\n1) W int. zbiorowych do Pana Jezusa Ukrzy\u017cowanego i Mi\u0142osiernego<br \/>\n2) Za + Gra\u017cyn\u0119 Wolsk\u0105- greg.<\/p>\n<p><strong>Sobota- 18.02.2023r.<\/strong><br \/>\n17.00<br \/>\n1) Za + Gra\u017cyn\u0119 Wolsk\u0105- greg.<br \/>\n2) Za ++ Jana i Regin\u0119 Podg\u00f3rskich<\/p>\n<p><strong><span style=\"color: #ff0000;\">Niedziela- 19.02.2023r.<\/span><\/strong><br \/>\n9.00 Za + Gra\u017cyn\u0119 Wolsk\u0105- greg.<br \/>\n11.00 Intencja dzi\u0119kczynna z pro\u015bb\u0105 o Bo\u017ce b\u0142., opiek\u0119 Matki Bo\u017cej dla Kuby z okazji 4 rocznicy urodzin<br \/>\n16.00<br \/>\n1) Za + Andrzeja Sasadeusz<br \/>\n2) Intencja dzi\u0119kczynna z pro\u015bb\u0105 o Bo\u017ce b\u0142., opiek\u0119 Matki Bo\u017cej dla Magdaleny i Marka Drza\u017cd\u017cy\u0144skich z okazji 25 rocznicy Sakramentu Ma\u0142\u017ce\u0144stwa<\/p>\n","protected":false},"excerpt":{"rendered":"<p>Aktualizacja Intencji Mszalnych na dzie\u0144 13.02.2023r. \u015aroda 15.02. Za + Janusza Zuszek \u2013 intencja od rodziny Fortu\u0144skich z Pako\u015bci. Czwartek 16.02. Intencja dzi\u0119kczynna z pro\u015bb\u0105 o Bo\u017ce b\u0142ogos\u0142awie\u0144stwo, opiek\u0119 Matki Bo\u017cej, dary Ducha \u015awi\u0119tego dla Joli. Niedziela- 12.02.2023r. 9.00 Za + Gra\u017cyn\u0119 Wolsk\u0105- greg. 11.00 Za + Jadwig\u0119 Czaja w 3 rocz. \u015bmierci, za + &hellip;<\/p>\n","protected":false},"author":2,"featured_media":25869,"comment_status":"closed","ping_status":"closed","sticky":false,"template":"","format":"standard","meta":{"_mi_skip_tracking":false,"_exactmetrics_sitenote_active":false,"_exactmetrics_sitenote_note":"","_exactmetrics_sitenote_category":0},"categories":[6],"tags":[],"yoast_head":"<!-- This site is optimized with the Yoast SEO plugin v18.1 - https:\/\/yoast.com\/wordpress\/plugins\/seo\/ -->\n<title>INTENCJE MSZALNE 12.02.-19.02.2023r. - Pako\u015b\u0107 \u2013 Kalwaria<\/title>\n<meta name=\"robots\" content=\"index, follow, max-snippet:-1, max-image-preview:large, max-video-preview:-1\" \/>\n<link rel=\"canonical\" href=\"https:\/\/pakosc-kalwaria.franciszkanie.net\/index.php\/2023\/02\/10\/intencje-mszalne-12-02-19-02-2023r\/\" \/>\n<meta property=\"og:locale\" content=\"pl_PL\" \/>\n<meta property=\"og:type\" content=\"article\" \/>\n<meta property=\"og:title\" content=\"INTENCJE MSZALNE 12.02.-19.02.2023r. - Pako\u015b\u0107 \u2013 Kalwaria\" \/>\n<meta property=\"og:description\" content=\"Aktualizacja Intencji Mszalnych na dzie\u0144 13.02.2023r. \u015aroda 15.02. Za + Janusza Zuszek \u2013 intencja od rodziny Fortu\u0144skich z Pako\u015bci. Czwartek 16.02. Intencja dzi\u0119kczynna z pro\u015bb\u0105 o Bo\u017ce b\u0142ogos\u0142awie\u0144stwo, opiek\u0119 Matki Bo\u017cej, dary Ducha \u015awi\u0119tego dla Joli. Niedziela- 12.02.2023r. 9.00 Za + Gra\u017cyn\u0119 Wolsk\u0105- greg. 11.00 Za + Jadwig\u0119 Czaja w 3 rocz. \u015bmierci, za + &hellip;\" \/>\n<meta property=\"og:url\" content=\"https:\/\/pakosc-kalwaria.franciszkanie.net\/index.php\/2023\/02\/10\/intencje-mszalne-12-02-19-02-2023r\/\" \/>\n<meta property=\"og:site_name\" content=\"Pako\u015b\u0107 \u2013 Kalwaria\" \/>\n<meta property=\"article:author\" content=\"https:\/\/www.facebook.com\/KalwariaPakosc\/\" \/>\n<meta property=\"article:published_time\" content=\"2023-02-10T19:15:26+00:00\" \/>\n<meta property=\"article:modified_time\" content=\"2023-02-13T20:00:40+00:00\" \/>\n<meta property=\"og:image\" content=\"http:\/\/pakosc-kalwaria.franciszkanie.net\/wp-content\/uploads\/2022\/12\/intencje-mszlane-752x440-1.jpg\" \/>\n\t<meta property=\"og:image:width\" content=\"350\" \/>\n\t<meta property=\"og:image:height\" content=\"205\" \/>\n\t<meta property=\"og:image:type\" content=\"image\/jpeg\" \/>\n<meta name=\"twitter:card\" content=\"summary\" \/>\n<meta name=\"twitter:label1\" content=\"Napisane przez\" \/>\n\t<meta name=\"twitter:data1\" content=\"pakosc-kalwaria\" \/>\n\t<meta name=\"twitter:label2\" content=\"Szacowany czas czytania\" \/>\n\t<meta name=\"twitter:data2\" content=\"2 minuty\" \/>\n<script type=\"application\/ld+json\" class=\"yoast-schema-graph\">{\"@context\":\"https:\/\/schema.org\",\"@graph\":[{\"@type\":\"WebSite\",\"@id\":\"https:\/\/pakosc-kalwaria.franciszkanie.net\/#website\",\"url\":\"https:\/\/pakosc-kalwaria.franciszkanie.net\/\",\"name\":\"Pako\u015b\u0107 \u2013 Kalwaria\",\"description\":\"Parafia Rzymsko \u2013 Katolicka p.w. Pana Jezusa Ukrzy\u017cowanego i  Matki Bo\u017cej Bolesnej ul. Barci\u0144ska 60, 88\u2013170 Pako\u015b\u0107 \u2013 Kalwaria\",\"potentialAction\":[{\"@type\":\"SearchAction\",\"target\":{\"@type\":\"EntryPoint\",\"urlTemplate\":\"https:\/\/pakosc-kalwaria.franciszkanie.net\/?s={search_term_string}\"},\"query-input\":\"required name=search_term_string\"}],\"inLanguage\":\"pl-PL\"},{\"@type\":\"ImageObject\",\"@id\":\"https:\/\/pakosc-kalwaria.franciszkanie.net\/index.php\/2023\/02\/10\/intencje-mszalne-12-02-19-02-2023r\/#primaryimage\",\"inLanguage\":\"pl-PL\",\"url\":\"https:\/\/pakosc-kalwaria.franciszkanie.net\/wp-content\/uploads\/2022\/12\/intencje-mszlane-752x440-1.jpg\",\"contentUrl\":\"https:\/\/pakosc-kalwaria.franciszkanie.net\/wp-content\/uploads\/2022\/12\/intencje-mszlane-752x440-1.jpg\",\"width\":350,\"height\":205},{\"@type\":\"WebPage\",\"@id\":\"https:\/\/pakosc-kalwaria.franciszkanie.net\/index.php\/2023\/02\/10\/intencje-mszalne-12-02-19-02-2023r\/#webpage\",\"url\":\"https:\/\/pakosc-kalwaria.franciszkanie.net\/index.php\/2023\/02\/10\/intencje-mszalne-12-02-19-02-2023r\/\",\"name\":\"INTENCJE MSZALNE 12.02.-19.02.2023r. - Pako\u015b\u0107 \u2013 Kalwaria\",\"isPartOf\":{\"@id\":\"https:\/\/pakosc-kalwaria.franciszkanie.net\/#website\"},\"primaryImageOfPage\":{\"@id\":\"https:\/\/pakosc-kalwaria.franciszkanie.net\/index.php\/2023\/02\/10\/intencje-mszalne-12-02-19-02-2023r\/#primaryimage\"},\"datePublished\":\"2023-02-10T19:15:26+00:00\",\"dateModified\":\"2023-02-13T20:00:40+00:00\",\"author\":{\"@id\":\"https:\/\/pakosc-kalwaria.franciszkanie.net\/#\/schema\/person\/af10b943be0760709227d060eadcb2aa\"},\"breadcrumb\":{\"@id\":\"https:\/\/pakosc-kalwaria.franciszkanie.net\/index.php\/2023\/02\/10\/intencje-mszalne-12-02-19-02-2023r\/#breadcrumb\"},\"inLanguage\":\"pl-PL\",\"potentialAction\":[{\"@type\":\"ReadAction\",\"target\":[\"https:\/\/pakosc-kalwaria.franciszkanie.net\/index.php\/2023\/02\/10\/intencje-mszalne-12-02-19-02-2023r\/\"]}]},{\"@type\":\"BreadcrumbList\",\"@id\":\"https:\/\/pakosc-kalwaria.franciszkanie.net\/index.php\/2023\/02\/10\/intencje-mszalne-12-02-19-02-2023r\/#breadcrumb\",\"itemListElement\":[{\"@type\":\"ListItem\",\"position\":1,\"name\":\"Strona g\u0142\u00f3wna\",\"item\":\"https:\/\/pakosc-kalwaria.franciszkanie.net\/\"},{\"@type\":\"ListItem\",\"position\":2,\"name\":\"INTENCJE MSZALNE 12.02.-19.02.2023r.\"}]},{\"@type\":\"Person\",\"@id\":\"https:\/\/pakosc-kalwaria.franciszkanie.net\/#\/schema\/person\/af10b943be0760709227d060eadcb2aa\",\"name\":\"pakosc-kalwaria\",\"image\":{\"@type\":\"ImageObject\",\"@id\":\"https:\/\/pakosc-kalwaria.franciszkanie.net\/#personlogo\",\"inLanguage\":\"pl-PL\",\"url\":\"https:\/\/secure.gravatar.com\/avatar\/e7049d338b55eac6a0027ff3218b8d02?s=96&d=mm&r=g\",\"contentUrl\":\"https:\/\/secure.gravatar.com\/avatar\/e7049d338b55eac6a0027ff3218b8d02?s=96&d=mm&r=g\",\"caption\":\"pakosc-kalwaria\"},\"sameAs\":[\"https:\/\/www.facebook.com\/KalwariaPakosc\/\"],\"url\":\"https:\/\/pakosc-kalwaria.franciszkanie.net\/index.php\/author\/pakosc-kalwaria\/\"}]}<\/script>\n<!-- \/ Yoast SEO plugin. -->","yoast_head_json":{"title":"INTENCJE MSZALNE 12.02.-19.02.2023r. - Pako\u015b\u0107 \u2013 Kalwaria","robots":{"index":"index","follow":"follow","max-snippet":"max-snippet:-1","max-image-preview":"max-image-preview:large","max-video-preview":"max-video-preview:-1"},"canonical":"https:\/\/pakosc-kalwaria.franciszkanie.net\/index.php\/2023\/02\/10\/intencje-mszalne-12-02-19-02-2023r\/","og_locale":"pl_PL","og_type":"article","og_title":"INTENCJE MSZALNE 12.02.-19.02.2023r. - Pako\u015b\u0107 \u2013 Kalwaria","og_description":"Aktualizacja Intencji Mszalnych na dzie\u0144 13.02.2023r. \u015aroda 15.02. Za + Janusza Zuszek \u2013 intencja od rodziny Fortu\u0144skich z Pako\u015bci. Czwartek 16.02. Intencja dzi\u0119kczynna z pro\u015bb\u0105 o Bo\u017ce b\u0142ogos\u0142awie\u0144stwo, opiek\u0119 Matki Bo\u017cej, dary Ducha \u015awi\u0119tego dla Joli. Niedziela- 12.02.2023r. 9.00 Za + Gra\u017cyn\u0119 Wolsk\u0105- greg. 11.00 Za + Jadwig\u0119 Czaja w 3 rocz. \u015bmierci, za + &hellip;","og_url":"https:\/\/pakosc-kalwaria.franciszkanie.net\/index.php\/2023\/02\/10\/intencje-mszalne-12-02-19-02-2023r\/","og_site_name":"Pako\u015b\u0107 \u2013 Kalwaria","article_author":"https:\/\/www.facebook.com\/KalwariaPakosc\/","article_published_time":"2023-02-10T19:15:26+00:00","article_modified_time":"2023-02-13T20:00:40+00:00","og_image":[{"width":350,"height":205,"url":"http:\/\/pakosc-kalwaria.franciszkanie.net\/wp-content\/uploads\/2022\/12\/intencje-mszlane-752x440-1.jpg","type":"image\/jpeg"}],"twitter_card":"summary","twitter_misc":{"Napisane przez":"pakosc-kalwaria","Szacowany czas czytania":"2 minuty"},"schema":{"@context":"https:\/\/schema.org","@graph":[{"@type":"WebSite","@id":"https:\/\/pakosc-kalwaria.franciszkanie.net\/#website","url":"https:\/\/pakosc-kalwaria.franciszkanie.net\/","name":"Pako\u015b\u0107 \u2013 Kalwaria","description":"Parafia Rzymsko \u2013 Katolicka p.w. Pana Jezusa Ukrzy\u017cowanego i  Matki Bo\u017cej Bolesnej ul. Barci\u0144ska 60, 88\u2013170 Pako\u015b\u0107 \u2013 Kalwaria","potentialAction":[{"@type":"SearchAction","target":{"@type":"EntryPoint","urlTemplate":"https:\/\/pakosc-kalwaria.franciszkanie.net\/?s={search_term_string}"},"query-input":"required name=search_term_string"}],"inLanguage":"pl-PL"},{"@type":"ImageObject","@id":"https:\/\/pakosc-kalwaria.franciszkanie.net\/index.php\/2023\/02\/10\/intencje-mszalne-12-02-19-02-2023r\/#primaryimage","inLanguage":"pl-PL","url":"https:\/\/pakosc-kalwaria.franciszkanie.net\/wp-content\/uploads\/2022\/12\/intencje-mszlane-752x440-1.jpg","contentUrl":"https:\/\/pakosc-kalwaria.franciszkanie.net\/wp-content\/uploads\/2022\/12\/intencje-mszlane-752x440-1.jpg","width":350,"height":205},{"@type":"WebPage","@id":"https:\/\/pakosc-kalwaria.franciszkanie.net\/index.php\/2023\/02\/10\/intencje-mszalne-12-02-19-02-2023r\/#webpage","url":"https:\/\/pakosc-kalwaria.franciszkanie.net\/index.php\/2023\/02\/10\/intencje-mszalne-12-02-19-02-2023r\/","name":"INTENCJE MSZALNE 12.02.-19.02.2023r. - Pako\u015b\u0107 \u2013 Kalwaria","isPartOf":{"@id":"https:\/\/pakosc-kalwaria.franciszkanie.net\/#website"},"primaryImageOfPage":{"@id":"https:\/\/pakosc-kalwaria.franciszkanie.net\/index.php\/2023\/02\/10\/intencje-mszalne-12-02-19-02-2023r\/#primaryimage"},"datePublished":"2023-02-10T19:15:26+00:00","dateModified":"2023-02-13T20:00:40+00:00","author":{"@id":"https:\/\/pakosc-kalwaria.franciszkanie.net\/#\/schema\/person\/af10b943be0760709227d060eadcb2aa"},"breadcrumb":{"@id":"https:\/\/pakosc-kalwaria.franciszkanie.net\/index.php\/2023\/02\/10\/intencje-mszalne-12-02-19-02-2023r\/#breadcrumb"},"inLanguage":"pl-PL","potentialAction":[{"@type":"ReadAction","target":["https:\/\/pakosc-kalwaria.franciszkanie.net\/index.php\/2023\/02\/10\/intencje-mszalne-12-02-19-02-2023r\/"]}]},{"@type":"BreadcrumbList","@id":"https:\/\/pakosc-kalwaria.franciszkanie.net\/index.php\/2023\/02\/10\/intencje-mszalne-12-02-19-02-2023r\/#breadcrumb","itemListElement":[{"@type":"ListItem","position":1,"name":"Strona g\u0142\u00f3wna","item":"https:\/\/pakosc-kalwaria.franciszkanie.net\/"},{"@type":"ListItem","position":2,"name":"INTENCJE MSZALNE 12.02.-19.02.2023r."}]},{"@type":"Person","@id":"https:\/\/pakosc-kalwaria.franciszkanie.net\/#\/schema\/person\/af10b943be0760709227d060eadcb2aa","name":"pakosc-kalwaria","image":{"@type":"ImageObject","@id":"https:\/\/pakosc-kalwaria.franciszkanie.net\/#personlogo","inLanguage":"pl-PL","url":"https:\/\/secure.gravatar.com\/avatar\/e7049d338b55eac6a0027ff3218b8d02?s=96&d=mm&r=g","contentUrl":"https:\/\/secure.gravatar.com\/avatar\/e7049d338b55eac6a0027ff3218b8d02?s=96&d=mm&r=g","caption":"pakosc-kalwaria"},"sameAs":["https:\/\/www.facebook.com\/KalwariaPakosc\/"],"url":"https:\/\/pakosc-kalwaria.franciszkanie.net\/index.php\/author\/pakosc-kalwaria\/"}]}},"_links":{"self":[{"href":"https:\/\/pakosc-kalwaria.franciszkanie.net\/index.php\/wp-json\/wp\/v2\/posts\/26535"}],"collection":[{"href":"https:\/\/pakosc-kalwaria.franciszkanie.net\/index.php\/wp-json\/wp\/v2\/posts"}],"about":[{"href":"https:\/\/pakosc-kalwaria.franciszkanie.net\/index.php\/wp-json\/wp\/v2\/types\/post"}],"author":[{"embeddable":true,"href":"https:\/\/pakosc-kalwaria.franciszkanie.net\/index.php\/wp-json\/wp\/v2\/users\/2"}],"replies":[{"embeddable":true,"href":"https:\/\/pakosc-kalwaria.franciszkanie.net\/index.php\/wp-json\/wp\/v2\/comments?post=26535"}],"version-history":[{"count":2,"href":"https:\/\/pakosc-kalwaria.franciszkanie.net\/index.php\/wp-json\/wp\/v2\/posts\/26535\/revisions"}],"predecessor-version":[{"id":26614,"href":"https:\/\/pakosc-kalwaria.franciszkanie.net\/index.php\/wp-json\/wp\/v2\/posts\/26535\/revisions\/26614"}],"wp:featuredmedia":[{"embeddable":true,"href":"https:\/\/pakosc-kalwaria.franciszkanie.net\/index.php\/wp-json\/wp\/v2\/media\/25869"}],"wp:attachment":[{"href":"https:\/\/pakosc-kalwaria.franciszkanie.net\/index.php\/wp-json\/wp\/v2\/media?parent=26535"}],"wp:term":[{"taxonomy":"category","embeddable":true,"href":"https:\/\/pakosc-kalwaria.franciszkanie.net\/index.php\/wp-json\/wp\/v2\/categories?post=26535"},{"taxonomy":"post_tag","embeddable":true,"href":"https:\/\/pakosc-kalwaria.franciszkanie.net\/index.php\/wp-json\/wp\/v2\/tags?post=26535"}],"curies":[{"name":"wp","href":"https:\/\/api.w.org\/{rel}","templated":true}]}}