{"id":26537,"date":"2023-02-10T20:21:42","date_gmt":"2023-02-10T19:21:42","guid":{"rendered":"https:\/\/pakosc-kalwaria.franciszkanie.net\/?p=26537"},"modified":"2023-02-10T20:21:42","modified_gmt":"2023-02-10T19:21:42","slug":"ogloszenia-duszpasterskie-vi-niedziela-zwykla-12-02-2023-19-02-2023","status":"publish","type":"post","link":"https:\/\/pakosc-kalwaria.franciszkanie.net\/index.php\/2023\/02\/10\/ogloszenia-duszpasterskie-vi-niedziela-zwykla-12-02-2023-19-02-2023\/","title":{"rendered":"Og\u0142oszenia duszpasterskie &#8211; VI NIEDZIELA ZWYK\u0141A 12.02.2023 \u2013 19.02.2023"},"content":{"rendered":"<p>WYSTAWIENIE NAJ\u015aWI\u0118TSZEGO SAKRAMENTU- godzin\u0119 przed Msz\u0105 \u015bw.<br \/>\nWsp\u00f3lny R\u00f3\u017caniec- w tygodniu o godz. 16.30, w niedziel\u0119 o godz. 8.30<\/p>\n<p><span style=\"color: #ff0000;\"><strong>Pi\u0119\u0107 warunk\u00f3w spowiedzi \u015bwi\u0119tej jest nies\u0142ychanie wa\u017cnych, poniewa\u017c od nich zale\u017cy moc przemiany naszego serca po spowiedzi \u015bwi\u0119tej.<\/strong><\/span><\/p>\n<p><strong>Rachunek sumienia<\/strong> \u2013 nie r\u00f3bmy rachunku sumienia w drodze do ko\u015bcio\u0142a, czy w kolejce do spowiedzi \u015bwi\u0119tej. To jest traktowanie bardzo powierzchowne przegl\u0105du samego siebie. Nale\u017cy prosi\u0107, aby Duch \u015awi\u0119ty, ten kt\u00f3ry jest \u015bwiat\u0142em, prawd\u0105 o\u015bwieci\u0142 Nas, aby\u015bmy zobaczyli jak zranili\u015bmy mi\u0142o\u015b\u0107 Bo\u017c\u0105, krzywdy kt\u00f3re uczynili\u015bmy bli\u017aniemu i jak bardzo zranili\u015bmy mi\u0142o\u015b\u0107 do samego siebie. Nale\u017cy przypomnie\u0107 sobie r\u00f3\u017cnego rodzaju sytuacje zaniedbania mi\u0142o\u015bci do Boga, do cz\u0142owieka, grzechy, na kt\u00f3re nie zwracamy uwagi na co dzie\u0144. Nie usprawiedliwiajmy si\u0119 z grzechu.<\/p>\n<p><strong>\u017bal za grzechy<\/strong> \u2013 bardzo wa\u017cny warunek spowiedzi \u015bwi\u0119tej. Jest wezwaniem Ducha \u015awi\u0119tego, aby przekona\u0142 mnie o grzechu, \u017cebym zobaczy\u0142 oczami serca, oczami wiary, co m\u00f3j grzech zrobi\u0142 Jezusowi na Krzy\u017cu. Duch \u015awi\u0119ty wylewa wtedy ducha pobo\u017cno\u015bci. Ksi\u0119ga Zachariasza m\u00f3wi, \u017ce kiedy zostanie wylany duch pobo\u017cno\u015bci ludzie b\u0119d\u0105 p\u0142aka\u0107, jak si\u0119 p\u0142acze nad jedynakiem. Masz p\u0142aka\u0107 w swoim sercu z powodu tego, co Twoje grzechy uczyni\u0142y Jezusowi.<\/p>\n<p><strong>Mocne postanowienie poprawy<\/strong> \u2013 musimy zdecydowanie chcie\u0107 zobaczy\u0107, jakie okazje do grzechu ci\u0105gle powoduj\u0105, \u017ce grzesz\u0119, jakie sytuacje powoduj\u0105, \u017ce wchodz\u0119 w ten grzech na nowo. Chc\u0119 postanowi\u0107 popraw\u0119, czyli u\u015bwiadamiam sobie, \u017ce zaczynam walczy\u0107 nie tylko ze swoim grzechem, ale te\u017c ze wszystkimi okazjami do grzechu.<\/p>\n<p><strong>Szczera spowied\u017a<\/strong> \u2013 wa\u017cne, aby precyzyjnie nazwa\u0107 sw\u00f3j grzech. Ni l\u0119ka\u0107 si\u0119 przed ich wyznaniem. Nie uog\u00f3lniajmy, nie wybielajmy si\u0119. Masz odwag\u0119 uczyni\u0107 ten grzech \u2013 miej odwag\u0119 go wyzna\u0107. \u015awiadome zatajenie grzechu, mimo udzielonego rozgrzeszenia czyni spowied\u017a \u015bwi\u0119t\u0105 niewa\u017cn\u0105.<\/p>\n<p><strong>Zado\u015b\u0107uczynienie Panu Bogu i ludziom<\/strong> \u2013jest nies\u0142ychanie wa\u017cne, a tak cz\u0119sto zaniedbywane przez nas. Zado\u015b\u0107uczynienie to nie tylko pokuta, kt\u00f3r\u0105 kap\u0142an nam zada\u0142. Jest to symbol. Dope\u0142nieniem jest naprawienie krzywd wyrz\u0105dzonych przez zranienie s\u0142owem, postaw\u0105. Wynagrodzenie Panu Bogu i ludziom, za ka\u017cdy grzech, kt\u00f3ry pope\u0142nili\u015bmy. Brak wype\u0142nienia tego warunku sprawi, \u017ce b\u0119dziemy musieli odpokutowa\u0107 zadan\u0105 przez nas krzywd\u0119.<\/p>\n<hr \/>\n<p><strong>VI Niedziela Zwyk\u0142a- og\u0142oszenia<\/strong><\/p>\n<p><strong>Niedziela (12.02)<\/strong>\u2013 Z rado\u015bci\u0105 informujemy, \u017ce po Mszy \u015bw. o godz. 9.00 odb\u0119dzie si\u0119 uroczyste po\u015bwi\u0119cenie wyremontowanej i rozbudowanej sali parafialnej Cafe Francesco. Katecheza parafialna po Mszy \u015bw. o godz. 11.00. Serdecznie zapraszamy!<\/p>\n<p><strong>Wtorek (14.02)<\/strong> \u2013 tego dnia o. Walenty, gwardian, kustosz Sanktuarium Krzy\u017ca \u015awi\u0119tego, proboszcz parafii p.w. \u015bw. Bonawentury, obchodzi swoje imieniny zakonne. Otoczmy solenizanta w tym dniu modlitw\u0105.<\/p>\n<p><strong>Pi\u0105tek (17.02)<\/strong>&#8211; o godz. 16.30 Droga Krzy\u017cowa, o godz. 17.00 Msza \u015bw. w intencjach zbiorowych do Pana Jezusa Ukrzy\u017cowanego i Mi\u0142osiernego. Intencje mo\u017cna sk\u0142ada\u0107 w zakrystii lub do skarbonki pod ch\u00f3rem. Po Mszy \u015bw. Koronka do Bo\u017cego Mi\u0142osierdzia.<\/p>\n<p><strong>Sobota (18.02)<\/strong> \u2013 od godz. 19.00 zabawa karnawa\u0142owa w Cafe Francesco. S\u0105 jeszcze wolne miejsca. Lista dost\u0119pna w zakrystii. Zach\u0119camy do zapis\u00f3w i udzia\u0142u we wsp\u00f3lnej zabawie.<\/p>\n<p><strong>Niedziela (19.02)<\/strong> \u2013 Katecheza parafialna po Mszy \u015bw. o godz. 11.00. Serdecznie zapraszamy. Po katechezie odb\u0119dzie si\u0119 specjalne spotkanie dla kandydat\u00f3w do bierzmowania, kt\u00f3rzy w tym roku przyjmuj\u0105 sakrament bierzmowania. Obecno\u015b\u0107 obowi\u0105zkowa.<\/p>\n<hr \/>\n<p>Intencje Mszalne na 2023 rok mo\u017cna zg\u0142asza\u0107 po Mszy \u015bw. w zakrystii lub w biurze parafialnym tylko w godz. otwarcia (wt. i czw. w godz. 10.00 \u2013 11.00).<\/p>\n<p>Kolekta w zesz\u0142\u0105 niedziel\u0119 wynios\u0142a 1.531 z\u0142.<\/p>\n<p>W przysz\u0142\u0105 niedziel\u0119 kolekta remontowa przeznaczona b\u0119dzie na dalsze remonty podejmowane w parafii oraz na opa\u0142. Za ka\u017cd\u0105 ofiar\u0119 sk\u0142adamy serdeczne \u201eB\u00f3g zap\u0142a\u0107\u201d i zapewniamy o wdzi\u0119cznej modlitwie.<br \/>\n\u201eB\u00f3g zap\u0142a\u0107\u2019 wszystkim ofiarodawcom, kt\u00f3rzy wspieraj\u0105 zbi\u00f3rk\u0119 na potrzeby redakcji biuletynu (papier, toner).<\/p>\n<p>Ch\u0119tnych parafian zach\u0119camy do upieczenia ciasta na wsp\u00f3lny st\u00f3\u0142 w Cafe Francesco. Zapisy przyjmujemy w zakrystii.<\/p>\n<hr \/>\n<p>Niech Dobry B\u00f3g Wam i waszym Rodzinom obficie b\u0142ogos\u0142awi, a Matka Bo\u017ca Bolesna otacza swoj\u0105 przemo\u017cn\u0105 opiek\u0105.<\/p>\n<p style=\"text-align: right;\">o. Leon Barczak ofm<br \/>\nProboszcz<\/p>\n","protected":false},"excerpt":{"rendered":"<p>WYSTAWIENIE NAJ\u015aWI\u0118TSZEGO SAKRAMENTU- godzin\u0119 przed Msz\u0105 \u015bw. Wsp\u00f3lny R\u00f3\u017caniec- w tygodniu o godz. 16.30, w niedziel\u0119 o godz. 8.30 Pi\u0119\u0107 warunk\u00f3w spowiedzi \u015bwi\u0119tej jest nies\u0142ychanie wa\u017cnych, poniewa\u017c od nich zale\u017cy moc przemiany naszego serca po spowiedzi \u015bwi\u0119tej. Rachunek sumienia \u2013 nie r\u00f3bmy rachunku sumienia w drodze do ko\u015bcio\u0142a, czy w kolejce do spowiedzi \u015bwi\u0119tej. To &hellip;<\/p>\n","protected":false},"author":2,"featured_media":25870,"comment_status":"closed","ping_status":"closed","sticky":false,"template":"","format":"standard","meta":{"_mi_skip_tracking":false,"_exactmetrics_sitenote_active":false,"_exactmetrics_sitenote_note":"","_exactmetrics_sitenote_category":0},"categories":[5],"tags":[],"yoast_head":"<!-- This site is optimized with the Yoast SEO plugin v18.1 - https:\/\/yoast.com\/wordpress\/plugins\/seo\/ -->\n<title>Og\u0142oszenia duszpasterskie - VI NIEDZIELA ZWYK\u0141A 12.02.2023 \u2013 19.02.2023 - Pako\u015b\u0107 \u2013 Kalwaria<\/title>\n<meta name=\"robots\" content=\"index, follow, max-snippet:-1, max-image-preview:large, max-video-preview:-1\" \/>\n<link rel=\"canonical\" href=\"https:\/\/pakosc-kalwaria.franciszkanie.net\/index.php\/2023\/02\/10\/ogloszenia-duszpasterskie-vi-niedziela-zwykla-12-02-2023-19-02-2023\/\" \/>\n<meta property=\"og:locale\" content=\"pl_PL\" \/>\n<meta property=\"og:type\" content=\"article\" \/>\n<meta property=\"og:title\" content=\"Og\u0142oszenia duszpasterskie - VI NIEDZIELA ZWYK\u0141A 12.02.2023 \u2013 19.02.2023 - Pako\u015b\u0107 \u2013 Kalwaria\" \/>\n<meta property=\"og:description\" content=\"WYSTAWIENIE NAJ\u015aWI\u0118TSZEGO SAKRAMENTU- godzin\u0119 przed Msz\u0105 \u015bw. Wsp\u00f3lny R\u00f3\u017caniec- w tygodniu o godz. 16.30, w niedziel\u0119 o godz. 8.30 Pi\u0119\u0107 warunk\u00f3w spowiedzi \u015bwi\u0119tej jest nies\u0142ychanie wa\u017cnych, poniewa\u017c od nich zale\u017cy moc przemiany naszego serca po spowiedzi \u015bwi\u0119tej. Rachunek sumienia \u2013 nie r\u00f3bmy rachunku sumienia w drodze do ko\u015bcio\u0142a, czy w kolejce do spowiedzi \u015bwi\u0119tej. To &hellip;\" \/>\n<meta property=\"og:url\" content=\"https:\/\/pakosc-kalwaria.franciszkanie.net\/index.php\/2023\/02\/10\/ogloszenia-duszpasterskie-vi-niedziela-zwykla-12-02-2023-19-02-2023\/\" \/>\n<meta property=\"og:site_name\" content=\"Pako\u015b\u0107 \u2013 Kalwaria\" \/>\n<meta property=\"article:author\" content=\"https:\/\/www.facebook.com\/KalwariaPakosc\/\" \/>\n<meta property=\"article:published_time\" content=\"2023-02-10T19:21:42+00:00\" \/>\n<meta property=\"og:image\" content=\"http:\/\/pakosc-kalwaria.franciszkanie.net\/wp-content\/uploads\/2022\/12\/ogloszenia-duszpasterskie.jpg\" \/>\n\t<meta property=\"og:image:width\" content=\"400\" \/>\n\t<meta property=\"og:image:height\" content=\"201\" \/>\n\t<meta property=\"og:image:type\" content=\"image\/jpeg\" \/>\n<meta name=\"twitter:card\" content=\"summary\" \/>\n<meta name=\"twitter:label1\" content=\"Napisane przez\" \/>\n\t<meta name=\"twitter:data1\" content=\"pakosc-kalwaria\" \/>\n\t<meta name=\"twitter:label2\" content=\"Szacowany czas czytania\" \/>\n\t<meta name=\"twitter:data2\" content=\"4 minuty\" \/>\n<script type=\"application\/ld+json\" class=\"yoast-schema-graph\">{\"@context\":\"https:\/\/schema.org\",\"@graph\":[{\"@type\":\"WebSite\",\"@id\":\"https:\/\/pakosc-kalwaria.franciszkanie.net\/#website\",\"url\":\"https:\/\/pakosc-kalwaria.franciszkanie.net\/\",\"name\":\"Pako\u015b\u0107 \u2013 Kalwaria\",\"description\":\"Parafia Rzymsko \u2013 Katolicka p.w. Pana Jezusa Ukrzy\u017cowanego i  Matki Bo\u017cej Bolesnej ul. Barci\u0144ska 60, 88\u2013170 Pako\u015b\u0107 \u2013 Kalwaria\",\"potentialAction\":[{\"@type\":\"SearchAction\",\"target\":{\"@type\":\"EntryPoint\",\"urlTemplate\":\"https:\/\/pakosc-kalwaria.franciszkanie.net\/?s={search_term_string}\"},\"query-input\":\"required name=search_term_string\"}],\"inLanguage\":\"pl-PL\"},{\"@type\":\"ImageObject\",\"@id\":\"https:\/\/pakosc-kalwaria.franciszkanie.net\/index.php\/2023\/02\/10\/ogloszenia-duszpasterskie-vi-niedziela-zwykla-12-02-2023-19-02-2023\/#primaryimage\",\"inLanguage\":\"pl-PL\",\"url\":\"https:\/\/pakosc-kalwaria.franciszkanie.net\/wp-content\/uploads\/2022\/12\/ogloszenia-duszpasterskie.jpg\",\"contentUrl\":\"https:\/\/pakosc-kalwaria.franciszkanie.net\/wp-content\/uploads\/2022\/12\/ogloszenia-duszpasterskie.jpg\",\"width\":400,\"height\":201},{\"@type\":\"WebPage\",\"@id\":\"https:\/\/pakosc-kalwaria.franciszkanie.net\/index.php\/2023\/02\/10\/ogloszenia-duszpasterskie-vi-niedziela-zwykla-12-02-2023-19-02-2023\/#webpage\",\"url\":\"https:\/\/pakosc-kalwaria.franciszkanie.net\/index.php\/2023\/02\/10\/ogloszenia-duszpasterskie-vi-niedziela-zwykla-12-02-2023-19-02-2023\/\",\"name\":\"Og\u0142oszenia duszpasterskie - VI NIEDZIELA ZWYK\u0141A 12.02.2023 \u2013 19.02.2023 - Pako\u015b\u0107 \u2013 Kalwaria\",\"isPartOf\":{\"@id\":\"https:\/\/pakosc-kalwaria.franciszkanie.net\/#website\"},\"primaryImageOfPage\":{\"@id\":\"https:\/\/pakosc-kalwaria.franciszkanie.net\/index.php\/2023\/02\/10\/ogloszenia-duszpasterskie-vi-niedziela-zwykla-12-02-2023-19-02-2023\/#primaryimage\"},\"datePublished\":\"2023-02-10T19:21:42+00:00\",\"dateModified\":\"2023-02-10T19:21:42+00:00\",\"author\":{\"@id\":\"https:\/\/pakosc-kalwaria.franciszkanie.net\/#\/schema\/person\/af10b943be0760709227d060eadcb2aa\"},\"breadcrumb\":{\"@id\":\"https:\/\/pakosc-kalwaria.franciszkanie.net\/index.php\/2023\/02\/10\/ogloszenia-duszpasterskie-vi-niedziela-zwykla-12-02-2023-19-02-2023\/#breadcrumb\"},\"inLanguage\":\"pl-PL\",\"potentialAction\":[{\"@type\":\"ReadAction\",\"target\":[\"https:\/\/pakosc-kalwaria.franciszkanie.net\/index.php\/2023\/02\/10\/ogloszenia-duszpasterskie-vi-niedziela-zwykla-12-02-2023-19-02-2023\/\"]}]},{\"@type\":\"BreadcrumbList\",\"@id\":\"https:\/\/pakosc-kalwaria.franciszkanie.net\/index.php\/2023\/02\/10\/ogloszenia-duszpasterskie-vi-niedziela-zwykla-12-02-2023-19-02-2023\/#breadcrumb\",\"itemListElement\":[{\"@type\":\"ListItem\",\"position\":1,\"name\":\"Strona g\u0142\u00f3wna\",\"item\":\"https:\/\/pakosc-kalwaria.franciszkanie.net\/\"},{\"@type\":\"ListItem\",\"position\":2,\"name\":\"Og\u0142oszenia duszpasterskie &#8211; VI NIEDZIELA ZWYK\u0141A 12.02.2023 \u2013 19.02.2023\"}]},{\"@type\":\"Person\",\"@id\":\"https:\/\/pakosc-kalwaria.franciszkanie.net\/#\/schema\/person\/af10b943be0760709227d060eadcb2aa\",\"name\":\"pakosc-kalwaria\",\"image\":{\"@type\":\"ImageObject\",\"@id\":\"https:\/\/pakosc-kalwaria.franciszkanie.net\/#personlogo\",\"inLanguage\":\"pl-PL\",\"url\":\"https:\/\/secure.gravatar.com\/avatar\/e7049d338b55eac6a0027ff3218b8d02?s=96&d=mm&r=g\",\"contentUrl\":\"https:\/\/secure.gravatar.com\/avatar\/e7049d338b55eac6a0027ff3218b8d02?s=96&d=mm&r=g\",\"caption\":\"pakosc-kalwaria\"},\"sameAs\":[\"https:\/\/www.facebook.com\/KalwariaPakosc\/\"],\"url\":\"https:\/\/pakosc-kalwaria.franciszkanie.net\/index.php\/author\/pakosc-kalwaria\/\"}]}<\/script>\n<!-- \/ Yoast SEO plugin. -->","yoast_head_json":{"title":"Og\u0142oszenia duszpasterskie - VI NIEDZIELA ZWYK\u0141A 12.02.2023 \u2013 19.02.2023 - Pako\u015b\u0107 \u2013 Kalwaria","robots":{"index":"index","follow":"follow","max-snippet":"max-snippet:-1","max-image-preview":"max-image-preview:large","max-video-preview":"max-video-preview:-1"},"canonical":"https:\/\/pakosc-kalwaria.franciszkanie.net\/index.php\/2023\/02\/10\/ogloszenia-duszpasterskie-vi-niedziela-zwykla-12-02-2023-19-02-2023\/","og_locale":"pl_PL","og_type":"article","og_title":"Og\u0142oszenia duszpasterskie - VI NIEDZIELA ZWYK\u0141A 12.02.2023 \u2013 19.02.2023 - Pako\u015b\u0107 \u2013 Kalwaria","og_description":"WYSTAWIENIE NAJ\u015aWI\u0118TSZEGO SAKRAMENTU- godzin\u0119 przed Msz\u0105 \u015bw. Wsp\u00f3lny R\u00f3\u017caniec- w tygodniu o godz. 16.30, w niedziel\u0119 o godz. 8.30 Pi\u0119\u0107 warunk\u00f3w spowiedzi \u015bwi\u0119tej jest nies\u0142ychanie wa\u017cnych, poniewa\u017c od nich zale\u017cy moc przemiany naszego serca po spowiedzi \u015bwi\u0119tej. Rachunek sumienia \u2013 nie r\u00f3bmy rachunku sumienia w drodze do ko\u015bcio\u0142a, czy w kolejce do spowiedzi \u015bwi\u0119tej. To &hellip;","og_url":"https:\/\/pakosc-kalwaria.franciszkanie.net\/index.php\/2023\/02\/10\/ogloszenia-duszpasterskie-vi-niedziela-zwykla-12-02-2023-19-02-2023\/","og_site_name":"Pako\u015b\u0107 \u2013 Kalwaria","article_author":"https:\/\/www.facebook.com\/KalwariaPakosc\/","article_published_time":"2023-02-10T19:21:42+00:00","og_image":[{"width":400,"height":201,"url":"http:\/\/pakosc-kalwaria.franciszkanie.net\/wp-content\/uploads\/2022\/12\/ogloszenia-duszpasterskie.jpg","type":"image\/jpeg"}],"twitter_card":"summary","twitter_misc":{"Napisane przez":"pakosc-kalwaria","Szacowany czas czytania":"4 minuty"},"schema":{"@context":"https:\/\/schema.org","@graph":[{"@type":"WebSite","@id":"https:\/\/pakosc-kalwaria.franciszkanie.net\/#website","url":"https:\/\/pakosc-kalwaria.franciszkanie.net\/","name":"Pako\u015b\u0107 \u2013 Kalwaria","description":"Parafia Rzymsko \u2013 Katolicka p.w. Pana Jezusa Ukrzy\u017cowanego i  Matki Bo\u017cej Bolesnej ul. Barci\u0144ska 60, 88\u2013170 Pako\u015b\u0107 \u2013 Kalwaria","potentialAction":[{"@type":"SearchAction","target":{"@type":"EntryPoint","urlTemplate":"https:\/\/pakosc-kalwaria.franciszkanie.net\/?s={search_term_string}"},"query-input":"required name=search_term_string"}],"inLanguage":"pl-PL"},{"@type":"ImageObject","@id":"https:\/\/pakosc-kalwaria.franciszkanie.net\/index.php\/2023\/02\/10\/ogloszenia-duszpasterskie-vi-niedziela-zwykla-12-02-2023-19-02-2023\/#primaryimage","inLanguage":"pl-PL","url":"https:\/\/pakosc-kalwaria.franciszkanie.net\/wp-content\/uploads\/2022\/12\/ogloszenia-duszpasterskie.jpg","contentUrl":"https:\/\/pakosc-kalwaria.franciszkanie.net\/wp-content\/uploads\/2022\/12\/ogloszenia-duszpasterskie.jpg","width":400,"height":201},{"@type":"WebPage","@id":"https:\/\/pakosc-kalwaria.franciszkanie.net\/index.php\/2023\/02\/10\/ogloszenia-duszpasterskie-vi-niedziela-zwykla-12-02-2023-19-02-2023\/#webpage","url":"https:\/\/pakosc-kalwaria.franciszkanie.net\/index.php\/2023\/02\/10\/ogloszenia-duszpasterskie-vi-niedziela-zwykla-12-02-2023-19-02-2023\/","name":"Og\u0142oszenia duszpasterskie - VI NIEDZIELA ZWYK\u0141A 12.02.2023 \u2013 19.02.2023 - Pako\u015b\u0107 \u2013 Kalwaria","isPartOf":{"@id":"https:\/\/pakosc-kalwaria.franciszkanie.net\/#website"},"primaryImageOfPage":{"@id":"https:\/\/pakosc-kalwaria.franciszkanie.net\/index.php\/2023\/02\/10\/ogloszenia-duszpasterskie-vi-niedziela-zwykla-12-02-2023-19-02-2023\/#primaryimage"},"datePublished":"2023-02-10T19:21:42+00:00","dateModified":"2023-02-10T19:21:42+00:00","author":{"@id":"https:\/\/pakosc-kalwaria.franciszkanie.net\/#\/schema\/person\/af10b943be0760709227d060eadcb2aa"},"breadcrumb":{"@id":"https:\/\/pakosc-kalwaria.franciszkanie.net\/index.php\/2023\/02\/10\/ogloszenia-duszpasterskie-vi-niedziela-zwykla-12-02-2023-19-02-2023\/#breadcrumb"},"inLanguage":"pl-PL","potentialAction":[{"@type":"ReadAction","target":["https:\/\/pakosc-kalwaria.franciszkanie.net\/index.php\/2023\/02\/10\/ogloszenia-duszpasterskie-vi-niedziela-zwykla-12-02-2023-19-02-2023\/"]}]},{"@type":"BreadcrumbList","@id":"https:\/\/pakosc-kalwaria.franciszkanie.net\/index.php\/2023\/02\/10\/ogloszenia-duszpasterskie-vi-niedziela-zwykla-12-02-2023-19-02-2023\/#breadcrumb","itemListElement":[{"@type":"ListItem","position":1,"name":"Strona g\u0142\u00f3wna","item":"https:\/\/pakosc-kalwaria.franciszkanie.net\/"},{"@type":"ListItem","position":2,"name":"Og\u0142oszenia duszpasterskie &#8211; VI NIEDZIELA ZWYK\u0141A 12.02.2023 \u2013 19.02.2023"}]},{"@type":"Person","@id":"https:\/\/pakosc-kalwaria.franciszkanie.net\/#\/schema\/person\/af10b943be0760709227d060eadcb2aa","name":"pakosc-kalwaria","image":{"@type":"ImageObject","@id":"https:\/\/pakosc-kalwaria.franciszkanie.net\/#personlogo","inLanguage":"pl-PL","url":"https:\/\/secure.gravatar.com\/avatar\/e7049d338b55eac6a0027ff3218b8d02?s=96&d=mm&r=g","contentUrl":"https:\/\/secure.gravatar.com\/avatar\/e7049d338b55eac6a0027ff3218b8d02?s=96&d=mm&r=g","caption":"pakosc-kalwaria"},"sameAs":["https:\/\/www.facebook.com\/KalwariaPakosc\/"],"url":"https:\/\/pakosc-kalwaria.franciszkanie.net\/index.php\/author\/pakosc-kalwaria\/"}]}},"_links":{"self":[{"href":"https:\/\/pakosc-kalwaria.franciszkanie.net\/index.php\/wp-json\/wp\/v2\/posts\/26537"}],"collection":[{"href":"https:\/\/pakosc-kalwaria.franciszkanie.net\/index.php\/wp-json\/wp\/v2\/posts"}],"about":[{"href":"https:\/\/pakosc-kalwaria.franciszkanie.net\/index.php\/wp-json\/wp\/v2\/types\/post"}],"author":[{"embeddable":true,"href":"https:\/\/pakosc-kalwaria.franciszkanie.net\/index.php\/wp-json\/wp\/v2\/users\/2"}],"replies":[{"embeddable":true,"href":"https:\/\/pakosc-kalwaria.franciszkanie.net\/index.php\/wp-json\/wp\/v2\/comments?post=26537"}],"version-history":[{"count":1,"href":"https:\/\/pakosc-kalwaria.franciszkanie.net\/index.php\/wp-json\/wp\/v2\/posts\/26537\/revisions"}],"predecessor-version":[{"id":26538,"href":"https:\/\/pakosc-kalwaria.franciszkanie.net\/index.php\/wp-json\/wp\/v2\/posts\/26537\/revisions\/26538"}],"wp:featuredmedia":[{"embeddable":true,"href":"https:\/\/pakosc-kalwaria.franciszkanie.net\/index.php\/wp-json\/wp\/v2\/media\/25870"}],"wp:attachment":[{"href":"https:\/\/pakosc-kalwaria.franciszkanie.net\/index.php\/wp-json\/wp\/v2\/media?parent=26537"}],"wp:term":[{"taxonomy":"category","embeddable":true,"href":"https:\/\/pakosc-kalwaria.franciszkanie.net\/index.php\/wp-json\/wp\/v2\/categories?post=26537"},{"taxonomy":"post_tag","embeddable":true,"href":"https:\/\/pakosc-kalwaria.franciszkanie.net\/index.php\/wp-json\/wp\/v2\/tags?post=26537"}],"curies":[{"name":"wp","href":"https:\/\/api.w.org\/{rel}","templated":true}]}}