{"id":27122,"date":"2023-03-31T21:07:10","date_gmt":"2023-03-31T19:07:10","guid":{"rendered":"https:\/\/pakosc-kalwaria.franciszkanie.net\/?p=27122"},"modified":"2023-03-31T21:07:10","modified_gmt":"2023-03-31T19:07:10","slug":"ogloszenia-duszpasterskie-niedziela-palmowa-meki-panskiej-02-04-2023-09-04-2023","status":"publish","type":"post","link":"https:\/\/pakosc-kalwaria.franciszkanie.net\/index.php\/2023\/03\/31\/ogloszenia-duszpasterskie-niedziela-palmowa-meki-panskiej-02-04-2023-09-04-2023\/","title":{"rendered":"Og\u0142oszenia duszpasterskie -Niedziela Palmowa M\u0119ki Pa\u0144skiej  02.04.2023 \u2013 09.04.2023"},"content":{"rendered":"<p><span style=\"color: #ff0000;\"><strong>Od poniedzia\u0142ku do \u015brody okazja do spowiedzi \u015bwi\u0119tej 30 minut przed Msz\u0105 \u015bw.<\/strong><\/span><\/p>\n<p><strong>Niedziela Palmowa (02.04)<\/strong> Po\u015bwi\u0119cenie palm na ka\u017cdej Mszy \u015bwi\u0119tej.<br \/>\nW tym dniu przypada 17 rocznica przej\u015bcia \u015bw. Jana Paw\u0142a II do Domu Ojca.<\/p>\n<p><strong>Wtorek (04.04)<\/strong>&#8211; po Mszy \u015bw. zapraszamy do Cafe Francesco na kolejne spotkanie z filmem. Tego dnia film<strong> \u201ePasja\u201d<\/strong>. Serdecznie zapraszamy do udzia\u0142u w spotkaniu.<\/p>\n<p><strong>\u015aroda (05.04)-<\/strong> <strong>odwiedziny chorych<\/strong> od godz. 9.00<br \/>\n<strong>Kr\u0105g Biblijny<\/strong> po Mszy \u015bw. o godz. 17.00<\/p>\n<p>Do skarbonki pod ch\u00f3rem mo\u017cna sk\u0142ada\u0107 <strong>Ja\u0142mu\u017cn\u0119 Wielkopostn\u0105 oraz ofiary na kwiaty do Bo\u017cego Grobu.<\/strong><\/p>\n<p><strong>Kolekta w zesz\u0142\u0105 niedziel\u0119 wynios\u0142a 1.427 z\u0142. <\/strong><br \/>\n<strong>Wyra\u017camy wdzi\u0119czno\u015b\u0107 za z\u0142o\u017cone ofiary oraz za ka\u017cde Wasze duchowe i materialne wsparcie.<\/strong> \u201eB\u00f3g zap\u0142a\u0107\u2019 wszystkim ofiarodawcom, kt\u00f3rzy wspieraj\u0105 zbi\u00f3rk\u0119 na potrzeby redakcji biuletynu (papier, toner).<\/p>\n<p>Pod ch\u00f3rem do nabycia ksi\u0105\u017ceczki z rozwa\u017caniami pakoskiej Drogi Krzy\u017cowej. Wszelkie ofiary z\u0142o\u017cone za publikacje parafialne b\u0119d\u0105 przeznaczone na utrzymanie ko\u015bcio\u0142a kalwaryjskiego. Za dar serca niech B\u00f3g wynagrodzi.<\/p>\n<p>W naszej parafii powstaje sz\u00f3sta R\u00f3\u017ca R\u00f3\u017ca\u0144cowa pod wezwaniem \u015bw. Franciszka z Asy\u017cu, do kt\u00f3rej bardzo serdecznie zapraszamy!<\/p>\n<p><strong>Intencje Mszalne na 2023 rok mo\u017cna zg\u0142asza\u0107 po Mszy \u015bw. w zakrystii lub w biurze parafialnym tylko w godz. otwarcia (wt. i czw. w godz. 10.00 \u2013 11.00).<\/strong><\/p>\n<hr \/>\n<p><strong>Program Triduum Paschalnego w Ko\u015bciele Ukrzy\u017cowania i na Kalwarii Pakoskiej<\/strong><br \/>\n<strong><span style=\"color: #ff0000;\">WIELKI CZWARTEK \u2013 6 kwietnia 2023r.<\/span><\/strong><br \/>\n<strong>O godz. 17.00 MSZA \u015aWI\u0118TA WIECZERZY PA\u0143SKIEJ<\/strong> na pami\u0105tk\u0119 ustanowienia Sakrament\u00f3w Eucharystii i Kap\u0142a\u0144stwa.<br \/>\nAdoracja Naj\u015bwi\u0119tszego Sakramentu w \u201eCiemnicy\u201d &#8211; do godz. 19.30<br \/>\nO godz. 20.00 pierwsza cz\u0119\u015b\u0107 Obchod\u00f3w Kalwaryjskich \u201eDroga Pojmania\u201d &#8211; do Kaplicy Kajfasza. Rozpocz\u0119cie w ko\u015bciele \u015bw. Bonawentury<\/p>\n<p><span style=\"color: #ff0000;\"><strong>WIELKI PI\u0104TEK \u2013 7 kwietnia 2023r.<\/strong><\/span><br \/>\nO 3.00 nad ranem druga cz\u0119\u015b\u0107 Obchod\u00f3w Kalwaryjskich \u201eDroga M\u0119ki\u201d &#8211; od Kaplicy Kajfasz\u2013 Wi\u0119zienie na kalwaryjskie Wzg\u00f3rze<br \/>\nO 9.00 &#8211; Droga Krzy\u017cowa na Kalwarii &#8211; od Kaplicy Pi\u0142ata<br \/>\nOd 9.00 \u2013 18.00 Adoracja Naj\u015bwi\u0119tszego Sakramentu w \u201eCiemnicy\u201d<br \/>\nO 17.30 &#8211; Droga Krzy\u017cowa w ko\u015bciele<br \/>\n<strong>O godz. 18.00 CEREMONIE WIELKOPI\u0104TKOWE NA CZE\u015a\u0106 M\u0118KI PA\u0143SKIEJ<\/strong><br \/>\nOfiary sk\u0142adane do skarbonki przy adoracji Krzy\u017ca \u015bwi\u0119tego przeznaczone s\u0105 na utrzymanie Sanktuari\u00f3w w Ziemi \u015awi\u0119tej.<br \/>\nW Wielki Pi\u0105tek obowi\u0105zuje post \u015bcis\u0142y (jako\u015bciowy i ilo\u015bciowy) &#8211; post od potraw mi\u0119snych, spo\u017cy\u0107 mo\u017cna trzy posi\u0142ki, w tym jeden do syta.<br \/>\nPo zako\u0144czeniu Ceremonii Wielkiego Pi\u0105tku okazja do Spowiedzi \u015bw. do godz. 21.00<br \/>\nAdoracja Naj\u015bwi\u0119tszego Sakramentu w Grobie Pa\u0144skim- do godz. 24.00<\/p>\n<p><strong><span style=\"color: #ff0000;\">WIELKA SOBOTA \u2013 8 kwietnia 2023r.<\/span><\/strong><br \/>\nOd 8.00 \u2013 19.00 Adoracja Naj\u015bwi\u0119tszego Sakramentu w Grobie Pa\u0144skim<br \/>\n<strong>Od 9.00 do 12.00 (co godzin\u0119) &#8211; po\u015bwi\u0119cenie pokarm\u00f3w na st\u00f3\u0142 wielkanocny<\/strong><br \/>\nOkazja do Spowiedzi \u015bw. od godz. 9.00 do 12.00<br \/>\n<strong>O godz. 20.00 WIGILIA PASCHALNA W WIELK\u0104 NOC<\/strong>&#8211; uroczysta Msza \u015bw. z odnowieniem przyrzecze\u0144 Chrztu \u015bwi\u0119tego (przynosimy ze sob\u0105 \u015bwiece z ochraniaczami aby unikn\u0105\u0107 zabrudzenia woskiem siebie i innych).<\/p>\n<p><strong><span style=\"color: #ff0000;\">NIEDZIELA ZMARTWYCHWSTANIA PA\u0143SKIEGO \u2013 9 kwietnia 2023r.<\/span><\/strong><br \/>\n<strong>O godz. 6.00 PROCESJA REZUREKCYJNA i uroczysta MSZA \u015aW. REZUREKCYJNA<\/strong><br \/>\nw intencji Parafian i Dobrodziej\u00f3w. Pozosta\u0142e Msze \u015bw. o godz. 9.00, 11.00 i 16.00<\/p>\n<p><strong><span style=\"color: #ff0000;\">PONIEDZIA\u0141EK WIELKANOCNY \u2013 10 kwietnia 2023r.<\/span><\/strong><br \/>\nMsze \u015bw. o 9.00, 11.00 i 16.00<br \/>\nO godz. 14.00 w ko\u015bciele \u015bw. Bonawentury pocz\u0105tek Odpustu Emaus &#8211; procesja na kalwaryjskie Wzg\u00f3rze.<\/p>\n<p><strong><em>Wszystkim \u017cyczymy g\u0142\u0119bokiego w wierze prze\u017cycia \u015awi\u0119tego Triduum Paschalnego i \u015awi\u0105t Zmartwychwstania Pa\u0144skiego.<\/em><\/strong><\/p>\n<p style=\"text-align: right;\">o. Leon Barczak ofm<br \/>\nProboszcz<\/p>\n","protected":false},"excerpt":{"rendered":"<p>Od poniedzia\u0142ku do \u015brody okazja do spowiedzi \u015bwi\u0119tej 30 minut przed Msz\u0105 \u015bw. Niedziela Palmowa (02.04) Po\u015bwi\u0119cenie palm na ka\u017cdej Mszy \u015bwi\u0119tej. W tym dniu przypada 17 rocznica przej\u015bcia \u015bw. Jana Paw\u0142a II do Domu Ojca. Wtorek (04.04)&#8211; po Mszy \u015bw. zapraszamy do Cafe Francesco na kolejne spotkanie z filmem. Tego dnia film \u201ePasja\u201d. Serdecznie &hellip;<\/p>\n","protected":false},"author":2,"featured_media":26940,"comment_status":"closed","ping_status":"closed","sticky":false,"template":"","format":"standard","meta":{"_mi_skip_tracking":false,"_exactmetrics_sitenote_active":false,"_exactmetrics_sitenote_note":"","_exactmetrics_sitenote_category":0},"categories":[5],"tags":[],"yoast_head":"<!-- This site is optimized with the Yoast SEO plugin v18.1 - https:\/\/yoast.com\/wordpress\/plugins\/seo\/ -->\n<title>Og\u0142oszenia duszpasterskie -Niedziela Palmowa M\u0119ki Pa\u0144skiej 02.04.2023 \u2013 09.04.2023 - Pako\u015b\u0107 \u2013 Kalwaria<\/title>\n<meta name=\"robots\" content=\"index, follow, max-snippet:-1, max-image-preview:large, max-video-preview:-1\" \/>\n<link rel=\"canonical\" href=\"https:\/\/pakosc-kalwaria.franciszkanie.net\/index.php\/2023\/03\/31\/ogloszenia-duszpasterskie-niedziela-palmowa-meki-panskiej-02-04-2023-09-04-2023\/\" \/>\n<meta property=\"og:locale\" content=\"pl_PL\" \/>\n<meta property=\"og:type\" content=\"article\" \/>\n<meta property=\"og:title\" content=\"Og\u0142oszenia duszpasterskie -Niedziela Palmowa M\u0119ki Pa\u0144skiej 02.04.2023 \u2013 09.04.2023 - Pako\u015b\u0107 \u2013 Kalwaria\" \/>\n<meta property=\"og:description\" content=\"Od poniedzia\u0142ku do \u015brody okazja do spowiedzi \u015bwi\u0119tej 30 minut przed Msz\u0105 \u015bw. Niedziela Palmowa (02.04) Po\u015bwi\u0119cenie palm na ka\u017cdej Mszy \u015bwi\u0119tej. W tym dniu przypada 17 rocznica przej\u015bcia \u015bw. Jana Paw\u0142a II do Domu Ojca. Wtorek (04.04)&#8211; po Mszy \u015bw. zapraszamy do Cafe Francesco na kolejne spotkanie z filmem. Tego dnia film \u201ePasja\u201d. Serdecznie &hellip;\" \/>\n<meta property=\"og:url\" content=\"https:\/\/pakosc-kalwaria.franciszkanie.net\/index.php\/2023\/03\/31\/ogloszenia-duszpasterskie-niedziela-palmowa-meki-panskiej-02-04-2023-09-04-2023\/\" \/>\n<meta property=\"og:site_name\" content=\"Pako\u015b\u0107 \u2013 Kalwaria\" \/>\n<meta property=\"article:author\" content=\"https:\/\/www.facebook.com\/KalwariaPakosc\/\" \/>\n<meta property=\"article:published_time\" content=\"2023-03-31T19:07:10+00:00\" \/>\n<meta property=\"og:image\" content=\"http:\/\/pakosc-kalwaria.franciszkanie.net\/wp-content\/uploads\/2023\/03\/ogloszenia-duszpasterskie.jpg\" \/>\n\t<meta property=\"og:image:width\" content=\"400\" \/>\n\t<meta property=\"og:image:height\" content=\"201\" \/>\n\t<meta property=\"og:image:type\" content=\"image\/jpeg\" \/>\n<meta name=\"twitter:card\" content=\"summary\" \/>\n<meta name=\"twitter:label1\" content=\"Napisane przez\" \/>\n\t<meta name=\"twitter:data1\" content=\"pakosc-kalwaria\" \/>\n\t<meta name=\"twitter:label2\" content=\"Szacowany czas czytania\" \/>\n\t<meta name=\"twitter:data2\" content=\"3 minuty\" \/>\n<script type=\"application\/ld+json\" class=\"yoast-schema-graph\">{\"@context\":\"https:\/\/schema.org\",\"@graph\":[{\"@type\":\"WebSite\",\"@id\":\"https:\/\/pakosc-kalwaria.franciszkanie.net\/#website\",\"url\":\"https:\/\/pakosc-kalwaria.franciszkanie.net\/\",\"name\":\"Pako\u015b\u0107 \u2013 Kalwaria\",\"description\":\"Parafia Rzymsko \u2013 Katolicka p.w. Pana Jezusa Ukrzy\u017cowanego i  Matki Bo\u017cej Bolesnej ul. Barci\u0144ska 60, 88\u2013170 Pako\u015b\u0107 \u2013 Kalwaria\",\"potentialAction\":[{\"@type\":\"SearchAction\",\"target\":{\"@type\":\"EntryPoint\",\"urlTemplate\":\"https:\/\/pakosc-kalwaria.franciszkanie.net\/?s={search_term_string}\"},\"query-input\":\"required name=search_term_string\"}],\"inLanguage\":\"pl-PL\"},{\"@type\":\"ImageObject\",\"@id\":\"https:\/\/pakosc-kalwaria.franciszkanie.net\/index.php\/2023\/03\/31\/ogloszenia-duszpasterskie-niedziela-palmowa-meki-panskiej-02-04-2023-09-04-2023\/#primaryimage\",\"inLanguage\":\"pl-PL\",\"url\":\"https:\/\/pakosc-kalwaria.franciszkanie.net\/wp-content\/uploads\/2023\/03\/ogloszenia-duszpasterskie.jpg\",\"contentUrl\":\"https:\/\/pakosc-kalwaria.franciszkanie.net\/wp-content\/uploads\/2023\/03\/ogloszenia-duszpasterskie.jpg\",\"width\":400,\"height\":201},{\"@type\":\"WebPage\",\"@id\":\"https:\/\/pakosc-kalwaria.franciszkanie.net\/index.php\/2023\/03\/31\/ogloszenia-duszpasterskie-niedziela-palmowa-meki-panskiej-02-04-2023-09-04-2023\/#webpage\",\"url\":\"https:\/\/pakosc-kalwaria.franciszkanie.net\/index.php\/2023\/03\/31\/ogloszenia-duszpasterskie-niedziela-palmowa-meki-panskiej-02-04-2023-09-04-2023\/\",\"name\":\"Og\u0142oszenia duszpasterskie -Niedziela Palmowa M\u0119ki Pa\u0144skiej 02.04.2023 \u2013 09.04.2023 - Pako\u015b\u0107 \u2013 Kalwaria\",\"isPartOf\":{\"@id\":\"https:\/\/pakosc-kalwaria.franciszkanie.net\/#website\"},\"primaryImageOfPage\":{\"@id\":\"https:\/\/pakosc-kalwaria.franciszkanie.net\/index.php\/2023\/03\/31\/ogloszenia-duszpasterskie-niedziela-palmowa-meki-panskiej-02-04-2023-09-04-2023\/#primaryimage\"},\"datePublished\":\"2023-03-31T19:07:10+00:00\",\"dateModified\":\"2023-03-31T19:07:10+00:00\",\"author\":{\"@id\":\"https:\/\/pakosc-kalwaria.franciszkanie.net\/#\/schema\/person\/af10b943be0760709227d060eadcb2aa\"},\"breadcrumb\":{\"@id\":\"https:\/\/pakosc-kalwaria.franciszkanie.net\/index.php\/2023\/03\/31\/ogloszenia-duszpasterskie-niedziela-palmowa-meki-panskiej-02-04-2023-09-04-2023\/#breadcrumb\"},\"inLanguage\":\"pl-PL\",\"potentialAction\":[{\"@type\":\"ReadAction\",\"target\":[\"https:\/\/pakosc-kalwaria.franciszkanie.net\/index.php\/2023\/03\/31\/ogloszenia-duszpasterskie-niedziela-palmowa-meki-panskiej-02-04-2023-09-04-2023\/\"]}]},{\"@type\":\"BreadcrumbList\",\"@id\":\"https:\/\/pakosc-kalwaria.franciszkanie.net\/index.php\/2023\/03\/31\/ogloszenia-duszpasterskie-niedziela-palmowa-meki-panskiej-02-04-2023-09-04-2023\/#breadcrumb\",\"itemListElement\":[{\"@type\":\"ListItem\",\"position\":1,\"name\":\"Strona g\u0142\u00f3wna\",\"item\":\"https:\/\/pakosc-kalwaria.franciszkanie.net\/\"},{\"@type\":\"ListItem\",\"position\":2,\"name\":\"Og\u0142oszenia duszpasterskie -Niedziela Palmowa M\u0119ki Pa\u0144skiej 02.04.2023 \u2013 09.04.2023\"}]},{\"@type\":\"Person\",\"@id\":\"https:\/\/pakosc-kalwaria.franciszkanie.net\/#\/schema\/person\/af10b943be0760709227d060eadcb2aa\",\"name\":\"pakosc-kalwaria\",\"image\":{\"@type\":\"ImageObject\",\"@id\":\"https:\/\/pakosc-kalwaria.franciszkanie.net\/#personlogo\",\"inLanguage\":\"pl-PL\",\"url\":\"https:\/\/secure.gravatar.com\/avatar\/e7049d338b55eac6a0027ff3218b8d02?s=96&d=mm&r=g\",\"contentUrl\":\"https:\/\/secure.gravatar.com\/avatar\/e7049d338b55eac6a0027ff3218b8d02?s=96&d=mm&r=g\",\"caption\":\"pakosc-kalwaria\"},\"sameAs\":[\"https:\/\/www.facebook.com\/KalwariaPakosc\/\"],\"url\":\"https:\/\/pakosc-kalwaria.franciszkanie.net\/index.php\/author\/pakosc-kalwaria\/\"}]}<\/script>\n<!-- \/ Yoast SEO plugin. -->","yoast_head_json":{"title":"Og\u0142oszenia duszpasterskie -Niedziela Palmowa M\u0119ki Pa\u0144skiej 02.04.2023 \u2013 09.04.2023 - Pako\u015b\u0107 \u2013 Kalwaria","robots":{"index":"index","follow":"follow","max-snippet":"max-snippet:-1","max-image-preview":"max-image-preview:large","max-video-preview":"max-video-preview:-1"},"canonical":"https:\/\/pakosc-kalwaria.franciszkanie.net\/index.php\/2023\/03\/31\/ogloszenia-duszpasterskie-niedziela-palmowa-meki-panskiej-02-04-2023-09-04-2023\/","og_locale":"pl_PL","og_type":"article","og_title":"Og\u0142oszenia duszpasterskie -Niedziela Palmowa M\u0119ki Pa\u0144skiej 02.04.2023 \u2013 09.04.2023 - Pako\u015b\u0107 \u2013 Kalwaria","og_description":"Od poniedzia\u0142ku do \u015brody okazja do spowiedzi \u015bwi\u0119tej 30 minut przed Msz\u0105 \u015bw. Niedziela Palmowa (02.04) Po\u015bwi\u0119cenie palm na ka\u017cdej Mszy \u015bwi\u0119tej. W tym dniu przypada 17 rocznica przej\u015bcia \u015bw. Jana Paw\u0142a II do Domu Ojca. Wtorek (04.04)&#8211; po Mszy \u015bw. zapraszamy do Cafe Francesco na kolejne spotkanie z filmem. Tego dnia film \u201ePasja\u201d. Serdecznie &hellip;","og_url":"https:\/\/pakosc-kalwaria.franciszkanie.net\/index.php\/2023\/03\/31\/ogloszenia-duszpasterskie-niedziela-palmowa-meki-panskiej-02-04-2023-09-04-2023\/","og_site_name":"Pako\u015b\u0107 \u2013 Kalwaria","article_author":"https:\/\/www.facebook.com\/KalwariaPakosc\/","article_published_time":"2023-03-31T19:07:10+00:00","og_image":[{"width":400,"height":201,"url":"http:\/\/pakosc-kalwaria.franciszkanie.net\/wp-content\/uploads\/2023\/03\/ogloszenia-duszpasterskie.jpg","type":"image\/jpeg"}],"twitter_card":"summary","twitter_misc":{"Napisane przez":"pakosc-kalwaria","Szacowany czas czytania":"3 minuty"},"schema":{"@context":"https:\/\/schema.org","@graph":[{"@type":"WebSite","@id":"https:\/\/pakosc-kalwaria.franciszkanie.net\/#website","url":"https:\/\/pakosc-kalwaria.franciszkanie.net\/","name":"Pako\u015b\u0107 \u2013 Kalwaria","description":"Parafia Rzymsko \u2013 Katolicka p.w. Pana Jezusa Ukrzy\u017cowanego i  Matki Bo\u017cej Bolesnej ul. Barci\u0144ska 60, 88\u2013170 Pako\u015b\u0107 \u2013 Kalwaria","potentialAction":[{"@type":"SearchAction","target":{"@type":"EntryPoint","urlTemplate":"https:\/\/pakosc-kalwaria.franciszkanie.net\/?s={search_term_string}"},"query-input":"required name=search_term_string"}],"inLanguage":"pl-PL"},{"@type":"ImageObject","@id":"https:\/\/pakosc-kalwaria.franciszkanie.net\/index.php\/2023\/03\/31\/ogloszenia-duszpasterskie-niedziela-palmowa-meki-panskiej-02-04-2023-09-04-2023\/#primaryimage","inLanguage":"pl-PL","url":"https:\/\/pakosc-kalwaria.franciszkanie.net\/wp-content\/uploads\/2023\/03\/ogloszenia-duszpasterskie.jpg","contentUrl":"https:\/\/pakosc-kalwaria.franciszkanie.net\/wp-content\/uploads\/2023\/03\/ogloszenia-duszpasterskie.jpg","width":400,"height":201},{"@type":"WebPage","@id":"https:\/\/pakosc-kalwaria.franciszkanie.net\/index.php\/2023\/03\/31\/ogloszenia-duszpasterskie-niedziela-palmowa-meki-panskiej-02-04-2023-09-04-2023\/#webpage","url":"https:\/\/pakosc-kalwaria.franciszkanie.net\/index.php\/2023\/03\/31\/ogloszenia-duszpasterskie-niedziela-palmowa-meki-panskiej-02-04-2023-09-04-2023\/","name":"Og\u0142oszenia duszpasterskie -Niedziela Palmowa M\u0119ki Pa\u0144skiej 02.04.2023 \u2013 09.04.2023 - Pako\u015b\u0107 \u2013 Kalwaria","isPartOf":{"@id":"https:\/\/pakosc-kalwaria.franciszkanie.net\/#website"},"primaryImageOfPage":{"@id":"https:\/\/pakosc-kalwaria.franciszkanie.net\/index.php\/2023\/03\/31\/ogloszenia-duszpasterskie-niedziela-palmowa-meki-panskiej-02-04-2023-09-04-2023\/#primaryimage"},"datePublished":"2023-03-31T19:07:10+00:00","dateModified":"2023-03-31T19:07:10+00:00","author":{"@id":"https:\/\/pakosc-kalwaria.franciszkanie.net\/#\/schema\/person\/af10b943be0760709227d060eadcb2aa"},"breadcrumb":{"@id":"https:\/\/pakosc-kalwaria.franciszkanie.net\/index.php\/2023\/03\/31\/ogloszenia-duszpasterskie-niedziela-palmowa-meki-panskiej-02-04-2023-09-04-2023\/#breadcrumb"},"inLanguage":"pl-PL","potentialAction":[{"@type":"ReadAction","target":["https:\/\/pakosc-kalwaria.franciszkanie.net\/index.php\/2023\/03\/31\/ogloszenia-duszpasterskie-niedziela-palmowa-meki-panskiej-02-04-2023-09-04-2023\/"]}]},{"@type":"BreadcrumbList","@id":"https:\/\/pakosc-kalwaria.franciszkanie.net\/index.php\/2023\/03\/31\/ogloszenia-duszpasterskie-niedziela-palmowa-meki-panskiej-02-04-2023-09-04-2023\/#breadcrumb","itemListElement":[{"@type":"ListItem","position":1,"name":"Strona g\u0142\u00f3wna","item":"https:\/\/pakosc-kalwaria.franciszkanie.net\/"},{"@type":"ListItem","position":2,"name":"Og\u0142oszenia duszpasterskie -Niedziela Palmowa M\u0119ki Pa\u0144skiej 02.04.2023 \u2013 09.04.2023"}]},{"@type":"Person","@id":"https:\/\/pakosc-kalwaria.franciszkanie.net\/#\/schema\/person\/af10b943be0760709227d060eadcb2aa","name":"pakosc-kalwaria","image":{"@type":"ImageObject","@id":"https:\/\/pakosc-kalwaria.franciszkanie.net\/#personlogo","inLanguage":"pl-PL","url":"https:\/\/secure.gravatar.com\/avatar\/e7049d338b55eac6a0027ff3218b8d02?s=96&d=mm&r=g","contentUrl":"https:\/\/secure.gravatar.com\/avatar\/e7049d338b55eac6a0027ff3218b8d02?s=96&d=mm&r=g","caption":"pakosc-kalwaria"},"sameAs":["https:\/\/www.facebook.com\/KalwariaPakosc\/"],"url":"https:\/\/pakosc-kalwaria.franciszkanie.net\/index.php\/author\/pakosc-kalwaria\/"}]}},"_links":{"self":[{"href":"https:\/\/pakosc-kalwaria.franciszkanie.net\/index.php\/wp-json\/wp\/v2\/posts\/27122"}],"collection":[{"href":"https:\/\/pakosc-kalwaria.franciszkanie.net\/index.php\/wp-json\/wp\/v2\/posts"}],"about":[{"href":"https:\/\/pakosc-kalwaria.franciszkanie.net\/index.php\/wp-json\/wp\/v2\/types\/post"}],"author":[{"embeddable":true,"href":"https:\/\/pakosc-kalwaria.franciszkanie.net\/index.php\/wp-json\/wp\/v2\/users\/2"}],"replies":[{"embeddable":true,"href":"https:\/\/pakosc-kalwaria.franciszkanie.net\/index.php\/wp-json\/wp\/v2\/comments?post=27122"}],"version-history":[{"count":1,"href":"https:\/\/pakosc-kalwaria.franciszkanie.net\/index.php\/wp-json\/wp\/v2\/posts\/27122\/revisions"}],"predecessor-version":[{"id":27123,"href":"https:\/\/pakosc-kalwaria.franciszkanie.net\/index.php\/wp-json\/wp\/v2\/posts\/27122\/revisions\/27123"}],"wp:featuredmedia":[{"embeddable":true,"href":"https:\/\/pakosc-kalwaria.franciszkanie.net\/index.php\/wp-json\/wp\/v2\/media\/26940"}],"wp:attachment":[{"href":"https:\/\/pakosc-kalwaria.franciszkanie.net\/index.php\/wp-json\/wp\/v2\/media?parent=27122"}],"wp:term":[{"taxonomy":"category","embeddable":true,"href":"https:\/\/pakosc-kalwaria.franciszkanie.net\/index.php\/wp-json\/wp\/v2\/categories?post=27122"},{"taxonomy":"post_tag","embeddable":true,"href":"https:\/\/pakosc-kalwaria.franciszkanie.net\/index.php\/wp-json\/wp\/v2\/tags?post=27122"}],"curies":[{"name":"wp","href":"https:\/\/api.w.org\/{rel}","templated":true}]}}