{"id":28154,"date":"2023-05-06T20:01:52","date_gmt":"2023-05-06T18:01:52","guid":{"rendered":"https:\/\/pakosc-kalwaria.franciszkanie.net\/?p=28154"},"modified":"2023-05-06T20:02:13","modified_gmt":"2023-05-06T18:02:13","slug":"nformacje-z-parafii-sw-bonawentury","status":"publish","type":"post","link":"https:\/\/pakosc-kalwaria.franciszkanie.net\/index.php\/2023\/05\/06\/nformacje-z-parafii-sw-bonawentury\/","title":{"rendered":"INFORMACJE Z PARAFII \u015aW. BONAWENTURY"},"content":{"rendered":"<div class=\"\" dir=\"auto\">\n<div id=\":rju:\" class=\"x1iorvi4 x1pi30zi x1l90r2v x1swvt13\" data-ad-comet-preview=\"message\" data-ad-preview=\"message\">\n<div class=\"x78zum5 xdt5ytf xz62fqu x16ldp7u\">\n<div class=\"xu06os2 x1ok221b\">\n<div class=\"xdj266r x11i5rnm xat24cr x1mh8g0r x1vvkbs x126k92a\">\n<div dir=\"auto\">1. W \u015brod\u0119 po Mszy \u015bw. spotkanie organizacyjne dla uczestnik\u00f3w pielgrzymki na Jasna G\u00f3r\u0119<\/div>\n<\/div>\n<div class=\"x11i5rnm xat24cr x1mh8g0r x1vvkbs xtlvy1s x126k92a\">\n<div dir=\"auto\">2. W najbli\u017csz\u0105 sobot\u0119 tj. 13 maja zapraszamy narzeczonych na kurs przedma\u0142\u017ce\u0144ski, kt\u00f3ry sk\u0142ada si\u0119 z 6 spotka\u0144 . Rozpocz\u0119cie w ko\u015bciele o godz. 19.00<\/div>\n<div dir=\"auto\">Strona naszej archidiecezji po\u015bwi\u0119cona przygotowaniu:<\/div>\n<\/div>\n<\/div>\n<\/div>\n<\/div>\n<\/div>\n<div id=\":rjv:\" class=\"x1n2onr6\">\n<div class=\"x1n2onr6\">\n<div class=\"xmjcpbm x1n2onr6\">\n<div class=\"xua58t2 xwmqs3e xxxdfa6 xzg4506 x78zum5 x1q0g3np x1n2onr6\">\n<div id=\":rk8:\" class=\"x6s0dn4 x78zum5 x88h70y xw2csxc x1odjw0f xyamay9 x1pi30zi x1l90r2v x1swvt13\">\n<div class=\"x78zum5 xdt5ytf xz62fqu x16ldp7u\">\n<div class=\"xu06os2 x1ok221b\">\n<div>narzeczeni.archidiecezja.pl<\/div>\n<\/div>\n<\/div>\n<\/div>\n<\/div>\n<\/div>\n<\/div>\n<\/div>\n","protected":false},"excerpt":{"rendered":"<p>1. W \u015brod\u0119 po Mszy \u015bw. spotkanie organizacyjne dla uczestnik\u00f3w pielgrzymki na Jasna G\u00f3r\u0119 2. W najbli\u017csz\u0105 sobot\u0119 tj. 13 maja zapraszamy narzeczonych na kurs przedma\u0142\u017ce\u0144ski, kt\u00f3ry sk\u0142ada si\u0119 z 6 spotka\u0144 . Rozpocz\u0119cie w ko\u015bciele o godz. 19.00 Strona naszej archidiecezji po\u015bwi\u0119cona przygotowaniu: narzeczeni.archidiecezja.pl<\/p>\n","protected":false},"author":2,"featured_media":28097,"comment_status":"closed","ping_status":"closed","sticky":false,"template":"","format":"standard","meta":{"_mi_skip_tracking":false,"_exactmetrics_sitenote_active":false,"_exactmetrics_sitenote_note":"","_exactmetrics_sitenote_category":0},"categories":[5],"tags":[],"yoast_head":"<!-- This site is optimized with the Yoast SEO plugin v18.1 - https:\/\/yoast.com\/wordpress\/plugins\/seo\/ -->\n<title>INFORMACJE Z PARAFII \u015aW. BONAWENTURY - Pako\u015b\u0107 \u2013 Kalwaria<\/title>\n<meta name=\"robots\" content=\"index, follow, max-snippet:-1, max-image-preview:large, max-video-preview:-1\" \/>\n<link rel=\"canonical\" href=\"https:\/\/pakosc-kalwaria.franciszkanie.net\/index.php\/2023\/05\/06\/nformacje-z-parafii-sw-bonawentury\/\" \/>\n<meta property=\"og:locale\" content=\"pl_PL\" \/>\n<meta property=\"og:type\" content=\"article\" \/>\n<meta property=\"og:title\" content=\"INFORMACJE Z PARAFII \u015aW. BONAWENTURY - Pako\u015b\u0107 \u2013 Kalwaria\" \/>\n<meta property=\"og:description\" content=\"1. W \u015brod\u0119 po Mszy \u015bw. spotkanie organizacyjne dla uczestnik\u00f3w pielgrzymki na Jasna G\u00f3r\u0119 2. W najbli\u017csz\u0105 sobot\u0119 tj. 13 maja zapraszamy narzeczonych na kurs przedma\u0142\u017ce\u0144ski, kt\u00f3ry sk\u0142ada si\u0119 z 6 spotka\u0144 . Rozpocz\u0119cie w ko\u015bciele o godz. 19.00 Strona naszej archidiecezji po\u015bwi\u0119cona przygotowaniu: narzeczeni.archidiecezja.pl\" \/>\n<meta property=\"og:url\" content=\"https:\/\/pakosc-kalwaria.franciszkanie.net\/index.php\/2023\/05\/06\/nformacje-z-parafii-sw-bonawentury\/\" \/>\n<meta property=\"og:site_name\" content=\"Pako\u015b\u0107 \u2013 Kalwaria\" \/>\n<meta property=\"article:author\" content=\"https:\/\/www.facebook.com\/KalwariaPakosc\/\" \/>\n<meta property=\"article:published_time\" content=\"2023-05-06T18:01:52+00:00\" \/>\n<meta property=\"article:modified_time\" content=\"2023-05-06T18:02:13+00:00\" \/>\n<meta property=\"og:image\" content=\"http:\/\/pakosc-kalwaria.franciszkanie.net\/wp-content\/uploads\/2023\/05\/G10A1015.jpg\" \/>\n\t<meta property=\"og:image:width\" content=\"682\" \/>\n\t<meta property=\"og:image:height\" content=\"1024\" \/>\n\t<meta property=\"og:image:type\" content=\"image\/jpeg\" \/>\n<meta name=\"twitter:card\" content=\"summary\" \/>\n<meta name=\"twitter:label1\" content=\"Napisane przez\" \/>\n\t<meta name=\"twitter:data1\" content=\"pakosc-kalwaria\" \/>\n<script type=\"application\/ld+json\" class=\"yoast-schema-graph\">{\"@context\":\"https:\/\/schema.org\",\"@graph\":[{\"@type\":\"WebSite\",\"@id\":\"https:\/\/pakosc-kalwaria.franciszkanie.net\/#website\",\"url\":\"https:\/\/pakosc-kalwaria.franciszkanie.net\/\",\"name\":\"Pako\u015b\u0107 \u2013 Kalwaria\",\"description\":\"Parafia Rzymsko \u2013 Katolicka p.w. Pana Jezusa Ukrzy\u017cowanego i  Matki Bo\u017cej Bolesnej ul. Barci\u0144ska 60, 88\u2013170 Pako\u015b\u0107 \u2013 Kalwaria\",\"potentialAction\":[{\"@type\":\"SearchAction\",\"target\":{\"@type\":\"EntryPoint\",\"urlTemplate\":\"https:\/\/pakosc-kalwaria.franciszkanie.net\/?s={search_term_string}\"},\"query-input\":\"required name=search_term_string\"}],\"inLanguage\":\"pl-PL\"},{\"@type\":\"ImageObject\",\"@id\":\"https:\/\/pakosc-kalwaria.franciszkanie.net\/index.php\/2023\/05\/06\/nformacje-z-parafii-sw-bonawentury\/#primaryimage\",\"inLanguage\":\"pl-PL\",\"url\":\"https:\/\/pakosc-kalwaria.franciszkanie.net\/wp-content\/uploads\/2023\/05\/G10A1015.jpg\",\"contentUrl\":\"https:\/\/pakosc-kalwaria.franciszkanie.net\/wp-content\/uploads\/2023\/05\/G10A1015.jpg\",\"width\":682,\"height\":1024},{\"@type\":\"WebPage\",\"@id\":\"https:\/\/pakosc-kalwaria.franciszkanie.net\/index.php\/2023\/05\/06\/nformacje-z-parafii-sw-bonawentury\/#webpage\",\"url\":\"https:\/\/pakosc-kalwaria.franciszkanie.net\/index.php\/2023\/05\/06\/nformacje-z-parafii-sw-bonawentury\/\",\"name\":\"INFORMACJE Z PARAFII \u015aW. BONAWENTURY - Pako\u015b\u0107 \u2013 Kalwaria\",\"isPartOf\":{\"@id\":\"https:\/\/pakosc-kalwaria.franciszkanie.net\/#website\"},\"primaryImageOfPage\":{\"@id\":\"https:\/\/pakosc-kalwaria.franciszkanie.net\/index.php\/2023\/05\/06\/nformacje-z-parafii-sw-bonawentury\/#primaryimage\"},\"datePublished\":\"2023-05-06T18:01:52+00:00\",\"dateModified\":\"2023-05-06T18:02:13+00:00\",\"author\":{\"@id\":\"https:\/\/pakosc-kalwaria.franciszkanie.net\/#\/schema\/person\/af10b943be0760709227d060eadcb2aa\"},\"breadcrumb\":{\"@id\":\"https:\/\/pakosc-kalwaria.franciszkanie.net\/index.php\/2023\/05\/06\/nformacje-z-parafii-sw-bonawentury\/#breadcrumb\"},\"inLanguage\":\"pl-PL\",\"potentialAction\":[{\"@type\":\"ReadAction\",\"target\":[\"https:\/\/pakosc-kalwaria.franciszkanie.net\/index.php\/2023\/05\/06\/nformacje-z-parafii-sw-bonawentury\/\"]}]},{\"@type\":\"BreadcrumbList\",\"@id\":\"https:\/\/pakosc-kalwaria.franciszkanie.net\/index.php\/2023\/05\/06\/nformacje-z-parafii-sw-bonawentury\/#breadcrumb\",\"itemListElement\":[{\"@type\":\"ListItem\",\"position\":1,\"name\":\"Strona g\u0142\u00f3wna\",\"item\":\"https:\/\/pakosc-kalwaria.franciszkanie.net\/\"},{\"@type\":\"ListItem\",\"position\":2,\"name\":\"INFORMACJE Z PARAFII \u015aW. BONAWENTURY\"}]},{\"@type\":\"Person\",\"@id\":\"https:\/\/pakosc-kalwaria.franciszkanie.net\/#\/schema\/person\/af10b943be0760709227d060eadcb2aa\",\"name\":\"pakosc-kalwaria\",\"image\":{\"@type\":\"ImageObject\",\"@id\":\"https:\/\/pakosc-kalwaria.franciszkanie.net\/#personlogo\",\"inLanguage\":\"pl-PL\",\"url\":\"https:\/\/secure.gravatar.com\/avatar\/e7049d338b55eac6a0027ff3218b8d02?s=96&d=mm&r=g\",\"contentUrl\":\"https:\/\/secure.gravatar.com\/avatar\/e7049d338b55eac6a0027ff3218b8d02?s=96&d=mm&r=g\",\"caption\":\"pakosc-kalwaria\"},\"sameAs\":[\"https:\/\/www.facebook.com\/KalwariaPakosc\/\"],\"url\":\"https:\/\/pakosc-kalwaria.franciszkanie.net\/index.php\/author\/pakosc-kalwaria\/\"}]}<\/script>\n<!-- \/ Yoast SEO plugin. -->","yoast_head_json":{"title":"INFORMACJE Z PARAFII \u015aW. BONAWENTURY - Pako\u015b\u0107 \u2013 Kalwaria","robots":{"index":"index","follow":"follow","max-snippet":"max-snippet:-1","max-image-preview":"max-image-preview:large","max-video-preview":"max-video-preview:-1"},"canonical":"https:\/\/pakosc-kalwaria.franciszkanie.net\/index.php\/2023\/05\/06\/nformacje-z-parafii-sw-bonawentury\/","og_locale":"pl_PL","og_type":"article","og_title":"INFORMACJE Z PARAFII \u015aW. BONAWENTURY - Pako\u015b\u0107 \u2013 Kalwaria","og_description":"1. W \u015brod\u0119 po Mszy \u015bw. spotkanie organizacyjne dla uczestnik\u00f3w pielgrzymki na Jasna G\u00f3r\u0119 2. W najbli\u017csz\u0105 sobot\u0119 tj. 13 maja zapraszamy narzeczonych na kurs przedma\u0142\u017ce\u0144ski, kt\u00f3ry sk\u0142ada si\u0119 z 6 spotka\u0144 . Rozpocz\u0119cie w ko\u015bciele o godz. 19.00 Strona naszej archidiecezji po\u015bwi\u0119cona przygotowaniu: narzeczeni.archidiecezja.pl","og_url":"https:\/\/pakosc-kalwaria.franciszkanie.net\/index.php\/2023\/05\/06\/nformacje-z-parafii-sw-bonawentury\/","og_site_name":"Pako\u015b\u0107 \u2013 Kalwaria","article_author":"https:\/\/www.facebook.com\/KalwariaPakosc\/","article_published_time":"2023-05-06T18:01:52+00:00","article_modified_time":"2023-05-06T18:02:13+00:00","og_image":[{"width":682,"height":1024,"url":"http:\/\/pakosc-kalwaria.franciszkanie.net\/wp-content\/uploads\/2023\/05\/G10A1015.jpg","type":"image\/jpeg"}],"twitter_card":"summary","twitter_misc":{"Napisane przez":"pakosc-kalwaria"},"schema":{"@context":"https:\/\/schema.org","@graph":[{"@type":"WebSite","@id":"https:\/\/pakosc-kalwaria.franciszkanie.net\/#website","url":"https:\/\/pakosc-kalwaria.franciszkanie.net\/","name":"Pako\u015b\u0107 \u2013 Kalwaria","description":"Parafia Rzymsko \u2013 Katolicka p.w. Pana Jezusa Ukrzy\u017cowanego i  Matki Bo\u017cej Bolesnej ul. Barci\u0144ska 60, 88\u2013170 Pako\u015b\u0107 \u2013 Kalwaria","potentialAction":[{"@type":"SearchAction","target":{"@type":"EntryPoint","urlTemplate":"https:\/\/pakosc-kalwaria.franciszkanie.net\/?s={search_term_string}"},"query-input":"required name=search_term_string"}],"inLanguage":"pl-PL"},{"@type":"ImageObject","@id":"https:\/\/pakosc-kalwaria.franciszkanie.net\/index.php\/2023\/05\/06\/nformacje-z-parafii-sw-bonawentury\/#primaryimage","inLanguage":"pl-PL","url":"https:\/\/pakosc-kalwaria.franciszkanie.net\/wp-content\/uploads\/2023\/05\/G10A1015.jpg","contentUrl":"https:\/\/pakosc-kalwaria.franciszkanie.net\/wp-content\/uploads\/2023\/05\/G10A1015.jpg","width":682,"height":1024},{"@type":"WebPage","@id":"https:\/\/pakosc-kalwaria.franciszkanie.net\/index.php\/2023\/05\/06\/nformacje-z-parafii-sw-bonawentury\/#webpage","url":"https:\/\/pakosc-kalwaria.franciszkanie.net\/index.php\/2023\/05\/06\/nformacje-z-parafii-sw-bonawentury\/","name":"INFORMACJE Z PARAFII \u015aW. BONAWENTURY - Pako\u015b\u0107 \u2013 Kalwaria","isPartOf":{"@id":"https:\/\/pakosc-kalwaria.franciszkanie.net\/#website"},"primaryImageOfPage":{"@id":"https:\/\/pakosc-kalwaria.franciszkanie.net\/index.php\/2023\/05\/06\/nformacje-z-parafii-sw-bonawentury\/#primaryimage"},"datePublished":"2023-05-06T18:01:52+00:00","dateModified":"2023-05-06T18:02:13+00:00","author":{"@id":"https:\/\/pakosc-kalwaria.franciszkanie.net\/#\/schema\/person\/af10b943be0760709227d060eadcb2aa"},"breadcrumb":{"@id":"https:\/\/pakosc-kalwaria.franciszkanie.net\/index.php\/2023\/05\/06\/nformacje-z-parafii-sw-bonawentury\/#breadcrumb"},"inLanguage":"pl-PL","potentialAction":[{"@type":"ReadAction","target":["https:\/\/pakosc-kalwaria.franciszkanie.net\/index.php\/2023\/05\/06\/nformacje-z-parafii-sw-bonawentury\/"]}]},{"@type":"BreadcrumbList","@id":"https:\/\/pakosc-kalwaria.franciszkanie.net\/index.php\/2023\/05\/06\/nformacje-z-parafii-sw-bonawentury\/#breadcrumb","itemListElement":[{"@type":"ListItem","position":1,"name":"Strona g\u0142\u00f3wna","item":"https:\/\/pakosc-kalwaria.franciszkanie.net\/"},{"@type":"ListItem","position":2,"name":"INFORMACJE Z PARAFII \u015aW. BONAWENTURY"}]},{"@type":"Person","@id":"https:\/\/pakosc-kalwaria.franciszkanie.net\/#\/schema\/person\/af10b943be0760709227d060eadcb2aa","name":"pakosc-kalwaria","image":{"@type":"ImageObject","@id":"https:\/\/pakosc-kalwaria.franciszkanie.net\/#personlogo","inLanguage":"pl-PL","url":"https:\/\/secure.gravatar.com\/avatar\/e7049d338b55eac6a0027ff3218b8d02?s=96&d=mm&r=g","contentUrl":"https:\/\/secure.gravatar.com\/avatar\/e7049d338b55eac6a0027ff3218b8d02?s=96&d=mm&r=g","caption":"pakosc-kalwaria"},"sameAs":["https:\/\/www.facebook.com\/KalwariaPakosc\/"],"url":"https:\/\/pakosc-kalwaria.franciszkanie.net\/index.php\/author\/pakosc-kalwaria\/"}]}},"_links":{"self":[{"href":"https:\/\/pakosc-kalwaria.franciszkanie.net\/index.php\/wp-json\/wp\/v2\/posts\/28154"}],"collection":[{"href":"https:\/\/pakosc-kalwaria.franciszkanie.net\/index.php\/wp-json\/wp\/v2\/posts"}],"about":[{"href":"https:\/\/pakosc-kalwaria.franciszkanie.net\/index.php\/wp-json\/wp\/v2\/types\/post"}],"author":[{"embeddable":true,"href":"https:\/\/pakosc-kalwaria.franciszkanie.net\/index.php\/wp-json\/wp\/v2\/users\/2"}],"replies":[{"embeddable":true,"href":"https:\/\/pakosc-kalwaria.franciszkanie.net\/index.php\/wp-json\/wp\/v2\/comments?post=28154"}],"version-history":[{"count":2,"href":"https:\/\/pakosc-kalwaria.franciszkanie.net\/index.php\/wp-json\/wp\/v2\/posts\/28154\/revisions"}],"predecessor-version":[{"id":28156,"href":"https:\/\/pakosc-kalwaria.franciszkanie.net\/index.php\/wp-json\/wp\/v2\/posts\/28154\/revisions\/28156"}],"wp:featuredmedia":[{"embeddable":true,"href":"https:\/\/pakosc-kalwaria.franciszkanie.net\/index.php\/wp-json\/wp\/v2\/media\/28097"}],"wp:attachment":[{"href":"https:\/\/pakosc-kalwaria.franciszkanie.net\/index.php\/wp-json\/wp\/v2\/media?parent=28154"}],"wp:term":[{"taxonomy":"category","embeddable":true,"href":"https:\/\/pakosc-kalwaria.franciszkanie.net\/index.php\/wp-json\/wp\/v2\/categories?post=28154"},{"taxonomy":"post_tag","embeddable":true,"href":"https:\/\/pakosc-kalwaria.franciszkanie.net\/index.php\/wp-json\/wp\/v2\/tags?post=28154"}],"curies":[{"name":"wp","href":"https:\/\/api.w.org\/{rel}","templated":true}]}}