{"id":28351,"date":"2023-05-18T20:19:53","date_gmt":"2023-05-18T18:19:53","guid":{"rendered":"https:\/\/pakosc-kalwaria.franciszkanie.net\/?p=28351"},"modified":"2023-05-18T20:19:53","modified_gmt":"2023-05-18T18:19:53","slug":"103-rocznica-urodzin-wspanialego-papieza-jana-pawla-ii","status":"publish","type":"post","link":"https:\/\/pakosc-kalwaria.franciszkanie.net\/index.php\/2023\/05\/18\/103-rocznica-urodzin-wspanialego-papieza-jana-pawla-ii\/","title":{"rendered":"103. rocznica urodzin wspania\u0142ego papie\u017ca Jana Paw\u0142a II"},"content":{"rendered":"<p><b>Modlitwa do \u015bw. Jana Paw\u0142a II<\/b><\/p>\n<p>Bo\u017ce w Tr\u00f3jcy Przenaj\u015bwi\u0119tszej,<br \/>\ndzi\u0119kujemy Ci za to,\u017ce da\u0142e\u015b Ko\u015bcio\u0142owi<br \/>\nPapie\u017ca Jana Paw\u0142a II,w kt\u00f3rym zaja\u015bnia\u0142a<br \/>\nTwoja ojcowska dobro\u0107,chwa\u0142a Krzy\u017ca Chrystusa i<br \/>\npi\u0119kno Ducha mi\u0142o\u015bci. On, zawierzaj\u0105c ca\u0142kowicie<br \/>\nTwojemu mi\u0142osierdziu i matczynemu wstawiennictwu<br \/>\nMaryi, ukaza\u0142 nam \u017cywy obraz Jezusa Dobrego Pasterza,<br \/>\nwskazuj\u0105c nam \u015bwi\u0119to\u015b\u0107, kt\u00f3ra jest miar\u0105 \u017cycia<br \/>\nchrze\u015bcija\u0144skiego, jako drog\u0119 dla osi\u0105gni\u0119cia<br \/>\nwiecznego zjednoczenia z Tob\u0105.<\/p>\n<p>Udziel nam, za jego przyczyn\u0105, zgodnie z Twoj\u0105 wol\u0105,<br \/>\ntej \u0142aski, o kt\u00f3r\u0105 prosimy, z wdzi\u0119czno\u015bci\u0105,<br \/>\n\u017ce B\u0142ogos\u0142awiony Jan Pawe\u0142 II<br \/>\nzosta\u0142 w dniu 27 kwietnia 2014 A.D.<br \/>\nw\u0142\u0105czony w poczet Twoich \u015bwi\u0119tych.<br \/>\nAmen.<\/p>\n<p>&nbsp;<\/p>\n<p><img loading=\"lazy\" class=\"alignleft size-full wp-image-28352\" src=\"http:\/\/pakosc-kalwaria.franciszkanie.net\/wp-content\/uploads\/2023\/05\/jan-pawel-ii-g2e646c396_1920.jpg\" alt=\"\" width=\"960\" height=\"1920\" srcset=\"https:\/\/pakosc-kalwaria.franciszkanie.net\/wp-content\/uploads\/2023\/05\/jan-pawel-ii-g2e646c396_1920.jpg 960w, https:\/\/pakosc-kalwaria.franciszkanie.net\/wp-content\/uploads\/2023\/05\/jan-pawel-ii-g2e646c396_1920-150x300.jpg 150w, https:\/\/pakosc-kalwaria.franciszkanie.net\/wp-content\/uploads\/2023\/05\/jan-pawel-ii-g2e646c396_1920-512x1024.jpg 512w, https:\/\/pakosc-kalwaria.franciszkanie.net\/wp-content\/uploads\/2023\/05\/jan-pawel-ii-g2e646c396_1920-768x1536.jpg 768w\" sizes=\"(max-width: 960px) 100vw, 960px\" \/><\/p>\n","protected":false},"excerpt":{"rendered":"<p>Modlitwa do \u015bw. Jana Paw\u0142a II Bo\u017ce w Tr\u00f3jcy Przenaj\u015bwi\u0119tszej, dzi\u0119kujemy Ci za to,\u017ce da\u0142e\u015b Ko\u015bcio\u0142owi Papie\u017ca Jana Paw\u0142a II,w kt\u00f3rym zaja\u015bnia\u0142a Twoja ojcowska dobro\u0107,chwa\u0142a Krzy\u017ca Chrystusa i pi\u0119kno Ducha mi\u0142o\u015bci. On, zawierzaj\u0105c ca\u0142kowicie Twojemu mi\u0142osierdziu i matczynemu wstawiennictwu Maryi, ukaza\u0142 nam \u017cywy obraz Jezusa Dobrego Pasterza, wskazuj\u0105c nam \u015bwi\u0119to\u015b\u0107, kt\u00f3ra jest miar\u0105 \u017cycia chrze\u015bcija\u0144skiego, &hellip;<\/p>\n","protected":false},"author":2,"featured_media":28352,"comment_status":"closed","ping_status":"closed","sticky":false,"template":"","format":"standard","meta":{"_mi_skip_tracking":false,"_exactmetrics_sitenote_active":false,"_exactmetrics_sitenote_note":"","_exactmetrics_sitenote_category":0},"categories":[13],"tags":[],"yoast_head":"<!-- This site is optimized with the Yoast SEO plugin v18.1 - https:\/\/yoast.com\/wordpress\/plugins\/seo\/ -->\n<title>103. rocznica urodzin wspania\u0142ego papie\u017ca Jana Paw\u0142a II - Pako\u015b\u0107 \u2013 Kalwaria<\/title>\n<meta name=\"robots\" content=\"index, follow, max-snippet:-1, max-image-preview:large, max-video-preview:-1\" \/>\n<link rel=\"canonical\" href=\"https:\/\/pakosc-kalwaria.franciszkanie.net\/index.php\/2023\/05\/18\/103-rocznica-urodzin-wspanialego-papieza-jana-pawla-ii\/\" \/>\n<meta property=\"og:locale\" content=\"pl_PL\" \/>\n<meta property=\"og:type\" content=\"article\" \/>\n<meta property=\"og:title\" content=\"103. rocznica urodzin wspania\u0142ego papie\u017ca Jana Paw\u0142a II - Pako\u015b\u0107 \u2013 Kalwaria\" \/>\n<meta property=\"og:description\" content=\"Modlitwa do \u015bw. Jana Paw\u0142a II Bo\u017ce w Tr\u00f3jcy Przenaj\u015bwi\u0119tszej, dzi\u0119kujemy Ci za to,\u017ce da\u0142e\u015b Ko\u015bcio\u0142owi Papie\u017ca Jana Paw\u0142a II,w kt\u00f3rym zaja\u015bnia\u0142a Twoja ojcowska dobro\u0107,chwa\u0142a Krzy\u017ca Chrystusa i pi\u0119kno Ducha mi\u0142o\u015bci. On, zawierzaj\u0105c ca\u0142kowicie Twojemu mi\u0142osierdziu i matczynemu wstawiennictwu Maryi, ukaza\u0142 nam \u017cywy obraz Jezusa Dobrego Pasterza, wskazuj\u0105c nam \u015bwi\u0119to\u015b\u0107, kt\u00f3ra jest miar\u0105 \u017cycia chrze\u015bcija\u0144skiego, &hellip;\" \/>\n<meta property=\"og:url\" content=\"https:\/\/pakosc-kalwaria.franciszkanie.net\/index.php\/2023\/05\/18\/103-rocznica-urodzin-wspanialego-papieza-jana-pawla-ii\/\" \/>\n<meta property=\"og:site_name\" content=\"Pako\u015b\u0107 \u2013 Kalwaria\" \/>\n<meta property=\"article:author\" content=\"https:\/\/www.facebook.com\/KalwariaPakosc\/\" \/>\n<meta property=\"article:published_time\" content=\"2023-05-18T18:19:53+00:00\" \/>\n<meta property=\"og:image\" content=\"http:\/\/pakosc-kalwaria.franciszkanie.net\/wp-content\/uploads\/2023\/05\/jan-pawel-ii-g2e646c396_1920.jpg\" \/>\n\t<meta property=\"og:image:width\" content=\"960\" \/>\n\t<meta property=\"og:image:height\" content=\"1920\" \/>\n\t<meta property=\"og:image:type\" content=\"image\/jpeg\" \/>\n<meta name=\"twitter:card\" content=\"summary\" \/>\n<meta name=\"twitter:label1\" content=\"Napisane przez\" \/>\n\t<meta name=\"twitter:data1\" content=\"pakosc-kalwaria\" \/>\n\t<meta name=\"twitter:label2\" content=\"Szacowany czas czytania\" \/>\n\t<meta name=\"twitter:data2\" content=\"1 minuta\" \/>\n<script type=\"application\/ld+json\" class=\"yoast-schema-graph\">{\"@context\":\"https:\/\/schema.org\",\"@graph\":[{\"@type\":\"WebSite\",\"@id\":\"https:\/\/pakosc-kalwaria.franciszkanie.net\/#website\",\"url\":\"https:\/\/pakosc-kalwaria.franciszkanie.net\/\",\"name\":\"Pako\u015b\u0107 \u2013 Kalwaria\",\"description\":\"Parafia Rzymsko \u2013 Katolicka p.w. Pana Jezusa Ukrzy\u017cowanego i  Matki Bo\u017cej Bolesnej ul. Barci\u0144ska 60, 88\u2013170 Pako\u015b\u0107 \u2013 Kalwaria\",\"potentialAction\":[{\"@type\":\"SearchAction\",\"target\":{\"@type\":\"EntryPoint\",\"urlTemplate\":\"https:\/\/pakosc-kalwaria.franciszkanie.net\/?s={search_term_string}\"},\"query-input\":\"required name=search_term_string\"}],\"inLanguage\":\"pl-PL\"},{\"@type\":\"ImageObject\",\"@id\":\"https:\/\/pakosc-kalwaria.franciszkanie.net\/index.php\/2023\/05\/18\/103-rocznica-urodzin-wspanialego-papieza-jana-pawla-ii\/#primaryimage\",\"inLanguage\":\"pl-PL\",\"url\":\"https:\/\/pakosc-kalwaria.franciszkanie.net\/wp-content\/uploads\/2023\/05\/jan-pawel-ii-g2e646c396_1920.jpg\",\"contentUrl\":\"https:\/\/pakosc-kalwaria.franciszkanie.net\/wp-content\/uploads\/2023\/05\/jan-pawel-ii-g2e646c396_1920.jpg\",\"width\":960,\"height\":1920},{\"@type\":\"WebPage\",\"@id\":\"https:\/\/pakosc-kalwaria.franciszkanie.net\/index.php\/2023\/05\/18\/103-rocznica-urodzin-wspanialego-papieza-jana-pawla-ii\/#webpage\",\"url\":\"https:\/\/pakosc-kalwaria.franciszkanie.net\/index.php\/2023\/05\/18\/103-rocznica-urodzin-wspanialego-papieza-jana-pawla-ii\/\",\"name\":\"103. rocznica urodzin wspania\u0142ego papie\u017ca Jana Paw\u0142a II - Pako\u015b\u0107 \u2013 Kalwaria\",\"isPartOf\":{\"@id\":\"https:\/\/pakosc-kalwaria.franciszkanie.net\/#website\"},\"primaryImageOfPage\":{\"@id\":\"https:\/\/pakosc-kalwaria.franciszkanie.net\/index.php\/2023\/05\/18\/103-rocznica-urodzin-wspanialego-papieza-jana-pawla-ii\/#primaryimage\"},\"datePublished\":\"2023-05-18T18:19:53+00:00\",\"dateModified\":\"2023-05-18T18:19:53+00:00\",\"author\":{\"@id\":\"https:\/\/pakosc-kalwaria.franciszkanie.net\/#\/schema\/person\/af10b943be0760709227d060eadcb2aa\"},\"breadcrumb\":{\"@id\":\"https:\/\/pakosc-kalwaria.franciszkanie.net\/index.php\/2023\/05\/18\/103-rocznica-urodzin-wspanialego-papieza-jana-pawla-ii\/#breadcrumb\"},\"inLanguage\":\"pl-PL\",\"potentialAction\":[{\"@type\":\"ReadAction\",\"target\":[\"https:\/\/pakosc-kalwaria.franciszkanie.net\/index.php\/2023\/05\/18\/103-rocznica-urodzin-wspanialego-papieza-jana-pawla-ii\/\"]}]},{\"@type\":\"BreadcrumbList\",\"@id\":\"https:\/\/pakosc-kalwaria.franciszkanie.net\/index.php\/2023\/05\/18\/103-rocznica-urodzin-wspanialego-papieza-jana-pawla-ii\/#breadcrumb\",\"itemListElement\":[{\"@type\":\"ListItem\",\"position\":1,\"name\":\"Strona g\u0142\u00f3wna\",\"item\":\"https:\/\/pakosc-kalwaria.franciszkanie.net\/\"},{\"@type\":\"ListItem\",\"position\":2,\"name\":\"103. rocznica urodzin wspania\u0142ego papie\u017ca Jana Paw\u0142a II\"}]},{\"@type\":\"Person\",\"@id\":\"https:\/\/pakosc-kalwaria.franciszkanie.net\/#\/schema\/person\/af10b943be0760709227d060eadcb2aa\",\"name\":\"pakosc-kalwaria\",\"image\":{\"@type\":\"ImageObject\",\"@id\":\"https:\/\/pakosc-kalwaria.franciszkanie.net\/#personlogo\",\"inLanguage\":\"pl-PL\",\"url\":\"https:\/\/secure.gravatar.com\/avatar\/e7049d338b55eac6a0027ff3218b8d02?s=96&d=mm&r=g\",\"contentUrl\":\"https:\/\/secure.gravatar.com\/avatar\/e7049d338b55eac6a0027ff3218b8d02?s=96&d=mm&r=g\",\"caption\":\"pakosc-kalwaria\"},\"sameAs\":[\"https:\/\/www.facebook.com\/KalwariaPakosc\/\"],\"url\":\"https:\/\/pakosc-kalwaria.franciszkanie.net\/index.php\/author\/pakosc-kalwaria\/\"}]}<\/script>\n<!-- \/ Yoast SEO plugin. -->","yoast_head_json":{"title":"103. rocznica urodzin wspania\u0142ego papie\u017ca Jana Paw\u0142a II - Pako\u015b\u0107 \u2013 Kalwaria","robots":{"index":"index","follow":"follow","max-snippet":"max-snippet:-1","max-image-preview":"max-image-preview:large","max-video-preview":"max-video-preview:-1"},"canonical":"https:\/\/pakosc-kalwaria.franciszkanie.net\/index.php\/2023\/05\/18\/103-rocznica-urodzin-wspanialego-papieza-jana-pawla-ii\/","og_locale":"pl_PL","og_type":"article","og_title":"103. rocznica urodzin wspania\u0142ego papie\u017ca Jana Paw\u0142a II - Pako\u015b\u0107 \u2013 Kalwaria","og_description":"Modlitwa do \u015bw. Jana Paw\u0142a II Bo\u017ce w Tr\u00f3jcy Przenaj\u015bwi\u0119tszej, dzi\u0119kujemy Ci za to,\u017ce da\u0142e\u015b Ko\u015bcio\u0142owi Papie\u017ca Jana Paw\u0142a II,w kt\u00f3rym zaja\u015bnia\u0142a Twoja ojcowska dobro\u0107,chwa\u0142a Krzy\u017ca Chrystusa i pi\u0119kno Ducha mi\u0142o\u015bci. On, zawierzaj\u0105c ca\u0142kowicie Twojemu mi\u0142osierdziu i matczynemu wstawiennictwu Maryi, ukaza\u0142 nam \u017cywy obraz Jezusa Dobrego Pasterza, wskazuj\u0105c nam \u015bwi\u0119to\u015b\u0107, kt\u00f3ra jest miar\u0105 \u017cycia chrze\u015bcija\u0144skiego, &hellip;","og_url":"https:\/\/pakosc-kalwaria.franciszkanie.net\/index.php\/2023\/05\/18\/103-rocznica-urodzin-wspanialego-papieza-jana-pawla-ii\/","og_site_name":"Pako\u015b\u0107 \u2013 Kalwaria","article_author":"https:\/\/www.facebook.com\/KalwariaPakosc\/","article_published_time":"2023-05-18T18:19:53+00:00","og_image":[{"width":960,"height":1920,"url":"http:\/\/pakosc-kalwaria.franciszkanie.net\/wp-content\/uploads\/2023\/05\/jan-pawel-ii-g2e646c396_1920.jpg","type":"image\/jpeg"}],"twitter_card":"summary","twitter_misc":{"Napisane przez":"pakosc-kalwaria","Szacowany czas czytania":"1 minuta"},"schema":{"@context":"https:\/\/schema.org","@graph":[{"@type":"WebSite","@id":"https:\/\/pakosc-kalwaria.franciszkanie.net\/#website","url":"https:\/\/pakosc-kalwaria.franciszkanie.net\/","name":"Pako\u015b\u0107 \u2013 Kalwaria","description":"Parafia Rzymsko \u2013 Katolicka p.w. Pana Jezusa Ukrzy\u017cowanego i  Matki Bo\u017cej Bolesnej ul. Barci\u0144ska 60, 88\u2013170 Pako\u015b\u0107 \u2013 Kalwaria","potentialAction":[{"@type":"SearchAction","target":{"@type":"EntryPoint","urlTemplate":"https:\/\/pakosc-kalwaria.franciszkanie.net\/?s={search_term_string}"},"query-input":"required name=search_term_string"}],"inLanguage":"pl-PL"},{"@type":"ImageObject","@id":"https:\/\/pakosc-kalwaria.franciszkanie.net\/index.php\/2023\/05\/18\/103-rocznica-urodzin-wspanialego-papieza-jana-pawla-ii\/#primaryimage","inLanguage":"pl-PL","url":"https:\/\/pakosc-kalwaria.franciszkanie.net\/wp-content\/uploads\/2023\/05\/jan-pawel-ii-g2e646c396_1920.jpg","contentUrl":"https:\/\/pakosc-kalwaria.franciszkanie.net\/wp-content\/uploads\/2023\/05\/jan-pawel-ii-g2e646c396_1920.jpg","width":960,"height":1920},{"@type":"WebPage","@id":"https:\/\/pakosc-kalwaria.franciszkanie.net\/index.php\/2023\/05\/18\/103-rocznica-urodzin-wspanialego-papieza-jana-pawla-ii\/#webpage","url":"https:\/\/pakosc-kalwaria.franciszkanie.net\/index.php\/2023\/05\/18\/103-rocznica-urodzin-wspanialego-papieza-jana-pawla-ii\/","name":"103. rocznica urodzin wspania\u0142ego papie\u017ca Jana Paw\u0142a II - Pako\u015b\u0107 \u2013 Kalwaria","isPartOf":{"@id":"https:\/\/pakosc-kalwaria.franciszkanie.net\/#website"},"primaryImageOfPage":{"@id":"https:\/\/pakosc-kalwaria.franciszkanie.net\/index.php\/2023\/05\/18\/103-rocznica-urodzin-wspanialego-papieza-jana-pawla-ii\/#primaryimage"},"datePublished":"2023-05-18T18:19:53+00:00","dateModified":"2023-05-18T18:19:53+00:00","author":{"@id":"https:\/\/pakosc-kalwaria.franciszkanie.net\/#\/schema\/person\/af10b943be0760709227d060eadcb2aa"},"breadcrumb":{"@id":"https:\/\/pakosc-kalwaria.franciszkanie.net\/index.php\/2023\/05\/18\/103-rocznica-urodzin-wspanialego-papieza-jana-pawla-ii\/#breadcrumb"},"inLanguage":"pl-PL","potentialAction":[{"@type":"ReadAction","target":["https:\/\/pakosc-kalwaria.franciszkanie.net\/index.php\/2023\/05\/18\/103-rocznica-urodzin-wspanialego-papieza-jana-pawla-ii\/"]}]},{"@type":"BreadcrumbList","@id":"https:\/\/pakosc-kalwaria.franciszkanie.net\/index.php\/2023\/05\/18\/103-rocznica-urodzin-wspanialego-papieza-jana-pawla-ii\/#breadcrumb","itemListElement":[{"@type":"ListItem","position":1,"name":"Strona g\u0142\u00f3wna","item":"https:\/\/pakosc-kalwaria.franciszkanie.net\/"},{"@type":"ListItem","position":2,"name":"103. rocznica urodzin wspania\u0142ego papie\u017ca Jana Paw\u0142a II"}]},{"@type":"Person","@id":"https:\/\/pakosc-kalwaria.franciszkanie.net\/#\/schema\/person\/af10b943be0760709227d060eadcb2aa","name":"pakosc-kalwaria","image":{"@type":"ImageObject","@id":"https:\/\/pakosc-kalwaria.franciszkanie.net\/#personlogo","inLanguage":"pl-PL","url":"https:\/\/secure.gravatar.com\/avatar\/e7049d338b55eac6a0027ff3218b8d02?s=96&d=mm&r=g","contentUrl":"https:\/\/secure.gravatar.com\/avatar\/e7049d338b55eac6a0027ff3218b8d02?s=96&d=mm&r=g","caption":"pakosc-kalwaria"},"sameAs":["https:\/\/www.facebook.com\/KalwariaPakosc\/"],"url":"https:\/\/pakosc-kalwaria.franciszkanie.net\/index.php\/author\/pakosc-kalwaria\/"}]}},"_links":{"self":[{"href":"https:\/\/pakosc-kalwaria.franciszkanie.net\/index.php\/wp-json\/wp\/v2\/posts\/28351"}],"collection":[{"href":"https:\/\/pakosc-kalwaria.franciszkanie.net\/index.php\/wp-json\/wp\/v2\/posts"}],"about":[{"href":"https:\/\/pakosc-kalwaria.franciszkanie.net\/index.php\/wp-json\/wp\/v2\/types\/post"}],"author":[{"embeddable":true,"href":"https:\/\/pakosc-kalwaria.franciszkanie.net\/index.php\/wp-json\/wp\/v2\/users\/2"}],"replies":[{"embeddable":true,"href":"https:\/\/pakosc-kalwaria.franciszkanie.net\/index.php\/wp-json\/wp\/v2\/comments?post=28351"}],"version-history":[{"count":1,"href":"https:\/\/pakosc-kalwaria.franciszkanie.net\/index.php\/wp-json\/wp\/v2\/posts\/28351\/revisions"}],"predecessor-version":[{"id":28353,"href":"https:\/\/pakosc-kalwaria.franciszkanie.net\/index.php\/wp-json\/wp\/v2\/posts\/28351\/revisions\/28353"}],"wp:featuredmedia":[{"embeddable":true,"href":"https:\/\/pakosc-kalwaria.franciszkanie.net\/index.php\/wp-json\/wp\/v2\/media\/28352"}],"wp:attachment":[{"href":"https:\/\/pakosc-kalwaria.franciszkanie.net\/index.php\/wp-json\/wp\/v2\/media?parent=28351"}],"wp:term":[{"taxonomy":"category","embeddable":true,"href":"https:\/\/pakosc-kalwaria.franciszkanie.net\/index.php\/wp-json\/wp\/v2\/categories?post=28351"},{"taxonomy":"post_tag","embeddable":true,"href":"https:\/\/pakosc-kalwaria.franciszkanie.net\/index.php\/wp-json\/wp\/v2\/tags?post=28351"}],"curies":[{"name":"wp","href":"https:\/\/api.w.org\/{rel}","templated":true}]}}