{"id":30418,"date":"2023-09-18T20:42:31","date_gmt":"2023-09-18T18:42:31","guid":{"rendered":"https:\/\/pakosc-kalwaria.franciszkanie.net\/?p=30418"},"modified":"2023-09-18T20:42:31","modified_gmt":"2023-09-18T18:42:31","slug":"poswiecenie-tablicy-upamietniajacej-nawiedzenie-matki-bozej-w-naszej-parafii-16-09-2023r","status":"publish","type":"post","link":"https:\/\/pakosc-kalwaria.franciszkanie.net\/index.php\/2023\/09\/18\/poswiecenie-tablicy-upamietniajacej-nawiedzenie-matki-bozej-w-naszej-parafii-16-09-2023r\/","title":{"rendered":"Po\u015bwi\u0119cenie tablicy upami\u0119tniaj\u0105cej  Nawiedzenie Matki Bo\u017cej w naszej Parafii &#8211; 16.09.2023r."},"content":{"rendered":"<p><span class=\"x193iq5w xeuugli x13faqbe x1vvkbs x1xmvt09 x1lliihq x1s928wv xhkezso x1gmr53x x1cpjm7i x1fgarty x1943h6x xudqn12 x3x7a5m x6prxxf xvq8zen xo1l8bm xzsf02u x1yc453h\" dir=\"auto\">Ju\u017c ponad rok min\u0105\u0142 od Nawiedzenia Obrazu Matki Bo\u017cej Cz\u0119stochowskiej w naszej Parafii, wdzi\u0119czni wierni za ten szczeg\u00f3lny czas modlitwy zgromadzili si\u0119 by wzi\u0105\u0107 udzia\u0142 w po\u015bwi\u0119ceniu tablicy pami\u0105tkowej. Dzi\u0119kujemy za Wasz\u0105 obecno\u015b\u0107 i wsp\u00f3ln\u0105 modlitw\u0119. Szczeg\u00f3lnie podzi\u0119kowania sk\u0142adamy r\u00f3wnie\u017c Panu Wojewodzie Kujawsko-Pomorskiemu Miko\u0142ajowi Bogdanowiczowi za ofiarowanie puszki do przechowywania Naj\u015bwi\u0119tszego Sakramentu.<\/span><\/p>\n<p><img loading=\"lazy\" class=\"alignleft size-full wp-image-30419\" src=\"http:\/\/pakosc-kalwaria.franciszkanie.net\/wp-content\/uploads\/2023\/09\/379603148_274277882094470_6269950705656167627_n.jpg\" alt=\"\" width=\"1600\" height=\"1200\" srcset=\"https:\/\/pakosc-kalwaria.franciszkanie.net\/wp-content\/uploads\/2023\/09\/379603148_274277882094470_6269950705656167627_n.jpg 1600w, https:\/\/pakosc-kalwaria.franciszkanie.net\/wp-content\/uploads\/2023\/09\/379603148_274277882094470_6269950705656167627_n-300x225.jpg 300w, https:\/\/pakosc-kalwaria.franciszkanie.net\/wp-content\/uploads\/2023\/09\/379603148_274277882094470_6269950705656167627_n-1024x768.jpg 1024w, https:\/\/pakosc-kalwaria.franciszkanie.net\/wp-content\/uploads\/2023\/09\/379603148_274277882094470_6269950705656167627_n-768x576.jpg 768w, https:\/\/pakosc-kalwaria.franciszkanie.net\/wp-content\/uploads\/2023\/09\/379603148_274277882094470_6269950705656167627_n-1536x1152.jpg 1536w, https:\/\/pakosc-kalwaria.franciszkanie.net\/wp-content\/uploads\/2023\/09\/379603148_274277882094470_6269950705656167627_n-418x315.jpg 418w\" sizes=\"(max-width: 1600px) 100vw, 1600px\" \/> <img loading=\"lazy\" class=\"alignleft size-full wp-image-30420\" src=\"http:\/\/pakosc-kalwaria.franciszkanie.net\/wp-content\/uploads\/2023\/09\/379867777_274277868761138_4447379994539270197_n.jpg\" alt=\"\" width=\"1080\" height=\"1440\" srcset=\"https:\/\/pakosc-kalwaria.franciszkanie.net\/wp-content\/uploads\/2023\/09\/379867777_274277868761138_4447379994539270197_n.jpg 1080w, https:\/\/pakosc-kalwaria.franciszkanie.net\/wp-content\/uploads\/2023\/09\/379867777_274277868761138_4447379994539270197_n-225x300.jpg 225w, https:\/\/pakosc-kalwaria.franciszkanie.net\/wp-content\/uploads\/2023\/09\/379867777_274277868761138_4447379994539270197_n-768x1024.jpg 768w\" sizes=\"(max-width: 1080px) 100vw, 1080px\" \/> <img loading=\"lazy\" class=\"alignleft size-full wp-image-30421\" src=\"http:\/\/pakosc-kalwaria.franciszkanie.net\/wp-content\/uploads\/2023\/09\/379574917_274277855427806_4628815545347601623_n.jpg\" alt=\"\" width=\"1080\" height=\"1440\" srcset=\"https:\/\/pakosc-kalwaria.franciszkanie.net\/wp-content\/uploads\/2023\/09\/379574917_274277855427806_4628815545347601623_n.jpg 1080w, https:\/\/pakosc-kalwaria.franciszkanie.net\/wp-content\/uploads\/2023\/09\/379574917_274277855427806_4628815545347601623_n-225x300.jpg 225w, https:\/\/pakosc-kalwaria.franciszkanie.net\/wp-content\/uploads\/2023\/09\/379574917_274277855427806_4628815545347601623_n-768x1024.jpg 768w\" sizes=\"(max-width: 1080px) 100vw, 1080px\" \/> <img loading=\"lazy\" class=\"alignleft size-full wp-image-30422\" src=\"http:\/\/pakosc-kalwaria.franciszkanie.net\/wp-content\/uploads\/2023\/09\/380309696_274277798761145_3681733896463158195_n.jpg\" alt=\"\" width=\"1080\" height=\"1440\" srcset=\"https:\/\/pakosc-kalwaria.franciszkanie.net\/wp-content\/uploads\/2023\/09\/380309696_274277798761145_3681733896463158195_n.jpg 1080w, https:\/\/pakosc-kalwaria.franciszkanie.net\/wp-content\/uploads\/2023\/09\/380309696_274277798761145_3681733896463158195_n-225x300.jpg 225w, https:\/\/pakosc-kalwaria.franciszkanie.net\/wp-content\/uploads\/2023\/09\/380309696_274277798761145_3681733896463158195_n-768x1024.jpg 768w\" sizes=\"(max-width: 1080px) 100vw, 1080px\" \/> <img loading=\"lazy\" class=\"alignleft size-full wp-image-30423\" src=\"http:\/\/pakosc-kalwaria.franciszkanie.net\/wp-content\/uploads\/2023\/09\/379849820_274277772094481_3228502714995981558_n.jpg\" alt=\"\" width=\"1080\" height=\"1440\" srcset=\"https:\/\/pakosc-kalwaria.franciszkanie.net\/wp-content\/uploads\/2023\/09\/379849820_274277772094481_3228502714995981558_n.jpg 1080w, https:\/\/pakosc-kalwaria.franciszkanie.net\/wp-content\/uploads\/2023\/09\/379849820_274277772094481_3228502714995981558_n-225x300.jpg 225w, https:\/\/pakosc-kalwaria.franciszkanie.net\/wp-content\/uploads\/2023\/09\/379849820_274277772094481_3228502714995981558_n-768x1024.jpg 768w\" sizes=\"(max-width: 1080px) 100vw, 1080px\" \/> <img loading=\"lazy\" class=\"alignleft size-full wp-image-30424\" src=\"http:\/\/pakosc-kalwaria.franciszkanie.net\/wp-content\/uploads\/2023\/09\/379865320_274277738761151_5308797346263129072_n.jpg\" alt=\"\" width=\"1080\" height=\"1440\" srcset=\"https:\/\/pakosc-kalwaria.franciszkanie.net\/wp-content\/uploads\/2023\/09\/379865320_274277738761151_5308797346263129072_n.jpg 1080w, https:\/\/pakosc-kalwaria.franciszkanie.net\/wp-content\/uploads\/2023\/09\/379865320_274277738761151_5308797346263129072_n-225x300.jpg 225w, https:\/\/pakosc-kalwaria.franciszkanie.net\/wp-content\/uploads\/2023\/09\/379865320_274277738761151_5308797346263129072_n-768x1024.jpg 768w\" sizes=\"(max-width: 1080px) 100vw, 1080px\" \/> <img loading=\"lazy\" class=\"alignleft size-full wp-image-30425\" src=\"http:\/\/pakosc-kalwaria.franciszkanie.net\/wp-content\/uploads\/2023\/09\/379674980_274277635427828_6896985491761688881_n.jpg\" alt=\"\" width=\"1080\" height=\"1440\" srcset=\"https:\/\/pakosc-kalwaria.franciszkanie.net\/wp-content\/uploads\/2023\/09\/379674980_274277635427828_6896985491761688881_n.jpg 1080w, https:\/\/pakosc-kalwaria.franciszkanie.net\/wp-content\/uploads\/2023\/09\/379674980_274277635427828_6896985491761688881_n-225x300.jpg 225w, https:\/\/pakosc-kalwaria.franciszkanie.net\/wp-content\/uploads\/2023\/09\/379674980_274277635427828_6896985491761688881_n-768x1024.jpg 768w\" sizes=\"(max-width: 1080px) 100vw, 1080px\" \/><\/p>\n","protected":false},"excerpt":{"rendered":"<p>Ju\u017c ponad rok min\u0105\u0142 od Nawiedzenia Obrazu Matki Bo\u017cej Cz\u0119stochowskiej w naszej Parafii, wdzi\u0119czni wierni za ten szczeg\u00f3lny czas modlitwy zgromadzili si\u0119 by wzi\u0105\u0107 udzia\u0142 w po\u015bwi\u0119ceniu tablicy pami\u0105tkowej. Dzi\u0119kujemy za Wasz\u0105 obecno\u015b\u0107 i wsp\u00f3ln\u0105 modlitw\u0119. Szczeg\u00f3lnie podzi\u0119kowania sk\u0142adamy r\u00f3wnie\u017c Panu Wojewodzie Kujawsko-Pomorskiemu Miko\u0142ajowi Bogdanowiczowi za ofiarowanie puszki do przechowywania Naj\u015bwi\u0119tszego Sakramentu.<\/p>\n","protected":false},"author":2,"featured_media":30425,"comment_status":"closed","ping_status":"closed","sticky":false,"template":"","format":"standard","meta":{"_mi_skip_tracking":false,"_exactmetrics_sitenote_active":false,"_exactmetrics_sitenote_note":"","_exactmetrics_sitenote_category":0},"categories":[13],"tags":[],"yoast_head":"<!-- This site is optimized with the Yoast SEO plugin v18.1 - https:\/\/yoast.com\/wordpress\/plugins\/seo\/ -->\n<title>Po\u015bwi\u0119cenie tablicy upami\u0119tniaj\u0105cej Nawiedzenie Matki Bo\u017cej w naszej Parafii - 16.09.2023r. - Pako\u015b\u0107 \u2013 Kalwaria<\/title>\n<meta name=\"robots\" content=\"index, follow, max-snippet:-1, max-image-preview:large, max-video-preview:-1\" \/>\n<link rel=\"canonical\" href=\"https:\/\/pakosc-kalwaria.franciszkanie.net\/index.php\/2023\/09\/18\/poswiecenie-tablicy-upamietniajacej-nawiedzenie-matki-bozej-w-naszej-parafii-16-09-2023r\/\" \/>\n<meta property=\"og:locale\" content=\"pl_PL\" \/>\n<meta property=\"og:type\" content=\"article\" \/>\n<meta property=\"og:title\" content=\"Po\u015bwi\u0119cenie tablicy upami\u0119tniaj\u0105cej Nawiedzenie Matki Bo\u017cej w naszej Parafii - 16.09.2023r. - Pako\u015b\u0107 \u2013 Kalwaria\" \/>\n<meta property=\"og:description\" content=\"Ju\u017c ponad rok min\u0105\u0142 od Nawiedzenia Obrazu Matki Bo\u017cej Cz\u0119stochowskiej w naszej Parafii, wdzi\u0119czni wierni za ten szczeg\u00f3lny czas modlitwy zgromadzili si\u0119 by wzi\u0105\u0107 udzia\u0142 w po\u015bwi\u0119ceniu tablicy pami\u0105tkowej. Dzi\u0119kujemy za Wasz\u0105 obecno\u015b\u0107 i wsp\u00f3ln\u0105 modlitw\u0119. Szczeg\u00f3lnie podzi\u0119kowania sk\u0142adamy r\u00f3wnie\u017c Panu Wojewodzie Kujawsko-Pomorskiemu Miko\u0142ajowi Bogdanowiczowi za ofiarowanie puszki do przechowywania Naj\u015bwi\u0119tszego Sakramentu.\" \/>\n<meta property=\"og:url\" content=\"https:\/\/pakosc-kalwaria.franciszkanie.net\/index.php\/2023\/09\/18\/poswiecenie-tablicy-upamietniajacej-nawiedzenie-matki-bozej-w-naszej-parafii-16-09-2023r\/\" \/>\n<meta property=\"og:site_name\" content=\"Pako\u015b\u0107 \u2013 Kalwaria\" \/>\n<meta property=\"article:author\" content=\"https:\/\/www.facebook.com\/KalwariaPakosc\/\" \/>\n<meta property=\"article:published_time\" content=\"2023-09-18T18:42:31+00:00\" \/>\n<meta property=\"og:image\" content=\"http:\/\/pakosc-kalwaria.franciszkanie.net\/wp-content\/uploads\/2023\/09\/379674980_274277635427828_6896985491761688881_n.jpg\" \/>\n\t<meta property=\"og:image:width\" content=\"1080\" \/>\n\t<meta property=\"og:image:height\" content=\"1440\" \/>\n\t<meta property=\"og:image:type\" content=\"image\/jpeg\" \/>\n<meta name=\"twitter:card\" content=\"summary\" \/>\n<meta name=\"twitter:label1\" content=\"Napisane przez\" \/>\n\t<meta name=\"twitter:data1\" content=\"pakosc-kalwaria\" \/>\n\t<meta name=\"twitter:label2\" content=\"Szacowany czas czytania\" \/>\n\t<meta name=\"twitter:data2\" content=\"2 minuty\" \/>\n<script type=\"application\/ld+json\" class=\"yoast-schema-graph\">{\"@context\":\"https:\/\/schema.org\",\"@graph\":[{\"@type\":\"WebSite\",\"@id\":\"https:\/\/pakosc-kalwaria.franciszkanie.net\/#website\",\"url\":\"https:\/\/pakosc-kalwaria.franciszkanie.net\/\",\"name\":\"Pako\u015b\u0107 \u2013 Kalwaria\",\"description\":\"Parafia Rzymsko \u2013 Katolicka p.w. Pana Jezusa Ukrzy\u017cowanego i  Matki Bo\u017cej Bolesnej ul. Barci\u0144ska 60, 88\u2013170 Pako\u015b\u0107 \u2013 Kalwaria\",\"potentialAction\":[{\"@type\":\"SearchAction\",\"target\":{\"@type\":\"EntryPoint\",\"urlTemplate\":\"https:\/\/pakosc-kalwaria.franciszkanie.net\/?s={search_term_string}\"},\"query-input\":\"required name=search_term_string\"}],\"inLanguage\":\"pl-PL\"},{\"@type\":\"ImageObject\",\"@id\":\"https:\/\/pakosc-kalwaria.franciszkanie.net\/index.php\/2023\/09\/18\/poswiecenie-tablicy-upamietniajacej-nawiedzenie-matki-bozej-w-naszej-parafii-16-09-2023r\/#primaryimage\",\"inLanguage\":\"pl-PL\",\"url\":\"https:\/\/pakosc-kalwaria.franciszkanie.net\/wp-content\/uploads\/2023\/09\/379674980_274277635427828_6896985491761688881_n.jpg\",\"contentUrl\":\"https:\/\/pakosc-kalwaria.franciszkanie.net\/wp-content\/uploads\/2023\/09\/379674980_274277635427828_6896985491761688881_n.jpg\",\"width\":1080,\"height\":1440},{\"@type\":\"WebPage\",\"@id\":\"https:\/\/pakosc-kalwaria.franciszkanie.net\/index.php\/2023\/09\/18\/poswiecenie-tablicy-upamietniajacej-nawiedzenie-matki-bozej-w-naszej-parafii-16-09-2023r\/#webpage\",\"url\":\"https:\/\/pakosc-kalwaria.franciszkanie.net\/index.php\/2023\/09\/18\/poswiecenie-tablicy-upamietniajacej-nawiedzenie-matki-bozej-w-naszej-parafii-16-09-2023r\/\",\"name\":\"Po\u015bwi\u0119cenie tablicy upami\u0119tniaj\u0105cej Nawiedzenie Matki Bo\u017cej w naszej Parafii - 16.09.2023r. - Pako\u015b\u0107 \u2013 Kalwaria\",\"isPartOf\":{\"@id\":\"https:\/\/pakosc-kalwaria.franciszkanie.net\/#website\"},\"primaryImageOfPage\":{\"@id\":\"https:\/\/pakosc-kalwaria.franciszkanie.net\/index.php\/2023\/09\/18\/poswiecenie-tablicy-upamietniajacej-nawiedzenie-matki-bozej-w-naszej-parafii-16-09-2023r\/#primaryimage\"},\"datePublished\":\"2023-09-18T18:42:31+00:00\",\"dateModified\":\"2023-09-18T18:42:31+00:00\",\"author\":{\"@id\":\"https:\/\/pakosc-kalwaria.franciszkanie.net\/#\/schema\/person\/af10b943be0760709227d060eadcb2aa\"},\"breadcrumb\":{\"@id\":\"https:\/\/pakosc-kalwaria.franciszkanie.net\/index.php\/2023\/09\/18\/poswiecenie-tablicy-upamietniajacej-nawiedzenie-matki-bozej-w-naszej-parafii-16-09-2023r\/#breadcrumb\"},\"inLanguage\":\"pl-PL\",\"potentialAction\":[{\"@type\":\"ReadAction\",\"target\":[\"https:\/\/pakosc-kalwaria.franciszkanie.net\/index.php\/2023\/09\/18\/poswiecenie-tablicy-upamietniajacej-nawiedzenie-matki-bozej-w-naszej-parafii-16-09-2023r\/\"]}]},{\"@type\":\"BreadcrumbList\",\"@id\":\"https:\/\/pakosc-kalwaria.franciszkanie.net\/index.php\/2023\/09\/18\/poswiecenie-tablicy-upamietniajacej-nawiedzenie-matki-bozej-w-naszej-parafii-16-09-2023r\/#breadcrumb\",\"itemListElement\":[{\"@type\":\"ListItem\",\"position\":1,\"name\":\"Strona g\u0142\u00f3wna\",\"item\":\"https:\/\/pakosc-kalwaria.franciszkanie.net\/\"},{\"@type\":\"ListItem\",\"position\":2,\"name\":\"Po\u015bwi\u0119cenie tablicy upami\u0119tniaj\u0105cej Nawiedzenie Matki Bo\u017cej w naszej Parafii &#8211; 16.09.2023r.\"}]},{\"@type\":\"Person\",\"@id\":\"https:\/\/pakosc-kalwaria.franciszkanie.net\/#\/schema\/person\/af10b943be0760709227d060eadcb2aa\",\"name\":\"pakosc-kalwaria\",\"image\":{\"@type\":\"ImageObject\",\"@id\":\"https:\/\/pakosc-kalwaria.franciszkanie.net\/#personlogo\",\"inLanguage\":\"pl-PL\",\"url\":\"https:\/\/secure.gravatar.com\/avatar\/e7049d338b55eac6a0027ff3218b8d02?s=96&d=mm&r=g\",\"contentUrl\":\"https:\/\/secure.gravatar.com\/avatar\/e7049d338b55eac6a0027ff3218b8d02?s=96&d=mm&r=g\",\"caption\":\"pakosc-kalwaria\"},\"sameAs\":[\"https:\/\/www.facebook.com\/KalwariaPakosc\/\"],\"url\":\"https:\/\/pakosc-kalwaria.franciszkanie.net\/index.php\/author\/pakosc-kalwaria\/\"}]}<\/script>\n<!-- \/ Yoast SEO plugin. -->","yoast_head_json":{"title":"Po\u015bwi\u0119cenie tablicy upami\u0119tniaj\u0105cej Nawiedzenie Matki Bo\u017cej w naszej Parafii - 16.09.2023r. - Pako\u015b\u0107 \u2013 Kalwaria","robots":{"index":"index","follow":"follow","max-snippet":"max-snippet:-1","max-image-preview":"max-image-preview:large","max-video-preview":"max-video-preview:-1"},"canonical":"https:\/\/pakosc-kalwaria.franciszkanie.net\/index.php\/2023\/09\/18\/poswiecenie-tablicy-upamietniajacej-nawiedzenie-matki-bozej-w-naszej-parafii-16-09-2023r\/","og_locale":"pl_PL","og_type":"article","og_title":"Po\u015bwi\u0119cenie tablicy upami\u0119tniaj\u0105cej Nawiedzenie Matki Bo\u017cej w naszej Parafii - 16.09.2023r. - Pako\u015b\u0107 \u2013 Kalwaria","og_description":"Ju\u017c ponad rok min\u0105\u0142 od Nawiedzenia Obrazu Matki Bo\u017cej Cz\u0119stochowskiej w naszej Parafii, wdzi\u0119czni wierni za ten szczeg\u00f3lny czas modlitwy zgromadzili si\u0119 by wzi\u0105\u0107 udzia\u0142 w po\u015bwi\u0119ceniu tablicy pami\u0105tkowej. Dzi\u0119kujemy za Wasz\u0105 obecno\u015b\u0107 i wsp\u00f3ln\u0105 modlitw\u0119. Szczeg\u00f3lnie podzi\u0119kowania sk\u0142adamy r\u00f3wnie\u017c Panu Wojewodzie Kujawsko-Pomorskiemu Miko\u0142ajowi Bogdanowiczowi za ofiarowanie puszki do przechowywania Naj\u015bwi\u0119tszego Sakramentu.","og_url":"https:\/\/pakosc-kalwaria.franciszkanie.net\/index.php\/2023\/09\/18\/poswiecenie-tablicy-upamietniajacej-nawiedzenie-matki-bozej-w-naszej-parafii-16-09-2023r\/","og_site_name":"Pako\u015b\u0107 \u2013 Kalwaria","article_author":"https:\/\/www.facebook.com\/KalwariaPakosc\/","article_published_time":"2023-09-18T18:42:31+00:00","og_image":[{"width":1080,"height":1440,"url":"http:\/\/pakosc-kalwaria.franciszkanie.net\/wp-content\/uploads\/2023\/09\/379674980_274277635427828_6896985491761688881_n.jpg","type":"image\/jpeg"}],"twitter_card":"summary","twitter_misc":{"Napisane przez":"pakosc-kalwaria","Szacowany czas czytania":"2 minuty"},"schema":{"@context":"https:\/\/schema.org","@graph":[{"@type":"WebSite","@id":"https:\/\/pakosc-kalwaria.franciszkanie.net\/#website","url":"https:\/\/pakosc-kalwaria.franciszkanie.net\/","name":"Pako\u015b\u0107 \u2013 Kalwaria","description":"Parafia Rzymsko \u2013 Katolicka p.w. Pana Jezusa Ukrzy\u017cowanego i  Matki Bo\u017cej Bolesnej ul. Barci\u0144ska 60, 88\u2013170 Pako\u015b\u0107 \u2013 Kalwaria","potentialAction":[{"@type":"SearchAction","target":{"@type":"EntryPoint","urlTemplate":"https:\/\/pakosc-kalwaria.franciszkanie.net\/?s={search_term_string}"},"query-input":"required name=search_term_string"}],"inLanguage":"pl-PL"},{"@type":"ImageObject","@id":"https:\/\/pakosc-kalwaria.franciszkanie.net\/index.php\/2023\/09\/18\/poswiecenie-tablicy-upamietniajacej-nawiedzenie-matki-bozej-w-naszej-parafii-16-09-2023r\/#primaryimage","inLanguage":"pl-PL","url":"https:\/\/pakosc-kalwaria.franciszkanie.net\/wp-content\/uploads\/2023\/09\/379674980_274277635427828_6896985491761688881_n.jpg","contentUrl":"https:\/\/pakosc-kalwaria.franciszkanie.net\/wp-content\/uploads\/2023\/09\/379674980_274277635427828_6896985491761688881_n.jpg","width":1080,"height":1440},{"@type":"WebPage","@id":"https:\/\/pakosc-kalwaria.franciszkanie.net\/index.php\/2023\/09\/18\/poswiecenie-tablicy-upamietniajacej-nawiedzenie-matki-bozej-w-naszej-parafii-16-09-2023r\/#webpage","url":"https:\/\/pakosc-kalwaria.franciszkanie.net\/index.php\/2023\/09\/18\/poswiecenie-tablicy-upamietniajacej-nawiedzenie-matki-bozej-w-naszej-parafii-16-09-2023r\/","name":"Po\u015bwi\u0119cenie tablicy upami\u0119tniaj\u0105cej Nawiedzenie Matki Bo\u017cej w naszej Parafii - 16.09.2023r. - Pako\u015b\u0107 \u2013 Kalwaria","isPartOf":{"@id":"https:\/\/pakosc-kalwaria.franciszkanie.net\/#website"},"primaryImageOfPage":{"@id":"https:\/\/pakosc-kalwaria.franciszkanie.net\/index.php\/2023\/09\/18\/poswiecenie-tablicy-upamietniajacej-nawiedzenie-matki-bozej-w-naszej-parafii-16-09-2023r\/#primaryimage"},"datePublished":"2023-09-18T18:42:31+00:00","dateModified":"2023-09-18T18:42:31+00:00","author":{"@id":"https:\/\/pakosc-kalwaria.franciszkanie.net\/#\/schema\/person\/af10b943be0760709227d060eadcb2aa"},"breadcrumb":{"@id":"https:\/\/pakosc-kalwaria.franciszkanie.net\/index.php\/2023\/09\/18\/poswiecenie-tablicy-upamietniajacej-nawiedzenie-matki-bozej-w-naszej-parafii-16-09-2023r\/#breadcrumb"},"inLanguage":"pl-PL","potentialAction":[{"@type":"ReadAction","target":["https:\/\/pakosc-kalwaria.franciszkanie.net\/index.php\/2023\/09\/18\/poswiecenie-tablicy-upamietniajacej-nawiedzenie-matki-bozej-w-naszej-parafii-16-09-2023r\/"]}]},{"@type":"BreadcrumbList","@id":"https:\/\/pakosc-kalwaria.franciszkanie.net\/index.php\/2023\/09\/18\/poswiecenie-tablicy-upamietniajacej-nawiedzenie-matki-bozej-w-naszej-parafii-16-09-2023r\/#breadcrumb","itemListElement":[{"@type":"ListItem","position":1,"name":"Strona g\u0142\u00f3wna","item":"https:\/\/pakosc-kalwaria.franciszkanie.net\/"},{"@type":"ListItem","position":2,"name":"Po\u015bwi\u0119cenie tablicy upami\u0119tniaj\u0105cej Nawiedzenie Matki Bo\u017cej w naszej Parafii &#8211; 16.09.2023r."}]},{"@type":"Person","@id":"https:\/\/pakosc-kalwaria.franciszkanie.net\/#\/schema\/person\/af10b943be0760709227d060eadcb2aa","name":"pakosc-kalwaria","image":{"@type":"ImageObject","@id":"https:\/\/pakosc-kalwaria.franciszkanie.net\/#personlogo","inLanguage":"pl-PL","url":"https:\/\/secure.gravatar.com\/avatar\/e7049d338b55eac6a0027ff3218b8d02?s=96&d=mm&r=g","contentUrl":"https:\/\/secure.gravatar.com\/avatar\/e7049d338b55eac6a0027ff3218b8d02?s=96&d=mm&r=g","caption":"pakosc-kalwaria"},"sameAs":["https:\/\/www.facebook.com\/KalwariaPakosc\/"],"url":"https:\/\/pakosc-kalwaria.franciszkanie.net\/index.php\/author\/pakosc-kalwaria\/"}]}},"_links":{"self":[{"href":"https:\/\/pakosc-kalwaria.franciszkanie.net\/index.php\/wp-json\/wp\/v2\/posts\/30418"}],"collection":[{"href":"https:\/\/pakosc-kalwaria.franciszkanie.net\/index.php\/wp-json\/wp\/v2\/posts"}],"about":[{"href":"https:\/\/pakosc-kalwaria.franciszkanie.net\/index.php\/wp-json\/wp\/v2\/types\/post"}],"author":[{"embeddable":true,"href":"https:\/\/pakosc-kalwaria.franciszkanie.net\/index.php\/wp-json\/wp\/v2\/users\/2"}],"replies":[{"embeddable":true,"href":"https:\/\/pakosc-kalwaria.franciszkanie.net\/index.php\/wp-json\/wp\/v2\/comments?post=30418"}],"version-history":[{"count":1,"href":"https:\/\/pakosc-kalwaria.franciszkanie.net\/index.php\/wp-json\/wp\/v2\/posts\/30418\/revisions"}],"predecessor-version":[{"id":30426,"href":"https:\/\/pakosc-kalwaria.franciszkanie.net\/index.php\/wp-json\/wp\/v2\/posts\/30418\/revisions\/30426"}],"wp:featuredmedia":[{"embeddable":true,"href":"https:\/\/pakosc-kalwaria.franciszkanie.net\/index.php\/wp-json\/wp\/v2\/media\/30425"}],"wp:attachment":[{"href":"https:\/\/pakosc-kalwaria.franciszkanie.net\/index.php\/wp-json\/wp\/v2\/media?parent=30418"}],"wp:term":[{"taxonomy":"category","embeddable":true,"href":"https:\/\/pakosc-kalwaria.franciszkanie.net\/index.php\/wp-json\/wp\/v2\/categories?post=30418"},{"taxonomy":"post_tag","embeddable":true,"href":"https:\/\/pakosc-kalwaria.franciszkanie.net\/index.php\/wp-json\/wp\/v2\/tags?post=30418"}],"curies":[{"name":"wp","href":"https:\/\/api.w.org\/{rel}","templated":true}]}}