{"id":30626,"date":"2023-10-16T22:10:39","date_gmt":"2023-10-16T20:10:39","guid":{"rendered":"https:\/\/pakosc-kalwaria.franciszkanie.net\/?p=30626"},"modified":"2023-10-16T22:10:39","modified_gmt":"2023-10-16T20:10:39","slug":"akcja-jesienna-28-29-10-2023r-zaproszenie","status":"publish","type":"post","link":"https:\/\/pakosc-kalwaria.franciszkanie.net\/index.php\/2023\/10\/16\/akcja-jesienna-28-29-10-2023r-zaproszenie\/","title":{"rendered":"AKCJA JESIENNA 28-29.10.2023r. &#8211; ZAPROSZENIE"},"content":{"rendered":"<div class=\"xdj266r x11i5rnm xat24cr x1mh8g0r x1vvkbs x126k92a\">\n<div dir=\"auto\"><span class=\"x3nfvp2 x1j61x8r x1fcty0u xdj266r xhhsvwb xat24cr xgzva0m xxymvpz xlup9mm x1kky2od\"><img loading=\"lazy\" src=\"https:\/\/static.xx.fbcdn.net\/images\/emoji.php\/v9\/t8\/1\/16\/1f341.png\" alt=\"\ud83c\udf41\" width=\"16\" height=\"16\" \/><\/span><span class=\"x3nfvp2 x1j61x8r x1fcty0u xdj266r xhhsvwb xat24cr xgzva0m xxymvpz xlup9mm x1kky2od\"><img loading=\"lazy\" src=\"https:\/\/static.xx.fbcdn.net\/images\/emoji.php\/v9\/t8\/1\/16\/1f341.png\" alt=\"\ud83c\udf41\" width=\"16\" height=\"16\" \/><\/span><span class=\"x3nfvp2 x1j61x8r x1fcty0u xdj266r xhhsvwb xat24cr xgzva0m xxymvpz xlup9mm x1kky2od\"><img loading=\"lazy\" src=\"https:\/\/static.xx.fbcdn.net\/images\/emoji.php\/v9\/t8\/1\/16\/1f341.png\" alt=\"\ud83c\udf41\" width=\"16\" height=\"16\" \/><\/span>UWAGA<span class=\"x3nfvp2 x1j61x8r x1fcty0u xdj266r xhhsvwb xat24cr xgzva0m xxymvpz xlup9mm x1kky2od\"><img loading=\"lazy\" src=\"https:\/\/static.xx.fbcdn.net\/images\/emoji.php\/v9\/t8\/1\/16\/1f341.png\" alt=\"\ud83c\udf41\" width=\"16\" height=\"16\" \/><\/span><span class=\"x3nfvp2 x1j61x8r x1fcty0u xdj266r xhhsvwb xat24cr xgzva0m xxymvpz xlup9mm x1kky2od\"><img loading=\"lazy\" src=\"https:\/\/static.xx.fbcdn.net\/images\/emoji.php\/v9\/t8\/1\/16\/1f341.png\" alt=\"\ud83c\udf41\" width=\"16\" height=\"16\" \/><\/span><span class=\"x3nfvp2 x1j61x8r x1fcty0u xdj266r xhhsvwb xat24cr xgzva0m xxymvpz xlup9mm x1kky2od\"><img loading=\"lazy\" src=\"https:\/\/static.xx.fbcdn.net\/images\/emoji.php\/v9\/t8\/1\/16\/1f341.png\" alt=\"\ud83c\udf41\" width=\"16\" height=\"16\" \/><\/span><\/div>\n<\/div>\n<div class=\"x11i5rnm xat24cr x1mh8g0r x1vvkbs xtlvy1s x126k92a\">\n<div dir=\"auto\">Ju\u017c nied\u0142ugo czeka nas wspania\u0142e wydarzenie, dzi\u0119ki kt\u00f3remu ka\u017cdy b\u0119dzie m\u00f3g\u0142 wesprze\u0107 wymian\u0119 pieca oraz remont pomieszcze\u0144 gospodarczych na Kalwaryjskim Wzg\u00f3rzu, a wszystko to za spraw\u0105&#8230;.<\/div>\n<\/div>\n<div class=\"x11i5rnm xat24cr x1mh8g0r x1vvkbs xtlvy1s x126k92a\">\n<div dir=\"auto\"><span class=\"x3nfvp2 x1j61x8r x1fcty0u xdj266r xhhsvwb xat24cr xgzva0m xxymvpz xlup9mm x1kky2od\"><img loading=\"lazy\" src=\"https:\/\/static.xx.fbcdn.net\/images\/emoji.php\/v9\/t8\/1\/16\/1f341.png\" alt=\"\ud83c\udf41\" width=\"16\" height=\"16\" \/><\/span><span class=\"x3nfvp2 x1j61x8r x1fcty0u xdj266r xhhsvwb xat24cr xgzva0m xxymvpz xlup9mm x1kky2od\"><img loading=\"lazy\" src=\"https:\/\/static.xx.fbcdn.net\/images\/emoji.php\/v9\/t89\/1\/16\/1f342.png\" alt=\"\ud83c\udf42\" width=\"16\" height=\"16\" \/><\/span><span class=\"x3nfvp2 x1j61x8r x1fcty0u xdj266r xhhsvwb xat24cr xgzva0m xxymvpz xlup9mm x1kky2od\"><img loading=\"lazy\" src=\"https:\/\/static.xx.fbcdn.net\/images\/emoji.php\/v9\/t8\/1\/16\/1f341.png\" alt=\"\ud83c\udf41\" width=\"16\" height=\"16\" \/><\/span>JESIENI<span class=\"x3nfvp2 x1j61x8r x1fcty0u xdj266r xhhsvwb xat24cr xgzva0m xxymvpz xlup9mm x1kky2od\"><img loading=\"lazy\" src=\"https:\/\/static.xx.fbcdn.net\/images\/emoji.php\/v9\/t8\/1\/16\/1f341.png\" alt=\"\ud83c\udf41\" width=\"16\" height=\"16\" \/><\/span><span class=\"x3nfvp2 x1j61x8r x1fcty0u xdj266r xhhsvwb xat24cr xgzva0m xxymvpz xlup9mm x1kky2od\"><img loading=\"lazy\" src=\"https:\/\/static.xx.fbcdn.net\/images\/emoji.php\/v9\/t89\/1\/16\/1f342.png\" alt=\"\ud83c\udf42\" width=\"16\" height=\"16\" \/><\/span><span class=\"x3nfvp2 x1j61x8r x1fcty0u xdj266r xhhsvwb xat24cr xgzva0m xxymvpz xlup9mm x1kky2od\"><img loading=\"lazy\" src=\"https:\/\/static.xx.fbcdn.net\/images\/emoji.php\/v9\/t8\/1\/16\/1f341.png\" alt=\"\ud83c\udf41\" width=\"16\" height=\"16\" \/><\/span><\/div>\n<\/div>\n<div class=\"x11i5rnm xat24cr x1mh8g0r x1vvkbs xtlvy1s x126k92a\">\n<div dir=\"auto\">Korzystaj\u0105c z pi\u0119kna tej pory roku i jej dar\u00f3w w dniach:<\/div>\n<div dir=\"auto\"><span class=\"x3nfvp2 x1j61x8r x1fcty0u xdj266r xhhsvwb xat24cr xgzva0m xxymvpz xlup9mm x1kky2od\"><img loading=\"lazy\" src=\"https:\/\/static.xx.fbcdn.net\/images\/emoji.php\/v9\/t77\/1\/16\/203c.png\" alt=\"\u203c\ufe0f\" width=\"16\" height=\"16\" \/><\/span> 28-29.10 2023r. <span class=\"x3nfvp2 x1j61x8r x1fcty0u xdj266r xhhsvwb xat24cr xgzva0m xxymvpz xlup9mm x1kky2od\"><img loading=\"lazy\" src=\"https:\/\/static.xx.fbcdn.net\/images\/emoji.php\/v9\/t77\/1\/16\/203c.png\" alt=\"\u203c\ufe0f\" width=\"16\" height=\"16\" \/><\/span><\/div>\n<div dir=\"auto\">organizujemy :<\/div>\n<\/div>\n<div class=\"x11i5rnm xat24cr x1mh8g0r x1vvkbs xtlvy1s x126k92a\">\n<div dir=\"auto\">DZIE\u0143 <span class=\"x3nfvp2 x1j61x8r x1fcty0u xdj266r xhhsvwb xat24cr xgzva0m xxymvpz xlup9mm x1kky2od\"><img loading=\"lazy\" src=\"https:\/\/static.xx.fbcdn.net\/images\/emoji.php\/v9\/t7a\/1\/16\/31_20e3.png\" alt=\"1\ufe0f\u20e3\" width=\"16\" height=\"16\" \/><\/span> 28.10.2023r. godz. 10.00 w Cafe Francesco<\/div>\n<div dir=\"auto\">WARSZTATY JESIENNE<\/div>\n<div dir=\"auto\">podczas kt\u00f3rych b\u0119dziemy wykonywa\u0107 jesienne dekoracje oraz wsp\u00f3lnie bawi\u0107 si\u0119 w czasie gier integracyjnych.<\/div>\n<\/div>\n<div class=\"x11i5rnm xat24cr x1mh8g0r x1vvkbs xtlvy1s x126k92a\">\n<div dir=\"auto\">DZIE\u0143 <span class=\"x3nfvp2 x1j61x8r x1fcty0u xdj266r xhhsvwb xat24cr xgzva0m xxymvpz xlup9mm x1kky2od\"><img loading=\"lazy\" src=\"https:\/\/static.xx.fbcdn.net\/images\/emoji.php\/v9\/t99\/1\/16\/32_20e3.png\" alt=\"2\ufe0f\u20e3\" width=\"16\" height=\"16\" \/><\/span> 29.10.2023r. po wszystkich Mszach \u015awi\u0119tych<\/div>\n<div dir=\"auto\">PARAFIALNY KIERMASZ JESIENNY<\/div>\n<div dir=\"auto\">w czasie kt\u00f3rego, b\u0119dzie mo\u017cna naby\u0107 dekoracje jesienne wykonane podczas warsztat\u00f3w, a tak\u017ce owoce i warzywa oraz wszelkie przetwory przygotowane i przyniesione przez sympatyk\u00f3w naszego Sanktuarium.<\/div>\n<\/div>\n<div class=\"x11i5rnm xat24cr x1mh8g0r x1vvkbs xtlvy1s x126k92a\">\n<div dir=\"auto\">Serdecznie zapraszamy parafian, m\u0142odzie\u017c, dzieci z rodzicami, dziadk\u00f3w z wnukami do w\u0142\u0105czenia si\u0119 w to jesienne wydarzenie, niech czas razem sp\u0119dzony zaowocuje rozkwitem naszej Parafii <span class=\"x3nfvp2 x1j61x8r x1fcty0u xdj266r xhhsvwb xat24cr xgzva0m xxymvpz xlup9mm x1kky2od\"><img loading=\"lazy\" src=\"https:\/\/static.xx.fbcdn.net\/images\/emoji.php\/v9\/t55\/1\/16\/1f607.png\" alt=\"\ud83d\ude07\" width=\"16\" height=\"16\" \/><\/span><\/div>\n<\/div>\n<div dir=\"auto\"><img loading=\"lazy\" class=\"alignleft size-full wp-image-30628\" src=\"http:\/\/pakosc-kalwaria.franciszkanie.net\/wp-content\/uploads\/2023\/10\/warsztaty-jesienne-kopia-scaled.jpg\" alt=\"\" width=\"1810\" height=\"2560\" srcset=\"https:\/\/pakosc-kalwaria.franciszkanie.net\/wp-content\/uploads\/2023\/10\/warsztaty-jesienne-kopia-scaled.jpg 1810w, https:\/\/pakosc-kalwaria.franciszkanie.net\/wp-content\/uploads\/2023\/10\/warsztaty-jesienne-kopia-212x300.jpg 212w, https:\/\/pakosc-kalwaria.franciszkanie.net\/wp-content\/uploads\/2023\/10\/warsztaty-jesienne-kopia-724x1024.jpg 724w, https:\/\/pakosc-kalwaria.franciszkanie.net\/wp-content\/uploads\/2023\/10\/warsztaty-jesienne-kopia-768x1086.jpg 768w, https:\/\/pakosc-kalwaria.franciszkanie.net\/wp-content\/uploads\/2023\/10\/warsztaty-jesienne-kopia-1086x1536.jpg 1086w, https:\/\/pakosc-kalwaria.franciszkanie.net\/wp-content\/uploads\/2023\/10\/warsztaty-jesienne-kopia-1448x2048.jpg 1448w\" sizes=\"(max-width: 1810px) 100vw, 1810px\" \/><img loading=\"lazy\" class=\"alignleft size-full wp-image-30627\" src=\"http:\/\/pakosc-kalwaria.franciszkanie.net\/wp-content\/uploads\/2023\/10\/jarmark-jesienny-kopia-scaled.jpg\" alt=\"\" width=\"1810\" height=\"2560\" srcset=\"https:\/\/pakosc-kalwaria.franciszkanie.net\/wp-content\/uploads\/2023\/10\/jarmark-jesienny-kopia-scaled.jpg 1810w, https:\/\/pakosc-kalwaria.franciszkanie.net\/wp-content\/uploads\/2023\/10\/jarmark-jesienny-kopia-212x300.jpg 212w, https:\/\/pakosc-kalwaria.franciszkanie.net\/wp-content\/uploads\/2023\/10\/jarmark-jesienny-kopia-724x1024.jpg 724w, https:\/\/pakosc-kalwaria.franciszkanie.net\/wp-content\/uploads\/2023\/10\/jarmark-jesienny-kopia-768x1086.jpg 768w, https:\/\/pakosc-kalwaria.franciszkanie.net\/wp-content\/uploads\/2023\/10\/jarmark-jesienny-kopia-1086x1536.jpg 1086w, https:\/\/pakosc-kalwaria.franciszkanie.net\/wp-content\/uploads\/2023\/10\/jarmark-jesienny-kopia-1448x2048.jpg 1448w\" sizes=\"(max-width: 1810px) 100vw, 1810px\" \/><\/div>\n<p>&nbsp;<\/p>\n","protected":false},"excerpt":{"rendered":"<p>UWAGA Ju\u017c nied\u0142ugo czeka nas wspania\u0142e wydarzenie, dzi\u0119ki kt\u00f3remu ka\u017cdy b\u0119dzie m\u00f3g\u0142 wesprze\u0107 wymian\u0119 pieca oraz remont pomieszcze\u0144 gospodarczych na Kalwaryjskim Wzg\u00f3rzu, a wszystko to za spraw\u0105&#8230;. JESIENI Korzystaj\u0105c z pi\u0119kna tej pory roku i jej dar\u00f3w w dniach: 28-29.10 2023r. organizujemy : DZIE\u0143 28.10.2023r. godz. 10.00 w Cafe Francesco WARSZTATY JESIENNE podczas kt\u00f3rych b\u0119dziemy &hellip;<\/p>\n","protected":false},"author":2,"featured_media":30629,"comment_status":"closed","ping_status":"closed","sticky":false,"template":"","format":"standard","meta":{"_mi_skip_tracking":false,"_exactmetrics_sitenote_active":false,"_exactmetrics_sitenote_note":"","_exactmetrics_sitenote_category":0},"categories":[5],"tags":[],"yoast_head":"<!-- This site is optimized with the Yoast SEO plugin v18.1 - https:\/\/yoast.com\/wordpress\/plugins\/seo\/ -->\n<title>AKCJA JESIENNA 28-29.10.2023r. - ZAPROSZENIE - Pako\u015b\u0107 \u2013 Kalwaria<\/title>\n<meta name=\"robots\" content=\"index, follow, max-snippet:-1, max-image-preview:large, max-video-preview:-1\" \/>\n<link rel=\"canonical\" href=\"https:\/\/pakosc-kalwaria.franciszkanie.net\/index.php\/2023\/10\/16\/akcja-jesienna-28-29-10-2023r-zaproszenie\/\" \/>\n<meta property=\"og:locale\" content=\"pl_PL\" \/>\n<meta property=\"og:type\" content=\"article\" \/>\n<meta property=\"og:title\" content=\"AKCJA JESIENNA 28-29.10.2023r. - ZAPROSZENIE - Pako\u015b\u0107 \u2013 Kalwaria\" \/>\n<meta property=\"og:description\" content=\"UWAGA Ju\u017c nied\u0142ugo czeka nas wspania\u0142e wydarzenie, dzi\u0119ki kt\u00f3remu ka\u017cdy b\u0119dzie m\u00f3g\u0142 wesprze\u0107 wymian\u0119 pieca oraz remont pomieszcze\u0144 gospodarczych na Kalwaryjskim Wzg\u00f3rzu, a wszystko to za spraw\u0105&#8230;. JESIENI Korzystaj\u0105c z pi\u0119kna tej pory roku i jej dar\u00f3w w dniach: 28-29.10 2023r. organizujemy : DZIE\u0143 28.10.2023r. godz. 10.00 w Cafe Francesco WARSZTATY JESIENNE podczas kt\u00f3rych b\u0119dziemy &hellip;\" \/>\n<meta property=\"og:url\" content=\"https:\/\/pakosc-kalwaria.franciszkanie.net\/index.php\/2023\/10\/16\/akcja-jesienna-28-29-10-2023r-zaproszenie\/\" \/>\n<meta property=\"og:site_name\" content=\"Pako\u015b\u0107 \u2013 Kalwaria\" \/>\n<meta property=\"article:author\" content=\"https:\/\/www.facebook.com\/KalwariaPakosc\/\" \/>\n<meta property=\"article:published_time\" content=\"2023-10-16T20:10:39+00:00\" \/>\n<meta property=\"og:image\" content=\"http:\/\/pakosc-kalwaria.franciszkanie.net\/wp-content\/uploads\/2023\/10\/jam-4521023_1280.jpg\" \/>\n\t<meta property=\"og:image:width\" content=\"1280\" \/>\n\t<meta property=\"og:image:height\" content=\"854\" \/>\n\t<meta property=\"og:image:type\" content=\"image\/jpeg\" \/>\n<meta name=\"twitter:card\" content=\"summary\" \/>\n<meta name=\"twitter:label1\" content=\"Napisane przez\" \/>\n\t<meta name=\"twitter:data1\" content=\"pakosc-kalwaria\" \/>\n\t<meta name=\"twitter:label2\" content=\"Szacowany czas czytania\" \/>\n\t<meta name=\"twitter:data2\" content=\"1 minuta\" \/>\n<script type=\"application\/ld+json\" class=\"yoast-schema-graph\">{\"@context\":\"https:\/\/schema.org\",\"@graph\":[{\"@type\":\"WebSite\",\"@id\":\"https:\/\/pakosc-kalwaria.franciszkanie.net\/#website\",\"url\":\"https:\/\/pakosc-kalwaria.franciszkanie.net\/\",\"name\":\"Pako\u015b\u0107 \u2013 Kalwaria\",\"description\":\"Parafia Rzymsko \u2013 Katolicka p.w. Pana Jezusa Ukrzy\u017cowanego i  Matki Bo\u017cej Bolesnej ul. Barci\u0144ska 60, 88\u2013170 Pako\u015b\u0107 \u2013 Kalwaria\",\"potentialAction\":[{\"@type\":\"SearchAction\",\"target\":{\"@type\":\"EntryPoint\",\"urlTemplate\":\"https:\/\/pakosc-kalwaria.franciszkanie.net\/?s={search_term_string}\"},\"query-input\":\"required name=search_term_string\"}],\"inLanguage\":\"pl-PL\"},{\"@type\":\"ImageObject\",\"@id\":\"https:\/\/pakosc-kalwaria.franciszkanie.net\/index.php\/2023\/10\/16\/akcja-jesienna-28-29-10-2023r-zaproszenie\/#primaryimage\",\"inLanguage\":\"pl-PL\",\"url\":\"https:\/\/pakosc-kalwaria.franciszkanie.net\/wp-content\/uploads\/2023\/10\/jam-4521023_1280.jpg\",\"contentUrl\":\"https:\/\/pakosc-kalwaria.franciszkanie.net\/wp-content\/uploads\/2023\/10\/jam-4521023_1280.jpg\",\"width\":1280,\"height\":854},{\"@type\":\"WebPage\",\"@id\":\"https:\/\/pakosc-kalwaria.franciszkanie.net\/index.php\/2023\/10\/16\/akcja-jesienna-28-29-10-2023r-zaproszenie\/#webpage\",\"url\":\"https:\/\/pakosc-kalwaria.franciszkanie.net\/index.php\/2023\/10\/16\/akcja-jesienna-28-29-10-2023r-zaproszenie\/\",\"name\":\"AKCJA JESIENNA 28-29.10.2023r. - ZAPROSZENIE - Pako\u015b\u0107 \u2013 Kalwaria\",\"isPartOf\":{\"@id\":\"https:\/\/pakosc-kalwaria.franciszkanie.net\/#website\"},\"primaryImageOfPage\":{\"@id\":\"https:\/\/pakosc-kalwaria.franciszkanie.net\/index.php\/2023\/10\/16\/akcja-jesienna-28-29-10-2023r-zaproszenie\/#primaryimage\"},\"datePublished\":\"2023-10-16T20:10:39+00:00\",\"dateModified\":\"2023-10-16T20:10:39+00:00\",\"author\":{\"@id\":\"https:\/\/pakosc-kalwaria.franciszkanie.net\/#\/schema\/person\/af10b943be0760709227d060eadcb2aa\"},\"breadcrumb\":{\"@id\":\"https:\/\/pakosc-kalwaria.franciszkanie.net\/index.php\/2023\/10\/16\/akcja-jesienna-28-29-10-2023r-zaproszenie\/#breadcrumb\"},\"inLanguage\":\"pl-PL\",\"potentialAction\":[{\"@type\":\"ReadAction\",\"target\":[\"https:\/\/pakosc-kalwaria.franciszkanie.net\/index.php\/2023\/10\/16\/akcja-jesienna-28-29-10-2023r-zaproszenie\/\"]}]},{\"@type\":\"BreadcrumbList\",\"@id\":\"https:\/\/pakosc-kalwaria.franciszkanie.net\/index.php\/2023\/10\/16\/akcja-jesienna-28-29-10-2023r-zaproszenie\/#breadcrumb\",\"itemListElement\":[{\"@type\":\"ListItem\",\"position\":1,\"name\":\"Strona g\u0142\u00f3wna\",\"item\":\"https:\/\/pakosc-kalwaria.franciszkanie.net\/\"},{\"@type\":\"ListItem\",\"position\":2,\"name\":\"AKCJA JESIENNA 28-29.10.2023r. &#8211; ZAPROSZENIE\"}]},{\"@type\":\"Person\",\"@id\":\"https:\/\/pakosc-kalwaria.franciszkanie.net\/#\/schema\/person\/af10b943be0760709227d060eadcb2aa\",\"name\":\"pakosc-kalwaria\",\"image\":{\"@type\":\"ImageObject\",\"@id\":\"https:\/\/pakosc-kalwaria.franciszkanie.net\/#personlogo\",\"inLanguage\":\"pl-PL\",\"url\":\"https:\/\/secure.gravatar.com\/avatar\/e7049d338b55eac6a0027ff3218b8d02?s=96&d=mm&r=g\",\"contentUrl\":\"https:\/\/secure.gravatar.com\/avatar\/e7049d338b55eac6a0027ff3218b8d02?s=96&d=mm&r=g\",\"caption\":\"pakosc-kalwaria\"},\"sameAs\":[\"https:\/\/www.facebook.com\/KalwariaPakosc\/\"],\"url\":\"https:\/\/pakosc-kalwaria.franciszkanie.net\/index.php\/author\/pakosc-kalwaria\/\"}]}<\/script>\n<!-- \/ Yoast SEO plugin. -->","yoast_head_json":{"title":"AKCJA JESIENNA 28-29.10.2023r. - ZAPROSZENIE - Pako\u015b\u0107 \u2013 Kalwaria","robots":{"index":"index","follow":"follow","max-snippet":"max-snippet:-1","max-image-preview":"max-image-preview:large","max-video-preview":"max-video-preview:-1"},"canonical":"https:\/\/pakosc-kalwaria.franciszkanie.net\/index.php\/2023\/10\/16\/akcja-jesienna-28-29-10-2023r-zaproszenie\/","og_locale":"pl_PL","og_type":"article","og_title":"AKCJA JESIENNA 28-29.10.2023r. - ZAPROSZENIE - Pako\u015b\u0107 \u2013 Kalwaria","og_description":"UWAGA Ju\u017c nied\u0142ugo czeka nas wspania\u0142e wydarzenie, dzi\u0119ki kt\u00f3remu ka\u017cdy b\u0119dzie m\u00f3g\u0142 wesprze\u0107 wymian\u0119 pieca oraz remont pomieszcze\u0144 gospodarczych na Kalwaryjskim Wzg\u00f3rzu, a wszystko to za spraw\u0105&#8230;. JESIENI Korzystaj\u0105c z pi\u0119kna tej pory roku i jej dar\u00f3w w dniach: 28-29.10 2023r. organizujemy : DZIE\u0143 28.10.2023r. godz. 10.00 w Cafe Francesco WARSZTATY JESIENNE podczas kt\u00f3rych b\u0119dziemy &hellip;","og_url":"https:\/\/pakosc-kalwaria.franciszkanie.net\/index.php\/2023\/10\/16\/akcja-jesienna-28-29-10-2023r-zaproszenie\/","og_site_name":"Pako\u015b\u0107 \u2013 Kalwaria","article_author":"https:\/\/www.facebook.com\/KalwariaPakosc\/","article_published_time":"2023-10-16T20:10:39+00:00","og_image":[{"width":1280,"height":854,"url":"http:\/\/pakosc-kalwaria.franciszkanie.net\/wp-content\/uploads\/2023\/10\/jam-4521023_1280.jpg","type":"image\/jpeg"}],"twitter_card":"summary","twitter_misc":{"Napisane przez":"pakosc-kalwaria","Szacowany czas czytania":"1 minuta"},"schema":{"@context":"https:\/\/schema.org","@graph":[{"@type":"WebSite","@id":"https:\/\/pakosc-kalwaria.franciszkanie.net\/#website","url":"https:\/\/pakosc-kalwaria.franciszkanie.net\/","name":"Pako\u015b\u0107 \u2013 Kalwaria","description":"Parafia Rzymsko \u2013 Katolicka p.w. Pana Jezusa Ukrzy\u017cowanego i  Matki Bo\u017cej Bolesnej ul. Barci\u0144ska 60, 88\u2013170 Pako\u015b\u0107 \u2013 Kalwaria","potentialAction":[{"@type":"SearchAction","target":{"@type":"EntryPoint","urlTemplate":"https:\/\/pakosc-kalwaria.franciszkanie.net\/?s={search_term_string}"},"query-input":"required name=search_term_string"}],"inLanguage":"pl-PL"},{"@type":"ImageObject","@id":"https:\/\/pakosc-kalwaria.franciszkanie.net\/index.php\/2023\/10\/16\/akcja-jesienna-28-29-10-2023r-zaproszenie\/#primaryimage","inLanguage":"pl-PL","url":"https:\/\/pakosc-kalwaria.franciszkanie.net\/wp-content\/uploads\/2023\/10\/jam-4521023_1280.jpg","contentUrl":"https:\/\/pakosc-kalwaria.franciszkanie.net\/wp-content\/uploads\/2023\/10\/jam-4521023_1280.jpg","width":1280,"height":854},{"@type":"WebPage","@id":"https:\/\/pakosc-kalwaria.franciszkanie.net\/index.php\/2023\/10\/16\/akcja-jesienna-28-29-10-2023r-zaproszenie\/#webpage","url":"https:\/\/pakosc-kalwaria.franciszkanie.net\/index.php\/2023\/10\/16\/akcja-jesienna-28-29-10-2023r-zaproszenie\/","name":"AKCJA JESIENNA 28-29.10.2023r. - ZAPROSZENIE - Pako\u015b\u0107 \u2013 Kalwaria","isPartOf":{"@id":"https:\/\/pakosc-kalwaria.franciszkanie.net\/#website"},"primaryImageOfPage":{"@id":"https:\/\/pakosc-kalwaria.franciszkanie.net\/index.php\/2023\/10\/16\/akcja-jesienna-28-29-10-2023r-zaproszenie\/#primaryimage"},"datePublished":"2023-10-16T20:10:39+00:00","dateModified":"2023-10-16T20:10:39+00:00","author":{"@id":"https:\/\/pakosc-kalwaria.franciszkanie.net\/#\/schema\/person\/af10b943be0760709227d060eadcb2aa"},"breadcrumb":{"@id":"https:\/\/pakosc-kalwaria.franciszkanie.net\/index.php\/2023\/10\/16\/akcja-jesienna-28-29-10-2023r-zaproszenie\/#breadcrumb"},"inLanguage":"pl-PL","potentialAction":[{"@type":"ReadAction","target":["https:\/\/pakosc-kalwaria.franciszkanie.net\/index.php\/2023\/10\/16\/akcja-jesienna-28-29-10-2023r-zaproszenie\/"]}]},{"@type":"BreadcrumbList","@id":"https:\/\/pakosc-kalwaria.franciszkanie.net\/index.php\/2023\/10\/16\/akcja-jesienna-28-29-10-2023r-zaproszenie\/#breadcrumb","itemListElement":[{"@type":"ListItem","position":1,"name":"Strona g\u0142\u00f3wna","item":"https:\/\/pakosc-kalwaria.franciszkanie.net\/"},{"@type":"ListItem","position":2,"name":"AKCJA JESIENNA 28-29.10.2023r. &#8211; ZAPROSZENIE"}]},{"@type":"Person","@id":"https:\/\/pakosc-kalwaria.franciszkanie.net\/#\/schema\/person\/af10b943be0760709227d060eadcb2aa","name":"pakosc-kalwaria","image":{"@type":"ImageObject","@id":"https:\/\/pakosc-kalwaria.franciszkanie.net\/#personlogo","inLanguage":"pl-PL","url":"https:\/\/secure.gravatar.com\/avatar\/e7049d338b55eac6a0027ff3218b8d02?s=96&d=mm&r=g","contentUrl":"https:\/\/secure.gravatar.com\/avatar\/e7049d338b55eac6a0027ff3218b8d02?s=96&d=mm&r=g","caption":"pakosc-kalwaria"},"sameAs":["https:\/\/www.facebook.com\/KalwariaPakosc\/"],"url":"https:\/\/pakosc-kalwaria.franciszkanie.net\/index.php\/author\/pakosc-kalwaria\/"}]}},"_links":{"self":[{"href":"https:\/\/pakosc-kalwaria.franciszkanie.net\/index.php\/wp-json\/wp\/v2\/posts\/30626"}],"collection":[{"href":"https:\/\/pakosc-kalwaria.franciszkanie.net\/index.php\/wp-json\/wp\/v2\/posts"}],"about":[{"href":"https:\/\/pakosc-kalwaria.franciszkanie.net\/index.php\/wp-json\/wp\/v2\/types\/post"}],"author":[{"embeddable":true,"href":"https:\/\/pakosc-kalwaria.franciszkanie.net\/index.php\/wp-json\/wp\/v2\/users\/2"}],"replies":[{"embeddable":true,"href":"https:\/\/pakosc-kalwaria.franciszkanie.net\/index.php\/wp-json\/wp\/v2\/comments?post=30626"}],"version-history":[{"count":1,"href":"https:\/\/pakosc-kalwaria.franciszkanie.net\/index.php\/wp-json\/wp\/v2\/posts\/30626\/revisions"}],"predecessor-version":[{"id":30630,"href":"https:\/\/pakosc-kalwaria.franciszkanie.net\/index.php\/wp-json\/wp\/v2\/posts\/30626\/revisions\/30630"}],"wp:featuredmedia":[{"embeddable":true,"href":"https:\/\/pakosc-kalwaria.franciszkanie.net\/index.php\/wp-json\/wp\/v2\/media\/30629"}],"wp:attachment":[{"href":"https:\/\/pakosc-kalwaria.franciszkanie.net\/index.php\/wp-json\/wp\/v2\/media?parent=30626"}],"wp:term":[{"taxonomy":"category","embeddable":true,"href":"https:\/\/pakosc-kalwaria.franciszkanie.net\/index.php\/wp-json\/wp\/v2\/categories?post=30626"},{"taxonomy":"post_tag","embeddable":true,"href":"https:\/\/pakosc-kalwaria.franciszkanie.net\/index.php\/wp-json\/wp\/v2\/tags?post=30626"}],"curies":[{"name":"wp","href":"https:\/\/api.w.org\/{rel}","templated":true}]}}