{"id":30631,"date":"2023-10-20T14:42:16","date_gmt":"2023-10-20T12:42:16","guid":{"rendered":"https:\/\/pakosc-kalwaria.franciszkanie.net\/?p=30631"},"modified":"2023-10-20T14:42:16","modified_gmt":"2023-10-20T12:42:16","slug":"jesienne-przygotowania-do-zimy","status":"publish","type":"post","link":"https:\/\/pakosc-kalwaria.franciszkanie.net\/index.php\/2023\/10\/20\/jesienne-przygotowania-do-zimy\/","title":{"rendered":"Jesienne przygotowania do zimy\u00a0"},"content":{"rendered":"<div dir=\"auto\">Wielkimi krokami zbli\u017caj\u0105 si\u0119 ch\u0142odniejsze dni, ciemne wieczory, pogoda zmienia si\u0119 z dnia na dzie\u0144. Li\u015bcie nabieraj\u0105 barw jesieni, zwierz\u0119ta gromadz\u0105 zapasy, a na Kalwaryjskim Wzg\u00f3rzu przygotowania do sezonu grzewczego id\u0105 pe\u0142n\u0105 par\u0105. Od poniedzia\u0142ku grupa ochotnik\u00f3w przyst\u0105pi\u0142a do ci\u0119\u017ckiej pracy, r\u0105bali, przenosili, uk\u0142adali drewno, a wszystko po to, by niebawem gdy pogoda na dworze zrobi si\u0119 zimna i wietrzna b\u0119dziemy mogli przyj\u015b\u0107 do Cafe Francesco napi\u0107 si\u0119 aromatycznej kawy i ogrza\u0107 si\u0119 przy ciep\u0142ym kominku <span class=\"x3nfvp2 x1j61x8r x1fcty0u xdj266r xhhsvwb xat24cr xgzva0m xxymvpz xlup9mm x1kky2od\"><img loading=\"lazy\" class=\"xz74otr\" src=\"https:\/\/static.xx.fbcdn.net\/images\/emoji.php\/v9\/t50\/1\/16\/1f525.png\" alt=\"\ud83d\udd25\" width=\"16\" height=\"16\" \/><\/span>.<\/div>\n<div dir=\"auto\">Z ca\u0142ego serca dzi\u0119kujemy Paniom: Gra\u017cynie Kalka, Gra\u017cynie Marciniak, Krystynie Trzewik, El\u017cbiecie Nowak, Teresie Kopieniak oraz Panom: Leszkowi Kopieniak, Markowi Maj i Nikodemowi Kurkowskiemu <span class=\"x3nfvp2 x1j61x8r x1fcty0u xdj266r xhhsvwb xat24cr xgzva0m xxymvpz xlup9mm x1kky2od\"><img loading=\"lazy\" class=\"xz74otr\" src=\"https:\/\/static.xx.fbcdn.net\/images\/emoji.php\/v9\/t6c\/1\/16\/2764.png\" alt=\"\u2764\ufe0f\" width=\"16\" height=\"16\" \/><\/span> za pomoc i ci\u0119\u017ck\u0105 prac\u0119 na rzecz naszej Wsp\u00f3lnoty Parafialnej <span class=\"x3nfvp2 x1j61x8r x1fcty0u xdj266r xhhsvwb xat24cr xgzva0m xxymvpz xlup9mm x1kky2od\"><img loading=\"lazy\" class=\"xz74otr\" src=\"https:\/\/static.xx.fbcdn.net\/images\/emoji.php\/v9\/tea\/1\/16\/1f970.png\" alt=\"\ud83e\udd70\" width=\"16\" height=\"16\" \/><\/span><\/div>\n<div dir=\"auto\"><\/div>\n<div dir=\"auto\"><img loading=\"lazy\" class=\"alignleft size-full wp-image-30632\" src=\"http:\/\/pakosc-kalwaria.franciszkanie.net\/wp-content\/uploads\/2023\/10\/391629530_292404866948438_2212175571813769025_n.jpg\" alt=\"\" width=\"1536\" height=\"2040\" srcset=\"https:\/\/pakosc-kalwaria.franciszkanie.net\/wp-content\/uploads\/2023\/10\/391629530_292404866948438_2212175571813769025_n.jpg 1536w, https:\/\/pakosc-kalwaria.franciszkanie.net\/wp-content\/uploads\/2023\/10\/391629530_292404866948438_2212175571813769025_n-226x300.jpg 226w, https:\/\/pakosc-kalwaria.franciszkanie.net\/wp-content\/uploads\/2023\/10\/391629530_292404866948438_2212175571813769025_n-771x1024.jpg 771w, https:\/\/pakosc-kalwaria.franciszkanie.net\/wp-content\/uploads\/2023\/10\/391629530_292404866948438_2212175571813769025_n-768x1020.jpg 768w, https:\/\/pakosc-kalwaria.franciszkanie.net\/wp-content\/uploads\/2023\/10\/391629530_292404866948438_2212175571813769025_n-1157x1536.jpg 1157w\" sizes=\"(max-width: 1536px) 100vw, 1536px\" \/> <img loading=\"lazy\" class=\"alignleft size-full wp-image-30633\" src=\"http:\/\/pakosc-kalwaria.franciszkanie.net\/wp-content\/uploads\/2023\/10\/391629717_292404800281778_336492626330228299_n.jpg\" alt=\"\" width=\"1536\" height=\"2040\" srcset=\"https:\/\/pakosc-kalwaria.franciszkanie.net\/wp-content\/uploads\/2023\/10\/391629717_292404800281778_336492626330228299_n.jpg 1536w, https:\/\/pakosc-kalwaria.franciszkanie.net\/wp-content\/uploads\/2023\/10\/391629717_292404800281778_336492626330228299_n-226x300.jpg 226w, https:\/\/pakosc-kalwaria.franciszkanie.net\/wp-content\/uploads\/2023\/10\/391629717_292404800281778_336492626330228299_n-771x1024.jpg 771w, https:\/\/pakosc-kalwaria.franciszkanie.net\/wp-content\/uploads\/2023\/10\/391629717_292404800281778_336492626330228299_n-768x1020.jpg 768w, https:\/\/pakosc-kalwaria.franciszkanie.net\/wp-content\/uploads\/2023\/10\/391629717_292404800281778_336492626330228299_n-1157x1536.jpg 1157w\" sizes=\"(max-width: 1536px) 100vw, 1536px\" \/> <img loading=\"lazy\" class=\"alignleft size-full wp-image-30634\" src=\"http:\/\/pakosc-kalwaria.franciszkanie.net\/wp-content\/uploads\/2023\/10\/391630542_292404486948476_2753826504107260453_n.jpg\" alt=\"\" width=\"1536\" height=\"2040\" srcset=\"https:\/\/pakosc-kalwaria.franciszkanie.net\/wp-content\/uploads\/2023\/10\/391630542_292404486948476_2753826504107260453_n.jpg 1536w, https:\/\/pakosc-kalwaria.franciszkanie.net\/wp-content\/uploads\/2023\/10\/391630542_292404486948476_2753826504107260453_n-226x300.jpg 226w, https:\/\/pakosc-kalwaria.franciszkanie.net\/wp-content\/uploads\/2023\/10\/391630542_292404486948476_2753826504107260453_n-771x1024.jpg 771w, https:\/\/pakosc-kalwaria.franciszkanie.net\/wp-content\/uploads\/2023\/10\/391630542_292404486948476_2753826504107260453_n-768x1020.jpg 768w, https:\/\/pakosc-kalwaria.franciszkanie.net\/wp-content\/uploads\/2023\/10\/391630542_292404486948476_2753826504107260453_n-1157x1536.jpg 1157w\" sizes=\"(max-width: 1536px) 100vw, 1536px\" \/> <img loading=\"lazy\" class=\"alignleft size-full wp-image-30635\" src=\"http:\/\/pakosc-kalwaria.franciszkanie.net\/wp-content\/uploads\/2023\/10\/391632810_292404666948458_2207449065329635733_n.jpg\" alt=\"\" width=\"1536\" height=\"2040\" srcset=\"https:\/\/pakosc-kalwaria.franciszkanie.net\/wp-content\/uploads\/2023\/10\/391632810_292404666948458_2207449065329635733_n.jpg 1536w, https:\/\/pakosc-kalwaria.franciszkanie.net\/wp-content\/uploads\/2023\/10\/391632810_292404666948458_2207449065329635733_n-226x300.jpg 226w, https:\/\/pakosc-kalwaria.franciszkanie.net\/wp-content\/uploads\/2023\/10\/391632810_292404666948458_2207449065329635733_n-771x1024.jpg 771w, https:\/\/pakosc-kalwaria.franciszkanie.net\/wp-content\/uploads\/2023\/10\/391632810_292404666948458_2207449065329635733_n-768x1020.jpg 768w, https:\/\/pakosc-kalwaria.franciszkanie.net\/wp-content\/uploads\/2023\/10\/391632810_292404666948458_2207449065329635733_n-1157x1536.jpg 1157w\" sizes=\"(max-width: 1536px) 100vw, 1536px\" \/> <img loading=\"lazy\" class=\"alignleft size-full wp-image-30636\" src=\"http:\/\/pakosc-kalwaria.franciszkanie.net\/wp-content\/uploads\/2023\/10\/391641653_292404836948441_1372978069190176645_n.jpg\" alt=\"\" width=\"1536\" height=\"2040\" srcset=\"https:\/\/pakosc-kalwaria.franciszkanie.net\/wp-content\/uploads\/2023\/10\/391641653_292404836948441_1372978069190176645_n.jpg 1536w, https:\/\/pakosc-kalwaria.franciszkanie.net\/wp-content\/uploads\/2023\/10\/391641653_292404836948441_1372978069190176645_n-226x300.jpg 226w, https:\/\/pakosc-kalwaria.franciszkanie.net\/wp-content\/uploads\/2023\/10\/391641653_292404836948441_1372978069190176645_n-771x1024.jpg 771w, https:\/\/pakosc-kalwaria.franciszkanie.net\/wp-content\/uploads\/2023\/10\/391641653_292404836948441_1372978069190176645_n-768x1020.jpg 768w, https:\/\/pakosc-kalwaria.franciszkanie.net\/wp-content\/uploads\/2023\/10\/391641653_292404836948441_1372978069190176645_n-1157x1536.jpg 1157w\" sizes=\"(max-width: 1536px) 100vw, 1536px\" \/> <img loading=\"lazy\" class=\"alignleft size-full wp-image-30637\" src=\"http:\/\/pakosc-kalwaria.franciszkanie.net\/wp-content\/uploads\/2023\/10\/391642475_292404523615139_7467144884980474044_n.jpg\" alt=\"\" width=\"1536\" height=\"2040\" srcset=\"https:\/\/pakosc-kalwaria.franciszkanie.net\/wp-content\/uploads\/2023\/10\/391642475_292404523615139_7467144884980474044_n.jpg 1536w, https:\/\/pakosc-kalwaria.franciszkanie.net\/wp-content\/uploads\/2023\/10\/391642475_292404523615139_7467144884980474044_n-226x300.jpg 226w, https:\/\/pakosc-kalwaria.franciszkanie.net\/wp-content\/uploads\/2023\/10\/391642475_292404523615139_7467144884980474044_n-771x1024.jpg 771w, https:\/\/pakosc-kalwaria.franciszkanie.net\/wp-content\/uploads\/2023\/10\/391642475_292404523615139_7467144884980474044_n-768x1020.jpg 768w, https:\/\/pakosc-kalwaria.franciszkanie.net\/wp-content\/uploads\/2023\/10\/391642475_292404523615139_7467144884980474044_n-1157x1536.jpg 1157w\" sizes=\"(max-width: 1536px) 100vw, 1536px\" \/> <img loading=\"lazy\" class=\"alignleft size-full wp-image-30638\" src=\"http:\/\/pakosc-kalwaria.franciszkanie.net\/wp-content\/uploads\/2023\/10\/391650791_292404770281781_1788251716926100836_n.jpg\" alt=\"\" width=\"1536\" height=\"2040\" srcset=\"https:\/\/pakosc-kalwaria.franciszkanie.net\/wp-content\/uploads\/2023\/10\/391650791_292404770281781_1788251716926100836_n.jpg 1536w, https:\/\/pakosc-kalwaria.franciszkanie.net\/wp-content\/uploads\/2023\/10\/391650791_292404770281781_1788251716926100836_n-226x300.jpg 226w, https:\/\/pakosc-kalwaria.franciszkanie.net\/wp-content\/uploads\/2023\/10\/391650791_292404770281781_1788251716926100836_n-771x1024.jpg 771w, https:\/\/pakosc-kalwaria.franciszkanie.net\/wp-content\/uploads\/2023\/10\/391650791_292404770281781_1788251716926100836_n-768x1020.jpg 768w, https:\/\/pakosc-kalwaria.franciszkanie.net\/wp-content\/uploads\/2023\/10\/391650791_292404770281781_1788251716926100836_n-1157x1536.jpg 1157w\" sizes=\"(max-width: 1536px) 100vw, 1536px\" \/><\/div>\n","protected":false},"excerpt":{"rendered":"<p>Wielkimi krokami zbli\u017caj\u0105 si\u0119 ch\u0142odniejsze dni, ciemne wieczory, pogoda zmienia si\u0119 z dnia na dzie\u0144. Li\u015bcie nabieraj\u0105 barw jesieni, zwierz\u0119ta gromadz\u0105 zapasy, a na Kalwaryjskim Wzg\u00f3rzu przygotowania do sezonu grzewczego id\u0105 pe\u0142n\u0105 par\u0105. Od poniedzia\u0142ku grupa ochotnik\u00f3w przyst\u0105pi\u0142a do ci\u0119\u017ckiej pracy, r\u0105bali, przenosili, uk\u0142adali drewno, a wszystko po to, by niebawem gdy pogoda na dworze &hellip;<\/p>\n","protected":false},"author":2,"featured_media":30635,"comment_status":"closed","ping_status":"closed","sticky":false,"template":"","format":"standard","meta":{"_mi_skip_tracking":false,"_exactmetrics_sitenote_active":false,"_exactmetrics_sitenote_note":"","_exactmetrics_sitenote_category":0},"categories":[1],"tags":[],"yoast_head":"<!-- This site is optimized with the Yoast SEO plugin v18.1 - https:\/\/yoast.com\/wordpress\/plugins\/seo\/ -->\n<title>Jesienne przygotowania do zimy\u00a0 - Pako\u015b\u0107 \u2013 Kalwaria<\/title>\n<meta name=\"robots\" content=\"index, follow, max-snippet:-1, max-image-preview:large, max-video-preview:-1\" \/>\n<link rel=\"canonical\" href=\"https:\/\/pakosc-kalwaria.franciszkanie.net\/index.php\/2023\/10\/20\/jesienne-przygotowania-do-zimy\/\" \/>\n<meta property=\"og:locale\" content=\"pl_PL\" \/>\n<meta property=\"og:type\" content=\"article\" \/>\n<meta property=\"og:title\" content=\"Jesienne przygotowania do zimy\u00a0 - Pako\u015b\u0107 \u2013 Kalwaria\" \/>\n<meta property=\"og:description\" content=\"Wielkimi krokami zbli\u017caj\u0105 si\u0119 ch\u0142odniejsze dni, ciemne wieczory, pogoda zmienia si\u0119 z dnia na dzie\u0144. Li\u015bcie nabieraj\u0105 barw jesieni, zwierz\u0119ta gromadz\u0105 zapasy, a na Kalwaryjskim Wzg\u00f3rzu przygotowania do sezonu grzewczego id\u0105 pe\u0142n\u0105 par\u0105. Od poniedzia\u0142ku grupa ochotnik\u00f3w przyst\u0105pi\u0142a do ci\u0119\u017ckiej pracy, r\u0105bali, przenosili, uk\u0142adali drewno, a wszystko po to, by niebawem gdy pogoda na dworze &hellip;\" \/>\n<meta property=\"og:url\" content=\"https:\/\/pakosc-kalwaria.franciszkanie.net\/index.php\/2023\/10\/20\/jesienne-przygotowania-do-zimy\/\" \/>\n<meta property=\"og:site_name\" content=\"Pako\u015b\u0107 \u2013 Kalwaria\" \/>\n<meta property=\"article:author\" content=\"https:\/\/www.facebook.com\/KalwariaPakosc\/\" \/>\n<meta property=\"article:published_time\" content=\"2023-10-20T12:42:16+00:00\" \/>\n<meta property=\"og:image\" content=\"http:\/\/pakosc-kalwaria.franciszkanie.net\/wp-content\/uploads\/2023\/10\/391632810_292404666948458_2207449065329635733_n.jpg\" \/>\n\t<meta property=\"og:image:width\" content=\"1536\" \/>\n\t<meta property=\"og:image:height\" content=\"2040\" \/>\n\t<meta property=\"og:image:type\" content=\"image\/jpeg\" \/>\n<meta name=\"twitter:card\" content=\"summary\" \/>\n<meta name=\"twitter:label1\" content=\"Napisane przez\" \/>\n\t<meta name=\"twitter:data1\" content=\"pakosc-kalwaria\" \/>\n\t<meta name=\"twitter:label2\" content=\"Szacowany czas czytania\" \/>\n\t<meta name=\"twitter:data2\" content=\"1 minuta\" \/>\n<script type=\"application\/ld+json\" class=\"yoast-schema-graph\">{\"@context\":\"https:\/\/schema.org\",\"@graph\":[{\"@type\":\"WebSite\",\"@id\":\"https:\/\/pakosc-kalwaria.franciszkanie.net\/#website\",\"url\":\"https:\/\/pakosc-kalwaria.franciszkanie.net\/\",\"name\":\"Pako\u015b\u0107 \u2013 Kalwaria\",\"description\":\"Parafia Rzymsko \u2013 Katolicka p.w. Pana Jezusa Ukrzy\u017cowanego i  Matki Bo\u017cej Bolesnej ul. Barci\u0144ska 60, 88\u2013170 Pako\u015b\u0107 \u2013 Kalwaria\",\"potentialAction\":[{\"@type\":\"SearchAction\",\"target\":{\"@type\":\"EntryPoint\",\"urlTemplate\":\"https:\/\/pakosc-kalwaria.franciszkanie.net\/?s={search_term_string}\"},\"query-input\":\"required name=search_term_string\"}],\"inLanguage\":\"pl-PL\"},{\"@type\":\"ImageObject\",\"@id\":\"https:\/\/pakosc-kalwaria.franciszkanie.net\/index.php\/2023\/10\/20\/jesienne-przygotowania-do-zimy\/#primaryimage\",\"inLanguage\":\"pl-PL\",\"url\":\"https:\/\/pakosc-kalwaria.franciszkanie.net\/wp-content\/uploads\/2023\/10\/391632810_292404666948458_2207449065329635733_n.jpg\",\"contentUrl\":\"https:\/\/pakosc-kalwaria.franciszkanie.net\/wp-content\/uploads\/2023\/10\/391632810_292404666948458_2207449065329635733_n.jpg\",\"width\":1536,\"height\":2040},{\"@type\":\"WebPage\",\"@id\":\"https:\/\/pakosc-kalwaria.franciszkanie.net\/index.php\/2023\/10\/20\/jesienne-przygotowania-do-zimy\/#webpage\",\"url\":\"https:\/\/pakosc-kalwaria.franciszkanie.net\/index.php\/2023\/10\/20\/jesienne-przygotowania-do-zimy\/\",\"name\":\"Jesienne przygotowania do zimy\u00a0 - Pako\u015b\u0107 \u2013 Kalwaria\",\"isPartOf\":{\"@id\":\"https:\/\/pakosc-kalwaria.franciszkanie.net\/#website\"},\"primaryImageOfPage\":{\"@id\":\"https:\/\/pakosc-kalwaria.franciszkanie.net\/index.php\/2023\/10\/20\/jesienne-przygotowania-do-zimy\/#primaryimage\"},\"datePublished\":\"2023-10-20T12:42:16+00:00\",\"dateModified\":\"2023-10-20T12:42:16+00:00\",\"author\":{\"@id\":\"https:\/\/pakosc-kalwaria.franciszkanie.net\/#\/schema\/person\/af10b943be0760709227d060eadcb2aa\"},\"breadcrumb\":{\"@id\":\"https:\/\/pakosc-kalwaria.franciszkanie.net\/index.php\/2023\/10\/20\/jesienne-przygotowania-do-zimy\/#breadcrumb\"},\"inLanguage\":\"pl-PL\",\"potentialAction\":[{\"@type\":\"ReadAction\",\"target\":[\"https:\/\/pakosc-kalwaria.franciszkanie.net\/index.php\/2023\/10\/20\/jesienne-przygotowania-do-zimy\/\"]}]},{\"@type\":\"BreadcrumbList\",\"@id\":\"https:\/\/pakosc-kalwaria.franciszkanie.net\/index.php\/2023\/10\/20\/jesienne-przygotowania-do-zimy\/#breadcrumb\",\"itemListElement\":[{\"@type\":\"ListItem\",\"position\":1,\"name\":\"Strona g\u0142\u00f3wna\",\"item\":\"https:\/\/pakosc-kalwaria.franciszkanie.net\/\"},{\"@type\":\"ListItem\",\"position\":2,\"name\":\"Jesienne przygotowania do zimy\u00a0\"}]},{\"@type\":\"Person\",\"@id\":\"https:\/\/pakosc-kalwaria.franciszkanie.net\/#\/schema\/person\/af10b943be0760709227d060eadcb2aa\",\"name\":\"pakosc-kalwaria\",\"image\":{\"@type\":\"ImageObject\",\"@id\":\"https:\/\/pakosc-kalwaria.franciszkanie.net\/#personlogo\",\"inLanguage\":\"pl-PL\",\"url\":\"https:\/\/secure.gravatar.com\/avatar\/e7049d338b55eac6a0027ff3218b8d02?s=96&d=mm&r=g\",\"contentUrl\":\"https:\/\/secure.gravatar.com\/avatar\/e7049d338b55eac6a0027ff3218b8d02?s=96&d=mm&r=g\",\"caption\":\"pakosc-kalwaria\"},\"sameAs\":[\"https:\/\/www.facebook.com\/KalwariaPakosc\/\"],\"url\":\"https:\/\/pakosc-kalwaria.franciszkanie.net\/index.php\/author\/pakosc-kalwaria\/\"}]}<\/script>\n<!-- \/ Yoast SEO plugin. -->","yoast_head_json":{"title":"Jesienne przygotowania do zimy\u00a0 - Pako\u015b\u0107 \u2013 Kalwaria","robots":{"index":"index","follow":"follow","max-snippet":"max-snippet:-1","max-image-preview":"max-image-preview:large","max-video-preview":"max-video-preview:-1"},"canonical":"https:\/\/pakosc-kalwaria.franciszkanie.net\/index.php\/2023\/10\/20\/jesienne-przygotowania-do-zimy\/","og_locale":"pl_PL","og_type":"article","og_title":"Jesienne przygotowania do zimy\u00a0 - Pako\u015b\u0107 \u2013 Kalwaria","og_description":"Wielkimi krokami zbli\u017caj\u0105 si\u0119 ch\u0142odniejsze dni, ciemne wieczory, pogoda zmienia si\u0119 z dnia na dzie\u0144. Li\u015bcie nabieraj\u0105 barw jesieni, zwierz\u0119ta gromadz\u0105 zapasy, a na Kalwaryjskim Wzg\u00f3rzu przygotowania do sezonu grzewczego id\u0105 pe\u0142n\u0105 par\u0105. Od poniedzia\u0142ku grupa ochotnik\u00f3w przyst\u0105pi\u0142a do ci\u0119\u017ckiej pracy, r\u0105bali, przenosili, uk\u0142adali drewno, a wszystko po to, by niebawem gdy pogoda na dworze &hellip;","og_url":"https:\/\/pakosc-kalwaria.franciszkanie.net\/index.php\/2023\/10\/20\/jesienne-przygotowania-do-zimy\/","og_site_name":"Pako\u015b\u0107 \u2013 Kalwaria","article_author":"https:\/\/www.facebook.com\/KalwariaPakosc\/","article_published_time":"2023-10-20T12:42:16+00:00","og_image":[{"width":1536,"height":2040,"url":"http:\/\/pakosc-kalwaria.franciszkanie.net\/wp-content\/uploads\/2023\/10\/391632810_292404666948458_2207449065329635733_n.jpg","type":"image\/jpeg"}],"twitter_card":"summary","twitter_misc":{"Napisane przez":"pakosc-kalwaria","Szacowany czas czytania":"1 minuta"},"schema":{"@context":"https:\/\/schema.org","@graph":[{"@type":"WebSite","@id":"https:\/\/pakosc-kalwaria.franciszkanie.net\/#website","url":"https:\/\/pakosc-kalwaria.franciszkanie.net\/","name":"Pako\u015b\u0107 \u2013 Kalwaria","description":"Parafia Rzymsko \u2013 Katolicka p.w. Pana Jezusa Ukrzy\u017cowanego i  Matki Bo\u017cej Bolesnej ul. Barci\u0144ska 60, 88\u2013170 Pako\u015b\u0107 \u2013 Kalwaria","potentialAction":[{"@type":"SearchAction","target":{"@type":"EntryPoint","urlTemplate":"https:\/\/pakosc-kalwaria.franciszkanie.net\/?s={search_term_string}"},"query-input":"required name=search_term_string"}],"inLanguage":"pl-PL"},{"@type":"ImageObject","@id":"https:\/\/pakosc-kalwaria.franciszkanie.net\/index.php\/2023\/10\/20\/jesienne-przygotowania-do-zimy\/#primaryimage","inLanguage":"pl-PL","url":"https:\/\/pakosc-kalwaria.franciszkanie.net\/wp-content\/uploads\/2023\/10\/391632810_292404666948458_2207449065329635733_n.jpg","contentUrl":"https:\/\/pakosc-kalwaria.franciszkanie.net\/wp-content\/uploads\/2023\/10\/391632810_292404666948458_2207449065329635733_n.jpg","width":1536,"height":2040},{"@type":"WebPage","@id":"https:\/\/pakosc-kalwaria.franciszkanie.net\/index.php\/2023\/10\/20\/jesienne-przygotowania-do-zimy\/#webpage","url":"https:\/\/pakosc-kalwaria.franciszkanie.net\/index.php\/2023\/10\/20\/jesienne-przygotowania-do-zimy\/","name":"Jesienne przygotowania do zimy\u00a0 - Pako\u015b\u0107 \u2013 Kalwaria","isPartOf":{"@id":"https:\/\/pakosc-kalwaria.franciszkanie.net\/#website"},"primaryImageOfPage":{"@id":"https:\/\/pakosc-kalwaria.franciszkanie.net\/index.php\/2023\/10\/20\/jesienne-przygotowania-do-zimy\/#primaryimage"},"datePublished":"2023-10-20T12:42:16+00:00","dateModified":"2023-10-20T12:42:16+00:00","author":{"@id":"https:\/\/pakosc-kalwaria.franciszkanie.net\/#\/schema\/person\/af10b943be0760709227d060eadcb2aa"},"breadcrumb":{"@id":"https:\/\/pakosc-kalwaria.franciszkanie.net\/index.php\/2023\/10\/20\/jesienne-przygotowania-do-zimy\/#breadcrumb"},"inLanguage":"pl-PL","potentialAction":[{"@type":"ReadAction","target":["https:\/\/pakosc-kalwaria.franciszkanie.net\/index.php\/2023\/10\/20\/jesienne-przygotowania-do-zimy\/"]}]},{"@type":"BreadcrumbList","@id":"https:\/\/pakosc-kalwaria.franciszkanie.net\/index.php\/2023\/10\/20\/jesienne-przygotowania-do-zimy\/#breadcrumb","itemListElement":[{"@type":"ListItem","position":1,"name":"Strona g\u0142\u00f3wna","item":"https:\/\/pakosc-kalwaria.franciszkanie.net\/"},{"@type":"ListItem","position":2,"name":"Jesienne przygotowania do zimy\u00a0"}]},{"@type":"Person","@id":"https:\/\/pakosc-kalwaria.franciszkanie.net\/#\/schema\/person\/af10b943be0760709227d060eadcb2aa","name":"pakosc-kalwaria","image":{"@type":"ImageObject","@id":"https:\/\/pakosc-kalwaria.franciszkanie.net\/#personlogo","inLanguage":"pl-PL","url":"https:\/\/secure.gravatar.com\/avatar\/e7049d338b55eac6a0027ff3218b8d02?s=96&d=mm&r=g","contentUrl":"https:\/\/secure.gravatar.com\/avatar\/e7049d338b55eac6a0027ff3218b8d02?s=96&d=mm&r=g","caption":"pakosc-kalwaria"},"sameAs":["https:\/\/www.facebook.com\/KalwariaPakosc\/"],"url":"https:\/\/pakosc-kalwaria.franciszkanie.net\/index.php\/author\/pakosc-kalwaria\/"}]}},"_links":{"self":[{"href":"https:\/\/pakosc-kalwaria.franciszkanie.net\/index.php\/wp-json\/wp\/v2\/posts\/30631"}],"collection":[{"href":"https:\/\/pakosc-kalwaria.franciszkanie.net\/index.php\/wp-json\/wp\/v2\/posts"}],"about":[{"href":"https:\/\/pakosc-kalwaria.franciszkanie.net\/index.php\/wp-json\/wp\/v2\/types\/post"}],"author":[{"embeddable":true,"href":"https:\/\/pakosc-kalwaria.franciszkanie.net\/index.php\/wp-json\/wp\/v2\/users\/2"}],"replies":[{"embeddable":true,"href":"https:\/\/pakosc-kalwaria.franciszkanie.net\/index.php\/wp-json\/wp\/v2\/comments?post=30631"}],"version-history":[{"count":1,"href":"https:\/\/pakosc-kalwaria.franciszkanie.net\/index.php\/wp-json\/wp\/v2\/posts\/30631\/revisions"}],"predecessor-version":[{"id":30639,"href":"https:\/\/pakosc-kalwaria.franciszkanie.net\/index.php\/wp-json\/wp\/v2\/posts\/30631\/revisions\/30639"}],"wp:featuredmedia":[{"embeddable":true,"href":"https:\/\/pakosc-kalwaria.franciszkanie.net\/index.php\/wp-json\/wp\/v2\/media\/30635"}],"wp:attachment":[{"href":"https:\/\/pakosc-kalwaria.franciszkanie.net\/index.php\/wp-json\/wp\/v2\/media?parent=30631"}],"wp:term":[{"taxonomy":"category","embeddable":true,"href":"https:\/\/pakosc-kalwaria.franciszkanie.net\/index.php\/wp-json\/wp\/v2\/categories?post=30631"},{"taxonomy":"post_tag","embeddable":true,"href":"https:\/\/pakosc-kalwaria.franciszkanie.net\/index.php\/wp-json\/wp\/v2\/tags?post=30631"}],"curies":[{"name":"wp","href":"https:\/\/api.w.org\/{rel}","templated":true}]}}