{"id":31879,"date":"2024-01-09T12:45:28","date_gmt":"2024-01-09T11:45:28","guid":{"rendered":"https:\/\/pakosc-kalwaria.franciszkanie.net\/?p=31879"},"modified":"2024-01-09T12:45:28","modified_gmt":"2024-01-09T11:45:28","slug":"wspomnienie-bl-pauliny-jaricot","status":"publish","type":"post","link":"https:\/\/pakosc-kalwaria.franciszkanie.net\/index.php\/2024\/01\/09\/wspomnienie-bl-pauliny-jaricot\/","title":{"rendered":"Wspomnienie b\u0142. Pauliny Jaricot"},"content":{"rendered":"<div class=\"x11i5rnm xat24cr x1mh8g0r x1vvkbs xtlvy1s x126k92a\">\n<div dir=\"auto\">MODLITWA DO B\u0141. PAULINY JARICOT<\/div>\n<\/div>\n<div class=\"x11i5rnm xat24cr x1mh8g0r x1vvkbs xtlvy1s x126k92a\">\n<div dir=\"auto\"><\/div>\n<div dir=\"auto\">B\u0142ogos\u0142awiona Paulino, z tob\u0105 wielbimy Boga w Tr\u00f3jcy \u015awi\u0119tej Jedynego, w kt\u00f3rego oblicze wpatrujesz si\u0119 w niebie. On rozpali\u0142 twe serce ogniem mi\u0142o\u015bci. P\u0142on\u0119\u0142a\u015b i zapala\u0142a\u015b innych. Sz\u0142a\u015b drog\u0105 modlitwy i s\u0142u\u017cby. Przez ciebie B\u00f3g wzbudzi\u0142 w Ko\u015bciele dwa wielkie dzie\u0142a, jedno modlitewne \u2013 \u017bywy R\u00f3\u017caniec i drugie apostolskie \u2013 Dzie\u0142o Rozkrzewiania Wiary.<\/div>\n<\/div>\n<div class=\"x11i5rnm xat24cr x1mh8g0r x1vvkbs xtlvy1s x126k92a\">\n<div dir=\"auto\">Wypraszaj nam wszystkim gorliwo\u015b\u0107 w d\u0105\u017ceniu do \u015bwi\u0119to\u015bci. Niech w ka\u017cdym sercu ro\u015bnie mi\u0142o\u015b\u0107 do Boga i bli\u017aniego. Niech za twoj\u0105 przyczyn\u0105 wszyscy ochrzczeni przyjm\u0105 powo\u0142anie, jakie od Boga otrzymali, i zaanga\u017cuj\u0105 wszystkie swoje si\u0142y w jego realizacj\u0119, aby po uko\u0144czeniu ziemskiej pielgrzymki mogli radowa\u0107 si\u0119 pe\u0142nym uczestnictwem w \u017cyciu Ojca, Syna i Ducha \u015awi\u0119tego, Boga, kt\u00f3ry \u017cyje i kr\u00f3luje na wieki wiek\u00f3w. Amen.<\/div>\n<\/div>\n<div class=\"x11i5rnm xat24cr x1mh8g0r x1vvkbs xtlvy1s x126k92a\">\n<div dir=\"auto\"><\/div>\n<div dir=\"auto\">LITANIA DO B\u0141. PAULINY JARICOT<\/div>\n<\/div>\n<div class=\"x11i5rnm xat24cr x1mh8g0r x1vvkbs xtlvy1s x126k92a\">\n<div dir=\"auto\"><\/div>\n<div dir=\"auto\">Kyrie eleison. Chryste eleison. Kyrie eleison.<\/div>\n<div dir=\"auto\">Chryste, us\u0142ysz nas. Chryste, wys\u0142uchaj nas.<\/div>\n<div dir=\"auto\">Ojcze z nieba, Bo\u017ce, zmi\u0142uj si\u0119 nad nami.<\/div>\n<div dir=\"auto\">Synu, Odkupicielu \u015bwiata, Bo\u017ce,<\/div>\n<div dir=\"auto\">Duchu \u015awi\u0119ty, Bo\u017ce,<\/div>\n<div dir=\"auto\">\u015awi\u0119ta Tr\u00f3jco, Jedyny Bo\u017ce,<\/div>\n<\/div>\n<div class=\"x11i5rnm xat24cr x1mh8g0r x1vvkbs xtlvy1s x126k92a\">\n<div dir=\"auto\">\u015awi\u0119ta Maryjo, Matko Bo\u017ca, m\u00f3dl si\u0119 za nami.<\/div>\n<div dir=\"auto\">Kr\u00f3lowo r\u00f3\u017ca\u0144ca \u015bwi\u0119tego,<\/div>\n<div dir=\"auto\">Kr\u00f3lowo Aposto\u0142\u00f3w,<\/div>\n<div dir=\"auto\">B\u0142ogos\u0142awiona Paulino,<\/div>\n<div dir=\"auto\">Pokorna s\u0142u\u017cebnico Pa\u0144ska,<\/div>\n<div dir=\"auto\">Pos\u0142uszna natchnieniom Ducha \u015awi\u0119tego,<\/div>\n<div dir=\"auto\">Oddana Naj\u015bwi\u0119tszemu Sercu Jezusa,<\/div>\n<div dir=\"auto\">Adoruj\u0105ca Pana obecnego w Naj\u015bwi\u0119tszym Sakramencie,<\/div>\n<div dir=\"auto\">Wybieraj\u0105ca Jezusa na jedynego Oblubie\u0144ca,<\/div>\n<div dir=\"auto\">Wynagradzaj\u0105ca Bogu za grzechy swoje i innych,<\/div>\n<div dir=\"auto\">Ufaj\u0105ca Maryi we wszystkich sprawach,<\/div>\n<div dir=\"auto\">Zatroskana o ludzi nieznaj\u0105cych Chrystusa,<\/div>\n<div dir=\"auto\">Wspieraj\u0105ca misjonarzy,<\/div>\n<div dir=\"auto\">Zak\u0142adaj\u0105ca Dzie\u0142o Rozkrzewiania Wiary,<\/div>\n<div dir=\"auto\">Inspiruj\u0105ca trosk\u0119 o misje,<\/div>\n<div dir=\"auto\">Mi\u0142uj\u0105ca modlitw\u0119 r\u00f3\u017ca\u0144cow\u0105,<\/div>\n<div dir=\"auto\">Zak\u0142adaj\u0105ca wsp\u00f3lnot\u0119 \u017bywego R\u00f3\u017ca\u0144ca,<\/div>\n<div dir=\"auto\">Pragn\u0105ca uczyni\u0107 r\u00f3\u017caniec modlitw\u0105 wszystkich,<\/div>\n<div dir=\"auto\">Prowadz\u0105ca innych na g\u0142\u0119bi\u0119 \u017cycia modlitewnego,<\/div>\n<div dir=\"auto\">Pokornie s\u0142u\u017c\u0105ca chorym,<\/div>\n<div dir=\"auto\">Wra\u017cliwa na potrzeby braci i si\u00f3str,<\/div>\n<div dir=\"auto\">Po\u015bwi\u0119caj\u0105ca swoje dobra dla wspierania innych,<\/div>\n<div dir=\"auto\">Znosz\u0105ca cierpliwie choroby i codzienne dolegliwo\u015bci,<\/div>\n<div dir=\"auto\">Uzdrowiona przez wstawiennictwo \u015bw. Filomeny,<\/div>\n<div dir=\"auto\">Na\u015bladuj\u0105ca Chrystusa w d\u017awiganiu krzy\u017ca,<\/div>\n<div dir=\"auto\">Umieraj\u0105ca w ogo\u0142oceniu i samotno\u015bci,<\/div>\n<div dir=\"auto\">Oddana Bogu w \u017cyciu i w \u015bmierci,<\/div>\n<\/div>\n<div class=\"x11i5rnm xat24cr x1mh8g0r x1vvkbs xtlvy1s x126k92a\">\n<div dir=\"auto\">Baranku Bo\u017cy, kt\u00f3ry g\u0142adzisz grzechy \u015bwiata, przepu\u015b\u0107 nam, Panie.<\/div>\n<div dir=\"auto\">Baranku Bo\u017cy, kt\u00f3ry g\u0142adzisz grzechy \u015bwiata, wys\u0142uchaj nas, Panie.<\/div>\n<div dir=\"auto\">Baranku Bo\u017cy, kt\u00f3ry g\u0142adzisz grzechy \u015bwiata, zmi\u0142uj si\u0119 nad nami.<\/div>\n<\/div>\n<div class=\"x11i5rnm xat24cr x1mh8g0r x1vvkbs xtlvy1s x126k92a\">\n<div dir=\"auto\">M\u00f3dl si\u0119 za nami, b\u0142ogos\u0142awiona Paulino, aby\u015bmy si\u0119 stali godnymi obietnic Chrystusowych.<\/div>\n<\/div>\n<div class=\"x11i5rnm xat24cr x1mh8g0r x1vvkbs xtlvy1s x126k92a\">\n<div dir=\"auto\">M\u00f3dlmy si\u0119:<\/div>\n<div dir=\"auto\">Wszechmog\u0105cy i mi\u0142osierny Bo\u017ce, Ty w b\u0142ogos\u0142awionej Paulinie da\u0142e\u015b nam wz\u00f3r modlitwy, troski o misje i cierpliwego niesienia krzy\u017ca. Spraw przez jej wstawiennictwo, aby\u015bmy zawierzaj\u0105c Maryi, odwa\u017cnie d\u0105\u017cyli do \u015bwi\u0119to\u015bci i nie\u015bli \u015bwiatu or\u0119dzie Ewangelii. Przez Chrystusa, Pana naszego. Amen.<\/div>\n<\/div>\n<p><img loading=\"lazy\" class=\"alignleft size-full wp-image-31880\" src=\"http:\/\/pakosc-kalwaria.franciszkanie.net\/wp-content\/uploads\/2024\/01\/Paulina-Jaricot.png\" alt=\"\" width=\"1046\" height=\"655\" srcset=\"https:\/\/pakosc-kalwaria.franciszkanie.net\/wp-content\/uploads\/2024\/01\/Paulina-Jaricot.png 1046w, https:\/\/pakosc-kalwaria.franciszkanie.net\/wp-content\/uploads\/2024\/01\/Paulina-Jaricot-300x188.png 300w, https:\/\/pakosc-kalwaria.franciszkanie.net\/wp-content\/uploads\/2024\/01\/Paulina-Jaricot-1024x641.png 1024w, https:\/\/pakosc-kalwaria.franciszkanie.net\/wp-content\/uploads\/2024\/01\/Paulina-Jaricot-768x481.png 768w\" sizes=\"(max-width: 1046px) 100vw, 1046px\" \/><\/p>\n","protected":false},"excerpt":{"rendered":"<p>MODLITWA DO B\u0141. PAULINY JARICOT B\u0142ogos\u0142awiona Paulino, z tob\u0105 wielbimy Boga w Tr\u00f3jcy \u015awi\u0119tej Jedynego, w kt\u00f3rego oblicze wpatrujesz si\u0119 w niebie. On rozpali\u0142 twe serce ogniem mi\u0142o\u015bci. P\u0142on\u0119\u0142a\u015b i zapala\u0142a\u015b innych. Sz\u0142a\u015b drog\u0105 modlitwy i s\u0142u\u017cby. Przez ciebie B\u00f3g wzbudzi\u0142 w Ko\u015bciele dwa wielkie dzie\u0142a, jedno modlitewne \u2013 \u017bywy R\u00f3\u017caniec i drugie apostolskie \u2013 &hellip;<\/p>\n","protected":false},"author":2,"featured_media":31880,"comment_status":"closed","ping_status":"closed","sticky":false,"template":"","format":"standard","meta":{"_mi_skip_tracking":false,"_exactmetrics_sitenote_active":false,"_exactmetrics_sitenote_note":"","_exactmetrics_sitenote_category":0},"categories":[14],"tags":[],"yoast_head":"<!-- This site is optimized with the Yoast SEO plugin v18.1 - https:\/\/yoast.com\/wordpress\/plugins\/seo\/ -->\n<title>Wspomnienie b\u0142. Pauliny Jaricot - Pako\u015b\u0107 \u2013 Kalwaria<\/title>\n<meta name=\"robots\" content=\"index, follow, max-snippet:-1, max-image-preview:large, max-video-preview:-1\" \/>\n<link rel=\"canonical\" href=\"https:\/\/pakosc-kalwaria.franciszkanie.net\/index.php\/2024\/01\/09\/wspomnienie-bl-pauliny-jaricot\/\" \/>\n<meta property=\"og:locale\" content=\"pl_PL\" \/>\n<meta property=\"og:type\" content=\"article\" \/>\n<meta property=\"og:title\" content=\"Wspomnienie b\u0142. Pauliny Jaricot - Pako\u015b\u0107 \u2013 Kalwaria\" \/>\n<meta property=\"og:description\" content=\"MODLITWA DO B\u0141. PAULINY JARICOT B\u0142ogos\u0142awiona Paulino, z tob\u0105 wielbimy Boga w Tr\u00f3jcy \u015awi\u0119tej Jedynego, w kt\u00f3rego oblicze wpatrujesz si\u0119 w niebie. On rozpali\u0142 twe serce ogniem mi\u0142o\u015bci. P\u0142on\u0119\u0142a\u015b i zapala\u0142a\u015b innych. Sz\u0142a\u015b drog\u0105 modlitwy i s\u0142u\u017cby. Przez ciebie B\u00f3g wzbudzi\u0142 w Ko\u015bciele dwa wielkie dzie\u0142a, jedno modlitewne \u2013 \u017bywy R\u00f3\u017caniec i drugie apostolskie \u2013 &hellip;\" \/>\n<meta property=\"og:url\" content=\"https:\/\/pakosc-kalwaria.franciszkanie.net\/index.php\/2024\/01\/09\/wspomnienie-bl-pauliny-jaricot\/\" \/>\n<meta property=\"og:site_name\" content=\"Pako\u015b\u0107 \u2013 Kalwaria\" \/>\n<meta property=\"article:author\" content=\"https:\/\/www.facebook.com\/KalwariaPakosc\/\" \/>\n<meta property=\"article:published_time\" content=\"2024-01-09T11:45:28+00:00\" \/>\n<meta property=\"og:image\" content=\"http:\/\/pakosc-kalwaria.franciszkanie.net\/wp-content\/uploads\/2024\/01\/Paulina-Jaricot.png\" \/>\n\t<meta property=\"og:image:width\" content=\"1046\" \/>\n\t<meta property=\"og:image:height\" content=\"655\" \/>\n\t<meta property=\"og:image:type\" content=\"image\/png\" \/>\n<meta name=\"twitter:card\" content=\"summary\" \/>\n<meta name=\"twitter:label1\" content=\"Napisane przez\" \/>\n\t<meta name=\"twitter:data1\" content=\"pakosc-kalwaria\" \/>\n\t<meta name=\"twitter:label2\" content=\"Szacowany czas czytania\" \/>\n\t<meta name=\"twitter:data2\" content=\"2 minuty\" \/>\n<script type=\"application\/ld+json\" class=\"yoast-schema-graph\">{\"@context\":\"https:\/\/schema.org\",\"@graph\":[{\"@type\":\"WebSite\",\"@id\":\"https:\/\/pakosc-kalwaria.franciszkanie.net\/#website\",\"url\":\"https:\/\/pakosc-kalwaria.franciszkanie.net\/\",\"name\":\"Pako\u015b\u0107 \u2013 Kalwaria\",\"description\":\"Parafia Rzymsko \u2013 Katolicka p.w. Pana Jezusa Ukrzy\u017cowanego i  Matki Bo\u017cej Bolesnej ul. Barci\u0144ska 60, 88\u2013170 Pako\u015b\u0107 \u2013 Kalwaria\",\"potentialAction\":[{\"@type\":\"SearchAction\",\"target\":{\"@type\":\"EntryPoint\",\"urlTemplate\":\"https:\/\/pakosc-kalwaria.franciszkanie.net\/?s={search_term_string}\"},\"query-input\":\"required name=search_term_string\"}],\"inLanguage\":\"pl-PL\"},{\"@type\":\"ImageObject\",\"@id\":\"https:\/\/pakosc-kalwaria.franciszkanie.net\/index.php\/2024\/01\/09\/wspomnienie-bl-pauliny-jaricot\/#primaryimage\",\"inLanguage\":\"pl-PL\",\"url\":\"https:\/\/pakosc-kalwaria.franciszkanie.net\/wp-content\/uploads\/2024\/01\/Paulina-Jaricot.png\",\"contentUrl\":\"https:\/\/pakosc-kalwaria.franciszkanie.net\/wp-content\/uploads\/2024\/01\/Paulina-Jaricot.png\",\"width\":1046,\"height\":655},{\"@type\":\"WebPage\",\"@id\":\"https:\/\/pakosc-kalwaria.franciszkanie.net\/index.php\/2024\/01\/09\/wspomnienie-bl-pauliny-jaricot\/#webpage\",\"url\":\"https:\/\/pakosc-kalwaria.franciszkanie.net\/index.php\/2024\/01\/09\/wspomnienie-bl-pauliny-jaricot\/\",\"name\":\"Wspomnienie b\u0142. Pauliny Jaricot - Pako\u015b\u0107 \u2013 Kalwaria\",\"isPartOf\":{\"@id\":\"https:\/\/pakosc-kalwaria.franciszkanie.net\/#website\"},\"primaryImageOfPage\":{\"@id\":\"https:\/\/pakosc-kalwaria.franciszkanie.net\/index.php\/2024\/01\/09\/wspomnienie-bl-pauliny-jaricot\/#primaryimage\"},\"datePublished\":\"2024-01-09T11:45:28+00:00\",\"dateModified\":\"2024-01-09T11:45:28+00:00\",\"author\":{\"@id\":\"https:\/\/pakosc-kalwaria.franciszkanie.net\/#\/schema\/person\/af10b943be0760709227d060eadcb2aa\"},\"breadcrumb\":{\"@id\":\"https:\/\/pakosc-kalwaria.franciszkanie.net\/index.php\/2024\/01\/09\/wspomnienie-bl-pauliny-jaricot\/#breadcrumb\"},\"inLanguage\":\"pl-PL\",\"potentialAction\":[{\"@type\":\"ReadAction\",\"target\":[\"https:\/\/pakosc-kalwaria.franciszkanie.net\/index.php\/2024\/01\/09\/wspomnienie-bl-pauliny-jaricot\/\"]}]},{\"@type\":\"BreadcrumbList\",\"@id\":\"https:\/\/pakosc-kalwaria.franciszkanie.net\/index.php\/2024\/01\/09\/wspomnienie-bl-pauliny-jaricot\/#breadcrumb\",\"itemListElement\":[{\"@type\":\"ListItem\",\"position\":1,\"name\":\"Strona g\u0142\u00f3wna\",\"item\":\"https:\/\/pakosc-kalwaria.franciszkanie.net\/\"},{\"@type\":\"ListItem\",\"position\":2,\"name\":\"Wspomnienie b\u0142. Pauliny Jaricot\"}]},{\"@type\":\"Person\",\"@id\":\"https:\/\/pakosc-kalwaria.franciszkanie.net\/#\/schema\/person\/af10b943be0760709227d060eadcb2aa\",\"name\":\"pakosc-kalwaria\",\"image\":{\"@type\":\"ImageObject\",\"@id\":\"https:\/\/pakosc-kalwaria.franciszkanie.net\/#personlogo\",\"inLanguage\":\"pl-PL\",\"url\":\"https:\/\/secure.gravatar.com\/avatar\/e7049d338b55eac6a0027ff3218b8d02?s=96&d=mm&r=g\",\"contentUrl\":\"https:\/\/secure.gravatar.com\/avatar\/e7049d338b55eac6a0027ff3218b8d02?s=96&d=mm&r=g\",\"caption\":\"pakosc-kalwaria\"},\"sameAs\":[\"https:\/\/www.facebook.com\/KalwariaPakosc\/\"],\"url\":\"https:\/\/pakosc-kalwaria.franciszkanie.net\/index.php\/author\/pakosc-kalwaria\/\"}]}<\/script>\n<!-- \/ Yoast SEO plugin. -->","yoast_head_json":{"title":"Wspomnienie b\u0142. Pauliny Jaricot - Pako\u015b\u0107 \u2013 Kalwaria","robots":{"index":"index","follow":"follow","max-snippet":"max-snippet:-1","max-image-preview":"max-image-preview:large","max-video-preview":"max-video-preview:-1"},"canonical":"https:\/\/pakosc-kalwaria.franciszkanie.net\/index.php\/2024\/01\/09\/wspomnienie-bl-pauliny-jaricot\/","og_locale":"pl_PL","og_type":"article","og_title":"Wspomnienie b\u0142. Pauliny Jaricot - Pako\u015b\u0107 \u2013 Kalwaria","og_description":"MODLITWA DO B\u0141. PAULINY JARICOT B\u0142ogos\u0142awiona Paulino, z tob\u0105 wielbimy Boga w Tr\u00f3jcy \u015awi\u0119tej Jedynego, w kt\u00f3rego oblicze wpatrujesz si\u0119 w niebie. On rozpali\u0142 twe serce ogniem mi\u0142o\u015bci. P\u0142on\u0119\u0142a\u015b i zapala\u0142a\u015b innych. Sz\u0142a\u015b drog\u0105 modlitwy i s\u0142u\u017cby. Przez ciebie B\u00f3g wzbudzi\u0142 w Ko\u015bciele dwa wielkie dzie\u0142a, jedno modlitewne \u2013 \u017bywy R\u00f3\u017caniec i drugie apostolskie \u2013 &hellip;","og_url":"https:\/\/pakosc-kalwaria.franciszkanie.net\/index.php\/2024\/01\/09\/wspomnienie-bl-pauliny-jaricot\/","og_site_name":"Pako\u015b\u0107 \u2013 Kalwaria","article_author":"https:\/\/www.facebook.com\/KalwariaPakosc\/","article_published_time":"2024-01-09T11:45:28+00:00","og_image":[{"width":1046,"height":655,"url":"http:\/\/pakosc-kalwaria.franciszkanie.net\/wp-content\/uploads\/2024\/01\/Paulina-Jaricot.png","type":"image\/png"}],"twitter_card":"summary","twitter_misc":{"Napisane przez":"pakosc-kalwaria","Szacowany czas czytania":"2 minuty"},"schema":{"@context":"https:\/\/schema.org","@graph":[{"@type":"WebSite","@id":"https:\/\/pakosc-kalwaria.franciszkanie.net\/#website","url":"https:\/\/pakosc-kalwaria.franciszkanie.net\/","name":"Pako\u015b\u0107 \u2013 Kalwaria","description":"Parafia Rzymsko \u2013 Katolicka p.w. Pana Jezusa Ukrzy\u017cowanego i  Matki Bo\u017cej Bolesnej ul. Barci\u0144ska 60, 88\u2013170 Pako\u015b\u0107 \u2013 Kalwaria","potentialAction":[{"@type":"SearchAction","target":{"@type":"EntryPoint","urlTemplate":"https:\/\/pakosc-kalwaria.franciszkanie.net\/?s={search_term_string}"},"query-input":"required name=search_term_string"}],"inLanguage":"pl-PL"},{"@type":"ImageObject","@id":"https:\/\/pakosc-kalwaria.franciszkanie.net\/index.php\/2024\/01\/09\/wspomnienie-bl-pauliny-jaricot\/#primaryimage","inLanguage":"pl-PL","url":"https:\/\/pakosc-kalwaria.franciszkanie.net\/wp-content\/uploads\/2024\/01\/Paulina-Jaricot.png","contentUrl":"https:\/\/pakosc-kalwaria.franciszkanie.net\/wp-content\/uploads\/2024\/01\/Paulina-Jaricot.png","width":1046,"height":655},{"@type":"WebPage","@id":"https:\/\/pakosc-kalwaria.franciszkanie.net\/index.php\/2024\/01\/09\/wspomnienie-bl-pauliny-jaricot\/#webpage","url":"https:\/\/pakosc-kalwaria.franciszkanie.net\/index.php\/2024\/01\/09\/wspomnienie-bl-pauliny-jaricot\/","name":"Wspomnienie b\u0142. Pauliny Jaricot - Pako\u015b\u0107 \u2013 Kalwaria","isPartOf":{"@id":"https:\/\/pakosc-kalwaria.franciszkanie.net\/#website"},"primaryImageOfPage":{"@id":"https:\/\/pakosc-kalwaria.franciszkanie.net\/index.php\/2024\/01\/09\/wspomnienie-bl-pauliny-jaricot\/#primaryimage"},"datePublished":"2024-01-09T11:45:28+00:00","dateModified":"2024-01-09T11:45:28+00:00","author":{"@id":"https:\/\/pakosc-kalwaria.franciszkanie.net\/#\/schema\/person\/af10b943be0760709227d060eadcb2aa"},"breadcrumb":{"@id":"https:\/\/pakosc-kalwaria.franciszkanie.net\/index.php\/2024\/01\/09\/wspomnienie-bl-pauliny-jaricot\/#breadcrumb"},"inLanguage":"pl-PL","potentialAction":[{"@type":"ReadAction","target":["https:\/\/pakosc-kalwaria.franciszkanie.net\/index.php\/2024\/01\/09\/wspomnienie-bl-pauliny-jaricot\/"]}]},{"@type":"BreadcrumbList","@id":"https:\/\/pakosc-kalwaria.franciszkanie.net\/index.php\/2024\/01\/09\/wspomnienie-bl-pauliny-jaricot\/#breadcrumb","itemListElement":[{"@type":"ListItem","position":1,"name":"Strona g\u0142\u00f3wna","item":"https:\/\/pakosc-kalwaria.franciszkanie.net\/"},{"@type":"ListItem","position":2,"name":"Wspomnienie b\u0142. Pauliny Jaricot"}]},{"@type":"Person","@id":"https:\/\/pakosc-kalwaria.franciszkanie.net\/#\/schema\/person\/af10b943be0760709227d060eadcb2aa","name":"pakosc-kalwaria","image":{"@type":"ImageObject","@id":"https:\/\/pakosc-kalwaria.franciszkanie.net\/#personlogo","inLanguage":"pl-PL","url":"https:\/\/secure.gravatar.com\/avatar\/e7049d338b55eac6a0027ff3218b8d02?s=96&d=mm&r=g","contentUrl":"https:\/\/secure.gravatar.com\/avatar\/e7049d338b55eac6a0027ff3218b8d02?s=96&d=mm&r=g","caption":"pakosc-kalwaria"},"sameAs":["https:\/\/www.facebook.com\/KalwariaPakosc\/"],"url":"https:\/\/pakosc-kalwaria.franciszkanie.net\/index.php\/author\/pakosc-kalwaria\/"}]}},"_links":{"self":[{"href":"https:\/\/pakosc-kalwaria.franciszkanie.net\/index.php\/wp-json\/wp\/v2\/posts\/31879"}],"collection":[{"href":"https:\/\/pakosc-kalwaria.franciszkanie.net\/index.php\/wp-json\/wp\/v2\/posts"}],"about":[{"href":"https:\/\/pakosc-kalwaria.franciszkanie.net\/index.php\/wp-json\/wp\/v2\/types\/post"}],"author":[{"embeddable":true,"href":"https:\/\/pakosc-kalwaria.franciszkanie.net\/index.php\/wp-json\/wp\/v2\/users\/2"}],"replies":[{"embeddable":true,"href":"https:\/\/pakosc-kalwaria.franciszkanie.net\/index.php\/wp-json\/wp\/v2\/comments?post=31879"}],"version-history":[{"count":1,"href":"https:\/\/pakosc-kalwaria.franciszkanie.net\/index.php\/wp-json\/wp\/v2\/posts\/31879\/revisions"}],"predecessor-version":[{"id":31881,"href":"https:\/\/pakosc-kalwaria.franciszkanie.net\/index.php\/wp-json\/wp\/v2\/posts\/31879\/revisions\/31881"}],"wp:featuredmedia":[{"embeddable":true,"href":"https:\/\/pakosc-kalwaria.franciszkanie.net\/index.php\/wp-json\/wp\/v2\/media\/31880"}],"wp:attachment":[{"href":"https:\/\/pakosc-kalwaria.franciszkanie.net\/index.php\/wp-json\/wp\/v2\/media?parent=31879"}],"wp:term":[{"taxonomy":"category","embeddable":true,"href":"https:\/\/pakosc-kalwaria.franciszkanie.net\/index.php\/wp-json\/wp\/v2\/categories?post=31879"},{"taxonomy":"post_tag","embeddable":true,"href":"https:\/\/pakosc-kalwaria.franciszkanie.net\/index.php\/wp-json\/wp\/v2\/tags?post=31879"}],"curies":[{"name":"wp","href":"https:\/\/api.w.org\/{rel}","templated":true}]}}