{"id":31886,"date":"2024-01-12T15:13:16","date_gmt":"2024-01-12T14:13:16","guid":{"rendered":"https:\/\/pakosc-kalwaria.franciszkanie.net\/?p=31886"},"modified":"2024-01-12T15:14:10","modified_gmt":"2024-01-12T14:14:10","slug":"dziecieca-akademia-muzyczna-presto-zaczela","status":"publish","type":"post","link":"https:\/\/pakosc-kalwaria.franciszkanie.net\/index.php\/2024\/01\/12\/dziecieca-akademia-muzyczna-presto-zaczela\/","title":{"rendered":"Dzieci\u0119ca Akademia Muzyczna &#8222;Presto&#8221; zacz\u0119\u0142a dzia\u0142alno\u015b\u0107"},"content":{"rendered":"<div dir=\"auto\">11 stycznia w Cafe Francesco odby\u0142y si\u0119 zaj\u0119cia Dzieci\u0119cej Akademii Muzycznej &#8222;PRESTO&#8221;. Prowadz\u0105ca zaj\u0119cia Pani Nell Polgert-Martwijczuk przenios\u0142a dzieci w niezwyk\u0142y \u015bwiat muzyki. Poprzez zabaw\u0119 dzieci poznawa\u0142y instrumenty i inne ciekawe zagadnienia zwi\u0105zane z muzyk\u0105. Kolejne spotkanie w najbli\u017cszy czwartek 18 stycznia o godz. 17.00.<\/div>\n<div dir=\"auto\">Zapraszamy dzieci w wieku od 6-12 lat.<\/div>\n<div dir=\"auto\">Udzia\u0142 w zaj\u0119ciach jest BEZP\u0141ATNY.<\/div>\n<div dir=\"auto\"><\/div>\n<div dir=\"auto\"><img loading=\"lazy\" class=\"alignleft size-full wp-image-31887\" src=\"http:\/\/pakosc-kalwaria.franciszkanie.net\/wp-content\/uploads\/2024\/01\/418499717_339168588938732_1127865985129582400_n.jpg\" alt=\"\" width=\"2000\" height=\"1500\" srcset=\"https:\/\/pakosc-kalwaria.franciszkanie.net\/wp-content\/uploads\/2024\/01\/418499717_339168588938732_1127865985129582400_n.jpg 2000w, https:\/\/pakosc-kalwaria.franciszkanie.net\/wp-content\/uploads\/2024\/01\/418499717_339168588938732_1127865985129582400_n-300x225.jpg 300w, https:\/\/pakosc-kalwaria.franciszkanie.net\/wp-content\/uploads\/2024\/01\/418499717_339168588938732_1127865985129582400_n-1024x768.jpg 1024w, https:\/\/pakosc-kalwaria.franciszkanie.net\/wp-content\/uploads\/2024\/01\/418499717_339168588938732_1127865985129582400_n-768x576.jpg 768w, https:\/\/pakosc-kalwaria.franciszkanie.net\/wp-content\/uploads\/2024\/01\/418499717_339168588938732_1127865985129582400_n-1536x1152.jpg 1536w, https:\/\/pakosc-kalwaria.franciszkanie.net\/wp-content\/uploads\/2024\/01\/418499717_339168588938732_1127865985129582400_n-418x315.jpg 418w\" sizes=\"(max-width: 2000px) 100vw, 2000px\" \/> <img loading=\"lazy\" class=\"alignleft size-full wp-image-31888\" src=\"http:\/\/pakosc-kalwaria.franciszkanie.net\/wp-content\/uploads\/2024\/01\/418530961_339168568938734_3853863954412748052_n.jpg\" alt=\"\" width=\"2000\" height=\"1500\" srcset=\"https:\/\/pakosc-kalwaria.franciszkanie.net\/wp-content\/uploads\/2024\/01\/418530961_339168568938734_3853863954412748052_n.jpg 2000w, https:\/\/pakosc-kalwaria.franciszkanie.net\/wp-content\/uploads\/2024\/01\/418530961_339168568938734_3853863954412748052_n-300x225.jpg 300w, https:\/\/pakosc-kalwaria.franciszkanie.net\/wp-content\/uploads\/2024\/01\/418530961_339168568938734_3853863954412748052_n-1024x768.jpg 1024w, https:\/\/pakosc-kalwaria.franciszkanie.net\/wp-content\/uploads\/2024\/01\/418530961_339168568938734_3853863954412748052_n-768x576.jpg 768w, https:\/\/pakosc-kalwaria.franciszkanie.net\/wp-content\/uploads\/2024\/01\/418530961_339168568938734_3853863954412748052_n-1536x1152.jpg 1536w, https:\/\/pakosc-kalwaria.franciszkanie.net\/wp-content\/uploads\/2024\/01\/418530961_339168568938734_3853863954412748052_n-418x315.jpg 418w\" sizes=\"(max-width: 2000px) 100vw, 2000px\" \/> <img loading=\"lazy\" class=\"alignleft size-full wp-image-31889\" src=\"http:\/\/pakosc-kalwaria.franciszkanie.net\/wp-content\/uploads\/2024\/01\/418500974_339168532272071_20017726719010816_n.jpg\" alt=\"\" width=\"2000\" height=\"1500\" srcset=\"https:\/\/pakosc-kalwaria.franciszkanie.net\/wp-content\/uploads\/2024\/01\/418500974_339168532272071_20017726719010816_n.jpg 2000w, https:\/\/pakosc-kalwaria.franciszkanie.net\/wp-content\/uploads\/2024\/01\/418500974_339168532272071_20017726719010816_n-300x225.jpg 300w, https:\/\/pakosc-kalwaria.franciszkanie.net\/wp-content\/uploads\/2024\/01\/418500974_339168532272071_20017726719010816_n-1024x768.jpg 1024w, https:\/\/pakosc-kalwaria.franciszkanie.net\/wp-content\/uploads\/2024\/01\/418500974_339168532272071_20017726719010816_n-768x576.jpg 768w, https:\/\/pakosc-kalwaria.franciszkanie.net\/wp-content\/uploads\/2024\/01\/418500974_339168532272071_20017726719010816_n-1536x1152.jpg 1536w, https:\/\/pakosc-kalwaria.franciszkanie.net\/wp-content\/uploads\/2024\/01\/418500974_339168532272071_20017726719010816_n-418x315.jpg 418w\" sizes=\"(max-width: 2000px) 100vw, 2000px\" \/> <img loading=\"lazy\" class=\"alignleft size-full wp-image-31890\" src=\"http:\/\/pakosc-kalwaria.franciszkanie.net\/wp-content\/uploads\/2024\/01\/419097120_339168392272085_346706573531924500_n.jpg\" alt=\"\" width=\"2000\" height=\"1500\" srcset=\"https:\/\/pakosc-kalwaria.franciszkanie.net\/wp-content\/uploads\/2024\/01\/419097120_339168392272085_346706573531924500_n.jpg 2000w, https:\/\/pakosc-kalwaria.franciszkanie.net\/wp-content\/uploads\/2024\/01\/419097120_339168392272085_346706573531924500_n-300x225.jpg 300w, https:\/\/pakosc-kalwaria.franciszkanie.net\/wp-content\/uploads\/2024\/01\/419097120_339168392272085_346706573531924500_n-1024x768.jpg 1024w, https:\/\/pakosc-kalwaria.franciszkanie.net\/wp-content\/uploads\/2024\/01\/419097120_339168392272085_346706573531924500_n-768x576.jpg 768w, https:\/\/pakosc-kalwaria.franciszkanie.net\/wp-content\/uploads\/2024\/01\/419097120_339168392272085_346706573531924500_n-1536x1152.jpg 1536w, https:\/\/pakosc-kalwaria.franciszkanie.net\/wp-content\/uploads\/2024\/01\/419097120_339168392272085_346706573531924500_n-418x315.jpg 418w\" sizes=\"(max-width: 2000px) 100vw, 2000px\" \/> <img loading=\"lazy\" class=\"alignleft size-full wp-image-31891\" src=\"http:\/\/pakosc-kalwaria.franciszkanie.net\/wp-content\/uploads\/2024\/01\/418523808_339168382272086_244220466527810050_n.jpg\" alt=\"\" width=\"1500\" height=\"2000\" srcset=\"https:\/\/pakosc-kalwaria.franciszkanie.net\/wp-content\/uploads\/2024\/01\/418523808_339168382272086_244220466527810050_n.jpg 1500w, https:\/\/pakosc-kalwaria.franciszkanie.net\/wp-content\/uploads\/2024\/01\/418523808_339168382272086_244220466527810050_n-225x300.jpg 225w, https:\/\/pakosc-kalwaria.franciszkanie.net\/wp-content\/uploads\/2024\/01\/418523808_339168382272086_244220466527810050_n-768x1024.jpg 768w, https:\/\/pakosc-kalwaria.franciszkanie.net\/wp-content\/uploads\/2024\/01\/418523808_339168382272086_244220466527810050_n-1152x1536.jpg 1152w\" sizes=\"(max-width: 1500px) 100vw, 1500px\" \/> <img loading=\"lazy\" class=\"alignleft size-full wp-image-31892\" src=\"http:\/\/pakosc-kalwaria.franciszkanie.net\/wp-content\/uploads\/2024\/01\/418830849_339168362272088_6689291568000235273_n.jpg\" alt=\"\" width=\"2000\" height=\"1500\" srcset=\"https:\/\/pakosc-kalwaria.franciszkanie.net\/wp-content\/uploads\/2024\/01\/418830849_339168362272088_6689291568000235273_n.jpg 2000w, https:\/\/pakosc-kalwaria.franciszkanie.net\/wp-content\/uploads\/2024\/01\/418830849_339168362272088_6689291568000235273_n-300x225.jpg 300w, https:\/\/pakosc-kalwaria.franciszkanie.net\/wp-content\/uploads\/2024\/01\/418830849_339168362272088_6689291568000235273_n-1024x768.jpg 1024w, https:\/\/pakosc-kalwaria.franciszkanie.net\/wp-content\/uploads\/2024\/01\/418830849_339168362272088_6689291568000235273_n-768x576.jpg 768w, https:\/\/pakosc-kalwaria.franciszkanie.net\/wp-content\/uploads\/2024\/01\/418830849_339168362272088_6689291568000235273_n-1536x1152.jpg 1536w, https:\/\/pakosc-kalwaria.franciszkanie.net\/wp-content\/uploads\/2024\/01\/418830849_339168362272088_6689291568000235273_n-418x315.jpg 418w\" sizes=\"(max-width: 2000px) 100vw, 2000px\" \/> <img loading=\"lazy\" class=\"alignleft size-full wp-image-31893\" src=\"http:\/\/pakosc-kalwaria.franciszkanie.net\/wp-content\/uploads\/2024\/01\/418508997_339168312272093_5995668303260856766_n.jpg\" alt=\"\" width=\"1500\" height=\"2000\" srcset=\"https:\/\/pakosc-kalwaria.franciszkanie.net\/wp-content\/uploads\/2024\/01\/418508997_339168312272093_5995668303260856766_n.jpg 1500w, https:\/\/pakosc-kalwaria.franciszkanie.net\/wp-content\/uploads\/2024\/01\/418508997_339168312272093_5995668303260856766_n-225x300.jpg 225w, https:\/\/pakosc-kalwaria.franciszkanie.net\/wp-content\/uploads\/2024\/01\/418508997_339168312272093_5995668303260856766_n-768x1024.jpg 768w, https:\/\/pakosc-kalwaria.franciszkanie.net\/wp-content\/uploads\/2024\/01\/418508997_339168312272093_5995668303260856766_n-1152x1536.jpg 1152w\" sizes=\"(max-width: 1500px) 100vw, 1500px\" \/> <img loading=\"lazy\" class=\"alignleft size-full wp-image-31894\" src=\"http:\/\/pakosc-kalwaria.franciszkanie.net\/wp-content\/uploads\/2024\/01\/418515725_339168278938763_3357608884967957193_n.jpg\" alt=\"\" width=\"2000\" height=\"1500\" srcset=\"https:\/\/pakosc-kalwaria.franciszkanie.net\/wp-content\/uploads\/2024\/01\/418515725_339168278938763_3357608884967957193_n.jpg 2000w, https:\/\/pakosc-kalwaria.franciszkanie.net\/wp-content\/uploads\/2024\/01\/418515725_339168278938763_3357608884967957193_n-300x225.jpg 300w, https:\/\/pakosc-kalwaria.franciszkanie.net\/wp-content\/uploads\/2024\/01\/418515725_339168278938763_3357608884967957193_n-1024x768.jpg 1024w, https:\/\/pakosc-kalwaria.franciszkanie.net\/wp-content\/uploads\/2024\/01\/418515725_339168278938763_3357608884967957193_n-768x576.jpg 768w, https:\/\/pakosc-kalwaria.franciszkanie.net\/wp-content\/uploads\/2024\/01\/418515725_339168278938763_3357608884967957193_n-1536x1152.jpg 1536w, https:\/\/pakosc-kalwaria.franciszkanie.net\/wp-content\/uploads\/2024\/01\/418515725_339168278938763_3357608884967957193_n-418x315.jpg 418w\" sizes=\"(max-width: 2000px) 100vw, 2000px\" \/> <img loading=\"lazy\" class=\"alignleft size-full wp-image-31895\" src=\"http:\/\/pakosc-kalwaria.franciszkanie.net\/wp-content\/uploads\/2024\/01\/418523174_339168262272098_1497326155736602800_n.jpg\" alt=\"\" width=\"2000\" height=\"1500\" srcset=\"https:\/\/pakosc-kalwaria.franciszkanie.net\/wp-content\/uploads\/2024\/01\/418523174_339168262272098_1497326155736602800_n.jpg 2000w, https:\/\/pakosc-kalwaria.franciszkanie.net\/wp-content\/uploads\/2024\/01\/418523174_339168262272098_1497326155736602800_n-300x225.jpg 300w, https:\/\/pakosc-kalwaria.franciszkanie.net\/wp-content\/uploads\/2024\/01\/418523174_339168262272098_1497326155736602800_n-1024x768.jpg 1024w, https:\/\/pakosc-kalwaria.franciszkanie.net\/wp-content\/uploads\/2024\/01\/418523174_339168262272098_1497326155736602800_n-768x576.jpg 768w, https:\/\/pakosc-kalwaria.franciszkanie.net\/wp-content\/uploads\/2024\/01\/418523174_339168262272098_1497326155736602800_n-1536x1152.jpg 1536w, https:\/\/pakosc-kalwaria.franciszkanie.net\/wp-content\/uploads\/2024\/01\/418523174_339168262272098_1497326155736602800_n-418x315.jpg 418w\" sizes=\"(max-width: 2000px) 100vw, 2000px\" \/> <img loading=\"lazy\" class=\"alignleft size-full wp-image-31896\" src=\"http:\/\/pakosc-kalwaria.franciszkanie.net\/wp-content\/uploads\/2024\/01\/418505884_339168235605434_3899589198472302811_n.jpg\" alt=\"\" width=\"2000\" height=\"1500\" srcset=\"https:\/\/pakosc-kalwaria.franciszkanie.net\/wp-content\/uploads\/2024\/01\/418505884_339168235605434_3899589198472302811_n.jpg 2000w, https:\/\/pakosc-kalwaria.franciszkanie.net\/wp-content\/uploads\/2024\/01\/418505884_339168235605434_3899589198472302811_n-300x225.jpg 300w, https:\/\/pakosc-kalwaria.franciszkanie.net\/wp-content\/uploads\/2024\/01\/418505884_339168235605434_3899589198472302811_n-1024x768.jpg 1024w, https:\/\/pakosc-kalwaria.franciszkanie.net\/wp-content\/uploads\/2024\/01\/418505884_339168235605434_3899589198472302811_n-768x576.jpg 768w, https:\/\/pakosc-kalwaria.franciszkanie.net\/wp-content\/uploads\/2024\/01\/418505884_339168235605434_3899589198472302811_n-1536x1152.jpg 1536w, https:\/\/pakosc-kalwaria.franciszkanie.net\/wp-content\/uploads\/2024\/01\/418505884_339168235605434_3899589198472302811_n-418x315.jpg 418w\" sizes=\"(max-width: 2000px) 100vw, 2000px\" \/> <img loading=\"lazy\" class=\"alignleft size-full wp-image-31897\" src=\"http:\/\/pakosc-kalwaria.franciszkanie.net\/wp-content\/uploads\/2024\/01\/418524329_339168182272106_1021753584507404421_n.jpg\" alt=\"\" width=\"2000\" height=\"1500\" srcset=\"https:\/\/pakosc-kalwaria.franciszkanie.net\/wp-content\/uploads\/2024\/01\/418524329_339168182272106_1021753584507404421_n.jpg 2000w, https:\/\/pakosc-kalwaria.franciszkanie.net\/wp-content\/uploads\/2024\/01\/418524329_339168182272106_1021753584507404421_n-300x225.jpg 300w, https:\/\/pakosc-kalwaria.franciszkanie.net\/wp-content\/uploads\/2024\/01\/418524329_339168182272106_1021753584507404421_n-1024x768.jpg 1024w, https:\/\/pakosc-kalwaria.franciszkanie.net\/wp-content\/uploads\/2024\/01\/418524329_339168182272106_1021753584507404421_n-768x576.jpg 768w, https:\/\/pakosc-kalwaria.franciszkanie.net\/wp-content\/uploads\/2024\/01\/418524329_339168182272106_1021753584507404421_n-1536x1152.jpg 1536w, https:\/\/pakosc-kalwaria.franciszkanie.net\/wp-content\/uploads\/2024\/01\/418524329_339168182272106_1021753584507404421_n-418x315.jpg 418w\" sizes=\"(max-width: 2000px) 100vw, 2000px\" \/> <img loading=\"lazy\" class=\"alignleft size-full wp-image-31898\" src=\"http:\/\/pakosc-kalwaria.franciszkanie.net\/wp-content\/uploads\/2024\/01\/418519713_339168085605449_2772870791862998705_n.jpg\" alt=\"\" width=\"1536\" height=\"2040\" srcset=\"https:\/\/pakosc-kalwaria.franciszkanie.net\/wp-content\/uploads\/2024\/01\/418519713_339168085605449_2772870791862998705_n.jpg 1536w, https:\/\/pakosc-kalwaria.franciszkanie.net\/wp-content\/uploads\/2024\/01\/418519713_339168085605449_2772870791862998705_n-226x300.jpg 226w, https:\/\/pakosc-kalwaria.franciszkanie.net\/wp-content\/uploads\/2024\/01\/418519713_339168085605449_2772870791862998705_n-771x1024.jpg 771w, https:\/\/pakosc-kalwaria.franciszkanie.net\/wp-content\/uploads\/2024\/01\/418519713_339168085605449_2772870791862998705_n-768x1020.jpg 768w, https:\/\/pakosc-kalwaria.franciszkanie.net\/wp-content\/uploads\/2024\/01\/418519713_339168085605449_2772870791862998705_n-1157x1536.jpg 1157w\" sizes=\"(max-width: 1536px) 100vw, 1536px\" \/><\/div>\n","protected":false},"excerpt":{"rendered":"<p>11 stycznia w Cafe Francesco odby\u0142y si\u0119 zaj\u0119cia Dzieci\u0119cej Akademii Muzycznej &#8222;PRESTO&#8221;. Prowadz\u0105ca zaj\u0119cia Pani Nell Polgert-Martwijczuk przenios\u0142a dzieci w niezwyk\u0142y \u015bwiat muzyki. Poprzez zabaw\u0119 dzieci poznawa\u0142y instrumenty i inne ciekawe zagadnienia zwi\u0105zane z muzyk\u0105. Kolejne spotkanie w najbli\u017cszy czwartek 18 stycznia o godz. 17.00. Zapraszamy dzieci w wieku od 6-12 lat. Udzia\u0142 w zaj\u0119ciach &hellip;<\/p>\n","protected":false},"author":2,"featured_media":31890,"comment_status":"closed","ping_status":"closed","sticky":false,"template":"","format":"standard","meta":{"_mi_skip_tracking":false,"_exactmetrics_sitenote_active":false,"_exactmetrics_sitenote_note":"","_exactmetrics_sitenote_category":0},"categories":[1],"tags":[],"yoast_head":"<!-- This site is optimized with the Yoast SEO plugin v18.1 - https:\/\/yoast.com\/wordpress\/plugins\/seo\/ -->\n<title>Dzieci\u0119ca Akademia Muzyczna &quot;Presto&quot; zacz\u0119\u0142a dzia\u0142alno\u015b\u0107 - Pako\u015b\u0107 \u2013 Kalwaria<\/title>\n<meta name=\"robots\" content=\"index, follow, max-snippet:-1, max-image-preview:large, max-video-preview:-1\" \/>\n<link rel=\"canonical\" href=\"https:\/\/pakosc-kalwaria.franciszkanie.net\/index.php\/2024\/01\/12\/dziecieca-akademia-muzyczna-presto-zaczela\/\" \/>\n<meta property=\"og:locale\" content=\"pl_PL\" \/>\n<meta property=\"og:type\" content=\"article\" \/>\n<meta property=\"og:title\" content=\"Dzieci\u0119ca Akademia Muzyczna &quot;Presto&quot; zacz\u0119\u0142a dzia\u0142alno\u015b\u0107 - Pako\u015b\u0107 \u2013 Kalwaria\" \/>\n<meta property=\"og:description\" content=\"11 stycznia w Cafe Francesco odby\u0142y si\u0119 zaj\u0119cia Dzieci\u0119cej Akademii Muzycznej &#8222;PRESTO&#8221;. Prowadz\u0105ca zaj\u0119cia Pani Nell Polgert-Martwijczuk przenios\u0142a dzieci w niezwyk\u0142y \u015bwiat muzyki. Poprzez zabaw\u0119 dzieci poznawa\u0142y instrumenty i inne ciekawe zagadnienia zwi\u0105zane z muzyk\u0105. Kolejne spotkanie w najbli\u017cszy czwartek 18 stycznia o godz. 17.00. Zapraszamy dzieci w wieku od 6-12 lat. Udzia\u0142 w zaj\u0119ciach &hellip;\" \/>\n<meta property=\"og:url\" content=\"https:\/\/pakosc-kalwaria.franciszkanie.net\/index.php\/2024\/01\/12\/dziecieca-akademia-muzyczna-presto-zaczela\/\" \/>\n<meta property=\"og:site_name\" content=\"Pako\u015b\u0107 \u2013 Kalwaria\" \/>\n<meta property=\"article:author\" content=\"https:\/\/www.facebook.com\/KalwariaPakosc\/\" \/>\n<meta property=\"article:published_time\" content=\"2024-01-12T14:13:16+00:00\" \/>\n<meta property=\"article:modified_time\" content=\"2024-01-12T14:14:10+00:00\" \/>\n<meta property=\"og:image\" content=\"http:\/\/pakosc-kalwaria.franciszkanie.net\/wp-content\/uploads\/2024\/01\/419097120_339168392272085_346706573531924500_n.jpg\" \/>\n\t<meta property=\"og:image:width\" content=\"2000\" \/>\n\t<meta property=\"og:image:height\" content=\"1500\" \/>\n\t<meta property=\"og:image:type\" content=\"image\/jpeg\" \/>\n<meta name=\"twitter:card\" content=\"summary\" \/>\n<meta name=\"twitter:label1\" content=\"Napisane przez\" \/>\n\t<meta name=\"twitter:data1\" content=\"pakosc-kalwaria\" \/>\n<script type=\"application\/ld+json\" class=\"yoast-schema-graph\">{\"@context\":\"https:\/\/schema.org\",\"@graph\":[{\"@type\":\"WebSite\",\"@id\":\"https:\/\/pakosc-kalwaria.franciszkanie.net\/#website\",\"url\":\"https:\/\/pakosc-kalwaria.franciszkanie.net\/\",\"name\":\"Pako\u015b\u0107 \u2013 Kalwaria\",\"description\":\"Parafia Rzymsko \u2013 Katolicka p.w. Pana Jezusa Ukrzy\u017cowanego i  Matki Bo\u017cej Bolesnej ul. Barci\u0144ska 60, 88\u2013170 Pako\u015b\u0107 \u2013 Kalwaria\",\"potentialAction\":[{\"@type\":\"SearchAction\",\"target\":{\"@type\":\"EntryPoint\",\"urlTemplate\":\"https:\/\/pakosc-kalwaria.franciszkanie.net\/?s={search_term_string}\"},\"query-input\":\"required name=search_term_string\"}],\"inLanguage\":\"pl-PL\"},{\"@type\":\"ImageObject\",\"@id\":\"https:\/\/pakosc-kalwaria.franciszkanie.net\/index.php\/2024\/01\/12\/dziecieca-akademia-muzyczna-presto-zaczela\/#primaryimage\",\"inLanguage\":\"pl-PL\",\"url\":\"https:\/\/pakosc-kalwaria.franciszkanie.net\/wp-content\/uploads\/2024\/01\/419097120_339168392272085_346706573531924500_n.jpg\",\"contentUrl\":\"https:\/\/pakosc-kalwaria.franciszkanie.net\/wp-content\/uploads\/2024\/01\/419097120_339168392272085_346706573531924500_n.jpg\",\"width\":2000,\"height\":1500},{\"@type\":\"WebPage\",\"@id\":\"https:\/\/pakosc-kalwaria.franciszkanie.net\/index.php\/2024\/01\/12\/dziecieca-akademia-muzyczna-presto-zaczela\/#webpage\",\"url\":\"https:\/\/pakosc-kalwaria.franciszkanie.net\/index.php\/2024\/01\/12\/dziecieca-akademia-muzyczna-presto-zaczela\/\",\"name\":\"Dzieci\u0119ca Akademia Muzyczna \\\"Presto\\\" zacz\u0119\u0142a dzia\u0142alno\u015b\u0107 - Pako\u015b\u0107 \u2013 Kalwaria\",\"isPartOf\":{\"@id\":\"https:\/\/pakosc-kalwaria.franciszkanie.net\/#website\"},\"primaryImageOfPage\":{\"@id\":\"https:\/\/pakosc-kalwaria.franciszkanie.net\/index.php\/2024\/01\/12\/dziecieca-akademia-muzyczna-presto-zaczela\/#primaryimage\"},\"datePublished\":\"2024-01-12T14:13:16+00:00\",\"dateModified\":\"2024-01-12T14:14:10+00:00\",\"author\":{\"@id\":\"https:\/\/pakosc-kalwaria.franciszkanie.net\/#\/schema\/person\/af10b943be0760709227d060eadcb2aa\"},\"breadcrumb\":{\"@id\":\"https:\/\/pakosc-kalwaria.franciszkanie.net\/index.php\/2024\/01\/12\/dziecieca-akademia-muzyczna-presto-zaczela\/#breadcrumb\"},\"inLanguage\":\"pl-PL\",\"potentialAction\":[{\"@type\":\"ReadAction\",\"target\":[\"https:\/\/pakosc-kalwaria.franciszkanie.net\/index.php\/2024\/01\/12\/dziecieca-akademia-muzyczna-presto-zaczela\/\"]}]},{\"@type\":\"BreadcrumbList\",\"@id\":\"https:\/\/pakosc-kalwaria.franciszkanie.net\/index.php\/2024\/01\/12\/dziecieca-akademia-muzyczna-presto-zaczela\/#breadcrumb\",\"itemListElement\":[{\"@type\":\"ListItem\",\"position\":1,\"name\":\"Strona g\u0142\u00f3wna\",\"item\":\"https:\/\/pakosc-kalwaria.franciszkanie.net\/\"},{\"@type\":\"ListItem\",\"position\":2,\"name\":\"Dzieci\u0119ca Akademia Muzyczna &#8222;Presto&#8221; zacz\u0119\u0142a dzia\u0142alno\u015b\u0107\"}]},{\"@type\":\"Person\",\"@id\":\"https:\/\/pakosc-kalwaria.franciszkanie.net\/#\/schema\/person\/af10b943be0760709227d060eadcb2aa\",\"name\":\"pakosc-kalwaria\",\"image\":{\"@type\":\"ImageObject\",\"@id\":\"https:\/\/pakosc-kalwaria.franciszkanie.net\/#personlogo\",\"inLanguage\":\"pl-PL\",\"url\":\"https:\/\/secure.gravatar.com\/avatar\/e7049d338b55eac6a0027ff3218b8d02?s=96&d=mm&r=g\",\"contentUrl\":\"https:\/\/secure.gravatar.com\/avatar\/e7049d338b55eac6a0027ff3218b8d02?s=96&d=mm&r=g\",\"caption\":\"pakosc-kalwaria\"},\"sameAs\":[\"https:\/\/www.facebook.com\/KalwariaPakosc\/\"],\"url\":\"https:\/\/pakosc-kalwaria.franciszkanie.net\/index.php\/author\/pakosc-kalwaria\/\"}]}<\/script>\n<!-- \/ Yoast SEO plugin. -->","yoast_head_json":{"title":"Dzieci\u0119ca Akademia Muzyczna \"Presto\" zacz\u0119\u0142a dzia\u0142alno\u015b\u0107 - Pako\u015b\u0107 \u2013 Kalwaria","robots":{"index":"index","follow":"follow","max-snippet":"max-snippet:-1","max-image-preview":"max-image-preview:large","max-video-preview":"max-video-preview:-1"},"canonical":"https:\/\/pakosc-kalwaria.franciszkanie.net\/index.php\/2024\/01\/12\/dziecieca-akademia-muzyczna-presto-zaczela\/","og_locale":"pl_PL","og_type":"article","og_title":"Dzieci\u0119ca Akademia Muzyczna \"Presto\" zacz\u0119\u0142a dzia\u0142alno\u015b\u0107 - Pako\u015b\u0107 \u2013 Kalwaria","og_description":"11 stycznia w Cafe Francesco odby\u0142y si\u0119 zaj\u0119cia Dzieci\u0119cej Akademii Muzycznej &#8222;PRESTO&#8221;. Prowadz\u0105ca zaj\u0119cia Pani Nell Polgert-Martwijczuk przenios\u0142a dzieci w niezwyk\u0142y \u015bwiat muzyki. Poprzez zabaw\u0119 dzieci poznawa\u0142y instrumenty i inne ciekawe zagadnienia zwi\u0105zane z muzyk\u0105. Kolejne spotkanie w najbli\u017cszy czwartek 18 stycznia o godz. 17.00. Zapraszamy dzieci w wieku od 6-12 lat. Udzia\u0142 w zaj\u0119ciach &hellip;","og_url":"https:\/\/pakosc-kalwaria.franciszkanie.net\/index.php\/2024\/01\/12\/dziecieca-akademia-muzyczna-presto-zaczela\/","og_site_name":"Pako\u015b\u0107 \u2013 Kalwaria","article_author":"https:\/\/www.facebook.com\/KalwariaPakosc\/","article_published_time":"2024-01-12T14:13:16+00:00","article_modified_time":"2024-01-12T14:14:10+00:00","og_image":[{"width":2000,"height":1500,"url":"http:\/\/pakosc-kalwaria.franciszkanie.net\/wp-content\/uploads\/2024\/01\/419097120_339168392272085_346706573531924500_n.jpg","type":"image\/jpeg"}],"twitter_card":"summary","twitter_misc":{"Napisane przez":"pakosc-kalwaria"},"schema":{"@context":"https:\/\/schema.org","@graph":[{"@type":"WebSite","@id":"https:\/\/pakosc-kalwaria.franciszkanie.net\/#website","url":"https:\/\/pakosc-kalwaria.franciszkanie.net\/","name":"Pako\u015b\u0107 \u2013 Kalwaria","description":"Parafia Rzymsko \u2013 Katolicka p.w. Pana Jezusa Ukrzy\u017cowanego i  Matki Bo\u017cej Bolesnej ul. Barci\u0144ska 60, 88\u2013170 Pako\u015b\u0107 \u2013 Kalwaria","potentialAction":[{"@type":"SearchAction","target":{"@type":"EntryPoint","urlTemplate":"https:\/\/pakosc-kalwaria.franciszkanie.net\/?s={search_term_string}"},"query-input":"required name=search_term_string"}],"inLanguage":"pl-PL"},{"@type":"ImageObject","@id":"https:\/\/pakosc-kalwaria.franciszkanie.net\/index.php\/2024\/01\/12\/dziecieca-akademia-muzyczna-presto-zaczela\/#primaryimage","inLanguage":"pl-PL","url":"https:\/\/pakosc-kalwaria.franciszkanie.net\/wp-content\/uploads\/2024\/01\/419097120_339168392272085_346706573531924500_n.jpg","contentUrl":"https:\/\/pakosc-kalwaria.franciszkanie.net\/wp-content\/uploads\/2024\/01\/419097120_339168392272085_346706573531924500_n.jpg","width":2000,"height":1500},{"@type":"WebPage","@id":"https:\/\/pakosc-kalwaria.franciszkanie.net\/index.php\/2024\/01\/12\/dziecieca-akademia-muzyczna-presto-zaczela\/#webpage","url":"https:\/\/pakosc-kalwaria.franciszkanie.net\/index.php\/2024\/01\/12\/dziecieca-akademia-muzyczna-presto-zaczela\/","name":"Dzieci\u0119ca Akademia Muzyczna \"Presto\" zacz\u0119\u0142a dzia\u0142alno\u015b\u0107 - Pako\u015b\u0107 \u2013 Kalwaria","isPartOf":{"@id":"https:\/\/pakosc-kalwaria.franciszkanie.net\/#website"},"primaryImageOfPage":{"@id":"https:\/\/pakosc-kalwaria.franciszkanie.net\/index.php\/2024\/01\/12\/dziecieca-akademia-muzyczna-presto-zaczela\/#primaryimage"},"datePublished":"2024-01-12T14:13:16+00:00","dateModified":"2024-01-12T14:14:10+00:00","author":{"@id":"https:\/\/pakosc-kalwaria.franciszkanie.net\/#\/schema\/person\/af10b943be0760709227d060eadcb2aa"},"breadcrumb":{"@id":"https:\/\/pakosc-kalwaria.franciszkanie.net\/index.php\/2024\/01\/12\/dziecieca-akademia-muzyczna-presto-zaczela\/#breadcrumb"},"inLanguage":"pl-PL","potentialAction":[{"@type":"ReadAction","target":["https:\/\/pakosc-kalwaria.franciszkanie.net\/index.php\/2024\/01\/12\/dziecieca-akademia-muzyczna-presto-zaczela\/"]}]},{"@type":"BreadcrumbList","@id":"https:\/\/pakosc-kalwaria.franciszkanie.net\/index.php\/2024\/01\/12\/dziecieca-akademia-muzyczna-presto-zaczela\/#breadcrumb","itemListElement":[{"@type":"ListItem","position":1,"name":"Strona g\u0142\u00f3wna","item":"https:\/\/pakosc-kalwaria.franciszkanie.net\/"},{"@type":"ListItem","position":2,"name":"Dzieci\u0119ca Akademia Muzyczna &#8222;Presto&#8221; zacz\u0119\u0142a dzia\u0142alno\u015b\u0107"}]},{"@type":"Person","@id":"https:\/\/pakosc-kalwaria.franciszkanie.net\/#\/schema\/person\/af10b943be0760709227d060eadcb2aa","name":"pakosc-kalwaria","image":{"@type":"ImageObject","@id":"https:\/\/pakosc-kalwaria.franciszkanie.net\/#personlogo","inLanguage":"pl-PL","url":"https:\/\/secure.gravatar.com\/avatar\/e7049d338b55eac6a0027ff3218b8d02?s=96&d=mm&r=g","contentUrl":"https:\/\/secure.gravatar.com\/avatar\/e7049d338b55eac6a0027ff3218b8d02?s=96&d=mm&r=g","caption":"pakosc-kalwaria"},"sameAs":["https:\/\/www.facebook.com\/KalwariaPakosc\/"],"url":"https:\/\/pakosc-kalwaria.franciszkanie.net\/index.php\/author\/pakosc-kalwaria\/"}]}},"_links":{"self":[{"href":"https:\/\/pakosc-kalwaria.franciszkanie.net\/index.php\/wp-json\/wp\/v2\/posts\/31886"}],"collection":[{"href":"https:\/\/pakosc-kalwaria.franciszkanie.net\/index.php\/wp-json\/wp\/v2\/posts"}],"about":[{"href":"https:\/\/pakosc-kalwaria.franciszkanie.net\/index.php\/wp-json\/wp\/v2\/types\/post"}],"author":[{"embeddable":true,"href":"https:\/\/pakosc-kalwaria.franciszkanie.net\/index.php\/wp-json\/wp\/v2\/users\/2"}],"replies":[{"embeddable":true,"href":"https:\/\/pakosc-kalwaria.franciszkanie.net\/index.php\/wp-json\/wp\/v2\/comments?post=31886"}],"version-history":[{"count":2,"href":"https:\/\/pakosc-kalwaria.franciszkanie.net\/index.php\/wp-json\/wp\/v2\/posts\/31886\/revisions"}],"predecessor-version":[{"id":31900,"href":"https:\/\/pakosc-kalwaria.franciszkanie.net\/index.php\/wp-json\/wp\/v2\/posts\/31886\/revisions\/31900"}],"wp:featuredmedia":[{"embeddable":true,"href":"https:\/\/pakosc-kalwaria.franciszkanie.net\/index.php\/wp-json\/wp\/v2\/media\/31890"}],"wp:attachment":[{"href":"https:\/\/pakosc-kalwaria.franciszkanie.net\/index.php\/wp-json\/wp\/v2\/media?parent=31886"}],"wp:term":[{"taxonomy":"category","embeddable":true,"href":"https:\/\/pakosc-kalwaria.franciszkanie.net\/index.php\/wp-json\/wp\/v2\/categories?post=31886"},{"taxonomy":"post_tag","embeddable":true,"href":"https:\/\/pakosc-kalwaria.franciszkanie.net\/index.php\/wp-json\/wp\/v2\/tags?post=31886"}],"curies":[{"name":"wp","href":"https:\/\/api.w.org\/{rel}","templated":true}]}}