{"id":31912,"date":"2024-01-18T14:45:52","date_gmt":"2024-01-18T13:45:52","guid":{"rendered":"https:\/\/pakosc-kalwaria.franciszkanie.net\/?p=31912"},"modified":"2024-01-18T14:45:52","modified_gmt":"2024-01-18T13:45:52","slug":"zaproszenie-na-koncerty","status":"publish","type":"post","link":"https:\/\/pakosc-kalwaria.franciszkanie.net\/index.php\/2024\/01\/18\/zaproszenie-na-koncerty\/","title":{"rendered":"Zaproszenie na koncerty"},"content":{"rendered":"<div class=\"xdj266r x11i5rnm xat24cr x1mh8g0r x1vvkbs x126k92a\">\n<div dir=\"auto\">Ju\u017c nied\u0142ugo czeka nas niesamowity weekend pe\u0142en kol\u0119d i pastora\u0142ek.<\/div>\n<div dir=\"auto\">Serdecznie zapraszamy do wsp\u00f3lnego kol\u0119dowania <span class=\"x3nfvp2 x1j61x8r x1fcty0u xdj266r xhhsvwb xat24cr xgzva0m xxymvpz xlup9mm x1kky2od\"><img loading=\"lazy\" class=\"xz74otr\" src=\"https:\/\/static.xx.fbcdn.net\/images\/emoji.php\/v9\/t55\/1\/16\/1f607.png\" alt=\"\ud83d\ude07\" width=\"16\" height=\"16\" \/><\/span><span class=\"x3nfvp2 x1j61x8r x1fcty0u xdj266r xhhsvwb xat24cr xgzva0m xxymvpz xlup9mm x1kky2od\"><img loading=\"lazy\" class=\"xz74otr\" src=\"https:\/\/static.xx.fbcdn.net\/images\/emoji.php\/v9\/t55\/1\/16\/1f607.png\" alt=\"\ud83d\ude07\" width=\"16\" height=\"16\" \/><\/span><span class=\"x3nfvp2 x1j61x8r x1fcty0u xdj266r xhhsvwb xat24cr xgzva0m xxymvpz xlup9mm x1kky2od\"><img loading=\"lazy\" class=\"xz74otr\" src=\"https:\/\/static.xx.fbcdn.net\/images\/emoji.php\/v9\/t55\/1\/16\/1f607.png\" alt=\"\ud83d\ude07\" width=\"16\" height=\"16\" \/><\/span><\/div>\n<\/div>\n<div class=\"x11i5rnm xat24cr x1mh8g0r x1vvkbs xtlvy1s x126k92a\">\n<div dir=\"auto\">W sobot\u0119 (20.01.) zapraszamy na koncert kol\u0119d i pastora\u0142ek przy kominku w Cafe Francesco w wykonaniu zespo\u0142u PIERWIASTEK Z PI\u0118CIU po Mszy \u015awi\u0119tej o godz. 17.00.<\/div>\n<\/div>\n<div class=\"x11i5rnm xat24cr x1mh8g0r x1vvkbs xtlvy1s x126k92a\">\n<div dir=\"auto\">W niedziel\u0119 (21.01.) spotkajmy si\u0119 po Mszy \u015awi\u0119tej o godz. 11.00 by wys\u0142ucha\u0107 wspania\u0142ych kol\u0119d w wykonaniu Ch\u00f3ru pod batut\u0105 Pani Nell Polgert-Martwijczuk.<\/div>\n<div dir=\"auto\"><img loading=\"lazy\" class=\"alignleft size-full wp-image-31913\" src=\"http:\/\/pakosc-kalwaria.franciszkanie.net\/wp-content\/uploads\/2024\/01\/kwestia-pelna-sporu-scaled.jpg\" alt=\"\" width=\"1810\" height=\"2560\" srcset=\"https:\/\/pakosc-kalwaria.franciszkanie.net\/wp-content\/uploads\/2024\/01\/kwestia-pelna-sporu-scaled.jpg 1810w, https:\/\/pakosc-kalwaria.franciszkanie.net\/wp-content\/uploads\/2024\/01\/kwestia-pelna-sporu-212x300.jpg 212w, https:\/\/pakosc-kalwaria.franciszkanie.net\/wp-content\/uploads\/2024\/01\/kwestia-pelna-sporu-724x1024.jpg 724w, https:\/\/pakosc-kalwaria.franciszkanie.net\/wp-content\/uploads\/2024\/01\/kwestia-pelna-sporu-768x1086.jpg 768w, https:\/\/pakosc-kalwaria.franciszkanie.net\/wp-content\/uploads\/2024\/01\/kwestia-pelna-sporu-1086x1536.jpg 1086w, https:\/\/pakosc-kalwaria.franciszkanie.net\/wp-content\/uploads\/2024\/01\/kwestia-pelna-sporu-1448x2048.jpg 1448w\" sizes=\"(max-width: 1810px) 100vw, 1810px\" \/> <img loading=\"lazy\" class=\"alignleft size-full wp-image-31914\" src=\"http:\/\/pakosc-kalwaria.franciszkanie.net\/wp-content\/uploads\/2024\/01\/nell-polgert-martwijczuk-scaled.jpg\" alt=\"\" width=\"1810\" height=\"2560\" srcset=\"https:\/\/pakosc-kalwaria.franciszkanie.net\/wp-content\/uploads\/2024\/01\/nell-polgert-martwijczuk-scaled.jpg 1810w, https:\/\/pakosc-kalwaria.franciszkanie.net\/wp-content\/uploads\/2024\/01\/nell-polgert-martwijczuk-212x300.jpg 212w, https:\/\/pakosc-kalwaria.franciszkanie.net\/wp-content\/uploads\/2024\/01\/nell-polgert-martwijczuk-724x1024.jpg 724w, https:\/\/pakosc-kalwaria.franciszkanie.net\/wp-content\/uploads\/2024\/01\/nell-polgert-martwijczuk-768x1086.jpg 768w, https:\/\/pakosc-kalwaria.franciszkanie.net\/wp-content\/uploads\/2024\/01\/nell-polgert-martwijczuk-1086x1536.jpg 1086w, https:\/\/pakosc-kalwaria.franciszkanie.net\/wp-content\/uploads\/2024\/01\/nell-polgert-martwijczuk-1448x2048.jpg 1448w\" sizes=\"(max-width: 1810px) 100vw, 1810px\" \/><\/div>\n<\/div>\n","protected":false},"excerpt":{"rendered":"<p>Ju\u017c nied\u0142ugo czeka nas niesamowity weekend pe\u0142en kol\u0119d i pastora\u0142ek. Serdecznie zapraszamy do wsp\u00f3lnego kol\u0119dowania W sobot\u0119 (20.01.) zapraszamy na koncert kol\u0119d i pastora\u0142ek przy kominku w Cafe Francesco w wykonaniu zespo\u0142u PIERWIASTEK Z PI\u0118CIU po Mszy \u015awi\u0119tej o godz. 17.00. W niedziel\u0119 (21.01.) spotkajmy si\u0119 po Mszy \u015awi\u0119tej o godz. 11.00 by wys\u0142ucha\u0107 wspania\u0142ych &hellip;<\/p>\n","protected":false},"author":2,"featured_media":31915,"comment_status":"closed","ping_status":"closed","sticky":false,"template":"","format":"standard","meta":{"_mi_skip_tracking":false,"_exactmetrics_sitenote_active":false,"_exactmetrics_sitenote_note":"","_exactmetrics_sitenote_category":0},"categories":[5],"tags":[],"yoast_head":"<!-- This site is optimized with the Yoast SEO plugin v18.1 - https:\/\/yoast.com\/wordpress\/plugins\/seo\/ -->\n<title>Zaproszenie na koncerty - Pako\u015b\u0107 \u2013 Kalwaria<\/title>\n<meta name=\"robots\" content=\"index, follow, max-snippet:-1, max-image-preview:large, max-video-preview:-1\" \/>\n<link rel=\"canonical\" href=\"https:\/\/pakosc-kalwaria.franciszkanie.net\/index.php\/2024\/01\/18\/zaproszenie-na-koncerty\/\" \/>\n<meta property=\"og:locale\" content=\"pl_PL\" \/>\n<meta property=\"og:type\" content=\"article\" \/>\n<meta property=\"og:title\" content=\"Zaproszenie na koncerty - Pako\u015b\u0107 \u2013 Kalwaria\" \/>\n<meta property=\"og:description\" content=\"Ju\u017c nied\u0142ugo czeka nas niesamowity weekend pe\u0142en kol\u0119d i pastora\u0142ek. Serdecznie zapraszamy do wsp\u00f3lnego kol\u0119dowania W sobot\u0119 (20.01.) zapraszamy na koncert kol\u0119d i pastora\u0142ek przy kominku w Cafe Francesco w wykonaniu zespo\u0142u PIERWIASTEK Z PI\u0118CIU po Mszy \u015awi\u0119tej o godz. 17.00. W niedziel\u0119 (21.01.) spotkajmy si\u0119 po Mszy \u015awi\u0119tej o godz. 11.00 by wys\u0142ucha\u0107 wspania\u0142ych &hellip;\" \/>\n<meta property=\"og:url\" content=\"https:\/\/pakosc-kalwaria.franciszkanie.net\/index.php\/2024\/01\/18\/zaproszenie-na-koncerty\/\" \/>\n<meta property=\"og:site_name\" content=\"Pako\u015b\u0107 \u2013 Kalwaria\" \/>\n<meta property=\"article:author\" content=\"https:\/\/www.facebook.com\/KalwariaPakosc\/\" \/>\n<meta property=\"article:published_time\" content=\"2024-01-18T13:45:52+00:00\" \/>\n<meta property=\"og:image\" content=\"http:\/\/pakosc-kalwaria.franciszkanie.net\/wp-content\/uploads\/2024\/01\/413899484_328468383342086_6973051326699115823_n.jpg\" \/>\n\t<meta property=\"og:image:width\" content=\"2048\" \/>\n\t<meta property=\"og:image:height\" content=\"1365\" \/>\n\t<meta property=\"og:image:type\" content=\"image\/jpeg\" \/>\n<meta name=\"twitter:card\" content=\"summary\" \/>\n<meta name=\"twitter:label1\" content=\"Napisane przez\" \/>\n\t<meta name=\"twitter:data1\" content=\"pakosc-kalwaria\" \/>\n<script type=\"application\/ld+json\" class=\"yoast-schema-graph\">{\"@context\":\"https:\/\/schema.org\",\"@graph\":[{\"@type\":\"WebSite\",\"@id\":\"https:\/\/pakosc-kalwaria.franciszkanie.net\/#website\",\"url\":\"https:\/\/pakosc-kalwaria.franciszkanie.net\/\",\"name\":\"Pako\u015b\u0107 \u2013 Kalwaria\",\"description\":\"Parafia Rzymsko \u2013 Katolicka p.w. Pana Jezusa Ukrzy\u017cowanego i  Matki Bo\u017cej Bolesnej ul. Barci\u0144ska 60, 88\u2013170 Pako\u015b\u0107 \u2013 Kalwaria\",\"potentialAction\":[{\"@type\":\"SearchAction\",\"target\":{\"@type\":\"EntryPoint\",\"urlTemplate\":\"https:\/\/pakosc-kalwaria.franciszkanie.net\/?s={search_term_string}\"},\"query-input\":\"required name=search_term_string\"}],\"inLanguage\":\"pl-PL\"},{\"@type\":\"ImageObject\",\"@id\":\"https:\/\/pakosc-kalwaria.franciszkanie.net\/index.php\/2024\/01\/18\/zaproszenie-na-koncerty\/#primaryimage\",\"inLanguage\":\"pl-PL\",\"url\":\"https:\/\/pakosc-kalwaria.franciszkanie.net\/wp-content\/uploads\/2024\/01\/413899484_328468383342086_6973051326699115823_n.jpg\",\"contentUrl\":\"https:\/\/pakosc-kalwaria.franciszkanie.net\/wp-content\/uploads\/2024\/01\/413899484_328468383342086_6973051326699115823_n.jpg\",\"width\":2048,\"height\":1365},{\"@type\":\"WebPage\",\"@id\":\"https:\/\/pakosc-kalwaria.franciszkanie.net\/index.php\/2024\/01\/18\/zaproszenie-na-koncerty\/#webpage\",\"url\":\"https:\/\/pakosc-kalwaria.franciszkanie.net\/index.php\/2024\/01\/18\/zaproszenie-na-koncerty\/\",\"name\":\"Zaproszenie na koncerty - Pako\u015b\u0107 \u2013 Kalwaria\",\"isPartOf\":{\"@id\":\"https:\/\/pakosc-kalwaria.franciszkanie.net\/#website\"},\"primaryImageOfPage\":{\"@id\":\"https:\/\/pakosc-kalwaria.franciszkanie.net\/index.php\/2024\/01\/18\/zaproszenie-na-koncerty\/#primaryimage\"},\"datePublished\":\"2024-01-18T13:45:52+00:00\",\"dateModified\":\"2024-01-18T13:45:52+00:00\",\"author\":{\"@id\":\"https:\/\/pakosc-kalwaria.franciszkanie.net\/#\/schema\/person\/af10b943be0760709227d060eadcb2aa\"},\"breadcrumb\":{\"@id\":\"https:\/\/pakosc-kalwaria.franciszkanie.net\/index.php\/2024\/01\/18\/zaproszenie-na-koncerty\/#breadcrumb\"},\"inLanguage\":\"pl-PL\",\"potentialAction\":[{\"@type\":\"ReadAction\",\"target\":[\"https:\/\/pakosc-kalwaria.franciszkanie.net\/index.php\/2024\/01\/18\/zaproszenie-na-koncerty\/\"]}]},{\"@type\":\"BreadcrumbList\",\"@id\":\"https:\/\/pakosc-kalwaria.franciszkanie.net\/index.php\/2024\/01\/18\/zaproszenie-na-koncerty\/#breadcrumb\",\"itemListElement\":[{\"@type\":\"ListItem\",\"position\":1,\"name\":\"Strona g\u0142\u00f3wna\",\"item\":\"https:\/\/pakosc-kalwaria.franciszkanie.net\/\"},{\"@type\":\"ListItem\",\"position\":2,\"name\":\"Zaproszenie na koncerty\"}]},{\"@type\":\"Person\",\"@id\":\"https:\/\/pakosc-kalwaria.franciszkanie.net\/#\/schema\/person\/af10b943be0760709227d060eadcb2aa\",\"name\":\"pakosc-kalwaria\",\"image\":{\"@type\":\"ImageObject\",\"@id\":\"https:\/\/pakosc-kalwaria.franciszkanie.net\/#personlogo\",\"inLanguage\":\"pl-PL\",\"url\":\"https:\/\/secure.gravatar.com\/avatar\/e7049d338b55eac6a0027ff3218b8d02?s=96&d=mm&r=g\",\"contentUrl\":\"https:\/\/secure.gravatar.com\/avatar\/e7049d338b55eac6a0027ff3218b8d02?s=96&d=mm&r=g\",\"caption\":\"pakosc-kalwaria\"},\"sameAs\":[\"https:\/\/www.facebook.com\/KalwariaPakosc\/\"],\"url\":\"https:\/\/pakosc-kalwaria.franciszkanie.net\/index.php\/author\/pakosc-kalwaria\/\"}]}<\/script>\n<!-- \/ Yoast SEO plugin. -->","yoast_head_json":{"title":"Zaproszenie na koncerty - Pako\u015b\u0107 \u2013 Kalwaria","robots":{"index":"index","follow":"follow","max-snippet":"max-snippet:-1","max-image-preview":"max-image-preview:large","max-video-preview":"max-video-preview:-1"},"canonical":"https:\/\/pakosc-kalwaria.franciszkanie.net\/index.php\/2024\/01\/18\/zaproszenie-na-koncerty\/","og_locale":"pl_PL","og_type":"article","og_title":"Zaproszenie na koncerty - Pako\u015b\u0107 \u2013 Kalwaria","og_description":"Ju\u017c nied\u0142ugo czeka nas niesamowity weekend pe\u0142en kol\u0119d i pastora\u0142ek. Serdecznie zapraszamy do wsp\u00f3lnego kol\u0119dowania W sobot\u0119 (20.01.) zapraszamy na koncert kol\u0119d i pastora\u0142ek przy kominku w Cafe Francesco w wykonaniu zespo\u0142u PIERWIASTEK Z PI\u0118CIU po Mszy \u015awi\u0119tej o godz. 17.00. W niedziel\u0119 (21.01.) spotkajmy si\u0119 po Mszy \u015awi\u0119tej o godz. 11.00 by wys\u0142ucha\u0107 wspania\u0142ych &hellip;","og_url":"https:\/\/pakosc-kalwaria.franciszkanie.net\/index.php\/2024\/01\/18\/zaproszenie-na-koncerty\/","og_site_name":"Pako\u015b\u0107 \u2013 Kalwaria","article_author":"https:\/\/www.facebook.com\/KalwariaPakosc\/","article_published_time":"2024-01-18T13:45:52+00:00","og_image":[{"width":2048,"height":1365,"url":"http:\/\/pakosc-kalwaria.franciszkanie.net\/wp-content\/uploads\/2024\/01\/413899484_328468383342086_6973051326699115823_n.jpg","type":"image\/jpeg"}],"twitter_card":"summary","twitter_misc":{"Napisane przez":"pakosc-kalwaria"},"schema":{"@context":"https:\/\/schema.org","@graph":[{"@type":"WebSite","@id":"https:\/\/pakosc-kalwaria.franciszkanie.net\/#website","url":"https:\/\/pakosc-kalwaria.franciszkanie.net\/","name":"Pako\u015b\u0107 \u2013 Kalwaria","description":"Parafia Rzymsko \u2013 Katolicka p.w. Pana Jezusa Ukrzy\u017cowanego i  Matki Bo\u017cej Bolesnej ul. Barci\u0144ska 60, 88\u2013170 Pako\u015b\u0107 \u2013 Kalwaria","potentialAction":[{"@type":"SearchAction","target":{"@type":"EntryPoint","urlTemplate":"https:\/\/pakosc-kalwaria.franciszkanie.net\/?s={search_term_string}"},"query-input":"required name=search_term_string"}],"inLanguage":"pl-PL"},{"@type":"ImageObject","@id":"https:\/\/pakosc-kalwaria.franciszkanie.net\/index.php\/2024\/01\/18\/zaproszenie-na-koncerty\/#primaryimage","inLanguage":"pl-PL","url":"https:\/\/pakosc-kalwaria.franciszkanie.net\/wp-content\/uploads\/2024\/01\/413899484_328468383342086_6973051326699115823_n.jpg","contentUrl":"https:\/\/pakosc-kalwaria.franciszkanie.net\/wp-content\/uploads\/2024\/01\/413899484_328468383342086_6973051326699115823_n.jpg","width":2048,"height":1365},{"@type":"WebPage","@id":"https:\/\/pakosc-kalwaria.franciszkanie.net\/index.php\/2024\/01\/18\/zaproszenie-na-koncerty\/#webpage","url":"https:\/\/pakosc-kalwaria.franciszkanie.net\/index.php\/2024\/01\/18\/zaproszenie-na-koncerty\/","name":"Zaproszenie na koncerty - Pako\u015b\u0107 \u2013 Kalwaria","isPartOf":{"@id":"https:\/\/pakosc-kalwaria.franciszkanie.net\/#website"},"primaryImageOfPage":{"@id":"https:\/\/pakosc-kalwaria.franciszkanie.net\/index.php\/2024\/01\/18\/zaproszenie-na-koncerty\/#primaryimage"},"datePublished":"2024-01-18T13:45:52+00:00","dateModified":"2024-01-18T13:45:52+00:00","author":{"@id":"https:\/\/pakosc-kalwaria.franciszkanie.net\/#\/schema\/person\/af10b943be0760709227d060eadcb2aa"},"breadcrumb":{"@id":"https:\/\/pakosc-kalwaria.franciszkanie.net\/index.php\/2024\/01\/18\/zaproszenie-na-koncerty\/#breadcrumb"},"inLanguage":"pl-PL","potentialAction":[{"@type":"ReadAction","target":["https:\/\/pakosc-kalwaria.franciszkanie.net\/index.php\/2024\/01\/18\/zaproszenie-na-koncerty\/"]}]},{"@type":"BreadcrumbList","@id":"https:\/\/pakosc-kalwaria.franciszkanie.net\/index.php\/2024\/01\/18\/zaproszenie-na-koncerty\/#breadcrumb","itemListElement":[{"@type":"ListItem","position":1,"name":"Strona g\u0142\u00f3wna","item":"https:\/\/pakosc-kalwaria.franciszkanie.net\/"},{"@type":"ListItem","position":2,"name":"Zaproszenie na koncerty"}]},{"@type":"Person","@id":"https:\/\/pakosc-kalwaria.franciszkanie.net\/#\/schema\/person\/af10b943be0760709227d060eadcb2aa","name":"pakosc-kalwaria","image":{"@type":"ImageObject","@id":"https:\/\/pakosc-kalwaria.franciszkanie.net\/#personlogo","inLanguage":"pl-PL","url":"https:\/\/secure.gravatar.com\/avatar\/e7049d338b55eac6a0027ff3218b8d02?s=96&d=mm&r=g","contentUrl":"https:\/\/secure.gravatar.com\/avatar\/e7049d338b55eac6a0027ff3218b8d02?s=96&d=mm&r=g","caption":"pakosc-kalwaria"},"sameAs":["https:\/\/www.facebook.com\/KalwariaPakosc\/"],"url":"https:\/\/pakosc-kalwaria.franciszkanie.net\/index.php\/author\/pakosc-kalwaria\/"}]}},"_links":{"self":[{"href":"https:\/\/pakosc-kalwaria.franciszkanie.net\/index.php\/wp-json\/wp\/v2\/posts\/31912"}],"collection":[{"href":"https:\/\/pakosc-kalwaria.franciszkanie.net\/index.php\/wp-json\/wp\/v2\/posts"}],"about":[{"href":"https:\/\/pakosc-kalwaria.franciszkanie.net\/index.php\/wp-json\/wp\/v2\/types\/post"}],"author":[{"embeddable":true,"href":"https:\/\/pakosc-kalwaria.franciszkanie.net\/index.php\/wp-json\/wp\/v2\/users\/2"}],"replies":[{"embeddable":true,"href":"https:\/\/pakosc-kalwaria.franciszkanie.net\/index.php\/wp-json\/wp\/v2\/comments?post=31912"}],"version-history":[{"count":1,"href":"https:\/\/pakosc-kalwaria.franciszkanie.net\/index.php\/wp-json\/wp\/v2\/posts\/31912\/revisions"}],"predecessor-version":[{"id":31916,"href":"https:\/\/pakosc-kalwaria.franciszkanie.net\/index.php\/wp-json\/wp\/v2\/posts\/31912\/revisions\/31916"}],"wp:featuredmedia":[{"embeddable":true,"href":"https:\/\/pakosc-kalwaria.franciszkanie.net\/index.php\/wp-json\/wp\/v2\/media\/31915"}],"wp:attachment":[{"href":"https:\/\/pakosc-kalwaria.franciszkanie.net\/index.php\/wp-json\/wp\/v2\/media?parent=31912"}],"wp:term":[{"taxonomy":"category","embeddable":true,"href":"https:\/\/pakosc-kalwaria.franciszkanie.net\/index.php\/wp-json\/wp\/v2\/categories?post=31912"},{"taxonomy":"post_tag","embeddable":true,"href":"https:\/\/pakosc-kalwaria.franciszkanie.net\/index.php\/wp-json\/wp\/v2\/tags?post=31912"}],"curies":[{"name":"wp","href":"https:\/\/api.w.org\/{rel}","templated":true}]}}